{"id":11980,"date":"2016-10-01T11:29:12","date_gmt":"2016-10-01T09:29:12","guid":{"rendered":"https:\/\/www.m-q.ch\/?p=11980"},"modified":"2021-02-15T11:46:16","modified_gmt":"2021-02-15T10:46:16","slug":"15-ans-dexcellence-commerciale-mas","status":"publish","type":"post","link":"https:\/\/www.m-q.ch\/fr\/15-jahre-mas-business-excellence\/","title":{"rendered":"15 ans de MAS Business Excellence"},"content":{"rendered":"<p><img loading=\"lazy\" decoding=\"async\" class=\"alignnone size-full wp-image-11982\" src=\"https:\/\/www.m-q.ch\/wp-content\/uploads\/2021\/02\/15-Jahre-MAS-Business-Excellence.jpg\" alt=\"15 ans de MAS Business Excellence\" width=\"857\" height=\"558\" srcset=\"https:\/\/www.m-q.ch\/wp-content\/uploads\/2021\/02\/15-Jahre-MAS-Business-Excellence.jpg 857w, https:\/\/www.m-q.ch\/wp-content\/uploads\/2021\/02\/15-Jahre-MAS-Business-Excellence-768x500.jpg 768w, https:\/\/www.m-q.ch\/wp-content\/uploads\/2021\/02\/15-Jahre-MAS-Business-Excellence-16x10.jpg 16w, https:\/\/www.m-q.ch\/wp-content\/uploads\/2021\/02\/15-Jahre-MAS-Business-Excellence-269x175.jpg 269w, https:\/\/www.m-q.ch\/wp-content\/uploads\/2021\/02\/15-Jahre-MAS-Business-Excellence-538x350.jpg 538w, https:\/\/www.m-q.ch\/wp-content\/uploads\/2021\/02\/15-Jahre-MAS-Business-Excellence-300x195.jpg 300w\" sizes=\"auto, (max-width: 857px) 100vw, 857px\" \/><\/p>\n<p>&nbsp;<\/p>\n<p>&nbsp;<\/p>\n<p>&nbsp;<\/p>\n<p><em><strong>D<\/strong><\/em>a Lucerne School of Business (HSLU) est une pionni\u00e8re dans la formation continue en mati\u00e8re d'excellence en affaires au niveau universitaire. La HSLU est une haute \u00e9cole sp\u00e9cialis\u00e9e reconnue dans toute la Suisse. Jusqu'\u00e0 pr\u00e9sent, le cours MAS Business Excellence a \u00e9t\u00e9 enseign\u00e9 avec succ\u00e8s en tant que cours ferm\u00e9. Le MAS BEX, le Master en Business Excellence, se compose de trois CAS et d'un module de Master. Le module obligatoire est le CAS EFQM Model Integration &amp; Assessment, qui contient comme \u00e9l\u00e9ment central la formation officielle des \u00e9valuateurs EFQM. Les \u00e9tudiants peuvent \u00e9galement choisir entre deux autres modules, tels que CAS Business Administration ou CAS Operational Excellence. Bien entendu, d'autres combinaisons ou CAS d'autres universit\u00e9s de sciences appliqu\u00e9es peuvent \u00e9galement \u00eatre combin\u00e9es. Le Master of Advanced Studies MAS Business Excellence (en abr\u00e9g\u00e9 MAS BEX) est syst\u00e9matiquement orient\u00e9 vers le mod\u00e8le d'excellence EFQM 2013.<\/p>\n<p><strong>Il y a un an, la formation EFQM a re\u00e7u le statut officiel \"Approuv\u00e9 par l'EFQM\", ce qui est certainement plus qu'une indication de la meilleure performance acad\u00e9mique. Mais quel est l'avantage d'une formation MAS BEX dans le monde dynamique des affaires d'aujourd'hui ?<\/strong><\/p>\n<p>&nbsp;<\/p>\n<p>Management &amp; Quality a demand\u00e9 aux directeurs de cours Hugo Graf et Prof. Dr. Urs Bucher de nous en dire plus sur leurs domaines de formation continue. - Le premier cours MAS Business Excellence a eu lieu il y a quinze ans. Cela a fait de la HSLU un pionnier de la formation continue en mati\u00e8re d'excellence commerciale au niveau universitaire.<\/p>\n<p><strong>M. Graf, vous souvenez-vous de l'\u00e9poque des pionniers ? Hugo Graf :<\/strong><\/p>\n<p>&nbsp;<\/p>\n<p>Je m'en souviens encore tr\u00e8s bien. J'\u00e9tais moi-m\u00eame \u00e9tudiant dans ce cours. 18 \u00e9tudiants curieux, dont deux femmes, se sont r\u00e9unis le 24 ao\u00fbt 2001 pour le bloc d'ouverture sur le B\u00fcrgenstock, au-dessus du lac des Quatre-Cantons. C'\u00e9tait aussi un risque, car avec un cours pilote, on ne sait jamais exactement \u00e0 quoi s'attendre de la part des \u00e9tudiants.<\/p>\n<p>&nbsp;<\/p>\n<p>Avec la pr\u00e9sentation des m\u00e9moires de fin d'\u00e9tudes le 16 janvier 2003, les \u00e9tudes p\u00e9nibles ont pris fin. Apr\u00e8s tout, au cours de ces presque 18 mois, environ 600 le\u00e7ons ont \u00e9t\u00e9 dispens\u00e9es en classe, sans compter les multiples travaux d'autoformation et de pr\u00e9paration aux certificats de r\u00e9ussite.<\/p>\n<p><strong>Avez-vous suivi l'\u00e9volution professionnelle de vos dipl\u00f4m\u00e9s au cours des 15 derni\u00e8res ann\u00e9es ? Que savez-vous \u00e0 ce sujet ? <\/strong><\/p>\n<p>&nbsp;<\/p>\n<p><em><strong>Urs Bucher :<\/strong><\/em> Tous les cinq ans, nous menons une enqu\u00eate aupr\u00e8s de tous les anciens \u00e9l\u00e8ves. Il montre que la majorit\u00e9 des dipl\u00f4m\u00e9s ont fait un pas positif dans leur d\u00e9veloppement professionnel. Il est frappant de constater que des changements au niveau de la direction sont souvent observ\u00e9s vers la fin du cours.<\/p>\n<p>&nbsp;<\/p>\n<p><em><strong>Hugo Graf :<\/strong><\/em> Presque tous les dipl\u00f4m\u00e9s du MAS Business Excellence se trouvent maintenant dans des postes de cadres moyens ou sup\u00e9rieurs.<\/p>\n<p><strong>L'importance de l'approche de l'excellence pour les entreprises a-t-elle chang\u00e9 r\u00e9cemment ?<\/strong><\/p>\n<p>&nbsp;<\/p>\n<p><em><strong>Urs Bucher :<\/strong><\/em> La pression concurrentielle est de plus en plus sensible pour la plupart des entreprises, la lutte pour la survie est devenue plus dure. Il est donc d'autant plus imp\u00e9ratif de d\u00e9finir une orientation strat\u00e9gique claire. Elle doit aller de pair avec une gestion globale de l'entreprise. Et c'est pr\u00e9cis\u00e9ment dans ce domaine que l'approche de l'excellence offre un soutien exceptionnel.<\/p>\n<p><strong>Y a-t-il des changements significatifs dans le concept de formation ? <\/strong><\/p>\n<p>&nbsp;<\/p>\n<p><em><strong>Urs Bucher :<\/strong><\/em> Au cours des enqu\u00eates men\u00e9es aupr\u00e8s des \u00e9tudiants actuels et anciens, le contenu de la formation continue a \u00e9t\u00e9 continuellement affin\u00e9. Fondamentalement, la structure du programme d'\u00e9tudes a \u00e9t\u00e9 rapproch\u00e9e du mod\u00e8le d'excellence de l'EFQM. D'autre part, l'accent a \u00e9t\u00e9 mis sur l'activit\u00e9 des \u00e9valuateurs elle-m\u00eame. Le profil d'exigences pour les \u00e9valuateurs EFQM nous fournit une ligne directrice utile pour le cours. Par exemple, des comp\u00e9tences telles que la compr\u00e9hension des contextes commerciaux sont requises. En outre, il existe des comp\u00e9tences en logique RADAR, en travail d'\u00e9quipe, en communication ou en analyse. - Ce sont toutes des comp\u00e9tences qui sont form\u00e9es et promues dans le cadre du programme MAS Business Excellence.<\/p>\n<p>&nbsp;<\/p>\n<p><em><strong>Hugo Graf :<\/strong><\/em> Apr\u00e8s le dixi\u00e8me cursus, la direction de l'\u00e9tude, en collaboration avec des acteurs cl\u00e9s tels que d'anciens \u00e9tudiants, des repr\u00e9sentants de l'\u00e9conomie ou des professeurs de l'universit\u00e9, a reconsid\u00e9r\u00e9 le concept pr\u00e9c\u00e9dent et r\u00e9organis\u00e9 le cursus dans le cadre d'un projet Redesign 2016.<\/p>\n<p><strong>En bref, quelles sont les innovations les plus importantes ?<\/strong><\/p>\n<p>&nbsp;<\/p>\n<p><em><strong>Hugo Graf :<\/strong><\/em> Les principaux changements sont que le MAS Business Excellence a \u00e9t\u00e9 modularis\u00e9. Le MAS BEX se compose d\u00e9sormais de trois CAS et d'un module de Master, chacun d'une valeur de 15 ECTS. Id\u00e9alement, il s'agit d'un CAS Business Administration, CAS Operational Excellence, CAS EFQM Model Integration &amp; Assessment et, entre parenth\u00e8ses, le module de Master Business Excellence.<\/p>\n<p><strong>Quels sont les avantages des dipl\u00f4m\u00e9s d'aujourd'hui par rapport \u00e0 ceux d'hier ?<\/strong><\/p>\n<p>&nbsp;<\/p>\n<p><em><strong>Hugo Graf :<\/strong><\/em> Le programme d'\u00e9tudes est devenu plus flexible. Les \u00e9tudiants peuvent choisir entre trois CAS diff\u00e9rents ou, par exemple, effectuer un CAS dans une autre universit\u00e9 de sciences appliqu\u00e9es. Un CAS dure g\u00e9n\u00e9ralement 6 mois. Les \u00e9tudiants peuvent ainsi mieux coordonner leur carri\u00e8re et leurs \u00e9tudes. Cependant, une condition pour obtenir le MAS Business Excellence est qu'un maximum de sept ans doit s'\u00e9couler entre le d\u00e9but du premier CAS et l'ach\u00e8vement du module de master.<\/p>\n<p><strong>La composition des participants a-t-elle chang\u00e9 ?<\/strong><\/p>\n<p>&nbsp;<\/p>\n<p><em><strong>Urs Bucher :<\/strong><\/em> La composition des \u00e9tudiants n'a gu\u00e8re chang\u00e9 de mani\u00e8re significative. Comme auparavant, le MAS BEX est principalement fr\u00e9quent\u00e9 par des professionnels ind\u00e9pendants, des entrepreneurs, des responsables de la production, du marketing et des ventes, des ressources humaines, de la recherche et du d\u00e9veloppement ou des sp\u00e9cialistes dans les domaines du d\u00e9veloppement des entreprises, de la gestion des processus, de la gestion de la qualit\u00e9 et des \u00e9valuations.<\/p>\n<p><strong>Y a-t-il des \"points forts\" dans vos \u00e9tudes ? <\/strong><\/p>\n<p>&nbsp;<\/p>\n<p><em><strong>Hugo Graf :<\/strong><\/em> Il s'agit sans aucun doute de l'\u00e9valuateur officiel de l'EFQM qui forme les EAT avec une \u00e9valuation ult\u00e9rieure dans la pratique. Accompagn\u00e9s par un \u00e9valuateur exp\u00e9riment\u00e9, les \u00e9tudiants se rendent dans une entreprise pendant une semaine et l'\u00e9valuent sur la base du mod\u00e8le d'excellence EFQM. Cette exp\u00e9rience est toujours per\u00e7ue par les \u00e9tudiants comme \u00e9tant tr\u00e8s rigoureuse mais tr\u00e8s pr\u00e9cieuse.<\/p>\n<p><strong>En tant qu'universit\u00e9 de sciences appliqu\u00e9es, vous \u00eates \"oblig\u00e9\" d'\u00eatre orient\u00e9 vers la pratique. Comment mettez-vous en \u0153uvre cette exigence dans vos \u00e9tudes ?<\/strong><\/p>\n<p>&nbsp;<\/p>\n<p><em><strong>Hugo Graf :<\/strong><\/em> \u00c0 mon avis, l'exemple d'\u00e9valuation pratique ci-dessus montre de mani\u00e8re impressionnante que notre formation continue est fortement ax\u00e9e sur l'orientation pratique. Il est \u00e9galement vrai que les \u00e9valuations des performances sont effectu\u00e9es sur la base de projets pratiques concrets issus de l'environnement professionnel des participants. Les sujets sont toujours abord\u00e9s sur la base d'exemples concrets d'entreprises.<\/p>\n<p><strong>Les \u00e9tudiants gardent-ils r\u00e9ellement le contact au-del\u00e0 de leurs \u00e9tudes ?<\/strong><\/p>\n<p>&nbsp;<\/p>\n<p><em><strong>Hugo Graf :<\/strong><\/em> De nombreuses amiti\u00e9s durables ont r\u00e9sult\u00e9 des diff\u00e9rents cours. Sur le plan institutionnel, il existe l'association ALUMNI MAS Business Excellence. Cette organisation active propose r\u00e9guli\u00e8rement une vari\u00e9t\u00e9 d'\u00e9v\u00e9nements tr\u00e8s fr\u00e9quent\u00e9s.<\/p>","protected":false},"excerpt":{"rendered":"<p>&nbsp; &nbsp; &nbsp; Die Hochschule Luzern (HSLU) \u2013 Wirtschaft ist eine Pionierin in der Weiterbildung in Business Excellence auf Hochschulniveau. Die HSLU ist eine gesamtschweizerisch anerkannte Fachhochschule. Bislang wurde das Studium MAS Business Excellence als geschlossenes Studium erfolgreich gelehrt. Das MAS BEX, die Masterausbildung in Business Excellence, besteht aus drei CAS und einem Mastermodul. Pflichtmodul [&hellip;]<\/p>\n","protected":false},"author":66,"featured_media":11982,"comment_status":"closed","ping_status":"closed","sticky":false,"template":"","format":"standard","meta":{"_acf_changed":false,"footnotes":""},"categories":[4448],"tags":[4789],"class_list":["post-11980","post","type-post","status-publish","format-standard","has-post-thumbnail","hentry","category-allgemein","tag-10-2016"],"acf":[],"yoast_head":"<!-- This site is optimized with the Yoast SEO plugin v26.2 - https:\/\/yoast.com\/wordpress\/plugins\/seo\/ -->\n<title>15 Jahre MAS Business Excellence - MQ Management und Qualit\u00e4t<\/title>\n<meta name=\"description\" content=\"Vor 15 Jahren hat das Departement Wirtschaft erstmals den Weiterbildungslehrgang MAS Business Excellence durchgef\u00fchrt. Jetzt wurde der Weiterbildungslehrgang neu konzipiert in drei CAS Module und ein Mastermodul. Kernst\u00fcck des MAS BEX ist das Pflichtmodul CAS EFQM Model Integration &amp; Assessment. Hierf\u00fcr verantwortlich zeichnen sich die Studienleiter Hugo Graf sowie Prof. Dr. Urs Bucher. Die Dozenten und Projektleiter im Interview.\" \/>\n<meta name=\"robots\" content=\"index, follow, max-snippet:-1, max-image-preview:large, max-video-preview:-1\" \/>\n<link rel=\"canonical\" href=\"https:\/\/www.m-q.ch\/fr\/15-ans-dexcellence-commerciale-mas\/\" \/>\n<meta property=\"og:locale\" content=\"fr_FR\" \/>\n<meta property=\"og:type\" content=\"article\" \/>\n<meta property=\"og:title\" content=\"15 Jahre MAS Business Excellence - MQ Management und Qualit\u00e4t\" \/>\n<meta property=\"og:description\" content=\"Vor 15 Jahren hat das Departement Wirtschaft erstmals den Weiterbildungslehrgang MAS Business Excellence durchgef\u00fchrt. Jetzt wurde der Weiterbildungslehrgang neu konzipiert in drei CAS Module und ein Mastermodul. Kernst\u00fcck des MAS BEX ist das Pflichtmodul CAS EFQM Model Integration &amp; Assessment. Hierf\u00fcr verantwortlich zeichnen sich die Studienleiter Hugo Graf sowie Prof. Dr. Urs Bucher. Die Dozenten und Projektleiter im Interview.\" \/>\n<meta property=\"og:url\" content=\"https:\/\/www.m-q.ch\/fr\/15-ans-dexcellence-commerciale-mas\/\" \/>\n<meta property=\"og:site_name\" content=\"MQ Management und Qualit\u00e4t\" \/>\n<meta property=\"article:publisher\" content=\"https:\/\/www.facebook.com\/ManagementUndQualitaet\" \/>\n<meta property=\"article:published_time\" content=\"2016-10-01T09:29:12+00:00\" \/>\n<meta property=\"article:modified_time\" content=\"2021-02-15T10:46:16+00:00\" \/>\n<meta property=\"og:image\" content=\"https:\/\/www.m-q.ch\/wp-content\/uploads\/2021\/02\/15-Jahre-MAS-Business-Excellence.jpg\" \/>\n\t<meta property=\"og:image:width\" content=\"857\" \/>\n\t<meta property=\"og:image:height\" content=\"558\" \/>\n\t<meta property=\"og:image:type\" content=\"image\/jpeg\" \/>\n<meta name=\"author\" content=\"upwork_1\" \/>\n<meta name=\"twitter:card\" content=\"summary_large_image\" \/>\n<meta name=\"twitter:label1\" content=\"\u00c9crit par\" \/>\n\t<meta name=\"twitter:data1\" content=\"upwork_1\" \/>\n\t<meta name=\"twitter:label2\" content=\"Dur\u00e9e de lecture estim\u00e9e\" \/>\n\t<meta name=\"twitter:data2\" content=\"5 minutes\" \/>\n<script type=\"application\/ld+json\" class=\"yoast-schema-graph\">{\"@context\":\"https:\/\/schema.org\",\"@graph\":[{\"@type\":\"Article\",\"@id\":\"https:\/\/www.m-q.ch\/15-jahre-mas-business-excellence\/#article\",\"isPartOf\":{\"@id\":\"https:\/\/www.m-q.ch\/15-jahre-mas-business-excellence\/\"},\"author\":{\"name\":\"upwork_1\",\"@id\":\"https:\/\/www.m-q.ch\/fr\/#\/schema\/person\/0bdf39ca27d0b9b779f5b8af54b3f7d7\"},\"headline\":\"15 Jahre MAS Business Excellence\",\"datePublished\":\"2016-10-01T09:29:12+00:00\",\"dateModified\":\"2021-02-15T10:46:16+00:00\",\"mainEntityOfPage\":{\"@id\":\"https:\/\/www.m-q.ch\/15-jahre-mas-business-excellence\/\"},\"wordCount\":989,\"publisher\":{\"@id\":\"https:\/\/www.m-q.ch\/fr\/#organization\"},\"image\":{\"@id\":\"https:\/\/www.m-q.ch\/15-jahre-mas-business-excellence\/#primaryimage\"},\"thumbnailUrl\":\"https:\/\/www.m-q.ch\/wp-content\/uploads\/2021\/02\/15-Jahre-MAS-Business-Excellence.jpg\",\"keywords\":[\"10\/2016\"],\"articleSection\":[\"Allgemein\"],\"inLanguage\":\"fr-FR\"},{\"@type\":\"WebPage\",\"@id\":\"https:\/\/www.m-q.ch\/15-jahre-mas-business-excellence\/\",\"url\":\"https:\/\/www.m-q.ch\/15-jahre-mas-business-excellence\/\",\"name\":\"15 Jahre MAS Business Excellence - MQ Management und Qualit\u00e4t\",\"isPartOf\":{\"@id\":\"https:\/\/www.m-q.ch\/fr\/#website\"},\"primaryImageOfPage\":{\"@id\":\"https:\/\/www.m-q.ch\/15-jahre-mas-business-excellence\/#primaryimage\"},\"image\":{\"@id\":\"https:\/\/www.m-q.ch\/15-jahre-mas-business-excellence\/#primaryimage\"},\"thumbnailUrl\":\"https:\/\/www.m-q.ch\/wp-content\/uploads\/2021\/02\/15-Jahre-MAS-Business-Excellence.jpg\",\"datePublished\":\"2016-10-01T09:29:12+00:00\",\"dateModified\":\"2021-02-15T10:46:16+00:00\",\"description\":\"Vor 15 Jahren hat das Departement Wirtschaft erstmals den Weiterbildungslehrgang MAS Business Excellence durchgef\u00fchrt. Jetzt wurde der Weiterbildungslehrgang neu konzipiert in drei CAS Module und ein Mastermodul. Kernst\u00fcck des MAS BEX ist das Pflichtmodul CAS EFQM Model Integration & Assessment. Hierf\u00fcr verantwortlich zeichnen sich die Studienleiter Hugo Graf sowie Prof. Dr. Urs Bucher. Die Dozenten und Projektleiter im Interview.\",\"breadcrumb\":{\"@id\":\"https:\/\/www.m-q.ch\/15-jahre-mas-business-excellence\/#breadcrumb\"},\"inLanguage\":\"fr-FR\",\"potentialAction\":[{\"@type\":\"ReadAction\",\"target\":[\"https:\/\/www.m-q.ch\/15-jahre-mas-business-excellence\/\"]}]},{\"@type\":\"ImageObject\",\"inLanguage\":\"fr-FR\",\"@id\":\"https:\/\/www.m-q.ch\/15-jahre-mas-business-excellence\/#primaryimage\",\"url\":\"https:\/\/www.m-q.ch\/wp-content\/uploads\/2021\/02\/15-Jahre-MAS-Business-Excellence.jpg\",\"contentUrl\":\"https:\/\/www.m-q.ch\/wp-content\/uploads\/2021\/02\/15-Jahre-MAS-Business-Excellence.jpg\",\"width\":857,\"height\":558,\"caption\":\"15 Jahre MAS Business Excellence\"},{\"@type\":\"BreadcrumbList\",\"@id\":\"https:\/\/www.m-q.ch\/15-jahre-mas-business-excellence\/#breadcrumb\",\"itemListElement\":[{\"@type\":\"ListItem\",\"position\":1,\"name\":\"Allgemein\",\"item\":\"https:\/\/www.m-q.ch\/kategorie\/allgemein\/\"},{\"@type\":\"ListItem\",\"position\":2,\"name\":\"15 Jahre MAS Business Excellence\"}]},{\"@type\":\"WebSite\",\"@id\":\"https:\/\/www.m-q.ch\/fr\/#website\",\"url\":\"https:\/\/www.m-q.ch\/fr\/\",\"name\":\"MQ Management und Qualit\u00e4t\",\"description\":\"Plattform f\u00fcr integrierte Managementsysteme.\",\"publisher\":{\"@id\":\"https:\/\/www.m-q.ch\/fr\/#organization\"},\"potentialAction\":[{\"@type\":\"SearchAction\",\"target\":{\"@type\":\"EntryPoint\",\"urlTemplate\":\"https:\/\/www.m-q.ch\/fr\/?s={search_term_string}\"},\"query-input\":{\"@type\":\"PropertyValueSpecification\",\"valueRequired\":true,\"valueName\":\"search_term_string\"}}],\"inLanguage\":\"fr-FR\"},{\"@type\":\"Organization\",\"@id\":\"https:\/\/www.m-q.ch\/fr\/#organization\",\"name\":\"Galledia Fachmedien AG\",\"url\":\"https:\/\/www.m-q.ch\/fr\/\",\"logo\":{\"@type\":\"ImageObject\",\"inLanguage\":\"fr-FR\",\"@id\":\"https:\/\/www.m-q.ch\/fr\/#\/schema\/logo\/image\/\",\"url\":\"https:\/\/www.m-q.ch\/wp-content\/uploads\/2020\/12\/cropped-logo_small.png\",\"contentUrl\":\"https:\/\/www.m-q.ch\/wp-content\/uploads\/2020\/12\/cropped-logo_small.png\",\"width\":512,\"height\":512,\"caption\":\"Galledia Fachmedien AG\"},\"image\":{\"@id\":\"https:\/\/www.m-q.ch\/fr\/#\/schema\/logo\/image\/\"},\"sameAs\":[\"https:\/\/www.facebook.com\/ManagementUndQualitaet\",\"https:\/\/www.linkedin.com\/showcase\/17982321\/admin\/\"]},{\"@type\":\"Person\",\"@id\":\"https:\/\/www.m-q.ch\/fr\/#\/schema\/person\/0bdf39ca27d0b9b779f5b8af54b3f7d7\",\"name\":\"upwork_1\",\"image\":{\"@type\":\"ImageObject\",\"inLanguage\":\"fr-FR\",\"@id\":\"https:\/\/www.m-q.ch\/fr\/#\/schema\/person\/image\/\",\"url\":\"https:\/\/secure.gravatar.com\/avatar\/04d4d0fdc5886d535809f17d0eace7f6?s=96&d=mm&r=g\",\"contentUrl\":\"https:\/\/secure.gravatar.com\/avatar\/04d4d0fdc5886d535809f17d0eace7f6?s=96&d=mm&r=g\",\"caption\":\"upwork_1\"},\"url\":\"https:\/\/www.m-q.ch\/fr\/author\/upwork_1\/\"}]}<\/script>\n<!-- \/ Yoast SEO plugin. -->","yoast_head_json":{"title":"15 ans de MAS Business Excellence - MQ Management and Quality","description":"Il y a quinze ans, le d\u00e9partement des affaires et de l'\u00e9conomie a propos\u00e9 pour la premi\u00e8re fois le cours de formation continue MAS Business Excellence. Le cours de formation continue a maintenant \u00e9t\u00e9 remani\u00e9 en trois modules CAS et un module de ma\u00eetrise. Le noyau du MAS BEX est le module obligatoire d'int\u00e9gration et d'\u00e9valuation du mod\u00e8le CAS EFQM. Les directeurs de cours Hugo Graf et Prof. Dr. Urs Bucher en sont responsables. Un entretien avec les conf\u00e9renciers et les chefs de projet.","robots":{"index":"index","follow":"follow","max-snippet":"max-snippet:-1","max-image-preview":"max-image-preview:large","max-video-preview":"max-video-preview:-1"},"canonical":"https:\/\/www.m-q.ch\/fr\/15-ans-dexcellence-commerciale-mas\/","og_locale":"fr_FR","og_type":"article","og_title":"15 Jahre MAS Business Excellence - MQ Management und Qualit\u00e4t","og_description":"Vor 15 Jahren hat das Departement Wirtschaft erstmals den Weiterbildungslehrgang MAS Business Excellence durchgef\u00fchrt. Jetzt wurde der Weiterbildungslehrgang neu konzipiert in drei CAS Module und ein Mastermodul. Kernst\u00fcck des MAS BEX ist das Pflichtmodul CAS EFQM Model Integration & Assessment. Hierf\u00fcr verantwortlich zeichnen sich die Studienleiter Hugo Graf sowie Prof. Dr. Urs Bucher. Die Dozenten und Projektleiter im Interview.","og_url":"https:\/\/www.m-q.ch\/fr\/15-ans-dexcellence-commerciale-mas\/","og_site_name":"MQ Management und Qualit\u00e4t","article_publisher":"https:\/\/www.facebook.com\/ManagementUndQualitaet","article_published_time":"2016-10-01T09:29:12+00:00","article_modified_time":"2021-02-15T10:46:16+00:00","og_image":[{"width":857,"height":558,"url":"https:\/\/www.m-q.ch\/wp-content\/uploads\/2021\/02\/15-Jahre-MAS-Business-Excellence.jpg","type":"image\/jpeg"}],"author":"upwork_1","twitter_card":"summary_large_image","twitter_misc":{"\u00c9crit par":"upwork_1","Dur\u00e9e de lecture estim\u00e9e":"5 minutes"},"schema":{"@context":"https:\/\/schema.org","@graph":[{"@type":"Article","@id":"https:\/\/www.m-q.ch\/15-jahre-mas-business-excellence\/#article","isPartOf":{"@id":"https:\/\/www.m-q.ch\/15-jahre-mas-business-excellence\/"},"author":{"name":"upwork_1","@id":"https:\/\/www.m-q.ch\/fr\/#\/schema\/person\/0bdf39ca27d0b9b779f5b8af54b3f7d7"},"headline":"15 Jahre MAS Business Excellence","datePublished":"2016-10-01T09:29:12+00:00","dateModified":"2021-02-15T10:46:16+00:00","mainEntityOfPage":{"@id":"https:\/\/www.m-q.ch\/15-jahre-mas-business-excellence\/"},"wordCount":989,"publisher":{"@id":"https:\/\/www.m-q.ch\/fr\/#organization"},"image":{"@id":"https:\/\/www.m-q.ch\/15-jahre-mas-business-excellence\/#primaryimage"},"thumbnailUrl":"https:\/\/www.m-q.ch\/wp-content\/uploads\/2021\/02\/15-Jahre-MAS-Business-Excellence.jpg","keywords":["10\/2016"],"articleSection":["Allgemein"],"inLanguage":"fr-FR"},{"@type":"WebPage","@id":"https:\/\/www.m-q.ch\/15-jahre-mas-business-excellence\/","url":"https:\/\/www.m-q.ch\/15-jahre-mas-business-excellence\/","name":"15 ans de MAS Business Excellence - MQ Management and Quality","isPartOf":{"@id":"https:\/\/www.m-q.ch\/fr\/#website"},"primaryImageOfPage":{"@id":"https:\/\/www.m-q.ch\/15-jahre-mas-business-excellence\/#primaryimage"},"image":{"@id":"https:\/\/www.m-q.ch\/15-jahre-mas-business-excellence\/#primaryimage"},"thumbnailUrl":"https:\/\/www.m-q.ch\/wp-content\/uploads\/2021\/02\/15-Jahre-MAS-Business-Excellence.jpg","datePublished":"2016-10-01T09:29:12+00:00","dateModified":"2021-02-15T10:46:16+00:00","description":"Il y a quinze ans, le d\u00e9partement des affaires et de l'\u00e9conomie a propos\u00e9 pour la premi\u00e8re fois le cours de formation continue MAS Business Excellence. Le cours de formation continue a maintenant \u00e9t\u00e9 remani\u00e9 en trois modules CAS et un module de ma\u00eetrise. Le noyau du MAS BEX est le module obligatoire d'int\u00e9gration et d'\u00e9valuation du mod\u00e8le CAS EFQM. Les directeurs de cours Hugo Graf et Prof. Dr. Urs Bucher en sont responsables. Un entretien avec les conf\u00e9renciers et les chefs de projet.","breadcrumb":{"@id":"https:\/\/www.m-q.ch\/15-jahre-mas-business-excellence\/#breadcrumb"},"inLanguage":"fr-FR","potentialAction":[{"@type":"ReadAction","target":["https:\/\/www.m-q.ch\/15-jahre-mas-business-excellence\/"]}]},{"@type":"ImageObject","inLanguage":"fr-FR","@id":"https:\/\/www.m-q.ch\/15-jahre-mas-business-excellence\/#primaryimage","url":"https:\/\/www.m-q.ch\/wp-content\/uploads\/2021\/02\/15-Jahre-MAS-Business-Excellence.jpg","contentUrl":"https:\/\/www.m-q.ch\/wp-content\/uploads\/2021\/02\/15-Jahre-MAS-Business-Excellence.jpg","width":857,"height":558,"caption":"15 Jahre MAS Business Excellence"},{"@type":"BreadcrumbList","@id":"https:\/\/www.m-q.ch\/15-jahre-mas-business-excellence\/#breadcrumb","itemListElement":[{"@type":"ListItem","position":1,"name":"Allgemein","item":"https:\/\/www.m-q.ch\/kategorie\/allgemein\/"},{"@type":"ListItem","position":2,"name":"15 Jahre MAS Business Excellence"}]},{"@type":"WebSite","@id":"https:\/\/www.m-q.ch\/fr\/#website","url":"https:\/\/www.m-q.ch\/fr\/","name":"Gestion et qualit\u00e9 du QM","description":"Plate-forme pour les syst\u00e8mes de gestion int\u00e9gr\u00e9e.","publisher":{"@id":"https:\/\/www.m-q.ch\/fr\/#organization"},"potentialAction":[{"@type":"SearchAction","target":{"@type":"EntryPoint","urlTemplate":"https:\/\/www.m-q.ch\/fr\/?s={search_term_string}"},"query-input":{"@type":"PropertyValueSpecification","valueRequired":true,"valueName":"search_term_string"}}],"inLanguage":"fr-FR"},{"@type":"Organization","@id":"https:\/\/www.m-q.ch\/fr\/#organization","name":"Galledia Trade Media AG","url":"https:\/\/www.m-q.ch\/fr\/","logo":{"@type":"ImageObject","inLanguage":"fr-FR","@id":"https:\/\/www.m-q.ch\/fr\/#\/schema\/logo\/image\/","url":"https:\/\/www.m-q.ch\/wp-content\/uploads\/2020\/12\/cropped-logo_small.png","contentUrl":"https:\/\/www.m-q.ch\/wp-content\/uploads\/2020\/12\/cropped-logo_small.png","width":512,"height":512,"caption":"Galledia Fachmedien AG"},"image":{"@id":"https:\/\/www.m-q.ch\/fr\/#\/schema\/logo\/image\/"},"sameAs":["https:\/\/www.facebook.com\/ManagementUndQualitaet","https:\/\/www.linkedin.com\/showcase\/17982321\/admin\/"]},{"@type":"Person","@id":"https:\/\/www.m-q.ch\/fr\/#\/schema\/person\/0bdf39ca27d0b9b779f5b8af54b3f7d7","name":"upwork_1","image":{"@type":"ImageObject","inLanguage":"fr-FR","@id":"https:\/\/www.m-q.ch\/fr\/#\/schema\/person\/image\/","url":"https:\/\/secure.gravatar.com\/avatar\/04d4d0fdc5886d535809f17d0eace7f6?s=96&d=mm&r=g","contentUrl":"https:\/\/secure.gravatar.com\/avatar\/04d4d0fdc5886d535809f17d0eace7f6?s=96&d=mm&r=g","caption":"upwork_1"},"url":"https:\/\/www.m-q.ch\/fr\/author\/upwork_1\/"}]}},"_links":{"self":[{"href":"https:\/\/www.m-q.ch\/fr\/wp-json\/wp\/v2\/posts\/11980","targetHints":{"allow":["GET"]}}],"collection":[{"href":"https:\/\/www.m-q.ch\/fr\/wp-json\/wp\/v2\/posts"}],"about":[{"href":"https:\/\/www.m-q.ch\/fr\/wp-json\/wp\/v2\/types\/post"}],"author":[{"embeddable":true,"href":"https:\/\/www.m-q.ch\/fr\/wp-json\/wp\/v2\/users\/66"}],"replies":[{"embeddable":true,"href":"https:\/\/www.m-q.ch\/fr\/wp-json\/wp\/v2\/comments?post=11980"}],"version-history":[{"count":1,"href":"https:\/\/www.m-q.ch\/fr\/wp-json\/wp\/v2\/posts\/11980\/revisions"}],"predecessor-version":[{"id":11986,"href":"https:\/\/www.m-q.ch\/fr\/wp-json\/wp\/v2\/posts\/11980\/revisions\/11986"}],"wp:featuredmedia":[{"embeddable":true,"href":"https:\/\/www.m-q.ch\/fr\/wp-json\/wp\/v2\/media\/11982"}],"wp:attachment":[{"href":"https:\/\/www.m-q.ch\/fr\/wp-json\/wp\/v2\/media?parent=11980"}],"wp:term":[{"taxonomy":"category","embeddable":true,"href":"https:\/\/www.m-q.ch\/fr\/wp-json\/wp\/v2\/categories?post=11980"},{"taxonomy":"post_tag","embeddable":true,"href":"https:\/\/www.m-q.ch\/fr\/wp-json\/wp\/v2\/tags?post=11980"}],"curies":[{"name":"wp","href":"https:\/\/api.w.org\/{rel}","templated":true}]}}