{"id":12026,"date":"2016-10-11T12:58:00","date_gmt":"2016-10-11T10:58:00","guid":{"rendered":"https:\/\/www.m-q.ch\/?p=12026"},"modified":"2021-02-15T13:06:23","modified_gmt":"2021-02-15T12:06:23","slug":"et-rien-ne-va-plus","status":"publish","type":"post","link":"https:\/\/www.m-q.ch\/fr\/und-nichts-geht-mehr\/","title":{"rendered":"Et plus rien ne fonctionne !"},"content":{"rendered":"<p><img loading=\"lazy\" decoding=\"async\" class=\"alignnone size-full wp-image-12027\" src=\"https:\/\/www.m-q.ch\/wp-content\/uploads\/2021\/02\/Und-nichts-geht-mehr.jpg\" alt=\"Et plus rien ne fonctionne !\" width=\"861\" height=\"601\" srcset=\"https:\/\/www.m-q.ch\/wp-content\/uploads\/2021\/02\/Und-nichts-geht-mehr.jpg 861w, https:\/\/www.m-q.ch\/wp-content\/uploads\/2021\/02\/Und-nichts-geht-mehr-768x536.jpg 768w, https:\/\/www.m-q.ch\/wp-content\/uploads\/2021\/02\/Und-nichts-geht-mehr-16x12.jpg 16w, https:\/\/www.m-q.ch\/wp-content\/uploads\/2021\/02\/Und-nichts-geht-mehr-251x175.jpg 251w, https:\/\/www.m-q.ch\/wp-content\/uploads\/2021\/02\/Und-nichts-geht-mehr-501x350.jpg 501w, https:\/\/www.m-q.ch\/wp-content\/uploads\/2021\/02\/Und-nichts-geht-mehr-300x209.jpg 300w\" sizes=\"auto, (max-width: 861px) 100vw, 861px\" \/><\/p>\n<p>&nbsp;<\/p>\n<p>&nbsp;<\/p>\n<p>&nbsp;<\/p>\n<p><em><strong>V<\/strong><\/em>l y a quelques ann\u00e9es encore, la soci\u00e9t\u00e9 Zumsteg Druck AG de Frick AG a fait une exp\u00e9rience d\u00e9sagr\u00e9able des dangers de l'Internet. \"Une attaque de hacker a pratiquement paralys\u00e9 nos op\u00e9rations\", explique Stefan Leimgruber, directeur des ventes. L'Internet, et donc le serveur de messagerie ainsi que la boutique en ligne, ont cess\u00e9 de fonctionner pendant deux jours. Les commandes n'ont pas pu \u00eatre trait\u00e9es comme souhait\u00e9. \"Cette attaque nous a caus\u00e9 des dommages ou une r\u00e9duction du chiffre d'affaires de l'ordre d'un pourcentage \u00e0 deux chiffres\", d\u00e9crit Stefan Leimgruber. L'Internet joue un r\u00f4le important pour l'entreprise, qui exploite d\u00e9sormais trois portails en ligne : flyeronline.ch, buchmodul.ch et swiboo.ch. \"En tant que PME de dix salari\u00e9s, une panne d'internet plus courte ou plus longue aurait des cons\u00e9quences fatales pour nous\", d\u00e9clare Stefan Leimgruber.<\/p>\n<p><strong>Deux tiers de la Chine sans r\u00e9seau<\/strong><\/p>\n<p>&nbsp;<\/p>\n<p>Il y a deux ans, des millions de personnes en Chine ont v\u00e9cu un cauchemar \u00e0 l'\u00e8re d'Internet, lorsqu'une panne massive d'Internet les a soudainement priv\u00e9es d'acc\u00e8s aux sites web, aux m\u00e9dias sociaux et \u00e0 d'autres services en ligne. La panne a dur\u00e9 plus de deux heures. Apr\u00e8s cela, la plupart des sites web ont \u00e9t\u00e9 \u00e0 nouveau accessibles. Selon l'agence de presse Xinhua, une attaque de pirates informatiques pourrait \u00eatre \u00e0 l'origine de cette interruption inhabituelle, qui a touch\u00e9 environ deux tiers de l'Internet chinois. Le malware DNS-Charger a \u00e9galement fait grand bruit aux \u00c9tats-Unis en 2012. Une panne d'Internet \u00e9tait redout\u00e9e. Les fournisseurs d'acc\u00e8s Internet ont mis \u00e0 niveau leurs lignes d'assistance t\u00e9l\u00e9phonique. Le cheval de Troie a fait que les ordinateurs infect\u00e9s ont contact\u00e9 les ordinateurs du hacker au lieu des serveurs DNS normaux. Selon les estimations du FBI, plus de 570 000 ordinateurs ont \u00e9t\u00e9 infect\u00e9s par le malware.<\/p>\n<p><strong>Plut\u00f4t improbable, mais ...<\/strong><\/p>\n<p>&nbsp;<\/p>\n<p>Quelle est l'ampleur du danger d'une d\u00e9faillance majeure de l'Internet aujourd'hui ? Pour Bernhard Plattner, professeur \u00e9m\u00e9rite d'ing\u00e9nierie informatique \u00e0 l'ETH Zurich et ancien directeur de l'Institut pour la communication technique et les r\u00e9seaux de communication, un \u00e9chec total de l'Internet est plut\u00f4t improbable. \"La seule d\u00e9faillance de l'infrastructure de Swisscom, par exemple, ne paralyserait pas l'Internet en Suisse. Dans un tel cas, les autres fournisseurs ne seraient pas n\u00e9cessairement affect\u00e9s\". Plus critique serait une d\u00e9faillance des \"points d'\u00e9change Internet\" (IXP), o\u00f9 les diff\u00e9rents fournisseurs d'acc\u00e8s Internet sont reli\u00e9s entre eux pour l'\u00e9change de donn\u00e9es. S'il y avait un d\u00e9faut ici, plusieurs fournisseurs seraient touch\u00e9s - mais pas tout l'Internet, souligne Bernhard Plattner. \"La topographie de l'Internet est constitu\u00e9e de structures cultiv\u00e9es avec des connexions diff\u00e9rentes. Cette redondance au sein du syst\u00e8me ne peut pas \u00eatre simplement d\u00e9sactiv\u00e9e\". La situation de danger a \u00e9t\u00e9 plus probl\u00e9matique en 2002 et 2007 : \"\u00c0 cette \u00e9poque, il y a eu des attaques sur le DNS, ce qui a provoqu\u00e9 une br\u00e8ve d\u00e9faillance de certains serveurs DNS. C'\u00e9tait un signal d'alarme pour les responsables\", se souvient le professeur de l'ETH. \u00c0 l'\u00e9poque, le DNS (Domain Name System) ne disposait que de 13 serveurs dans le monde entier, qui reliaient les innombrables r\u00e9seaux informatiques. Aujourd'hui, 129 serveurs sont utilis\u00e9s dans le monde entier pour diriger les requ\u00eates des utilisateurs vers les bons serveurs web. Selon Bernhard Plattner, une panne d'Internet caus\u00e9e par des attaques sur le DNS est donc plut\u00f4t improbable. Selon Bernhard Plattner, une vague d'attentats en novembre et d\u00e9cembre 2015 a \u00e9t\u00e9 largement inefficace.<\/p>\n<p><strong>Des dangers multiples<\/strong><\/p>\n<p>&nbsp;<\/p>\n<p>L'internet relie les personnes, les machines, la technologie et les entreprises. Cependant, cela comporte des dangers pour tous ceux qui sont connect\u00e9s au r\u00e9seau. \"Les opportunit\u00e9s, mais aussi les menaces qui en r\u00e9sultent, sont le r\u00e9sultat d'innombrables innovations techniques et des applications et services qui en d\u00e9coulent\", d\u00e9clare Stefan Frei, architecte de la s\u00e9curit\u00e9 chez Swisscom et<\/p>\n<p>&nbsp;<\/p>\n<p><em><strong>Les signaux GPS sont particuli\u00e8rement sensibles aux interf\u00e9rences.<\/strong><\/em><\/p>\n<p>&nbsp;<\/p>\n<p>Auteur du dossier \"Cyber s\u00e9curit\u00e9 : la situation actuelle de la menace et son \u00e9volution\". En d'autres termes, les menaces li\u00e9es \u00e0 Internet trouvent leur origine dans le d\u00e9veloppement constant de nouvelles technologies et dans leur application et leur diffusion dans la soci\u00e9t\u00e9. Plus l'internet est mis en r\u00e9seau et int\u00e9gr\u00e9 dans la soci\u00e9t\u00e9, plus de nouveaux modes d'interaction, parfois surprenants, apparaissent pour la situation de menace. Par exemple, de petites interventions bien intentionn\u00e9es dans une partie du syst\u00e8me pourraient avoir des effets graves et impr\u00e9vus dans une partie compl\u00e8tement diff\u00e9rente de l'internet. Stefan Frei s'attend de plus en plus \u00e0 ce que de petites erreurs ou attaques causent des dommages surprenants par le biais de la cascade.<\/p>\n<p><strong>Pas d'\u00e9lectricit\u00e9, pas d'internet<\/strong><\/p>\n<p>&nbsp;<\/p>\n<p>Les coupures d'\u00e9lectricit\u00e9 prolong\u00e9es sont \u00e9galement des raisons possibles pour une panne de communication sur Internet. Ruedi Rytz, chef des unit\u00e9s d'affaires Transports et Technologies de l'information et de la communication (TIC) \u00e0 l'Office f\u00e9d\u00e9ral pour l'approvisionnement \u00e9conomique du pays (FONES), n'exclut pas la possibilit\u00e9 que des services individuels, tels que l'approvisionnement en \u00e9lectricit\u00e9 et en eau, puissent \u00eatre attaqu\u00e9s par des pirates informatiques via Internet. Les signaux GPS, qui sont utilis\u00e9s pour d\u00e9terminer les emplacements, sont apparemment particuli\u00e8rement sensibles aux interf\u00e9rences. En 2007, \u00e0 San Diego (\u00c9tats-Unis), des t\u00e9l\u00e9avertisseurs d'urgence, des t\u00e9l\u00e9phones portables, des syst\u00e8mes de gestion du trafic et des distributeurs automatiques de billets ont \u00e9t\u00e9 utilis\u00e9s pendant deux heures dans toute la ville apr\u00e8s une d\u00e9faillance du signal GPS caus\u00e9e par un \"brouillage\" involontaire. \"Les d\u00e9pendances \u00e0 l'\u00e9gard du GPS pour synchroniser de nombreux processus n'ont fait que cro\u00eetre depuis cet \u00e9v\u00e9nement. D'innombrables services peuvent \u00eatre affect\u00e9s par une d\u00e9faillance\", explique Stefan Frei de Swisscom.<\/p>\n<p><strong>Un grand pr\u00e9judice \u00e9conomique<\/strong><\/p>\n<p>&nbsp;<\/p>\n<p>Quelles sont les cons\u00e9quences d'une panne d'Internet r\u00e9gionale, nationale ou m\u00eame internationale ? La propagation de l'Internet est \u00e0 elle seule r\u00e9v\u00e9latrice des cons\u00e9quences d'un \u00e9chec : aujourd'hui, plus de trois milliards de personnes ont acc\u00e8s \u00e0 l'Internet, ce qui correspond \u00e0 42 % de la population mondiale. La proportion d'utilisation des t\u00e9l\u00e9phones portables augmente r\u00e9guli\u00e8rement. \"Une d\u00e9faillance de l'Internet entra\u00eene in\u00e9vitablement une perte \u00e9conomique majeure\", d\u00e9clare Peter Gr\u00fctter, pr\u00e9sident de l'Association suisse des t\u00e9l\u00e9communications (asut). De nombreuses entreprises d\u00e9pendent de l'Internet et du courrier \u00e9lectronique. Mais des services publics tels que l'approvisionnement en \u00e9lectricit\u00e9 et en eau ou les transports sont \u00e9galement mis en r\u00e9seau via l'internet aujourd'hui et seraient donc affect\u00e9s en cas de d\u00e9faillance. Toutefois, Peter Gr\u00fctter fait la distinction entre les r\u00e9seaux priv\u00e9s et l'Internet public : Les grandes entreprises, les h\u00f4pitaux, les fournisseurs d'\u00e9lectricit\u00e9, etc. disposent souvent de leurs propres infrastructures de r\u00e9seau s\u00e9curis\u00e9es. Le montant des dommages d\u00e9pend de la dur\u00e9e et de l'ampleur d'une panne d'Internet. \"Plus la zone touch\u00e9e est grande, plus les d\u00e9g\u00e2ts sont importants\", d\u00e9clare le pr\u00e9sident de l'asut.<\/p>\n<p><strong>Am\u00e9liorer en permanence la stabilit\u00e9 du r\u00e9seau<\/strong><\/p>\n<p>&nbsp;<\/p>\n<p>L'Office f\u00e9d\u00e9ral pour l'approvisionnement \u00e9conomique du pays s'occupe des dangers li\u00e9s \u00e0 l'Internet depuis 1997, comme l'explique Ruedi Rytz. Cela implique, d'une part, de reconna\u00eetre \u00e0 l'avance les dangers \u00e9ventuels et d'y r\u00e9agir. La Conf\u00e9d\u00e9ration organise \u00e9galement des exercices r\u00e9guliers pour pr\u00e9parer les sc\u00e9narios. Deuxi\u00e8mement, des efforts sont faits pour am\u00e9liorer constamment la stabilit\u00e9 du r\u00e9seau. En cas d'effondrement du r\u00e9seau Swisscom, la<\/p>\n<p>&nbsp;<\/p>\n<p><em><strong>\"Aujourd'hui, plus de trois milliards de personnes ont acc\u00e8s \u00e0 l'Internet\".<\/strong><\/em><\/p>\n<p>&nbsp;<\/p>\n<p>il est important de pouvoir passer \u00e0 d'autres fournisseurs en Suisse afin de maintenir la couverture, d\u00e9clare Peter Gr\u00fctter de l'asut. L'alimentation par c\u00e2ble peut \u00e9galement \u00eatre utilis\u00e9e comme une alternative pour les t\u00e9l\u00e9communications, ajoute-t-il. Chaque entreprise peut se prot\u00e9ger contre les attaques des chevaux de Troie et des pirates informatiques. Selon Bernhard Plattner de l'ETH Zurich, cela comprend \u00e9galement un concept de sauvegarde sp\u00e9cialement adapt\u00e9 aux cyber-attaques. Malheureusement, de nombreuses PME suisses sont insuffisamment prot\u00e9g\u00e9es, selon une enqu\u00eate de l'Universit\u00e9 de Saint-Gall. Selon l'\u00e9tude, bien plus de 90 % des entreprises ont \u00e9t\u00e9 touch\u00e9es par des attaques de pirates informatiques l'ann\u00e9e derni\u00e8re. Ruedi Rytz, de BWL, part du principe que la d\u00e9pendance \u00e0 l'\u00e9gard du monde virtuel continuera de s'accro\u00eetre \u00e0 l'avenir, tout comme la stabilit\u00e9 de l'Internet.<\/p>","protected":false},"excerpt":{"rendered":"<p>&nbsp; &nbsp; &nbsp; Vor wenigen Jahren machte die Firma Zumsteg Druck AG in Frick AG unliebsame Erfahrungen mit den Gefahren des Internets. \u00abEin Hackerangriff hat unseren Betrieb praktisch lahmgelegt\u00bb, erz\u00e4hlt Verkaufsleiter Stefan Leimgruber. Das Internet, und somit der Mailserver wie auch der Onlineshop, funktionierten zwei Tage nicht mehr. Die Bestellungen konnten nicht wie gew\u00fcnscht verarbeitet [&hellip;]<\/p>\n","protected":false},"author":66,"featured_media":12027,"comment_status":"closed","ping_status":"closed","sticky":false,"template":"","format":"standard","meta":{"_acf_changed":false,"footnotes":""},"categories":[4],"tags":[4789],"class_list":["post-12026","post","type-post","status-publish","format-standard","has-post-thumbnail","hentry","category-risikomanagement","tag-10-2016"],"acf":[],"yoast_head":"<!-- This site is optimized with the Yoast SEO plugin v26.2 - https:\/\/yoast.com\/wordpress\/plugins\/seo\/ -->\n<title>Und nichts geht mehr! - MQ Management und Qualit\u00e4t<\/title>\n<meta name=\"description\" content=\"Ohne Internet st\u00fcnde so manches auf der Welt Kopf. Auch in der Schweiz. Ein landesweiter oder gar globaler Ausfall des Internets sei kaum m\u00f6glich, sagen Experten. Doch selbst punktuelle Unterbr\u00fcche k\u00f6nnen schwerwiegende Folgen haben.\" \/>\n<meta name=\"robots\" content=\"index, follow, max-snippet:-1, max-image-preview:large, max-video-preview:-1\" \/>\n<link rel=\"canonical\" href=\"https:\/\/www.m-q.ch\/fr\/et-rien-ne-va-plus\/\" \/>\n<meta property=\"og:locale\" content=\"fr_FR\" \/>\n<meta property=\"og:type\" content=\"article\" \/>\n<meta property=\"og:title\" content=\"Und nichts geht mehr! - MQ Management und Qualit\u00e4t\" \/>\n<meta property=\"og:description\" content=\"Ohne Internet st\u00fcnde so manches auf der Welt Kopf. Auch in der Schweiz. Ein landesweiter oder gar globaler Ausfall des Internets sei kaum m\u00f6glich, sagen Experten. Doch selbst punktuelle Unterbr\u00fcche k\u00f6nnen schwerwiegende Folgen haben.\" \/>\n<meta property=\"og:url\" content=\"https:\/\/www.m-q.ch\/fr\/et-rien-ne-va-plus\/\" \/>\n<meta property=\"og:site_name\" content=\"MQ Management und Qualit\u00e4t\" \/>\n<meta property=\"article:publisher\" content=\"https:\/\/www.facebook.com\/ManagementUndQualitaet\" \/>\n<meta property=\"article:published_time\" content=\"2016-10-11T10:58:00+00:00\" \/>\n<meta property=\"article:modified_time\" content=\"2021-02-15T12:06:23+00:00\" \/>\n<meta property=\"og:image\" content=\"https:\/\/www.m-q.ch\/wp-content\/uploads\/2021\/02\/Und-nichts-geht-mehr.jpg\" \/>\n\t<meta property=\"og:image:width\" content=\"861\" \/>\n\t<meta property=\"og:image:height\" content=\"601\" \/>\n\t<meta property=\"og:image:type\" content=\"image\/jpeg\" \/>\n<meta name=\"author\" content=\"upwork_1\" \/>\n<meta name=\"twitter:card\" content=\"summary_large_image\" \/>\n<meta name=\"twitter:label1\" content=\"\u00c9crit par\" \/>\n\t<meta name=\"twitter:data1\" content=\"upwork_1\" \/>\n\t<meta name=\"twitter:label2\" content=\"Dur\u00e9e de lecture estim\u00e9e\" \/>\n\t<meta name=\"twitter:data2\" content=\"6 minutes\" \/>\n<script type=\"application\/ld+json\" class=\"yoast-schema-graph\">{\"@context\":\"https:\/\/schema.org\",\"@graph\":[{\"@type\":\"Article\",\"@id\":\"https:\/\/www.m-q.ch\/und-nichts-geht-mehr\/#article\",\"isPartOf\":{\"@id\":\"https:\/\/www.m-q.ch\/und-nichts-geht-mehr\/\"},\"author\":{\"name\":\"upwork_1\",\"@id\":\"https:\/\/www.m-q.ch\/fr\/#\/schema\/person\/0bdf39ca27d0b9b779f5b8af54b3f7d7\"},\"headline\":\"Und nichts geht mehr!\",\"datePublished\":\"2016-10-11T10:58:00+00:00\",\"dateModified\":\"2021-02-15T12:06:23+00:00\",\"mainEntityOfPage\":{\"@id\":\"https:\/\/www.m-q.ch\/und-nichts-geht-mehr\/\"},\"wordCount\":1198,\"publisher\":{\"@id\":\"https:\/\/www.m-q.ch\/fr\/#organization\"},\"image\":{\"@id\":\"https:\/\/www.m-q.ch\/und-nichts-geht-mehr\/#primaryimage\"},\"thumbnailUrl\":\"https:\/\/www.m-q.ch\/wp-content\/uploads\/2021\/02\/Und-nichts-geht-mehr.jpg\",\"keywords\":[\"10\/2016\"],\"articleSection\":[\"Risikomanagement\"],\"inLanguage\":\"fr-FR\"},{\"@type\":\"WebPage\",\"@id\":\"https:\/\/www.m-q.ch\/und-nichts-geht-mehr\/\",\"url\":\"https:\/\/www.m-q.ch\/und-nichts-geht-mehr\/\",\"name\":\"Und nichts geht mehr! - MQ Management und Qualit\u00e4t\",\"isPartOf\":{\"@id\":\"https:\/\/www.m-q.ch\/fr\/#website\"},\"primaryImageOfPage\":{\"@id\":\"https:\/\/www.m-q.ch\/und-nichts-geht-mehr\/#primaryimage\"},\"image\":{\"@id\":\"https:\/\/www.m-q.ch\/und-nichts-geht-mehr\/#primaryimage\"},\"thumbnailUrl\":\"https:\/\/www.m-q.ch\/wp-content\/uploads\/2021\/02\/Und-nichts-geht-mehr.jpg\",\"datePublished\":\"2016-10-11T10:58:00+00:00\",\"dateModified\":\"2021-02-15T12:06:23+00:00\",\"description\":\"Ohne Internet st\u00fcnde so manches auf der Welt Kopf. Auch in der Schweiz. Ein landesweiter oder gar globaler Ausfall des Internets sei kaum m\u00f6glich, sagen Experten. Doch selbst punktuelle Unterbr\u00fcche k\u00f6nnen schwerwiegende Folgen haben.\",\"breadcrumb\":{\"@id\":\"https:\/\/www.m-q.ch\/und-nichts-geht-mehr\/#breadcrumb\"},\"inLanguage\":\"fr-FR\",\"potentialAction\":[{\"@type\":\"ReadAction\",\"target\":[\"https:\/\/www.m-q.ch\/und-nichts-geht-mehr\/\"]}]},{\"@type\":\"ImageObject\",\"inLanguage\":\"fr-FR\",\"@id\":\"https:\/\/www.m-q.ch\/und-nichts-geht-mehr\/#primaryimage\",\"url\":\"https:\/\/www.m-q.ch\/wp-content\/uploads\/2021\/02\/Und-nichts-geht-mehr.jpg\",\"contentUrl\":\"https:\/\/www.m-q.ch\/wp-content\/uploads\/2021\/02\/Und-nichts-geht-mehr.jpg\",\"width\":861,\"height\":601,\"caption\":\"Und nichts geht mehr!\"},{\"@type\":\"BreadcrumbList\",\"@id\":\"https:\/\/www.m-q.ch\/und-nichts-geht-mehr\/#breadcrumb\",\"itemListElement\":[{\"@type\":\"ListItem\",\"position\":1,\"name\":\"Risikomanagement\",\"item\":\"https:\/\/www.m-q.ch\/kategorie\/risikomanagement\/\"},{\"@type\":\"ListItem\",\"position\":2,\"name\":\"Und nichts geht mehr!\"}]},{\"@type\":\"WebSite\",\"@id\":\"https:\/\/www.m-q.ch\/fr\/#website\",\"url\":\"https:\/\/www.m-q.ch\/fr\/\",\"name\":\"MQ Management und Qualit\u00e4t\",\"description\":\"Plattform f\u00fcr integrierte Managementsysteme.\",\"publisher\":{\"@id\":\"https:\/\/www.m-q.ch\/fr\/#organization\"},\"potentialAction\":[{\"@type\":\"SearchAction\",\"target\":{\"@type\":\"EntryPoint\",\"urlTemplate\":\"https:\/\/www.m-q.ch\/fr\/?s={search_term_string}\"},\"query-input\":{\"@type\":\"PropertyValueSpecification\",\"valueRequired\":true,\"valueName\":\"search_term_string\"}}],\"inLanguage\":\"fr-FR\"},{\"@type\":\"Organization\",\"@id\":\"https:\/\/www.m-q.ch\/fr\/#organization\",\"name\":\"Galledia Fachmedien AG\",\"url\":\"https:\/\/www.m-q.ch\/fr\/\",\"logo\":{\"@type\":\"ImageObject\",\"inLanguage\":\"fr-FR\",\"@id\":\"https:\/\/www.m-q.ch\/fr\/#\/schema\/logo\/image\/\",\"url\":\"https:\/\/www.m-q.ch\/wp-content\/uploads\/2020\/12\/cropped-logo_small.png\",\"contentUrl\":\"https:\/\/www.m-q.ch\/wp-content\/uploads\/2020\/12\/cropped-logo_small.png\",\"width\":512,\"height\":512,\"caption\":\"Galledia Fachmedien AG\"},\"image\":{\"@id\":\"https:\/\/www.m-q.ch\/fr\/#\/schema\/logo\/image\/\"},\"sameAs\":[\"https:\/\/www.facebook.com\/ManagementUndQualitaet\",\"https:\/\/www.linkedin.com\/showcase\/17982321\/admin\/\"]},{\"@type\":\"Person\",\"@id\":\"https:\/\/www.m-q.ch\/fr\/#\/schema\/person\/0bdf39ca27d0b9b779f5b8af54b3f7d7\",\"name\":\"upwork_1\",\"image\":{\"@type\":\"ImageObject\",\"inLanguage\":\"fr-FR\",\"@id\":\"https:\/\/www.m-q.ch\/fr\/#\/schema\/person\/image\/\",\"url\":\"https:\/\/secure.gravatar.com\/avatar\/04d4d0fdc5886d535809f17d0eace7f6?s=96&d=mm&r=g\",\"contentUrl\":\"https:\/\/secure.gravatar.com\/avatar\/04d4d0fdc5886d535809f17d0eace7f6?s=96&d=mm&r=g\",\"caption\":\"upwork_1\"},\"url\":\"https:\/\/www.m-q.ch\/fr\/author\/upwork_1\/\"}]}<\/script>\n<!-- \/ Yoast SEO plugin. -->","yoast_head_json":{"title":"Et plus rien ne fonctionne ! - Gestion et qualit\u00e9 du QM","description":"Sans Internet, beaucoup de choses dans le monde seraient \u00e0 l'envers. En Suisse aussi. Les experts affirment qu'une d\u00e9faillance de l'internet \u00e0 l'\u00e9chelle nationale, voire mondiale, est difficilement possible. Mais m\u00eame des interruptions isol\u00e9es peuvent avoir de graves cons\u00e9quences.","robots":{"index":"index","follow":"follow","max-snippet":"max-snippet:-1","max-image-preview":"max-image-preview:large","max-video-preview":"max-video-preview:-1"},"canonical":"https:\/\/www.m-q.ch\/fr\/et-rien-ne-va-plus\/","og_locale":"fr_FR","og_type":"article","og_title":"Und nichts geht mehr! - MQ Management und Qualit\u00e4t","og_description":"Ohne Internet st\u00fcnde so manches auf der Welt Kopf. Auch in der Schweiz. Ein landesweiter oder gar globaler Ausfall des Internets sei kaum m\u00f6glich, sagen Experten. Doch selbst punktuelle Unterbr\u00fcche k\u00f6nnen schwerwiegende Folgen haben.","og_url":"https:\/\/www.m-q.ch\/fr\/et-rien-ne-va-plus\/","og_site_name":"MQ Management und Qualit\u00e4t","article_publisher":"https:\/\/www.facebook.com\/ManagementUndQualitaet","article_published_time":"2016-10-11T10:58:00+00:00","article_modified_time":"2021-02-15T12:06:23+00:00","og_image":[{"width":861,"height":601,"url":"https:\/\/www.m-q.ch\/wp-content\/uploads\/2021\/02\/Und-nichts-geht-mehr.jpg","type":"image\/jpeg"}],"author":"upwork_1","twitter_card":"summary_large_image","twitter_misc":{"\u00c9crit par":"upwork_1","Dur\u00e9e de lecture estim\u00e9e":"6 minutes"},"schema":{"@context":"https:\/\/schema.org","@graph":[{"@type":"Article","@id":"https:\/\/www.m-q.ch\/und-nichts-geht-mehr\/#article","isPartOf":{"@id":"https:\/\/www.m-q.ch\/und-nichts-geht-mehr\/"},"author":{"name":"upwork_1","@id":"https:\/\/www.m-q.ch\/fr\/#\/schema\/person\/0bdf39ca27d0b9b779f5b8af54b3f7d7"},"headline":"Und nichts geht mehr!","datePublished":"2016-10-11T10:58:00+00:00","dateModified":"2021-02-15T12:06:23+00:00","mainEntityOfPage":{"@id":"https:\/\/www.m-q.ch\/und-nichts-geht-mehr\/"},"wordCount":1198,"publisher":{"@id":"https:\/\/www.m-q.ch\/fr\/#organization"},"image":{"@id":"https:\/\/www.m-q.ch\/und-nichts-geht-mehr\/#primaryimage"},"thumbnailUrl":"https:\/\/www.m-q.ch\/wp-content\/uploads\/2021\/02\/Und-nichts-geht-mehr.jpg","keywords":["10\/2016"],"articleSection":["Risikomanagement"],"inLanguage":"fr-FR"},{"@type":"WebPage","@id":"https:\/\/www.m-q.ch\/und-nichts-geht-mehr\/","url":"https:\/\/www.m-q.ch\/und-nichts-geht-mehr\/","name":"Et plus rien ne fonctionne ! - Gestion et qualit\u00e9 du QM","isPartOf":{"@id":"https:\/\/www.m-q.ch\/fr\/#website"},"primaryImageOfPage":{"@id":"https:\/\/www.m-q.ch\/und-nichts-geht-mehr\/#primaryimage"},"image":{"@id":"https:\/\/www.m-q.ch\/und-nichts-geht-mehr\/#primaryimage"},"thumbnailUrl":"https:\/\/www.m-q.ch\/wp-content\/uploads\/2021\/02\/Und-nichts-geht-mehr.jpg","datePublished":"2016-10-11T10:58:00+00:00","dateModified":"2021-02-15T12:06:23+00:00","description":"Sans Internet, beaucoup de choses dans le monde seraient \u00e0 l'envers. En Suisse aussi. Les experts affirment qu'une d\u00e9faillance de l'internet \u00e0 l'\u00e9chelle nationale, voire mondiale, est difficilement possible. Mais m\u00eame des interruptions isol\u00e9es peuvent avoir de graves cons\u00e9quences.","breadcrumb":{"@id":"https:\/\/www.m-q.ch\/und-nichts-geht-mehr\/#breadcrumb"},"inLanguage":"fr-FR","potentialAction":[{"@type":"ReadAction","target":["https:\/\/www.m-q.ch\/und-nichts-geht-mehr\/"]}]},{"@type":"ImageObject","inLanguage":"fr-FR","@id":"https:\/\/www.m-q.ch\/und-nichts-geht-mehr\/#primaryimage","url":"https:\/\/www.m-q.ch\/wp-content\/uploads\/2021\/02\/Und-nichts-geht-mehr.jpg","contentUrl":"https:\/\/www.m-q.ch\/wp-content\/uploads\/2021\/02\/Und-nichts-geht-mehr.jpg","width":861,"height":601,"caption":"Und nichts geht mehr!"},{"@type":"BreadcrumbList","@id":"https:\/\/www.m-q.ch\/und-nichts-geht-mehr\/#breadcrumb","itemListElement":[{"@type":"ListItem","position":1,"name":"Risikomanagement","item":"https:\/\/www.m-q.ch\/kategorie\/risikomanagement\/"},{"@type":"ListItem","position":2,"name":"Und nichts geht mehr!"}]},{"@type":"WebSite","@id":"https:\/\/www.m-q.ch\/fr\/#website","url":"https:\/\/www.m-q.ch\/fr\/","name":"Gestion et qualit\u00e9 du QM","description":"Plate-forme pour les syst\u00e8mes de gestion int\u00e9gr\u00e9e.","publisher":{"@id":"https:\/\/www.m-q.ch\/fr\/#organization"},"potentialAction":[{"@type":"SearchAction","target":{"@type":"EntryPoint","urlTemplate":"https:\/\/www.m-q.ch\/fr\/?s={search_term_string}"},"query-input":{"@type":"PropertyValueSpecification","valueRequired":true,"valueName":"search_term_string"}}],"inLanguage":"fr-FR"},{"@type":"Organization","@id":"https:\/\/www.m-q.ch\/fr\/#organization","name":"Galledia Trade Media AG","url":"https:\/\/www.m-q.ch\/fr\/","logo":{"@type":"ImageObject","inLanguage":"fr-FR","@id":"https:\/\/www.m-q.ch\/fr\/#\/schema\/logo\/image\/","url":"https:\/\/www.m-q.ch\/wp-content\/uploads\/2020\/12\/cropped-logo_small.png","contentUrl":"https:\/\/www.m-q.ch\/wp-content\/uploads\/2020\/12\/cropped-logo_small.png","width":512,"height":512,"caption":"Galledia Fachmedien AG"},"image":{"@id":"https:\/\/www.m-q.ch\/fr\/#\/schema\/logo\/image\/"},"sameAs":["https:\/\/www.facebook.com\/ManagementUndQualitaet","https:\/\/www.linkedin.com\/showcase\/17982321\/admin\/"]},{"@type":"Person","@id":"https:\/\/www.m-q.ch\/fr\/#\/schema\/person\/0bdf39ca27d0b9b779f5b8af54b3f7d7","name":"upwork_1","image":{"@type":"ImageObject","inLanguage":"fr-FR","@id":"https:\/\/www.m-q.ch\/fr\/#\/schema\/person\/image\/","url":"https:\/\/secure.gravatar.com\/avatar\/04d4d0fdc5886d535809f17d0eace7f6?s=96&d=mm&r=g","contentUrl":"https:\/\/secure.gravatar.com\/avatar\/04d4d0fdc5886d535809f17d0eace7f6?s=96&d=mm&r=g","caption":"upwork_1"},"url":"https:\/\/www.m-q.ch\/fr\/author\/upwork_1\/"}]}},"_links":{"self":[{"href":"https:\/\/www.m-q.ch\/fr\/wp-json\/wp\/v2\/posts\/12026","targetHints":{"allow":["GET"]}}],"collection":[{"href":"https:\/\/www.m-q.ch\/fr\/wp-json\/wp\/v2\/posts"}],"about":[{"href":"https:\/\/www.m-q.ch\/fr\/wp-json\/wp\/v2\/types\/post"}],"author":[{"embeddable":true,"href":"https:\/\/www.m-q.ch\/fr\/wp-json\/wp\/v2\/users\/66"}],"replies":[{"embeddable":true,"href":"https:\/\/www.m-q.ch\/fr\/wp-json\/wp\/v2\/comments?post=12026"}],"version-history":[{"count":1,"href":"https:\/\/www.m-q.ch\/fr\/wp-json\/wp\/v2\/posts\/12026\/revisions"}],"predecessor-version":[{"id":12030,"href":"https:\/\/www.m-q.ch\/fr\/wp-json\/wp\/v2\/posts\/12026\/revisions\/12030"}],"wp:featuredmedia":[{"embeddable":true,"href":"https:\/\/www.m-q.ch\/fr\/wp-json\/wp\/v2\/media\/12027"}],"wp:attachment":[{"href":"https:\/\/www.m-q.ch\/fr\/wp-json\/wp\/v2\/media?parent=12026"}],"wp:term":[{"taxonomy":"category","embeddable":true,"href":"https:\/\/www.m-q.ch\/fr\/wp-json\/wp\/v2\/categories?post=12026"},{"taxonomy":"post_tag","embeddable":true,"href":"https:\/\/www.m-q.ch\/fr\/wp-json\/wp\/v2\/tags?post=12026"}],"curies":[{"name":"wp","href":"https:\/\/api.w.org\/{rel}","templated":true}]}}