{"id":12055,"date":"2016-10-21T13:53:51","date_gmt":"2016-10-21T11:53:51","guid":{"rendered":"https:\/\/www.m-q.ch\/?p=12055"},"modified":"2021-02-15T13:59:47","modified_gmt":"2021-02-15T12:59:47","slug":"hannes-devient-pro-du-pr","status":"publish","type":"post","link":"https:\/\/www.m-q.ch\/fr\/hannes-wird-pr-profi\/","title":{"rendered":"Hannes devient un professionnel des relations publiques"},"content":{"rendered":"<p>Hannes se dit : \"L'essentiel, c'est qu'il puisse marquer le patron. Car les personnes pr\u00e9sentes sont pr\u00e9cis\u00e9ment celles qui ne sont pas responsables de la situation. Quoi qu'il en soit : il a approuv\u00e9 le cong\u00e9 et a sign\u00e9 le cong\u00e9 de maternit\u00e9 au d\u00e9partement des ressources humaines. Vous auriez pu le voir venir\", conclut Hannes dans son train de pens\u00e9e. Vous cr\u00e9ez instructions sur instructions pour que tout se d\u00e9roule de mani\u00e8re coordonn\u00e9e et vous exigez la consid\u00e9ration des employ\u00e9s de l'\u00e9quipe et des parents de la famille. Deux personnes de la m\u00eame \u00e9quipe ne doivent jamais \u00eatre absentes en m\u00eame temps, et le remplacement doit \u00eatre assur\u00e9.<\/p>\n<p>&nbsp;<\/p>\n<p>Ce qui s'applique au secr\u00e9tariat, au d\u00e9partement logistique et \u00e0 tous les autres n'est \u00e9videmment qu'une recommandation pour la direction. Le fait que le responsable de la communication<\/p>\n<p>&nbsp;<\/p>\n<p><em><strong>\"S'il ne se passe rien, mettez en sc\u00e8ne quelque chose.\"<\/strong><\/em><\/p>\n<p>&nbsp;<\/p>\n<p>...ok, \u00e7a pourrait \u00eatre bien. Mais qu'elle ne le sache pas 15 mois \u00e0 l'avance ? Pire encore, un temps mort sans organiser le remplacement... Hannes est hors de lui.<\/p>\n<p>&nbsp;<\/p>\n<p>Pour Hannes, tout ne serait qu'\u00e0 moiti\u00e9 aussi mauvais. Parce qu'en gros, c'est le probl\u00e8me du d\u00e9partement des ressources humaines et de la division marketing. Si la majorit\u00e9 de ses coll\u00e8gues n'avait pas d\u00e9cid\u00e9 que c'est lui, Hannes, qui est responsable de la communication externe pour les deux prochains mois. Il est le seul \u00e0 avoir le temps, car au d\u00e9but de l'ann\u00e9e, la production tourne \u00e0 faible capacit\u00e9, et cela aussi uniquement avec des produits standard. C'est ce que dit la tendance \u00e0 long terme. Hannes porte donc d\u00e9sormais le titre suppl\u00e9mentaire de \"Directeur des relations publiques et de la communication adinterim\". L'attribution de cette t\u00e2che va de pair avec le souhait fervent du PDG de voir enfin quelque chose de positif dans les journaux. Le travail de presse est \u00e0 son meilleur - il est bon et ne co\u00fbte rien.<\/p>\n<p>&nbsp;<\/p>\n<p>Un bon conseil, en revanche, co\u00fbte cher. Parce qu'en ce moment, l'entreprise fait la une des journaux avec, au mieux, de mauvaises performances commerciales. Les produits ne sont pas non plus particuli\u00e8rement bons pour les relations publiques. Les pompes hydrauliques pour les scieries ne sont pas exactement ce dont le public a besoin dans les quotidiens. Hannes consulte des conseillers et finit par appeler son infatigable camarade de classe Sebastian. \"Il est toujours en mouvement - il a forc\u00e9ment une bonne id\u00e9e.\" Il fallait donner raison \u00e0 Hannes. S\u00e9bastien conseille : \"Si rien ne marche, mettez en sc\u00e8ne quelque chose.\"<\/p>\n<p>&nbsp;<\/p>\n<p>Cela semble bien - mais quoi ? Hannes est confront\u00e9 au probl\u00e8me suivant. Mais soudain, il est frapp\u00e9 par un \u00e9clair d'inspiration : la semaine prochaine, les supports \u00e0 bicyclettes avec un abri pour les employ\u00e9s de la production seront d\u00e9plac\u00e9s du c\u00f4t\u00e9 est des b\u00e2timents vers le c\u00f4t\u00e9 nord. Il va y avoir une f\u00eate ! Hannes est euphorique, parce que tout le d\u00e9partement de la communication n'a jamais sorti du chapeau un mouvement de relations publiques aussi brillant en cinq ans. Hannes dresse une liste de tout ce qui doit \u00eatre fait, puis envoie \u00e0 la presse un dossier de presse qui bat tout ce qui a pu sortir de cette entreprise. Il commence \u00e0 prendre des notes en mots cl\u00e9s :<\/p>\n<ul>\n<li>Procession aux flambeaux avec les \u00e9coliers du village accompagnant le cort\u00e8ge des porte-bicyclettes<\/li>\n<li>Concours de ballons pour les plus grands, un ballon est attach\u00e9 \u00e0 chaque crochet de v\u00e9lo.<\/li>\n<li>Le pr\u00eatre b\u00e9nit les supports \u00e0 bicyclettes du nouveau lieu.<\/li>\n<li>Un ancien cycliste professionnel fait la course sur le parcours peu apr\u00e8s la c\u00e9r\u00e9monie d'ouverture et tire son v\u00e9lo de course dans la premi\u00e8re tribune.<\/li>\n<li>La bi\u00e8re est bien s\u00fbr gratuite jusqu'\u00e0 la fin.<\/li>\n<li>Les deux crochets \u00e0 l'extr\u00eame gauche du nouveau support \u00e0 v\u00e9lo servent de poteaux de barbecue. En dessous, il y a un feu et des saucisses en forme de vieux pneus, que le boucher produit sp\u00e9cialement, sont jet\u00e9es sur le barbecue de fortune et donn\u00e9es gratuitement.<\/li>\n<li>Un mur de but tirant sur l'abri \u00e0 v\u00e9los fait fr\u00e9mir les invit\u00e9s masculins et fait du bruit en plus. \"Il doit faire du bruit, sinon ils ne vous entendront pas\", a d\u00e9clar\u00e9 Sebastian.<\/li>\n<li>La c\u00e9r\u00e9monie se prolonge par 14 discours, de sorte que la presse ne peut tout simplement pas \u00e9viter d'en parler.<\/li>\n<li>Imm\u00e9diatement apr\u00e8s, les familles et la presse peuvent monter dans le nouvel abri pour v\u00e9los avec vue sur le parking d'en haut. Apr\u00e8s tout, le monde est tr\u00e8s diff\u00e9rent \u00e0 1,7 m\u00e8tre au-dessus du sol.<\/li>\n<\/ul>\n<p>&nbsp;<\/p>\n<p>Hannes est en pleine forme et regrette d\u00e9j\u00e0 de devoir quitter ce poste apr\u00e8s deux mois. Mais qui sait, peut-\u00eatre sera-t-il si c\u00e9l\u00e8bre qu'il pourra se pencher un peu en arri\u00e8re \u00e0 l'avenir et avoir le temps de faire du v\u00e9lo (notamment en escaladant divers abris dans tout le pays).<\/p>","protected":false},"excerpt":{"rendered":"<p>Hannes sinniert vor sich hin: \u00abHauptsache, er kann den Chef markieren. Denn die Anwesenden sind gerade die, welche f\u00fcr die Situation nicht verantwortlich sind. \u00dcberhaupt: ER hat die Auszeit bewilligt und den Mutterschaftsurlaub signiert an die HRAbteilung \u00fcbergeben. Man h\u00e4tte das ja kommen sehen k\u00f6nnen\u00bb, folgert Hannes in seinem Gedankengang. Da kreiert man Weisungen \u00fcber [&hellip;]<\/p>\n","protected":false},"author":66,"featured_media":0,"comment_status":"closed","ping_status":"closed","sticky":false,"template":"","format":"standard","meta":{"_acf_changed":false,"footnotes":""},"categories":[4448],"tags":[4789],"class_list":["post-12055","post","type-post","status-publish","format-standard","hentry","category-allgemein","tag-10-2016"],"acf":[],"yoast_head":"<!-- This site is optimized with the Yoast SEO plugin v26.2 - https:\/\/yoast.com\/wordpress\/plugins\/seo\/ -->\n<title>Hannes wird PR-Profi - MQ Management und Qualit\u00e4t<\/title>\n<meta name=\"description\" content=\"D ie heutige Gesch\u00e4ftsleitungssitzung hat den Charakter eines veritablen Krisen-Meetings. Der Marketing-Leiter ist in Auszeit und die Kommunikationsverantwortliche im Mutterschaftsurlaub. Eine Abl\u00f6sung ist f\u00fcr keinen der beiden organisiert. Der CEO verwirft die Arme und blafft in die Runde: \u00abDas darf nie mehr passieren, so etwas geht einfach nicht!\u00bb. Er macht seinem \u00c4rger Luft und das Team-Ambiente im Sitzungszimmer wird ziemlich streng.\" \/>\n<meta name=\"robots\" content=\"index, follow, max-snippet:-1, max-image-preview:large, max-video-preview:-1\" \/>\n<link rel=\"canonical\" href=\"https:\/\/www.m-q.ch\/fr\/hannes-devient-pro-du-pr\/\" \/>\n<meta property=\"og:locale\" content=\"fr_FR\" \/>\n<meta property=\"og:type\" content=\"article\" \/>\n<meta property=\"og:title\" content=\"Hannes wird PR-Profi - MQ Management und Qualit\u00e4t\" \/>\n<meta property=\"og:description\" content=\"D ie heutige Gesch\u00e4ftsleitungssitzung hat den Charakter eines veritablen Krisen-Meetings. Der Marketing-Leiter ist in Auszeit und die Kommunikationsverantwortliche im Mutterschaftsurlaub. Eine Abl\u00f6sung ist f\u00fcr keinen der beiden organisiert. Der CEO verwirft die Arme und blafft in die Runde: \u00abDas darf nie mehr passieren, so etwas geht einfach nicht!\u00bb. Er macht seinem \u00c4rger Luft und das Team-Ambiente im Sitzungszimmer wird ziemlich streng.\" \/>\n<meta property=\"og:url\" content=\"https:\/\/www.m-q.ch\/fr\/hannes-devient-pro-du-pr\/\" \/>\n<meta property=\"og:site_name\" content=\"MQ Management und Qualit\u00e4t\" \/>\n<meta property=\"article:publisher\" content=\"https:\/\/www.facebook.com\/ManagementUndQualitaet\" \/>\n<meta property=\"article:published_time\" content=\"2016-10-21T11:53:51+00:00\" \/>\n<meta property=\"article:modified_time\" content=\"2021-02-15T12:59:47+00:00\" \/>\n<meta name=\"author\" content=\"upwork_1\" \/>\n<meta name=\"twitter:card\" content=\"summary_large_image\" \/>\n<meta name=\"twitter:label1\" content=\"\u00c9crit par\" \/>\n\t<meta name=\"twitter:data1\" content=\"upwork_1\" \/>\n\t<meta name=\"twitter:label2\" content=\"Dur\u00e9e de lecture estim\u00e9e\" \/>\n\t<meta name=\"twitter:data2\" content=\"4 minutes\" \/>\n<script type=\"application\/ld+json\" class=\"yoast-schema-graph\">{\"@context\":\"https:\/\/schema.org\",\"@graph\":[{\"@type\":\"Article\",\"@id\":\"https:\/\/www.m-q.ch\/hannes-wird-pr-profi\/#article\",\"isPartOf\":{\"@id\":\"https:\/\/www.m-q.ch\/hannes-wird-pr-profi\/\"},\"author\":{\"name\":\"upwork_1\",\"@id\":\"https:\/\/www.m-q.ch\/fr\/#\/schema\/person\/0bdf39ca27d0b9b779f5b8af54b3f7d7\"},\"headline\":\"Hannes wird PR-Profi\",\"datePublished\":\"2016-10-21T11:53:51+00:00\",\"dateModified\":\"2021-02-15T12:59:47+00:00\",\"mainEntityOfPage\":{\"@id\":\"https:\/\/www.m-q.ch\/hannes-wird-pr-profi\/\"},\"wordCount\":711,\"publisher\":{\"@id\":\"https:\/\/www.m-q.ch\/fr\/#organization\"},\"keywords\":[\"10\/2016\"],\"articleSection\":[\"Allgemein\"],\"inLanguage\":\"fr-FR\"},{\"@type\":\"WebPage\",\"@id\":\"https:\/\/www.m-q.ch\/hannes-wird-pr-profi\/\",\"url\":\"https:\/\/www.m-q.ch\/hannes-wird-pr-profi\/\",\"name\":\"Hannes wird PR-Profi - MQ Management und Qualit\u00e4t\",\"isPartOf\":{\"@id\":\"https:\/\/www.m-q.ch\/fr\/#website\"},\"datePublished\":\"2016-10-21T11:53:51+00:00\",\"dateModified\":\"2021-02-15T12:59:47+00:00\",\"description\":\"D ie heutige Gesch\u00e4ftsleitungssitzung hat den Charakter eines veritablen Krisen-Meetings. Der Marketing-Leiter ist in Auszeit und die Kommunikationsverantwortliche im Mutterschaftsurlaub. Eine Abl\u00f6sung ist f\u00fcr keinen der beiden organisiert. Der CEO verwirft die Arme und blafft in die Runde: \u00abDas darf nie mehr passieren, so etwas geht einfach nicht!\u00bb. Er macht seinem \u00c4rger Luft und das Team-Ambiente im Sitzungszimmer wird ziemlich streng.\",\"breadcrumb\":{\"@id\":\"https:\/\/www.m-q.ch\/hannes-wird-pr-profi\/#breadcrumb\"},\"inLanguage\":\"fr-FR\",\"potentialAction\":[{\"@type\":\"ReadAction\",\"target\":[\"https:\/\/www.m-q.ch\/hannes-wird-pr-profi\/\"]}]},{\"@type\":\"BreadcrumbList\",\"@id\":\"https:\/\/www.m-q.ch\/hannes-wird-pr-profi\/#breadcrumb\",\"itemListElement\":[{\"@type\":\"ListItem\",\"position\":1,\"name\":\"Allgemein\",\"item\":\"https:\/\/www.m-q.ch\/kategorie\/allgemein\/\"},{\"@type\":\"ListItem\",\"position\":2,\"name\":\"Hannes wird PR-Profi\"}]},{\"@type\":\"WebSite\",\"@id\":\"https:\/\/www.m-q.ch\/fr\/#website\",\"url\":\"https:\/\/www.m-q.ch\/fr\/\",\"name\":\"MQ Management und Qualit\u00e4t\",\"description\":\"Plattform f\u00fcr integrierte Managementsysteme.\",\"publisher\":{\"@id\":\"https:\/\/www.m-q.ch\/fr\/#organization\"},\"potentialAction\":[{\"@type\":\"SearchAction\",\"target\":{\"@type\":\"EntryPoint\",\"urlTemplate\":\"https:\/\/www.m-q.ch\/fr\/?s={search_term_string}\"},\"query-input\":{\"@type\":\"PropertyValueSpecification\",\"valueRequired\":true,\"valueName\":\"search_term_string\"}}],\"inLanguage\":\"fr-FR\"},{\"@type\":\"Organization\",\"@id\":\"https:\/\/www.m-q.ch\/fr\/#organization\",\"name\":\"Galledia Fachmedien AG\",\"url\":\"https:\/\/www.m-q.ch\/fr\/\",\"logo\":{\"@type\":\"ImageObject\",\"inLanguage\":\"fr-FR\",\"@id\":\"https:\/\/www.m-q.ch\/fr\/#\/schema\/logo\/image\/\",\"url\":\"https:\/\/www.m-q.ch\/wp-content\/uploads\/2020\/12\/cropped-logo_small.png\",\"contentUrl\":\"https:\/\/www.m-q.ch\/wp-content\/uploads\/2020\/12\/cropped-logo_small.png\",\"width\":512,\"height\":512,\"caption\":\"Galledia Fachmedien AG\"},\"image\":{\"@id\":\"https:\/\/www.m-q.ch\/fr\/#\/schema\/logo\/image\/\"},\"sameAs\":[\"https:\/\/www.facebook.com\/ManagementUndQualitaet\",\"https:\/\/www.linkedin.com\/showcase\/17982321\/admin\/\"]},{\"@type\":\"Person\",\"@id\":\"https:\/\/www.m-q.ch\/fr\/#\/schema\/person\/0bdf39ca27d0b9b779f5b8af54b3f7d7\",\"name\":\"upwork_1\",\"image\":{\"@type\":\"ImageObject\",\"inLanguage\":\"fr-FR\",\"@id\":\"https:\/\/www.m-q.ch\/fr\/#\/schema\/person\/image\/\",\"url\":\"https:\/\/secure.gravatar.com\/avatar\/04d4d0fdc5886d535809f17d0eace7f6?s=96&d=mm&r=g\",\"contentUrl\":\"https:\/\/secure.gravatar.com\/avatar\/04d4d0fdc5886d535809f17d0eace7f6?s=96&d=mm&r=g\",\"caption\":\"upwork_1\"},\"url\":\"https:\/\/www.m-q.ch\/fr\/author\/upwork_1\/\"}]}<\/script>\n<!-- \/ Yoast SEO plugin. -->","yoast_head_json":{"title":"Hannes devient un professionnel des relations publiques - MQ Management und Qualit\u00e4t","description":"La r\u00e9union de gestion d'aujourd'hui a le caract\u00e8re d'une v\u00e9ritable r\u00e9union de crise. Le chef du marketing est en cong\u00e9 sabbatique et le chef de la communication est en cong\u00e9 de maternit\u00e9. Un remplacement n'a \u00e9t\u00e9 organis\u00e9 pour aucun d'entre eux. Le PDG l\u00e8ve les bras et aboie au groupe : \"Cela ne doit plus jamais arriver, on ne peut tout simplement pas le permettre ! Il donne libre cours \u00e0 sa col\u00e8re et l'atmosph\u00e8re de l'\u00e9quipe dans la salle de r\u00e9union devient assez s\u00e9v\u00e8re.","robots":{"index":"index","follow":"follow","max-snippet":"max-snippet:-1","max-image-preview":"max-image-preview:large","max-video-preview":"max-video-preview:-1"},"canonical":"https:\/\/www.m-q.ch\/fr\/hannes-devient-pro-du-pr\/","og_locale":"fr_FR","og_type":"article","og_title":"Hannes wird PR-Profi - MQ Management und Qualit\u00e4t","og_description":"D ie heutige Gesch\u00e4ftsleitungssitzung hat den Charakter eines veritablen Krisen-Meetings. Der Marketing-Leiter ist in Auszeit und die Kommunikationsverantwortliche im Mutterschaftsurlaub. Eine Abl\u00f6sung ist f\u00fcr keinen der beiden organisiert. Der CEO verwirft die Arme und blafft in die Runde: \u00abDas darf nie mehr passieren, so etwas geht einfach nicht!\u00bb. Er macht seinem \u00c4rger Luft und das Team-Ambiente im Sitzungszimmer wird ziemlich streng.","og_url":"https:\/\/www.m-q.ch\/fr\/hannes-devient-pro-du-pr\/","og_site_name":"MQ Management und Qualit\u00e4t","article_publisher":"https:\/\/www.facebook.com\/ManagementUndQualitaet","article_published_time":"2016-10-21T11:53:51+00:00","article_modified_time":"2021-02-15T12:59:47+00:00","author":"upwork_1","twitter_card":"summary_large_image","twitter_misc":{"\u00c9crit par":"upwork_1","Dur\u00e9e de lecture estim\u00e9e":"4 minutes"},"schema":{"@context":"https:\/\/schema.org","@graph":[{"@type":"Article","@id":"https:\/\/www.m-q.ch\/hannes-wird-pr-profi\/#article","isPartOf":{"@id":"https:\/\/www.m-q.ch\/hannes-wird-pr-profi\/"},"author":{"name":"upwork_1","@id":"https:\/\/www.m-q.ch\/fr\/#\/schema\/person\/0bdf39ca27d0b9b779f5b8af54b3f7d7"},"headline":"Hannes wird PR-Profi","datePublished":"2016-10-21T11:53:51+00:00","dateModified":"2021-02-15T12:59:47+00:00","mainEntityOfPage":{"@id":"https:\/\/www.m-q.ch\/hannes-wird-pr-profi\/"},"wordCount":711,"publisher":{"@id":"https:\/\/www.m-q.ch\/fr\/#organization"},"keywords":["10\/2016"],"articleSection":["Allgemein"],"inLanguage":"fr-FR"},{"@type":"WebPage","@id":"https:\/\/www.m-q.ch\/hannes-wird-pr-profi\/","url":"https:\/\/www.m-q.ch\/hannes-wird-pr-profi\/","name":"Hannes devient un professionnel des relations publiques - MQ Management und Qualit\u00e4t","isPartOf":{"@id":"https:\/\/www.m-q.ch\/fr\/#website"},"datePublished":"2016-10-21T11:53:51+00:00","dateModified":"2021-02-15T12:59:47+00:00","description":"La r\u00e9union de gestion d'aujourd'hui a le caract\u00e8re d'une v\u00e9ritable r\u00e9union de crise. Le chef du marketing est en cong\u00e9 sabbatique et le chef de la communication est en cong\u00e9 de maternit\u00e9. Un remplacement n'a \u00e9t\u00e9 organis\u00e9 pour aucun d'entre eux. Le PDG l\u00e8ve les bras et aboie au groupe : \"Cela ne doit plus jamais arriver, on ne peut tout simplement pas le permettre ! Il donne libre cours \u00e0 sa col\u00e8re et l'atmosph\u00e8re de l'\u00e9quipe dans la salle de r\u00e9union devient assez s\u00e9v\u00e8re.","breadcrumb":{"@id":"https:\/\/www.m-q.ch\/hannes-wird-pr-profi\/#breadcrumb"},"inLanguage":"fr-FR","potentialAction":[{"@type":"ReadAction","target":["https:\/\/www.m-q.ch\/hannes-wird-pr-profi\/"]}]},{"@type":"BreadcrumbList","@id":"https:\/\/www.m-q.ch\/hannes-wird-pr-profi\/#breadcrumb","itemListElement":[{"@type":"ListItem","position":1,"name":"Allgemein","item":"https:\/\/www.m-q.ch\/kategorie\/allgemein\/"},{"@type":"ListItem","position":2,"name":"Hannes wird PR-Profi"}]},{"@type":"WebSite","@id":"https:\/\/www.m-q.ch\/fr\/#website","url":"https:\/\/www.m-q.ch\/fr\/","name":"Gestion et qualit\u00e9 du QM","description":"Plate-forme pour les syst\u00e8mes de gestion int\u00e9gr\u00e9e.","publisher":{"@id":"https:\/\/www.m-q.ch\/fr\/#organization"},"potentialAction":[{"@type":"SearchAction","target":{"@type":"EntryPoint","urlTemplate":"https:\/\/www.m-q.ch\/fr\/?s={search_term_string}"},"query-input":{"@type":"PropertyValueSpecification","valueRequired":true,"valueName":"search_term_string"}}],"inLanguage":"fr-FR"},{"@type":"Organization","@id":"https:\/\/www.m-q.ch\/fr\/#organization","name":"Galledia Trade Media AG","url":"https:\/\/www.m-q.ch\/fr\/","logo":{"@type":"ImageObject","inLanguage":"fr-FR","@id":"https:\/\/www.m-q.ch\/fr\/#\/schema\/logo\/image\/","url":"https:\/\/www.m-q.ch\/wp-content\/uploads\/2020\/12\/cropped-logo_small.png","contentUrl":"https:\/\/www.m-q.ch\/wp-content\/uploads\/2020\/12\/cropped-logo_small.png","width":512,"height":512,"caption":"Galledia Fachmedien AG"},"image":{"@id":"https:\/\/www.m-q.ch\/fr\/#\/schema\/logo\/image\/"},"sameAs":["https:\/\/www.facebook.com\/ManagementUndQualitaet","https:\/\/www.linkedin.com\/showcase\/17982321\/admin\/"]},{"@type":"Person","@id":"https:\/\/www.m-q.ch\/fr\/#\/schema\/person\/0bdf39ca27d0b9b779f5b8af54b3f7d7","name":"upwork_1","image":{"@type":"ImageObject","inLanguage":"fr-FR","@id":"https:\/\/www.m-q.ch\/fr\/#\/schema\/person\/image\/","url":"https:\/\/secure.gravatar.com\/avatar\/04d4d0fdc5886d535809f17d0eace7f6?s=96&d=mm&r=g","contentUrl":"https:\/\/secure.gravatar.com\/avatar\/04d4d0fdc5886d535809f17d0eace7f6?s=96&d=mm&r=g","caption":"upwork_1"},"url":"https:\/\/www.m-q.ch\/fr\/author\/upwork_1\/"}]}},"_links":{"self":[{"href":"https:\/\/www.m-q.ch\/fr\/wp-json\/wp\/v2\/posts\/12055","targetHints":{"allow":["GET"]}}],"collection":[{"href":"https:\/\/www.m-q.ch\/fr\/wp-json\/wp\/v2\/posts"}],"about":[{"href":"https:\/\/www.m-q.ch\/fr\/wp-json\/wp\/v2\/types\/post"}],"author":[{"embeddable":true,"href":"https:\/\/www.m-q.ch\/fr\/wp-json\/wp\/v2\/users\/66"}],"replies":[{"embeddable":true,"href":"https:\/\/www.m-q.ch\/fr\/wp-json\/wp\/v2\/comments?post=12055"}],"version-history":[{"count":1,"href":"https:\/\/www.m-q.ch\/fr\/wp-json\/wp\/v2\/posts\/12055\/revisions"}],"predecessor-version":[{"id":12058,"href":"https:\/\/www.m-q.ch\/fr\/wp-json\/wp\/v2\/posts\/12055\/revisions\/12058"}],"wp:attachment":[{"href":"https:\/\/www.m-q.ch\/fr\/wp-json\/wp\/v2\/media?parent=12055"}],"wp:term":[{"taxonomy":"category","embeddable":true,"href":"https:\/\/www.m-q.ch\/fr\/wp-json\/wp\/v2\/categories?post=12055"},{"taxonomy":"post_tag","embeddable":true,"href":"https:\/\/www.m-q.ch\/fr\/wp-json\/wp\/v2\/tags?post=12055"}],"curies":[{"name":"wp","href":"https:\/\/api.w.org\/{rel}","templated":true}]}}