{"id":12063,"date":"2015-06-03T14:03:38","date_gmt":"2015-06-03T12:03:38","guid":{"rendered":"https:\/\/www.m-q.ch\/?p=12063"},"modified":"2021-02-15T14:21:25","modified_gmt":"2021-02-15T13:21:25","slug":"il-ne-suffit-pas-de-faire-de-la-publicite-avec-la-croix-suisse","status":"publish","type":"post","link":"https:\/\/www.m-q.ch\/fr\/nur-mit-dem-schweizerkreuz-zu-werben-genuegt-nicht\/","title":{"rendered":"\"Il ne suffit pas de faire de la publicit\u00e9 avec la croix suisse\"."},"content":{"rendered":"<p><img loading=\"lazy\" decoding=\"async\" class=\"alignnone size-full wp-image-12080\" src=\"https:\/\/www.m-q.ch\/wp-content\/uploads\/2021\/02\/Nur-mit-dem-Schweizerkreuz-zu-werben-genuegt-nicht.jpg\" alt=\"&quot;Il ne suffit pas de faire de la publicit\u00e9 avec la croix suisse&quot;.\" width=\"874\" height=\"1597\" srcset=\"https:\/\/www.m-q.ch\/wp-content\/uploads\/2021\/02\/Nur-mit-dem-Schweizerkreuz-zu-werben-genuegt-nicht.jpg 874w, https:\/\/www.m-q.ch\/wp-content\/uploads\/2021\/02\/Nur-mit-dem-Schweizerkreuz-zu-werben-genuegt-nicht-768x1403.jpg 768w, https:\/\/www.m-q.ch\/wp-content\/uploads\/2021\/02\/Nur-mit-dem-Schweizerkreuz-zu-werben-genuegt-nicht-841x1536.jpg 841w, https:\/\/www.m-q.ch\/wp-content\/uploads\/2021\/02\/Nur-mit-dem-Schweizerkreuz-zu-werben-genuegt-nicht-7x12.jpg 7w, https:\/\/www.m-q.ch\/wp-content\/uploads\/2021\/02\/Nur-mit-dem-Schweizerkreuz-zu-werben-genuegt-nicht-96x175.jpg 96w, https:\/\/www.m-q.ch\/wp-content\/uploads\/2021\/02\/Nur-mit-dem-Schweizerkreuz-zu-werben-genuegt-nicht-192x350.jpg 192w, https:\/\/www.m-q.ch\/wp-content\/uploads\/2021\/02\/Nur-mit-dem-Schweizerkreuz-zu-werben-genuegt-nicht-438x800.jpg 438w, https:\/\/www.m-q.ch\/wp-content\/uploads\/2021\/02\/Nur-mit-dem-Schweizerkreuz-zu-werben-genuegt-nicht-766x1400.jpg 766w, https:\/\/www.m-q.ch\/wp-content\/uploads\/2021\/02\/Nur-mit-dem-Schweizerkreuz-zu-werben-genuegt-nicht-300x548.jpg 300w\" sizes=\"auto, (max-width: 874px) 100vw, 874px\" \/><\/p>\n<p>&nbsp;<\/p>\n<p>&nbsp;<\/p>\n<p>Il est souvent sur la route. Il est r\u00e9cemment revenu d'un s\u00e9jour aux \u00c9tats-Unis : Ruedi Noser, pr\u00e9sident du conseil d'administration de Noser Management AG et actionnaire principal des soci\u00e9t\u00e9s de son groupe Noser. Il n'est que l\u00e9g\u00e8rement plus \u00e2g\u00e9 que la SAQ : n\u00e9 en 1961 dans le canton de Glaris, l'entrepreneur a \u00e9t\u00e9 \u00e9lu au Parlement suisse en 2003. En tant que conseiller national lib\u00e9ral, il est attach\u00e9 \u00e0 une \u00e9conomie qui peut se d\u00e9velopper librement, ainsi qu'aux pr\u00e9occupations des PME et \u00e0 la formation professionnelle. Dans tous ces domaines, la qualit\u00e9 joue un r\u00f4le majeur, voire d\u00e9cisif. Dans l'interview suivante, il parle de \"Marketing Quality\", la devise de la Journ\u00e9e suisse de la qualit\u00e9.<\/p>\n<p>&nbsp;<\/p>\n<p><em><strong>Les termes \"Suisse\" et \"qualit\u00e9\" : dans quelle mesure est-il encore permis de les utiliser de mani\u00e8re quasi-synonyme ?<\/strong> <\/em><\/p>\n<p>Ruedi Noser : \"Swiss Made\" a une excellente r\u00e9putation. Ce dernier est souvent encore plus appr\u00e9ci\u00e9 \u00e0 l'\u00e9tranger qu'en Suisse m\u00eame. J'\u00e9tais justement chez swissbakers \u00e0 Boston : avec des produits de boulangerie dans la tradition suisse, cette entreprise est tr\u00e8s bien accueillie par les clients l\u00e0-bas. La suissitude se vend bien.<\/p>\n<p>&nbsp;<\/p>\n<p><em><strong>Y a-t-il quelque chose que vous consid\u00e9rez comme l'incarnation de la qualit\u00e9 suisse ?<\/strong> <\/em><\/p>\n<p>Il y a beaucoup de choses \u00e0 mentionner. Pour moi, le plus important est certainement l'engagement des employ\u00e9s envers leur entreprise et envers ce qu'ils font. Il y a une grande loyaut\u00e9. Si quelque chose ne fonctionne pas correctement \u00e0 17 heures, il suffit de rester un peu plus longtemps et de le r\u00e9parer. Cette attitude repose sur un haut niveau de motivation et est \u00e0 l'origine de la fiabilit\u00e9 et de la s\u00e9curit\u00e9 que les gens associent \u00e0 la qualit\u00e9 suisse.<\/p>\n<p>&nbsp;<\/p>\n<p><em><strong>La devise de la \"Journ\u00e9e suisse de la qualit\u00e9\" est \"Marketing de la qualit\u00e9\". La qualit\u00e9 suisse est-elle suffisamment commercialis\u00e9e ou y a-t-il encore des possibilit\u00e9s d'am\u00e9lioration ?<\/strong> <\/em><\/p>\n<p>Lorsqu'une entreprise se pr\u00e9sente \u00e0 l'\u00e9tranger, la Swissness est certainement \u00e9crite sur la premi\u00e8re diapositive PowerPoint. Cela a toujours un effet. En Suisse, vous n'avez probablement pas besoin de commercialiser autant cette Swissness. Comme les Suisses ne veulent acheter que des produits de bonne qualit\u00e9, ils sont un client exigeant. Si vous voulez vous rendre \u00e0 l'\u00e9tranger en tant qu'entreprise industrielle suisse, alors seulement avec un produit de pointe absolu. Il ne suffit pas de faire de la publicit\u00e9 avec la croix suisse. L'emballage doit \u00e9galement contenir des produits de qualit\u00e9 sup\u00e9rieure.<\/p>\n<p>&nbsp;<\/p>\n<p><em><strong>Comment votre groupe d'entreprises poursuit-il l'am\u00e9lioration continue de la qualit\u00e9 ? Noser Engineering AG, par exemple, pratique le mod\u00e8le EFQM.<\/strong> <\/em><\/p>\n<p>Afin de pouvoir repr\u00e9senter une qualit\u00e9 sup\u00e9rieure aux clients, vous avez besoin de mod\u00e8les r\u00e9visables. L'EFQM est l'un d'entre eux. Au sein du groupe, cependant, nous ne le pr\u00e9cisons pas, mais nous laissons le choix aux entreprises individuelles. Cependant, il est important pour nous qu'un processus de gestion de la qualit\u00e9 propre soit en place et mis en \u0153uvre. Noser Engineering a r\u00e9cemment \u00e9t\u00e9 certifi\u00e9 avec cinq \u00e9toiles selon l'EFQM.<\/p>\n<p>&nbsp;<\/p>\n<p><em><strong>La libre circulation des personnes a conduit \u00e0 la cr\u00e9ation d'environ un million d'emplois de haut niveau.<\/strong><\/em><\/p>\n<p>&nbsp;<\/p>\n<p><em><strong>Parlons un peu plus de la Suisse comme lieu de travail. Vous en \u00eates un fervent d\u00e9fenseur. Si vous regardez les derni\u00e8res ann\u00e9es : Quel est le cap fix\u00e9 et dans quelle direction ?<\/strong> <\/em><\/p>\n<p>Politiquement, beaucoup de choses ont \u00e9t\u00e9 mises en place dans la bonne direction, mais il y a aussi des choses qui ne vont pas. Il est juste que nous ayons r\u00e9ussi \u00e0 pr\u00e9server autant que possible la libert\u00e9 d'entreprendre des employeurs. Mais il \u00e9tait erron\u00e9 d'augmenter les co\u00fbts de formation par habitant. La formation continue est importante, et de nombreuses entreprises font tout ce qu'elles peuvent pour promouvoir leurs employ\u00e9s. Mais cela doit rester sans cons\u00e9quences fiscales.<\/p>\n<p>&nbsp;<\/p>\n<p><em><strong>Si nous regardons maintenant vers l'avenir : Quels sont les d\u00e9fis \u00e0 relever ? On parle beaucoup de la mise en \u0153uvre de l'initiative d'immigration de masse, et le franc fort est un autre sujet. Que reste-t-il \u00e0 venir ?<\/strong> <\/em><\/p>\n<p>Je ne pense pas que l'initiative d'immigration massive ait encore atteint de nombreuses entreprises. N\u00e9anmoins, il y a beaucoup d'incertitude et les gens regardent l'avenir avec une certaine crainte. Mais la libre circulation des personnes a conduit \u00e0 la cr\u00e9ation d'environ un million d'emplois de haut niveau. Le niveau de qualit\u00e9 a certainement \u00e9t\u00e9 renforc\u00e9.<\/p>\n<p>&nbsp;<\/p>\n<p><em><strong>Mais l'incertitude susmentionn\u00e9e signifie que les entreprises ne sont gu\u00e8re en mesure de d\u00e9velopper des strat\u00e9gies efficaces ?<\/strong> <\/em><\/p>\n<p>Il y a peut-\u00eatre de l'ins\u00e9curit\u00e9 en Suisse, mais ce n'est pas seulement le cas ici. Vous ne pouvez donc pas vous installer au Luxembourg, par exemple, en esp\u00e9rant que tout y sera plus s\u00fbr. Par rapport \u00e0 d'autres pays europ\u00e9ens, la Suisse reste cependant tr\u00e8s attractive.<\/p>\n<p>&nbsp;<\/p>\n<p><em><strong>Cela s'applique-t-il \u00e9galement au secteur informatique dans lequel votre entreprise op\u00e8re ? Quels sont les atouts de notre pays dans ce domaine ?<\/strong> <\/em><\/p>\n<p>L\u00e0 encore, l'engagement des employ\u00e9s, qui apportent un grand int\u00e9r\u00eat \u00e0 leur travail. Les entreprises suisses, y compris celles de notre groupe, peuvent se targuer de relations tr\u00e8s longues en tant que fournisseurs. Il n'est pas toujours \u00e9vident de savoir si c'est parce qu'il s'agit d'entreprises familiales ou parce qu'elles sont suisses. C'est peut-\u00eatre pr\u00e9cis\u00e9ment cette familiarit\u00e9 qui fait la force des entreprises suisses.<\/p>\n<p>&nbsp;<\/p>\n<p><em><strong>Et o\u00f9 voyez-vous des faiblesses ?<\/strong><\/em><\/p>\n<p>L'introduction d'un imp\u00f4t national sur les successions affaiblirait consid\u00e9rablement les entreprises familiales en particulier. L'enjeu est donc important.<\/p>\n<p>&nbsp;<\/p>\n<p><em><strong>O\u00f9 voyez-vous la Suisse en 2020, c'est-\u00e0-dire dans cinq ans ?<\/strong> <\/em><\/p>\n<p>Difficile \u00e0 dire. La Suisse doit certainement continuer \u00e0 travailler pour \u00eatre efficace avec un faible quota d'\u00c9tat. Pour un petit \u00c9tat, il est important d'avoir un niveau de co\u00fbt bas. C'est la seule fa\u00e7on de survivre face au d\u00e9fi de la mondialisation. Si nous y parvenons, je pense que notre pays sera bien \u00e9quip\u00e9. Le niveau d'innovation est encore tr\u00e8s \u00e9lev\u00e9. Et une autre analyse montre que notre force institutionnelle est toujours l\u00e0, alors qu'elle se perd dans d'autres pays. De nombreuses organisations supranationales viennent nous voir. Et nous sommes capables de changer : Je suis convaincu que nous allons finalement b\u00e9n\u00e9ficier de nombreux bouleversements.<\/p>","protected":false},"excerpt":{"rendered":"<p>&nbsp; &nbsp; Er ist viel unterwegs. K\u00fcrzlich kehrte er von einem Aufenthalt in den USA zur\u00fcck: Ruedi Noser, Verwaltungsratspr\u00e4sident der Noser Management AG und Hauptaktion\u00e4r der Firmen seiner Noser Gruppe. Er ist nur wenig \u00e4lter als die SAQ: 1961 im Kanton Glarus geboren, wurde der Unternehmer 2003 ins schweizerische Parlament gew\u00e4hlt. Als freisinniger Nationalrat engagiert [&hellip;]<\/p>\n","protected":false},"author":62,"featured_media":12080,"comment_status":"closed","ping_status":"closed","sticky":false,"template":"","format":"standard","meta":{"_acf_changed":false,"footnotes":""},"categories":[4448],"tags":[4792],"class_list":["post-12063","post","type-post","status-publish","format-standard","has-post-thumbnail","hentry","category-allgemein","tag-06-2015"],"acf":[],"yoast_head":"<!-- This site is optimized with the Yoast SEO plugin v26.2 - https:\/\/yoast.com\/wordpress\/plugins\/seo\/ -->\n<title>\u00abNur mit dem Schweizerkreuz zu werben, gen\u00fcgt nicht\u00bb - MQ Management und Qualit\u00e4t<\/title>\n<meta name=\"description\" content=\"F\u00fcr viele ist Schweizer Qualit\u00e4t sprichw\u00f6rtlich,auch wenn Erzeugnisse aus anderen L\u00e4ndern l\u00e4ngstmithalten k\u00f6nnen. Umso wichtiger sei es, dieGrundlage dieser Qualit\u00e4t zu bewahren, n\u00e4mlichdas Commitment und die Motivation loyalerMitarbeitender. Dies ist eine der Botschaften desWirtschaftspolitikers Ruedi Noser.\" \/>\n<meta name=\"robots\" content=\"index, follow, max-snippet:-1, max-image-preview:large, max-video-preview:-1\" \/>\n<link rel=\"canonical\" href=\"https:\/\/www.m-q.ch\/fr\/il-ne-suffit-pas-de-faire-de-la-publicite-avec-la-croix-suisse\/\" \/>\n<meta property=\"og:locale\" content=\"fr_FR\" \/>\n<meta property=\"og:type\" content=\"article\" \/>\n<meta property=\"og:title\" content=\"\u00abNur mit dem Schweizerkreuz zu werben, gen\u00fcgt nicht\u00bb - MQ Management und Qualit\u00e4t\" \/>\n<meta property=\"og:description\" content=\"F\u00fcr viele ist Schweizer Qualit\u00e4t sprichw\u00f6rtlich,auch wenn Erzeugnisse aus anderen L\u00e4ndern l\u00e4ngstmithalten k\u00f6nnen. Umso wichtiger sei es, dieGrundlage dieser Qualit\u00e4t zu bewahren, n\u00e4mlichdas Commitment und die Motivation loyalerMitarbeitender. Dies ist eine der Botschaften desWirtschaftspolitikers Ruedi Noser.\" \/>\n<meta property=\"og:url\" content=\"https:\/\/www.m-q.ch\/fr\/il-ne-suffit-pas-de-faire-de-la-publicite-avec-la-croix-suisse\/\" \/>\n<meta property=\"og:site_name\" content=\"MQ Management und Qualit\u00e4t\" \/>\n<meta property=\"article:publisher\" content=\"https:\/\/www.facebook.com\/ManagementUndQualitaet\" \/>\n<meta property=\"article:published_time\" content=\"2015-06-03T12:03:38+00:00\" \/>\n<meta property=\"article:modified_time\" content=\"2021-02-15T13:21:25+00:00\" \/>\n<meta property=\"og:image\" content=\"https:\/\/www.m-q.ch\/wp-content\/uploads\/2021\/02\/Nur-mit-dem-Schweizerkreuz-zu-werben-genuegt-nicht.jpg\" \/>\n\t<meta property=\"og:image:width\" content=\"874\" \/>\n\t<meta property=\"og:image:height\" content=\"1597\" \/>\n\t<meta property=\"og:image:type\" content=\"image\/jpeg\" \/>\n<meta name=\"author\" content=\"upwork_2\" \/>\n<meta name=\"twitter:card\" content=\"summary_large_image\" \/>\n<meta name=\"twitter:label1\" content=\"\u00c9crit par\" \/>\n\t<meta name=\"twitter:data1\" content=\"upwork_2\" \/>\n\t<meta name=\"twitter:label2\" content=\"Dur\u00e9e de lecture estim\u00e9e\" \/>\n\t<meta name=\"twitter:data2\" content=\"5 minutes\" \/>\n<script type=\"application\/ld+json\" class=\"yoast-schema-graph\">{\"@context\":\"https:\/\/schema.org\",\"@graph\":[{\"@type\":\"Article\",\"@id\":\"https:\/\/www.m-q.ch\/nur-mit-dem-schweizerkreuz-zu-werben-genuegt-nicht\/#article\",\"isPartOf\":{\"@id\":\"https:\/\/www.m-q.ch\/nur-mit-dem-schweizerkreuz-zu-werben-genuegt-nicht\/\"},\"author\":{\"name\":\"upwork_2\",\"@id\":\"https:\/\/www.m-q.ch\/fr\/#\/schema\/person\/71f647a41e4a3e361e6230f5134f3ba9\"},\"headline\":\"\u00abNur mit dem Schweizerkreuz zu werben, gen\u00fcgt nicht\u00bb\",\"datePublished\":\"2015-06-03T12:03:38+00:00\",\"dateModified\":\"2021-02-15T13:21:25+00:00\",\"mainEntityOfPage\":{\"@id\":\"https:\/\/www.m-q.ch\/nur-mit-dem-schweizerkreuz-zu-werben-genuegt-nicht\/\"},\"wordCount\":983,\"publisher\":{\"@id\":\"https:\/\/www.m-q.ch\/fr\/#organization\"},\"image\":{\"@id\":\"https:\/\/www.m-q.ch\/nur-mit-dem-schweizerkreuz-zu-werben-genuegt-nicht\/#primaryimage\"},\"thumbnailUrl\":\"https:\/\/www.m-q.ch\/wp-content\/uploads\/2021\/02\/Nur-mit-dem-Schweizerkreuz-zu-werben-genuegt-nicht.jpg\",\"keywords\":[\"06\/2015\"],\"articleSection\":[\"Allgemein\"],\"inLanguage\":\"fr-FR\"},{\"@type\":\"WebPage\",\"@id\":\"https:\/\/www.m-q.ch\/nur-mit-dem-schweizerkreuz-zu-werben-genuegt-nicht\/\",\"url\":\"https:\/\/www.m-q.ch\/nur-mit-dem-schweizerkreuz-zu-werben-genuegt-nicht\/\",\"name\":\"\u00abNur mit dem Schweizerkreuz zu werben, gen\u00fcgt nicht\u00bb - MQ Management und Qualit\u00e4t\",\"isPartOf\":{\"@id\":\"https:\/\/www.m-q.ch\/fr\/#website\"},\"primaryImageOfPage\":{\"@id\":\"https:\/\/www.m-q.ch\/nur-mit-dem-schweizerkreuz-zu-werben-genuegt-nicht\/#primaryimage\"},\"image\":{\"@id\":\"https:\/\/www.m-q.ch\/nur-mit-dem-schweizerkreuz-zu-werben-genuegt-nicht\/#primaryimage\"},\"thumbnailUrl\":\"https:\/\/www.m-q.ch\/wp-content\/uploads\/2021\/02\/Nur-mit-dem-Schweizerkreuz-zu-werben-genuegt-nicht.jpg\",\"datePublished\":\"2015-06-03T12:03:38+00:00\",\"dateModified\":\"2021-02-15T13:21:25+00:00\",\"description\":\"F\u00fcr viele ist Schweizer Qualit\u00e4t sprichw\u00f6rtlich,auch wenn Erzeugnisse aus anderen L\u00e4ndern l\u00e4ngstmithalten k\u00f6nnen. Umso wichtiger sei es, dieGrundlage dieser Qualit\u00e4t zu bewahren, n\u00e4mlichdas Commitment und die Motivation loyalerMitarbeitender. Dies ist eine der Botschaften desWirtschaftspolitikers Ruedi Noser.\",\"breadcrumb\":{\"@id\":\"https:\/\/www.m-q.ch\/nur-mit-dem-schweizerkreuz-zu-werben-genuegt-nicht\/#breadcrumb\"},\"inLanguage\":\"fr-FR\",\"potentialAction\":[{\"@type\":\"ReadAction\",\"target\":[\"https:\/\/www.m-q.ch\/nur-mit-dem-schweizerkreuz-zu-werben-genuegt-nicht\/\"]}]},{\"@type\":\"ImageObject\",\"inLanguage\":\"fr-FR\",\"@id\":\"https:\/\/www.m-q.ch\/nur-mit-dem-schweizerkreuz-zu-werben-genuegt-nicht\/#primaryimage\",\"url\":\"https:\/\/www.m-q.ch\/wp-content\/uploads\/2021\/02\/Nur-mit-dem-Schweizerkreuz-zu-werben-genuegt-nicht.jpg\",\"contentUrl\":\"https:\/\/www.m-q.ch\/wp-content\/uploads\/2021\/02\/Nur-mit-dem-Schweizerkreuz-zu-werben-genuegt-nicht.jpg\",\"width\":874,\"height\":1597,\"caption\":\"\u00abNur mit dem Schweizerkreuz zu werben, gen\u00fcgt nicht\u00bb\"},{\"@type\":\"BreadcrumbList\",\"@id\":\"https:\/\/www.m-q.ch\/nur-mit-dem-schweizerkreuz-zu-werben-genuegt-nicht\/#breadcrumb\",\"itemListElement\":[{\"@type\":\"ListItem\",\"position\":1,\"name\":\"Allgemein\",\"item\":\"https:\/\/www.m-q.ch\/kategorie\/allgemein\/\"},{\"@type\":\"ListItem\",\"position\":2,\"name\":\"\u00abNur mit dem Schweizerkreuz zu werben, gen\u00fcgt nicht\u00bb\"}]},{\"@type\":\"WebSite\",\"@id\":\"https:\/\/www.m-q.ch\/fr\/#website\",\"url\":\"https:\/\/www.m-q.ch\/fr\/\",\"name\":\"MQ Management und Qualit\u00e4t\",\"description\":\"Plattform f\u00fcr integrierte Managementsysteme.\",\"publisher\":{\"@id\":\"https:\/\/www.m-q.ch\/fr\/#organization\"},\"potentialAction\":[{\"@type\":\"SearchAction\",\"target\":{\"@type\":\"EntryPoint\",\"urlTemplate\":\"https:\/\/www.m-q.ch\/fr\/?s={search_term_string}\"},\"query-input\":{\"@type\":\"PropertyValueSpecification\",\"valueRequired\":true,\"valueName\":\"search_term_string\"}}],\"inLanguage\":\"fr-FR\"},{\"@type\":\"Organization\",\"@id\":\"https:\/\/www.m-q.ch\/fr\/#organization\",\"name\":\"Galledia Fachmedien AG\",\"url\":\"https:\/\/www.m-q.ch\/fr\/\",\"logo\":{\"@type\":\"ImageObject\",\"inLanguage\":\"fr-FR\",\"@id\":\"https:\/\/www.m-q.ch\/fr\/#\/schema\/logo\/image\/\",\"url\":\"https:\/\/www.m-q.ch\/wp-content\/uploads\/2020\/12\/cropped-logo_small.png\",\"contentUrl\":\"https:\/\/www.m-q.ch\/wp-content\/uploads\/2020\/12\/cropped-logo_small.png\",\"width\":512,\"height\":512,\"caption\":\"Galledia Fachmedien AG\"},\"image\":{\"@id\":\"https:\/\/www.m-q.ch\/fr\/#\/schema\/logo\/image\/\"},\"sameAs\":[\"https:\/\/www.facebook.com\/ManagementUndQualitaet\",\"https:\/\/www.linkedin.com\/showcase\/17982321\/admin\/\"]},{\"@type\":\"Person\",\"@id\":\"https:\/\/www.m-q.ch\/fr\/#\/schema\/person\/71f647a41e4a3e361e6230f5134f3ba9\",\"name\":\"upwork_2\",\"image\":{\"@type\":\"ImageObject\",\"inLanguage\":\"fr-FR\",\"@id\":\"https:\/\/www.m-q.ch\/fr\/#\/schema\/person\/image\/\",\"url\":\"https:\/\/secure.gravatar.com\/avatar\/777b90ab56092bbf3c85feacda5c1bce?s=96&d=mm&r=g\",\"contentUrl\":\"https:\/\/secure.gravatar.com\/avatar\/777b90ab56092bbf3c85feacda5c1bce?s=96&d=mm&r=g\",\"caption\":\"upwork_2\"},\"url\":\"https:\/\/www.m-q.ch\/fr\/author\/upwork_2\/\"}]}<\/script>\n<!-- \/ Yoast SEO plugin. -->","yoast_head_json":{"title":"\"Il ne suffit pas de faire de la publicit\u00e9 avec la croix suisse\" - MQ Management und Qualit\u00e4t","description":"Pour beaucoup, la qualit\u00e9 suisse est proverbiale, m\u00eame si les produits d'autres pays ont longtemps pu suivre. Il est donc d'autant plus important de pr\u00e9server la base de cette qualit\u00e9, \u00e0 savoir l'engagement et la motivation des employ\u00e9s loyaux. C'est l'un des messages de l'homme politique \u00e9conomique Ruedi Noser.","robots":{"index":"index","follow":"follow","max-snippet":"max-snippet:-1","max-image-preview":"max-image-preview:large","max-video-preview":"max-video-preview:-1"},"canonical":"https:\/\/www.m-q.ch\/fr\/il-ne-suffit-pas-de-faire-de-la-publicite-avec-la-croix-suisse\/","og_locale":"fr_FR","og_type":"article","og_title":"\u00abNur mit dem Schweizerkreuz zu werben, gen\u00fcgt nicht\u00bb - MQ Management und Qualit\u00e4t","og_description":"F\u00fcr viele ist Schweizer Qualit\u00e4t sprichw\u00f6rtlich,auch wenn Erzeugnisse aus anderen L\u00e4ndern l\u00e4ngstmithalten k\u00f6nnen. Umso wichtiger sei es, dieGrundlage dieser Qualit\u00e4t zu bewahren, n\u00e4mlichdas Commitment und die Motivation loyalerMitarbeitender. Dies ist eine der Botschaften desWirtschaftspolitikers Ruedi Noser.","og_url":"https:\/\/www.m-q.ch\/fr\/il-ne-suffit-pas-de-faire-de-la-publicite-avec-la-croix-suisse\/","og_site_name":"MQ Management und Qualit\u00e4t","article_publisher":"https:\/\/www.facebook.com\/ManagementUndQualitaet","article_published_time":"2015-06-03T12:03:38+00:00","article_modified_time":"2021-02-15T13:21:25+00:00","og_image":[{"width":874,"height":1597,"url":"https:\/\/www.m-q.ch\/wp-content\/uploads\/2021\/02\/Nur-mit-dem-Schweizerkreuz-zu-werben-genuegt-nicht.jpg","type":"image\/jpeg"}],"author":"upwork_2","twitter_card":"summary_large_image","twitter_misc":{"\u00c9crit par":"upwork_2","Dur\u00e9e de lecture estim\u00e9e":"5 minutes"},"schema":{"@context":"https:\/\/schema.org","@graph":[{"@type":"Article","@id":"https:\/\/www.m-q.ch\/nur-mit-dem-schweizerkreuz-zu-werben-genuegt-nicht\/#article","isPartOf":{"@id":"https:\/\/www.m-q.ch\/nur-mit-dem-schweizerkreuz-zu-werben-genuegt-nicht\/"},"author":{"name":"upwork_2","@id":"https:\/\/www.m-q.ch\/fr\/#\/schema\/person\/71f647a41e4a3e361e6230f5134f3ba9"},"headline":"\u00abNur mit dem Schweizerkreuz zu werben, gen\u00fcgt nicht\u00bb","datePublished":"2015-06-03T12:03:38+00:00","dateModified":"2021-02-15T13:21:25+00:00","mainEntityOfPage":{"@id":"https:\/\/www.m-q.ch\/nur-mit-dem-schweizerkreuz-zu-werben-genuegt-nicht\/"},"wordCount":983,"publisher":{"@id":"https:\/\/www.m-q.ch\/fr\/#organization"},"image":{"@id":"https:\/\/www.m-q.ch\/nur-mit-dem-schweizerkreuz-zu-werben-genuegt-nicht\/#primaryimage"},"thumbnailUrl":"https:\/\/www.m-q.ch\/wp-content\/uploads\/2021\/02\/Nur-mit-dem-Schweizerkreuz-zu-werben-genuegt-nicht.jpg","keywords":["06\/2015"],"articleSection":["Allgemein"],"inLanguage":"fr-FR"},{"@type":"WebPage","@id":"https:\/\/www.m-q.ch\/nur-mit-dem-schweizerkreuz-zu-werben-genuegt-nicht\/","url":"https:\/\/www.m-q.ch\/nur-mit-dem-schweizerkreuz-zu-werben-genuegt-nicht\/","name":"\"Il ne suffit pas de faire de la publicit\u00e9 avec la croix suisse\" - MQ Management und Qualit\u00e4t","isPartOf":{"@id":"https:\/\/www.m-q.ch\/fr\/#website"},"primaryImageOfPage":{"@id":"https:\/\/www.m-q.ch\/nur-mit-dem-schweizerkreuz-zu-werben-genuegt-nicht\/#primaryimage"},"image":{"@id":"https:\/\/www.m-q.ch\/nur-mit-dem-schweizerkreuz-zu-werben-genuegt-nicht\/#primaryimage"},"thumbnailUrl":"https:\/\/www.m-q.ch\/wp-content\/uploads\/2021\/02\/Nur-mit-dem-Schweizerkreuz-zu-werben-genuegt-nicht.jpg","datePublished":"2015-06-03T12:03:38+00:00","dateModified":"2021-02-15T13:21:25+00:00","description":"Pour beaucoup, la qualit\u00e9 suisse est proverbiale, m\u00eame si les produits d'autres pays ont longtemps pu suivre. Il est donc d'autant plus important de pr\u00e9server la base de cette qualit\u00e9, \u00e0 savoir l'engagement et la motivation des employ\u00e9s loyaux. C'est l'un des messages de l'homme politique \u00e9conomique Ruedi Noser.","breadcrumb":{"@id":"https:\/\/www.m-q.ch\/nur-mit-dem-schweizerkreuz-zu-werben-genuegt-nicht\/#breadcrumb"},"inLanguage":"fr-FR","potentialAction":[{"@type":"ReadAction","target":["https:\/\/www.m-q.ch\/nur-mit-dem-schweizerkreuz-zu-werben-genuegt-nicht\/"]}]},{"@type":"ImageObject","inLanguage":"fr-FR","@id":"https:\/\/www.m-q.ch\/nur-mit-dem-schweizerkreuz-zu-werben-genuegt-nicht\/#primaryimage","url":"https:\/\/www.m-q.ch\/wp-content\/uploads\/2021\/02\/Nur-mit-dem-Schweizerkreuz-zu-werben-genuegt-nicht.jpg","contentUrl":"https:\/\/www.m-q.ch\/wp-content\/uploads\/2021\/02\/Nur-mit-dem-Schweizerkreuz-zu-werben-genuegt-nicht.jpg","width":874,"height":1597,"caption":"\u00abNur mit dem Schweizerkreuz zu werben, gen\u00fcgt nicht\u00bb"},{"@type":"BreadcrumbList","@id":"https:\/\/www.m-q.ch\/nur-mit-dem-schweizerkreuz-zu-werben-genuegt-nicht\/#breadcrumb","itemListElement":[{"@type":"ListItem","position":1,"name":"Allgemein","item":"https:\/\/www.m-q.ch\/kategorie\/allgemein\/"},{"@type":"ListItem","position":2,"name":"\u00abNur mit dem Schweizerkreuz zu werben, gen\u00fcgt nicht\u00bb"}]},{"@type":"WebSite","@id":"https:\/\/www.m-q.ch\/fr\/#website","url":"https:\/\/www.m-q.ch\/fr\/","name":"Gestion et qualit\u00e9 du QM","description":"Plate-forme pour les syst\u00e8mes de gestion int\u00e9gr\u00e9e.","publisher":{"@id":"https:\/\/www.m-q.ch\/fr\/#organization"},"potentialAction":[{"@type":"SearchAction","target":{"@type":"EntryPoint","urlTemplate":"https:\/\/www.m-q.ch\/fr\/?s={search_term_string}"},"query-input":{"@type":"PropertyValueSpecification","valueRequired":true,"valueName":"search_term_string"}}],"inLanguage":"fr-FR"},{"@type":"Organization","@id":"https:\/\/www.m-q.ch\/fr\/#organization","name":"Galledia Trade Media AG","url":"https:\/\/www.m-q.ch\/fr\/","logo":{"@type":"ImageObject","inLanguage":"fr-FR","@id":"https:\/\/www.m-q.ch\/fr\/#\/schema\/logo\/image\/","url":"https:\/\/www.m-q.ch\/wp-content\/uploads\/2020\/12\/cropped-logo_small.png","contentUrl":"https:\/\/www.m-q.ch\/wp-content\/uploads\/2020\/12\/cropped-logo_small.png","width":512,"height":512,"caption":"Galledia Fachmedien AG"},"image":{"@id":"https:\/\/www.m-q.ch\/fr\/#\/schema\/logo\/image\/"},"sameAs":["https:\/\/www.facebook.com\/ManagementUndQualitaet","https:\/\/www.linkedin.com\/showcase\/17982321\/admin\/"]},{"@type":"Person","@id":"https:\/\/www.m-q.ch\/fr\/#\/schema\/person\/71f647a41e4a3e361e6230f5134f3ba9","name":"upwork_2","image":{"@type":"ImageObject","inLanguage":"fr-FR","@id":"https:\/\/www.m-q.ch\/fr\/#\/schema\/person\/image\/","url":"https:\/\/secure.gravatar.com\/avatar\/777b90ab56092bbf3c85feacda5c1bce?s=96&d=mm&r=g","contentUrl":"https:\/\/secure.gravatar.com\/avatar\/777b90ab56092bbf3c85feacda5c1bce?s=96&d=mm&r=g","caption":"upwork_2"},"url":"https:\/\/www.m-q.ch\/fr\/author\/upwork_2\/"}]}},"_links":{"self":[{"href":"https:\/\/www.m-q.ch\/fr\/wp-json\/wp\/v2\/posts\/12063","targetHints":{"allow":["GET"]}}],"collection":[{"href":"https:\/\/www.m-q.ch\/fr\/wp-json\/wp\/v2\/posts"}],"about":[{"href":"https:\/\/www.m-q.ch\/fr\/wp-json\/wp\/v2\/types\/post"}],"author":[{"embeddable":true,"href":"https:\/\/www.m-q.ch\/fr\/wp-json\/wp\/v2\/users\/62"}],"replies":[{"embeddable":true,"href":"https:\/\/www.m-q.ch\/fr\/wp-json\/wp\/v2\/comments?post=12063"}],"version-history":[{"count":1,"href":"https:\/\/www.m-q.ch\/fr\/wp-json\/wp\/v2\/posts\/12063\/revisions"}],"predecessor-version":[{"id":12083,"href":"https:\/\/www.m-q.ch\/fr\/wp-json\/wp\/v2\/posts\/12063\/revisions\/12083"}],"wp:featuredmedia":[{"embeddable":true,"href":"https:\/\/www.m-q.ch\/fr\/wp-json\/wp\/v2\/media\/12080"}],"wp:attachment":[{"href":"https:\/\/www.m-q.ch\/fr\/wp-json\/wp\/v2\/media?parent=12063"}],"wp:term":[{"taxonomy":"category","embeddable":true,"href":"https:\/\/www.m-q.ch\/fr\/wp-json\/wp\/v2\/categories?post=12063"},{"taxonomy":"post_tag","embeddable":true,"href":"https:\/\/www.m-q.ch\/fr\/wp-json\/wp\/v2\/tags?post=12063"}],"curies":[{"name":"wp","href":"https:\/\/api.w.org\/{rel}","templated":true}]}}