{"id":12065,"date":"2015-06-07T14:03:40","date_gmt":"2015-06-07T12:03:40","guid":{"rendered":"https:\/\/www.m-q.ch\/?p=12065"},"modified":"2021-02-15T14:31:05","modified_gmt":"2021-02-15T13:31:05","slug":"les-semaines-de-lenergie-montrent-le-potentiel-deconomie","status":"publish","type":"post","link":"https:\/\/www.m-q.ch\/fr\/energiewochen-zeigen-sparpotenzial\/","title":{"rendered":"Les semaines de l'\u00e9nergie montrent un potentiel d'\u00e9conomies"},"content":{"rendered":"<p><img loading=\"lazy\" decoding=\"async\" class=\"alignnone size-full wp-image-12087\" src=\"https:\/\/www.m-q.ch\/wp-content\/uploads\/2021\/02\/Energiewochen-zeigen-Sparpotenzial.jpg\" alt=\"Les semaines de l&#039;\u00e9nergie montrent un potentiel d&#039;\u00e9conomies\" width=\"879\" height=\"604\" srcset=\"https:\/\/www.m-q.ch\/wp-content\/uploads\/2021\/02\/Energiewochen-zeigen-Sparpotenzial.jpg 879w, https:\/\/www.m-q.ch\/wp-content\/uploads\/2021\/02\/Energiewochen-zeigen-Sparpotenzial-768x528.jpg 768w, https:\/\/www.m-q.ch\/wp-content\/uploads\/2021\/02\/Energiewochen-zeigen-Sparpotenzial-16x12.jpg 16w, https:\/\/www.m-q.ch\/wp-content\/uploads\/2021\/02\/Energiewochen-zeigen-Sparpotenzial-255x175.jpg 255w, https:\/\/www.m-q.ch\/wp-content\/uploads\/2021\/02\/Energiewochen-zeigen-Sparpotenzial-509x350.jpg 509w, https:\/\/www.m-q.ch\/wp-content\/uploads\/2021\/02\/Energiewochen-zeigen-Sparpotenzial-300x206.jpg 300w\" sizes=\"auto, (max-width: 879px) 100vw, 879px\" \/><\/p>\n<p>&nbsp;<\/p>\n<p>&nbsp;<\/p>\n<p>Des \u00e9conomies d'\u00e9lectricit\u00e9 quotidiennes de 2,5 \u00e0 11,2 % (moyenne moins 6,5 %) par rapport \u00e0 la m\u00eame p\u00e9riode l'ann\u00e9e derni\u00e8re - c'est le r\u00e9sultat positif des semaines de l'\u00e9nergie \u00e0 Suva. Au total, les quelque 3 200 employ\u00e9s de la Suva ont \u00e9conomis\u00e9 16 932 kWh d'\u00e9lectricit\u00e9 pendant les Semaines de l'\u00e9nergie gr\u00e2ce \u00e0 un comportement conscient. En extrapolant, cela signifie une \u00e9conomie de plus de 60 000 francs par an sur les co\u00fbts de l'\u00e9lectricit\u00e9, si l'\u00e9lectricit\u00e9 est \u00e9conomis\u00e9e \u00e0 la m\u00eame \u00e9chelle.<\/p>\n<p><strong>De bas en haut : l'id\u00e9e du personnel<\/strong><\/p>\n<p>&nbsp;<\/p>\n<p>\u00c0 Suva, la question s'est pos\u00e9e de savoir \u00e0 quoi devait servir l'argent de la restitution de CO2. Un membre du groupe de sp\u00e9cialistes de la durabilit\u00e9 connaissait d\u00e9j\u00e0 les semaines de l'\u00e9nergie de l'EKZ et en a \u00e9t\u00e9 convaincu. Le groupe de sp\u00e9cialistes s'est adress\u00e9 \u00e0 la direction pour organiser ces semaines de sensibilisation. La direction a d\u00e9cid\u00e9 en principe que l'argent de la restitution de CO2 devrait \u00eatre utilis\u00e9 pour des projets durables tels que les Semaines de l'\u00e9nergie. Il a \u00e9t\u00e9 d\u00e9cid\u00e9 de ne pas investir principalement dans des projets de compensation, mais de se concentrer sur l'efficacit\u00e9 \u00e9nerg\u00e9tique op\u00e9rationnelle. \u00c0 Suva, les Semaines de l'\u00e9nergie sont donc n\u00e9es d'un processus ascendant.<\/p>\n<p><strong>La continuit\u00e9 est cruciale<\/strong><\/p>\n<p>&nbsp;<\/p>\n<p>Les Semaines de l'\u00e9nergie ont commenc\u00e9 par un court m\u00e9trage produit sp\u00e9cialement pour Suva. Le film a inform\u00e9 tous les employ\u00e9s de mani\u00e8re professionnelle et humoristique sur la proc\u00e9dure et les objectifs des Semaines de l'\u00e9nergie. Dans le film, l'engagement du directeur g\u00e9n\u00e9ral de la Suva, Ulrich Fricker, a \u00e9t\u00e9 particuli\u00e8rement important. Le c\u0153ur des Semaines de l'\u00e9nergie \u00e9tait l'information sur l'\u00e9nergie, qui \u00e9tait envoy\u00e9e quotidiennement par courrier \u00e9lectronique \u00e0 tous les employ\u00e9s. Les conseillers ont fourni des informations sur des sujets tels que la consommation en mode veille, l'\u00e9clairage, le chauffage\/la ventilation et la mobilit\u00e9. Selon le service de conseil en \u00e9nergie d'EKZ, il est important que les informations soient fournies en permanence et par diff\u00e9rents canaux. La Suva a \u00e9galement eu recours \u00e0 diverses mesures de communication : un pilier de quiz sur l'\u00e9nergie dans tous les sites de la Suva a encourag\u00e9 les employ\u00e9s \u00e0 r\u00e9pondre \u00e0 des questions sur l'\u00e9nergie. Le dossier destin\u00e9 \u00e0 tous les employ\u00e9s fournissait des informations sur diff\u00e9rents domaines de l'efficacit\u00e9 \u00e9nerg\u00e9tique. Le cube \u00e9nerg\u00e9tique sur chaque lieu de travail a rappel\u00e9 aux employ\u00e9s les changements de comportement souhait\u00e9s. Le concours sur l'\u00e9nergie avec un tirage au sort a motiv\u00e9 les employ\u00e9s \u00e0 en savoir plus sur l'\u00e9nergie. La communication quotidienne des donn\u00e9es de mesure a cr\u00e9\u00e9 une identification et a stimul\u00e9 les discussions entre les employ\u00e9s. Le pr\u00eat d'appareils de mesure de l'\u00e9lectricit\u00e9 a permis de localiser les consommateurs d'\u00e9lectricit\u00e9. De plus, un consultant en \u00e9nergie d'EKZ a visit\u00e9 chacun des 21 sites de Suva et a r\u00e9pondu aux questions des employ\u00e9s dans un point d'information. Le large \u00e9ventail d'informations disponibles a un impact : les valeurs de consommation s'am\u00e9liorent r\u00e9guli\u00e8rement au cours des semaines de l'\u00e9nergie.<\/p>\n<p><strong>Avantages priv\u00e9s pour les salari\u00e9s<\/strong><\/p>\n<p>&nbsp;<\/p>\n<p>Les courbes de consommation sont \u00e9galement influenc\u00e9es par des facteurs externes et ne d\u00e9pendent donc pas exclusivement du comportement. Les Semaines de l'\u00e9nergie ont incit\u00e9 \u00e0 repenser et \u00e0 modifier les comportements personnels. L'objectif est de parvenir \u00e0 un changement de comportement conscient en mati\u00e8re d'\u00e9nergie. Cela a un effet positif non seulement sur le bilan \u00e9nerg\u00e9tique et la culture d'entreprise, mais aussi sur le comportement \u00e9nerg\u00e9tique des particuliers. L'EKZ vise \u00e9galement cet effet secondaire. Nombre de ces conseils peuvent \u00eatre appliqu\u00e9s individuellement dans le secteur priv\u00e9. Un guide de l'\u00e9nergie est inclus dans le dossier de l'employ\u00e9. Le compteur d'\u00e9nergie encourage les employ\u00e9s \u00e0 traquer leurs consommateurs d'\u00e9nergie \u00e0 la maison \u00e9galement.<\/p>\n<p><strong>La pr\u00e9paration logistique est cruciale<\/strong><\/p>\n<p>&nbsp;<\/p>\n<p>Seule une organisation bien pens\u00e9e a fait des Semaines de l'\u00e9nergie \u00e0 Suva, avec ses 21 sites et ses 3200 employ\u00e9s, un succ\u00e8s. C'est pourquoi les agents de s\u00e9curit\u00e9 des agences ont \u00e9t\u00e9 les contacts internes sur place pour ce projet. Ils \u00e9taient responsables de l'organisation ainsi que de la collecte des donn\u00e9es dans les agences et de leur transmission quotidienne \u00e0 l'ACF. Une bonne pr\u00e9paration est importante. Il est notamment essentiel de discuter \u00e0 l'avance avec les responsables informatiques et les concierges des conseils qui peuvent \u00eatre mis en \u0153uvre et de ce qui doit \u00eatre pris en compte. Afin de g\u00e9rer logistiquement les semaines de l'\u00e9nergie, elles se sont d\u00e9roul\u00e9es en trois phases. Six \u00e0 huit sites ont \u00e9t\u00e9 impliqu\u00e9s dans chaque phase, avec l'avantage que les consultants en \u00e9nergie d'EKZ ont pu consacrer suffisamment de temps aux \u00e9changes avec les employ\u00e9s des points d'information.<\/p>\n<p><strong>Les professionnels font attention \u00e0 l'image<\/strong><\/p>\n<p>&nbsp;<\/p>\n<p>Outre la r\u00e9duction des co\u00fbts \u00e9nerg\u00e9tiques et des \u00e9missions, les consultants en \u00e9nergie de l'EKZ voient \u00e9galement d'autres avantages pour les entreprises dans le cadre des Semaines de l'\u00e9nergie. L'utilisation consciente de l'\u00e9nergie contribue \u00e9galement beaucoup \u00e0 une image positive de l'entreprise. Pour les professionnels \u00e0 la recherche d'un emploi, le comportement durable d'une entreprise est aussi de plus en plus un crit\u00e8re de d\u00e9cision. Les possibilit\u00e9s de formation continue pour le personnel jouent \u00e9galement un r\u00f4le important. Christian Marfurt consid\u00e8re les Semaines de l'\u00e9nergie comme une formation interne \u00e0 l'entreprise, dont chacun peut b\u00e9n\u00e9ficier personnellement.<\/p>\n<p>&nbsp;<\/p>\n<p>\u00c0 la suite des semaines de l'\u00e9nergie de l'EKZ, la Suva a mis en \u0153uvre d'autres mesures d'efficacit\u00e9 \u00e9nerg\u00e9tique \u00e0 un co\u00fbt relativement faible. Les blocs multiprises avec bouton d'arr\u00eat permettent d'\u00e9teindre plus facilement et rapidement les \u00e9quipements, et les minuteries d\u00e9connectent automatiquement les imprimantes de l'alimentation \u00e9lectrique. Le d\u00e9partement de la durabilit\u00e9 nouvellement cr\u00e9\u00e9 a mis en place un syst\u00e8me de contr\u00f4le de l'\u00e9nergie. La Suva s'attend \u00e0 ce que cela conduise \u00e0 de nouvelles \u00e9conomies importantes.<\/p>\n<p>&nbsp;<\/p>\n<p>&nbsp;<\/p>","protected":false},"excerpt":{"rendered":"<p>&nbsp; &nbsp; T\u00e4gliche Stromeinsparungen zwischen 2,5 Prozent und 11,2 Prozent (durchschnittlich minus 6,5 Prozent) gegen\u00fcber der Vergleichsperiode \u2013 so lautet das positive Resultat der Energiewochen bei der Suva. Insgesamt sparten die rund 3200 Mitarbeitenden der Suva w\u00e4hrend der Energiewochen mit bewusstem Verhalten 16 932 kWh Strom ein. Hochgerechnet sind dies Stromkosteneinsparungen von \u00fcber 60 000 [&hellip;]<\/p>\n","protected":false},"author":62,"featured_media":12087,"comment_status":"closed","ping_status":"closed","sticky":false,"template":"","format":"standard","meta":{"_acf_changed":false,"footnotes":""},"categories":[5],"tags":[4792],"class_list":["post-12065","post","type-post","status-publish","format-standard","has-post-thumbnail","hentry","category-business_excellence","tag-06-2015"],"acf":[],"yoast_head":"<!-- This site is optimized with the Yoast SEO plugin v26.2 - https:\/\/yoast.com\/wordpress\/plugins\/seo\/ -->\n<title>Energiewochen zeigen Sparpotenzial - MQ Management und Qualit\u00e4t<\/title>\n<meta name=\"description\" content=\"Die Elektrizit\u00e4tswerke des Kantons Z\u00fcrich habenbei der Suva Energiewochen durchgef\u00fchrt. DieMitarbeitenden der Suva bewiesen: Der sinnvolleUmgang mit Energie ist dank einfacher Verhaltens\u00e4nderungenm\u00f6glich \u2013 dies mit erheblichen Einsparungenbei den Stromkosten. Von den Energiewochenprofitieren die Mitarbeitenden auch privat.\" \/>\n<meta name=\"robots\" content=\"index, follow, max-snippet:-1, max-image-preview:large, max-video-preview:-1\" \/>\n<link rel=\"canonical\" href=\"https:\/\/www.m-q.ch\/fr\/les-semaines-de-lenergie-montrent-le-potentiel-deconomie\/\" \/>\n<meta property=\"og:locale\" content=\"fr_FR\" \/>\n<meta property=\"og:type\" content=\"article\" \/>\n<meta property=\"og:title\" content=\"Energiewochen zeigen Sparpotenzial - MQ Management und Qualit\u00e4t\" \/>\n<meta property=\"og:description\" content=\"Die Elektrizit\u00e4tswerke des Kantons Z\u00fcrich habenbei der Suva Energiewochen durchgef\u00fchrt. DieMitarbeitenden der Suva bewiesen: Der sinnvolleUmgang mit Energie ist dank einfacher Verhaltens\u00e4nderungenm\u00f6glich \u2013 dies mit erheblichen Einsparungenbei den Stromkosten. Von den Energiewochenprofitieren die Mitarbeitenden auch privat.\" \/>\n<meta property=\"og:url\" content=\"https:\/\/www.m-q.ch\/fr\/les-semaines-de-lenergie-montrent-le-potentiel-deconomie\/\" \/>\n<meta property=\"og:site_name\" content=\"MQ Management und Qualit\u00e4t\" \/>\n<meta property=\"article:publisher\" content=\"https:\/\/www.facebook.com\/ManagementUndQualitaet\" \/>\n<meta property=\"article:published_time\" content=\"2015-06-07T12:03:40+00:00\" \/>\n<meta property=\"article:modified_time\" content=\"2021-02-15T13:31:05+00:00\" \/>\n<meta property=\"og:image\" content=\"https:\/\/www.m-q.ch\/wp-content\/uploads\/2021\/02\/Energiewochen-zeigen-Sparpotenzial.jpg\" \/>\n\t<meta property=\"og:image:width\" content=\"879\" \/>\n\t<meta property=\"og:image:height\" content=\"604\" \/>\n\t<meta property=\"og:image:type\" content=\"image\/jpeg\" \/>\n<meta name=\"author\" content=\"upwork_2\" \/>\n<meta name=\"twitter:card\" content=\"summary_large_image\" \/>\n<meta name=\"twitter:label1\" content=\"\u00c9crit par\" \/>\n\t<meta name=\"twitter:data1\" content=\"upwork_2\" \/>\n\t<meta name=\"twitter:label2\" content=\"Dur\u00e9e de lecture estim\u00e9e\" \/>\n\t<meta name=\"twitter:data2\" content=\"4 minutes\" \/>\n<script type=\"application\/ld+json\" class=\"yoast-schema-graph\">{\"@context\":\"https:\/\/schema.org\",\"@graph\":[{\"@type\":\"Article\",\"@id\":\"https:\/\/www.m-q.ch\/energiewochen-zeigen-sparpotenzial\/#article\",\"isPartOf\":{\"@id\":\"https:\/\/www.m-q.ch\/energiewochen-zeigen-sparpotenzial\/\"},\"author\":{\"name\":\"upwork_2\",\"@id\":\"https:\/\/www.m-q.ch\/fr\/#\/schema\/person\/71f647a41e4a3e361e6230f5134f3ba9\"},\"headline\":\"Energiewochen zeigen Sparpotenzial\",\"datePublished\":\"2015-06-07T12:03:40+00:00\",\"dateModified\":\"2021-02-15T13:31:05+00:00\",\"mainEntityOfPage\":{\"@id\":\"https:\/\/www.m-q.ch\/energiewochen-zeigen-sparpotenzial\/\"},\"wordCount\":774,\"publisher\":{\"@id\":\"https:\/\/www.m-q.ch\/fr\/#organization\"},\"image\":{\"@id\":\"https:\/\/www.m-q.ch\/energiewochen-zeigen-sparpotenzial\/#primaryimage\"},\"thumbnailUrl\":\"https:\/\/www.m-q.ch\/wp-content\/uploads\/2021\/02\/Energiewochen-zeigen-Sparpotenzial.jpg\",\"keywords\":[\"06\/2015\"],\"articleSection\":[\"Business Excellence\"],\"inLanguage\":\"fr-FR\"},{\"@type\":\"WebPage\",\"@id\":\"https:\/\/www.m-q.ch\/energiewochen-zeigen-sparpotenzial\/\",\"url\":\"https:\/\/www.m-q.ch\/energiewochen-zeigen-sparpotenzial\/\",\"name\":\"Energiewochen zeigen Sparpotenzial - MQ Management und Qualit\u00e4t\",\"isPartOf\":{\"@id\":\"https:\/\/www.m-q.ch\/fr\/#website\"},\"primaryImageOfPage\":{\"@id\":\"https:\/\/www.m-q.ch\/energiewochen-zeigen-sparpotenzial\/#primaryimage\"},\"image\":{\"@id\":\"https:\/\/www.m-q.ch\/energiewochen-zeigen-sparpotenzial\/#primaryimage\"},\"thumbnailUrl\":\"https:\/\/www.m-q.ch\/wp-content\/uploads\/2021\/02\/Energiewochen-zeigen-Sparpotenzial.jpg\",\"datePublished\":\"2015-06-07T12:03:40+00:00\",\"dateModified\":\"2021-02-15T13:31:05+00:00\",\"description\":\"Die Elektrizit\u00e4tswerke des Kantons Z\u00fcrich habenbei der Suva Energiewochen durchgef\u00fchrt. DieMitarbeitenden der Suva bewiesen: Der sinnvolleUmgang mit Energie ist dank einfacher Verhaltens\u00e4nderungenm\u00f6glich \u2013 dies mit erheblichen Einsparungenbei den Stromkosten. Von den Energiewochenprofitieren die Mitarbeitenden auch privat.\",\"breadcrumb\":{\"@id\":\"https:\/\/www.m-q.ch\/energiewochen-zeigen-sparpotenzial\/#breadcrumb\"},\"inLanguage\":\"fr-FR\",\"potentialAction\":[{\"@type\":\"ReadAction\",\"target\":[\"https:\/\/www.m-q.ch\/energiewochen-zeigen-sparpotenzial\/\"]}]},{\"@type\":\"ImageObject\",\"inLanguage\":\"fr-FR\",\"@id\":\"https:\/\/www.m-q.ch\/energiewochen-zeigen-sparpotenzial\/#primaryimage\",\"url\":\"https:\/\/www.m-q.ch\/wp-content\/uploads\/2021\/02\/Energiewochen-zeigen-Sparpotenzial.jpg\",\"contentUrl\":\"https:\/\/www.m-q.ch\/wp-content\/uploads\/2021\/02\/Energiewochen-zeigen-Sparpotenzial.jpg\",\"width\":879,\"height\":604,\"caption\":\"Energiewochen zeigen Sparpotenzial\"},{\"@type\":\"BreadcrumbList\",\"@id\":\"https:\/\/www.m-q.ch\/energiewochen-zeigen-sparpotenzial\/#breadcrumb\",\"itemListElement\":[{\"@type\":\"ListItem\",\"position\":1,\"name\":\"Business Excellence\",\"item\":\"https:\/\/www.m-q.ch\/kategorie\/business_excellence\/\"},{\"@type\":\"ListItem\",\"position\":2,\"name\":\"Energiewochen zeigen Sparpotenzial\"}]},{\"@type\":\"WebSite\",\"@id\":\"https:\/\/www.m-q.ch\/fr\/#website\",\"url\":\"https:\/\/www.m-q.ch\/fr\/\",\"name\":\"MQ Management und Qualit\u00e4t\",\"description\":\"Plattform f\u00fcr integrierte Managementsysteme.\",\"publisher\":{\"@id\":\"https:\/\/www.m-q.ch\/fr\/#organization\"},\"potentialAction\":[{\"@type\":\"SearchAction\",\"target\":{\"@type\":\"EntryPoint\",\"urlTemplate\":\"https:\/\/www.m-q.ch\/fr\/?s={search_term_string}\"},\"query-input\":{\"@type\":\"PropertyValueSpecification\",\"valueRequired\":true,\"valueName\":\"search_term_string\"}}],\"inLanguage\":\"fr-FR\"},{\"@type\":\"Organization\",\"@id\":\"https:\/\/www.m-q.ch\/fr\/#organization\",\"name\":\"Galledia Fachmedien AG\",\"url\":\"https:\/\/www.m-q.ch\/fr\/\",\"logo\":{\"@type\":\"ImageObject\",\"inLanguage\":\"fr-FR\",\"@id\":\"https:\/\/www.m-q.ch\/fr\/#\/schema\/logo\/image\/\",\"url\":\"https:\/\/www.m-q.ch\/wp-content\/uploads\/2020\/12\/cropped-logo_small.png\",\"contentUrl\":\"https:\/\/www.m-q.ch\/wp-content\/uploads\/2020\/12\/cropped-logo_small.png\",\"width\":512,\"height\":512,\"caption\":\"Galledia Fachmedien AG\"},\"image\":{\"@id\":\"https:\/\/www.m-q.ch\/fr\/#\/schema\/logo\/image\/\"},\"sameAs\":[\"https:\/\/www.facebook.com\/ManagementUndQualitaet\",\"https:\/\/www.linkedin.com\/showcase\/17982321\/admin\/\"]},{\"@type\":\"Person\",\"@id\":\"https:\/\/www.m-q.ch\/fr\/#\/schema\/person\/71f647a41e4a3e361e6230f5134f3ba9\",\"name\":\"upwork_2\",\"image\":{\"@type\":\"ImageObject\",\"inLanguage\":\"fr-FR\",\"@id\":\"https:\/\/www.m-q.ch\/fr\/#\/schema\/person\/image\/\",\"url\":\"https:\/\/secure.gravatar.com\/avatar\/777b90ab56092bbf3c85feacda5c1bce?s=96&d=mm&r=g\",\"contentUrl\":\"https:\/\/secure.gravatar.com\/avatar\/777b90ab56092bbf3c85feacda5c1bce?s=96&d=mm&r=g\",\"caption\":\"upwork_2\"},\"url\":\"https:\/\/www.m-q.ch\/fr\/author\/upwork_2\/\"}]}<\/script>\n<!-- \/ Yoast SEO plugin. -->","yoast_head_json":{"title":"Les semaines de l'\u00e9nergie montrent un potentiel d'\u00e9conomies - MQ Management und Qualit\u00e4t","description":"Les travaux d'\u00e9lectricit\u00e9 du canton de Zurich ont organis\u00e9 des semaines de l'\u00e9nergie \u00e0 Suva. Les employ\u00e9s de la Suva ont prouv\u00e9 qu'il est possible d'utiliser l'\u00e9nergie de mani\u00e8re raisonnable : Gr\u00e2ce \u00e0 de simples changements de comportement, il est possible d'utiliser l'\u00e9nergie de mani\u00e8re rationnelle - avec des \u00e9conomies consid\u00e9rables sur les co\u00fbts de l'\u00e9lectricit\u00e9. Les employ\u00e9s ont \u00e9galement b\u00e9n\u00e9fici\u00e9 des semaines de l'\u00e9nergie dans leur vie priv\u00e9e.","robots":{"index":"index","follow":"follow","max-snippet":"max-snippet:-1","max-image-preview":"max-image-preview:large","max-video-preview":"max-video-preview:-1"},"canonical":"https:\/\/www.m-q.ch\/fr\/les-semaines-de-lenergie-montrent-le-potentiel-deconomie\/","og_locale":"fr_FR","og_type":"article","og_title":"Energiewochen zeigen Sparpotenzial - MQ Management und Qualit\u00e4t","og_description":"Die Elektrizit\u00e4tswerke des Kantons Z\u00fcrich habenbei der Suva Energiewochen durchgef\u00fchrt. DieMitarbeitenden der Suva bewiesen: Der sinnvolleUmgang mit Energie ist dank einfacher Verhaltens\u00e4nderungenm\u00f6glich \u2013 dies mit erheblichen Einsparungenbei den Stromkosten. Von den Energiewochenprofitieren die Mitarbeitenden auch privat.","og_url":"https:\/\/www.m-q.ch\/fr\/les-semaines-de-lenergie-montrent-le-potentiel-deconomie\/","og_site_name":"MQ Management und Qualit\u00e4t","article_publisher":"https:\/\/www.facebook.com\/ManagementUndQualitaet","article_published_time":"2015-06-07T12:03:40+00:00","article_modified_time":"2021-02-15T13:31:05+00:00","og_image":[{"width":879,"height":604,"url":"https:\/\/www.m-q.ch\/wp-content\/uploads\/2021\/02\/Energiewochen-zeigen-Sparpotenzial.jpg","type":"image\/jpeg"}],"author":"upwork_2","twitter_card":"summary_large_image","twitter_misc":{"\u00c9crit par":"upwork_2","Dur\u00e9e de lecture estim\u00e9e":"4 minutes"},"schema":{"@context":"https:\/\/schema.org","@graph":[{"@type":"Article","@id":"https:\/\/www.m-q.ch\/energiewochen-zeigen-sparpotenzial\/#article","isPartOf":{"@id":"https:\/\/www.m-q.ch\/energiewochen-zeigen-sparpotenzial\/"},"author":{"name":"upwork_2","@id":"https:\/\/www.m-q.ch\/fr\/#\/schema\/person\/71f647a41e4a3e361e6230f5134f3ba9"},"headline":"Energiewochen zeigen Sparpotenzial","datePublished":"2015-06-07T12:03:40+00:00","dateModified":"2021-02-15T13:31:05+00:00","mainEntityOfPage":{"@id":"https:\/\/www.m-q.ch\/energiewochen-zeigen-sparpotenzial\/"},"wordCount":774,"publisher":{"@id":"https:\/\/www.m-q.ch\/fr\/#organization"},"image":{"@id":"https:\/\/www.m-q.ch\/energiewochen-zeigen-sparpotenzial\/#primaryimage"},"thumbnailUrl":"https:\/\/www.m-q.ch\/wp-content\/uploads\/2021\/02\/Energiewochen-zeigen-Sparpotenzial.jpg","keywords":["06\/2015"],"articleSection":["Business Excellence"],"inLanguage":"fr-FR"},{"@type":"WebPage","@id":"https:\/\/www.m-q.ch\/energiewochen-zeigen-sparpotenzial\/","url":"https:\/\/www.m-q.ch\/energiewochen-zeigen-sparpotenzial\/","name":"Les semaines de l'\u00e9nergie montrent un potentiel d'\u00e9conomies - MQ Management und Qualit\u00e4t","isPartOf":{"@id":"https:\/\/www.m-q.ch\/fr\/#website"},"primaryImageOfPage":{"@id":"https:\/\/www.m-q.ch\/energiewochen-zeigen-sparpotenzial\/#primaryimage"},"image":{"@id":"https:\/\/www.m-q.ch\/energiewochen-zeigen-sparpotenzial\/#primaryimage"},"thumbnailUrl":"https:\/\/www.m-q.ch\/wp-content\/uploads\/2021\/02\/Energiewochen-zeigen-Sparpotenzial.jpg","datePublished":"2015-06-07T12:03:40+00:00","dateModified":"2021-02-15T13:31:05+00:00","description":"Les travaux d'\u00e9lectricit\u00e9 du canton de Zurich ont organis\u00e9 des semaines de l'\u00e9nergie \u00e0 Suva. Les employ\u00e9s de la Suva ont prouv\u00e9 qu'il est possible d'utiliser l'\u00e9nergie de mani\u00e8re raisonnable : Gr\u00e2ce \u00e0 de simples changements de comportement, il est possible d'utiliser l'\u00e9nergie de mani\u00e8re rationnelle - avec des \u00e9conomies consid\u00e9rables sur les co\u00fbts de l'\u00e9lectricit\u00e9. Les employ\u00e9s ont \u00e9galement b\u00e9n\u00e9fici\u00e9 des semaines de l'\u00e9nergie dans leur vie priv\u00e9e.","breadcrumb":{"@id":"https:\/\/www.m-q.ch\/energiewochen-zeigen-sparpotenzial\/#breadcrumb"},"inLanguage":"fr-FR","potentialAction":[{"@type":"ReadAction","target":["https:\/\/www.m-q.ch\/energiewochen-zeigen-sparpotenzial\/"]}]},{"@type":"ImageObject","inLanguage":"fr-FR","@id":"https:\/\/www.m-q.ch\/energiewochen-zeigen-sparpotenzial\/#primaryimage","url":"https:\/\/www.m-q.ch\/wp-content\/uploads\/2021\/02\/Energiewochen-zeigen-Sparpotenzial.jpg","contentUrl":"https:\/\/www.m-q.ch\/wp-content\/uploads\/2021\/02\/Energiewochen-zeigen-Sparpotenzial.jpg","width":879,"height":604,"caption":"Energiewochen zeigen Sparpotenzial"},{"@type":"BreadcrumbList","@id":"https:\/\/www.m-q.ch\/energiewochen-zeigen-sparpotenzial\/#breadcrumb","itemListElement":[{"@type":"ListItem","position":1,"name":"Business Excellence","item":"https:\/\/www.m-q.ch\/kategorie\/business_excellence\/"},{"@type":"ListItem","position":2,"name":"Energiewochen zeigen Sparpotenzial"}]},{"@type":"WebSite","@id":"https:\/\/www.m-q.ch\/fr\/#website","url":"https:\/\/www.m-q.ch\/fr\/","name":"Gestion et qualit\u00e9 du QM","description":"Plate-forme pour les syst\u00e8mes de gestion int\u00e9gr\u00e9e.","publisher":{"@id":"https:\/\/www.m-q.ch\/fr\/#organization"},"potentialAction":[{"@type":"SearchAction","target":{"@type":"EntryPoint","urlTemplate":"https:\/\/www.m-q.ch\/fr\/?s={search_term_string}"},"query-input":{"@type":"PropertyValueSpecification","valueRequired":true,"valueName":"search_term_string"}}],"inLanguage":"fr-FR"},{"@type":"Organization","@id":"https:\/\/www.m-q.ch\/fr\/#organization","name":"Galledia Trade Media AG","url":"https:\/\/www.m-q.ch\/fr\/","logo":{"@type":"ImageObject","inLanguage":"fr-FR","@id":"https:\/\/www.m-q.ch\/fr\/#\/schema\/logo\/image\/","url":"https:\/\/www.m-q.ch\/wp-content\/uploads\/2020\/12\/cropped-logo_small.png","contentUrl":"https:\/\/www.m-q.ch\/wp-content\/uploads\/2020\/12\/cropped-logo_small.png","width":512,"height":512,"caption":"Galledia Fachmedien AG"},"image":{"@id":"https:\/\/www.m-q.ch\/fr\/#\/schema\/logo\/image\/"},"sameAs":["https:\/\/www.facebook.com\/ManagementUndQualitaet","https:\/\/www.linkedin.com\/showcase\/17982321\/admin\/"]},{"@type":"Person","@id":"https:\/\/www.m-q.ch\/fr\/#\/schema\/person\/71f647a41e4a3e361e6230f5134f3ba9","name":"upwork_2","image":{"@type":"ImageObject","inLanguage":"fr-FR","@id":"https:\/\/www.m-q.ch\/fr\/#\/schema\/person\/image\/","url":"https:\/\/secure.gravatar.com\/avatar\/777b90ab56092bbf3c85feacda5c1bce?s=96&d=mm&r=g","contentUrl":"https:\/\/secure.gravatar.com\/avatar\/777b90ab56092bbf3c85feacda5c1bce?s=96&d=mm&r=g","caption":"upwork_2"},"url":"https:\/\/www.m-q.ch\/fr\/author\/upwork_2\/"}]}},"_links":{"self":[{"href":"https:\/\/www.m-q.ch\/fr\/wp-json\/wp\/v2\/posts\/12065","targetHints":{"allow":["GET"]}}],"collection":[{"href":"https:\/\/www.m-q.ch\/fr\/wp-json\/wp\/v2\/posts"}],"about":[{"href":"https:\/\/www.m-q.ch\/fr\/wp-json\/wp\/v2\/types\/post"}],"author":[{"embeddable":true,"href":"https:\/\/www.m-q.ch\/fr\/wp-json\/wp\/v2\/users\/62"}],"replies":[{"embeddable":true,"href":"https:\/\/www.m-q.ch\/fr\/wp-json\/wp\/v2\/comments?post=12065"}],"version-history":[{"count":1,"href":"https:\/\/www.m-q.ch\/fr\/wp-json\/wp\/v2\/posts\/12065\/revisions"}],"predecessor-version":[{"id":12088,"href":"https:\/\/www.m-q.ch\/fr\/wp-json\/wp\/v2\/posts\/12065\/revisions\/12088"}],"wp:featuredmedia":[{"embeddable":true,"href":"https:\/\/www.m-q.ch\/fr\/wp-json\/wp\/v2\/media\/12087"}],"wp:attachment":[{"href":"https:\/\/www.m-q.ch\/fr\/wp-json\/wp\/v2\/media?parent=12065"}],"wp:term":[{"taxonomy":"category","embeddable":true,"href":"https:\/\/www.m-q.ch\/fr\/wp-json\/wp\/v2\/categories?post=12065"},{"taxonomy":"post_tag","embeddable":true,"href":"https:\/\/www.m-q.ch\/fr\/wp-json\/wp\/v2\/tags?post=12065"}],"curies":[{"name":"wp","href":"https:\/\/api.w.org\/{rel}","templated":true}]}}