{"id":12077,"date":"2016-11-03T14:11:45","date_gmt":"2016-11-03T13:11:45","guid":{"rendered":"https:\/\/www.m-q.ch\/?p=12077"},"modified":"2021-02-15T14:20:29","modified_gmt":"2021-02-15T13:20:29","slug":"le-langage-non-contraignant-nuit-a-la-culture-dentreprise-dans-les-hopitaux","status":"publish","type":"post","link":"https:\/\/www.m-q.ch\/fr\/unverbindliche-sprache-schadet-der-unternehmenskultur-in-spitaelern\/","title":{"rendered":"Le langage non engageant nuit \u00e0 la culture d'entreprise dans les h\u00f4pitaux"},"content":{"rendered":"<p><img loading=\"lazy\" decoding=\"async\" class=\"alignnone size-full wp-image-12078\" src=\"https:\/\/www.m-q.ch\/wp-content\/uploads\/2021\/02\/Unverbindliche-Sprache-schadet-der-Unternehmenskultur-in-Spitaelern.jpg\" alt=\"Le langage non engageant nuit \u00e0 la culture d&#039;entreprise dans les h\u00f4pitaux\" width=\"853\" height=\"530\" srcset=\"https:\/\/www.m-q.ch\/wp-content\/uploads\/2021\/02\/Unverbindliche-Sprache-schadet-der-Unternehmenskultur-in-Spitaelern.jpg 853w, https:\/\/www.m-q.ch\/wp-content\/uploads\/2021\/02\/Unverbindliche-Sprache-schadet-der-Unternehmenskultur-in-Spitaelern-768x477.jpg 768w, https:\/\/www.m-q.ch\/wp-content\/uploads\/2021\/02\/Unverbindliche-Sprache-schadet-der-Unternehmenskultur-in-Spitaelern-16x10.jpg 16w, https:\/\/www.m-q.ch\/wp-content\/uploads\/2021\/02\/Unverbindliche-Sprache-schadet-der-Unternehmenskultur-in-Spitaelern-282x175.jpg 282w, https:\/\/www.m-q.ch\/wp-content\/uploads\/2021\/02\/Unverbindliche-Sprache-schadet-der-Unternehmenskultur-in-Spitaelern-563x350.jpg 563w, https:\/\/www.m-q.ch\/wp-content\/uploads\/2021\/02\/Unverbindliche-Sprache-schadet-der-Unternehmenskultur-in-Spitaelern-300x186.jpg 300w\" sizes=\"auto, (max-width: 853px) 100vw, 853px\" \/><\/p>\n<p>&nbsp;<\/p>\n<p>&nbsp;<\/p>\n<p>&nbsp;<\/p>\n<p><em><strong>S<\/strong><\/em>ujourd'hui, les sup\u00e9rieurs et leurs subordonn\u00e9s \u00e9voluent dans un environnement caract\u00e9ris\u00e9 par des mots \u00e0 la mode, des phrases vides et des mots \u00e9trangers. Au plus tard lorsque les attentes ne sont pas satisfaites, il devient \u00e9vident que les gens se parlent en passant. Des conflits surgissent alors, que la personne la plus haut plac\u00e9e gagne g\u00e9n\u00e9ralement. Un tel processus ne sert pas la cause et ne favorise ni ne renforce la confiance pour la poursuite de la coop\u00e9ration. Mais elle fa\u00e7onne la culture d'entreprise et est souvent la cause de blocages.<\/p>\n<p><strong>La langue : un \u00e9l\u00e9ment de la culture d'entreprise<\/strong><\/p>\n<p>&nbsp;<\/p>\n<p>Les probl\u00e8mes commencent toujours dans l'esprit, et comme nous avons essentiellement une peur int\u00e9rieure de ne pas \u00eatre reconnus ou d'\u00e9chouer, nous nous exprimons d'abord de mani\u00e8re non engag\u00e9e, puis concr\u00e8tement. Mieux nous l'avons appris, plus il nous est facile de trouver des excuses et des reproches. C'est notre m\u00e9canisme de protection. Nous traitons probablement nos propres erreurs avec cette habitude, mais en fin de compte, nous ne nous sentons pas bien. Cependant, pour nos relations et notre environnement de travail, un tel comportement est une entrave et complique la vie quotidienne. Une culture d'entreprise est influenc\u00e9e par de nombreux facteurs. Nous disposons d'un instrument efficace pour le fa\u00e7onner dans notre langage et notre expression. Quelles que soient les tendances actuelles de la mode, les managers eux-m\u00eames doivent s'efforcer d'utiliser un langage compr\u00e9hensible et conforme \u00e0 leur nature, et doivent demander \u00e0 leur entourage d'en faire autant.<\/p>\n<p><strong>Se cacher derri\u00e8re des ambigu\u00eft\u00e9s<\/strong><\/p>\n<p>&nbsp;<\/p>\n<p>Le langage et l'expression ont \u00e9galement quelque chose \u00e0 voir avec les rituels. Dans chaque conversation, un message est confirm\u00e9 par un oui, un non, un hochement de t\u00eate ou une secousse de la t\u00eate. Ceux qui sont malhonn\u00eates dans ce rituel contribuent de mani\u00e8re significative \u00e0 soutenir des expressions peu claires.<\/p>\n<p>&nbsp;<\/p>\n<p>Les h\u00f4pitaux o\u00f9 l'on parle peu des erreurs et des lacunes vivent une culture de la r\u00e9pression. Leur langue est calme, amicale, mais sans engagement. Les h\u00f4pitaux dans lesquels les erreurs sont consid\u00e9r\u00e9es comme un d\u00e9fi et discut\u00e9es, en revanche, vivent une culture d'entreprise d'ouverture et de clarification. Leur langage est vivant, direct et cr\u00e9ateur de confiance.<\/p>\n<p>&nbsp;<\/p>\n<p>L'impr\u00e9cision du langage offre aux sup\u00e9rieurs de nombreuses possibilit\u00e9s de se soustraire \u00e0 leurs responsabilit\u00e9s. Ce comportement est ad\u00e9quat si la d\u00e9claration de mission et les principes de leadership sont \u00e9galement formul\u00e9s de mani\u00e8re impr\u00e9cise. C'est ce que l'on peut constater dans les exemples suivants :<\/p>\n<p>&nbsp;<\/p>\n<ul>\n<li>Le fait de tout nommer de mani\u00e8re factuelle et d'\u00e9viter les messages \"I\" indique une intention de laisser le travail dans un \"espace libre\" jusqu'\u00e0 ce que les volontaires aient piti\u00e9 ou se sentent oblig\u00e9s de le faire.<\/li>\n<li>Les sanctions sont rarement impos\u00e9es dans les affaires courantes. Le gouvernement d'entreprise, le code de conduite et la responsabilit\u00e9 sociale des entreprises sont pour la plupart r\u00e9dig\u00e9s de telle sorte qu'ils sont comme une menace dans le cadre d'une relation de travail, mais ont trop peu d'effet sur les violations car la marge d'interpr\u00e9tation est trop grande.<\/li>\n<li>Un langage non contraignant permet l'injustice. Plus la hi\u00e9rarchie est basse (plus le rang est bas), plus l'interpr\u00e9tation des violations des r\u00e8gles est stricte. Par exemple, le vol d'argent liquide dans la caisse de la caf\u00e9t\u00e9ria entra\u00eene g\u00e9n\u00e9ralement une r\u00e9siliation imm\u00e9diate, quelle qu'en soit la raison. Un PDG, en revanche, qui a \u00e9t\u00e9 expos\u00e9 pour la premi\u00e8re fois pour ses agressions sexuelles par un d\u00e9nonciateur, quitte l'entreprise avec un parachute dor\u00e9, affirmant qu'il \"veut relever de nouveaux d\u00e9fis\".<\/li>\n<\/ul>\n<p>&nbsp;<\/p>\n<p>Aucun de ces exemples ne figure sur la liste des cultures d'entreprise souhait\u00e9es. Seule la version \u00e9crite impr\u00e9cise des conditions-cadres et l'interaction non contraignante entre elles permettent cette attitude et ces situations. Si elle est pr\u00e9cise, l'engagement se fait. Si elle est impr\u00e9cise, l'arbitraire surgit.<\/p>\n<p><strong>Comment r\u00e9pondre au non-engagement ?<\/strong><\/p>\n<p>&nbsp;<\/p>\n<p>Un exemple courant est le manque de d\u00e9termination des sup\u00e9rieurs qui se tortillent et souvent ne s'engagent pas. Dans ces cas pr\u00e9cis, comment, o\u00f9 et quand les questions ne sont pas utiles. Une question doit alors \u00eatre formul\u00e9e de mani\u00e8re \u00e0 ce qu'une r\u00e9ponse par oui ou par non soit donn\u00e9e. Cette approche cr\u00e9e une attitude qui favorise l'efficacit\u00e9 et l'\u00e9conomie dans une mesure inimaginable.<\/p>\n<p>&nbsp;<\/p>\n<p>Les superviseurs qui ne prennent pas le temps de formuler pr\u00e9cis\u00e9ment les missions agissent injustement parce que leurs subordonn\u00e9s ne peuvent jamais obtenir de r\u00e9sultats satisfaisants avec des objectifs peu clairs. La critique du patron, dans de telles circonstances, est d\u00e9moralisante.<\/p>\n<p>&nbsp;<\/p>\n<p><em><strong>L'impr\u00e9cision du langage offre aux superviseurs de nombreuses possibilit\u00e9s d'\u00e9viter les responsabilit\u00e9s.<\/strong><\/em><\/p>\n<p>&nbsp;<\/p>\n<p>Voici des conseils qui visent \u00e0 fa\u00e7onner la culture avec engagement, par exemple :<\/p>\n<p>&nbsp;<\/p>\n<ul>\n<li>Les documents doivent \u00eatre r\u00e9dig\u00e9s de mani\u00e8re \u00e0 ce que tout le monde les comprenne.<\/li>\n<li>Les mots \u00e9trangers doivent \u00eatre \u00e9vit\u00e9s car ils peuvent \u00eatre interpr\u00e9t\u00e9s diff\u00e9remment.<\/li>\n<li>Les descriptions de services doivent \u00eatre accompagn\u00e9es de promesses pr\u00e9cises afin qu'elles puissent \u00eatre mesur\u00e9es.<\/li>\n<li>Les employ\u00e9s devraient \u00eatre tenus de faire ce qui est possible pour r\u00e9ussir \u00e0 petits pas.<\/li>\n<li>Les sanctions annonc\u00e9es doivent \u00eatre appliqu\u00e9es, m\u00eame si elles sont \u00e9motionnellement d\u00e9sagr\u00e9ables.<\/li>\n<li>Les erreurs doivent \u00eatre admises avant que d'autres ne les d\u00e9couvrent.<\/li>\n<li>La culture de l'information doit \u00eatre claire, opportune et adapt\u00e9e au niveau.<\/li>\n<\/ul>\n<p>&nbsp;<\/p>\n<p>Les entreprises qui veulent \u00eatre mesur\u00e9es \u00e0 l'aune de leurs promesses et de leurs performances sont toujours claires dans l'expression de leurs objectifs. La pr\u00e9cision du langage d\u00e9coule de la pr\u00e9cision de la pens\u00e9e. Elle favorise la prise de conscience de la responsabilit\u00e9 de chacun pour sa propre identit\u00e9. Cela s'applique \u00e0 la fois \u00e0 l'individu et \u00e0 une communaut\u00e9, ce qui devrait se refl\u00e9ter dans une culture d'entreprise.<\/p>","protected":false},"excerpt":{"rendered":"<p>&nbsp; &nbsp; &nbsp; Sowohl Vorgesetzte wie auch deren Untergebene bewe &#8211; gen sich heute in einem von Schlagw\u00f6rtern, Floskeln und Fremdw\u00f6rtern gepr\u00e4gten Umfeld. Sp\u00e4testens dann, wenn Erwartungen nicht erf\u00fcllt werden, zeigt sich, dass man aneinander vorbei redete. Dann n\u00e4mlich entstehen Konflikte, die der Rangh\u00f6here in der Regel gewinnt. Der Sache dient ein solcher Prozess nicht [&hellip;]<\/p>\n","protected":false},"author":66,"featured_media":12078,"comment_status":"closed","ping_status":"closed","sticky":false,"template":"","format":"standard","meta":{"_acf_changed":false,"footnotes":""},"categories":[5],"tags":[4791],"class_list":["post-12077","post","type-post","status-publish","format-standard","has-post-thumbnail","hentry","category-business_excellence","tag-11-2016"],"acf":[],"yoast_head":"<!-- This site is optimized with the Yoast SEO plugin v26.2 - https:\/\/yoast.com\/wordpress\/plugins\/seo\/ -->\n<title>Unverbindliche Sprache schadet der Unternehmenskultur in Spit\u00e4lern - MQ Management und Qualit\u00e4t<\/title>\n<meta name=\"description\" content=\"Die unpr\u00e4zise Ausdrucksweise verbirgt oft einen Mangel an Selbstverantwortung und Selbstbewusstsein. Sie kann aber auch f\u00fcr unverbindliches Verhalten gezielt genutzt werden. Grunds\u00e4tzlich ist die Sprache jedoch ein Instrument, mit dem wir t\u00e4glich und unmittelbar die angestrebte Unternehmenskultur formen k\u00f6nnen\" \/>\n<meta name=\"robots\" content=\"index, follow, max-snippet:-1, max-image-preview:large, max-video-preview:-1\" \/>\n<link rel=\"canonical\" href=\"https:\/\/www.m-q.ch\/fr\/le-langage-non-contraignant-nuit-a-la-culture-dentreprise-dans-les-hopitaux\/\" \/>\n<meta property=\"og:locale\" content=\"fr_FR\" \/>\n<meta property=\"og:type\" content=\"article\" \/>\n<meta property=\"og:title\" content=\"Unverbindliche Sprache schadet der Unternehmenskultur in Spit\u00e4lern - MQ Management und Qualit\u00e4t\" \/>\n<meta property=\"og:description\" content=\"Die unpr\u00e4zise Ausdrucksweise verbirgt oft einen Mangel an Selbstverantwortung und Selbstbewusstsein. Sie kann aber auch f\u00fcr unverbindliches Verhalten gezielt genutzt werden. Grunds\u00e4tzlich ist die Sprache jedoch ein Instrument, mit dem wir t\u00e4glich und unmittelbar die angestrebte Unternehmenskultur formen k\u00f6nnen\" \/>\n<meta property=\"og:url\" content=\"https:\/\/www.m-q.ch\/fr\/le-langage-non-contraignant-nuit-a-la-culture-dentreprise-dans-les-hopitaux\/\" \/>\n<meta property=\"og:site_name\" content=\"MQ Management und Qualit\u00e4t\" \/>\n<meta property=\"article:publisher\" content=\"https:\/\/www.facebook.com\/ManagementUndQualitaet\" \/>\n<meta property=\"article:published_time\" content=\"2016-11-03T13:11:45+00:00\" \/>\n<meta property=\"article:modified_time\" content=\"2021-02-15T13:20:29+00:00\" \/>\n<meta property=\"og:image\" content=\"https:\/\/www.m-q.ch\/wp-content\/uploads\/2021\/02\/Unverbindliche-Sprache-schadet-der-Unternehmenskultur-in-Spitaelern.jpg\" \/>\n\t<meta property=\"og:image:width\" content=\"853\" \/>\n\t<meta property=\"og:image:height\" content=\"530\" \/>\n\t<meta property=\"og:image:type\" content=\"image\/jpeg\" \/>\n<meta name=\"author\" content=\"upwork_1\" \/>\n<meta name=\"twitter:card\" content=\"summary_large_image\" \/>\n<meta name=\"twitter:label1\" content=\"\u00c9crit par\" \/>\n\t<meta name=\"twitter:data1\" content=\"upwork_1\" \/>\n\t<meta name=\"twitter:label2\" content=\"Dur\u00e9e de lecture estim\u00e9e\" \/>\n\t<meta name=\"twitter:data2\" content=\"4 minutes\" \/>\n<script type=\"application\/ld+json\" class=\"yoast-schema-graph\">{\"@context\":\"https:\/\/schema.org\",\"@graph\":[{\"@type\":\"Article\",\"@id\":\"https:\/\/www.m-q.ch\/unverbindliche-sprache-schadet-der-unternehmenskultur-in-spitaelern\/#article\",\"isPartOf\":{\"@id\":\"https:\/\/www.m-q.ch\/unverbindliche-sprache-schadet-der-unternehmenskultur-in-spitaelern\/\"},\"author\":{\"name\":\"upwork_1\",\"@id\":\"https:\/\/www.m-q.ch\/fr\/#\/schema\/person\/0bdf39ca27d0b9b779f5b8af54b3f7d7\"},\"headline\":\"Unverbindliche Sprache schadet der Unternehmenskultur in Spit\u00e4lern\",\"datePublished\":\"2016-11-03T13:11:45+00:00\",\"dateModified\":\"2021-02-15T13:20:29+00:00\",\"mainEntityOfPage\":{\"@id\":\"https:\/\/www.m-q.ch\/unverbindliche-sprache-schadet-der-unternehmenskultur-in-spitaelern\/\"},\"wordCount\":832,\"publisher\":{\"@id\":\"https:\/\/www.m-q.ch\/fr\/#organization\"},\"image\":{\"@id\":\"https:\/\/www.m-q.ch\/unverbindliche-sprache-schadet-der-unternehmenskultur-in-spitaelern\/#primaryimage\"},\"thumbnailUrl\":\"https:\/\/www.m-q.ch\/wp-content\/uploads\/2021\/02\/Unverbindliche-Sprache-schadet-der-Unternehmenskultur-in-Spitaelern.jpg\",\"keywords\":[\"11\/2016\"],\"articleSection\":[\"Business Excellence\"],\"inLanguage\":\"fr-FR\"},{\"@type\":\"WebPage\",\"@id\":\"https:\/\/www.m-q.ch\/unverbindliche-sprache-schadet-der-unternehmenskultur-in-spitaelern\/\",\"url\":\"https:\/\/www.m-q.ch\/unverbindliche-sprache-schadet-der-unternehmenskultur-in-spitaelern\/\",\"name\":\"Unverbindliche Sprache schadet der Unternehmenskultur in Spit\u00e4lern - MQ Management und Qualit\u00e4t\",\"isPartOf\":{\"@id\":\"https:\/\/www.m-q.ch\/fr\/#website\"},\"primaryImageOfPage\":{\"@id\":\"https:\/\/www.m-q.ch\/unverbindliche-sprache-schadet-der-unternehmenskultur-in-spitaelern\/#primaryimage\"},\"image\":{\"@id\":\"https:\/\/www.m-q.ch\/unverbindliche-sprache-schadet-der-unternehmenskultur-in-spitaelern\/#primaryimage\"},\"thumbnailUrl\":\"https:\/\/www.m-q.ch\/wp-content\/uploads\/2021\/02\/Unverbindliche-Sprache-schadet-der-Unternehmenskultur-in-Spitaelern.jpg\",\"datePublished\":\"2016-11-03T13:11:45+00:00\",\"dateModified\":\"2021-02-15T13:20:29+00:00\",\"description\":\"Die unpr\u00e4zise Ausdrucksweise verbirgt oft einen Mangel an Selbstverantwortung und Selbstbewusstsein. Sie kann aber auch f\u00fcr unverbindliches Verhalten gezielt genutzt werden. Grunds\u00e4tzlich ist die Sprache jedoch ein Instrument, mit dem wir t\u00e4glich und unmittelbar die angestrebte Unternehmenskultur formen k\u00f6nnen\",\"breadcrumb\":{\"@id\":\"https:\/\/www.m-q.ch\/unverbindliche-sprache-schadet-der-unternehmenskultur-in-spitaelern\/#breadcrumb\"},\"inLanguage\":\"fr-FR\",\"potentialAction\":[{\"@type\":\"ReadAction\",\"target\":[\"https:\/\/www.m-q.ch\/unverbindliche-sprache-schadet-der-unternehmenskultur-in-spitaelern\/\"]}]},{\"@type\":\"ImageObject\",\"inLanguage\":\"fr-FR\",\"@id\":\"https:\/\/www.m-q.ch\/unverbindliche-sprache-schadet-der-unternehmenskultur-in-spitaelern\/#primaryimage\",\"url\":\"https:\/\/www.m-q.ch\/wp-content\/uploads\/2021\/02\/Unverbindliche-Sprache-schadet-der-Unternehmenskultur-in-Spitaelern.jpg\",\"contentUrl\":\"https:\/\/www.m-q.ch\/wp-content\/uploads\/2021\/02\/Unverbindliche-Sprache-schadet-der-Unternehmenskultur-in-Spitaelern.jpg\",\"width\":853,\"height\":530,\"caption\":\"Unverbindliche Sprache schadet der Unternehmenskultur in Spit\u00e4lern\"},{\"@type\":\"BreadcrumbList\",\"@id\":\"https:\/\/www.m-q.ch\/unverbindliche-sprache-schadet-der-unternehmenskultur-in-spitaelern\/#breadcrumb\",\"itemListElement\":[{\"@type\":\"ListItem\",\"position\":1,\"name\":\"Business Excellence\",\"item\":\"https:\/\/www.m-q.ch\/kategorie\/business_excellence\/\"},{\"@type\":\"ListItem\",\"position\":2,\"name\":\"Unverbindliche Sprache schadet der Unternehmenskultur in Spit\u00e4lern\"}]},{\"@type\":\"WebSite\",\"@id\":\"https:\/\/www.m-q.ch\/fr\/#website\",\"url\":\"https:\/\/www.m-q.ch\/fr\/\",\"name\":\"MQ Management und Qualit\u00e4t\",\"description\":\"Plattform f\u00fcr integrierte Managementsysteme.\",\"publisher\":{\"@id\":\"https:\/\/www.m-q.ch\/fr\/#organization\"},\"potentialAction\":[{\"@type\":\"SearchAction\",\"target\":{\"@type\":\"EntryPoint\",\"urlTemplate\":\"https:\/\/www.m-q.ch\/fr\/?s={search_term_string}\"},\"query-input\":{\"@type\":\"PropertyValueSpecification\",\"valueRequired\":true,\"valueName\":\"search_term_string\"}}],\"inLanguage\":\"fr-FR\"},{\"@type\":\"Organization\",\"@id\":\"https:\/\/www.m-q.ch\/fr\/#organization\",\"name\":\"Galledia Fachmedien AG\",\"url\":\"https:\/\/www.m-q.ch\/fr\/\",\"logo\":{\"@type\":\"ImageObject\",\"inLanguage\":\"fr-FR\",\"@id\":\"https:\/\/www.m-q.ch\/fr\/#\/schema\/logo\/image\/\",\"url\":\"https:\/\/www.m-q.ch\/wp-content\/uploads\/2020\/12\/cropped-logo_small.png\",\"contentUrl\":\"https:\/\/www.m-q.ch\/wp-content\/uploads\/2020\/12\/cropped-logo_small.png\",\"width\":512,\"height\":512,\"caption\":\"Galledia Fachmedien AG\"},\"image\":{\"@id\":\"https:\/\/www.m-q.ch\/fr\/#\/schema\/logo\/image\/\"},\"sameAs\":[\"https:\/\/www.facebook.com\/ManagementUndQualitaet\",\"https:\/\/www.linkedin.com\/showcase\/17982321\/admin\/\"]},{\"@type\":\"Person\",\"@id\":\"https:\/\/www.m-q.ch\/fr\/#\/schema\/person\/0bdf39ca27d0b9b779f5b8af54b3f7d7\",\"name\":\"upwork_1\",\"image\":{\"@type\":\"ImageObject\",\"inLanguage\":\"fr-FR\",\"@id\":\"https:\/\/www.m-q.ch\/fr\/#\/schema\/person\/image\/\",\"url\":\"https:\/\/secure.gravatar.com\/avatar\/04d4d0fdc5886d535809f17d0eace7f6?s=96&d=mm&r=g\",\"contentUrl\":\"https:\/\/secure.gravatar.com\/avatar\/04d4d0fdc5886d535809f17d0eace7f6?s=96&d=mm&r=g\",\"caption\":\"upwork_1\"},\"url\":\"https:\/\/www.m-q.ch\/fr\/author\/upwork_1\/\"}]}<\/script>\n<!-- \/ Yoast SEO plugin. -->","yoast_head_json":{"title":"Le langage non engageant nuit \u00e0 la culture d'entreprise dans les h\u00f4pitaux - MQ Management und Qualit\u00e4t","description":"Cette expression impr\u00e9cise cache souvent un manque de responsabilit\u00e9 et de confiance en soi. Toutefois, il peut \u00e9galement \u00eatre utilis\u00e9 sp\u00e9cifiquement pour les comportements non engageants. Mais fondamentalement, la langue est un instrument avec lequel nous pouvons quotidiennement et directement fa\u00e7onner la culture d'entreprise souhait\u00e9e","robots":{"index":"index","follow":"follow","max-snippet":"max-snippet:-1","max-image-preview":"max-image-preview:large","max-video-preview":"max-video-preview:-1"},"canonical":"https:\/\/www.m-q.ch\/fr\/le-langage-non-contraignant-nuit-a-la-culture-dentreprise-dans-les-hopitaux\/","og_locale":"fr_FR","og_type":"article","og_title":"Unverbindliche Sprache schadet der Unternehmenskultur in Spit\u00e4lern - MQ Management und Qualit\u00e4t","og_description":"Die unpr\u00e4zise Ausdrucksweise verbirgt oft einen Mangel an Selbstverantwortung und Selbstbewusstsein. Sie kann aber auch f\u00fcr unverbindliches Verhalten gezielt genutzt werden. Grunds\u00e4tzlich ist die Sprache jedoch ein Instrument, mit dem wir t\u00e4glich und unmittelbar die angestrebte Unternehmenskultur formen k\u00f6nnen","og_url":"https:\/\/www.m-q.ch\/fr\/le-langage-non-contraignant-nuit-a-la-culture-dentreprise-dans-les-hopitaux\/","og_site_name":"MQ Management und Qualit\u00e4t","article_publisher":"https:\/\/www.facebook.com\/ManagementUndQualitaet","article_published_time":"2016-11-03T13:11:45+00:00","article_modified_time":"2021-02-15T13:20:29+00:00","og_image":[{"width":853,"height":530,"url":"https:\/\/www.m-q.ch\/wp-content\/uploads\/2021\/02\/Unverbindliche-Sprache-schadet-der-Unternehmenskultur-in-Spitaelern.jpg","type":"image\/jpeg"}],"author":"upwork_1","twitter_card":"summary_large_image","twitter_misc":{"\u00c9crit par":"upwork_1","Dur\u00e9e de lecture estim\u00e9e":"4 minutes"},"schema":{"@context":"https:\/\/schema.org","@graph":[{"@type":"Article","@id":"https:\/\/www.m-q.ch\/unverbindliche-sprache-schadet-der-unternehmenskultur-in-spitaelern\/#article","isPartOf":{"@id":"https:\/\/www.m-q.ch\/unverbindliche-sprache-schadet-der-unternehmenskultur-in-spitaelern\/"},"author":{"name":"upwork_1","@id":"https:\/\/www.m-q.ch\/fr\/#\/schema\/person\/0bdf39ca27d0b9b779f5b8af54b3f7d7"},"headline":"Unverbindliche Sprache schadet der Unternehmenskultur in Spit\u00e4lern","datePublished":"2016-11-03T13:11:45+00:00","dateModified":"2021-02-15T13:20:29+00:00","mainEntityOfPage":{"@id":"https:\/\/www.m-q.ch\/unverbindliche-sprache-schadet-der-unternehmenskultur-in-spitaelern\/"},"wordCount":832,"publisher":{"@id":"https:\/\/www.m-q.ch\/fr\/#organization"},"image":{"@id":"https:\/\/www.m-q.ch\/unverbindliche-sprache-schadet-der-unternehmenskultur-in-spitaelern\/#primaryimage"},"thumbnailUrl":"https:\/\/www.m-q.ch\/wp-content\/uploads\/2021\/02\/Unverbindliche-Sprache-schadet-der-Unternehmenskultur-in-Spitaelern.jpg","keywords":["11\/2016"],"articleSection":["Business Excellence"],"inLanguage":"fr-FR"},{"@type":"WebPage","@id":"https:\/\/www.m-q.ch\/unverbindliche-sprache-schadet-der-unternehmenskultur-in-spitaelern\/","url":"https:\/\/www.m-q.ch\/unverbindliche-sprache-schadet-der-unternehmenskultur-in-spitaelern\/","name":"Le langage non engageant nuit \u00e0 la culture d'entreprise dans les h\u00f4pitaux - MQ Management und Qualit\u00e4t","isPartOf":{"@id":"https:\/\/www.m-q.ch\/fr\/#website"},"primaryImageOfPage":{"@id":"https:\/\/www.m-q.ch\/unverbindliche-sprache-schadet-der-unternehmenskultur-in-spitaelern\/#primaryimage"},"image":{"@id":"https:\/\/www.m-q.ch\/unverbindliche-sprache-schadet-der-unternehmenskultur-in-spitaelern\/#primaryimage"},"thumbnailUrl":"https:\/\/www.m-q.ch\/wp-content\/uploads\/2021\/02\/Unverbindliche-Sprache-schadet-der-Unternehmenskultur-in-Spitaelern.jpg","datePublished":"2016-11-03T13:11:45+00:00","dateModified":"2021-02-15T13:20:29+00:00","description":"Cette expression impr\u00e9cise cache souvent un manque de responsabilit\u00e9 et de confiance en soi. Toutefois, il peut \u00e9galement \u00eatre utilis\u00e9 sp\u00e9cifiquement pour les comportements non engageants. Mais fondamentalement, la langue est un instrument avec lequel nous pouvons quotidiennement et directement fa\u00e7onner la culture d'entreprise souhait\u00e9e","breadcrumb":{"@id":"https:\/\/www.m-q.ch\/unverbindliche-sprache-schadet-der-unternehmenskultur-in-spitaelern\/#breadcrumb"},"inLanguage":"fr-FR","potentialAction":[{"@type":"ReadAction","target":["https:\/\/www.m-q.ch\/unverbindliche-sprache-schadet-der-unternehmenskultur-in-spitaelern\/"]}]},{"@type":"ImageObject","inLanguage":"fr-FR","@id":"https:\/\/www.m-q.ch\/unverbindliche-sprache-schadet-der-unternehmenskultur-in-spitaelern\/#primaryimage","url":"https:\/\/www.m-q.ch\/wp-content\/uploads\/2021\/02\/Unverbindliche-Sprache-schadet-der-Unternehmenskultur-in-Spitaelern.jpg","contentUrl":"https:\/\/www.m-q.ch\/wp-content\/uploads\/2021\/02\/Unverbindliche-Sprache-schadet-der-Unternehmenskultur-in-Spitaelern.jpg","width":853,"height":530,"caption":"Unverbindliche Sprache schadet der Unternehmenskultur in Spit\u00e4lern"},{"@type":"BreadcrumbList","@id":"https:\/\/www.m-q.ch\/unverbindliche-sprache-schadet-der-unternehmenskultur-in-spitaelern\/#breadcrumb","itemListElement":[{"@type":"ListItem","position":1,"name":"Business Excellence","item":"https:\/\/www.m-q.ch\/kategorie\/business_excellence\/"},{"@type":"ListItem","position":2,"name":"Unverbindliche Sprache schadet der Unternehmenskultur in Spit\u00e4lern"}]},{"@type":"WebSite","@id":"https:\/\/www.m-q.ch\/fr\/#website","url":"https:\/\/www.m-q.ch\/fr\/","name":"Gestion et qualit\u00e9 du QM","description":"Plate-forme pour les syst\u00e8mes de gestion int\u00e9gr\u00e9e.","publisher":{"@id":"https:\/\/www.m-q.ch\/fr\/#organization"},"potentialAction":[{"@type":"SearchAction","target":{"@type":"EntryPoint","urlTemplate":"https:\/\/www.m-q.ch\/fr\/?s={search_term_string}"},"query-input":{"@type":"PropertyValueSpecification","valueRequired":true,"valueName":"search_term_string"}}],"inLanguage":"fr-FR"},{"@type":"Organization","@id":"https:\/\/www.m-q.ch\/fr\/#organization","name":"Galledia Trade Media AG","url":"https:\/\/www.m-q.ch\/fr\/","logo":{"@type":"ImageObject","inLanguage":"fr-FR","@id":"https:\/\/www.m-q.ch\/fr\/#\/schema\/logo\/image\/","url":"https:\/\/www.m-q.ch\/wp-content\/uploads\/2020\/12\/cropped-logo_small.png","contentUrl":"https:\/\/www.m-q.ch\/wp-content\/uploads\/2020\/12\/cropped-logo_small.png","width":512,"height":512,"caption":"Galledia Fachmedien AG"},"image":{"@id":"https:\/\/www.m-q.ch\/fr\/#\/schema\/logo\/image\/"},"sameAs":["https:\/\/www.facebook.com\/ManagementUndQualitaet","https:\/\/www.linkedin.com\/showcase\/17982321\/admin\/"]},{"@type":"Person","@id":"https:\/\/www.m-q.ch\/fr\/#\/schema\/person\/0bdf39ca27d0b9b779f5b8af54b3f7d7","name":"upwork_1","image":{"@type":"ImageObject","inLanguage":"fr-FR","@id":"https:\/\/www.m-q.ch\/fr\/#\/schema\/person\/image\/","url":"https:\/\/secure.gravatar.com\/avatar\/04d4d0fdc5886d535809f17d0eace7f6?s=96&d=mm&r=g","contentUrl":"https:\/\/secure.gravatar.com\/avatar\/04d4d0fdc5886d535809f17d0eace7f6?s=96&d=mm&r=g","caption":"upwork_1"},"url":"https:\/\/www.m-q.ch\/fr\/author\/upwork_1\/"}]}},"_links":{"self":[{"href":"https:\/\/www.m-q.ch\/fr\/wp-json\/wp\/v2\/posts\/12077","targetHints":{"allow":["GET"]}}],"collection":[{"href":"https:\/\/www.m-q.ch\/fr\/wp-json\/wp\/v2\/posts"}],"about":[{"href":"https:\/\/www.m-q.ch\/fr\/wp-json\/wp\/v2\/types\/post"}],"author":[{"embeddable":true,"href":"https:\/\/www.m-q.ch\/fr\/wp-json\/wp\/v2\/users\/66"}],"replies":[{"embeddable":true,"href":"https:\/\/www.m-q.ch\/fr\/wp-json\/wp\/v2\/comments?post=12077"}],"version-history":[{"count":1,"href":"https:\/\/www.m-q.ch\/fr\/wp-json\/wp\/v2\/posts\/12077\/revisions"}],"predecessor-version":[{"id":12081,"href":"https:\/\/www.m-q.ch\/fr\/wp-json\/wp\/v2\/posts\/12077\/revisions\/12081"}],"wp:featuredmedia":[{"embeddable":true,"href":"https:\/\/www.m-q.ch\/fr\/wp-json\/wp\/v2\/media\/12078"}],"wp:attachment":[{"href":"https:\/\/www.m-q.ch\/fr\/wp-json\/wp\/v2\/media?parent=12077"}],"wp:term":[{"taxonomy":"category","embeddable":true,"href":"https:\/\/www.m-q.ch\/fr\/wp-json\/wp\/v2\/categories?post=12077"},{"taxonomy":"post_tag","embeddable":true,"href":"https:\/\/www.m-q.ch\/fr\/wp-json\/wp\/v2\/tags?post=12077"}],"curies":[{"name":"wp","href":"https:\/\/api.w.org\/{rel}","templated":true}]}}