{"id":12082,"date":"2016-11-05T14:20:53","date_gmt":"2016-11-05T13:20:53","guid":{"rendered":"https:\/\/www.m-q.ch\/?p=12082"},"modified":"2021-02-15T14:31:34","modified_gmt":"2021-02-15T13:31:34","slug":"la-gouvernance-dentreprise-commence-au-conseil-dadministration","status":"publish","type":"post","link":"https:\/\/www.m-q.ch\/fr\/corporate-governance-beginnt-im-verwaltungsrat\/","title":{"rendered":"\"La gouvernance d'entreprise commence avec le conseil d'administration\""},"content":{"rendered":"<p><img loading=\"lazy\" decoding=\"async\" class=\"alignnone size-full wp-image-12084\" src=\"https:\/\/www.m-q.ch\/wp-content\/uploads\/2021\/02\/Corporate-Governance-beginnt-im-Verwaltungsrat.jpg\" alt=\"&quot;La gouvernance d&#039;entreprise commence avec le conseil d&#039;administration&quot;\" width=\"858\" height=\"593\" srcset=\"https:\/\/www.m-q.ch\/wp-content\/uploads\/2021\/02\/Corporate-Governance-beginnt-im-Verwaltungsrat.jpg 858w, https:\/\/www.m-q.ch\/wp-content\/uploads\/2021\/02\/Corporate-Governance-beginnt-im-Verwaltungsrat-768x531.jpg 768w, https:\/\/www.m-q.ch\/wp-content\/uploads\/2021\/02\/Corporate-Governance-beginnt-im-Verwaltungsrat-16x12.jpg 16w, https:\/\/www.m-q.ch\/wp-content\/uploads\/2021\/02\/Corporate-Governance-beginnt-im-Verwaltungsrat-253x175.jpg 253w, https:\/\/www.m-q.ch\/wp-content\/uploads\/2021\/02\/Corporate-Governance-beginnt-im-Verwaltungsrat-506x350.jpg 506w, https:\/\/www.m-q.ch\/wp-content\/uploads\/2021\/02\/Corporate-Governance-beginnt-im-Verwaltungsrat-300x207.jpg 300w\" sizes=\"auto, (max-width: 858px) 100vw, 858px\" \/><\/p>\n<p>&nbsp;<\/p>\n<p>&nbsp;<\/p>\n<p>&nbsp;<\/p>\n<p><em><strong>G<\/strong><\/em>elon le co-fondateur du label, Silvan Felder, les meilleures pratiques de conseil d'administration (BBP) contribuent \u00e0 garantir la conformit\u00e9 juridique, \u00e0 am\u00e9liorer en permanence la gouvernance d'entreprise, \u00e0 r\u00e9duire les probl\u00e8mes de responsabilit\u00e9 et d'obligation de rendre des comptes, \u00e0 cr\u00e9er la transparence et \u00e0 assurer le professionnalisme des cadres sup\u00e9rieurs. Quelle a \u00e9t\u00e9 l'exp\u00e9rience de la vbl avec le BBP ? La pr\u00e9sidente Yvonne Hunkeler et le PDG Norbert Schmassmann r\u00e9pondent ici \u00e0 nos questions.<\/p>\n<p><strong>Vous avez \u00e9t\u00e9 la premi\u00e8re entreprise en Suisse \u00e0 obtenir le BBP. Comment en est-on arriv\u00e9 l\u00e0 ?<\/strong><\/p>\n<p>&nbsp;<\/p>\n<p><em><strong>Norbert Schmassmann :<\/strong> <\/em>\"La gouvernance d'entreprise commence avec le conseil d'administration. C'est avec cette conviction que Konrad Graber, alors pr\u00e9sident du conseil d'administration de la vbl et aujourd'hui membre du Conseil des \u00c9tats, a approch\u00e9 le PDG en 2003 avec l'id\u00e9e du label \"Best Board Practice\" nouvellement cr\u00e9\u00e9. J'ai reconnu l'opportunit\u00e9 et l'avantage d'un tel label pour pouvoir \"se d\u00e9marquer\" positivement des autres soci\u00e9t\u00e9s par actions en termes de gouvernance. M\u00eame aujourd'hui, de nombreux membres du conseil d'administration ne sont pas \u00e9lus sur la base de leurs comp\u00e9tences, mais sur la base de \"connaissances\". Dans la pratique, l'interaction entre le conseil d'administration et le directoire est souvent tendue parce que les comp\u00e9tences ne sont pas clairement d\u00e9limit\u00e9es ou que les r\u00f4les ne sont pas correctement d\u00e9finis.<\/p>\n<p><strong>Quelles sont les consid\u00e9rations de leadership derri\u00e8re tout cela ?<\/strong><\/p>\n<p>&nbsp;<\/p>\n<p><em><strong>Yvonne Hunkeler :<\/strong><\/em> Une bonne interaction entre le CA et le GM d\u00e9pend de diff\u00e9rents facteurs. D'une part, le conseil d'administration doit bien fonctionner comme une \u00e9quipe ; d'autre part, les t\u00e2ches et les comp\u00e9tences entre le conseil d'administration et la direction doivent \u00eatre clairement d\u00e9finies et d\u00e9limit\u00e9es. Le conseil d'administration doit se concentrer sur ses t\u00e2ches de gestion strat\u00e9gique, tandis que la direction g\u00e9n\u00e9rale doit se concentrer sur la gestion op\u00e9rationnelle de l'entreprise. Cela ne fonctionne que si le conseil d'administration ne \"s'immisce\" pas dans les activit\u00e9s op\u00e9rationnelles. Toutefois, cette abstention n'est possible que si la confiance entre les deux organismes est intacte. La bonne composition du conseil d'administration est donc de la responsabilit\u00e9 du conseil d'administration. Pour que le label \"Best Board Practice\" soit efficace, il doit \u00eatre v\u00e9cu dans la pratique. Seule une telle pratique de conseil d'administration m\u00e9rite l'adjectif \"meilleure\".<\/p>\n<p><strong>Qu'apporte le label BBP \u00e0 l'actionnaire de la vbl ?<\/strong><\/p>\n<p>&nbsp;<\/p>\n<p><em><strong>Yvonne Hunkeler :<\/strong><\/em> BBP apporte des avantages indirects, mais assez directs pour l'actionnaire. La confiance des actionnaires peut \u00eatre gagn\u00e9e avant tout s'ils savent exactement quelles sont les responsabilit\u00e9s du CA et du GM et connaissent les r\u00e8gles de coop\u00e9ration entre ces organes. Lorsqu'il s'agit de pourvoir des postes vacants au sein du conseil d'administration, les actionnaires en profitent \u00e9galement si le processus de recrutement et de nomination est bas\u00e9 sur des crit\u00e8res transparents.<\/p>\n<p><strong>Quels sont les avantages pour le conseil d'administration ?<\/strong><\/p>\n<p>&nbsp;<\/p>\n<p><em><strong>Yvonne Hunkeler :<\/strong><\/em> L'avantage du BBP pour les membres du conseil d'administration est qu'ils sont plus conscients de leur r\u00f4le et de leur responsabilit\u00e9. La responsabilit\u00e9 strat\u00e9gique et manag\u00e9riale est mise en avant ; elle est d\u00e9finie dans des processus qui sont revus annuellement par des audits SQS. En outre, l'auto-\u00e9valuation annuelle renforce l'esprit d'\u00e9quipe au sein du conseil d'administration. Les diff\u00e9rents membres du conseil d'administration se consid\u00e8rent comme faisant partie de l'\u00e9quipe, dans laquelle les diff\u00e9rentes comp\u00e9tences et opinions sp\u00e9cialis\u00e9es se rejoignent et doivent conduire \u00e0 de bonnes d\u00e9cisions par le dialogue. Cela limite le \"head-nodding\" en faveur du bureau du pr\u00e9sident.<\/p>\n<p><strong>Et la direction ?<\/strong><\/p>\n<p>&nbsp;<\/p>\n<p><em><strong>Norbert Schmassmann :<\/strong> <\/em>Pour le PDG, le label pr\u00e9sente l'avantage que certaines affaires et certains points de l'ordre du jour sont \"automatiquement\" inscrits \u00e0 l'ordre du jour du conseil d'administration sans que le PDG ait \u00e0 attirer l'attention du conseil d'administration sur le fait qu'il y a<\/p>\n<p>&nbsp;<\/p>\n<p><em><strong>\"Le BBP assure le professionnalisme de la RV\".<\/strong><\/em><\/p>\n<p>&nbsp;<\/p>\n<p>\"Il serait en fait temps de discuter \u00e0 nouveau de certaines questions. Par exemple, selon le label BBP, le r\u00e8glement d'organisation \"ex officio\" et la r\u00e9mun\u00e9ration du CA et du GM doivent \u00eatre revus annuellement. Le BBP soutient davantage le PDG ; il sait o\u00f9 il se situe dans la pratique du conseil et quelles sont les r\u00e8gles du jeu. Le GM a re\u00e7u des comp\u00e9tences plus larges, mais clairement d\u00e9finies. Cela cr\u00e9e la confiance.<\/p>\n<p><strong>Les auditeurs sont-ils \u00e9galement concern\u00e9s ?<\/strong><\/p>\n<p>&nbsp;<\/p>\n<p><em><strong>Yvonne Hunkeler et Norbert Schmassmann sont d'accord :<\/strong><\/em> Oui, la coop\u00e9ration est positivement soutenue gr\u00e2ce \u00e0 BBP. Les auditeurs peuvent \"s'appuyer\" sur certaines pratiques et b\u00e9n\u00e9ficier du fait que la bonne gouvernance entre le CA et le GM est illustr\u00e9e. La coop\u00e9ration avec les auditeurs est d\u00e9l\u00e9gu\u00e9e \u00e0 un comit\u00e9 du conseil d'administration, conform\u00e9ment au r\u00e8glement. Les processus et les interfaces sont ainsi d\u00e9finis. Les propositions sont soumises \u00e0 l'ensemble du conseil d'administration.<\/p>\n<p><strong>L'entreprise ressent-elle le changement de gouvernance ?<\/strong><\/p>\n<p>&nbsp;<\/p>\n<p><em><strong>Norbert Schmassmann :<\/strong><\/em> Une d\u00e9limitation fiable des t\u00e2ches et des comp\u00e9tences est un grand avantage tant pour le niveau strat\u00e9gique (CA) que pour le niveau op\u00e9rationnel (GM). La \"s\u00e9paration des pouvoirs\" ne peut \u00eatre rendue aussi claire que le jour. En cas d'ambigu\u00eft\u00e9, nous nous r\u00e9f\u00e9rons parfois \u00e0 un ensemble de r\u00e8glements ou \u00e0 un diagramme fonctionnel. Mais la pratique montre que tout ne peut pas \u00eatre \u00e9crit. La bonne gouvernance doit faire partie de l'image que le conseil d'administration et le conseil d'administration ont d'eux-m\u00eames. Depuis que nous \"vivons\" ce label chez vbl AG, une forme de gouvernance a \u00e9t\u00e9 mise en place, que toutes les personnes concern\u00e9es consid\u00e8rent comme tr\u00e8s utile et agr\u00e9able.<\/p>\n<p>&nbsp;<\/p>\n<p><em><strong>Yvonne Hunkeler :<\/strong><\/em> Il est certain que certains changements auraient pu \u00eatre apport\u00e9s m\u00eame sans ce label - en raison de l'\u00e9volution de l'environnement, de l'\u00e9volution g\u00e9n\u00e9rale, des changements de la base juridique ou de nos propres constatations. Tout ce que nous faisons aujourd'hui ne peut pas \u00eatre attribu\u00e9 au seul BBP. Mais le label BBP nous a soutenus dans chaque cas et nous a fait prendre conscience de certaines choses.<\/p>\n<p><strong>Comment le BBP a-t-il influenc\u00e9 la politique des risques ?<\/strong><\/p>\n<p>&nbsp;<\/p>\n<p><em><strong>Yvonne Hunkeler et Norbert Schmassmann sont d'accord :<\/strong><\/em> Un membre du conseil d'administration d\u00e9sign\u00e9 par le conseil d'administration est charg\u00e9 de la t\u00e2che de gestionnaire des risques. Le Risk Manager pr\u00e9pare un rapport annuel sur les risques - ind\u00e9pendamment du PDG - \u00e0 l'attention du conseil d'administration. Le rapport contient une vue d'ensemble de tous les risques strat\u00e9giques et op\u00e9rationnels.<\/p>\n<p>&nbsp;<\/p>\n<p><em><strong>\"La bonne gouvernance fait partie de notre identit\u00e9\"<\/strong><\/em><\/p>\n<p>&nbsp;<\/p>\n<p>et fournit des informations sur les changements dans l'\u00e9valuation des diff\u00e9rents risques dans une matrice des risques. Il est ainsi plus facile pour le conseil d'administration de d\u00e9cider de mesures de r\u00e9duction des risques. Dans le cadre de la gestion des risques, une organisation d'urgence dot\u00e9e d'un personnel d'urgence a \u00e9galement \u00e9t\u00e9 mise en place. Son responsable est le Risk Manager. Cette mesure vise \u00e0 garantir que les op\u00e9rations puissent se poursuivre le plus harmonieusement possible dans une situation d'urgence. Pour les incidents mineurs - y compris les incidents op\u00e9rationnels et, malheureusement, les accidents mineurs presque quotidiens - il existe des responsabilit\u00e9s bien \u00e9tablies.<\/p>\n<p><strong>Et le mode de fonctionnement de la session ?<\/strong><\/p>\n<p>&nbsp;<\/p>\n<p><em><strong>Yvonne Hunkeler :<\/strong> <\/em>Le conseil d'administration se r\u00e9unit quatre \u00e0 cinq fois par an. Le programme annuel d\u00e9termine les points standard de l'ordre du jour et le moment o\u00f9 ils sont pr\u00e9vus, afin que les questions importantes ne soient pas oubli\u00e9es. Les points \u00e0 l'ordre du jour du conseil d'administration sont de nature strat\u00e9gique. Dans le domaine op\u00e9rationnel, le PDG a une obligation d'information vers le haut : le CA, et certainement le pr\u00e9sident du CA, est inform\u00e9 de mani\u00e8re proactive et permanente des transactions ou des \u00e9v\u00e9nements commerciaux importants. Elle d\u00e9cide au cas par cas si le conseil d'administration dans son ensemble doit \u00eatre inform\u00e9 ou si une r\u00e9solution circulaire doit \u00eatre obtenue.<\/p>\n<p><strong>Comment le BBP r\u00e9glemente-t-il la communication ?<\/strong><\/p>\n<p>&nbsp;<\/p>\n<p><em><strong>Yvonne Hunkeler :<\/strong><\/em> La communication strat\u00e9gique et la communication op\u00e9rationnelle doivent \u00eatre clairement s\u00e9par\u00e9es. En cas de crise, elle est particuli\u00e8rement utile si l'on sait clairement qui communique quoi. Chez vbl, la communication est essentiellement la responsabilit\u00e9 du PDG, soutenu par son charg\u00e9 de communication. Le bureau du pr\u00e9sident, quant \u00e0 lui, communique les questions relatives aux relations entre le conseil d'administration et les actionnaires - la ville de Lucerne.<\/p>","protected":false},"excerpt":{"rendered":"<p>&nbsp; &nbsp; &nbsp; Gem\u00e4ss dem Mitbegr\u00fcnder des Labels, Silvan Felder, unterst\u00fctzt Best Board Practice (BBP) die Sicherstellung der gesetzlichen Konformit\u00e4t, verbessert kontinuierlich die Corporate Governance, reduziert organrechtliche Verantwortlichkeitsund Haftungsfragen, schafft Transparenz und stellt die Professionalit\u00e4t der Oberleitung sicher. Welche Erfahrungen haben die vbl mit BBP gemacht? VR-Pr\u00e4sidentin Yvonne Hunkeler und CEO Dr. Norbert Schmassmann beantworten [&hellip;]<\/p>\n","protected":false},"author":66,"featured_media":12084,"comment_status":"closed","ping_status":"closed","sticky":false,"template":"","format":"standard","meta":{"_acf_changed":false,"footnotes":""},"categories":[5],"tags":[4791],"class_list":["post-12082","post","type-post","status-publish","format-standard","has-post-thumbnail","hentry","category-business_excellence","tag-11-2016"],"acf":[],"yoast_head":"<!-- This site is optimized with the Yoast SEO plugin v26.2 - https:\/\/yoast.com\/wordpress\/plugins\/seo\/ -->\n<title>\u00abCorporate Governance beginnt im Verwaltungsrat\u00bb - MQ Management und Qualit\u00e4t<\/title>\n<meta name=\"description\" content=\"Schon 2003 hat die vbl Luzern AG deshalb pionierhaft das SQS-Label \u00abBest Board Practice\u00bb evaluiert und eingef\u00fchrt. R\u00fcckblickend sagt Dr. Norbert Schmassmann, CEO der vbl Luzern: \u00abWir fahren gut damit \u2013 seit \u00fcber 10 Jahren.\u00bb\" \/>\n<meta name=\"robots\" content=\"index, follow, max-snippet:-1, max-image-preview:large, max-video-preview:-1\" \/>\n<link rel=\"canonical\" href=\"https:\/\/www.m-q.ch\/fr\/la-gouvernance-dentreprise-commence-au-conseil-dadministration\/\" \/>\n<meta property=\"og:locale\" content=\"fr_FR\" \/>\n<meta property=\"og:type\" content=\"article\" \/>\n<meta property=\"og:title\" content=\"\u00abCorporate Governance beginnt im Verwaltungsrat\u00bb - MQ Management und Qualit\u00e4t\" \/>\n<meta property=\"og:description\" content=\"Schon 2003 hat die vbl Luzern AG deshalb pionierhaft das SQS-Label \u00abBest Board Practice\u00bb evaluiert und eingef\u00fchrt. R\u00fcckblickend sagt Dr. Norbert Schmassmann, CEO der vbl Luzern: \u00abWir fahren gut damit \u2013 seit \u00fcber 10 Jahren.\u00bb\" \/>\n<meta property=\"og:url\" content=\"https:\/\/www.m-q.ch\/fr\/la-gouvernance-dentreprise-commence-au-conseil-dadministration\/\" \/>\n<meta property=\"og:site_name\" content=\"MQ Management und Qualit\u00e4t\" \/>\n<meta property=\"article:publisher\" content=\"https:\/\/www.facebook.com\/ManagementUndQualitaet\" \/>\n<meta property=\"article:published_time\" content=\"2016-11-05T13:20:53+00:00\" \/>\n<meta property=\"article:modified_time\" content=\"2021-02-15T13:31:34+00:00\" \/>\n<meta property=\"og:image\" content=\"https:\/\/www.m-q.ch\/wp-content\/uploads\/2021\/02\/Corporate-Governance-beginnt-im-Verwaltungsrat.jpg\" \/>\n\t<meta property=\"og:image:width\" content=\"858\" \/>\n\t<meta property=\"og:image:height\" content=\"593\" \/>\n\t<meta property=\"og:image:type\" content=\"image\/jpeg\" \/>\n<meta name=\"author\" content=\"upwork_1\" \/>\n<meta name=\"twitter:card\" content=\"summary_large_image\" \/>\n<meta name=\"twitter:label1\" content=\"\u00c9crit par\" \/>\n\t<meta name=\"twitter:data1\" content=\"upwork_1\" \/>\n\t<meta name=\"twitter:label2\" content=\"Dur\u00e9e de lecture estim\u00e9e\" \/>\n\t<meta name=\"twitter:data2\" content=\"6 minutes\" \/>\n<script type=\"application\/ld+json\" class=\"yoast-schema-graph\">{\"@context\":\"https:\/\/schema.org\",\"@graph\":[{\"@type\":\"Article\",\"@id\":\"https:\/\/www.m-q.ch\/corporate-governance-beginnt-im-verwaltungsrat\/#article\",\"isPartOf\":{\"@id\":\"https:\/\/www.m-q.ch\/corporate-governance-beginnt-im-verwaltungsrat\/\"},\"author\":{\"name\":\"upwork_1\",\"@id\":\"https:\/\/www.m-q.ch\/fr\/#\/schema\/person\/0bdf39ca27d0b9b779f5b8af54b3f7d7\"},\"headline\":\"\u00abCorporate Governance beginnt im Verwaltungsrat\u00bb\",\"datePublished\":\"2016-11-05T13:20:53+00:00\",\"dateModified\":\"2021-02-15T13:31:34+00:00\",\"mainEntityOfPage\":{\"@id\":\"https:\/\/www.m-q.ch\/corporate-governance-beginnt-im-verwaltungsrat\/\"},\"wordCount\":1141,\"publisher\":{\"@id\":\"https:\/\/www.m-q.ch\/fr\/#organization\"},\"image\":{\"@id\":\"https:\/\/www.m-q.ch\/corporate-governance-beginnt-im-verwaltungsrat\/#primaryimage\"},\"thumbnailUrl\":\"https:\/\/www.m-q.ch\/wp-content\/uploads\/2021\/02\/Corporate-Governance-beginnt-im-Verwaltungsrat.jpg\",\"keywords\":[\"11\/2016\"],\"articleSection\":[\"Business Excellence\"],\"inLanguage\":\"fr-FR\"},{\"@type\":\"WebPage\",\"@id\":\"https:\/\/www.m-q.ch\/corporate-governance-beginnt-im-verwaltungsrat\/\",\"url\":\"https:\/\/www.m-q.ch\/corporate-governance-beginnt-im-verwaltungsrat\/\",\"name\":\"\u00abCorporate Governance beginnt im Verwaltungsrat\u00bb - MQ Management und Qualit\u00e4t\",\"isPartOf\":{\"@id\":\"https:\/\/www.m-q.ch\/fr\/#website\"},\"primaryImageOfPage\":{\"@id\":\"https:\/\/www.m-q.ch\/corporate-governance-beginnt-im-verwaltungsrat\/#primaryimage\"},\"image\":{\"@id\":\"https:\/\/www.m-q.ch\/corporate-governance-beginnt-im-verwaltungsrat\/#primaryimage\"},\"thumbnailUrl\":\"https:\/\/www.m-q.ch\/wp-content\/uploads\/2021\/02\/Corporate-Governance-beginnt-im-Verwaltungsrat.jpg\",\"datePublished\":\"2016-11-05T13:20:53+00:00\",\"dateModified\":\"2021-02-15T13:31:34+00:00\",\"description\":\"Schon 2003 hat die vbl Luzern AG deshalb pionierhaft das SQS-Label \u00abBest Board Practice\u00bb evaluiert und eingef\u00fchrt. R\u00fcckblickend sagt Dr. Norbert Schmassmann, CEO der vbl Luzern: \u00abWir fahren gut damit \u2013 seit \u00fcber 10 Jahren.\u00bb\",\"breadcrumb\":{\"@id\":\"https:\/\/www.m-q.ch\/corporate-governance-beginnt-im-verwaltungsrat\/#breadcrumb\"},\"inLanguage\":\"fr-FR\",\"potentialAction\":[{\"@type\":\"ReadAction\",\"target\":[\"https:\/\/www.m-q.ch\/corporate-governance-beginnt-im-verwaltungsrat\/\"]}]},{\"@type\":\"ImageObject\",\"inLanguage\":\"fr-FR\",\"@id\":\"https:\/\/www.m-q.ch\/corporate-governance-beginnt-im-verwaltungsrat\/#primaryimage\",\"url\":\"https:\/\/www.m-q.ch\/wp-content\/uploads\/2021\/02\/Corporate-Governance-beginnt-im-Verwaltungsrat.jpg\",\"contentUrl\":\"https:\/\/www.m-q.ch\/wp-content\/uploads\/2021\/02\/Corporate-Governance-beginnt-im-Verwaltungsrat.jpg\",\"width\":858,\"height\":593,\"caption\":\"\u00abCorporate Governance beginnt im Verwaltungsrat\u00bb\"},{\"@type\":\"BreadcrumbList\",\"@id\":\"https:\/\/www.m-q.ch\/corporate-governance-beginnt-im-verwaltungsrat\/#breadcrumb\",\"itemListElement\":[{\"@type\":\"ListItem\",\"position\":1,\"name\":\"Business Excellence\",\"item\":\"https:\/\/www.m-q.ch\/kategorie\/business_excellence\/\"},{\"@type\":\"ListItem\",\"position\":2,\"name\":\"\u00abCorporate Governance beginnt im Verwaltungsrat\u00bb\"}]},{\"@type\":\"WebSite\",\"@id\":\"https:\/\/www.m-q.ch\/fr\/#website\",\"url\":\"https:\/\/www.m-q.ch\/fr\/\",\"name\":\"MQ Management und Qualit\u00e4t\",\"description\":\"Plattform f\u00fcr integrierte Managementsysteme.\",\"publisher\":{\"@id\":\"https:\/\/www.m-q.ch\/fr\/#organization\"},\"potentialAction\":[{\"@type\":\"SearchAction\",\"target\":{\"@type\":\"EntryPoint\",\"urlTemplate\":\"https:\/\/www.m-q.ch\/fr\/?s={search_term_string}\"},\"query-input\":{\"@type\":\"PropertyValueSpecification\",\"valueRequired\":true,\"valueName\":\"search_term_string\"}}],\"inLanguage\":\"fr-FR\"},{\"@type\":\"Organization\",\"@id\":\"https:\/\/www.m-q.ch\/fr\/#organization\",\"name\":\"Galledia Fachmedien AG\",\"url\":\"https:\/\/www.m-q.ch\/fr\/\",\"logo\":{\"@type\":\"ImageObject\",\"inLanguage\":\"fr-FR\",\"@id\":\"https:\/\/www.m-q.ch\/fr\/#\/schema\/logo\/image\/\",\"url\":\"https:\/\/www.m-q.ch\/wp-content\/uploads\/2020\/12\/cropped-logo_small.png\",\"contentUrl\":\"https:\/\/www.m-q.ch\/wp-content\/uploads\/2020\/12\/cropped-logo_small.png\",\"width\":512,\"height\":512,\"caption\":\"Galledia Fachmedien AG\"},\"image\":{\"@id\":\"https:\/\/www.m-q.ch\/fr\/#\/schema\/logo\/image\/\"},\"sameAs\":[\"https:\/\/www.facebook.com\/ManagementUndQualitaet\",\"https:\/\/www.linkedin.com\/showcase\/17982321\/admin\/\"]},{\"@type\":\"Person\",\"@id\":\"https:\/\/www.m-q.ch\/fr\/#\/schema\/person\/0bdf39ca27d0b9b779f5b8af54b3f7d7\",\"name\":\"upwork_1\",\"image\":{\"@type\":\"ImageObject\",\"inLanguage\":\"fr-FR\",\"@id\":\"https:\/\/www.m-q.ch\/fr\/#\/schema\/person\/image\/\",\"url\":\"https:\/\/secure.gravatar.com\/avatar\/04d4d0fdc5886d535809f17d0eace7f6?s=96&d=mm&r=g\",\"contentUrl\":\"https:\/\/secure.gravatar.com\/avatar\/04d4d0fdc5886d535809f17d0eace7f6?s=96&d=mm&r=g\",\"caption\":\"upwork_1\"},\"url\":\"https:\/\/www.m-q.ch\/fr\/author\/upwork_1\/\"}]}<\/script>\n<!-- \/ Yoast SEO plugin. -->","yoast_head_json":{"title":"\"La gouvernance d'entreprise commence par le conseil d'administration\" - MQ Management und Qualit\u00e4t","description":"D\u00e8s 2003, la vbl Luzern AG a donc \u00e9t\u00e9 pionni\u00e8re dans l'\u00e9valuation et l'introduction du label SQS \"Best Board Practice\". Avec le recul, le Dr Norbert Schmassmann, PDG de la vbl Lucerne, d\u00e9clare : \"Nous nous en sommes bien sortis - depuis plus de 10 ans\".","robots":{"index":"index","follow":"follow","max-snippet":"max-snippet:-1","max-image-preview":"max-image-preview:large","max-video-preview":"max-video-preview:-1"},"canonical":"https:\/\/www.m-q.ch\/fr\/la-gouvernance-dentreprise-commence-au-conseil-dadministration\/","og_locale":"fr_FR","og_type":"article","og_title":"\u00abCorporate Governance beginnt im Verwaltungsrat\u00bb - MQ Management und Qualit\u00e4t","og_description":"Schon 2003 hat die vbl Luzern AG deshalb pionierhaft das SQS-Label \u00abBest Board Practice\u00bb evaluiert und eingef\u00fchrt. R\u00fcckblickend sagt Dr. Norbert Schmassmann, CEO der vbl Luzern: \u00abWir fahren gut damit \u2013 seit \u00fcber 10 Jahren.\u00bb","og_url":"https:\/\/www.m-q.ch\/fr\/la-gouvernance-dentreprise-commence-au-conseil-dadministration\/","og_site_name":"MQ Management und Qualit\u00e4t","article_publisher":"https:\/\/www.facebook.com\/ManagementUndQualitaet","article_published_time":"2016-11-05T13:20:53+00:00","article_modified_time":"2021-02-15T13:31:34+00:00","og_image":[{"width":858,"height":593,"url":"https:\/\/www.m-q.ch\/wp-content\/uploads\/2021\/02\/Corporate-Governance-beginnt-im-Verwaltungsrat.jpg","type":"image\/jpeg"}],"author":"upwork_1","twitter_card":"summary_large_image","twitter_misc":{"\u00c9crit par":"upwork_1","Dur\u00e9e de lecture estim\u00e9e":"6 minutes"},"schema":{"@context":"https:\/\/schema.org","@graph":[{"@type":"Article","@id":"https:\/\/www.m-q.ch\/corporate-governance-beginnt-im-verwaltungsrat\/#article","isPartOf":{"@id":"https:\/\/www.m-q.ch\/corporate-governance-beginnt-im-verwaltungsrat\/"},"author":{"name":"upwork_1","@id":"https:\/\/www.m-q.ch\/fr\/#\/schema\/person\/0bdf39ca27d0b9b779f5b8af54b3f7d7"},"headline":"\u00abCorporate Governance beginnt im Verwaltungsrat\u00bb","datePublished":"2016-11-05T13:20:53+00:00","dateModified":"2021-02-15T13:31:34+00:00","mainEntityOfPage":{"@id":"https:\/\/www.m-q.ch\/corporate-governance-beginnt-im-verwaltungsrat\/"},"wordCount":1141,"publisher":{"@id":"https:\/\/www.m-q.ch\/fr\/#organization"},"image":{"@id":"https:\/\/www.m-q.ch\/corporate-governance-beginnt-im-verwaltungsrat\/#primaryimage"},"thumbnailUrl":"https:\/\/www.m-q.ch\/wp-content\/uploads\/2021\/02\/Corporate-Governance-beginnt-im-Verwaltungsrat.jpg","keywords":["11\/2016"],"articleSection":["Business Excellence"],"inLanguage":"fr-FR"},{"@type":"WebPage","@id":"https:\/\/www.m-q.ch\/corporate-governance-beginnt-im-verwaltungsrat\/","url":"https:\/\/www.m-q.ch\/corporate-governance-beginnt-im-verwaltungsrat\/","name":"\"La gouvernance d'entreprise commence par le conseil d'administration\" - MQ Management und Qualit\u00e4t","isPartOf":{"@id":"https:\/\/www.m-q.ch\/fr\/#website"},"primaryImageOfPage":{"@id":"https:\/\/www.m-q.ch\/corporate-governance-beginnt-im-verwaltungsrat\/#primaryimage"},"image":{"@id":"https:\/\/www.m-q.ch\/corporate-governance-beginnt-im-verwaltungsrat\/#primaryimage"},"thumbnailUrl":"https:\/\/www.m-q.ch\/wp-content\/uploads\/2021\/02\/Corporate-Governance-beginnt-im-Verwaltungsrat.jpg","datePublished":"2016-11-05T13:20:53+00:00","dateModified":"2021-02-15T13:31:34+00:00","description":"D\u00e8s 2003, la vbl Luzern AG a donc \u00e9t\u00e9 pionni\u00e8re dans l'\u00e9valuation et l'introduction du label SQS \"Best Board Practice\". Avec le recul, le Dr Norbert Schmassmann, PDG de la vbl Lucerne, d\u00e9clare : \"Nous nous en sommes bien sortis - depuis plus de 10 ans\".","breadcrumb":{"@id":"https:\/\/www.m-q.ch\/corporate-governance-beginnt-im-verwaltungsrat\/#breadcrumb"},"inLanguage":"fr-FR","potentialAction":[{"@type":"ReadAction","target":["https:\/\/www.m-q.ch\/corporate-governance-beginnt-im-verwaltungsrat\/"]}]},{"@type":"ImageObject","inLanguage":"fr-FR","@id":"https:\/\/www.m-q.ch\/corporate-governance-beginnt-im-verwaltungsrat\/#primaryimage","url":"https:\/\/www.m-q.ch\/wp-content\/uploads\/2021\/02\/Corporate-Governance-beginnt-im-Verwaltungsrat.jpg","contentUrl":"https:\/\/www.m-q.ch\/wp-content\/uploads\/2021\/02\/Corporate-Governance-beginnt-im-Verwaltungsrat.jpg","width":858,"height":593,"caption":"\u00abCorporate Governance beginnt im Verwaltungsrat\u00bb"},{"@type":"BreadcrumbList","@id":"https:\/\/www.m-q.ch\/corporate-governance-beginnt-im-verwaltungsrat\/#breadcrumb","itemListElement":[{"@type":"ListItem","position":1,"name":"Business Excellence","item":"https:\/\/www.m-q.ch\/kategorie\/business_excellence\/"},{"@type":"ListItem","position":2,"name":"\u00abCorporate Governance beginnt im Verwaltungsrat\u00bb"}]},{"@type":"WebSite","@id":"https:\/\/www.m-q.ch\/fr\/#website","url":"https:\/\/www.m-q.ch\/fr\/","name":"Gestion et qualit\u00e9 du QM","description":"Plate-forme pour les syst\u00e8mes de gestion int\u00e9gr\u00e9e.","publisher":{"@id":"https:\/\/www.m-q.ch\/fr\/#organization"},"potentialAction":[{"@type":"SearchAction","target":{"@type":"EntryPoint","urlTemplate":"https:\/\/www.m-q.ch\/fr\/?s={search_term_string}"},"query-input":{"@type":"PropertyValueSpecification","valueRequired":true,"valueName":"search_term_string"}}],"inLanguage":"fr-FR"},{"@type":"Organization","@id":"https:\/\/www.m-q.ch\/fr\/#organization","name":"Galledia Trade Media AG","url":"https:\/\/www.m-q.ch\/fr\/","logo":{"@type":"ImageObject","inLanguage":"fr-FR","@id":"https:\/\/www.m-q.ch\/fr\/#\/schema\/logo\/image\/","url":"https:\/\/www.m-q.ch\/wp-content\/uploads\/2020\/12\/cropped-logo_small.png","contentUrl":"https:\/\/www.m-q.ch\/wp-content\/uploads\/2020\/12\/cropped-logo_small.png","width":512,"height":512,"caption":"Galledia Fachmedien AG"},"image":{"@id":"https:\/\/www.m-q.ch\/fr\/#\/schema\/logo\/image\/"},"sameAs":["https:\/\/www.facebook.com\/ManagementUndQualitaet","https:\/\/www.linkedin.com\/showcase\/17982321\/admin\/"]},{"@type":"Person","@id":"https:\/\/www.m-q.ch\/fr\/#\/schema\/person\/0bdf39ca27d0b9b779f5b8af54b3f7d7","name":"upwork_1","image":{"@type":"ImageObject","inLanguage":"fr-FR","@id":"https:\/\/www.m-q.ch\/fr\/#\/schema\/person\/image\/","url":"https:\/\/secure.gravatar.com\/avatar\/04d4d0fdc5886d535809f17d0eace7f6?s=96&d=mm&r=g","contentUrl":"https:\/\/secure.gravatar.com\/avatar\/04d4d0fdc5886d535809f17d0eace7f6?s=96&d=mm&r=g","caption":"upwork_1"},"url":"https:\/\/www.m-q.ch\/fr\/author\/upwork_1\/"}]}},"_links":{"self":[{"href":"https:\/\/www.m-q.ch\/fr\/wp-json\/wp\/v2\/posts\/12082","targetHints":{"allow":["GET"]}}],"collection":[{"href":"https:\/\/www.m-q.ch\/fr\/wp-json\/wp\/v2\/posts"}],"about":[{"href":"https:\/\/www.m-q.ch\/fr\/wp-json\/wp\/v2\/types\/post"}],"author":[{"embeddable":true,"href":"https:\/\/www.m-q.ch\/fr\/wp-json\/wp\/v2\/users\/66"}],"replies":[{"embeddable":true,"href":"https:\/\/www.m-q.ch\/fr\/wp-json\/wp\/v2\/comments?post=12082"}],"version-history":[{"count":1,"href":"https:\/\/www.m-q.ch\/fr\/wp-json\/wp\/v2\/posts\/12082\/revisions"}],"predecessor-version":[{"id":12089,"href":"https:\/\/www.m-q.ch\/fr\/wp-json\/wp\/v2\/posts\/12082\/revisions\/12089"}],"wp:featuredmedia":[{"embeddable":true,"href":"https:\/\/www.m-q.ch\/fr\/wp-json\/wp\/v2\/media\/12084"}],"wp:attachment":[{"href":"https:\/\/www.m-q.ch\/fr\/wp-json\/wp\/v2\/media?parent=12082"}],"wp:term":[{"taxonomy":"category","embeddable":true,"href":"https:\/\/www.m-q.ch\/fr\/wp-json\/wp\/v2\/categories?post=12082"},{"taxonomy":"post_tag","embeddable":true,"href":"https:\/\/www.m-q.ch\/fr\/wp-json\/wp\/v2\/tags?post=12082"}],"curies":[{"name":"wp","href":"https:\/\/api.w.org\/{rel}","templated":true}]}}