{"id":12105,"date":"2016-12-17T14:47:37","date_gmt":"2016-12-17T13:47:37","guid":{"rendered":"https:\/\/www.m-q.ch\/?p=12105"},"modified":"2021-02-15T15:42:34","modified_gmt":"2021-02-15T14:42:34","slug":"substances-dangereuses-valeurs-limites-et-dangers","status":"publish","type":"post","link":"https:\/\/www.m-q.ch\/fr\/gefahrstoffe-grenzwerte-und-gefaehrdungen\/","title":{"rendered":"Substances dangereuses, valeurs limites et dangers"},"content":{"rendered":"<p><img loading=\"lazy\" decoding=\"async\" class=\"alignnone size-full wp-image-12155\" src=\"https:\/\/www.m-q.ch\/wp-content\/uploads\/2021\/02\/Gefahrstoffe-Grenzwerte-und-Gefaehrdungen.jpg\" alt=\"Substances dangereuses, valeurs limites et dangers\" width=\"857\" height=\"972\" srcset=\"https:\/\/www.m-q.ch\/wp-content\/uploads\/2021\/02\/Gefahrstoffe-Grenzwerte-und-Gefaehrdungen.jpg 857w, https:\/\/www.m-q.ch\/wp-content\/uploads\/2021\/02\/Gefahrstoffe-Grenzwerte-und-Gefaehrdungen-768x871.jpg 768w, https:\/\/www.m-q.ch\/wp-content\/uploads\/2021\/02\/Gefahrstoffe-Grenzwerte-und-Gefaehrdungen-11x12.jpg 11w, https:\/\/www.m-q.ch\/wp-content\/uploads\/2021\/02\/Gefahrstoffe-Grenzwerte-und-Gefaehrdungen-154x175.jpg 154w, https:\/\/www.m-q.ch\/wp-content\/uploads\/2021\/02\/Gefahrstoffe-Grenzwerte-und-Gefaehrdungen-309x350.jpg 309w, https:\/\/www.m-q.ch\/wp-content\/uploads\/2021\/02\/Gefahrstoffe-Grenzwerte-und-Gefaehrdungen-705x800.jpg 705w, https:\/\/www.m-q.ch\/wp-content\/uploads\/2021\/02\/Gefahrstoffe-Grenzwerte-und-Gefaehrdungen-300x340.jpg 300w\" sizes=\"auto, (max-width: 857px) 100vw, 857px\" \/><\/p>\n<p>&nbsp;<\/p>\n<p>&nbsp;<\/p>\n<p>30 ans et dix jours s\u00e9parent ces deux dates : La nuit du 1er novembre 1986, l'accident chimique s'est produit \u00e0 Schweizerhalle ; le matin du 10 novembre 2016, les participants de la 6e Journ\u00e9e suisse des substances dangereuses se sont r\u00e9unis \u00e0 Opfikon. Ces deux \u00e9v\u00e9nements sont d\u00e9finitivement li\u00e9s, comme l'a expliqu\u00e9 le chef de conf\u00e9rence Matthias Mettke dans ses remarques introductives. L'expert en mati\u00e8res dangereuses et en marchandises dangereuses de Swiss TS a montr\u00e9 des images et des films impressionnants de cette \u00e9poque et a r\u00e9sum\u00e9 : \"L'accident chimique de Schweizerhalle a \u00e9t\u00e9 la naissance de l'ordonnance sur les accidents majeurs, qui est finalement entr\u00e9e en vigueur le 1er avril 1991. Pour que de telles choses ne se produisent plus. \u00bb<\/p>\n<p>&nbsp;<\/p>\n<p>Conform\u00e9ment \u00e0 la tradition, Mettke a ouvert la Journ\u00e9e suisse des substances dangereuses en donnant un aper\u00e7u des changements les plus importants de la l\u00e9gislation sur les produits chimiques et a \u00e9galement abord\u00e9 la port\u00e9e de l'ordonnance sur les accidents majeurs et de ses r\u00e8glements. Il a \u00e9galement fourni des informations compactes sur REACH 2018, la r\u00e9vision pr\u00e9vue de l'ordonnance sur les produits chimiques et les nouveaux documents d'orientation de l'Office f\u00e9d\u00e9ral de la sant\u00e9 publique.<\/p>\n<p><strong>Stockage de substances dangereuses<\/strong><\/p>\n<p>&nbsp;<\/p>\n<p>La Schweizerhalle a \u00e9galement \u00e9t\u00e9 l'\u00e9l\u00e9ment d\u00e9clencheur de la cr\u00e9ation de la soci\u00e9t\u00e9 m\u00e8re de DENIOS AG - \u00e9galement dans le but de faire en sorte que de telles choses ne se produisent plus. Le directeur g\u00e9n\u00e9ral Titus Zimmermann a donc abord\u00e9 le sujet du stockage des substances dangereuses. Il a accord\u00e9 une attention particuli\u00e8re aux diff\u00e9rences entre le stockage pur et la manipulation des substances dangereuses.<\/p>\n<p>&nbsp;<\/p>\n<p><em><strong>\"Les valeurs limites tentent de trouver le point entre l'inoffensif et le nocif\", explique le professeur Michael Arand<\/strong><\/em><\/p>\n<p>&nbsp;<\/p>\n<p>avec des mati\u00e8res dangereuses. \"D\u00e8s qu'un produit a \u00e9t\u00e9 ouvert, nous parlons de manipulation\", a d\u00e9clar\u00e9 M. Zimmermann, \"m\u00eame si nous le refermons ensuite et le remettons dans l'armoire. S'il n'est plus dans son emballage d'origine, il n'appartient plus \u00e0 la premi\u00e8re cat\u00e9gorie\". En gardant ces aspects \u00e0 l'esprit, M. Zimmermann a d\u00e9taill\u00e9 la l\u00e9gislation suisse, en soulignant sa structure et ses diff\u00e9rences par rapport aux autres pays, et en mettant l'accent sur un grand nombre de points cl\u00e9s qu'il est essentiel de garder \u00e0 l'esprit. Il a notamment abord\u00e9 les directives de protection contre l'incendie du VKF, mais aussi les r\u00e8glements concernant la protection de l'environnement et de l'eau ainsi que la s\u00e9curit\u00e9 au travail. Il a expliqu\u00e9 les questions de protection contre l'incendie et de stockage dans les b\u00e2timents et \u00e0 l'ext\u00e9rieur, et a donn\u00e9 des exemples de liquides inflammables, les exigences pour d'autres substances, les distances de protection n\u00e9cessaires et les syst\u00e8mes de protection contre la foudre.<\/p>\n<p><strong>Valeurs limites sur le lieu de travail<\/strong><\/p>\n<p>&nbsp;<\/p>\n<p>La mani\u00e8re dont les valeurs limites sont d\u00e9finies n'est souvent pas clairement compr\u00e9hensible. Avec le professeur Michael Arand, pr\u00e9sident de la Commission suisse des valeurs limites de suissepro, les participants ont fait la connaissance d'une personne responsable de ces valeurs limites.<\/p>\n<p>&nbsp;<\/p>\n<p>\"Les limites essaient de trouver le point entre l'inoffensif et le nocif, entre le trop et le trop peu - m\u00eame entre le b\u00e9n\u00e9fique et le nocif\", a d\u00e9clar\u00e9 M. Arand. \"Ils ont une fonction de garde-corps. En y adh\u00e9rant, on r\u00e9duit la probabilit\u00e9 de dommages \u00e0 un niveau acceptable. Mais ils ne sont pas en mesure d'exclure compl\u00e8tement les dommages li\u00e9s \u00e0 l'exposition aux substances. Et ils sont constamment \u00e9valu\u00e9s et \u00e9ventuellement r\u00e9ajust\u00e9s sur la base de nouvelles d\u00e9couvertes scientifiques. Le sens des proportions est souvent n\u00e9cessaire ici\". Arand a expliqu\u00e9 ce que les valeurs limites peuvent et ne peuvent pas faire, quelles sont les cons\u00e9quences d'une valeur trop \u00e9lev\u00e9e ou trop basse, pourquoi il existe diff\u00e9rentes valeurs limites et comment elles sont calcul\u00e9es. Et il a soulign\u00e9 : \"L'existence de valeurs limites ne garantit rien. Il est donc essentiel d'assurer un suivi \u00e0 l'aide de bonnes m\u00e9thodes de mesure\".<\/p>\n<p><strong>Mesures de la valeur MAK<\/strong><\/p>\n<p>&nbsp;<\/p>\n<p>Avec cela, il a pass\u00e9 le ballon directement \u00e0 Manuel Calvi\u00f1o (Encoma GmbH). Le chimiste qualifi\u00e9 et expert en s\u00e9curit\u00e9 EKAS effectue des mesures de la valeur MAK, c'est-\u00e0-dire des mesures de la concentration maximale sur le lieu de travail. \"Pour cela, il faut des hygi\u00e9nistes industriels\", a-t-il dit. \"Seuls eux sont capables de r\u00e9aliser et d'\u00e9valuer correctement les mesures et de d\u00e9finir une strat\u00e9gie de mesure appropri\u00e9e\". Calvi\u00f1o se rend chaque fois sur le lieu de travail et proc\u00e8de \u00e0 une analyse des risques. Il obtient une vue d'ensemble des substances utilis\u00e9es et v\u00e9rifie pour quels composants il existe des valeurs limites et des m\u00e9thodes de mesure ainsi que quel laboratoire peut effectuer une analyse.<\/p>\n<p>&nbsp;<\/p>\n<p><em><strong>\"La mesure doit \u00eatre possible et raisonnable\", a d\u00e9clar\u00e9 M. Calvi\u00f1o.<\/strong><\/em><\/p>\n<p>&nbsp;<\/p>\n<p><em><strong>\"Les mesures doivent \u00eatre possibles et significatives\", dit M. Calvi\u00f1o.<\/strong><\/em><\/p>\n<p>&nbsp;<\/p>\n<p>Ce n'est qu'alors qu'il faut \u00e9laborer une strat\u00e9gie de mesure, pr\u00e9parer le mat\u00e9riel et effectuer la mesure proprement dite. Une grande vari\u00e9t\u00e9 de param\u00e8tres influencent la mesure : la concentration, le temps d'exposition, la limite de d\u00e9tection et les valeurs limites. \"Il y a diverses interactions qui doivent \u00eatre observ\u00e9es et interpr\u00e9t\u00e9es de pr\u00e8s\", a d\u00e9clar\u00e9 M. Calvi\u00f1o.<\/p>\n<p><strong>Analyse des risques<\/strong><\/p>\n<p>&nbsp;<\/p>\n<p>Ralf Mengwasser, chef des services d'expertise en mati\u00e8re de s\u00e9curit\u00e9 environnementale chez Swiss TS, a ensuite boucl\u00e9 la boucle avec son expos\u00e9 sur l'analyse des dangers li\u00e9s aux substances dangereuses. Il a expliqu\u00e9 les sept \u00e9tapes essentielles d'une analyse des dangers et a utilis\u00e9 divers exemples pratiques pour montrer comment les substances dangereuses sont \u00e9tiquet\u00e9es, comment elles p\u00e9n\u00e8trent dans le corps, ce qu'elles peuvent y causer, qui a le devoir de les pr\u00e9venir - et quelles mesures peuvent \u00eatre prises pour y parvenir. \"Les accidents ne sont pas des accidents\", a d\u00e9clar\u00e9 M. Mengwasser.<\/p>\n<p>&nbsp;<\/p>\n<p>\"Les mesures techniques sont bonnes, mais elles sont co\u00fbteuses et peuvent \u00eatre manipul\u00e9es. Les mesures organisationnelles ne sont souvent pas tr\u00e8s efficaces. Et les \u00e9quipements de protection individuelle ne doivent \u00eatre utilis\u00e9s qu'en tout dernier recours. Par cons\u00e9quent : si possible, une substance dangereuse doit \u00eatre remplac\u00e9e par une substance non dangereuse. Si cela r\u00e9ussit, vous avez obtenu le maximum et toutes les autres mesures deviennent alors superflues\".<\/p>\n<p>&nbsp;<\/p>\n<p>&nbsp;<\/p>\n<p>&nbsp;<\/p>","protected":false},"excerpt":{"rendered":"<p>&nbsp; &nbsp; 30 Jahre und zehn Tage lagen zwischen den beiden Daten: In der Nacht auf den 1. November 1986 ereignete sich der Chemieunfall in Schweizerhalle, am Morgen des 10. November 2016 versammelten sich die Teilnehmenden des 6. Gefahrstofftages Schweiz in Opfikon. Diese beiden Ereignisse haben durchaus einen Zusammenhang, wie Tagungsleiter Matthias Mettke einf\u00fchrend erl\u00e4uterte. [&hellip;]<\/p>\n","protected":false},"author":66,"featured_media":12155,"comment_status":"closed","ping_status":"closed","sticky":false,"template":"","format":"standard","meta":{"_acf_changed":false,"footnotes":""},"categories":[4],"tags":[4793],"class_list":["post-12105","post","type-post","status-publish","format-standard","has-post-thumbnail","hentry","category-risikomanagement","tag-12-2016"],"acf":[],"yoast_head":"<!-- This site is optimized with the Yoast SEO plugin v26.2 - https:\/\/yoast.com\/wordpress\/plugins\/seo\/ -->\n<title>Gefahrstoffe, Grenzwerte und Gef\u00e4hrdungen - MQ Management und Qualit\u00e4t<\/title>\n<meta name=\"description\" content=\"Der 6. Gefahrstofftag Schweiz der Swiss TS handeltevon den wichtigsten Neuerungen im Chemikalienrecht,der Lagerung von Gefahrstoffen, von Grenzwertenam Arbeitsplatz und MAK-Wert-Messungenbis hin zu optimierten Gef\u00e4hrdungsanalysen.\" \/>\n<meta name=\"robots\" content=\"index, follow, max-snippet:-1, max-image-preview:large, max-video-preview:-1\" \/>\n<link rel=\"canonical\" href=\"https:\/\/www.m-q.ch\/fr\/substances-dangereuses-valeurs-limites-et-dangers\/\" \/>\n<meta property=\"og:locale\" content=\"fr_FR\" \/>\n<meta property=\"og:type\" content=\"article\" \/>\n<meta property=\"og:title\" content=\"Gefahrstoffe, Grenzwerte und Gef\u00e4hrdungen - MQ Management und Qualit\u00e4t\" \/>\n<meta property=\"og:description\" content=\"Der 6. Gefahrstofftag Schweiz der Swiss TS handeltevon den wichtigsten Neuerungen im Chemikalienrecht,der Lagerung von Gefahrstoffen, von Grenzwertenam Arbeitsplatz und MAK-Wert-Messungenbis hin zu optimierten Gef\u00e4hrdungsanalysen.\" \/>\n<meta property=\"og:url\" content=\"https:\/\/www.m-q.ch\/fr\/substances-dangereuses-valeurs-limites-et-dangers\/\" \/>\n<meta property=\"og:site_name\" content=\"MQ Management und Qualit\u00e4t\" \/>\n<meta property=\"article:publisher\" content=\"https:\/\/www.facebook.com\/ManagementUndQualitaet\" \/>\n<meta property=\"article:published_time\" content=\"2016-12-17T13:47:37+00:00\" \/>\n<meta property=\"article:modified_time\" content=\"2021-02-15T14:42:34+00:00\" \/>\n<meta property=\"og:image\" content=\"https:\/\/www.m-q.ch\/wp-content\/uploads\/2021\/02\/Gefahrstoffe-Grenzwerte-und-Gefaehrdungen.jpg\" \/>\n\t<meta property=\"og:image:width\" content=\"857\" \/>\n\t<meta property=\"og:image:height\" content=\"972\" \/>\n\t<meta property=\"og:image:type\" content=\"image\/jpeg\" \/>\n<meta name=\"author\" content=\"upwork_1\" \/>\n<meta name=\"twitter:card\" content=\"summary_large_image\" \/>\n<meta name=\"twitter:label1\" content=\"\u00c9crit par\" \/>\n\t<meta name=\"twitter:data1\" content=\"upwork_1\" \/>\n\t<meta name=\"twitter:label2\" content=\"Dur\u00e9e de lecture estim\u00e9e\" \/>\n\t<meta name=\"twitter:data2\" content=\"4 minutes\" \/>\n<script type=\"application\/ld+json\" class=\"yoast-schema-graph\">{\"@context\":\"https:\/\/schema.org\",\"@graph\":[{\"@type\":\"Article\",\"@id\":\"https:\/\/www.m-q.ch\/gefahrstoffe-grenzwerte-und-gefaehrdungen\/#article\",\"isPartOf\":{\"@id\":\"https:\/\/www.m-q.ch\/gefahrstoffe-grenzwerte-und-gefaehrdungen\/\"},\"author\":{\"name\":\"upwork_1\",\"@id\":\"https:\/\/www.m-q.ch\/fr\/#\/schema\/person\/0bdf39ca27d0b9b779f5b8af54b3f7d7\"},\"headline\":\"Gefahrstoffe, Grenzwerte und Gef\u00e4hrdungen\",\"datePublished\":\"2016-12-17T13:47:37+00:00\",\"dateModified\":\"2021-02-15T14:42:34+00:00\",\"mainEntityOfPage\":{\"@id\":\"https:\/\/www.m-q.ch\/gefahrstoffe-grenzwerte-und-gefaehrdungen\/\"},\"wordCount\":836,\"publisher\":{\"@id\":\"https:\/\/www.m-q.ch\/fr\/#organization\"},\"image\":{\"@id\":\"https:\/\/www.m-q.ch\/gefahrstoffe-grenzwerte-und-gefaehrdungen\/#primaryimage\"},\"thumbnailUrl\":\"https:\/\/www.m-q.ch\/wp-content\/uploads\/2021\/02\/Gefahrstoffe-Grenzwerte-und-Gefaehrdungen.jpg\",\"keywords\":[\"12\/2016\"],\"articleSection\":[\"Risikomanagement\"],\"inLanguage\":\"fr-FR\"},{\"@type\":\"WebPage\",\"@id\":\"https:\/\/www.m-q.ch\/gefahrstoffe-grenzwerte-und-gefaehrdungen\/\",\"url\":\"https:\/\/www.m-q.ch\/gefahrstoffe-grenzwerte-und-gefaehrdungen\/\",\"name\":\"Gefahrstoffe, Grenzwerte und Gef\u00e4hrdungen - MQ Management und Qualit\u00e4t\",\"isPartOf\":{\"@id\":\"https:\/\/www.m-q.ch\/fr\/#website\"},\"primaryImageOfPage\":{\"@id\":\"https:\/\/www.m-q.ch\/gefahrstoffe-grenzwerte-und-gefaehrdungen\/#primaryimage\"},\"image\":{\"@id\":\"https:\/\/www.m-q.ch\/gefahrstoffe-grenzwerte-und-gefaehrdungen\/#primaryimage\"},\"thumbnailUrl\":\"https:\/\/www.m-q.ch\/wp-content\/uploads\/2021\/02\/Gefahrstoffe-Grenzwerte-und-Gefaehrdungen.jpg\",\"datePublished\":\"2016-12-17T13:47:37+00:00\",\"dateModified\":\"2021-02-15T14:42:34+00:00\",\"description\":\"Der 6. Gefahrstofftag Schweiz der Swiss TS handeltevon den wichtigsten Neuerungen im Chemikalienrecht,der Lagerung von Gefahrstoffen, von Grenzwertenam Arbeitsplatz und MAK-Wert-Messungenbis hin zu optimierten Gef\u00e4hrdungsanalysen.\",\"breadcrumb\":{\"@id\":\"https:\/\/www.m-q.ch\/gefahrstoffe-grenzwerte-und-gefaehrdungen\/#breadcrumb\"},\"inLanguage\":\"fr-FR\",\"potentialAction\":[{\"@type\":\"ReadAction\",\"target\":[\"https:\/\/www.m-q.ch\/gefahrstoffe-grenzwerte-und-gefaehrdungen\/\"]}]},{\"@type\":\"ImageObject\",\"inLanguage\":\"fr-FR\",\"@id\":\"https:\/\/www.m-q.ch\/gefahrstoffe-grenzwerte-und-gefaehrdungen\/#primaryimage\",\"url\":\"https:\/\/www.m-q.ch\/wp-content\/uploads\/2021\/02\/Gefahrstoffe-Grenzwerte-und-Gefaehrdungen.jpg\",\"contentUrl\":\"https:\/\/www.m-q.ch\/wp-content\/uploads\/2021\/02\/Gefahrstoffe-Grenzwerte-und-Gefaehrdungen.jpg\",\"width\":857,\"height\":972,\"caption\":\"Gefahrstoffe, Grenzwerte und Gef\u00e4hrdungen\"},{\"@type\":\"BreadcrumbList\",\"@id\":\"https:\/\/www.m-q.ch\/gefahrstoffe-grenzwerte-und-gefaehrdungen\/#breadcrumb\",\"itemListElement\":[{\"@type\":\"ListItem\",\"position\":1,\"name\":\"Risikomanagement\",\"item\":\"https:\/\/www.m-q.ch\/kategorie\/risikomanagement\/\"},{\"@type\":\"ListItem\",\"position\":2,\"name\":\"Gefahrstoffe, Grenzwerte und Gef\u00e4hrdungen\"}]},{\"@type\":\"WebSite\",\"@id\":\"https:\/\/www.m-q.ch\/fr\/#website\",\"url\":\"https:\/\/www.m-q.ch\/fr\/\",\"name\":\"MQ Management und Qualit\u00e4t\",\"description\":\"Plattform f\u00fcr integrierte Managementsysteme.\",\"publisher\":{\"@id\":\"https:\/\/www.m-q.ch\/fr\/#organization\"},\"potentialAction\":[{\"@type\":\"SearchAction\",\"target\":{\"@type\":\"EntryPoint\",\"urlTemplate\":\"https:\/\/www.m-q.ch\/fr\/?s={search_term_string}\"},\"query-input\":{\"@type\":\"PropertyValueSpecification\",\"valueRequired\":true,\"valueName\":\"search_term_string\"}}],\"inLanguage\":\"fr-FR\"},{\"@type\":\"Organization\",\"@id\":\"https:\/\/www.m-q.ch\/fr\/#organization\",\"name\":\"Galledia Fachmedien AG\",\"url\":\"https:\/\/www.m-q.ch\/fr\/\",\"logo\":{\"@type\":\"ImageObject\",\"inLanguage\":\"fr-FR\",\"@id\":\"https:\/\/www.m-q.ch\/fr\/#\/schema\/logo\/image\/\",\"url\":\"https:\/\/www.m-q.ch\/wp-content\/uploads\/2020\/12\/cropped-logo_small.png\",\"contentUrl\":\"https:\/\/www.m-q.ch\/wp-content\/uploads\/2020\/12\/cropped-logo_small.png\",\"width\":512,\"height\":512,\"caption\":\"Galledia Fachmedien AG\"},\"image\":{\"@id\":\"https:\/\/www.m-q.ch\/fr\/#\/schema\/logo\/image\/\"},\"sameAs\":[\"https:\/\/www.facebook.com\/ManagementUndQualitaet\",\"https:\/\/www.linkedin.com\/showcase\/17982321\/admin\/\"]},{\"@type\":\"Person\",\"@id\":\"https:\/\/www.m-q.ch\/fr\/#\/schema\/person\/0bdf39ca27d0b9b779f5b8af54b3f7d7\",\"name\":\"upwork_1\",\"image\":{\"@type\":\"ImageObject\",\"inLanguage\":\"fr-FR\",\"@id\":\"https:\/\/www.m-q.ch\/fr\/#\/schema\/person\/image\/\",\"url\":\"https:\/\/secure.gravatar.com\/avatar\/04d4d0fdc5886d535809f17d0eace7f6?s=96&d=mm&r=g\",\"contentUrl\":\"https:\/\/secure.gravatar.com\/avatar\/04d4d0fdc5886d535809f17d0eace7f6?s=96&d=mm&r=g\",\"caption\":\"upwork_1\"},\"url\":\"https:\/\/www.m-q.ch\/fr\/author\/upwork_1\/\"}]}<\/script>\n<!-- \/ Yoast SEO plugin. -->","yoast_head_json":{"title":"Substances dangereuses, valeurs limites et dangers - Gestion et qualit\u00e9 de la QM","description":"La 6e Journ\u00e9e des substances dangereuses Suisse du Swiss TS a trait\u00e9 des principales innovations de la l\u00e9gislation sur les produits chimiques, du stockage des substances dangereuses, des valeurs limites sur le lieu de travail et des mesures de la valeur MAK, ainsi que des analyses optimis\u00e9es des dangers.","robots":{"index":"index","follow":"follow","max-snippet":"max-snippet:-1","max-image-preview":"max-image-preview:large","max-video-preview":"max-video-preview:-1"},"canonical":"https:\/\/www.m-q.ch\/fr\/substances-dangereuses-valeurs-limites-et-dangers\/","og_locale":"fr_FR","og_type":"article","og_title":"Gefahrstoffe, Grenzwerte und Gef\u00e4hrdungen - MQ Management und Qualit\u00e4t","og_description":"Der 6. Gefahrstofftag Schweiz der Swiss TS handeltevon den wichtigsten Neuerungen im Chemikalienrecht,der Lagerung von Gefahrstoffen, von Grenzwertenam Arbeitsplatz und MAK-Wert-Messungenbis hin zu optimierten Gef\u00e4hrdungsanalysen.","og_url":"https:\/\/www.m-q.ch\/fr\/substances-dangereuses-valeurs-limites-et-dangers\/","og_site_name":"MQ Management und Qualit\u00e4t","article_publisher":"https:\/\/www.facebook.com\/ManagementUndQualitaet","article_published_time":"2016-12-17T13:47:37+00:00","article_modified_time":"2021-02-15T14:42:34+00:00","og_image":[{"width":857,"height":972,"url":"https:\/\/www.m-q.ch\/wp-content\/uploads\/2021\/02\/Gefahrstoffe-Grenzwerte-und-Gefaehrdungen.jpg","type":"image\/jpeg"}],"author":"upwork_1","twitter_card":"summary_large_image","twitter_misc":{"\u00c9crit par":"upwork_1","Dur\u00e9e de lecture estim\u00e9e":"4 minutes"},"schema":{"@context":"https:\/\/schema.org","@graph":[{"@type":"Article","@id":"https:\/\/www.m-q.ch\/gefahrstoffe-grenzwerte-und-gefaehrdungen\/#article","isPartOf":{"@id":"https:\/\/www.m-q.ch\/gefahrstoffe-grenzwerte-und-gefaehrdungen\/"},"author":{"name":"upwork_1","@id":"https:\/\/www.m-q.ch\/fr\/#\/schema\/person\/0bdf39ca27d0b9b779f5b8af54b3f7d7"},"headline":"Gefahrstoffe, Grenzwerte und Gef\u00e4hrdungen","datePublished":"2016-12-17T13:47:37+00:00","dateModified":"2021-02-15T14:42:34+00:00","mainEntityOfPage":{"@id":"https:\/\/www.m-q.ch\/gefahrstoffe-grenzwerte-und-gefaehrdungen\/"},"wordCount":836,"publisher":{"@id":"https:\/\/www.m-q.ch\/fr\/#organization"},"image":{"@id":"https:\/\/www.m-q.ch\/gefahrstoffe-grenzwerte-und-gefaehrdungen\/#primaryimage"},"thumbnailUrl":"https:\/\/www.m-q.ch\/wp-content\/uploads\/2021\/02\/Gefahrstoffe-Grenzwerte-und-Gefaehrdungen.jpg","keywords":["12\/2016"],"articleSection":["Risikomanagement"],"inLanguage":"fr-FR"},{"@type":"WebPage","@id":"https:\/\/www.m-q.ch\/gefahrstoffe-grenzwerte-und-gefaehrdungen\/","url":"https:\/\/www.m-q.ch\/gefahrstoffe-grenzwerte-und-gefaehrdungen\/","name":"Substances dangereuses, valeurs limites et dangers - Gestion et qualit\u00e9 de la QM","isPartOf":{"@id":"https:\/\/www.m-q.ch\/fr\/#website"},"primaryImageOfPage":{"@id":"https:\/\/www.m-q.ch\/gefahrstoffe-grenzwerte-und-gefaehrdungen\/#primaryimage"},"image":{"@id":"https:\/\/www.m-q.ch\/gefahrstoffe-grenzwerte-und-gefaehrdungen\/#primaryimage"},"thumbnailUrl":"https:\/\/www.m-q.ch\/wp-content\/uploads\/2021\/02\/Gefahrstoffe-Grenzwerte-und-Gefaehrdungen.jpg","datePublished":"2016-12-17T13:47:37+00:00","dateModified":"2021-02-15T14:42:34+00:00","description":"La 6e Journ\u00e9e des substances dangereuses Suisse du Swiss TS a trait\u00e9 des principales innovations de la l\u00e9gislation sur les produits chimiques, du stockage des substances dangereuses, des valeurs limites sur le lieu de travail et des mesures de la valeur MAK, ainsi que des analyses optimis\u00e9es des dangers.","breadcrumb":{"@id":"https:\/\/www.m-q.ch\/gefahrstoffe-grenzwerte-und-gefaehrdungen\/#breadcrumb"},"inLanguage":"fr-FR","potentialAction":[{"@type":"ReadAction","target":["https:\/\/www.m-q.ch\/gefahrstoffe-grenzwerte-und-gefaehrdungen\/"]}]},{"@type":"ImageObject","inLanguage":"fr-FR","@id":"https:\/\/www.m-q.ch\/gefahrstoffe-grenzwerte-und-gefaehrdungen\/#primaryimage","url":"https:\/\/www.m-q.ch\/wp-content\/uploads\/2021\/02\/Gefahrstoffe-Grenzwerte-und-Gefaehrdungen.jpg","contentUrl":"https:\/\/www.m-q.ch\/wp-content\/uploads\/2021\/02\/Gefahrstoffe-Grenzwerte-und-Gefaehrdungen.jpg","width":857,"height":972,"caption":"Gefahrstoffe, Grenzwerte und Gef\u00e4hrdungen"},{"@type":"BreadcrumbList","@id":"https:\/\/www.m-q.ch\/gefahrstoffe-grenzwerte-und-gefaehrdungen\/#breadcrumb","itemListElement":[{"@type":"ListItem","position":1,"name":"Risikomanagement","item":"https:\/\/www.m-q.ch\/kategorie\/risikomanagement\/"},{"@type":"ListItem","position":2,"name":"Gefahrstoffe, Grenzwerte und Gef\u00e4hrdungen"}]},{"@type":"WebSite","@id":"https:\/\/www.m-q.ch\/fr\/#website","url":"https:\/\/www.m-q.ch\/fr\/","name":"Gestion et qualit\u00e9 du QM","description":"Plate-forme pour les syst\u00e8mes de gestion int\u00e9gr\u00e9e.","publisher":{"@id":"https:\/\/www.m-q.ch\/fr\/#organization"},"potentialAction":[{"@type":"SearchAction","target":{"@type":"EntryPoint","urlTemplate":"https:\/\/www.m-q.ch\/fr\/?s={search_term_string}"},"query-input":{"@type":"PropertyValueSpecification","valueRequired":true,"valueName":"search_term_string"}}],"inLanguage":"fr-FR"},{"@type":"Organization","@id":"https:\/\/www.m-q.ch\/fr\/#organization","name":"Galledia Trade Media AG","url":"https:\/\/www.m-q.ch\/fr\/","logo":{"@type":"ImageObject","inLanguage":"fr-FR","@id":"https:\/\/www.m-q.ch\/fr\/#\/schema\/logo\/image\/","url":"https:\/\/www.m-q.ch\/wp-content\/uploads\/2020\/12\/cropped-logo_small.png","contentUrl":"https:\/\/www.m-q.ch\/wp-content\/uploads\/2020\/12\/cropped-logo_small.png","width":512,"height":512,"caption":"Galledia Fachmedien AG"},"image":{"@id":"https:\/\/www.m-q.ch\/fr\/#\/schema\/logo\/image\/"},"sameAs":["https:\/\/www.facebook.com\/ManagementUndQualitaet","https:\/\/www.linkedin.com\/showcase\/17982321\/admin\/"]},{"@type":"Person","@id":"https:\/\/www.m-q.ch\/fr\/#\/schema\/person\/0bdf39ca27d0b9b779f5b8af54b3f7d7","name":"upwork_1","image":{"@type":"ImageObject","inLanguage":"fr-FR","@id":"https:\/\/www.m-q.ch\/fr\/#\/schema\/person\/image\/","url":"https:\/\/secure.gravatar.com\/avatar\/04d4d0fdc5886d535809f17d0eace7f6?s=96&d=mm&r=g","contentUrl":"https:\/\/secure.gravatar.com\/avatar\/04d4d0fdc5886d535809f17d0eace7f6?s=96&d=mm&r=g","caption":"upwork_1"},"url":"https:\/\/www.m-q.ch\/fr\/author\/upwork_1\/"}]}},"_links":{"self":[{"href":"https:\/\/www.m-q.ch\/fr\/wp-json\/wp\/v2\/posts\/12105","targetHints":{"allow":["GET"]}}],"collection":[{"href":"https:\/\/www.m-q.ch\/fr\/wp-json\/wp\/v2\/posts"}],"about":[{"href":"https:\/\/www.m-q.ch\/fr\/wp-json\/wp\/v2\/types\/post"}],"author":[{"embeddable":true,"href":"https:\/\/www.m-q.ch\/fr\/wp-json\/wp\/v2\/users\/66"}],"replies":[{"embeddable":true,"href":"https:\/\/www.m-q.ch\/fr\/wp-json\/wp\/v2\/comments?post=12105"}],"version-history":[{"count":2,"href":"https:\/\/www.m-q.ch\/fr\/wp-json\/wp\/v2\/posts\/12105\/revisions"}],"predecessor-version":[{"id":12158,"href":"https:\/\/www.m-q.ch\/fr\/wp-json\/wp\/v2\/posts\/12105\/revisions\/12158"}],"wp:featuredmedia":[{"embeddable":true,"href":"https:\/\/www.m-q.ch\/fr\/wp-json\/wp\/v2\/media\/12155"}],"wp:attachment":[{"href":"https:\/\/www.m-q.ch\/fr\/wp-json\/wp\/v2\/media?parent=12105"}],"wp:term":[{"taxonomy":"category","embeddable":true,"href":"https:\/\/www.m-q.ch\/fr\/wp-json\/wp\/v2\/categories?post=12105"},{"taxonomy":"post_tag","embeddable":true,"href":"https:\/\/www.m-q.ch\/fr\/wp-json\/wp\/v2\/tags?post=12105"}],"curies":[{"name":"wp","href":"https:\/\/api.w.org\/{rel}","templated":true}]}}