{"id":12108,"date":"2016-12-23T14:47:39","date_gmt":"2016-12-23T13:47:39","guid":{"rendered":"https:\/\/www.m-q.ch\/?p=12108"},"modified":"2021-02-15T15:55:50","modified_gmt":"2021-02-15T14:55:50","slug":"le-probleme-de-lecolabel","status":"publish","type":"post","link":"https:\/\/www.m-q.ch\/fr\/die-krux-mit-dem-oekolabel\/","title":{"rendered":"L'essentiel avec le label \u00e9cologique"},"content":{"rendered":"<p>Bien s\u00fbr, les gros morceaux ont d\u00e9j\u00e0 \u00e9t\u00e9 mis en \u0153uvre. Le fait que la production fonctionne avec le moins d'\u00e9nergie possible est une exigence. Le fait que le concept d'\u00e9limination soit soumis \u00e0 la durabilit\u00e9 n'est ni nouveau ni volontaire. Dans la vie de tous les jours, cependant, il y a encore du potentiel. C'est l\u00e0 que l'effet de levier doit \u00eatre appliqu\u00e9. Car l'\u00e9cologie n'a pas seulement sa place dans les halls de production, mais aussi dans la routine quotidienne de tous les processus op\u00e9rationnels d\u00e9taill\u00e9s. Ce n'est qu'ainsi que vous pourrez sensibiliser les employ\u00e9s et, en fin de compte, les clients.<\/p>\n<p>&nbsp;<\/p>\n<p>Hannes est un peu perdu. Il est assis sans inspiration devant l'ordinateur, a ouvert un document Word, fix\u00e9 des titres et laiss\u00e9 de la place pour les illustrations. Et maintenant, il est coinc\u00e9. Il se l\u00e8ve, le mouvement fait aussi bouger le cerveau. Les meilleures id\u00e9es vous sautent souvent aux yeux lorsque vous vous promenez dans les couloirs ou que vous vous tenez devant l'objet. Hannes en a fait l'exp\u00e9rience \u00e0 plusieurs reprises.<\/p>\n<p>&nbsp;<\/p>\n<p>D\u00e9j\u00e0 dans son bureau, il commence par les premi\u00e8res notes. Le fait que la fonction de veille du PC puisse commencer un peu plus t\u00f4t, il s'en est d\u00e9j\u00e0 occup\u00e9. Mais que diriez-vous de rendre l'affichage de l'\u00e9cran un peu plus flou et plus petit ? Cela permettrait certainement d'\u00e9conomiser de l'\u00e9nergie. Il note. Il est presque certain que les chiffons en microfibres qui sont laiss\u00e9s \u00e0 chaque poste de travail pour le petit \"nettoyage\" interm\u00e9diaire contiennent beaucoup de produits chimiques. Donc : \"Remplacer les chiffons en microfibre par des chiffons en laine de production locale\".<\/p>\n<p>&nbsp;<\/p>\n<p>Hannes est convaincu que c'est pr\u00e9cis\u00e9ment avec de nombreuses solutions d\u00e9taill\u00e9es que l'effet d\u00e9cisif est obtenu et que les employ\u00e9s sont sensibilis\u00e9s \u00e0 la question. Le fait que la chaleur r\u00e9siduelle du PC et de l'imprimante puisse \u00eatre utilis\u00e9e pour la machine \u00e0 caf\u00e9 est logique - il suffit de le mettre en \u0153uvre techniquement. Mais je suis s\u00fbr qu'on trouvera quelqu'un pour s'en charger. Les toilettes sont des foyers de gaspillage d'\u00e9nergie. Pourquoi la pi\u00e8ce doit-elle \u00eatre si bien \u00e9clair\u00e9e ? Si vous ne le connaissez pas par c\u0153ur, vous n'\u00eates pas assez \u00e9veill\u00e9 et n'avez pas d'affaires dans un environnement commercial exigeant. Les lampes \u00e0 \u00e9conomie d'\u00e9nergie sont bonnes - mais aucune lampe n'est meilleure. En outre, les toilettes sont \u00e9quip\u00e9es d'une fen\u00eatre. Cela laisse entrer suffisamment de lumi\u00e8re. Pendant les mois d'hiver, n'oubliez pas de refaire vos affaires avant la tomb\u00e9e de la nuit pour que votre vessie puisse \"tenir le coup\" jusqu'\u00e0 la fermeture.<\/p>\n<p>&nbsp;<\/p>\n<p>Le coin caf\u00e9 a \u00e9galement un potentiel \u00e9cologique. Les machines \u00e0 caf\u00e9 sont mises en veille depuis un certain temps d\u00e9j\u00e0. Mais le timing peut \u00eatre optimis\u00e9 : Le caf\u00e9 chaud n'est disponible qu'entre neuf et dix heures. Les capsules Nespresso \u00e9ject\u00e9es sont br\u00fbl\u00e9es selon un processus rapide et leur chaleur r\u00e9siduelle est convertie en \u00e9lectricit\u00e9 pendant la p\u00e9riode de onze \u00e0 douze heures. \"Une id\u00e9e novatrice et visionnaire\", dit Hannes avec un sourire satisfait.<\/p>\n<p>&nbsp;<\/p>\n<p>Les journaux de la cantine d'entreprise ont fait leur temps le soir et se retrouvent au d\u00e9potoir. Il convient ici d'examiner si et comment ces kilos de papier en accumulation peuvent \u00eatre r\u00e9utilis\u00e9s. Par exemple, comme papier absorbant dans le d\u00e9shumidificateur de la salle des serveurs. Ou bien pli\u00e9 artistiquement comme une housse de t\u00e9l\u00e9phone portable jetable, afin de favoriser la long\u00e9vit\u00e9 de ces appareils \u00e9galement, sans couverture en plastique profane toxique, mais dans des housses de protection de haute qualit\u00e9 \u00e9cologique.<\/p>\n<p>&nbsp;<\/p>\n<p>Hannes se lance. Il aime peaufiner les d\u00e9tails et trouver des solutions innovantes. Il jette des mots-cl\u00e9s et compte les id\u00e9es. Tous les produits issus de la production doivent \u00eatre marqu\u00e9s d'un point vert pour que les clients remarquent vraiment l'effort. L'imagination de Hannes alimente une autre proposition novatrice : le chant des oiseaux doit \u00eatre jou\u00e9 par un syst\u00e8me de haut-parleurs quadriphoniques dans l'entr\u00e9e de l'entreprise. L'\u00e9nergie n\u00e9cessaire sera produite sur le toit, dans la propre centrale \u00e9lectrique de l'entreprise, qui sera aliment\u00e9e avec les fientes collect\u00e9es de vrais oiseaux.<\/p>\n<p>&nbsp;<\/p>\n<p>Hannes voit \u00e9galement un potentiel dans la cantine d'entreprise. Il va sans dire que toute la nourriture doit provenir de la production locale. Dans une phase transitoire, le terme \"local\" sera d\u00e9fini de mani\u00e8re \u00e0 ce que la nourriture provienne d'un pays dont au moins un employ\u00e9 est originaire. Avec 25 nations diff\u00e9rentes, il n'est pas n\u00e9cessaire d'\u00eatre trop restrictif de cette mani\u00e8re. Enfin, dans le coin des fumeurs de la cour int\u00e9rieure, la fum\u00e9e sera recueillie et utilis\u00e9e pour alimenter une mini-turbine. Ce dernier sera \u00e0 son tour utilis\u00e9 pour estampiller les autocollants verts des produits. L'\u00e9cologie exige de penser et d'agir en r\u00e9seau et de mani\u00e8re interd\u00e9pendante dans des syst\u00e8mes complexes.<\/p>\n<p>&nbsp;<\/p>\n<p>Tr\u00e8s bien - le bureau sans papier est encore loin d'\u00eatre une r\u00e9alit\u00e9. Mais apr\u00e8s tout, le concept doit \u00eatre lisible sur tous les postes de travail, m\u00eame sans alimentation \u00e9lectrique. Pour cela, le papier imprim\u00e9 est n\u00e9cessaire \u00e0 toute forme d'imagination.<\/p>\n<p>&nbsp;<\/p>","protected":false},"excerpt":{"rendered":"<p>Selbstverst\u00e4ndlich sind die grossen Brocken bereits umgesetzt. Dass die Produktion m\u00f6glichst energiearm l\u00e4uft, ist Vorschrift. Dass das Entsorgungskonzept der Nachhaltigkeit unterliegt, ist weder neu, noch freiwillig. Im Alltag aber gibts noch Potenzial. Hier soll der Hebel angesetzt werden. Denn \u00d6kologie geh\u00f6rt nicht nur in die Fabrikationshallen, sondern in den Alltag aller betrieblichen Detailabl\u00e4ufe. Erst dann [&hellip;]<\/p>\n","protected":false},"author":66,"featured_media":0,"comment_status":"closed","ping_status":"closed","sticky":false,"template":"","format":"standard","meta":{"_acf_changed":false,"footnotes":""},"categories":[4448],"tags":[4793],"class_list":["post-12108","post","type-post","status-publish","format-standard","hentry","category-allgemein","tag-12-2016"],"acf":[],"yoast_head":"<!-- This site is optimized with the Yoast SEO plugin v26.2 - https:\/\/yoast.com\/wordpress\/plugins\/seo\/ -->\n<title>Die Krux mit dem \u00d6kolabel - MQ Management und Qualit\u00e4t<\/title>\n<meta name=\"description\" content=\"\u00abAuch das noch\u00bb, denkt sich Hannes.Wieder mal ist an der Gesch\u00e4ftsleitersitzungihm das Detailkonzeptaufgehalst worden.Das Unternehmen hat sich eineneue Teilstrategie gegeben. Nebenden klassischen Erfolgsfaktorenhat es sich \u00abNachhaltigkeit\u00bbauf die Fahne geschrieben. Dasinternationale \u00d6kolabel soll angestrebtwerden, damit der Kundeweiss, dass hier nicht nur gut,sondern auch nachhaltig undbiologisch gearbeitet wird.\" \/>\n<meta name=\"robots\" content=\"index, follow, max-snippet:-1, max-image-preview:large, max-video-preview:-1\" \/>\n<link rel=\"canonical\" href=\"https:\/\/www.m-q.ch\/fr\/le-probleme-de-lecolabel\/\" \/>\n<meta property=\"og:locale\" content=\"fr_FR\" \/>\n<meta property=\"og:type\" content=\"article\" \/>\n<meta property=\"og:title\" content=\"Die Krux mit dem \u00d6kolabel - MQ Management und Qualit\u00e4t\" \/>\n<meta property=\"og:description\" content=\"\u00abAuch das noch\u00bb, denkt sich Hannes.Wieder mal ist an der Gesch\u00e4ftsleitersitzungihm das Detailkonzeptaufgehalst worden.Das Unternehmen hat sich eineneue Teilstrategie gegeben. Nebenden klassischen Erfolgsfaktorenhat es sich \u00abNachhaltigkeit\u00bbauf die Fahne geschrieben. Dasinternationale \u00d6kolabel soll angestrebtwerden, damit der Kundeweiss, dass hier nicht nur gut,sondern auch nachhaltig undbiologisch gearbeitet wird.\" \/>\n<meta property=\"og:url\" content=\"https:\/\/www.m-q.ch\/fr\/le-probleme-de-lecolabel\/\" \/>\n<meta property=\"og:site_name\" content=\"MQ Management und Qualit\u00e4t\" \/>\n<meta property=\"article:publisher\" content=\"https:\/\/www.facebook.com\/ManagementUndQualitaet\" \/>\n<meta property=\"article:published_time\" content=\"2016-12-23T13:47:39+00:00\" \/>\n<meta property=\"article:modified_time\" content=\"2021-02-15T14:55:50+00:00\" \/>\n<meta name=\"author\" content=\"upwork_1\" \/>\n<meta name=\"twitter:card\" content=\"summary_large_image\" \/>\n<meta name=\"twitter:label1\" content=\"\u00c9crit par\" \/>\n\t<meta name=\"twitter:data1\" content=\"upwork_1\" \/>\n\t<meta name=\"twitter:label2\" content=\"Dur\u00e9e de lecture estim\u00e9e\" \/>\n\t<meta name=\"twitter:data2\" content=\"4 minutes\" \/>\n<script type=\"application\/ld+json\" class=\"yoast-schema-graph\">{\"@context\":\"https:\/\/schema.org\",\"@graph\":[{\"@type\":\"Article\",\"@id\":\"https:\/\/www.m-q.ch\/die-krux-mit-dem-oekolabel\/#article\",\"isPartOf\":{\"@id\":\"https:\/\/www.m-q.ch\/die-krux-mit-dem-oekolabel\/\"},\"author\":{\"name\":\"upwork_1\",\"@id\":\"https:\/\/www.m-q.ch\/fr\/#\/schema\/person\/0bdf39ca27d0b9b779f5b8af54b3f7d7\"},\"headline\":\"Die Krux mit dem \u00d6kolabel\",\"datePublished\":\"2016-12-23T13:47:39+00:00\",\"dateModified\":\"2021-02-15T14:55:50+00:00\",\"mainEntityOfPage\":{\"@id\":\"https:\/\/www.m-q.ch\/die-krux-mit-dem-oekolabel\/\"},\"wordCount\":725,\"publisher\":{\"@id\":\"https:\/\/www.m-q.ch\/fr\/#organization\"},\"keywords\":[\"12\/2016\"],\"articleSection\":[\"Allgemein\"],\"inLanguage\":\"fr-FR\"},{\"@type\":\"WebPage\",\"@id\":\"https:\/\/www.m-q.ch\/die-krux-mit-dem-oekolabel\/\",\"url\":\"https:\/\/www.m-q.ch\/die-krux-mit-dem-oekolabel\/\",\"name\":\"Die Krux mit dem \u00d6kolabel - MQ Management und Qualit\u00e4t\",\"isPartOf\":{\"@id\":\"https:\/\/www.m-q.ch\/fr\/#website\"},\"datePublished\":\"2016-12-23T13:47:39+00:00\",\"dateModified\":\"2021-02-15T14:55:50+00:00\",\"description\":\"\u00abAuch das noch\u00bb, denkt sich Hannes.Wieder mal ist an der Gesch\u00e4ftsleitersitzungihm das Detailkonzeptaufgehalst worden.Das Unternehmen hat sich eineneue Teilstrategie gegeben. Nebenden klassischen Erfolgsfaktorenhat es sich \u00abNachhaltigkeit\u00bbauf die Fahne geschrieben. Dasinternationale \u00d6kolabel soll angestrebtwerden, damit der Kundeweiss, dass hier nicht nur gut,sondern auch nachhaltig undbiologisch gearbeitet wird.\",\"breadcrumb\":{\"@id\":\"https:\/\/www.m-q.ch\/die-krux-mit-dem-oekolabel\/#breadcrumb\"},\"inLanguage\":\"fr-FR\",\"potentialAction\":[{\"@type\":\"ReadAction\",\"target\":[\"https:\/\/www.m-q.ch\/die-krux-mit-dem-oekolabel\/\"]}]},{\"@type\":\"BreadcrumbList\",\"@id\":\"https:\/\/www.m-q.ch\/die-krux-mit-dem-oekolabel\/#breadcrumb\",\"itemListElement\":[{\"@type\":\"ListItem\",\"position\":1,\"name\":\"Allgemein\",\"item\":\"https:\/\/www.m-q.ch\/kategorie\/allgemein\/\"},{\"@type\":\"ListItem\",\"position\":2,\"name\":\"Die Krux mit dem \u00d6kolabel\"}]},{\"@type\":\"WebSite\",\"@id\":\"https:\/\/www.m-q.ch\/fr\/#website\",\"url\":\"https:\/\/www.m-q.ch\/fr\/\",\"name\":\"MQ Management und Qualit\u00e4t\",\"description\":\"Plattform f\u00fcr integrierte Managementsysteme.\",\"publisher\":{\"@id\":\"https:\/\/www.m-q.ch\/fr\/#organization\"},\"potentialAction\":[{\"@type\":\"SearchAction\",\"target\":{\"@type\":\"EntryPoint\",\"urlTemplate\":\"https:\/\/www.m-q.ch\/fr\/?s={search_term_string}\"},\"query-input\":{\"@type\":\"PropertyValueSpecification\",\"valueRequired\":true,\"valueName\":\"search_term_string\"}}],\"inLanguage\":\"fr-FR\"},{\"@type\":\"Organization\",\"@id\":\"https:\/\/www.m-q.ch\/fr\/#organization\",\"name\":\"Galledia Fachmedien AG\",\"url\":\"https:\/\/www.m-q.ch\/fr\/\",\"logo\":{\"@type\":\"ImageObject\",\"inLanguage\":\"fr-FR\",\"@id\":\"https:\/\/www.m-q.ch\/fr\/#\/schema\/logo\/image\/\",\"url\":\"https:\/\/www.m-q.ch\/wp-content\/uploads\/2020\/12\/cropped-logo_small.png\",\"contentUrl\":\"https:\/\/www.m-q.ch\/wp-content\/uploads\/2020\/12\/cropped-logo_small.png\",\"width\":512,\"height\":512,\"caption\":\"Galledia Fachmedien AG\"},\"image\":{\"@id\":\"https:\/\/www.m-q.ch\/fr\/#\/schema\/logo\/image\/\"},\"sameAs\":[\"https:\/\/www.facebook.com\/ManagementUndQualitaet\",\"https:\/\/www.linkedin.com\/showcase\/17982321\/admin\/\"]},{\"@type\":\"Person\",\"@id\":\"https:\/\/www.m-q.ch\/fr\/#\/schema\/person\/0bdf39ca27d0b9b779f5b8af54b3f7d7\",\"name\":\"upwork_1\",\"image\":{\"@type\":\"ImageObject\",\"inLanguage\":\"fr-FR\",\"@id\":\"https:\/\/www.m-q.ch\/fr\/#\/schema\/person\/image\/\",\"url\":\"https:\/\/secure.gravatar.com\/avatar\/04d4d0fdc5886d535809f17d0eace7f6?s=96&d=mm&r=g\",\"contentUrl\":\"https:\/\/secure.gravatar.com\/avatar\/04d4d0fdc5886d535809f17d0eace7f6?s=96&d=mm&r=g\",\"caption\":\"upwork_1\"},\"url\":\"https:\/\/www.m-q.ch\/fr\/author\/upwork_1\/\"}]}<\/script>\n<!-- \/ Yoast SEO plugin. -->","yoast_head_json":{"title":"L'essentiel du label \u00e9cologique - MQ Management und Qualit\u00e4t","description":"\"Une fois de plus, le concept d\u00e9taill\u00e9 lui a \u00e9t\u00e9 pr\u00e9sent\u00e9 lors de la r\u00e9union des directeurs g\u00e9n\u00e9raux. La soci\u00e9t\u00e9 a adopt\u00e9 une nouvelle sous-strat\u00e9gie. Outre les facteurs de succ\u00e8s classiques, elle a repris la cause de la \"durabilit\u00e9\". Le label \u00e9cologique international doit \u00eatre recherch\u00e9 afin que le client sache que le travail effectu\u00e9 ici n'est pas seulement bon, mais aussi durable et biologique.","robots":{"index":"index","follow":"follow","max-snippet":"max-snippet:-1","max-image-preview":"max-image-preview:large","max-video-preview":"max-video-preview:-1"},"canonical":"https:\/\/www.m-q.ch\/fr\/le-probleme-de-lecolabel\/","og_locale":"fr_FR","og_type":"article","og_title":"Die Krux mit dem \u00d6kolabel - MQ Management und Qualit\u00e4t","og_description":"\u00abAuch das noch\u00bb, denkt sich Hannes.Wieder mal ist an der Gesch\u00e4ftsleitersitzungihm das Detailkonzeptaufgehalst worden.Das Unternehmen hat sich eineneue Teilstrategie gegeben. Nebenden klassischen Erfolgsfaktorenhat es sich \u00abNachhaltigkeit\u00bbauf die Fahne geschrieben. Dasinternationale \u00d6kolabel soll angestrebtwerden, damit der Kundeweiss, dass hier nicht nur gut,sondern auch nachhaltig undbiologisch gearbeitet wird.","og_url":"https:\/\/www.m-q.ch\/fr\/le-probleme-de-lecolabel\/","og_site_name":"MQ Management und Qualit\u00e4t","article_publisher":"https:\/\/www.facebook.com\/ManagementUndQualitaet","article_published_time":"2016-12-23T13:47:39+00:00","article_modified_time":"2021-02-15T14:55:50+00:00","author":"upwork_1","twitter_card":"summary_large_image","twitter_misc":{"\u00c9crit par":"upwork_1","Dur\u00e9e de lecture estim\u00e9e":"4 minutes"},"schema":{"@context":"https:\/\/schema.org","@graph":[{"@type":"Article","@id":"https:\/\/www.m-q.ch\/die-krux-mit-dem-oekolabel\/#article","isPartOf":{"@id":"https:\/\/www.m-q.ch\/die-krux-mit-dem-oekolabel\/"},"author":{"name":"upwork_1","@id":"https:\/\/www.m-q.ch\/fr\/#\/schema\/person\/0bdf39ca27d0b9b779f5b8af54b3f7d7"},"headline":"Die Krux mit dem \u00d6kolabel","datePublished":"2016-12-23T13:47:39+00:00","dateModified":"2021-02-15T14:55:50+00:00","mainEntityOfPage":{"@id":"https:\/\/www.m-q.ch\/die-krux-mit-dem-oekolabel\/"},"wordCount":725,"publisher":{"@id":"https:\/\/www.m-q.ch\/fr\/#organization"},"keywords":["12\/2016"],"articleSection":["Allgemein"],"inLanguage":"fr-FR"},{"@type":"WebPage","@id":"https:\/\/www.m-q.ch\/die-krux-mit-dem-oekolabel\/","url":"https:\/\/www.m-q.ch\/die-krux-mit-dem-oekolabel\/","name":"L'essentiel du label \u00e9cologique - MQ Management und Qualit\u00e4t","isPartOf":{"@id":"https:\/\/www.m-q.ch\/fr\/#website"},"datePublished":"2016-12-23T13:47:39+00:00","dateModified":"2021-02-15T14:55:50+00:00","description":"\"Une fois de plus, le concept d\u00e9taill\u00e9 lui a \u00e9t\u00e9 pr\u00e9sent\u00e9 lors de la r\u00e9union des directeurs g\u00e9n\u00e9raux. La soci\u00e9t\u00e9 a adopt\u00e9 une nouvelle sous-strat\u00e9gie. Outre les facteurs de succ\u00e8s classiques, elle a repris la cause de la \"durabilit\u00e9\". Le label \u00e9cologique international doit \u00eatre recherch\u00e9 afin que le client sache que le travail effectu\u00e9 ici n'est pas seulement bon, mais aussi durable et biologique.","breadcrumb":{"@id":"https:\/\/www.m-q.ch\/die-krux-mit-dem-oekolabel\/#breadcrumb"},"inLanguage":"fr-FR","potentialAction":[{"@type":"ReadAction","target":["https:\/\/www.m-q.ch\/die-krux-mit-dem-oekolabel\/"]}]},{"@type":"BreadcrumbList","@id":"https:\/\/www.m-q.ch\/die-krux-mit-dem-oekolabel\/#breadcrumb","itemListElement":[{"@type":"ListItem","position":1,"name":"Allgemein","item":"https:\/\/www.m-q.ch\/kategorie\/allgemein\/"},{"@type":"ListItem","position":2,"name":"Die Krux mit dem \u00d6kolabel"}]},{"@type":"WebSite","@id":"https:\/\/www.m-q.ch\/fr\/#website","url":"https:\/\/www.m-q.ch\/fr\/","name":"Gestion et qualit\u00e9 du QM","description":"Plate-forme pour les syst\u00e8mes de gestion int\u00e9gr\u00e9e.","publisher":{"@id":"https:\/\/www.m-q.ch\/fr\/#organization"},"potentialAction":[{"@type":"SearchAction","target":{"@type":"EntryPoint","urlTemplate":"https:\/\/www.m-q.ch\/fr\/?s={search_term_string}"},"query-input":{"@type":"PropertyValueSpecification","valueRequired":true,"valueName":"search_term_string"}}],"inLanguage":"fr-FR"},{"@type":"Organization","@id":"https:\/\/www.m-q.ch\/fr\/#organization","name":"Galledia Trade Media AG","url":"https:\/\/www.m-q.ch\/fr\/","logo":{"@type":"ImageObject","inLanguage":"fr-FR","@id":"https:\/\/www.m-q.ch\/fr\/#\/schema\/logo\/image\/","url":"https:\/\/www.m-q.ch\/wp-content\/uploads\/2020\/12\/cropped-logo_small.png","contentUrl":"https:\/\/www.m-q.ch\/wp-content\/uploads\/2020\/12\/cropped-logo_small.png","width":512,"height":512,"caption":"Galledia Fachmedien AG"},"image":{"@id":"https:\/\/www.m-q.ch\/fr\/#\/schema\/logo\/image\/"},"sameAs":["https:\/\/www.facebook.com\/ManagementUndQualitaet","https:\/\/www.linkedin.com\/showcase\/17982321\/admin\/"]},{"@type":"Person","@id":"https:\/\/www.m-q.ch\/fr\/#\/schema\/person\/0bdf39ca27d0b9b779f5b8af54b3f7d7","name":"upwork_1","image":{"@type":"ImageObject","inLanguage":"fr-FR","@id":"https:\/\/www.m-q.ch\/fr\/#\/schema\/person\/image\/","url":"https:\/\/secure.gravatar.com\/avatar\/04d4d0fdc5886d535809f17d0eace7f6?s=96&d=mm&r=g","contentUrl":"https:\/\/secure.gravatar.com\/avatar\/04d4d0fdc5886d535809f17d0eace7f6?s=96&d=mm&r=g","caption":"upwork_1"},"url":"https:\/\/www.m-q.ch\/fr\/author\/upwork_1\/"}]}},"_links":{"self":[{"href":"https:\/\/www.m-q.ch\/fr\/wp-json\/wp\/v2\/posts\/12108","targetHints":{"allow":["GET"]}}],"collection":[{"href":"https:\/\/www.m-q.ch\/fr\/wp-json\/wp\/v2\/posts"}],"about":[{"href":"https:\/\/www.m-q.ch\/fr\/wp-json\/wp\/v2\/types\/post"}],"author":[{"embeddable":true,"href":"https:\/\/www.m-q.ch\/fr\/wp-json\/wp\/v2\/users\/66"}],"replies":[{"embeddable":true,"href":"https:\/\/www.m-q.ch\/fr\/wp-json\/wp\/v2\/comments?post=12108"}],"version-history":[{"count":1,"href":"https:\/\/www.m-q.ch\/fr\/wp-json\/wp\/v2\/posts\/12108\/revisions"}],"predecessor-version":[{"id":12166,"href":"https:\/\/www.m-q.ch\/fr\/wp-json\/wp\/v2\/posts\/12108\/revisions\/12166"}],"wp:attachment":[{"href":"https:\/\/www.m-q.ch\/fr\/wp-json\/wp\/v2\/media?parent=12108"}],"wp:term":[{"taxonomy":"category","embeddable":true,"href":"https:\/\/www.m-q.ch\/fr\/wp-json\/wp\/v2\/categories?post=12108"},{"taxonomy":"post_tag","embeddable":true,"href":"https:\/\/www.m-q.ch\/fr\/wp-json\/wp\/v2\/tags?post=12108"}],"curies":[{"name":"wp","href":"https:\/\/api.w.org\/{rel}","templated":true}]}}