{"id":12110,"date":"2016-12-03T14:49:10","date_gmt":"2016-12-03T13:49:10","guid":{"rendered":"https:\/\/www.m-q.ch\/?p=12110"},"modified":"2021-02-15T15:03:31","modified_gmt":"2021-02-15T14:03:31","slug":"sur-la-transformation-numerique-du-monde-du-travail","status":"publish","type":"post","link":"https:\/\/www.m-q.ch\/fr\/ueber-den-digitalen-wandel-in-der-arbeitswelt\/","title":{"rendered":"\u00c0 propos de la transformation num\u00e9rique du monde du travail"},"content":{"rendered":"<p>Pour r\u00e9pondre aux \u00e9volutions rapides et aux besoins changeants des clients, les entreprises et les employ\u00e9s doivent aujourd'hui faire preuve d'un haut degr\u00e9 d'agilit\u00e9 commerciale num\u00e9rique (DBA). Il s'agit de la flexibilit\u00e9 n\u00e9cessaire pour r\u00e9agir de mani\u00e8re appropri\u00e9e aux opportunit\u00e9s et aux menaces num\u00e9riques. Sinon, les entreprises risquent d'\u00eatre \u00e9vinc\u00e9es du march\u00e9 par des soci\u00e9t\u00e9s nouvellement cr\u00e9\u00e9es qui tirent parti de la num\u00e9risation.<\/p>\n<p><strong>Les entreprises ont encore beaucoup de travail \u00e0 faire<\/strong><\/p>\n<p>&nbsp;<\/p>\n<p>Dans le cadre d'une \u00e9tude sur la transformation de la main-d'\u0153uvre \u00e0 l'\u00e8re num\u00e9rique, le Global Center for Digital Business Transformation, une initiative de l'IMD et de Cisco, a interrog\u00e9 un total de 941 cadres. Elle a constat\u00e9 que moins de dix pour cent des entreprises dans le monde g\u00e8rent leur propre personnel en fonction des trois comp\u00e9tences de base de la Digital Business Agility, \u00e0 savoir . <em>Hyperconscience, prise de d\u00e9cision \u00e9clair\u00e9e et ex\u00e9cution rapide<\/em>qualifierait d'excellent. Alors que l'hyperconscience signifie \u00eatre capable d'int\u00e9grer les connaissances uniques des employ\u00e9s dans de nouveaux processus d'entreprise gr\u00e2ce \u00e0 de nouvelles technologies et possibilit\u00e9s, la prise de d\u00e9cision inform\u00e9e signifie que chaque employ\u00e9 inform\u00e9 peut devenir la voix de l'entreprise. En effet, les innovations r\u00e9ussies sont cr\u00e9\u00e9es en int\u00e9grant une grande vari\u00e9t\u00e9 de perspectives, de comp\u00e9tences et de savoir-faire dans les processus d'entreprise. L'ex\u00e9cution rapide d\u00e9crit finalement le fait de s'assurer que le personnel qualifi\u00e9 est dot\u00e9 des comp\u00e9tences, de l'exp\u00e9rience et des perspectives n\u00e9cessaires pour pouvoir mettre en \u0153uvre les d\u00e9cisions rapidement.<\/p>\n<p><strong>Les nouvelles technologies ne suffisent pas<\/strong><\/p>\n<p>&nbsp;<\/p>\n<p>Alors que de nombreuses entreprises adaptent de plus en plus leurs processus commerciaux \u00e0 la num\u00e9risation, elles s'appuient souvent exclusivement sur l'introduction de nouvelles technologies informatiques pour stimuler les processus d'innovation. Le potentiel du personnel de l'entreprise est souvent n\u00e9glig\u00e9 dans le processus de num\u00e9risation. C'est une source d'inqui\u00e9tude. Les entreprises qui ont fait preuve d'une plus grande agilit\u00e9 commerciale num\u00e9rique au sein de leur personnel au cours des cinq derni\u00e8res ann\u00e9es ont enregistr\u00e9 des performances financi\u00e8res trois fois sup\u00e9rieures \u00e0 celles des entreprises sans DBA.<\/p>\n<p><strong>\"La num\u00e9risation de la main-d'\u0153uvre comme condition pr\u00e9alable de base<\/strong><\/p>\n<p>&nbsp;<\/p>\n<p>Donc, une fois encore, une des principales cl\u00e9s du succ\u00e8s est le personnel. Les employ\u00e9s d'aujourd'hui devraient se trouver dans un environnement de travail dans lequel ils peuvent faire face de mani\u00e8re flexible aux opportunit\u00e9s et menaces num\u00e9riques. En outre, l'\u00e9volution des attentes des clients en mati\u00e8re de communication, de services et d'offres de produits repr\u00e9sente un d\u00e9fi important. Afin de rendre justice \u00e0 tout cela et de pouvoir suivre le rythme international, les employ\u00e9s doivent devenir plus num\u00e9riques. La condition pr\u00e9alable \u00e0 cela est un environnement de travail innovant et moderne qui relie les personnes, les processus d'entreprise et les technologies gr\u00e2ce \u00e0 des outils avanc\u00e9s. \"Entre autres choses, la num\u00e9risation de la main-d'\u0153uvre devrait permettre aux employ\u00e9s de travailler de mani\u00e8re flexible et depuis n'importe quel endroit. L'acc\u00e8s \u00e0 l'ensemble des ressources informatiques, des applications commerciales, des documents et des donn\u00e9es n\u00e9cessaires doit \u00eatre garanti \u00e0 tout moment, que l'employ\u00e9 se trouve au bureau, sur le site d'un client ou dans un bureau \u00e0 domicile.<\/p>\n<p><strong>Les concepts traditionnels de bureau se dissolvent<\/strong><\/p>\n<p>&nbsp;<\/p>\n<p>Selon une \u00e9tude du cabinet de conseil Deloitte, 28 % des Suisses travaillent d\u00e9j\u00e0 \u00e0 domicile au moins une demi-journ\u00e9e par semaine. Et la tendance est \u00e0 la hausse. L'am\u00e9nagement moderne du lieu de travail et l'utilisation des technologies num\u00e9riques sont d\u00e9j\u00e0 tr\u00e8s r\u00e9pandus dans les entreprises suisses. Les concepts traditionnels de bureau se dissolvent de plus en plus, et les bureaux partag\u00e9s et les espaces de travail collaboratif sont en plein essor. C'est ce que l'on constate d\u00e9j\u00e0 en Suisse, tout comme le fait que la num\u00e9risation de la main-d'\u0153uvre peut contribuer de mani\u00e8re significative \u00e0 accro\u00eetre l'efficacit\u00e9 et la valeur ajout\u00e9e des produits et des services. Pourtant, si les entreprises suisses sont innovantes et comp\u00e9titives, elles devront retrousser leurs manches si elles veulent jouer un r\u00f4le de pionnier dans la num\u00e9risation \u00e0 l'\u00e9chelle internationale. Jusqu'\u00e0 pr\u00e9sent, aucune entreprise n'a r\u00e9ussi \u00e0 s'imposer dans l'\u00e9conomie num\u00e9rique suisse. L'une des raisons en est probablement la culture suisse, tr\u00e8s sensible \u00e0 la s\u00e9curit\u00e9. Personne ne veut prendre de gros risques commerciaux dans ce pays. Cependant, penser \"plus grand\" pourrait \u00eatre tout \u00e0 fait logique en ce qui concerne le monde professionnel de l'avenir.<\/p>\n<p>&nbsp;<\/p>","protected":false},"excerpt":{"rendered":"<p>Als Antwort auf die rasanten Entwicklungen und sich wandelnden Kundenbed\u00fcrfnisse m\u00fcssen Unternehmen und Mitarbeitende heute ein hohes Mass an Digital Business Agility (DBA) zeigen. Diese bezeichnet die Flexibilit\u00e4t, auf digitale Chancen wie auch Gefahren entsprechend reagieren zu k\u00f6nnen. Andernfalls drohen Unternehmen durch neugegr\u00fcndete Firmen, die sich die Digitalisierung zunutze machen, vom Markt verdr\u00e4ngt zu werden. [&hellip;]<\/p>\n","protected":false},"author":66,"featured_media":0,"comment_status":"closed","ping_status":"closed","sticky":false,"template":"","format":"standard","meta":{"_acf_changed":false,"footnotes":""},"categories":[5],"tags":[4793],"class_list":["post-12110","post","type-post","status-publish","format-standard","hentry","category-business_excellence","tag-12-2016"],"acf":[],"yoast_head":"<!-- This site is optimized with the Yoast SEO plugin v26.2 - https:\/\/yoast.com\/wordpress\/plugins\/seo\/ -->\n<title>\u00dcber den digitalen Wandel in der Arbeitswelt - MQ Management und Qualit\u00e4t<\/title>\n<meta name=\"description\" content=\"Sie ver\u00e4ndert nicht nur unser Privat-, sondernzunehmend auch unser Berufsleben: die Digitalisierung.Wie digital muss ein Unternehmenheute sein? Was heisst das f\u00fcr Mitarbeitende?\" \/>\n<meta name=\"robots\" content=\"index, follow, max-snippet:-1, max-image-preview:large, max-video-preview:-1\" \/>\n<link rel=\"canonical\" href=\"https:\/\/www.m-q.ch\/fr\/sur-la-transformation-numerique-du-monde-du-travail\/\" \/>\n<meta property=\"og:locale\" content=\"fr_FR\" \/>\n<meta property=\"og:type\" content=\"article\" \/>\n<meta property=\"og:title\" content=\"\u00dcber den digitalen Wandel in der Arbeitswelt - MQ Management und Qualit\u00e4t\" \/>\n<meta property=\"og:description\" content=\"Sie ver\u00e4ndert nicht nur unser Privat-, sondernzunehmend auch unser Berufsleben: die Digitalisierung.Wie digital muss ein Unternehmenheute sein? Was heisst das f\u00fcr Mitarbeitende?\" \/>\n<meta property=\"og:url\" content=\"https:\/\/www.m-q.ch\/fr\/sur-la-transformation-numerique-du-monde-du-travail\/\" \/>\n<meta property=\"og:site_name\" content=\"MQ Management und Qualit\u00e4t\" \/>\n<meta property=\"article:publisher\" content=\"https:\/\/www.facebook.com\/ManagementUndQualitaet\" \/>\n<meta property=\"article:published_time\" content=\"2016-12-03T13:49:10+00:00\" \/>\n<meta property=\"article:modified_time\" content=\"2021-02-15T14:03:31+00:00\" \/>\n<meta name=\"author\" content=\"upwork_1\" \/>\n<meta name=\"twitter:card\" content=\"summary_large_image\" \/>\n<meta name=\"twitter:label1\" content=\"\u00c9crit par\" \/>\n\t<meta name=\"twitter:data1\" content=\"upwork_1\" \/>\n\t<meta name=\"twitter:label2\" content=\"Dur\u00e9e de lecture estim\u00e9e\" \/>\n\t<meta name=\"twitter:data2\" content=\"3 minutes\" \/>\n<script type=\"application\/ld+json\" class=\"yoast-schema-graph\">{\"@context\":\"https:\/\/schema.org\",\"@graph\":[{\"@type\":\"Article\",\"@id\":\"https:\/\/www.m-q.ch\/ueber-den-digitalen-wandel-in-der-arbeitswelt\/#article\",\"isPartOf\":{\"@id\":\"https:\/\/www.m-q.ch\/ueber-den-digitalen-wandel-in-der-arbeitswelt\/\"},\"author\":{\"name\":\"upwork_1\",\"@id\":\"https:\/\/www.m-q.ch\/fr\/#\/schema\/person\/0bdf39ca27d0b9b779f5b8af54b3f7d7\"},\"headline\":\"\u00dcber den digitalen Wandel in der Arbeitswelt\",\"datePublished\":\"2016-12-03T13:49:10+00:00\",\"dateModified\":\"2021-02-15T14:03:31+00:00\",\"mainEntityOfPage\":{\"@id\":\"https:\/\/www.m-q.ch\/ueber-den-digitalen-wandel-in-der-arbeitswelt\/\"},\"wordCount\":620,\"publisher\":{\"@id\":\"https:\/\/www.m-q.ch\/fr\/#organization\"},\"keywords\":[\"12\/2016\"],\"articleSection\":[\"Business Excellence\"],\"inLanguage\":\"fr-FR\"},{\"@type\":\"WebPage\",\"@id\":\"https:\/\/www.m-q.ch\/ueber-den-digitalen-wandel-in-der-arbeitswelt\/\",\"url\":\"https:\/\/www.m-q.ch\/ueber-den-digitalen-wandel-in-der-arbeitswelt\/\",\"name\":\"\u00dcber den digitalen Wandel in der Arbeitswelt - MQ Management und Qualit\u00e4t\",\"isPartOf\":{\"@id\":\"https:\/\/www.m-q.ch\/fr\/#website\"},\"datePublished\":\"2016-12-03T13:49:10+00:00\",\"dateModified\":\"2021-02-15T14:03:31+00:00\",\"description\":\"Sie ver\u00e4ndert nicht nur unser Privat-, sondernzunehmend auch unser Berufsleben: die Digitalisierung.Wie digital muss ein Unternehmenheute sein? Was heisst das f\u00fcr Mitarbeitende?\",\"breadcrumb\":{\"@id\":\"https:\/\/www.m-q.ch\/ueber-den-digitalen-wandel-in-der-arbeitswelt\/#breadcrumb\"},\"inLanguage\":\"fr-FR\",\"potentialAction\":[{\"@type\":\"ReadAction\",\"target\":[\"https:\/\/www.m-q.ch\/ueber-den-digitalen-wandel-in-der-arbeitswelt\/\"]}]},{\"@type\":\"BreadcrumbList\",\"@id\":\"https:\/\/www.m-q.ch\/ueber-den-digitalen-wandel-in-der-arbeitswelt\/#breadcrumb\",\"itemListElement\":[{\"@type\":\"ListItem\",\"position\":1,\"name\":\"Business Excellence\",\"item\":\"https:\/\/www.m-q.ch\/kategorie\/business_excellence\/\"},{\"@type\":\"ListItem\",\"position\":2,\"name\":\"\u00dcber den digitalen Wandel in der Arbeitswelt\"}]},{\"@type\":\"WebSite\",\"@id\":\"https:\/\/www.m-q.ch\/fr\/#website\",\"url\":\"https:\/\/www.m-q.ch\/fr\/\",\"name\":\"MQ Management und Qualit\u00e4t\",\"description\":\"Plattform f\u00fcr integrierte Managementsysteme.\",\"publisher\":{\"@id\":\"https:\/\/www.m-q.ch\/fr\/#organization\"},\"potentialAction\":[{\"@type\":\"SearchAction\",\"target\":{\"@type\":\"EntryPoint\",\"urlTemplate\":\"https:\/\/www.m-q.ch\/fr\/?s={search_term_string}\"},\"query-input\":{\"@type\":\"PropertyValueSpecification\",\"valueRequired\":true,\"valueName\":\"search_term_string\"}}],\"inLanguage\":\"fr-FR\"},{\"@type\":\"Organization\",\"@id\":\"https:\/\/www.m-q.ch\/fr\/#organization\",\"name\":\"Galledia Fachmedien AG\",\"url\":\"https:\/\/www.m-q.ch\/fr\/\",\"logo\":{\"@type\":\"ImageObject\",\"inLanguage\":\"fr-FR\",\"@id\":\"https:\/\/www.m-q.ch\/fr\/#\/schema\/logo\/image\/\",\"url\":\"https:\/\/www.m-q.ch\/wp-content\/uploads\/2020\/12\/cropped-logo_small.png\",\"contentUrl\":\"https:\/\/www.m-q.ch\/wp-content\/uploads\/2020\/12\/cropped-logo_small.png\",\"width\":512,\"height\":512,\"caption\":\"Galledia Fachmedien AG\"},\"image\":{\"@id\":\"https:\/\/www.m-q.ch\/fr\/#\/schema\/logo\/image\/\"},\"sameAs\":[\"https:\/\/www.facebook.com\/ManagementUndQualitaet\",\"https:\/\/www.linkedin.com\/showcase\/17982321\/admin\/\"]},{\"@type\":\"Person\",\"@id\":\"https:\/\/www.m-q.ch\/fr\/#\/schema\/person\/0bdf39ca27d0b9b779f5b8af54b3f7d7\",\"name\":\"upwork_1\",\"image\":{\"@type\":\"ImageObject\",\"inLanguage\":\"fr-FR\",\"@id\":\"https:\/\/www.m-q.ch\/fr\/#\/schema\/person\/image\/\",\"url\":\"https:\/\/secure.gravatar.com\/avatar\/04d4d0fdc5886d535809f17d0eace7f6?s=96&d=mm&r=g\",\"contentUrl\":\"https:\/\/secure.gravatar.com\/avatar\/04d4d0fdc5886d535809f17d0eace7f6?s=96&d=mm&r=g\",\"caption\":\"upwork_1\"},\"url\":\"https:\/\/www.m-q.ch\/fr\/author\/upwork_1\/\"}]}<\/script>\n<!-- \/ Yoast SEO plugin. -->","yoast_head_json":{"title":"A propos de la transformation num\u00e9rique dans le monde du travail - MQ Management und Qualit\u00e4t","description":"Elle change non seulement notre vie priv\u00e9e, mais aussi, de plus en plus, notre vie professionnelle : la num\u00e9risation. Dans quelle mesure une entreprise doit-elle \u00eatre num\u00e9rique aujourd'hui ? Qu'est-ce que cela signifie pour les employ\u00e9s ?","robots":{"index":"index","follow":"follow","max-snippet":"max-snippet:-1","max-image-preview":"max-image-preview:large","max-video-preview":"max-video-preview:-1"},"canonical":"https:\/\/www.m-q.ch\/fr\/sur-la-transformation-numerique-du-monde-du-travail\/","og_locale":"fr_FR","og_type":"article","og_title":"\u00dcber den digitalen Wandel in der Arbeitswelt - MQ Management und Qualit\u00e4t","og_description":"Sie ver\u00e4ndert nicht nur unser Privat-, sondernzunehmend auch unser Berufsleben: die Digitalisierung.Wie digital muss ein Unternehmenheute sein? Was heisst das f\u00fcr Mitarbeitende?","og_url":"https:\/\/www.m-q.ch\/fr\/sur-la-transformation-numerique-du-monde-du-travail\/","og_site_name":"MQ Management und Qualit\u00e4t","article_publisher":"https:\/\/www.facebook.com\/ManagementUndQualitaet","article_published_time":"2016-12-03T13:49:10+00:00","article_modified_time":"2021-02-15T14:03:31+00:00","author":"upwork_1","twitter_card":"summary_large_image","twitter_misc":{"\u00c9crit par":"upwork_1","Dur\u00e9e de lecture estim\u00e9e":"3 minutes"},"schema":{"@context":"https:\/\/schema.org","@graph":[{"@type":"Article","@id":"https:\/\/www.m-q.ch\/ueber-den-digitalen-wandel-in-der-arbeitswelt\/#article","isPartOf":{"@id":"https:\/\/www.m-q.ch\/ueber-den-digitalen-wandel-in-der-arbeitswelt\/"},"author":{"name":"upwork_1","@id":"https:\/\/www.m-q.ch\/fr\/#\/schema\/person\/0bdf39ca27d0b9b779f5b8af54b3f7d7"},"headline":"\u00dcber den digitalen Wandel in der Arbeitswelt","datePublished":"2016-12-03T13:49:10+00:00","dateModified":"2021-02-15T14:03:31+00:00","mainEntityOfPage":{"@id":"https:\/\/www.m-q.ch\/ueber-den-digitalen-wandel-in-der-arbeitswelt\/"},"wordCount":620,"publisher":{"@id":"https:\/\/www.m-q.ch\/fr\/#organization"},"keywords":["12\/2016"],"articleSection":["Business Excellence"],"inLanguage":"fr-FR"},{"@type":"WebPage","@id":"https:\/\/www.m-q.ch\/ueber-den-digitalen-wandel-in-der-arbeitswelt\/","url":"https:\/\/www.m-q.ch\/ueber-den-digitalen-wandel-in-der-arbeitswelt\/","name":"A propos de la transformation num\u00e9rique dans le monde du travail - MQ Management und Qualit\u00e4t","isPartOf":{"@id":"https:\/\/www.m-q.ch\/fr\/#website"},"datePublished":"2016-12-03T13:49:10+00:00","dateModified":"2021-02-15T14:03:31+00:00","description":"Elle change non seulement notre vie priv\u00e9e, mais aussi, de plus en plus, notre vie professionnelle : la num\u00e9risation. Dans quelle mesure une entreprise doit-elle \u00eatre num\u00e9rique aujourd'hui ? Qu'est-ce que cela signifie pour les employ\u00e9s ?","breadcrumb":{"@id":"https:\/\/www.m-q.ch\/ueber-den-digitalen-wandel-in-der-arbeitswelt\/#breadcrumb"},"inLanguage":"fr-FR","potentialAction":[{"@type":"ReadAction","target":["https:\/\/www.m-q.ch\/ueber-den-digitalen-wandel-in-der-arbeitswelt\/"]}]},{"@type":"BreadcrumbList","@id":"https:\/\/www.m-q.ch\/ueber-den-digitalen-wandel-in-der-arbeitswelt\/#breadcrumb","itemListElement":[{"@type":"ListItem","position":1,"name":"Business Excellence","item":"https:\/\/www.m-q.ch\/kategorie\/business_excellence\/"},{"@type":"ListItem","position":2,"name":"\u00dcber den digitalen Wandel in der Arbeitswelt"}]},{"@type":"WebSite","@id":"https:\/\/www.m-q.ch\/fr\/#website","url":"https:\/\/www.m-q.ch\/fr\/","name":"Gestion et qualit\u00e9 du QM","description":"Plate-forme pour les syst\u00e8mes de gestion int\u00e9gr\u00e9e.","publisher":{"@id":"https:\/\/www.m-q.ch\/fr\/#organization"},"potentialAction":[{"@type":"SearchAction","target":{"@type":"EntryPoint","urlTemplate":"https:\/\/www.m-q.ch\/fr\/?s={search_term_string}"},"query-input":{"@type":"PropertyValueSpecification","valueRequired":true,"valueName":"search_term_string"}}],"inLanguage":"fr-FR"},{"@type":"Organization","@id":"https:\/\/www.m-q.ch\/fr\/#organization","name":"Galledia Trade Media AG","url":"https:\/\/www.m-q.ch\/fr\/","logo":{"@type":"ImageObject","inLanguage":"fr-FR","@id":"https:\/\/www.m-q.ch\/fr\/#\/schema\/logo\/image\/","url":"https:\/\/www.m-q.ch\/wp-content\/uploads\/2020\/12\/cropped-logo_small.png","contentUrl":"https:\/\/www.m-q.ch\/wp-content\/uploads\/2020\/12\/cropped-logo_small.png","width":512,"height":512,"caption":"Galledia Fachmedien AG"},"image":{"@id":"https:\/\/www.m-q.ch\/fr\/#\/schema\/logo\/image\/"},"sameAs":["https:\/\/www.facebook.com\/ManagementUndQualitaet","https:\/\/www.linkedin.com\/showcase\/17982321\/admin\/"]},{"@type":"Person","@id":"https:\/\/www.m-q.ch\/fr\/#\/schema\/person\/0bdf39ca27d0b9b779f5b8af54b3f7d7","name":"upwork_1","image":{"@type":"ImageObject","inLanguage":"fr-FR","@id":"https:\/\/www.m-q.ch\/fr\/#\/schema\/person\/image\/","url":"https:\/\/secure.gravatar.com\/avatar\/04d4d0fdc5886d535809f17d0eace7f6?s=96&d=mm&r=g","contentUrl":"https:\/\/secure.gravatar.com\/avatar\/04d4d0fdc5886d535809f17d0eace7f6?s=96&d=mm&r=g","caption":"upwork_1"},"url":"https:\/\/www.m-q.ch\/fr\/author\/upwork_1\/"}]}},"_links":{"self":[{"href":"https:\/\/www.m-q.ch\/fr\/wp-json\/wp\/v2\/posts\/12110","targetHints":{"allow":["GET"]}}],"collection":[{"href":"https:\/\/www.m-q.ch\/fr\/wp-json\/wp\/v2\/posts"}],"about":[{"href":"https:\/\/www.m-q.ch\/fr\/wp-json\/wp\/v2\/types\/post"}],"author":[{"embeddable":true,"href":"https:\/\/www.m-q.ch\/fr\/wp-json\/wp\/v2\/users\/66"}],"replies":[{"embeddable":true,"href":"https:\/\/www.m-q.ch\/fr\/wp-json\/wp\/v2\/comments?post=12110"}],"version-history":[{"count":1,"href":"https:\/\/www.m-q.ch\/fr\/wp-json\/wp\/v2\/posts\/12110\/revisions"}],"predecessor-version":[{"id":12127,"href":"https:\/\/www.m-q.ch\/fr\/wp-json\/wp\/v2\/posts\/12110\/revisions\/12127"}],"wp:attachment":[{"href":"https:\/\/www.m-q.ch\/fr\/wp-json\/wp\/v2\/media?parent=12110"}],"wp:term":[{"taxonomy":"category","embeddable":true,"href":"https:\/\/www.m-q.ch\/fr\/wp-json\/wp\/v2\/categories?post=12110"},{"taxonomy":"post_tag","embeddable":true,"href":"https:\/\/www.m-q.ch\/fr\/wp-json\/wp\/v2\/tags?post=12110"}],"curies":[{"name":"wp","href":"https:\/\/api.w.org\/{rel}","templated":true}]}}