{"id":12114,"date":"2016-12-11T14:49:13","date_gmt":"2016-12-11T13:49:13","guid":{"rendered":"https:\/\/www.m-q.ch\/?p=12114"},"modified":"2021-02-15T15:25:07","modified_gmt":"2021-02-15T14:25:07","slug":"bien-intentionne-mais-pas-assez-concret","status":"publish","type":"post","link":"https:\/\/www.m-q.ch\/fr\/gut-gemeint-aber-nicht-konkret-genug\/","title":{"rendered":"Bien intentionn\u00e9 - mais pas assez concret"},"content":{"rendered":"<p><img loading=\"lazy\" decoding=\"async\" class=\"alignnone size-full wp-image-12138\" src=\"https:\/\/www.m-q.ch\/wp-content\/uploads\/2021\/02\/Gut-gemeint---aber-nicht-konkret-genug.jpg\" alt=\"Bien intentionn\u00e9 - mais pas assez concret\" width=\"831\" height=\"585\" srcset=\"\" sizes=\"auto, (max-width: 831px) 100vw, 831px\" data-srcset=\"\" \/><\/p>\n<p>&nbsp;<\/p>\n<p>&nbsp;<\/p>\n<p>La norme ISO 9001:2015 est une r\u00e9vision bien pens\u00e9e, car elle ne se concentre plus - on pourrait presque dire enfin - exclusivement sur le client, m\u00eame si celui-ci reste bien s\u00fbr l'une des parties prenantes les plus importantes des organisations et que sa satisfaction est donc indispensable.<\/p>\n<p>&nbsp;<\/p>\n<p>La construction a \u00e9t\u00e9 \u00e9largie pour inclure le contexte de l'organisation dans son ensemble, c'est-\u00e0-dire une prise en compte des questions internes et externes ainsi que de toutes les parties int\u00e9ress\u00e9es, auxquelles aucun r\u00f4le pertinent n'avait \u00e9t\u00e9 attribu\u00e9 auparavant dans la norme ISO 9001 - contrairement au concept TQM de la norme ISO 9004, d'ailleurs. Et c'est pr\u00e9cis\u00e9ment cet effort pour avoir une vue \u00e0 360\u00b0 de l'organisation qui refl\u00e8te mieux qu'avant la r\u00e9alit\u00e9 op\u00e9rationnelle. En effet, elle d\u00e9bouche sur une analyse significative des opportunit\u00e9s et des risques et repr\u00e9sente donc une \u00e9tape essentielle dans le d\u00e9veloppement de l'approche de la r\u00e9flexion fond\u00e9e sur le risque dans le contexte de l'organisation concern\u00e9e.<\/p>\n<p><strong>Le grand \"mais\"<\/strong><\/p>\n<p>&nbsp;<\/p>\n<p>Cependant, cette intention positive des normalisateurs et l'opportunit\u00e9 qui en d\u00e9coule pour une gestion orient\u00e9e vers l'avenir des organisations ont \u00e9t\u00e9 jusqu'\u00e0 pr\u00e9sent compl\u00e8tement dilu\u00e9es dans la mise en \u0153uvre. Cela est principalement d\u00fb au fait que les nouvelles exigences li\u00e9es \u00e0 ce mode de pens\u00e9e n'ont pas \u00e9t\u00e9 formul\u00e9es de mani\u00e8re suffisamment concr\u00e8te dans la norme et que la force contraignante est faible. Au lieu d'exigences claires, qui devraient \u00eatre remplies pour la solution, l'introduction et la formation ainsi qu'une base pour l'audit, tout reste vague : Il est vrai qu'il faut d\u00e9terminer le contexte de l'organisation, les parties int\u00e9ress\u00e9es, leurs exigences et leurs attentes et, sur cette base, d\u00e9terminer les opportunit\u00e9s et les risques. Cependant, la mani\u00e8re dont cela doit \u00eatre fait et, surtout, la profondeur avec laquelle cela doit \u00eatre r\u00e9alis\u00e9 n'est m\u00eame pas formul\u00e9e de mani\u00e8re rudimentaire et d\u00e9pend donc enti\u00e8rement de l'organisation \u00e0 certifier.<\/p>\n<p>&nbsp;<\/p>\n<p>Qu'il s'agisse d'une solution rapide - \u00e9crire en deux phrases le contexte d'une organisation op\u00e9rant \u00e0 l'\u00e9chelle internationale, nommer les parties int\u00e9ress\u00e9es en trois points cl\u00e9s et effectuer une analyse des risques en cinq minutes - ou d'une mise en \u0153uvre r\u00e9elle et b\u00e9n\u00e9fique - ateliers pr\u00e9paratoires intensifs et adaptation des syst\u00e8mes de gestion de la qualit\u00e9 aux exigences et aux attentes de toutes les parties prenantes - les crit\u00e8res d'audit permettent en fait tout.<\/p>\n<p><strong>Un audit comme une promenade<\/strong><\/p>\n<p>&nbsp;<\/p>\n<p>Ce qui n'est donc pas surprenant : En raison des formulations choisies dans la norme, il n'est tout simplement pas possible pour les organismes de certification de traduire les nombreuses exigences en crit\u00e8res d'audit clairs et de fournir \u00e0 leurs auditeurs ces crit\u00e8res d'audit comme outil. Pour le dire en termes extr\u00eames : tant que le client a quelque chose \u00e0 dire sur les exigences, il est toujours correct. Il est difficile, voire impossible, de formuler des \u00e9carts - et, inversement, il est donc encore plus facile qu'avant pour les organisations de passer la certification. Dans la pratique, cela ressemble \u00e0 ceci : 100% des \"repr\u00e9sentants\" (bien s\u00fbr, tous les managers d\u00e9cident qu'ils continueront \u00e0 exister !), que nous avons pr\u00e9par\u00e9s pour la recertification l'ann\u00e9e derni\u00e8re, ont parl\u00e9 de l'audit comme d'une promenade dans le parc et ont exprim\u00e9 leur sentiment que cela avait \u00e9t\u00e9 plus difficile dans le pass\u00e9.<\/p>\n<p>&nbsp;<\/p>\n<p>Maintenant, ce n'est pas n\u00e9cessairement l'affirmation d'une organisation que la proc\u00e9dure de certification doit \u00eatre particuli\u00e8rement difficile \u00e0 accomplir - mais une certaine d\u00e9sillusion quant \u00e0 une \"occasion manqu\u00e9e\" pour une r\u00e9vision majeure de la norme est exprim\u00e9e partout. Surtout, la plupart des auditeurs eux-m\u00eames auraient souhait\u00e9 - \u00e0 l'instar de l'IATF 16949 - disposer d'interpr\u00e9tations claires et de r\u00e8gles de certification en plus de la norme, afin de pouvoir classer une mauvaise mise en \u0153uvre comme une d\u00e9viation. N'oubliez pas : \"Audit\" traduit de l'anglais signifie finalement \"examen\".<\/p>\n<p><strong>Le r\u00e9sultat : plus d'audits clients<\/strong><\/p>\n<p>&nbsp;<\/p>\n<p>N\u00e9anmoins, ni les organisations recertifi\u00e9es ni leurs clients ne sortiront gagnants de cette affaire : m\u00eame si le fournisseur pr\u00e9sente la certification ISO 9001, le client industriel soucieux de la responsabilit\u00e9 du produit doit, en cas de doute, v\u00e9rifier lui-m\u00eame si l'ISO a \u00e9t\u00e9 mise en \u0153uvre dans son sens. C'est exactement ce que nous constatons dans notre activit\u00e9 de conseil : comme il est possible que la norme QM soit mise en \u0153uvre de mani\u00e8re inad\u00e9quate et non dans le sens de la norme, les clients se tournent de plus en plus vers l'audit des fournisseurs eux-m\u00eames. Ces derniers ont donc de plus en plus souvent des audits clients dans leur plan d'audit annuel - bien qu'ils aient pass\u00e9 avec succ\u00e8s la certification ISO 9001 et sans qu'il y ait plus de d\u00e9fauts de qualit\u00e9 sous quelque forme que ce soit qu'auparavant. De mani\u00e8re prophylactique, pour ainsi dire.<\/p>\n<p><strong>Traitement diff\u00e9rent<\/strong><\/p>\n<p>&nbsp;<\/p>\n<p>La r\u00e9putation de la norme, qui \u00e9tait autrefois la base de toutes les normes de gestion de la qualit\u00e9 dans le monde, en a donc souffert. En particulier, les industries fortement ax\u00e9es sur la r\u00e9glementation, telles que les technologies m\u00e9dicales, l'automobile, l'a\u00e9rospatiale et les produits pharmaceutiques, ont plus de mal \u00e0 formuler des exigences strictes et \u00e0 minimiser les risques pour elles-m\u00eames et leurs fournisseurs sur la base de la norme ISO 9001:2015. Les manifestations individuelles sp\u00e9cifiques \u00e0 la branche sont donc d\u00e9j\u00e0 en train de se d\u00e9tacher de l'ISO 9001 : par exemple, l'ISO 13485:2016 pour les dispositifs m\u00e9dicaux ne prend pas l'ISO 9001:2015 comme base (une rupture). Alors que l'IATF 16949:2016 pour la production de s\u00e9ries et de pi\u00e8ces d\u00e9tach\u00e9es dans l'industrie automobile exige la mise en \u0153uvre compl\u00e8te de l'ISO 9001:2015 et formule ses exigences suppl\u00e9mentaires sp\u00e9cifiques sur cette base. Bien qu'il n'y ait pas de diff\u00e9rences majeures en termes de criticit\u00e9 des dispositifs m\u00e9dicaux et des automobiles, une base diff\u00e9rente est requise pour les syst\u00e8mes de gestion de la qualit\u00e9 ! Ce seul fait montre le caract\u00e8re d\u00e9cousu que la r\u00e9vision a laiss\u00e9 derri\u00e8re elle.<\/p>\n<p><strong>Saisir les opportunit\u00e9s et se concentrer sur la durabilit\u00e9<\/strong><\/p>\n<p>&nbsp;<\/p>\n<p>Malgr\u00e9 toutes les critiques, la norme ISO 9001 constitue n\u00e9anmoins, avec la r\u00e9vision actuelle, un pas dans la bonne direction en mati\u00e8re de gestion de la qualit\u00e9 totale. Elle est parvenue \u00e0 la moderniser et \u00e0 mieux refl\u00e9ter la r\u00e9alit\u00e9 op\u00e9rationnelle gr\u00e2ce \u00e0 la vue \u00e0 360\u00b0 de l'organisation.<\/p>\n<p>&nbsp;<\/p>\n<p>La bonne id\u00e9e qui sous-tend la norme a \u00e9t\u00e9 mise en \u0153uvre avec succ\u00e8s dans les projets de certification de Rhein S.Q.M. l'ann\u00e9e derni\u00e8re. Cela a toujours \u00e9t\u00e9 le cas lorsque l'organisation en a reconnu le sens et que les syst\u00e8mes de gestion ont \u00e9t\u00e9 adapt\u00e9s de mani\u00e8re b\u00e9n\u00e9fique.<\/p>\n<p>&nbsp;<\/p>\n<p>Pour ceux qui abordent le sujet avec motivation et reconnaissent les opportunit\u00e9s que rec\u00e8le la norme, ils posent les bases d'un contr\u00f4le efficace et efficient avec des indicateurs de performance et des objectifs pour l'am\u00e9lioration syst\u00e9matique de l'ensemble de l'organisation au sens des parties prenantes concern\u00e9es par la certification. C'est ce que l'on appelle la \"durabilit\u00e9\".<\/p>\n<p>&nbsp;<\/p>\n<p>Conclusion : la norme est et reste ce que l'organisation individuelle en fait !<\/p>\n<p>&nbsp;<\/p>\n<p>&nbsp;<\/p>\n<p>&nbsp;<\/p>","protected":false},"excerpt":{"rendered":"<p>&nbsp; &nbsp; Die ISO 9001:2015 ist eine gut gedachte Revision, stellt sie doch \u2013 man m\u00f6chte fast sagen endlich \u2013 nicht mehr nur ausschliesslich den Kunden in den Mittelpunkt, auch wenn dieser nat\u00fcrlich nach wie vor einer der wichtigsten Stakeholder der Organisationen und seine Zufriedenheit daher unabdingbar ist. &nbsp; Erweitert wurde das Konstrukt um den [&hellip;]<\/p>\n","protected":false},"author":66,"featured_media":12138,"comment_status":"closed","ping_status":"closed","sticky":false,"template":"","format":"standard","meta":{"_acf_changed":false,"footnotes":""},"categories":[5],"tags":[4793],"class_list":["post-12114","post","type-post","status-publish","format-standard","has-post-thumbnail","hentry","category-business_excellence","tag-12-2016"],"acf":[],"yoast_head":"<!-- This site is optimized with the Yoast SEO plugin v26.2 - https:\/\/yoast.com\/wordpress\/plugins\/seo\/ -->\n<title>Gut gemeint \u2013 aber nicht konkret genug - MQ Management und Qualit\u00e4t<\/title>\n<meta name=\"description\" content=\"Eine gewisse Ern\u00fcchterung und Entt\u00e4uschung \u00fcberdie neue ISO 9001:2015 ist gut ein Jahr nach derRevision vielerorts zu sp\u00fcren: Bei Industriekundenebenso wie bei Lieferanten und auch bei den Auditoren.Denn die neu gestaltete Norm bringt vielfachnur ein Zertifikat, aber keinen echten Nutzen. Dabeilassen sich die Forderungen der Norm durchausnutzenbringend umsetzen \u2013 wenn die Unternehmenvon sich heraus, also intrinsisch motiviert,an das Thema herangehen.\" \/>\n<meta name=\"robots\" content=\"index, follow, max-snippet:-1, max-image-preview:large, max-video-preview:-1\" \/>\n<link rel=\"canonical\" href=\"https:\/\/www.m-q.ch\/fr\/bien-intentionne-mais-pas-assez-concret\/\" \/>\n<meta property=\"og:locale\" content=\"fr_FR\" \/>\n<meta property=\"og:type\" content=\"article\" \/>\n<meta property=\"og:title\" content=\"Gut gemeint \u2013 aber nicht konkret genug - MQ Management und Qualit\u00e4t\" \/>\n<meta property=\"og:description\" content=\"Eine gewisse Ern\u00fcchterung und Entt\u00e4uschung \u00fcberdie neue ISO 9001:2015 ist gut ein Jahr nach derRevision vielerorts zu sp\u00fcren: Bei Industriekundenebenso wie bei Lieferanten und auch bei den Auditoren.Denn die neu gestaltete Norm bringt vielfachnur ein Zertifikat, aber keinen echten Nutzen. Dabeilassen sich die Forderungen der Norm durchausnutzenbringend umsetzen \u2013 wenn die Unternehmenvon sich heraus, also intrinsisch motiviert,an das Thema herangehen.\" \/>\n<meta property=\"og:url\" content=\"https:\/\/www.m-q.ch\/fr\/bien-intentionne-mais-pas-assez-concret\/\" \/>\n<meta property=\"og:site_name\" content=\"MQ Management und Qualit\u00e4t\" \/>\n<meta property=\"article:publisher\" content=\"https:\/\/www.facebook.com\/ManagementUndQualitaet\" \/>\n<meta property=\"article:published_time\" content=\"2016-12-11T13:49:13+00:00\" \/>\n<meta property=\"article:modified_time\" content=\"2021-02-15T14:25:07+00:00\" \/>\n<meta property=\"og:image\" content=\"https:\/\/www.m-q.ch\/wp-content\/uploads\/2021\/02\/Gut-gemeint-\u2013-aber-nicht-konkret-genug.jpg\" \/>\n\t<meta property=\"og:image:width\" content=\"831\" \/>\n\t<meta property=\"og:image:height\" content=\"585\" \/>\n\t<meta property=\"og:image:type\" content=\"image\/jpeg\" \/>\n<meta name=\"author\" content=\"upwork_1\" \/>\n<meta name=\"twitter:card\" content=\"summary_large_image\" \/>\n<meta name=\"twitter:label1\" content=\"\u00c9crit par\" \/>\n\t<meta name=\"twitter:data1\" content=\"upwork_1\" \/>\n\t<meta name=\"twitter:label2\" content=\"Dur\u00e9e de lecture estim\u00e9e\" \/>\n\t<meta name=\"twitter:data2\" content=\"5 minutes\" \/>\n<script type=\"application\/ld+json\" class=\"yoast-schema-graph\">{\"@context\":\"https:\/\/schema.org\",\"@graph\":[{\"@type\":\"Article\",\"@id\":\"https:\/\/www.m-q.ch\/gut-gemeint-aber-nicht-konkret-genug\/#article\",\"isPartOf\":{\"@id\":\"https:\/\/www.m-q.ch\/gut-gemeint-aber-nicht-konkret-genug\/\"},\"author\":{\"name\":\"upwork_1\",\"@id\":\"https:\/\/www.m-q.ch\/fr\/#\/schema\/person\/0bdf39ca27d0b9b779f5b8af54b3f7d7\"},\"headline\":\"Gut gemeint \u2013 aber nicht konkret genug\",\"datePublished\":\"2016-12-11T13:49:13+00:00\",\"dateModified\":\"2021-02-15T14:25:07+00:00\",\"mainEntityOfPage\":{\"@id\":\"https:\/\/www.m-q.ch\/gut-gemeint-aber-nicht-konkret-genug\/\"},\"wordCount\":994,\"publisher\":{\"@id\":\"https:\/\/www.m-q.ch\/fr\/#organization\"},\"image\":{\"@id\":\"https:\/\/www.m-q.ch\/gut-gemeint-aber-nicht-konkret-genug\/#primaryimage\"},\"thumbnailUrl\":\"https:\/\/www.m-q.ch\/wp-content\/uploads\/2021\/02\/Gut-gemeint-\u2013-aber-nicht-konkret-genug.jpg\",\"keywords\":[\"12\/2016\"],\"articleSection\":[\"Business Excellence\"],\"inLanguage\":\"fr-FR\"},{\"@type\":\"WebPage\",\"@id\":\"https:\/\/www.m-q.ch\/gut-gemeint-aber-nicht-konkret-genug\/\",\"url\":\"https:\/\/www.m-q.ch\/gut-gemeint-aber-nicht-konkret-genug\/\",\"name\":\"Gut gemeint \u2013 aber nicht konkret genug - MQ Management und Qualit\u00e4t\",\"isPartOf\":{\"@id\":\"https:\/\/www.m-q.ch\/fr\/#website\"},\"primaryImageOfPage\":{\"@id\":\"https:\/\/www.m-q.ch\/gut-gemeint-aber-nicht-konkret-genug\/#primaryimage\"},\"image\":{\"@id\":\"https:\/\/www.m-q.ch\/gut-gemeint-aber-nicht-konkret-genug\/#primaryimage\"},\"thumbnailUrl\":\"https:\/\/www.m-q.ch\/wp-content\/uploads\/2021\/02\/Gut-gemeint-\u2013-aber-nicht-konkret-genug.jpg\",\"datePublished\":\"2016-12-11T13:49:13+00:00\",\"dateModified\":\"2021-02-15T14:25:07+00:00\",\"description\":\"Eine gewisse Ern\u00fcchterung und Entt\u00e4uschung \u00fcberdie neue ISO 9001:2015 ist gut ein Jahr nach derRevision vielerorts zu sp\u00fcren: Bei Industriekundenebenso wie bei Lieferanten und auch bei den Auditoren.Denn die neu gestaltete Norm bringt vielfachnur ein Zertifikat, aber keinen echten Nutzen. Dabeilassen sich die Forderungen der Norm durchausnutzenbringend umsetzen \u2013 wenn die Unternehmenvon sich heraus, also intrinsisch motiviert,an das Thema herangehen.\",\"breadcrumb\":{\"@id\":\"https:\/\/www.m-q.ch\/gut-gemeint-aber-nicht-konkret-genug\/#breadcrumb\"},\"inLanguage\":\"fr-FR\",\"potentialAction\":[{\"@type\":\"ReadAction\",\"target\":[\"https:\/\/www.m-q.ch\/gut-gemeint-aber-nicht-konkret-genug\/\"]}]},{\"@type\":\"ImageObject\",\"inLanguage\":\"fr-FR\",\"@id\":\"https:\/\/www.m-q.ch\/gut-gemeint-aber-nicht-konkret-genug\/#primaryimage\",\"url\":\"https:\/\/www.m-q.ch\/wp-content\/uploads\/2021\/02\/Gut-gemeint-\u2013-aber-nicht-konkret-genug.jpg\",\"contentUrl\":\"https:\/\/www.m-q.ch\/wp-content\/uploads\/2021\/02\/Gut-gemeint-\u2013-aber-nicht-konkret-genug.jpg\",\"width\":831,\"height\":585,\"caption\":\"Gut gemeint \u2013 aber nicht konkret genug\"},{\"@type\":\"BreadcrumbList\",\"@id\":\"https:\/\/www.m-q.ch\/gut-gemeint-aber-nicht-konkret-genug\/#breadcrumb\",\"itemListElement\":[{\"@type\":\"ListItem\",\"position\":1,\"name\":\"Business Excellence\",\"item\":\"https:\/\/www.m-q.ch\/kategorie\/business_excellence\/\"},{\"@type\":\"ListItem\",\"position\":2,\"name\":\"Gut gemeint \u2013 aber nicht konkret genug\"}]},{\"@type\":\"WebSite\",\"@id\":\"https:\/\/www.m-q.ch\/fr\/#website\",\"url\":\"https:\/\/www.m-q.ch\/fr\/\",\"name\":\"MQ Management und Qualit\u00e4t\",\"description\":\"Plattform f\u00fcr integrierte Managementsysteme.\",\"publisher\":{\"@id\":\"https:\/\/www.m-q.ch\/fr\/#organization\"},\"potentialAction\":[{\"@type\":\"SearchAction\",\"target\":{\"@type\":\"EntryPoint\",\"urlTemplate\":\"https:\/\/www.m-q.ch\/fr\/?s={search_term_string}\"},\"query-input\":{\"@type\":\"PropertyValueSpecification\",\"valueRequired\":true,\"valueName\":\"search_term_string\"}}],\"inLanguage\":\"fr-FR\"},{\"@type\":\"Organization\",\"@id\":\"https:\/\/www.m-q.ch\/fr\/#organization\",\"name\":\"Galledia Fachmedien AG\",\"url\":\"https:\/\/www.m-q.ch\/fr\/\",\"logo\":{\"@type\":\"ImageObject\",\"inLanguage\":\"fr-FR\",\"@id\":\"https:\/\/www.m-q.ch\/fr\/#\/schema\/logo\/image\/\",\"url\":\"https:\/\/www.m-q.ch\/wp-content\/uploads\/2020\/12\/cropped-logo_small.png\",\"contentUrl\":\"https:\/\/www.m-q.ch\/wp-content\/uploads\/2020\/12\/cropped-logo_small.png\",\"width\":512,\"height\":512,\"caption\":\"Galledia Fachmedien AG\"},\"image\":{\"@id\":\"https:\/\/www.m-q.ch\/fr\/#\/schema\/logo\/image\/\"},\"sameAs\":[\"https:\/\/www.facebook.com\/ManagementUndQualitaet\",\"https:\/\/www.linkedin.com\/showcase\/17982321\/admin\/\"]},{\"@type\":\"Person\",\"@id\":\"https:\/\/www.m-q.ch\/fr\/#\/schema\/person\/0bdf39ca27d0b9b779f5b8af54b3f7d7\",\"name\":\"upwork_1\",\"image\":{\"@type\":\"ImageObject\",\"inLanguage\":\"fr-FR\",\"@id\":\"https:\/\/www.m-q.ch\/fr\/#\/schema\/person\/image\/\",\"url\":\"https:\/\/secure.gravatar.com\/avatar\/04d4d0fdc5886d535809f17d0eace7f6?s=96&d=mm&r=g\",\"contentUrl\":\"https:\/\/secure.gravatar.com\/avatar\/04d4d0fdc5886d535809f17d0eace7f6?s=96&d=mm&r=g\",\"caption\":\"upwork_1\"},\"url\":\"https:\/\/www.m-q.ch\/fr\/author\/upwork_1\/\"}]}<\/script>\n<!-- \/ Yoast SEO plugin. -->","yoast_head_json":{"title":"Bien intentionn\u00e9 - mais pas assez concret - MQ Management et Qualit\u00e9","description":"Une certaine d\u00e9sillusion et d\u00e9ception \u00e0 l'\u00e9gard de la nouvelle norme ISO 9001:2015 peut \u00eatre ressentie en de nombreux endroits une bonne ann\u00e9e apr\u00e8s la r\u00e9vision : aussi bien chez les clients industriels que chez les fournisseurs et aussi chez les auditeurs, car la norme nouvellement con\u00e7ue n'apporte souvent qu'un certificat, mais aucun b\u00e9n\u00e9fice r\u00e9el. Cependant, les exigences de la norme peuvent certainement \u00eatre mises en \u0153uvre de mani\u00e8re b\u00e9n\u00e9fique - si les entreprises abordent le sujet de l'int\u00e9rieur, c'est-\u00e0-dire avec une motivation intrins\u00e8que.","robots":{"index":"index","follow":"follow","max-snippet":"max-snippet:-1","max-image-preview":"max-image-preview:large","max-video-preview":"max-video-preview:-1"},"canonical":"https:\/\/www.m-q.ch\/fr\/bien-intentionne-mais-pas-assez-concret\/","og_locale":"fr_FR","og_type":"article","og_title":"Gut gemeint \u2013 aber nicht konkret genug - MQ Management und Qualit\u00e4t","og_description":"Eine gewisse Ern\u00fcchterung und Entt\u00e4uschung \u00fcberdie neue ISO 9001:2015 ist gut ein Jahr nach derRevision vielerorts zu sp\u00fcren: Bei Industriekundenebenso wie bei Lieferanten und auch bei den Auditoren.Denn die neu gestaltete Norm bringt vielfachnur ein Zertifikat, aber keinen echten Nutzen. Dabeilassen sich die Forderungen der Norm durchausnutzenbringend umsetzen \u2013 wenn die Unternehmenvon sich heraus, also intrinsisch motiviert,an das Thema herangehen.","og_url":"https:\/\/www.m-q.ch\/fr\/bien-intentionne-mais-pas-assez-concret\/","og_site_name":"MQ Management und Qualit\u00e4t","article_publisher":"https:\/\/www.facebook.com\/ManagementUndQualitaet","article_published_time":"2016-12-11T13:49:13+00:00","article_modified_time":"2021-02-15T14:25:07+00:00","og_image":[{"width":831,"height":585,"url":"https:\/\/www.m-q.ch\/wp-content\/uploads\/2021\/02\/Gut-gemeint-\u2013-aber-nicht-konkret-genug.jpg","type":"image\/jpeg"}],"author":"upwork_1","twitter_card":"summary_large_image","twitter_misc":{"\u00c9crit par":"upwork_1","Dur\u00e9e de lecture estim\u00e9e":"5 minutes"},"schema":{"@context":"https:\/\/schema.org","@graph":[{"@type":"Article","@id":"https:\/\/www.m-q.ch\/gut-gemeint-aber-nicht-konkret-genug\/#article","isPartOf":{"@id":"https:\/\/www.m-q.ch\/gut-gemeint-aber-nicht-konkret-genug\/"},"author":{"name":"upwork_1","@id":"https:\/\/www.m-q.ch\/fr\/#\/schema\/person\/0bdf39ca27d0b9b779f5b8af54b3f7d7"},"headline":"Gut gemeint \u2013 aber nicht konkret genug","datePublished":"2016-12-11T13:49:13+00:00","dateModified":"2021-02-15T14:25:07+00:00","mainEntityOfPage":{"@id":"https:\/\/www.m-q.ch\/gut-gemeint-aber-nicht-konkret-genug\/"},"wordCount":994,"publisher":{"@id":"https:\/\/www.m-q.ch\/fr\/#organization"},"image":{"@id":"https:\/\/www.m-q.ch\/gut-gemeint-aber-nicht-konkret-genug\/#primaryimage"},"thumbnailUrl":"https:\/\/www.m-q.ch\/wp-content\/uploads\/2021\/02\/Gut-gemeint-\u2013-aber-nicht-konkret-genug.jpg","keywords":["12\/2016"],"articleSection":["Business Excellence"],"inLanguage":"fr-FR"},{"@type":"WebPage","@id":"https:\/\/www.m-q.ch\/gut-gemeint-aber-nicht-konkret-genug\/","url":"https:\/\/www.m-q.ch\/gut-gemeint-aber-nicht-konkret-genug\/","name":"Bien intentionn\u00e9 - mais pas assez concret - MQ Management et Qualit\u00e9","isPartOf":{"@id":"https:\/\/www.m-q.ch\/fr\/#website"},"primaryImageOfPage":{"@id":"https:\/\/www.m-q.ch\/gut-gemeint-aber-nicht-konkret-genug\/#primaryimage"},"image":{"@id":"https:\/\/www.m-q.ch\/gut-gemeint-aber-nicht-konkret-genug\/#primaryimage"},"thumbnailUrl":"https:\/\/www.m-q.ch\/wp-content\/uploads\/2021\/02\/Gut-gemeint-\u2013-aber-nicht-konkret-genug.jpg","datePublished":"2016-12-11T13:49:13+00:00","dateModified":"2021-02-15T14:25:07+00:00","description":"Une certaine d\u00e9sillusion et d\u00e9ception \u00e0 l'\u00e9gard de la nouvelle norme ISO 9001:2015 peut \u00eatre ressentie en de nombreux endroits une bonne ann\u00e9e apr\u00e8s la r\u00e9vision : aussi bien chez les clients industriels que chez les fournisseurs et aussi chez les auditeurs, car la norme nouvellement con\u00e7ue n'apporte souvent qu'un certificat, mais aucun b\u00e9n\u00e9fice r\u00e9el. Cependant, les exigences de la norme peuvent certainement \u00eatre mises en \u0153uvre de mani\u00e8re b\u00e9n\u00e9fique - si les entreprises abordent le sujet de l'int\u00e9rieur, c'est-\u00e0-dire avec une motivation intrins\u00e8que.","breadcrumb":{"@id":"https:\/\/www.m-q.ch\/gut-gemeint-aber-nicht-konkret-genug\/#breadcrumb"},"inLanguage":"fr-FR","potentialAction":[{"@type":"ReadAction","target":["https:\/\/www.m-q.ch\/gut-gemeint-aber-nicht-konkret-genug\/"]}]},{"@type":"ImageObject","inLanguage":"fr-FR","@id":"https:\/\/www.m-q.ch\/gut-gemeint-aber-nicht-konkret-genug\/#primaryimage","url":"https:\/\/www.m-q.ch\/wp-content\/uploads\/2021\/02\/Gut-gemeint-\u2013-aber-nicht-konkret-genug.jpg","contentUrl":"https:\/\/www.m-q.ch\/wp-content\/uploads\/2021\/02\/Gut-gemeint-\u2013-aber-nicht-konkret-genug.jpg","width":831,"height":585,"caption":"Gut gemeint \u2013 aber nicht konkret genug"},{"@type":"BreadcrumbList","@id":"https:\/\/www.m-q.ch\/gut-gemeint-aber-nicht-konkret-genug\/#breadcrumb","itemListElement":[{"@type":"ListItem","position":1,"name":"Business Excellence","item":"https:\/\/www.m-q.ch\/kategorie\/business_excellence\/"},{"@type":"ListItem","position":2,"name":"Gut gemeint \u2013 aber nicht konkret genug"}]},{"@type":"WebSite","@id":"https:\/\/www.m-q.ch\/fr\/#website","url":"https:\/\/www.m-q.ch\/fr\/","name":"Gestion et qualit\u00e9 du QM","description":"Plate-forme pour les syst\u00e8mes de gestion int\u00e9gr\u00e9e.","publisher":{"@id":"https:\/\/www.m-q.ch\/fr\/#organization"},"potentialAction":[{"@type":"SearchAction","target":{"@type":"EntryPoint","urlTemplate":"https:\/\/www.m-q.ch\/fr\/?s={search_term_string}"},"query-input":{"@type":"PropertyValueSpecification","valueRequired":true,"valueName":"search_term_string"}}],"inLanguage":"fr-FR"},{"@type":"Organization","@id":"https:\/\/www.m-q.ch\/fr\/#organization","name":"Galledia Trade Media AG","url":"https:\/\/www.m-q.ch\/fr\/","logo":{"@type":"ImageObject","inLanguage":"fr-FR","@id":"https:\/\/www.m-q.ch\/fr\/#\/schema\/logo\/image\/","url":"https:\/\/www.m-q.ch\/wp-content\/uploads\/2020\/12\/cropped-logo_small.png","contentUrl":"https:\/\/www.m-q.ch\/wp-content\/uploads\/2020\/12\/cropped-logo_small.png","width":512,"height":512,"caption":"Galledia Fachmedien AG"},"image":{"@id":"https:\/\/www.m-q.ch\/fr\/#\/schema\/logo\/image\/"},"sameAs":["https:\/\/www.facebook.com\/ManagementUndQualitaet","https:\/\/www.linkedin.com\/showcase\/17982321\/admin\/"]},{"@type":"Person","@id":"https:\/\/www.m-q.ch\/fr\/#\/schema\/person\/0bdf39ca27d0b9b779f5b8af54b3f7d7","name":"upwork_1","image":{"@type":"ImageObject","inLanguage":"fr-FR","@id":"https:\/\/www.m-q.ch\/fr\/#\/schema\/person\/image\/","url":"https:\/\/secure.gravatar.com\/avatar\/04d4d0fdc5886d535809f17d0eace7f6?s=96&d=mm&r=g","contentUrl":"https:\/\/secure.gravatar.com\/avatar\/04d4d0fdc5886d535809f17d0eace7f6?s=96&d=mm&r=g","caption":"upwork_1"},"url":"https:\/\/www.m-q.ch\/fr\/author\/upwork_1\/"}]}},"_links":{"self":[{"href":"https:\/\/www.m-q.ch\/fr\/wp-json\/wp\/v2\/posts\/12114","targetHints":{"allow":["GET"]}}],"collection":[{"href":"https:\/\/www.m-q.ch\/fr\/wp-json\/wp\/v2\/posts"}],"about":[{"href":"https:\/\/www.m-q.ch\/fr\/wp-json\/wp\/v2\/types\/post"}],"author":[{"embeddable":true,"href":"https:\/\/www.m-q.ch\/fr\/wp-json\/wp\/v2\/users\/66"}],"replies":[{"embeddable":true,"href":"https:\/\/www.m-q.ch\/fr\/wp-json\/wp\/v2\/comments?post=12114"}],"version-history":[{"count":2,"href":"https:\/\/www.m-q.ch\/fr\/wp-json\/wp\/v2\/posts\/12114\/revisions"}],"predecessor-version":[{"id":12144,"href":"https:\/\/www.m-q.ch\/fr\/wp-json\/wp\/v2\/posts\/12114\/revisions\/12144"}],"wp:featuredmedia":[{"embeddable":true,"href":"https:\/\/www.m-q.ch\/fr\/wp-json\/wp\/v2\/media\/12138"}],"wp:attachment":[{"href":"https:\/\/www.m-q.ch\/fr\/wp-json\/wp\/v2\/media?parent=12114"}],"wp:term":[{"taxonomy":"category","embeddable":true,"href":"https:\/\/www.m-q.ch\/fr\/wp-json\/wp\/v2\/categories?post=12114"},{"taxonomy":"post_tag","embeddable":true,"href":"https:\/\/www.m-q.ch\/fr\/wp-json\/wp\/v2\/tags?post=12114"}],"curies":[{"name":"wp","href":"https:\/\/api.w.org\/{rel}","templated":true}]}}