{"id":1215,"date":"2017-03-06T10:10:14","date_gmt":"2017-03-06T09:10:14","guid":{"rendered":"https:\/\/www.m-q.ch\/?p=1215"},"modified":"2017-03-06T10:48:46","modified_gmt":"2017-03-06T09:48:46","slug":"rapport-federal-sur-la-qualite-des-medecins","status":"publish","type":"post","link":"https:\/\/www.m-q.ch\/fr\/bundesraetlicher-bericht-zur-aerztequalitaet\/","title":{"rendered":"Rapport du Conseil f\u00e9d\u00e9ral sur la qualit\u00e9 des m\u00e9decins"},"content":{"rendered":"<p>&nbsp;<\/p>\n<figure id=\"attachment_1216\" aria-describedby=\"caption-attachment-1216\" style=\"width: 680px\" class=\"wp-caption alignnone\"><img loading=\"lazy\" decoding=\"async\" class=\"size-medium wp-image-1216\" src=\"https:\/\/www.m-q.ch\/wp-content\/uploads\/2017\/03\/Bundesr\u00e4tlicher-Bericht-zur-\u00c4rztequalit\u00e4t-mq-management-u-qualit\u00e4t-680x453.jpg\" alt=\"\" width=\"680\" height=\"453\" srcset=\"https:\/\/www.m-q.ch\/wp-content\/uploads\/2017\/03\/Bundesr\u00e4tlicher-Bericht-zur-\u00c4rztequalit\u00e4t-mq-management-u-qualit\u00e4t-680x453.jpg 680w, https:\/\/www.m-q.ch\/wp-content\/uploads\/2017\/03\/Bundesr\u00e4tlicher-Bericht-zur-\u00c4rztequalit\u00e4t-mq-management-u-qualit\u00e4t-768x512.jpg 768w, https:\/\/www.m-q.ch\/wp-content\/uploads\/2017\/03\/Bundesr\u00e4tlicher-Bericht-zur-\u00c4rztequalit\u00e4t-mq-management-u-qualit\u00e4t-1536x1024.jpg 1536w, https:\/\/www.m-q.ch\/wp-content\/uploads\/2017\/03\/Bundesr\u00e4tlicher-Bericht-zur-\u00c4rztequalit\u00e4t-mq-management-u-qualit\u00e4t-2048x1365.jpg 2048w, https:\/\/www.m-q.ch\/wp-content\/uploads\/2017\/03\/Bundesr\u00e4tlicher-Bericht-zur-\u00c4rztequalit\u00e4t-mq-management-u-qualit\u00e4t-16x12.jpg 16w, https:\/\/www.m-q.ch\/wp-content\/uploads\/2017\/03\/Bundesr\u00e4tlicher-Bericht-zur-\u00c4rztequalit\u00e4t-mq-management-u-qualit\u00e4t-263x175.jpg 263w, https:\/\/www.m-q.ch\/wp-content\/uploads\/2017\/03\/Bundesr\u00e4tlicher-Bericht-zur-\u00c4rztequalit\u00e4t-mq-management-u-qualit\u00e4t-525x350.jpg 525w, https:\/\/www.m-q.ch\/wp-content\/uploads\/2017\/03\/Bundesr\u00e4tlicher-Bericht-zur-\u00c4rztequalit\u00e4t-mq-management-u-qualit\u00e4t-1200x800.jpg 1200w, https:\/\/www.m-q.ch\/wp-content\/uploads\/2017\/03\/Bundesr\u00e4tlicher-Bericht-zur-\u00c4rztequalit\u00e4t-mq-management-u-qualit\u00e4t-920x613.jpg 920w, https:\/\/www.m-q.ch\/wp-content\/uploads\/2017\/03\/Bundesr\u00e4tlicher-Bericht-zur-\u00c4rztequalit\u00e4t-mq-management-u-qualit\u00e4t-1400x933.jpg 1400w, https:\/\/www.m-q.ch\/wp-content\/uploads\/2017\/03\/Bundesr\u00e4tlicher-Bericht-zur-\u00c4rztequalit\u00e4t-mq-management-u-qualit\u00e4t-300x200.jpg 300w, https:\/\/www.m-q.ch\/wp-content\/uploads\/2017\/03\/Bundesr\u00e4tlicher-Bericht-zur-\u00c4rztequalit\u00e4t-mq-management-u-qualit\u00e4t-1024x683.jpg 1024w, https:\/\/www.m-q.ch\/wp-content\/uploads\/2017\/03\/Bundesr\u00e4tlicher-Bericht-zur-\u00c4rztequalit\u00e4t-mq-management-u-qualit\u00e4t-624x416.jpg 624w\" sizes=\"auto, (max-width: 680px) 100vw, 680px\" \/><figcaption id=\"caption-attachment-1216\" class=\"wp-caption-text\">Les m\u00e9decins suisses doivent pouvoir parler la langue des patients suisses, demande la FMH. (Image : photos de d\u00e9p\u00f4t)<\/figcaption><\/figure>\n<p>Le pr\u00e9sent rapport du Conseil f\u00e9d\u00e9ral traite de propositions qualitatives qui ne correspondent pas en soi \u00e0 une r\u00e9glementation des prix.  Le rapport montre que la restriction du libre choix du m\u00e9decin pour les patients ainsi que le contr\u00f4le via des prix diff\u00e9rents pour le m\u00eame service peuvent entra\u00eener des d\u00e9savantages sur le march\u00e9 suisse de la sant\u00e9. C'est pourquoi le Conseil f\u00e9d\u00e9ral s'oriente vers les mod\u00e8les de travail des prestataires de services : les m\u00e9decins veulent aussi de plus en plus travailler \u00e0 temps partiel, c'est pourquoi il faut tenir compte des \u00e9quivalents temps plein. Il s'agit maintenant de continuer \u00e0 orienter l'octroi de licences aux m\u00e9decins apr\u00e8s 2019 de mani\u00e8re encore plus coh\u00e9rente vers la s\u00e9curit\u00e9 des patients.<\/p>\n<p><strong>Crit\u00e8res de qualit\u00e9 de la FMH<\/strong><\/p>\n<p>Au d\u00e9but du mois de mars 2017, le Conseil f\u00e9d\u00e9ral a fourni pour la premi\u00e8re fois des informations sur le plan de succession des m\u00e9decins en Suisse. La pratique actuelle a fait ses preuves : Actuellement, les m\u00e9decins doivent avoir travaill\u00e9 pendant au moins trois ans dans un \u00e9tablissement de formation postuniversitaire reconnu en Suisse pour pouvoir travailler en tant que m\u00e9decin ind\u00e9pendant.<\/p>\n<p><strong><em>La FMH exige que les quatre crit\u00e8res de qualit\u00e9 suivants, dont l'efficacit\u00e9 a \u00e9t\u00e9 d\u00e9montr\u00e9e, soient remplis cumulativement pour que les m\u00e9decins puissent \u00eatre agr\u00e9\u00e9s : <\/em><\/strong><\/p>\n<ul>\n<li><em>Comp\u00e9tences linguistiques : les m\u00e9decins doivent d\u00e9montrer les comp\u00e9tences linguistiques requises dans leur r\u00e9gion de pratique lors d'un examen linguistique pass\u00e9 en Suisse.<\/em><\/li>\n<li><em>Dur\u00e9e de la formation : L'\u00e9tude de la m\u00e9decine humaine comprend six ans d'\u00e9tudes \u00e0 temps plein ou au moins 5 500 heures d'enseignement th\u00e9orique et pratique.<\/em><\/li>\n<li><em>Formation compl\u00e9mentaire : les m\u00e9decins doivent avoir travaill\u00e9 comme m\u00e9decins cliniciens pendant au moins trois ans dans un centre de formation reconnu dans la discipline sp\u00e9cialis\u00e9e demand\u00e9e pour l'admission avec une charge de travail d'au moins 80%. En cas de charge de travail moindre, l'activit\u00e9 clinique requise est \u00e9tendue en cons\u00e9quence.<\/em><\/li>\n<li><em>Preuve de formation continue : apr\u00e8s avoir acquis le titre de formation continue (sp\u00e9cialiste), les m\u00e9decins doivent poursuivre leur formation tout au long de leur vie professionnelle. La formation continue peut \u00eatre exig\u00e9e p\u00e9riodiquement dans les 46 sp\u00e9cialit\u00e9s et constitue donc un crit\u00e8re de qualit\u00e9 clairement v\u00e9rifiable et facilement v\u00e9rifiable.<\/em><\/li>\n<\/ul>\n<p>Du point de vue de la FMH, la s\u00e9curit\u00e9 des patients doit \u00eatre garantie \u00e0 tout prix. Une nouvelle r\u00e9glementation en mati\u00e8re d'autorisation doit tenir compte du fait qu'une grande partie des m\u00e9decins qui souhaitent travailler en Suisse viennent de l'\u00e9tranger. En m\u00eame temps, les crit\u00e8res d'admission doivent \u00e9galement garantir des soins m\u00e9dicaux de qualit\u00e9 par de jeunes m\u00e9decins suisses.<\/p>\n<p><a href=\"http:\/\/www.fmh.ch\/\">www.fmh.ch<\/a><\/p>","protected":false},"excerpt":{"rendered":"<p>&nbsp; Beim vorliegenden Bundesr\u00e4tlichen Bericht geht es um qualitative Vorschl\u00e4ge, die per se nicht Preisbestimmungen entsprechen. \u00a0Der Bericht zeigt, dass bei der Einschr\u00e4nkung der freien Arztwahl f\u00fcr Patienten als auch bei der Steuerung \u00fcber unterschiedliche Preise f\u00fcr die gleiche Leistung Nachteile im Schweizer Gesundheitsmarkt entstehen k\u00f6nnen. Daher orientiert sich der Bundesrat an Arbeitsmodellen der Leistungserbringer: [&hellip;]<\/p>\n","protected":false},"author":35,"featured_media":1216,"comment_status":"open","ping_status":"open","sticky":false,"template":"","format":"standard","meta":{"_acf_changed":false,"footnotes":""},"categories":[5,1],"tags":[3475],"class_list":["post-1215","post","type-post","status-publish","format-standard","has-post-thumbnail","hentry","category-business_excellence","category-unkategorisiert","tag-schweizer-aerzte-fmh"],"acf":[],"yoast_head":"<!-- This site is optimized with the Yoast SEO plugin v26.2 - https:\/\/yoast.com\/wordpress\/plugins\/seo\/ -->\n<title>Bundesr\u00e4tlicher Bericht zur \u00c4rztequalit\u00e4t - MQ Management und Qualit\u00e4t<\/title>\n<meta name=\"description\" content=\"Der Bundesr\u00e4tliche Bericht zur Zulassung von \u00c4rzten beinhaltet qualitative Punkte zur Nachfolgeregelung von \u00c4rzten, wobei auch Sprachkompetenz gefragt ist.\" \/>\n<meta name=\"robots\" content=\"index, follow, max-snippet:-1, max-image-preview:large, max-video-preview:-1\" \/>\n<link rel=\"canonical\" href=\"https:\/\/www.m-q.ch\/fr\/rapport-federal-sur-la-qualite-des-medecins\/\" \/>\n<meta property=\"og:locale\" content=\"fr_FR\" \/>\n<meta property=\"og:type\" content=\"article\" \/>\n<meta property=\"og:title\" content=\"Bundesr\u00e4tlicher Bericht zur \u00c4rztequalit\u00e4t - MQ Management und Qualit\u00e4t\" \/>\n<meta property=\"og:description\" content=\"Der Bundesr\u00e4tliche Bericht zur Zulassung von \u00c4rzten beinhaltet qualitative Punkte zur Nachfolgeregelung von \u00c4rzten, wobei auch Sprachkompetenz gefragt ist.\" \/>\n<meta property=\"og:url\" content=\"https:\/\/www.m-q.ch\/fr\/rapport-federal-sur-la-qualite-des-medecins\/\" \/>\n<meta property=\"og:site_name\" content=\"MQ Management und Qualit\u00e4t\" \/>\n<meta property=\"article:publisher\" content=\"https:\/\/www.facebook.com\/ManagementUndQualitaet\" \/>\n<meta property=\"article:published_time\" content=\"2017-03-06T09:10:14+00:00\" \/>\n<meta property=\"article:modified_time\" content=\"2017-03-06T09:48:46+00:00\" \/>\n<meta property=\"og:image\" content=\"https:\/\/www.m-q.ch\/wp-content\/uploads\/2017\/03\/Bundesr\u00e4tlicher-Bericht-zur-\u00c4rztequalit\u00e4t-mq-management-u-qualit\u00e4t-scaled.jpg\" \/>\n\t<meta property=\"og:image:width\" content=\"2560\" \/>\n\t<meta property=\"og:image:height\" content=\"1706\" \/>\n\t<meta property=\"og:image:type\" content=\"image\/jpeg\" \/>\n<meta name=\"author\" content=\"Roger Str\u00e4ssle\" \/>\n<meta name=\"twitter:card\" content=\"summary_large_image\" \/>\n<meta name=\"twitter:label1\" content=\"\u00c9crit par\" \/>\n\t<meta name=\"twitter:data1\" content=\"Roger Str\u00e4ssle\" \/>\n\t<meta name=\"twitter:label2\" content=\"Dur\u00e9e de lecture estim\u00e9e\" \/>\n\t<meta name=\"twitter:data2\" content=\"2 minutes\" \/>\n<script type=\"application\/ld+json\" class=\"yoast-schema-graph\">{\"@context\":\"https:\/\/schema.org\",\"@graph\":[{\"@type\":\"Article\",\"@id\":\"https:\/\/www.m-q.ch\/bundesraetlicher-bericht-zur-aerztequalitaet\/#article\",\"isPartOf\":{\"@id\":\"https:\/\/www.m-q.ch\/bundesraetlicher-bericht-zur-aerztequalitaet\/\"},\"author\":{\"name\":\"Roger Str\u00e4ssle\",\"@id\":\"https:\/\/www.m-q.ch\/fr\/#\/schema\/person\/47d540e081acd98ccbeb69b55df653d7\"},\"headline\":\"Bundesr\u00e4tlicher Bericht zur \u00c4rztequalit\u00e4t\",\"datePublished\":\"2017-03-06T09:10:14+00:00\",\"dateModified\":\"2017-03-06T09:48:46+00:00\",\"mainEntityOfPage\":{\"@id\":\"https:\/\/www.m-q.ch\/bundesraetlicher-bericht-zur-aerztequalitaet\/\"},\"wordCount\":372,\"commentCount\":0,\"publisher\":{\"@id\":\"https:\/\/www.m-q.ch\/fr\/#organization\"},\"image\":{\"@id\":\"https:\/\/www.m-q.ch\/bundesraetlicher-bericht-zur-aerztequalitaet\/#primaryimage\"},\"thumbnailUrl\":\"https:\/\/www.m-q.ch\/wp-content\/uploads\/2017\/03\/Bundesr\u00e4tlicher-Bericht-zur-\u00c4rztequalit\u00e4t-mq-management-u-qualit\u00e4t-scaled.jpg\",\"keywords\":[\"Schweizer \u00c4rzte + FMH\"],\"articleSection\":[\"Business Excellence\",\"Unkategorisiert\"],\"inLanguage\":\"fr-FR\"},{\"@type\":\"WebPage\",\"@id\":\"https:\/\/www.m-q.ch\/bundesraetlicher-bericht-zur-aerztequalitaet\/\",\"url\":\"https:\/\/www.m-q.ch\/bundesraetlicher-bericht-zur-aerztequalitaet\/\",\"name\":\"Bundesr\u00e4tlicher Bericht zur \u00c4rztequalit\u00e4t - MQ Management und Qualit\u00e4t\",\"isPartOf\":{\"@id\":\"https:\/\/www.m-q.ch\/fr\/#website\"},\"primaryImageOfPage\":{\"@id\":\"https:\/\/www.m-q.ch\/bundesraetlicher-bericht-zur-aerztequalitaet\/#primaryimage\"},\"image\":{\"@id\":\"https:\/\/www.m-q.ch\/bundesraetlicher-bericht-zur-aerztequalitaet\/#primaryimage\"},\"thumbnailUrl\":\"https:\/\/www.m-q.ch\/wp-content\/uploads\/2017\/03\/Bundesr\u00e4tlicher-Bericht-zur-\u00c4rztequalit\u00e4t-mq-management-u-qualit\u00e4t-scaled.jpg\",\"datePublished\":\"2017-03-06T09:10:14+00:00\",\"dateModified\":\"2017-03-06T09:48:46+00:00\",\"description\":\"Der Bundesr\u00e4tliche Bericht zur Zulassung von \u00c4rzten beinhaltet qualitative Punkte zur Nachfolgeregelung von \u00c4rzten, wobei auch Sprachkompetenz gefragt ist.\",\"breadcrumb\":{\"@id\":\"https:\/\/www.m-q.ch\/bundesraetlicher-bericht-zur-aerztequalitaet\/#breadcrumb\"},\"inLanguage\":\"fr-FR\",\"potentialAction\":[{\"@type\":\"ReadAction\",\"target\":[\"https:\/\/www.m-q.ch\/bundesraetlicher-bericht-zur-aerztequalitaet\/\"]}]},{\"@type\":\"ImageObject\",\"inLanguage\":\"fr-FR\",\"@id\":\"https:\/\/www.m-q.ch\/bundesraetlicher-bericht-zur-aerztequalitaet\/#primaryimage\",\"url\":\"https:\/\/www.m-q.ch\/wp-content\/uploads\/2017\/03\/Bundesr\u00e4tlicher-Bericht-zur-\u00c4rztequalit\u00e4t-mq-management-u-qualit\u00e4t-scaled.jpg\",\"contentUrl\":\"https:\/\/www.m-q.ch\/wp-content\/uploads\/2017\/03\/Bundesr\u00e4tlicher-Bericht-zur-\u00c4rztequalit\u00e4t-mq-management-u-qualit\u00e4t-scaled.jpg\",\"width\":2560,\"height\":1706,\"caption\":\"Schweizer \u00c4rzte sollen die Sprache von Schweizer Patienten sprechen k\u00f6nnen, fordert die FMH. (Bild: depositphotos)\"},{\"@type\":\"BreadcrumbList\",\"@id\":\"https:\/\/www.m-q.ch\/bundesraetlicher-bericht-zur-aerztequalitaet\/#breadcrumb\",\"itemListElement\":[{\"@type\":\"ListItem\",\"position\":1,\"name\":\"Business Excellence\",\"item\":\"https:\/\/www.m-q.ch\/kategorie\/business_excellence\/\"},{\"@type\":\"ListItem\",\"position\":2,\"name\":\"Bundesr\u00e4tlicher Bericht zur \u00c4rztequalit\u00e4t\"}]},{\"@type\":\"WebSite\",\"@id\":\"https:\/\/www.m-q.ch\/fr\/#website\",\"url\":\"https:\/\/www.m-q.ch\/fr\/\",\"name\":\"MQ Management und Qualit\u00e4t\",\"description\":\"Plattform f\u00fcr integrierte Managementsysteme.\",\"publisher\":{\"@id\":\"https:\/\/www.m-q.ch\/fr\/#organization\"},\"potentialAction\":[{\"@type\":\"SearchAction\",\"target\":{\"@type\":\"EntryPoint\",\"urlTemplate\":\"https:\/\/www.m-q.ch\/fr\/?s={search_term_string}\"},\"query-input\":{\"@type\":\"PropertyValueSpecification\",\"valueRequired\":true,\"valueName\":\"search_term_string\"}}],\"inLanguage\":\"fr-FR\"},{\"@type\":\"Organization\",\"@id\":\"https:\/\/www.m-q.ch\/fr\/#organization\",\"name\":\"Galledia Fachmedien AG\",\"url\":\"https:\/\/www.m-q.ch\/fr\/\",\"logo\":{\"@type\":\"ImageObject\",\"inLanguage\":\"fr-FR\",\"@id\":\"https:\/\/www.m-q.ch\/fr\/#\/schema\/logo\/image\/\",\"url\":\"https:\/\/www.m-q.ch\/wp-content\/uploads\/2020\/12\/cropped-logo_small.png\",\"contentUrl\":\"https:\/\/www.m-q.ch\/wp-content\/uploads\/2020\/12\/cropped-logo_small.png\",\"width\":512,\"height\":512,\"caption\":\"Galledia Fachmedien AG\"},\"image\":{\"@id\":\"https:\/\/www.m-q.ch\/fr\/#\/schema\/logo\/image\/\"},\"sameAs\":[\"https:\/\/www.facebook.com\/ManagementUndQualitaet\",\"https:\/\/www.linkedin.com\/showcase\/17982321\/admin\/\"]},{\"@type\":\"Person\",\"@id\":\"https:\/\/www.m-q.ch\/fr\/#\/schema\/person\/47d540e081acd98ccbeb69b55df653d7\",\"name\":\"Roger Str\u00e4ssle\",\"image\":{\"@type\":\"ImageObject\",\"inLanguage\":\"fr-FR\",\"@id\":\"https:\/\/www.m-q.ch\/fr\/#\/schema\/person\/image\/\",\"url\":\"https:\/\/secure.gravatar.com\/avatar\/e4dde3046d8a184d2e2d27651a418883?s=96&d=mm&r=g\",\"contentUrl\":\"https:\/\/secure.gravatar.com\/avatar\/e4dde3046d8a184d2e2d27651a418883?s=96&d=mm&r=g\",\"caption\":\"Roger Str\u00e4ssle\"},\"url\":\"https:\/\/www.m-q.ch\/fr\/author\/roger-straessle\/\"}]}<\/script>\n<!-- \/ Yoast SEO plugin. -->","yoast_head_json":{"title":"Rapport du Conseil f\u00e9d\u00e9ral sur la qualit\u00e9 des m\u00e9decins - MQ Management und Qualit\u00e4t","description":"Le rapport du Conseil f\u00e9d\u00e9ral sur l'autorisation d'exercer des m\u00e9decins comprend des points qualitatifs sur la succession des m\u00e9decins, o\u00f9 les comp\u00e9tences linguistiques sont \u00e9galement requises.","robots":{"index":"index","follow":"follow","max-snippet":"max-snippet:-1","max-image-preview":"max-image-preview:large","max-video-preview":"max-video-preview:-1"},"canonical":"https:\/\/www.m-q.ch\/fr\/rapport-federal-sur-la-qualite-des-medecins\/","og_locale":"fr_FR","og_type":"article","og_title":"Bundesr\u00e4tlicher Bericht zur \u00c4rztequalit\u00e4t - MQ Management und Qualit\u00e4t","og_description":"Der Bundesr\u00e4tliche Bericht zur Zulassung von \u00c4rzten beinhaltet qualitative Punkte zur Nachfolgeregelung von \u00c4rzten, wobei auch Sprachkompetenz gefragt ist.","og_url":"https:\/\/www.m-q.ch\/fr\/rapport-federal-sur-la-qualite-des-medecins\/","og_site_name":"MQ Management und Qualit\u00e4t","article_publisher":"https:\/\/www.facebook.com\/ManagementUndQualitaet","article_published_time":"2017-03-06T09:10:14+00:00","article_modified_time":"2017-03-06T09:48:46+00:00","og_image":[{"width":2560,"height":1706,"url":"https:\/\/www.m-q.ch\/wp-content\/uploads\/2017\/03\/Bundesr\u00e4tlicher-Bericht-zur-\u00c4rztequalit\u00e4t-mq-management-u-qualit\u00e4t-scaled.jpg","type":"image\/jpeg"}],"author":"Roger Str\u00e4ssle","twitter_card":"summary_large_image","twitter_misc":{"\u00c9crit par":"Roger Str\u00e4ssle","Dur\u00e9e de lecture estim\u00e9e":"2 minutes"},"schema":{"@context":"https:\/\/schema.org","@graph":[{"@type":"Article","@id":"https:\/\/www.m-q.ch\/bundesraetlicher-bericht-zur-aerztequalitaet\/#article","isPartOf":{"@id":"https:\/\/www.m-q.ch\/bundesraetlicher-bericht-zur-aerztequalitaet\/"},"author":{"name":"Roger Str\u00e4ssle","@id":"https:\/\/www.m-q.ch\/fr\/#\/schema\/person\/47d540e081acd98ccbeb69b55df653d7"},"headline":"Bundesr\u00e4tlicher Bericht zur \u00c4rztequalit\u00e4t","datePublished":"2017-03-06T09:10:14+00:00","dateModified":"2017-03-06T09:48:46+00:00","mainEntityOfPage":{"@id":"https:\/\/www.m-q.ch\/bundesraetlicher-bericht-zur-aerztequalitaet\/"},"wordCount":372,"commentCount":0,"publisher":{"@id":"https:\/\/www.m-q.ch\/fr\/#organization"},"image":{"@id":"https:\/\/www.m-q.ch\/bundesraetlicher-bericht-zur-aerztequalitaet\/#primaryimage"},"thumbnailUrl":"https:\/\/www.m-q.ch\/wp-content\/uploads\/2017\/03\/Bundesr\u00e4tlicher-Bericht-zur-\u00c4rztequalit\u00e4t-mq-management-u-qualit\u00e4t-scaled.jpg","keywords":["Schweizer \u00c4rzte + FMH"],"articleSection":["Business Excellence","Unkategorisiert"],"inLanguage":"fr-FR"},{"@type":"WebPage","@id":"https:\/\/www.m-q.ch\/bundesraetlicher-bericht-zur-aerztequalitaet\/","url":"https:\/\/www.m-q.ch\/bundesraetlicher-bericht-zur-aerztequalitaet\/","name":"Rapport du Conseil f\u00e9d\u00e9ral sur la qualit\u00e9 des m\u00e9decins - MQ Management und Qualit\u00e4t","isPartOf":{"@id":"https:\/\/www.m-q.ch\/fr\/#website"},"primaryImageOfPage":{"@id":"https:\/\/www.m-q.ch\/bundesraetlicher-bericht-zur-aerztequalitaet\/#primaryimage"},"image":{"@id":"https:\/\/www.m-q.ch\/bundesraetlicher-bericht-zur-aerztequalitaet\/#primaryimage"},"thumbnailUrl":"https:\/\/www.m-q.ch\/wp-content\/uploads\/2017\/03\/Bundesr\u00e4tlicher-Bericht-zur-\u00c4rztequalit\u00e4t-mq-management-u-qualit\u00e4t-scaled.jpg","datePublished":"2017-03-06T09:10:14+00:00","dateModified":"2017-03-06T09:48:46+00:00","description":"Le rapport du Conseil f\u00e9d\u00e9ral sur l'autorisation d'exercer des m\u00e9decins comprend des points qualitatifs sur la succession des m\u00e9decins, o\u00f9 les comp\u00e9tences linguistiques sont \u00e9galement requises.","breadcrumb":{"@id":"https:\/\/www.m-q.ch\/bundesraetlicher-bericht-zur-aerztequalitaet\/#breadcrumb"},"inLanguage":"fr-FR","potentialAction":[{"@type":"ReadAction","target":["https:\/\/www.m-q.ch\/bundesraetlicher-bericht-zur-aerztequalitaet\/"]}]},{"@type":"ImageObject","inLanguage":"fr-FR","@id":"https:\/\/www.m-q.ch\/bundesraetlicher-bericht-zur-aerztequalitaet\/#primaryimage","url":"https:\/\/www.m-q.ch\/wp-content\/uploads\/2017\/03\/Bundesr\u00e4tlicher-Bericht-zur-\u00c4rztequalit\u00e4t-mq-management-u-qualit\u00e4t-scaled.jpg","contentUrl":"https:\/\/www.m-q.ch\/wp-content\/uploads\/2017\/03\/Bundesr\u00e4tlicher-Bericht-zur-\u00c4rztequalit\u00e4t-mq-management-u-qualit\u00e4t-scaled.jpg","width":2560,"height":1706,"caption":"Schweizer \u00c4rzte sollen die Sprache von Schweizer Patienten sprechen k\u00f6nnen, fordert die FMH. (Bild: depositphotos)"},{"@type":"BreadcrumbList","@id":"https:\/\/www.m-q.ch\/bundesraetlicher-bericht-zur-aerztequalitaet\/#breadcrumb","itemListElement":[{"@type":"ListItem","position":1,"name":"Business Excellence","item":"https:\/\/www.m-q.ch\/kategorie\/business_excellence\/"},{"@type":"ListItem","position":2,"name":"Bundesr\u00e4tlicher Bericht zur \u00c4rztequalit\u00e4t"}]},{"@type":"WebSite","@id":"https:\/\/www.m-q.ch\/fr\/#website","url":"https:\/\/www.m-q.ch\/fr\/","name":"Gestion et qualit\u00e9 du QM","description":"Plate-forme pour les syst\u00e8mes de gestion int\u00e9gr\u00e9e.","publisher":{"@id":"https:\/\/www.m-q.ch\/fr\/#organization"},"potentialAction":[{"@type":"SearchAction","target":{"@type":"EntryPoint","urlTemplate":"https:\/\/www.m-q.ch\/fr\/?s={search_term_string}"},"query-input":{"@type":"PropertyValueSpecification","valueRequired":true,"valueName":"search_term_string"}}],"inLanguage":"fr-FR"},{"@type":"Organization","@id":"https:\/\/www.m-q.ch\/fr\/#organization","name":"Galledia Trade Media AG","url":"https:\/\/www.m-q.ch\/fr\/","logo":{"@type":"ImageObject","inLanguage":"fr-FR","@id":"https:\/\/www.m-q.ch\/fr\/#\/schema\/logo\/image\/","url":"https:\/\/www.m-q.ch\/wp-content\/uploads\/2020\/12\/cropped-logo_small.png","contentUrl":"https:\/\/www.m-q.ch\/wp-content\/uploads\/2020\/12\/cropped-logo_small.png","width":512,"height":512,"caption":"Galledia Fachmedien AG"},"image":{"@id":"https:\/\/www.m-q.ch\/fr\/#\/schema\/logo\/image\/"},"sameAs":["https:\/\/www.facebook.com\/ManagementUndQualitaet","https:\/\/www.linkedin.com\/showcase\/17982321\/admin\/"]},{"@type":"Person","@id":"https:\/\/www.m-q.ch\/fr\/#\/schema\/person\/47d540e081acd98ccbeb69b55df653d7","name":"Roger Str\u00e4ssle","image":{"@type":"ImageObject","inLanguage":"fr-FR","@id":"https:\/\/www.m-q.ch\/fr\/#\/schema\/person\/image\/","url":"https:\/\/secure.gravatar.com\/avatar\/e4dde3046d8a184d2e2d27651a418883?s=96&d=mm&r=g","contentUrl":"https:\/\/secure.gravatar.com\/avatar\/e4dde3046d8a184d2e2d27651a418883?s=96&d=mm&r=g","caption":"Roger Str\u00e4ssle"},"url":"https:\/\/www.m-q.ch\/fr\/author\/roger-straessle\/"}]}},"_links":{"self":[{"href":"https:\/\/www.m-q.ch\/fr\/wp-json\/wp\/v2\/posts\/1215","targetHints":{"allow":["GET"]}}],"collection":[{"href":"https:\/\/www.m-q.ch\/fr\/wp-json\/wp\/v2\/posts"}],"about":[{"href":"https:\/\/www.m-q.ch\/fr\/wp-json\/wp\/v2\/types\/post"}],"author":[{"embeddable":true,"href":"https:\/\/www.m-q.ch\/fr\/wp-json\/wp\/v2\/users\/35"}],"replies":[{"embeddable":true,"href":"https:\/\/www.m-q.ch\/fr\/wp-json\/wp\/v2\/comments?post=1215"}],"version-history":[{"count":1,"href":"https:\/\/www.m-q.ch\/fr\/wp-json\/wp\/v2\/posts\/1215\/revisions"}],"predecessor-version":[{"id":1217,"href":"https:\/\/www.m-q.ch\/fr\/wp-json\/wp\/v2\/posts\/1215\/revisions\/1217"}],"wp:featuredmedia":[{"embeddable":true,"href":"https:\/\/www.m-q.ch\/fr\/wp-json\/wp\/v2\/media\/1216"}],"wp:attachment":[{"href":"https:\/\/www.m-q.ch\/fr\/wp-json\/wp\/v2\/media?parent=1215"}],"wp:term":[{"taxonomy":"category","embeddable":true,"href":"https:\/\/www.m-q.ch\/fr\/wp-json\/wp\/v2\/categories?post=1215"},{"taxonomy":"post_tag","embeddable":true,"href":"https:\/\/www.m-q.ch\/fr\/wp-json\/wp\/v2\/tags?post=1215"}],"curies":[{"name":"wp","href":"https:\/\/api.w.org\/{rel}","templated":true}]}}