{"id":12191,"date":"2015-07-03T08:31:01","date_gmt":"2015-07-03T06:31:01","guid":{"rendered":"https:\/\/www.m-q.ch\/?p=12191"},"modified":"2021-02-16T08:51:21","modified_gmt":"2021-02-16T07:51:21","slug":"lechange-de-connaissances-et-dexperiences","status":"publish","type":"post","link":"https:\/\/www.m-q.ch\/fr\/dem-wissens-und-erfahrungsaustausch-verpflichtet\/","title":{"rendered":"Engag\u00e9 dans l'\u00e9change de connaissances et d'exp\u00e9riences"},"content":{"rendered":"<p><img loading=\"lazy\" decoding=\"async\" class=\"alignnone size-full wp-image-12205\" src=\"https:\/\/www.m-q.ch\/wp-content\/uploads\/2021\/02\/Dem-Wissens-und-Erfahrungsaustausch-verpflichtet.jpg\" alt=\"Engag\u00e9 dans l&#039;\u00e9change de connaissances et d&#039;exp\u00e9riences\" width=\"860\" height=\"1144\" srcset=\"https:\/\/www.m-q.ch\/wp-content\/uploads\/2021\/02\/Dem-Wissens-und-Erfahrungsaustausch-verpflichtet.jpg 860w, https:\/\/www.m-q.ch\/wp-content\/uploads\/2021\/02\/Dem-Wissens-und-Erfahrungsaustausch-verpflichtet-768x1022.jpg 768w, https:\/\/www.m-q.ch\/wp-content\/uploads\/2021\/02\/Dem-Wissens-und-Erfahrungsaustausch-verpflichtet-9x12.jpg 9w, https:\/\/www.m-q.ch\/wp-content\/uploads\/2021\/02\/Dem-Wissens-und-Erfahrungsaustausch-verpflichtet-132x175.jpg 132w, https:\/\/www.m-q.ch\/wp-content\/uploads\/2021\/02\/Dem-Wissens-und-Erfahrungsaustausch-verpflichtet-263x350.jpg 263w, https:\/\/www.m-q.ch\/wp-content\/uploads\/2021\/02\/Dem-Wissens-und-Erfahrungsaustausch-verpflichtet-601x800.jpg 601w, https:\/\/www.m-q.ch\/wp-content\/uploads\/2021\/02\/Dem-Wissens-und-Erfahrungsaustausch-verpflichtet-300x399.jpg 300w\" sizes=\"auto, (max-width: 860px) 100vw, 860px\" \/><\/p>\n<p>&nbsp;<\/p>\n<p>&nbsp;<\/p>\n<p>L'ensemble du secteur \"sant\u00e9\" - y compris les produits pharmaceutiques et m\u00e9dicaux - est fortement repr\u00e9sent\u00e9 en tant qu'industrie au sein de la SAQ. Ce n'est pas une co\u00efncidence : le secteur des technologies m\u00e9dicales compte \u00e0 lui seul environ 750 entreprises, une densit\u00e9 probablement unique en Europe, comme le fait remarquer Peter Koemeter de Fr\u00fch Verpackungstechnik AG. Il a pr\u00e9sid\u00e9 la division des dispositifs m\u00e9dicaux pendant cinq bonnes ann\u00e9es avant de passer le relais au Dr Beat S\u00e4gesser de la SAQ-QUALICON il y a six mois. Ce groupe de sp\u00e9cialistes existe maintenant depuis dix ans - un petit anniversaire dans le cadre des c\u00e9l\u00e9brations des 50 ans de la SAQ. Cependant, le dixi\u00e8me anniversaire n'est pas particuli\u00e8rement c\u00e9l\u00e9br\u00e9, comme le r\u00e9v\u00e8le S\u00e4gesser dans l'interview suivante.<\/p>\n<p>&nbsp;<\/p>\n<p><em><strong>Monsieur S\u00e4gesser, quel est l'objectif g\u00e9n\u00e9ral de la division \"Dispositifs m\u00e9dicaux\" ?<\/strong> <\/em><\/p>\n<p>Beat S\u00e4gesser : L'accent est mis sur l'\u00e9change d'exp\u00e9riences et de connaissances entre experts. L'accent est mis sur les questions relatives \u00e0 la r\u00e9glementation et \u00e0 la gestion de la qualit\u00e9, mais aussi, bien s\u00fbr, sur la technologie.<\/p>\n<p>&nbsp;<\/p>\n<p><em><strong>Nos \u00e9v\u00e9nements sont tr\u00e8s appr\u00e9ci\u00e9s par l'industrie.<\/strong><\/em><\/p>\n<p>&nbsp;<\/p>\n<p><em><strong>Qui est membre de ce groupe professionnel ?<\/strong> <\/em><\/p>\n<p>Ce sont tous des gens qui s'int\u00e9ressent personnellement \u00e0 l'industrie des technologies m\u00e9dicales. L'affiliation \u00e0 une entreprise n'est pas la consid\u00e9ration principale.<\/p>\n<p>&nbsp;<\/p>\n<p><em><strong>Y a-t-il une raison particuli\u00e8re \u00e0 la cr\u00e9ation de ce groupe de sp\u00e9cialistes ?<\/strong> <\/em><\/p>\n<p>Je n'\u00e9tais pas l\u00e0 lors de la fondation elle-m\u00eame. Mais il n'y a pas eu d'\u00e9l\u00e9ment d\u00e9clencheur d\u00e9cisif. L'industrie des technologies m\u00e9dicales est encore relativement jeune. Cependant, il a \u00e9t\u00e9 rapidement reconnu qu'il y avait un besoin d'\u00e9change professionnel en raison de la r\u00e9glementation et du d\u00e9veloppement technologique toujours plus important. Cela a conduit \u00e0 la cr\u00e9ation du groupe de sp\u00e9cialistes.<\/p>\n<p>&nbsp;<\/p>\n<p><em><strong>Comment le groupe de sp\u00e9cialistes s'est-il d\u00e9velopp\u00e9 ? Quelles sont les \u00e9tapes et les r\u00e9ussites les plus importantes ?<\/strong> <\/em><\/p>\n<p>Il y a en fait au moins quatre success stories par an, \u00e0 savoir les \u00e9v\u00e9nements que notre \u00e9quipe de base organise. Ces \u00e9v\u00e9nements sont tous des moments forts en eux-m\u00eames et sont tr\u00e8s appr\u00e9ci\u00e9s par l'industrie. Cependant, un grand bouleversement - si vous voulez - a eu lieu il y a cinq ans. Il y a eu de nombreux changements dans l'\u00e9quipe, le groupe de sp\u00e9cialistes a en fait \u00e9t\u00e9 dissous, pour \u00eatre ensuite r\u00e9tabli imm\u00e9diatement. Certains des fondateurs sont toujours dans l'\u00e9quipe. Une autre partie a pris des chemins diff\u00e9rents \u00e0 cette \u00e9poque.<\/p>\n<p>&nbsp;<\/p>\n<p><em><strong>Et aujourd'hui : Quels sont les sujets que vous traitez actuellement dans le groupe de sp\u00e9cialistes ?<\/strong> <\/em><\/p>\n<p>Il y a toujours des sujets diff\u00e9rents. Beaucoup de choses se passent actuellement en termes de gestion de la qualit\u00e9 et de r\u00e9glementation. Parce que les r\u00e9glementations tendent \u00e0 devenir de plus en plus fortes et strictes, et en tant qu'industrie, nous devons nous attaquer aux mesures correspondantes tout en tenant compte de l'efficacit\u00e9 \u00e9conomique. La crise de l'euro, qui pr\u00e9occupe l'industrie, est \u00e9galement un sujet r\u00e9current dans les discussions.<\/p>\n<p>&nbsp;<\/p>\n<p><em><strong>Pouvez-vous donner un exemple ?<\/strong> <\/em><\/p>\n<p>Un \u00e9v\u00e9nement d'actualit\u00e9 traite du th\u00e8me \"Tra\u00e7abilit\u00e9 des dispositifs m\u00e9dicaux\". Prenons l'exemple d'une hanche artificielle : elle est con\u00e7ue pour une longue dur\u00e9e de vie. Ainsi, m\u00eame apr\u00e8s une p\u00e9riode relativement longue, il doit \u00eatre possible de retracer l'origine du produit. Ce th\u00e8me comprend \u00e9galement l'UDI, l'identification unique des appareils. Dans une partie th\u00e9orique, nous expliquerons les bases \u00e0 l'occasion en question. Sur la base d'un exemple pratique, les intervenants montreront comment<\/p>\n<p>&nbsp;<\/p>\n<p><em><strong>Beaucoup de choses se passent actuellement en termes de gestion de la qualit\u00e9 et de r\u00e9glementation.<\/strong><\/em><\/p>\n<p>&nbsp;<\/p>\n<p>leur entreprise r\u00e9sout ce d\u00e9fi. C'est ainsi que l'\u00e9change de connaissances se fait ensuite.<\/p>\n<p>&nbsp;<\/p>\n<p><em><strong>Dans quelle mesure les r\u00e9glementations toujours plus nombreuses sont-elles votre principale pr\u00e9occupation ?<\/strong> <\/em><\/p>\n<p>Oui, les r\u00e9glementations sont de plus en plus strictes. L'objectif est que les entreprises puissent se conformer aux nouvelles r\u00e9glementations tout en conservant leur force d'innovation, leur libert\u00e9 d'entreprendre et la s\u00e9curit\u00e9 de leurs produits.<\/p>\n<p>&nbsp;<\/p>\n<p><em><strong>Comment y r\u00e9agissez-vous ? En tant que groupe de sp\u00e9cialistes, pouvez-vous influencer les d\u00e9veloppements ici de quelque mani\u00e8re que ce soit ?<\/strong> <\/em><\/p>\n<p>Nous ne sommes pas une association industrielle, mais un groupe de sp\u00e9cialistes. Mais nos \u00e9v\u00e9nements servent \u00e0 permettre aux experts d'\u00e9changer des id\u00e9es sur les probl\u00e8mes et les solutions possibles.<\/p>\n<p>&nbsp;<\/p>\n<p><em><strong>Quels sont les prochains objectifs de la division \"Dispositifs m\u00e9dicaux\" ?<\/strong> <\/em><\/p>\n<p>Nous planifions chaque fois deux \u00e0 trois ans \u00e0 l'avance et nous voulons continuer notre ligne afin de pouvoir continuer \u00e0 proposer des \u00e9v\u00e9nements int\u00e9ressants.<\/p>\n<p>&nbsp;<\/p>\n<p><em><strong>Les experts peuvent \u00e9changer des id\u00e9es sur les probl\u00e8mes et les solutions possibles.<\/strong><\/em><\/p>\n<p>&nbsp;<\/p>\n<p><em><strong>Quelle est l'importance de la demande pour ces \u00e9v\u00e9nements ? Sont-ils bien fr\u00e9quent\u00e9s ?<\/strong> <\/em><\/p>\n<p>R\u00e9cemment, nous avons constat\u00e9 une l\u00e9g\u00e8re diminution du nombre de participants. Nous voulons donc nous adresser \u00e0 encore plus de personnes \u00e0 l'avenir. Nous sommes convaincus que ce n'est pas la qualit\u00e9 des \u00e9v\u00e9nements qui fait d\u00e9faut, mais le niveau de sensibilisation.<\/p>\n<p>&nbsp;<\/p>\n<p><em><strong>Et votre motivation personnelle ?<\/strong> <\/em><\/p>\n<p>Par mon engagement, je souhaite promouvoir davantage l'\u00e9change professionnel et apporter ainsi une contribution \u00e0 la Suisse en tant que lieu de production.<\/p>","protected":false},"excerpt":{"rendered":"<p>&nbsp; &nbsp; Der gesamte Bereich \u00abGesundheit \u00bb \u2013 einschliesslich Pharma und Medizinprodukte \u2013 ist als Branche innerhalb der SAQ stark vertreten. Dies kommt nicht von ungef\u00e4hr: Allein die Medtech- Branche z\u00e4hlt rund 750 Unternehmen, eine in Europa wohl einmalige Dichte, wie Peter Koemeter von Fr\u00fch Verpackungstechnik AG feststellt. Er hatte gut f\u00fcnf Jahre lang den [&hellip;]<\/p>\n","protected":false},"author":62,"featured_media":12205,"comment_status":"closed","ping_status":"closed","sticky":false,"template":"","format":"standard","meta":{"_acf_changed":false,"footnotes":""},"categories":[4448],"tags":[4794],"class_list":["post-12191","post","type-post","status-publish","format-standard","has-post-thumbnail","hentry","category-allgemein","tag-07-08-2015"],"acf":[],"yoast_head":"<!-- This site is optimized with the Yoast SEO plugin v26.2 - https:\/\/yoast.com\/wordpress\/plugins\/seo\/ -->\n<title>Dem Wissens- und Erfahrungsaustausch verpflichtet - MQ Management und Qualit\u00e4t<\/title>\n<meta name=\"description\" content=\"Je nach Branche verf\u00fcgt das Qualit\u00e4tsmanagement\u00fcber verschieden hohe Anspr\u00fcche. Da ist vielpers\u00f6nliches Know-how gefragt. Dem tr\u00e4gtdie SAQ durch verschiedene Fachgruppen Rechnung.Eine davon ist die \u00abFachgruppe Medizinprodukte\u00bb, die sehr aktiv den fachlichen Austauschpflegt.\" \/>\n<meta name=\"robots\" content=\"index, follow, max-snippet:-1, max-image-preview:large, max-video-preview:-1\" \/>\n<link rel=\"canonical\" href=\"https:\/\/www.m-q.ch\/fr\/lechange-de-connaissances-et-dexperiences\/\" \/>\n<meta property=\"og:locale\" content=\"fr_FR\" \/>\n<meta property=\"og:type\" content=\"article\" \/>\n<meta property=\"og:title\" content=\"Dem Wissens- und Erfahrungsaustausch verpflichtet - MQ Management und Qualit\u00e4t\" \/>\n<meta property=\"og:description\" content=\"Je nach Branche verf\u00fcgt das Qualit\u00e4tsmanagement\u00fcber verschieden hohe Anspr\u00fcche. Da ist vielpers\u00f6nliches Know-how gefragt. Dem tr\u00e4gtdie SAQ durch verschiedene Fachgruppen Rechnung.Eine davon ist die \u00abFachgruppe Medizinprodukte\u00bb, die sehr aktiv den fachlichen Austauschpflegt.\" \/>\n<meta property=\"og:url\" content=\"https:\/\/www.m-q.ch\/fr\/lechange-de-connaissances-et-dexperiences\/\" \/>\n<meta property=\"og:site_name\" content=\"MQ Management und Qualit\u00e4t\" \/>\n<meta property=\"article:publisher\" content=\"https:\/\/www.facebook.com\/ManagementUndQualitaet\" \/>\n<meta property=\"article:published_time\" content=\"2015-07-03T06:31:01+00:00\" \/>\n<meta property=\"article:modified_time\" content=\"2021-02-16T07:51:21+00:00\" \/>\n<meta property=\"og:image\" content=\"https:\/\/www.m-q.ch\/wp-content\/uploads\/2021\/02\/Dem-Wissens-und-Erfahrungsaustausch-verpflichtet.jpg\" \/>\n\t<meta property=\"og:image:width\" content=\"860\" \/>\n\t<meta property=\"og:image:height\" content=\"1144\" \/>\n\t<meta property=\"og:image:type\" content=\"image\/jpeg\" \/>\n<meta name=\"author\" content=\"upwork_2\" \/>\n<meta name=\"twitter:card\" content=\"summary_large_image\" \/>\n<meta name=\"twitter:label1\" content=\"\u00c9crit par\" \/>\n\t<meta name=\"twitter:data1\" content=\"upwork_2\" \/>\n\t<meta name=\"twitter:label2\" content=\"Dur\u00e9e de lecture estim\u00e9e\" \/>\n\t<meta name=\"twitter:data2\" content=\"4 minutes\" \/>\n<script type=\"application\/ld+json\" class=\"yoast-schema-graph\">{\"@context\":\"https:\/\/schema.org\",\"@graph\":[{\"@type\":\"Article\",\"@id\":\"https:\/\/www.m-q.ch\/dem-wissens-und-erfahrungsaustausch-verpflichtet\/#article\",\"isPartOf\":{\"@id\":\"https:\/\/www.m-q.ch\/dem-wissens-und-erfahrungsaustausch-verpflichtet\/\"},\"author\":{\"name\":\"upwork_2\",\"@id\":\"https:\/\/www.m-q.ch\/fr\/#\/schema\/person\/71f647a41e4a3e361e6230f5134f3ba9\"},\"headline\":\"Dem Wissens- und Erfahrungsaustausch verpflichtet\",\"datePublished\":\"2015-07-03T06:31:01+00:00\",\"dateModified\":\"2021-02-16T07:51:21+00:00\",\"mainEntityOfPage\":{\"@id\":\"https:\/\/www.m-q.ch\/dem-wissens-und-erfahrungsaustausch-verpflichtet\/\"},\"wordCount\":764,\"publisher\":{\"@id\":\"https:\/\/www.m-q.ch\/fr\/#organization\"},\"image\":{\"@id\":\"https:\/\/www.m-q.ch\/dem-wissens-und-erfahrungsaustausch-verpflichtet\/#primaryimage\"},\"thumbnailUrl\":\"https:\/\/www.m-q.ch\/wp-content\/uploads\/2021\/02\/Dem-Wissens-und-Erfahrungsaustausch-verpflichtet.jpg\",\"keywords\":[\"07\u201308\/2015\"],\"articleSection\":[\"Allgemein\"],\"inLanguage\":\"fr-FR\"},{\"@type\":\"WebPage\",\"@id\":\"https:\/\/www.m-q.ch\/dem-wissens-und-erfahrungsaustausch-verpflichtet\/\",\"url\":\"https:\/\/www.m-q.ch\/dem-wissens-und-erfahrungsaustausch-verpflichtet\/\",\"name\":\"Dem Wissens- und Erfahrungsaustausch verpflichtet - MQ Management und Qualit\u00e4t\",\"isPartOf\":{\"@id\":\"https:\/\/www.m-q.ch\/fr\/#website\"},\"primaryImageOfPage\":{\"@id\":\"https:\/\/www.m-q.ch\/dem-wissens-und-erfahrungsaustausch-verpflichtet\/#primaryimage\"},\"image\":{\"@id\":\"https:\/\/www.m-q.ch\/dem-wissens-und-erfahrungsaustausch-verpflichtet\/#primaryimage\"},\"thumbnailUrl\":\"https:\/\/www.m-q.ch\/wp-content\/uploads\/2021\/02\/Dem-Wissens-und-Erfahrungsaustausch-verpflichtet.jpg\",\"datePublished\":\"2015-07-03T06:31:01+00:00\",\"dateModified\":\"2021-02-16T07:51:21+00:00\",\"description\":\"Je nach Branche verf\u00fcgt das Qualit\u00e4tsmanagement\u00fcber verschieden hohe Anspr\u00fcche. Da ist vielpers\u00f6nliches Know-how gefragt. Dem tr\u00e4gtdie SAQ durch verschiedene Fachgruppen Rechnung.Eine davon ist die \u00abFachgruppe Medizinprodukte\u00bb, die sehr aktiv den fachlichen Austauschpflegt.\",\"breadcrumb\":{\"@id\":\"https:\/\/www.m-q.ch\/dem-wissens-und-erfahrungsaustausch-verpflichtet\/#breadcrumb\"},\"inLanguage\":\"fr-FR\",\"potentialAction\":[{\"@type\":\"ReadAction\",\"target\":[\"https:\/\/www.m-q.ch\/dem-wissens-und-erfahrungsaustausch-verpflichtet\/\"]}]},{\"@type\":\"ImageObject\",\"inLanguage\":\"fr-FR\",\"@id\":\"https:\/\/www.m-q.ch\/dem-wissens-und-erfahrungsaustausch-verpflichtet\/#primaryimage\",\"url\":\"https:\/\/www.m-q.ch\/wp-content\/uploads\/2021\/02\/Dem-Wissens-und-Erfahrungsaustausch-verpflichtet.jpg\",\"contentUrl\":\"https:\/\/www.m-q.ch\/wp-content\/uploads\/2021\/02\/Dem-Wissens-und-Erfahrungsaustausch-verpflichtet.jpg\",\"width\":860,\"height\":1144,\"caption\":\"Dem Wissens- und Erfahrungsaustausch verpflichtet\"},{\"@type\":\"BreadcrumbList\",\"@id\":\"https:\/\/www.m-q.ch\/dem-wissens-und-erfahrungsaustausch-verpflichtet\/#breadcrumb\",\"itemListElement\":[{\"@type\":\"ListItem\",\"position\":1,\"name\":\"Allgemein\",\"item\":\"https:\/\/www.m-q.ch\/kategorie\/allgemein\/\"},{\"@type\":\"ListItem\",\"position\":2,\"name\":\"Dem Wissens- und Erfahrungsaustausch verpflichtet\"}]},{\"@type\":\"WebSite\",\"@id\":\"https:\/\/www.m-q.ch\/fr\/#website\",\"url\":\"https:\/\/www.m-q.ch\/fr\/\",\"name\":\"MQ Management und Qualit\u00e4t\",\"description\":\"Plattform f\u00fcr integrierte Managementsysteme.\",\"publisher\":{\"@id\":\"https:\/\/www.m-q.ch\/fr\/#organization\"},\"potentialAction\":[{\"@type\":\"SearchAction\",\"target\":{\"@type\":\"EntryPoint\",\"urlTemplate\":\"https:\/\/www.m-q.ch\/fr\/?s={search_term_string}\"},\"query-input\":{\"@type\":\"PropertyValueSpecification\",\"valueRequired\":true,\"valueName\":\"search_term_string\"}}],\"inLanguage\":\"fr-FR\"},{\"@type\":\"Organization\",\"@id\":\"https:\/\/www.m-q.ch\/fr\/#organization\",\"name\":\"Galledia Fachmedien AG\",\"url\":\"https:\/\/www.m-q.ch\/fr\/\",\"logo\":{\"@type\":\"ImageObject\",\"inLanguage\":\"fr-FR\",\"@id\":\"https:\/\/www.m-q.ch\/fr\/#\/schema\/logo\/image\/\",\"url\":\"https:\/\/www.m-q.ch\/wp-content\/uploads\/2020\/12\/cropped-logo_small.png\",\"contentUrl\":\"https:\/\/www.m-q.ch\/wp-content\/uploads\/2020\/12\/cropped-logo_small.png\",\"width\":512,\"height\":512,\"caption\":\"Galledia Fachmedien AG\"},\"image\":{\"@id\":\"https:\/\/www.m-q.ch\/fr\/#\/schema\/logo\/image\/\"},\"sameAs\":[\"https:\/\/www.facebook.com\/ManagementUndQualitaet\",\"https:\/\/www.linkedin.com\/showcase\/17982321\/admin\/\"]},{\"@type\":\"Person\",\"@id\":\"https:\/\/www.m-q.ch\/fr\/#\/schema\/person\/71f647a41e4a3e361e6230f5134f3ba9\",\"name\":\"upwork_2\",\"image\":{\"@type\":\"ImageObject\",\"inLanguage\":\"fr-FR\",\"@id\":\"https:\/\/www.m-q.ch\/fr\/#\/schema\/person\/image\/\",\"url\":\"https:\/\/secure.gravatar.com\/avatar\/777b90ab56092bbf3c85feacda5c1bce?s=96&d=mm&r=g\",\"contentUrl\":\"https:\/\/secure.gravatar.com\/avatar\/777b90ab56092bbf3c85feacda5c1bce?s=96&d=mm&r=g\",\"caption\":\"upwork_2\"},\"url\":\"https:\/\/www.m-q.ch\/fr\/author\/upwork_2\/\"}]}<\/script>\n<!-- \/ Yoast SEO plugin. -->","yoast_head_json":{"title":"Engag\u00e9 dans l'\u00e9change de connaissances et d'exp\u00e9riences - MQ Management und Qualit\u00e4t","description":"Selon le secteur, la gestion de la qualit\u00e9 a des exigences diff\u00e9rentes. Cela exige un grand savoir-faire personnel. La SAQ en tient compte \u00e0 travers diff\u00e9rents groupes de sp\u00e9cialistes, dont le \"Groupe de sp\u00e9cialistes en dispositifs m\u00e9dicaux\", qui cultive tr\u00e8s activement l'\u00e9change professionnel.","robots":{"index":"index","follow":"follow","max-snippet":"max-snippet:-1","max-image-preview":"max-image-preview:large","max-video-preview":"max-video-preview:-1"},"canonical":"https:\/\/www.m-q.ch\/fr\/lechange-de-connaissances-et-dexperiences\/","og_locale":"fr_FR","og_type":"article","og_title":"Dem Wissens- und Erfahrungsaustausch verpflichtet - MQ Management und Qualit\u00e4t","og_description":"Je nach Branche verf\u00fcgt das Qualit\u00e4tsmanagement\u00fcber verschieden hohe Anspr\u00fcche. Da ist vielpers\u00f6nliches Know-how gefragt. Dem tr\u00e4gtdie SAQ durch verschiedene Fachgruppen Rechnung.Eine davon ist die \u00abFachgruppe Medizinprodukte\u00bb, die sehr aktiv den fachlichen Austauschpflegt.","og_url":"https:\/\/www.m-q.ch\/fr\/lechange-de-connaissances-et-dexperiences\/","og_site_name":"MQ Management und Qualit\u00e4t","article_publisher":"https:\/\/www.facebook.com\/ManagementUndQualitaet","article_published_time":"2015-07-03T06:31:01+00:00","article_modified_time":"2021-02-16T07:51:21+00:00","og_image":[{"width":860,"height":1144,"url":"https:\/\/www.m-q.ch\/wp-content\/uploads\/2021\/02\/Dem-Wissens-und-Erfahrungsaustausch-verpflichtet.jpg","type":"image\/jpeg"}],"author":"upwork_2","twitter_card":"summary_large_image","twitter_misc":{"\u00c9crit par":"upwork_2","Dur\u00e9e de lecture estim\u00e9e":"4 minutes"},"schema":{"@context":"https:\/\/schema.org","@graph":[{"@type":"Article","@id":"https:\/\/www.m-q.ch\/dem-wissens-und-erfahrungsaustausch-verpflichtet\/#article","isPartOf":{"@id":"https:\/\/www.m-q.ch\/dem-wissens-und-erfahrungsaustausch-verpflichtet\/"},"author":{"name":"upwork_2","@id":"https:\/\/www.m-q.ch\/fr\/#\/schema\/person\/71f647a41e4a3e361e6230f5134f3ba9"},"headline":"Dem Wissens- und Erfahrungsaustausch verpflichtet","datePublished":"2015-07-03T06:31:01+00:00","dateModified":"2021-02-16T07:51:21+00:00","mainEntityOfPage":{"@id":"https:\/\/www.m-q.ch\/dem-wissens-und-erfahrungsaustausch-verpflichtet\/"},"wordCount":764,"publisher":{"@id":"https:\/\/www.m-q.ch\/fr\/#organization"},"image":{"@id":"https:\/\/www.m-q.ch\/dem-wissens-und-erfahrungsaustausch-verpflichtet\/#primaryimage"},"thumbnailUrl":"https:\/\/www.m-q.ch\/wp-content\/uploads\/2021\/02\/Dem-Wissens-und-Erfahrungsaustausch-verpflichtet.jpg","keywords":["07\u201308\/2015"],"articleSection":["Allgemein"],"inLanguage":"fr-FR"},{"@type":"WebPage","@id":"https:\/\/www.m-q.ch\/dem-wissens-und-erfahrungsaustausch-verpflichtet\/","url":"https:\/\/www.m-q.ch\/dem-wissens-und-erfahrungsaustausch-verpflichtet\/","name":"Engag\u00e9 dans l'\u00e9change de connaissances et d'exp\u00e9riences - MQ Management und Qualit\u00e4t","isPartOf":{"@id":"https:\/\/www.m-q.ch\/fr\/#website"},"primaryImageOfPage":{"@id":"https:\/\/www.m-q.ch\/dem-wissens-und-erfahrungsaustausch-verpflichtet\/#primaryimage"},"image":{"@id":"https:\/\/www.m-q.ch\/dem-wissens-und-erfahrungsaustausch-verpflichtet\/#primaryimage"},"thumbnailUrl":"https:\/\/www.m-q.ch\/wp-content\/uploads\/2021\/02\/Dem-Wissens-und-Erfahrungsaustausch-verpflichtet.jpg","datePublished":"2015-07-03T06:31:01+00:00","dateModified":"2021-02-16T07:51:21+00:00","description":"Selon le secteur, la gestion de la qualit\u00e9 a des exigences diff\u00e9rentes. Cela exige un grand savoir-faire personnel. La SAQ en tient compte \u00e0 travers diff\u00e9rents groupes de sp\u00e9cialistes, dont le \"Groupe de sp\u00e9cialistes en dispositifs m\u00e9dicaux\", qui cultive tr\u00e8s activement l'\u00e9change professionnel.","breadcrumb":{"@id":"https:\/\/www.m-q.ch\/dem-wissens-und-erfahrungsaustausch-verpflichtet\/#breadcrumb"},"inLanguage":"fr-FR","potentialAction":[{"@type":"ReadAction","target":["https:\/\/www.m-q.ch\/dem-wissens-und-erfahrungsaustausch-verpflichtet\/"]}]},{"@type":"ImageObject","inLanguage":"fr-FR","@id":"https:\/\/www.m-q.ch\/dem-wissens-und-erfahrungsaustausch-verpflichtet\/#primaryimage","url":"https:\/\/www.m-q.ch\/wp-content\/uploads\/2021\/02\/Dem-Wissens-und-Erfahrungsaustausch-verpflichtet.jpg","contentUrl":"https:\/\/www.m-q.ch\/wp-content\/uploads\/2021\/02\/Dem-Wissens-und-Erfahrungsaustausch-verpflichtet.jpg","width":860,"height":1144,"caption":"Dem Wissens- und Erfahrungsaustausch verpflichtet"},{"@type":"BreadcrumbList","@id":"https:\/\/www.m-q.ch\/dem-wissens-und-erfahrungsaustausch-verpflichtet\/#breadcrumb","itemListElement":[{"@type":"ListItem","position":1,"name":"Allgemein","item":"https:\/\/www.m-q.ch\/kategorie\/allgemein\/"},{"@type":"ListItem","position":2,"name":"Dem Wissens- und Erfahrungsaustausch verpflichtet"}]},{"@type":"WebSite","@id":"https:\/\/www.m-q.ch\/fr\/#website","url":"https:\/\/www.m-q.ch\/fr\/","name":"Gestion et qualit\u00e9 du QM","description":"Plate-forme pour les syst\u00e8mes de gestion int\u00e9gr\u00e9e.","publisher":{"@id":"https:\/\/www.m-q.ch\/fr\/#organization"},"potentialAction":[{"@type":"SearchAction","target":{"@type":"EntryPoint","urlTemplate":"https:\/\/www.m-q.ch\/fr\/?s={search_term_string}"},"query-input":{"@type":"PropertyValueSpecification","valueRequired":true,"valueName":"search_term_string"}}],"inLanguage":"fr-FR"},{"@type":"Organization","@id":"https:\/\/www.m-q.ch\/fr\/#organization","name":"Galledia Trade Media AG","url":"https:\/\/www.m-q.ch\/fr\/","logo":{"@type":"ImageObject","inLanguage":"fr-FR","@id":"https:\/\/www.m-q.ch\/fr\/#\/schema\/logo\/image\/","url":"https:\/\/www.m-q.ch\/wp-content\/uploads\/2020\/12\/cropped-logo_small.png","contentUrl":"https:\/\/www.m-q.ch\/wp-content\/uploads\/2020\/12\/cropped-logo_small.png","width":512,"height":512,"caption":"Galledia Fachmedien AG"},"image":{"@id":"https:\/\/www.m-q.ch\/fr\/#\/schema\/logo\/image\/"},"sameAs":["https:\/\/www.facebook.com\/ManagementUndQualitaet","https:\/\/www.linkedin.com\/showcase\/17982321\/admin\/"]},{"@type":"Person","@id":"https:\/\/www.m-q.ch\/fr\/#\/schema\/person\/71f647a41e4a3e361e6230f5134f3ba9","name":"upwork_2","image":{"@type":"ImageObject","inLanguage":"fr-FR","@id":"https:\/\/www.m-q.ch\/fr\/#\/schema\/person\/image\/","url":"https:\/\/secure.gravatar.com\/avatar\/777b90ab56092bbf3c85feacda5c1bce?s=96&d=mm&r=g","contentUrl":"https:\/\/secure.gravatar.com\/avatar\/777b90ab56092bbf3c85feacda5c1bce?s=96&d=mm&r=g","caption":"upwork_2"},"url":"https:\/\/www.m-q.ch\/fr\/author\/upwork_2\/"}]}},"_links":{"self":[{"href":"https:\/\/www.m-q.ch\/fr\/wp-json\/wp\/v2\/posts\/12191","targetHints":{"allow":["GET"]}}],"collection":[{"href":"https:\/\/www.m-q.ch\/fr\/wp-json\/wp\/v2\/posts"}],"about":[{"href":"https:\/\/www.m-q.ch\/fr\/wp-json\/wp\/v2\/types\/post"}],"author":[{"embeddable":true,"href":"https:\/\/www.m-q.ch\/fr\/wp-json\/wp\/v2\/users\/62"}],"replies":[{"embeddable":true,"href":"https:\/\/www.m-q.ch\/fr\/wp-json\/wp\/v2\/comments?post=12191"}],"version-history":[{"count":1,"href":"https:\/\/www.m-q.ch\/fr\/wp-json\/wp\/v2\/posts\/12191\/revisions"}],"predecessor-version":[{"id":12206,"href":"https:\/\/www.m-q.ch\/fr\/wp-json\/wp\/v2\/posts\/12191\/revisions\/12206"}],"wp:featuredmedia":[{"embeddable":true,"href":"https:\/\/www.m-q.ch\/fr\/wp-json\/wp\/v2\/media\/12205"}],"wp:attachment":[{"href":"https:\/\/www.m-q.ch\/fr\/wp-json\/wp\/v2\/media?parent=12191"}],"wp:term":[{"taxonomy":"category","embeddable":true,"href":"https:\/\/www.m-q.ch\/fr\/wp-json\/wp\/v2\/categories?post=12191"},{"taxonomy":"post_tag","embeddable":true,"href":"https:\/\/www.m-q.ch\/fr\/wp-json\/wp\/v2\/tags?post=12191"}],"curies":[{"name":"wp","href":"https:\/\/api.w.org\/{rel}","templated":true}]}}