{"id":12195,"date":"2015-07-11T08:31:04","date_gmt":"2015-07-11T06:31:04","guid":{"rendered":"https:\/\/www.m-q.ch\/?p=12195"},"modified":"2021-02-16T09:28:21","modified_gmt":"2021-02-16T08:28:21","slug":"mettre-en-oeuvre-le-changement-de-maniere-efficace","status":"publish","type":"post","link":"https:\/\/www.m-q.ch\/fr\/veraenderung-wirksam-umsetzen\/","title":{"rendered":"Mettre en \u0153uvre le changement de mani\u00e8re efficace"},"content":{"rendered":"<p><img loading=\"lazy\" decoding=\"async\" class=\"alignnone size-full wp-image-12217\" src=\"https:\/\/www.m-q.ch\/wp-content\/uploads\/2021\/02\/Veraenderung-wirksam-umsetzen.jpg\" alt=\"Mettre en \u0153uvre le changement de mani\u00e8re efficace\" width=\"867\" height=\"630\" srcset=\"https:\/\/www.m-q.ch\/wp-content\/uploads\/2021\/02\/Veraenderung-wirksam-umsetzen.jpg 867w, https:\/\/www.m-q.ch\/wp-content\/uploads\/2021\/02\/Veraenderung-wirksam-umsetzen-768x558.jpg 768w, https:\/\/www.m-q.ch\/wp-content\/uploads\/2021\/02\/Veraenderung-wirksam-umsetzen-16x12.jpg 16w, https:\/\/www.m-q.ch\/wp-content\/uploads\/2021\/02\/Veraenderung-wirksam-umsetzen-241x175.jpg 241w, https:\/\/www.m-q.ch\/wp-content\/uploads\/2021\/02\/Veraenderung-wirksam-umsetzen-482x350.jpg 482w, https:\/\/www.m-q.ch\/wp-content\/uploads\/2021\/02\/Veraenderung-wirksam-umsetzen-300x218.jpg 300w\" sizes=\"auto, (max-width: 867px) 100vw, 867px\" \/><\/p>\n<p>&nbsp;<\/p>\n<p>&nbsp;<\/p>\n<p>Les responsables de processus se sentent souvent d\u00e9\u00e7us par la direction parce que les responsables de leurs services s'en tirent toujours \u00e0 bon compte en contournant les processus convenus. Apr\u00e8s l'euphorie initiale, l'attention de la direction pour les projets de gestion des processus s'endort souvent. Une fois les mod\u00e8les en place, il ne se passe rien. Dans ce qui suit, nous examinerons comment les gestionnaires de processus s'assurent que les projets de BPM survivent dans les activit\u00e9s quotidiennes et maintiennent l'adh\u00e9sion de tous au cours des processus de changement.<\/p>\n<p><strong>En quoi consistent les projets BPM<\/strong><\/p>\n<p>&nbsp;<\/p>\n<p>Lorsque les projets BPM \u00e9chouent, c'est souvent en raison d'attentes peu claires. Les projets de gestion des processus sont souvent dot\u00e9s de la mission \"d'introduire la gestion des processus\". Cependant, la gestion des processus n'est pas un objectif, mais un ensemble de m\u00e9thodes ; sans objectif, il devient toutefois difficile de mobiliser l'\"attention de la direction\" n\u00e9cessaire au projet BPM. Bien s\u00fbr, il est logique d'utiliser des m\u00e9thodes de gestion professionnelles dans l'entreprise. Et bien s\u00fbr, il faut plus d'efforts au d\u00e9but pour ancrer le savoir-faire et les bases des m\u00e9thodes dans l'entreprise. C'est pourquoi il semble qu'un projet BPM vise \u00e0 introduire le BPM. Mais les apparences sont trompeuses. Il s'agit de r\u00e9soudre des probl\u00e8mes organisationnels concrets : Le taux de cl\u00f4ture des pr\u00eats est trop faible, la ferraille en production est trop \u00e9lev\u00e9e, un nouveau logiciel doit \u00eatre introduit, etc. Souvent, des groupes de projet distincts existent pour la solution de ces probl\u00e8mes parall\u00e8lement au projet BPM - dans le pire des cas, m\u00eame en concurrence avec celui-ci.<\/p>\n<p><strong>Pourquoi les projets BPM \u00e9chouent<\/strong><\/p>\n<p>&nbsp;<\/p>\n<p>Les projets de BPM doivent souvent vivre avec des objectifs de cire : \"Nous voulons apprendre \u00e0 penser en termes de processus\", disent-ils, \"cr\u00e9er une conscience des processus\", telle est la demande. Souvent, le mod\u00e8le de processus est \u00e9galement vendu comme un objectif organisationnel - comme si le mod\u00e8le lui-m\u00eame avait d\u00e9j\u00e0 un certain effet. Ceux qui doivent travailler avec de tels objectifs sont d\u00e8s le d\u00e9part sur la voie de la d\u00e9faite. Si, en revanche, la mission consiste \u00e0 r\u00e9soudre un probl\u00e8me sp\u00e9cifique, le projet se retrouve avec un vent arri\u00e8re.<\/p>\n<p>&nbsp;<\/p>\n<p>L'erreur num\u00e9ro deux est la croyance erron\u00e9e que l'on peut changer la r\u00e9alit\u00e9 avec des processus mod\u00e9lis\u00e9s. Ce n'est pas parce qu'un mod\u00e8le de processus est publi\u00e9 que les gens ne s'y tiennent pas. M\u00eame si le chant d'\u00e9loge des instructions claires et des sanctions coh\u00e9rentes est r\u00e9p\u00e9t\u00e9 lors de la formation des dirigeants, on ne peut pas \"prescrire\" de nouveaux processus. Cette id\u00e9e fausse est particuli\u00e8rement insidieuse lorsque des modifications de processus sont int\u00e9gr\u00e9es dans un logiciel. Si le logiciel ne fournit que les \"bons\" champs et options de d\u00e9cision, les gens n'ont pas d'autre choix que d'utiliser le processus \"correctement\". M\u00eame le meilleur logiciel reste bloqu\u00e9 \"dans le d\u00e9ploiement\" si les utilisateurs n'en veulent pas.<\/p>\n<p>&nbsp;<\/p>\n<p>Les gestionnaires de processus r\u00e9duisent leur risque de frustration s'ils disent au revoir tr\u00e8s t\u00f4t \u00e0 quelques illusions qui se sont r\u00e9pandues dans la litt\u00e9rature sur la gestion des processus de production. Illusion num\u00e9ro un : \"Les processus peuvent \u00eatre g\u00e9r\u00e9s - il suffit de bien les faire\". En r\u00e9alit\u00e9, les processus sont des syst\u00e8mes sociaux (comme toutes les organisations), et contrairement aux syst\u00e8mes m\u00e9caniques, ils ne peuvent \u00eatre contr\u00f4l\u00e9s. Vous ne pouvez pas diagnostiquer la \"panne\" et la r\u00e9parer par des instructions comme vous le feriez avec une machine. Ainsi, toute personne qui constate que les mod\u00e8les de processus adopt\u00e9s d\u00e9g\u00e9n\u00e8rent en d\u00e9chets peut \u00eatre rassur\u00e9e par le fait qu'elle est en bonne compagnie (une faible consolation, il est vrai).<\/p>\n<p>&nbsp;<\/p>\n<p>Deuxi\u00e8mement, les actions \u00e9troitement coupl\u00e9es ne sont pas naturelles. Si une personne effectue deux fois le m\u00eame flux de travail, il est peu probable qu'elle le fasse exactement de la m\u00eame mani\u00e8re. Si deux personnes effectuent le m\u00eame travail, la probabilit\u00e9 est encore plus faible. Il ne faut donc pas s'attendre \u00e0 ce qu'un processus au sein d'une organisation suive le m\u00eame sch\u00e9ma fixe encore et encore - le contraire serait normal. Et ce n'est pas parce qu'il existe un mod\u00e8le de processus que cette tendance est simplement invers\u00e9e.<\/p>\n<p><strong>N\u00e9cessit\u00e9 d'un moteur pour les processus de changement<\/strong><\/p>\n<p>&nbsp;<\/p>\n<p>Vous ne pouvez donc pas du tout d\u00e9placer les processus ? Oui, vous pouvez. Mais nous devons comprendre les r\u00e8gles qui rendent cela possible. Et cela concerne la capacit\u00e9 des organisations \u00e0 apprendre. Les organisations apprennent lorsqu'elles remplacent par d'autres des structures et des processus de communication qui fonctionnaient (auparavant). Ils ne le font (tout comme les individus) que par n\u00e9cessit\u00e9. \u00c0 savoir, lorsqu'ils n'obtiennent plus ce dont ils ont r\u00e9ellement besoin : par exemple, lorsque les clients ne sont plus dispos\u00e9s \u00e0 payer le prix demand\u00e9, lorsque le public pose des exigences en mati\u00e8re d'\u00e9missions ou de normes sociales, lorsque les propri\u00e9taires formulent des attentes diff\u00e9rentes en mati\u00e8re de rendement, lorsque le si\u00e8ge de l'entreprise prescrit l'utilisation de logiciels diff\u00e9rents, etc. S'il n'y a pas besoin, rien ne se passe.<\/p>\n<p>&nbsp;<\/p>\n<p>C'est le point essentiel de la gestion du changement : les responsables du processus doivent pr\u00e9senter le besoin d'adaptation sous une forme appropri\u00e9e - de sorte que toutes les personnes concern\u00e9es le comprennent et qu'il soit discut\u00e9 dans les comit\u00e9s importants. De nombreuses directions d'entreprises ont fait un g\u00e2chis \u00e0 ce sujet : De grandes r\u00e9unions du personnel, des pr\u00e9sentations PowerPoint avec beaucoup de graphiques et beaucoup de langage commercial que personne ne comprend.<\/p>\n<p><strong>Permettre des perceptions diff\u00e9rentes des processus<\/strong><\/p>\n<p>&nbsp;<\/p>\n<p>Ainsi, les gestionnaires de processus peuvent aider \u00e0 int\u00e9grer les questions importantes dans la communication : Ils rendent les processus et leur environnement visibles, c'est-\u00e0-dire les \"clients\" du processus et leurs attentes. Ils montrent \u00e0 quel point un processus est diff\u00e9rent ou uniforme dans l'organisation. Si les gens vivent le processus diff\u00e9remment, cela devient clair. L'objectif n'est pas de mod\u00e9liser un processus \"tel quel\" syntaxiquement correct et uniforme le plus rapidement possible. L'objectif est plut\u00f4t de mettre la vie r\u00e9elle sur la table sans censure. Et aussi improvis\u00e9 et incoh\u00e9rent que cela puisse \u00eatre. L'improvisation et les variations ne sont pas mauvaises en soi - de nombreux processus ne fonctionnent que gr\u00e2ce \u00e0 ces structures subtiles. En revanche, lorsque les attentes et les exigences de l'environnement sont discut\u00e9es, la n\u00e9cessit\u00e9 d'une adaptation est mise sur la table. C'est maintenant - et seulement maintenant - que nous pouvons parler de changement. Mais comment mod\u00e9liser un tel processus ? Partout, il y a des variantes, des \"si\" et des d\u00e9tails qui semblent importants pour les participants individuels, mais qui se d\u00e9roulent \u00e0 une \"hauteur de vol\" bien trop basse pour le responsable du processus. L'art consiste \u00e0 percevoir cette information, \u00e0 l'appr\u00e9cier, \u00e0 lui donner une place dans le mod\u00e8le - sans le modeler ! Pour \u00e9viter tout malentendu, il ne s'agit pas de prendre des informations et de les \u00e9crire quelque part juste pour faire taire les gens. C'est une question de r\u00e9flexion. Le mod\u00e8le de processus actuel ne peut servir qu'\u00e0 organiser grossi\u00e8rement toutes ces informations. Il est utile d'enregistrer d'abord un \"mod\u00e8le de processus logique\" qui ne r\u00e9pertorie que les \u00e9tapes et les jalons th\u00e9oriquement n\u00e9cessaires du d\u00e9but \u00e0 la fin. Ce mod\u00e8le est un excellent \"support\" pour toutes sortes d'informations analogiques.<\/p>\n<p><strong>Mod\u00e9lisation des processus de communication sans interdiction de penser<\/strong><\/p>\n<p>&nbsp;<\/p>\n<p>Cette forme de mod\u00e9lisation du processus est un processus cr\u00e9atif et communicatif. Un programme de mod\u00e9lisation sur l'\u00e9cran du projecteur \u00e9toufferait cette cr\u00e9ativit\u00e9. Mieux vaut une large table avec une glissi\u00e8re essuyable et des \u00e9l\u00e9ments BPMN \u00e0 poser et \u00e0 d\u00e9placer. Les lignes de s\u00e9quence et de message peuvent \u00eatre effac\u00e9es et redessin\u00e9es \u00e0 tout moment, et toutes les informations analogiques sont simplement \u00e9crites sur la table. Il ne devrait y avoir aucune inhibition \u00e0 la communication sur le processus ! Le facilitateur a \u00e9galement besoin d'un smartphone et d'un selfie maker. Il peut \u00eatre utilis\u00e9 dans l'intervalle pour geler l'\u00e9tat actuel de la discussion sur la table. Le selfie maker est n\u00e9cessaire pour positionner l'appareil photo suffisamment haut au-dessus de la table. De cette fa\u00e7on, vous obtenez l'ensemble du processus sur la photo sans avoir \u00e0 composer plusieurs photos.<\/p>\n<p><strong>Cadre formel pour la connaissance des processus analogiques<\/strong><\/p>\n<p>&nbsp;<\/p>\n<p>Malgr\u00e9 cette forme analogique de mod\u00e9ration, il est logique d'utiliser le mod\u00e8le et la notation des processus commerciaux (BPMN), qui sont des normes fixes, pour la mod\u00e9lisation. Le mod\u00e8le BPMN structure les nombreuses informations analogiques suppl\u00e9mentaires. En outre, nous utilisons la force particuli\u00e8re de cette norme : Il est ici possible de mod\u00e9liser la relation entre un processus et son environnement. Aucun autre langage de mod\u00e9lisation ne fait la distinction entre les \u00e9v\u00e9nements \"survenus\" (nous attendons que quelque chose se passe \"l\u00e0-bas\") et les \u00e9v\u00e9nements \"d\u00e9clench\u00e9s\" (nous donnons quelque chose au monde). Les pools du mod\u00e8le montrent quels processus communiquent entre eux et comment - les lignes de message entre les pools indiquent les attentes mutuelles. Ceux qui connaissent bien la norme utilisent \u00e9galement le sous-processus d'\u00e9v\u00e9nement pour saisir les \u00e9ventualit\u00e9s et les cas sp\u00e9ciaux dans le mod\u00e8le de processus, sans que le mod\u00e8le n'\u00e9clate imm\u00e9diatement toutes les limites.<\/p>\n<p><strong>Reconna\u00eetre l'appr\u00e9ciation permet le changement<\/strong><\/p>\n<p>&nbsp;<\/p>\n<p>Le r\u00e9sultat de cette mod\u00e9lisation est un mod\u00e8le de processus approximatif avec beaucoup d'annotations et d'informations suppl\u00e9mentaires. La syntaxe correcte pour les puristes du BPMN est une question mineure. Il existe peut-\u00eatre m\u00eame plusieurs mod\u00e8les diff\u00e9rents, car les diff\u00e9rentes parties prenantes voient le processus de mani\u00e8re tr\u00e8s diff\u00e9rente. Il ne s'agit pas du mod\u00e8le, mais de la mod\u00e9lisation. Ce mod\u00e8le refl\u00e8te le processus r\u00e9el \"tel quel\" : ses incoh\u00e9rences, ses fractures, ses attentes non satisfaites, ses inefficacit\u00e9s, mais aussi, malgr\u00e9 toute son improvisation, son incroyable fonctionnalit\u00e9 - et c'est ce qu'il faut appr\u00e9cier : C'est l'\u00e9norme r\u00e9ussite du processus et de tous ceux qui y ont particip\u00e9 qui fait que malgr\u00e9 toute son incoh\u00e9rence, il fonctionne en quelque sorte. La mod\u00e9lisation classique du processus \"tel quel\" avec \"analyse des points faibles\" \u00e9touffe la volont\u00e9 de changement des personnes concern\u00e9es. La reconnaissance appr\u00e9ciative d'un processus est la cl\u00e9 pour amener les gens \u00e0 s'occuper des chantiers et \u00e0 rechercher ensemble de mani\u00e8re constructive un processus - un \"processus cible\". Le v\u00e9ritable d\u00e9fi de la gestion du changement n'est donc pas de trouver le meilleur processus. Il s'agit en fait de la volont\u00e9 de toutes les parties concern\u00e9es de se lancer ensemble dans la recherche de ce qui est n\u00e9cessaire.<\/p>\n<p>&nbsp;<\/p>\n<p>&nbsp;<\/p>\n<p>&nbsp;<\/p>","protected":false},"excerpt":{"rendered":"<p>&nbsp; &nbsp; Oft f\u00fchlen Prozessmanager sich vom Management im Stich gelassen, weil einzelne F\u00fchrungskr\u00e4fte f\u00fcr ihre Abteilungen immer wieder \u00abdamit durchkommen \u00bb, vereinbarte Prozesse zu umgehen. Nach der anf\u00e4nglichen Euphorie schl\u00e4ft die Aufmerksamkeit der F\u00fchrungsebene f\u00fcr Prozess- Management-Projekte h\u00e4ufig ein. Sind die Modelle erst einmal fertig, passiert nichts mehr. Im Folgenden geht es darum, wie [&hellip;]<\/p>\n","protected":false},"author":62,"featured_media":12217,"comment_status":"closed","ping_status":"closed","sticky":false,"template":"","format":"standard","meta":{"_acf_changed":false,"footnotes":""},"categories":[5],"tags":[4794],"class_list":["post-12195","post","type-post","status-publish","format-standard","has-post-thumbnail","hentry","category-business_excellence","tag-07-08-2015"],"acf":[],"yoast_head":"<!-- This site is optimized with the Yoast SEO plugin v26.2 - https:\/\/yoast.com\/wordpress\/plugins\/seo\/ -->\n<title>Ver\u00e4nderung wirksam umsetzen - MQ Management und Qualit\u00e4t<\/title>\n<meta name=\"description\" content=\"Das kennen alle Prozessmanager: Die Prozessewurden mit viel Aufwand modelliert, \u00fcberarbeitetund freigegeben, aber im Alltag gibt es \u00fcberallAbweichungen. \u00abDie Prozesse werden nicht gelebt\u00bb,lautet die h\u00e4ufigste Klage von BPM-Teams.\" \/>\n<meta name=\"robots\" content=\"index, follow, max-snippet:-1, max-image-preview:large, max-video-preview:-1\" \/>\n<link rel=\"canonical\" href=\"https:\/\/www.m-q.ch\/fr\/mettre-en-oeuvre-le-changement-de-maniere-efficace\/\" \/>\n<meta property=\"og:locale\" content=\"fr_FR\" \/>\n<meta property=\"og:type\" content=\"article\" \/>\n<meta property=\"og:title\" content=\"Ver\u00e4nderung wirksam umsetzen - MQ Management und Qualit\u00e4t\" \/>\n<meta property=\"og:description\" content=\"Das kennen alle Prozessmanager: Die Prozessewurden mit viel Aufwand modelliert, \u00fcberarbeitetund freigegeben, aber im Alltag gibt es \u00fcberallAbweichungen. \u00abDie Prozesse werden nicht gelebt\u00bb,lautet die h\u00e4ufigste Klage von BPM-Teams.\" \/>\n<meta property=\"og:url\" content=\"https:\/\/www.m-q.ch\/fr\/mettre-en-oeuvre-le-changement-de-maniere-efficace\/\" \/>\n<meta property=\"og:site_name\" content=\"MQ Management und Qualit\u00e4t\" \/>\n<meta property=\"article:publisher\" content=\"https:\/\/www.facebook.com\/ManagementUndQualitaet\" \/>\n<meta property=\"article:published_time\" content=\"2015-07-11T06:31:04+00:00\" \/>\n<meta property=\"article:modified_time\" content=\"2021-02-16T08:28:21+00:00\" \/>\n<meta property=\"og:image\" content=\"https:\/\/www.m-q.ch\/wp-content\/uploads\/2021\/02\/Veraenderung-wirksam-umsetzen.jpg\" \/>\n\t<meta property=\"og:image:width\" content=\"867\" \/>\n\t<meta property=\"og:image:height\" content=\"630\" \/>\n\t<meta property=\"og:image:type\" content=\"image\/jpeg\" \/>\n<meta name=\"author\" content=\"upwork_2\" \/>\n<meta name=\"twitter:card\" content=\"summary_large_image\" \/>\n<meta name=\"twitter:label1\" content=\"\u00c9crit par\" \/>\n\t<meta name=\"twitter:data1\" content=\"upwork_2\" \/>\n\t<meta name=\"twitter:label2\" content=\"Dur\u00e9e de lecture estim\u00e9e\" \/>\n\t<meta name=\"twitter:data2\" content=\"8 minutes\" \/>\n<script type=\"application\/ld+json\" class=\"yoast-schema-graph\">{\"@context\":\"https:\/\/schema.org\",\"@graph\":[{\"@type\":\"Article\",\"@id\":\"https:\/\/www.m-q.ch\/veraenderung-wirksam-umsetzen\/#article\",\"isPartOf\":{\"@id\":\"https:\/\/www.m-q.ch\/veraenderung-wirksam-umsetzen\/\"},\"author\":{\"name\":\"upwork_2\",\"@id\":\"https:\/\/www.m-q.ch\/fr\/#\/schema\/person\/71f647a41e4a3e361e6230f5134f3ba9\"},\"headline\":\"Ver\u00e4nderung wirksam umsetzen\",\"datePublished\":\"2015-07-11T06:31:04+00:00\",\"dateModified\":\"2021-02-16T08:28:21+00:00\",\"mainEntityOfPage\":{\"@id\":\"https:\/\/www.m-q.ch\/veraenderung-wirksam-umsetzen\/\"},\"wordCount\":1504,\"publisher\":{\"@id\":\"https:\/\/www.m-q.ch\/fr\/#organization\"},\"image\":{\"@id\":\"https:\/\/www.m-q.ch\/veraenderung-wirksam-umsetzen\/#primaryimage\"},\"thumbnailUrl\":\"https:\/\/www.m-q.ch\/wp-content\/uploads\/2021\/02\/Veraenderung-wirksam-umsetzen.jpg\",\"keywords\":[\"07\u201308\/2015\"],\"articleSection\":[\"Business Excellence\"],\"inLanguage\":\"fr-FR\"},{\"@type\":\"WebPage\",\"@id\":\"https:\/\/www.m-q.ch\/veraenderung-wirksam-umsetzen\/\",\"url\":\"https:\/\/www.m-q.ch\/veraenderung-wirksam-umsetzen\/\",\"name\":\"Ver\u00e4nderung wirksam umsetzen - MQ Management und Qualit\u00e4t\",\"isPartOf\":{\"@id\":\"https:\/\/www.m-q.ch\/fr\/#website\"},\"primaryImageOfPage\":{\"@id\":\"https:\/\/www.m-q.ch\/veraenderung-wirksam-umsetzen\/#primaryimage\"},\"image\":{\"@id\":\"https:\/\/www.m-q.ch\/veraenderung-wirksam-umsetzen\/#primaryimage\"},\"thumbnailUrl\":\"https:\/\/www.m-q.ch\/wp-content\/uploads\/2021\/02\/Veraenderung-wirksam-umsetzen.jpg\",\"datePublished\":\"2015-07-11T06:31:04+00:00\",\"dateModified\":\"2021-02-16T08:28:21+00:00\",\"description\":\"Das kennen alle Prozessmanager: Die Prozessewurden mit viel Aufwand modelliert, \u00fcberarbeitetund freigegeben, aber im Alltag gibt es \u00fcberallAbweichungen. \u00abDie Prozesse werden nicht gelebt\u00bb,lautet die h\u00e4ufigste Klage von BPM-Teams.\",\"breadcrumb\":{\"@id\":\"https:\/\/www.m-q.ch\/veraenderung-wirksam-umsetzen\/#breadcrumb\"},\"inLanguage\":\"fr-FR\",\"potentialAction\":[{\"@type\":\"ReadAction\",\"target\":[\"https:\/\/www.m-q.ch\/veraenderung-wirksam-umsetzen\/\"]}]},{\"@type\":\"ImageObject\",\"inLanguage\":\"fr-FR\",\"@id\":\"https:\/\/www.m-q.ch\/veraenderung-wirksam-umsetzen\/#primaryimage\",\"url\":\"https:\/\/www.m-q.ch\/wp-content\/uploads\/2021\/02\/Veraenderung-wirksam-umsetzen.jpg\",\"contentUrl\":\"https:\/\/www.m-q.ch\/wp-content\/uploads\/2021\/02\/Veraenderung-wirksam-umsetzen.jpg\",\"width\":867,\"height\":630,\"caption\":\"Ver\u00e4nderung wirksam umsetzen\"},{\"@type\":\"BreadcrumbList\",\"@id\":\"https:\/\/www.m-q.ch\/veraenderung-wirksam-umsetzen\/#breadcrumb\",\"itemListElement\":[{\"@type\":\"ListItem\",\"position\":1,\"name\":\"Business Excellence\",\"item\":\"https:\/\/www.m-q.ch\/kategorie\/business_excellence\/\"},{\"@type\":\"ListItem\",\"position\":2,\"name\":\"Ver\u00e4nderung wirksam umsetzen\"}]},{\"@type\":\"WebSite\",\"@id\":\"https:\/\/www.m-q.ch\/fr\/#website\",\"url\":\"https:\/\/www.m-q.ch\/fr\/\",\"name\":\"MQ Management und Qualit\u00e4t\",\"description\":\"Plattform f\u00fcr integrierte Managementsysteme.\",\"publisher\":{\"@id\":\"https:\/\/www.m-q.ch\/fr\/#organization\"},\"potentialAction\":[{\"@type\":\"SearchAction\",\"target\":{\"@type\":\"EntryPoint\",\"urlTemplate\":\"https:\/\/www.m-q.ch\/fr\/?s={search_term_string}\"},\"query-input\":{\"@type\":\"PropertyValueSpecification\",\"valueRequired\":true,\"valueName\":\"search_term_string\"}}],\"inLanguage\":\"fr-FR\"},{\"@type\":\"Organization\",\"@id\":\"https:\/\/www.m-q.ch\/fr\/#organization\",\"name\":\"Galledia Fachmedien AG\",\"url\":\"https:\/\/www.m-q.ch\/fr\/\",\"logo\":{\"@type\":\"ImageObject\",\"inLanguage\":\"fr-FR\",\"@id\":\"https:\/\/www.m-q.ch\/fr\/#\/schema\/logo\/image\/\",\"url\":\"https:\/\/www.m-q.ch\/wp-content\/uploads\/2020\/12\/cropped-logo_small.png\",\"contentUrl\":\"https:\/\/www.m-q.ch\/wp-content\/uploads\/2020\/12\/cropped-logo_small.png\",\"width\":512,\"height\":512,\"caption\":\"Galledia Fachmedien AG\"},\"image\":{\"@id\":\"https:\/\/www.m-q.ch\/fr\/#\/schema\/logo\/image\/\"},\"sameAs\":[\"https:\/\/www.facebook.com\/ManagementUndQualitaet\",\"https:\/\/www.linkedin.com\/showcase\/17982321\/admin\/\"]},{\"@type\":\"Person\",\"@id\":\"https:\/\/www.m-q.ch\/fr\/#\/schema\/person\/71f647a41e4a3e361e6230f5134f3ba9\",\"name\":\"upwork_2\",\"image\":{\"@type\":\"ImageObject\",\"inLanguage\":\"fr-FR\",\"@id\":\"https:\/\/www.m-q.ch\/fr\/#\/schema\/person\/image\/\",\"url\":\"https:\/\/secure.gravatar.com\/avatar\/777b90ab56092bbf3c85feacda5c1bce?s=96&d=mm&r=g\",\"contentUrl\":\"https:\/\/secure.gravatar.com\/avatar\/777b90ab56092bbf3c85feacda5c1bce?s=96&d=mm&r=g\",\"caption\":\"upwork_2\"},\"url\":\"https:\/\/www.m-q.ch\/fr\/author\/upwork_2\/\"}]}<\/script>\n<!-- \/ Yoast SEO plugin. -->","yoast_head_json":{"title":"Mettre en \u0153uvre efficacement le changement - Gestion et qualit\u00e9 du QM","description":"Tous les responsables de processus connaissent cette situation : les processus ont \u00e9t\u00e9 mod\u00e9lis\u00e9s, r\u00e9vis\u00e9s et publi\u00e9s avec beaucoup d'efforts, mais dans la vie quotidienne, il y a des \u00e9carts partout. \"Les processus ne sont pas v\u00e9cus\" est la plainte la plus fr\u00e9quente des \u00e9quipes BPM.","robots":{"index":"index","follow":"follow","max-snippet":"max-snippet:-1","max-image-preview":"max-image-preview:large","max-video-preview":"max-video-preview:-1"},"canonical":"https:\/\/www.m-q.ch\/fr\/mettre-en-oeuvre-le-changement-de-maniere-efficace\/","og_locale":"fr_FR","og_type":"article","og_title":"Ver\u00e4nderung wirksam umsetzen - MQ Management und Qualit\u00e4t","og_description":"Das kennen alle Prozessmanager: Die Prozessewurden mit viel Aufwand modelliert, \u00fcberarbeitetund freigegeben, aber im Alltag gibt es \u00fcberallAbweichungen. \u00abDie Prozesse werden nicht gelebt\u00bb,lautet die h\u00e4ufigste Klage von BPM-Teams.","og_url":"https:\/\/www.m-q.ch\/fr\/mettre-en-oeuvre-le-changement-de-maniere-efficace\/","og_site_name":"MQ Management und Qualit\u00e4t","article_publisher":"https:\/\/www.facebook.com\/ManagementUndQualitaet","article_published_time":"2015-07-11T06:31:04+00:00","article_modified_time":"2021-02-16T08:28:21+00:00","og_image":[{"width":867,"height":630,"url":"https:\/\/www.m-q.ch\/wp-content\/uploads\/2021\/02\/Veraenderung-wirksam-umsetzen.jpg","type":"image\/jpeg"}],"author":"upwork_2","twitter_card":"summary_large_image","twitter_misc":{"\u00c9crit par":"upwork_2","Dur\u00e9e de lecture estim\u00e9e":"8 minutes"},"schema":{"@context":"https:\/\/schema.org","@graph":[{"@type":"Article","@id":"https:\/\/www.m-q.ch\/veraenderung-wirksam-umsetzen\/#article","isPartOf":{"@id":"https:\/\/www.m-q.ch\/veraenderung-wirksam-umsetzen\/"},"author":{"name":"upwork_2","@id":"https:\/\/www.m-q.ch\/fr\/#\/schema\/person\/71f647a41e4a3e361e6230f5134f3ba9"},"headline":"Ver\u00e4nderung wirksam umsetzen","datePublished":"2015-07-11T06:31:04+00:00","dateModified":"2021-02-16T08:28:21+00:00","mainEntityOfPage":{"@id":"https:\/\/www.m-q.ch\/veraenderung-wirksam-umsetzen\/"},"wordCount":1504,"publisher":{"@id":"https:\/\/www.m-q.ch\/fr\/#organization"},"image":{"@id":"https:\/\/www.m-q.ch\/veraenderung-wirksam-umsetzen\/#primaryimage"},"thumbnailUrl":"https:\/\/www.m-q.ch\/wp-content\/uploads\/2021\/02\/Veraenderung-wirksam-umsetzen.jpg","keywords":["07\u201308\/2015"],"articleSection":["Business Excellence"],"inLanguage":"fr-FR"},{"@type":"WebPage","@id":"https:\/\/www.m-q.ch\/veraenderung-wirksam-umsetzen\/","url":"https:\/\/www.m-q.ch\/veraenderung-wirksam-umsetzen\/","name":"Mettre en \u0153uvre efficacement le changement - Gestion et qualit\u00e9 du QM","isPartOf":{"@id":"https:\/\/www.m-q.ch\/fr\/#website"},"primaryImageOfPage":{"@id":"https:\/\/www.m-q.ch\/veraenderung-wirksam-umsetzen\/#primaryimage"},"image":{"@id":"https:\/\/www.m-q.ch\/veraenderung-wirksam-umsetzen\/#primaryimage"},"thumbnailUrl":"https:\/\/www.m-q.ch\/wp-content\/uploads\/2021\/02\/Veraenderung-wirksam-umsetzen.jpg","datePublished":"2015-07-11T06:31:04+00:00","dateModified":"2021-02-16T08:28:21+00:00","description":"Tous les responsables de processus connaissent cette situation : les processus ont \u00e9t\u00e9 mod\u00e9lis\u00e9s, r\u00e9vis\u00e9s et publi\u00e9s avec beaucoup d'efforts, mais dans la vie quotidienne, il y a des \u00e9carts partout. \"Les processus ne sont pas v\u00e9cus\" est la plainte la plus fr\u00e9quente des \u00e9quipes BPM.","breadcrumb":{"@id":"https:\/\/www.m-q.ch\/veraenderung-wirksam-umsetzen\/#breadcrumb"},"inLanguage":"fr-FR","potentialAction":[{"@type":"ReadAction","target":["https:\/\/www.m-q.ch\/veraenderung-wirksam-umsetzen\/"]}]},{"@type":"ImageObject","inLanguage":"fr-FR","@id":"https:\/\/www.m-q.ch\/veraenderung-wirksam-umsetzen\/#primaryimage","url":"https:\/\/www.m-q.ch\/wp-content\/uploads\/2021\/02\/Veraenderung-wirksam-umsetzen.jpg","contentUrl":"https:\/\/www.m-q.ch\/wp-content\/uploads\/2021\/02\/Veraenderung-wirksam-umsetzen.jpg","width":867,"height":630,"caption":"Ver\u00e4nderung wirksam umsetzen"},{"@type":"BreadcrumbList","@id":"https:\/\/www.m-q.ch\/veraenderung-wirksam-umsetzen\/#breadcrumb","itemListElement":[{"@type":"ListItem","position":1,"name":"Business Excellence","item":"https:\/\/www.m-q.ch\/kategorie\/business_excellence\/"},{"@type":"ListItem","position":2,"name":"Ver\u00e4nderung wirksam umsetzen"}]},{"@type":"WebSite","@id":"https:\/\/www.m-q.ch\/fr\/#website","url":"https:\/\/www.m-q.ch\/fr\/","name":"Gestion et qualit\u00e9 du QM","description":"Plate-forme pour les syst\u00e8mes de gestion int\u00e9gr\u00e9e.","publisher":{"@id":"https:\/\/www.m-q.ch\/fr\/#organization"},"potentialAction":[{"@type":"SearchAction","target":{"@type":"EntryPoint","urlTemplate":"https:\/\/www.m-q.ch\/fr\/?s={search_term_string}"},"query-input":{"@type":"PropertyValueSpecification","valueRequired":true,"valueName":"search_term_string"}}],"inLanguage":"fr-FR"},{"@type":"Organization","@id":"https:\/\/www.m-q.ch\/fr\/#organization","name":"Galledia Trade Media AG","url":"https:\/\/www.m-q.ch\/fr\/","logo":{"@type":"ImageObject","inLanguage":"fr-FR","@id":"https:\/\/www.m-q.ch\/fr\/#\/schema\/logo\/image\/","url":"https:\/\/www.m-q.ch\/wp-content\/uploads\/2020\/12\/cropped-logo_small.png","contentUrl":"https:\/\/www.m-q.ch\/wp-content\/uploads\/2020\/12\/cropped-logo_small.png","width":512,"height":512,"caption":"Galledia Fachmedien AG"},"image":{"@id":"https:\/\/www.m-q.ch\/fr\/#\/schema\/logo\/image\/"},"sameAs":["https:\/\/www.facebook.com\/ManagementUndQualitaet","https:\/\/www.linkedin.com\/showcase\/17982321\/admin\/"]},{"@type":"Person","@id":"https:\/\/www.m-q.ch\/fr\/#\/schema\/person\/71f647a41e4a3e361e6230f5134f3ba9","name":"upwork_2","image":{"@type":"ImageObject","inLanguage":"fr-FR","@id":"https:\/\/www.m-q.ch\/fr\/#\/schema\/person\/image\/","url":"https:\/\/secure.gravatar.com\/avatar\/777b90ab56092bbf3c85feacda5c1bce?s=96&d=mm&r=g","contentUrl":"https:\/\/secure.gravatar.com\/avatar\/777b90ab56092bbf3c85feacda5c1bce?s=96&d=mm&r=g","caption":"upwork_2"},"url":"https:\/\/www.m-q.ch\/fr\/author\/upwork_2\/"}]}},"_links":{"self":[{"href":"https:\/\/www.m-q.ch\/fr\/wp-json\/wp\/v2\/posts\/12195","targetHints":{"allow":["GET"]}}],"collection":[{"href":"https:\/\/www.m-q.ch\/fr\/wp-json\/wp\/v2\/posts"}],"about":[{"href":"https:\/\/www.m-q.ch\/fr\/wp-json\/wp\/v2\/types\/post"}],"author":[{"embeddable":true,"href":"https:\/\/www.m-q.ch\/fr\/wp-json\/wp\/v2\/users\/62"}],"replies":[{"embeddable":true,"href":"https:\/\/www.m-q.ch\/fr\/wp-json\/wp\/v2\/comments?post=12195"}],"version-history":[{"count":1,"href":"https:\/\/www.m-q.ch\/fr\/wp-json\/wp\/v2\/posts\/12195\/revisions"}],"predecessor-version":[{"id":12218,"href":"https:\/\/www.m-q.ch\/fr\/wp-json\/wp\/v2\/posts\/12195\/revisions\/12218"}],"wp:featuredmedia":[{"embeddable":true,"href":"https:\/\/www.m-q.ch\/fr\/wp-json\/wp\/v2\/media\/12217"}],"wp:attachment":[{"href":"https:\/\/www.m-q.ch\/fr\/wp-json\/wp\/v2\/media?parent=12195"}],"wp:term":[{"taxonomy":"category","embeddable":true,"href":"https:\/\/www.m-q.ch\/fr\/wp-json\/wp\/v2\/categories?post=12195"},{"taxonomy":"post_tag","embeddable":true,"href":"https:\/\/www.m-q.ch\/fr\/wp-json\/wp\/v2\/tags?post=12195"}],"curies":[{"name":"wp","href":"https:\/\/api.w.org\/{rel}","templated":true}]}}