{"id":12198,"date":"2015-08-17T08:31:10","date_gmt":"2015-08-17T06:31:10","guid":{"rendered":"https:\/\/www.m-q.ch\/?p=12198"},"modified":"2021-02-16T09:57:35","modified_gmt":"2021-02-16T08:57:35","slug":"previsions-opportunites-risques","status":"publish","type":"post","link":"https:\/\/www.m-q.ch\/fr\/prognosen-chancen-gefahren\/","title":{"rendered":"Pr\u00e9visions, opportunit\u00e9s, menaces"},"content":{"rendered":"<p><img loading=\"lazy\" decoding=\"async\" class=\"alignnone size-full wp-image-12224\" src=\"https:\/\/www.m-q.ch\/wp-content\/uploads\/2021\/02\/Prognosen-Chancen-Gefahren.jpg\" alt=\"Pr\u00e9visions, opportunit\u00e9s, menaces\" width=\"835\" height=\"1398\" srcset=\"https:\/\/www.m-q.ch\/wp-content\/uploads\/2021\/02\/Prognosen-Chancen-Gefahren.jpg 835w, https:\/\/www.m-q.ch\/wp-content\/uploads\/2021\/02\/Prognosen-Chancen-Gefahren-768x1286.jpg 768w, https:\/\/www.m-q.ch\/wp-content\/uploads\/2021\/02\/Prognosen-Chancen-Gefahren-7x12.jpg 7w, https:\/\/www.m-q.ch\/wp-content\/uploads\/2021\/02\/Prognosen-Chancen-Gefahren-105x175.jpg 105w, https:\/\/www.m-q.ch\/wp-content\/uploads\/2021\/02\/Prognosen-Chancen-Gefahren-209x350.jpg 209w, https:\/\/www.m-q.ch\/wp-content\/uploads\/2021\/02\/Prognosen-Chancen-Gefahren-478x800.jpg 478w, https:\/\/www.m-q.ch\/wp-content\/uploads\/2021\/02\/Prognosen-Chancen-Gefahren-300x502.jpg 300w\" sizes=\"auto, (max-width: 835px) 100vw, 835px\" \/><\/p>\n<p>&nbsp;<\/p>\n<p>&nbsp;<\/p>\n<p>La plupart des experts s'accordent \u00e0 dire que l'\"Internet des objets\" (IdO) va r\u00e9volutionner le monde des entreprises : les technologies de l'information et des capteurs se d\u00e9veloppent de mani\u00e8re tr\u00e8s exponentielle. L'homme et la machine fusionnent par le biais de dispositifs et d'applications qui sont syst\u00e9matiquement reli\u00e9s et analysent tous les domaines de la vie. Selon Manuel P. Nappo, directeur du Center for Digital Business et du MAS Digital Business, g\u00e9n\u00e9ralement un expert en m\u00e9dias sociaux :<\/p>\n<p>&nbsp;<\/p>\n<p>\"L'IdO consid\u00e8re principalement l'importance et l'application des dispositifs \u00e0 action autonome. Par d\u00e9finition, cela n'inclut pas encore les humains eux-m\u00eames\". Cependant, de nombreux Suisses utilisent d\u00e9j\u00e0 les derni\u00e8res technologies de l'information, comme le GPS, \u00e0 de nombreux niveaux.<\/p>\n<p>&nbsp;<\/p>\n<p>Les chercheurs d'IDC Suisse s'attendent \u00e0 ce que le volume mondial de donn\u00e9es soit ainsi multipli\u00e9 par dix en moins de trois ans - de 4,4 (2012) actuellement \u00e0 44 zettaoctets (2017).<\/p>\n<p>&nbsp;<\/p>\n<p>Qu'il s'agisse de villes, d'usines, de maisons ou de camionnettes en r\u00e9seau : les plus petits ordinateurs d\u00e9terminent le \"pouls du temps\", mais dans quels domaines d'activit\u00e9 les syst\u00e8mes IdO doivent-ils r\u00e9ellement circuler et \u00eatre utilis\u00e9s efficacement ? Peut-\u00eatre dans des domaines comme le suivi du temps et des pr\u00e9sences ? Peut-\u00eatre dans la coordination de l'information g\u00e9n\u00e9rale ?<\/p>\n<p>&nbsp;<\/p>\n<p>Peut-\u00eatre que certaines applications d\u00e9passeront bient\u00f4t les humains ? D'une mani\u00e8re g\u00e9n\u00e9rale, toutes les donn\u00e9es doivent-elles \u00eatre transf\u00e9r\u00e9es sur chaque ordinateur et synchronis\u00e9es ? Manuel P. Nappo met en perspective les questions essentielles sur l'IdO.<\/p>\n<p>&nbsp;<\/p>\n<p><em><strong>M. Nappo, qu'est-ce qui pourrait faire bouger le monde des entreprises suisses en termes de communication num\u00e9rique et d'IdO dans cinq ou dix ans ?<\/strong> <\/em><\/p>\n<p>Je me permettrai de r\u00e9pondre \u00e0 cette question par un \u00e9v\u00e9nement fondateur de la civilisation occidentale : Alors que seulement huit pour cent de la population mondiale...<\/p>\n<p>&nbsp;<\/p>\n<p><em><strong>En ce qui concerne l'IdO, un plus grand contraste se dessine d\u00e9j\u00e0 entre les dispositifs r\u00e9els et les donn\u00e9es qui en proviennent.<\/strong><\/em><\/p>\n<p>&nbsp;<\/p>\n<p>Alors que les personnes qui \u00e9taient en ligne au moment du 11 septembre sont d\u00e9j\u00e0 sur des plateformes de m\u00e9dias sociaux comme Facebook tous les jours. Dans la mesure o\u00f9 cette tendance peut \u00eatre transpos\u00e9e \u00e0 d'autres offres num\u00e9riques, je m'attends \u00e0 des chemins plus courts ou \u00e0 des mod\u00e8les commerciaux entre les produits et les personnes. En ce qui concerne l'IdO, nous constatons d\u00e9j\u00e0 un plus grand contraste entre les appareils r\u00e9els et les donn\u00e9es qui en sont issues. Ces deux domaines se chevauchent. Les mod\u00e8les \u00e9conomiques actuels se d\u00e9placent pr\u00e9cis\u00e9ment dans cette p\u00e9riph\u00e9rie. \u00c0 la HWZ, nous sommes donc moins pr\u00e9occup\u00e9s par les normes et les lois, mais par l'impact \u00e9conomique et l'\u00e9thique des m\u00e9dias sociaux, par exemple.<\/p>\n<p>&nbsp;<\/p>\n<p><em><strong>Manque-t-il peut-\u00eatre un groupe de comp\u00e9tences pour le d\u00e9veloppement de l'IdO en Suisse ?<\/strong> <\/em><\/p>\n<p>Comme vous l'avez mentionn\u00e9 au d\u00e9but de cette interview, il existe maintenant en Allemagne un groupe d'\u00e9co-comp\u00e9tence qui s'occupe de mani\u00e8re critique des d\u00e9fis de l'environnement intelligent. Selon M. eco, en Allemagne, il s'agit \u00e9galement de modifier les processus commerciaux et les structures organisationnelles, d'\u00e9tablir des normes intersectorielles (concernant les aspects de s\u00e9curit\u00e9 et de confidentialit\u00e9), des applications M2M, des sources ouvertes et de l'interop\u00e9rabilit\u00e9.<\/p>\n<p>&nbsp;<\/p>\n<p>Cependant, il manque actuellement un cercle d'experts d\u00e9fini en Suisse, m\u00eame si de plus en plus de politiciens mettent l'accent sur la \"vie priv\u00e9e\" dans le contexte du commerce des Big Data. Je dirais qu'il y a encore un manque de prises de position en Suisse sur les questions relatives aux espaces de travail et de vie intelligents et \u00e0 leur mise en r\u00e9seau.<\/p>\n<p>&nbsp;<\/p>\n<p><em><strong>Selon vous, comment les universit\u00e9s suisses abordent-elles les outils de communication modernes et les technologies de s\u00e9curit\u00e9 ?<\/strong> <\/em><\/p>\n<p>Notre MAS Digital Business int\u00e8gre des points focaux sur la communication num\u00e9rique dans les domaines des affaires. Notre tout dernier cours, intitul\u00e9 \"Disruptive Technologies\", traite sans aucun doute de l'IdO. Sinon, je dirais que l'IdO est encore largement un sujet technique. Tout au plus, les sp\u00e9cialistes s'int\u00e9ressent aux analyses sensorielles d'une centrale hydro\u00e9lectrique, par exemple. \u00c0 la School of Business, cependant, la discussion porte sur la place des connexions num\u00e9riques dans le monde des affaires.<\/p>\n<p>&nbsp;<\/p>\n<p>Il est possible que des coll\u00e8gues de l'EPF ou de hautes \u00e9coles sp\u00e9cialis\u00e9es telles que la ZHAW ou la NTB, Interstate University of Applied Sciences, traitent des standards et des normes de mani\u00e8re plus approfondie.<\/p>\n<p>&nbsp;<\/p>\n<p><em><strong>En tant qu'expert du commerce num\u00e9rique, quels risques d'abus voyez-vous \u00e0 l'intersection des communications d'entreprise et des m\u00e9dias sociaux ?<\/strong> <\/em><\/p>\n<p>Je voudrais souligner que dans de nombreux secteurs d'activit\u00e9, la pens\u00e9e dite \"en silo\" domine. Dans de nombreuses entreprises, la vente n'est pas n\u00e9cessairement synonyme de marketing ou de communication, etc. Cependant, le \"r\u00e9seau\" est beaucoup plus compliqu\u00e9. Les diff\u00e9rents domaines se fondent les uns dans les autres ; par exemple, \u00e0 la HWZ, nous ne faisons plus de distinction entre la communication et les m\u00e9dias sociaux. Lorsque nous parlons de m\u00e9dias sociaux, nous parlons de milliards d'utilisateurs qui utilisent des appareils de plus en plus modernes.<\/p>\n<p>&nbsp;<\/p>\n<p>En tout \u00e9tat de cause, les donn\u00e9es produites et publi\u00e9es doivent \u00eatre trait\u00e9es de mani\u00e8re responsable.<\/p>\n<p>&nbsp;<\/p>\n<p><em><strong>Il y a encore un manque de voies et de r\u00e8gles entrepreneuriales concernant la transformation des donn\u00e9es entre les premiers acteurs technologiques comme Google &amp; Co. et les utilisateurs.<\/strong><\/em><\/p>\n<p>&nbsp;<\/p>\n<p><em><strong>Dans quels domaines d'activit\u00e9 les mod\u00e8les IdO pourraient-ils s'implanter ?<\/strong> <\/em><\/p>\n<p>Comme mentionn\u00e9, il y a encore un manque de voies et de r\u00e8gles entrepreneuriales concernant la transformation des donn\u00e9es entre les premiers acteurs technologiques comme Google &amp; Co. et les utilisateurs. Cependant, si des producteurs comme V-Zug, Miele, Swisscom, Geberit commencent \u00e0 se diversifier dans des services plus performants li\u00e9s \u00e0 la technologie des capteurs, je m'attends \u00e0 voir une reprise de la sc\u00e8ne informatique actuelle, domin\u00e9e par le monde entier. \u00c0 la HWZ, nous pensons que des entreprises suisses comme V-Zug ou Schindler, mais aussi des fournisseurs de s\u00e9curit\u00e9 informatique, se lancent dans le secteur de la maison intelligente.<\/p>\n<p>&nbsp;<\/p>\n<p>De m\u00eame, le projet NEST de l'Empa \u00e0 D\u00fcbendorf, qui met en place des conditions r\u00e9elles de consommation d'\u00e9lectricit\u00e9 et d'eau avant la mise sur le march\u00e9 avec ses essais de d\u00e9monstration en r\u00e9seau, pourrait jouer un r\u00f4le cl\u00e9 \u00e0 l'avenir.<\/p>\n<p>&nbsp;<\/p>\n<p><em><strong>Quels sont les risques potentiels et les m\u00e9canismes de contr\u00f4le des syst\u00e8mes de paiement num\u00e9rique ?<\/strong> <\/em><\/p>\n<p>Imaginez qu'on vous pr\u00e9sente des offres suppl\u00e9mentaires pendant le processus de commande. Ces offres pourraient \u00eatre des stockages suppl\u00e9mentaires ou m\u00eame des blocs d'alimentation. Vous commandez ce type d'unit\u00e9s de type abonnement pour une dur\u00e9e ind\u00e9termin\u00e9e ; toutefois, ces capacit\u00e9s sont li\u00e9es \u00e0 des paiements de l'ordre du micro. Au d\u00e9but, le co\u00fbt des paquets de stockage peut ne pas vous sembler tr\u00e8s \u00e9lev\u00e9, mais il se peut qu'une nouvelle offre soit propos\u00e9e quelques fractions plus tard.<\/p>\n<p>&nbsp;<\/p>\n<p>Par cons\u00e9quent, je pense que les nouvelles plateformes de consommateurs \u00e9volueront \u00e9galement vers des sites d\u00e9j\u00e0 \u00e9tablis comme Comparis.<\/p>\n<p>&nbsp;<\/p>\n<p><em><strong>Dans de nombreux secteurs d'activit\u00e9, la pens\u00e9e dite \"en silo\" domine.<\/strong><\/em><\/p>\n<p>&nbsp;<\/p>\n<p>Le paiement num\u00e9rique sans contact est un sujet de plus en plus pertinent. Diverses entreprises suisses s'y essaient d\u00e9j\u00e0. - Un sc\u00e9nario d'avenir : peut-\u00eatre pourrons-nous bient\u00f4t voyager sans billets de banque et sans documents papier. Si une personne utilise une carte de cr\u00e9dit non valide et veut voyager de A \u00e0 B avec celle-ci, elle peut recevoir les bus d'un fournisseur de billets de prix de la route envoy\u00e9s directement sur son compte bancaire \u00e9lectronique.<\/p>\n<p>&nbsp;<\/p>\n<p><em><strong>Le temps ne s'\u00e9coule-t-il pas en ce qui concerne l'\u00e9volution de la num\u00e9risation dans la plupart des entreprises suisses et dans leurs architectures informatiques ?<\/strong> <\/em><\/p>\n<p>Lorsque des choses intelligentes communiquent entre elles, s'identifient et s'organisent, cela doit se faire de la mani\u00e8re la plus responsable, la plus efficace et la plus ind\u00e9pendante possible. En cons\u00e9quence, des cadres et des outils de d\u00e9veloppement pour la cr\u00e9ation d'applications M2M pourraient \u00eatre d\u00e9velopp\u00e9s en open source. En fin de compte, il y a aussi beaucoup de PME en Suisse. Pour la Suisse, il serait \u00e9vident que les plateformes et les petites entreprises se d\u00e9veloppent de mani\u00e8re autonome, ind\u00e9pendamment de Google &amp; Co.<\/p>","protected":false},"excerpt":{"rendered":"<p>&nbsp; &nbsp; Ob das \u00abInternet der Dinge\u00bb (IoT) die Unternehmenswelt revolutionieren wird, darin sind sich die meisten Experten einig: Die Informations- und Sensorentechnik entwickelt sich sehr exponentiell. Mensch und Maschine fusionieren \u00fcber Ger\u00e4te und Apps, die systematisch verlinkt werden und jegliche Lebensbereiche analysieren. Manuel P. Nappo, Leiter des Centers for Digital Business und des MAS [&hellip;]<\/p>\n","protected":false},"author":62,"featured_media":12224,"comment_status":"closed","ping_status":"closed","sticky":false,"template":"","format":"standard","meta":{"_acf_changed":false,"footnotes":""},"categories":[4],"tags":[4794],"class_list":["post-12198","post","type-post","status-publish","format-standard","has-post-thumbnail","hentry","category-risikomanagement","tag-07-08-2015"],"acf":[],"yoast_head":"<!-- This site is optimized with the Yoast SEO plugin v26.2 - https:\/\/yoast.com\/wordpress\/plugins\/seo\/ -->\n<title>Prognosen, Chancen, Gefahren - MQ Management und Qualit\u00e4t<\/title>\n<meta name=\"description\" content=\"Wo und wie k\u00f6nnten erste Standards respektiveQualit\u00e4tsmassst\u00e4be bez\u00fcglich dem \u00abInternet derDinge\u00bb (Engl. Internet of Things; IoT) angesetztwerden? Manuel P. Nappo, Leiter des Centers forDigital Business an der Hochschule f\u00fcr Wirtschaft,HWZ, \u00fcber die aktuelle und k\u00fcnftige Relevanzder Informations- und Sensorentechnik.\" \/>\n<meta name=\"robots\" content=\"index, follow, max-snippet:-1, max-image-preview:large, max-video-preview:-1\" \/>\n<link rel=\"canonical\" href=\"https:\/\/www.m-q.ch\/fr\/previsions-opportunites-risques\/\" \/>\n<meta property=\"og:locale\" content=\"fr_FR\" \/>\n<meta property=\"og:type\" content=\"article\" \/>\n<meta property=\"og:title\" content=\"Prognosen, Chancen, Gefahren - MQ Management und Qualit\u00e4t\" \/>\n<meta property=\"og:description\" content=\"Wo und wie k\u00f6nnten erste Standards respektiveQualit\u00e4tsmassst\u00e4be bez\u00fcglich dem \u00abInternet derDinge\u00bb (Engl. Internet of Things; IoT) angesetztwerden? Manuel P. Nappo, Leiter des Centers forDigital Business an der Hochschule f\u00fcr Wirtschaft,HWZ, \u00fcber die aktuelle und k\u00fcnftige Relevanzder Informations- und Sensorentechnik.\" \/>\n<meta property=\"og:url\" content=\"https:\/\/www.m-q.ch\/fr\/previsions-opportunites-risques\/\" \/>\n<meta property=\"og:site_name\" content=\"MQ Management und Qualit\u00e4t\" \/>\n<meta property=\"article:publisher\" content=\"https:\/\/www.facebook.com\/ManagementUndQualitaet\" \/>\n<meta property=\"article:published_time\" content=\"2015-08-17T06:31:10+00:00\" \/>\n<meta property=\"article:modified_time\" content=\"2021-02-16T08:57:35+00:00\" \/>\n<meta property=\"og:image\" content=\"https:\/\/www.m-q.ch\/wp-content\/uploads\/2021\/02\/Prognosen-Chancen-Gefahren.jpg\" \/>\n\t<meta property=\"og:image:width\" content=\"835\" \/>\n\t<meta property=\"og:image:height\" content=\"1398\" \/>\n\t<meta property=\"og:image:type\" content=\"image\/jpeg\" \/>\n<meta name=\"author\" content=\"upwork_2\" \/>\n<meta name=\"twitter:card\" content=\"summary_large_image\" \/>\n<meta name=\"twitter:label1\" content=\"\u00c9crit par\" \/>\n\t<meta name=\"twitter:data1\" content=\"upwork_2\" \/>\n\t<meta name=\"twitter:label2\" content=\"Dur\u00e9e de lecture estim\u00e9e\" \/>\n\t<meta name=\"twitter:data2\" content=\"6 minutes\" \/>\n<script type=\"application\/ld+json\" class=\"yoast-schema-graph\">{\"@context\":\"https:\/\/schema.org\",\"@graph\":[{\"@type\":\"Article\",\"@id\":\"https:\/\/www.m-q.ch\/prognosen-chancen-gefahren\/#article\",\"isPartOf\":{\"@id\":\"https:\/\/www.m-q.ch\/prognosen-chancen-gefahren\/\"},\"author\":{\"name\":\"upwork_2\",\"@id\":\"https:\/\/www.m-q.ch\/fr\/#\/schema\/person\/71f647a41e4a3e361e6230f5134f3ba9\"},\"headline\":\"Prognosen, Chancen, Gefahren\",\"datePublished\":\"2015-08-17T06:31:10+00:00\",\"dateModified\":\"2021-02-16T08:57:35+00:00\",\"mainEntityOfPage\":{\"@id\":\"https:\/\/www.m-q.ch\/prognosen-chancen-gefahren\/\"},\"wordCount\":1119,\"publisher\":{\"@id\":\"https:\/\/www.m-q.ch\/fr\/#organization\"},\"image\":{\"@id\":\"https:\/\/www.m-q.ch\/prognosen-chancen-gefahren\/#primaryimage\"},\"thumbnailUrl\":\"https:\/\/www.m-q.ch\/wp-content\/uploads\/2021\/02\/Prognosen-Chancen-Gefahren.jpg\",\"keywords\":[\"07\u201308\/2015\"],\"articleSection\":[\"Risikomanagement\"],\"inLanguage\":\"fr-FR\"},{\"@type\":\"WebPage\",\"@id\":\"https:\/\/www.m-q.ch\/prognosen-chancen-gefahren\/\",\"url\":\"https:\/\/www.m-q.ch\/prognosen-chancen-gefahren\/\",\"name\":\"Prognosen, Chancen, Gefahren - MQ Management und Qualit\u00e4t\",\"isPartOf\":{\"@id\":\"https:\/\/www.m-q.ch\/fr\/#website\"},\"primaryImageOfPage\":{\"@id\":\"https:\/\/www.m-q.ch\/prognosen-chancen-gefahren\/#primaryimage\"},\"image\":{\"@id\":\"https:\/\/www.m-q.ch\/prognosen-chancen-gefahren\/#primaryimage\"},\"thumbnailUrl\":\"https:\/\/www.m-q.ch\/wp-content\/uploads\/2021\/02\/Prognosen-Chancen-Gefahren.jpg\",\"datePublished\":\"2015-08-17T06:31:10+00:00\",\"dateModified\":\"2021-02-16T08:57:35+00:00\",\"description\":\"Wo und wie k\u00f6nnten erste Standards respektiveQualit\u00e4tsmassst\u00e4be bez\u00fcglich dem \u00abInternet derDinge\u00bb (Engl. Internet of Things; IoT) angesetztwerden? Manuel P. Nappo, Leiter des Centers forDigital Business an der Hochschule f\u00fcr Wirtschaft,HWZ, \u00fcber die aktuelle und k\u00fcnftige Relevanzder Informations- und Sensorentechnik.\",\"breadcrumb\":{\"@id\":\"https:\/\/www.m-q.ch\/prognosen-chancen-gefahren\/#breadcrumb\"},\"inLanguage\":\"fr-FR\",\"potentialAction\":[{\"@type\":\"ReadAction\",\"target\":[\"https:\/\/www.m-q.ch\/prognosen-chancen-gefahren\/\"]}]},{\"@type\":\"ImageObject\",\"inLanguage\":\"fr-FR\",\"@id\":\"https:\/\/www.m-q.ch\/prognosen-chancen-gefahren\/#primaryimage\",\"url\":\"https:\/\/www.m-q.ch\/wp-content\/uploads\/2021\/02\/Prognosen-Chancen-Gefahren.jpg\",\"contentUrl\":\"https:\/\/www.m-q.ch\/wp-content\/uploads\/2021\/02\/Prognosen-Chancen-Gefahren.jpg\",\"width\":835,\"height\":1398,\"caption\":\"Prognosen, Chancen, Gefahren\"},{\"@type\":\"BreadcrumbList\",\"@id\":\"https:\/\/www.m-q.ch\/prognosen-chancen-gefahren\/#breadcrumb\",\"itemListElement\":[{\"@type\":\"ListItem\",\"position\":1,\"name\":\"Risikomanagement\",\"item\":\"https:\/\/www.m-q.ch\/kategorie\/risikomanagement\/\"},{\"@type\":\"ListItem\",\"position\":2,\"name\":\"Prognosen, Chancen, Gefahren\"}]},{\"@type\":\"WebSite\",\"@id\":\"https:\/\/www.m-q.ch\/fr\/#website\",\"url\":\"https:\/\/www.m-q.ch\/fr\/\",\"name\":\"MQ Management und Qualit\u00e4t\",\"description\":\"Plattform f\u00fcr integrierte Managementsysteme.\",\"publisher\":{\"@id\":\"https:\/\/www.m-q.ch\/fr\/#organization\"},\"potentialAction\":[{\"@type\":\"SearchAction\",\"target\":{\"@type\":\"EntryPoint\",\"urlTemplate\":\"https:\/\/www.m-q.ch\/fr\/?s={search_term_string}\"},\"query-input\":{\"@type\":\"PropertyValueSpecification\",\"valueRequired\":true,\"valueName\":\"search_term_string\"}}],\"inLanguage\":\"fr-FR\"},{\"@type\":\"Organization\",\"@id\":\"https:\/\/www.m-q.ch\/fr\/#organization\",\"name\":\"Galledia Fachmedien AG\",\"url\":\"https:\/\/www.m-q.ch\/fr\/\",\"logo\":{\"@type\":\"ImageObject\",\"inLanguage\":\"fr-FR\",\"@id\":\"https:\/\/www.m-q.ch\/fr\/#\/schema\/logo\/image\/\",\"url\":\"https:\/\/www.m-q.ch\/wp-content\/uploads\/2020\/12\/cropped-logo_small.png\",\"contentUrl\":\"https:\/\/www.m-q.ch\/wp-content\/uploads\/2020\/12\/cropped-logo_small.png\",\"width\":512,\"height\":512,\"caption\":\"Galledia Fachmedien AG\"},\"image\":{\"@id\":\"https:\/\/www.m-q.ch\/fr\/#\/schema\/logo\/image\/\"},\"sameAs\":[\"https:\/\/www.facebook.com\/ManagementUndQualitaet\",\"https:\/\/www.linkedin.com\/showcase\/17982321\/admin\/\"]},{\"@type\":\"Person\",\"@id\":\"https:\/\/www.m-q.ch\/fr\/#\/schema\/person\/71f647a41e4a3e361e6230f5134f3ba9\",\"name\":\"upwork_2\",\"image\":{\"@type\":\"ImageObject\",\"inLanguage\":\"fr-FR\",\"@id\":\"https:\/\/www.m-q.ch\/fr\/#\/schema\/person\/image\/\",\"url\":\"https:\/\/secure.gravatar.com\/avatar\/777b90ab56092bbf3c85feacda5c1bce?s=96&d=mm&r=g\",\"contentUrl\":\"https:\/\/secure.gravatar.com\/avatar\/777b90ab56092bbf3c85feacda5c1bce?s=96&d=mm&r=g\",\"caption\":\"upwork_2\"},\"url\":\"https:\/\/www.m-q.ch\/fr\/author\/upwork_2\/\"}]}<\/script>\n<!-- \/ Yoast SEO plugin. -->","yoast_head_json":{"title":"Pr\u00e9visions, opportunit\u00e9s, menaces - Gestion et qualit\u00e9 du QM","description":"O\u00f9 et comment pourrait-on fixer les premi\u00e8res normes ou crit\u00e8res de qualit\u00e9 pour l'\"Internet des objets\" (IdO) ? Manuel P. Nappo, directeur du Center forDigital Business de la HWZ School of Business, sur la pertinence actuelle et future de la technologie de l'information et des capteurs.","robots":{"index":"index","follow":"follow","max-snippet":"max-snippet:-1","max-image-preview":"max-image-preview:large","max-video-preview":"max-video-preview:-1"},"canonical":"https:\/\/www.m-q.ch\/fr\/previsions-opportunites-risques\/","og_locale":"fr_FR","og_type":"article","og_title":"Prognosen, Chancen, Gefahren - MQ Management und Qualit\u00e4t","og_description":"Wo und wie k\u00f6nnten erste Standards respektiveQualit\u00e4tsmassst\u00e4be bez\u00fcglich dem \u00abInternet derDinge\u00bb (Engl. Internet of Things; IoT) angesetztwerden? Manuel P. Nappo, Leiter des Centers forDigital Business an der Hochschule f\u00fcr Wirtschaft,HWZ, \u00fcber die aktuelle und k\u00fcnftige Relevanzder Informations- und Sensorentechnik.","og_url":"https:\/\/www.m-q.ch\/fr\/previsions-opportunites-risques\/","og_site_name":"MQ Management und Qualit\u00e4t","article_publisher":"https:\/\/www.facebook.com\/ManagementUndQualitaet","article_published_time":"2015-08-17T06:31:10+00:00","article_modified_time":"2021-02-16T08:57:35+00:00","og_image":[{"width":835,"height":1398,"url":"https:\/\/www.m-q.ch\/wp-content\/uploads\/2021\/02\/Prognosen-Chancen-Gefahren.jpg","type":"image\/jpeg"}],"author":"upwork_2","twitter_card":"summary_large_image","twitter_misc":{"\u00c9crit par":"upwork_2","Dur\u00e9e de lecture estim\u00e9e":"6 minutes"},"schema":{"@context":"https:\/\/schema.org","@graph":[{"@type":"Article","@id":"https:\/\/www.m-q.ch\/prognosen-chancen-gefahren\/#article","isPartOf":{"@id":"https:\/\/www.m-q.ch\/prognosen-chancen-gefahren\/"},"author":{"name":"upwork_2","@id":"https:\/\/www.m-q.ch\/fr\/#\/schema\/person\/71f647a41e4a3e361e6230f5134f3ba9"},"headline":"Prognosen, Chancen, Gefahren","datePublished":"2015-08-17T06:31:10+00:00","dateModified":"2021-02-16T08:57:35+00:00","mainEntityOfPage":{"@id":"https:\/\/www.m-q.ch\/prognosen-chancen-gefahren\/"},"wordCount":1119,"publisher":{"@id":"https:\/\/www.m-q.ch\/fr\/#organization"},"image":{"@id":"https:\/\/www.m-q.ch\/prognosen-chancen-gefahren\/#primaryimage"},"thumbnailUrl":"https:\/\/www.m-q.ch\/wp-content\/uploads\/2021\/02\/Prognosen-Chancen-Gefahren.jpg","keywords":["07\u201308\/2015"],"articleSection":["Risikomanagement"],"inLanguage":"fr-FR"},{"@type":"WebPage","@id":"https:\/\/www.m-q.ch\/prognosen-chancen-gefahren\/","url":"https:\/\/www.m-q.ch\/prognosen-chancen-gefahren\/","name":"Pr\u00e9visions, opportunit\u00e9s, menaces - Gestion et qualit\u00e9 du QM","isPartOf":{"@id":"https:\/\/www.m-q.ch\/fr\/#website"},"primaryImageOfPage":{"@id":"https:\/\/www.m-q.ch\/prognosen-chancen-gefahren\/#primaryimage"},"image":{"@id":"https:\/\/www.m-q.ch\/prognosen-chancen-gefahren\/#primaryimage"},"thumbnailUrl":"https:\/\/www.m-q.ch\/wp-content\/uploads\/2021\/02\/Prognosen-Chancen-Gefahren.jpg","datePublished":"2015-08-17T06:31:10+00:00","dateModified":"2021-02-16T08:57:35+00:00","description":"O\u00f9 et comment pourrait-on fixer les premi\u00e8res normes ou crit\u00e8res de qualit\u00e9 pour l'\"Internet des objets\" (IdO) ? Manuel P. Nappo, directeur du Center forDigital Business de la HWZ School of Business, sur la pertinence actuelle et future de la technologie de l'information et des capteurs.","breadcrumb":{"@id":"https:\/\/www.m-q.ch\/prognosen-chancen-gefahren\/#breadcrumb"},"inLanguage":"fr-FR","potentialAction":[{"@type":"ReadAction","target":["https:\/\/www.m-q.ch\/prognosen-chancen-gefahren\/"]}]},{"@type":"ImageObject","inLanguage":"fr-FR","@id":"https:\/\/www.m-q.ch\/prognosen-chancen-gefahren\/#primaryimage","url":"https:\/\/www.m-q.ch\/wp-content\/uploads\/2021\/02\/Prognosen-Chancen-Gefahren.jpg","contentUrl":"https:\/\/www.m-q.ch\/wp-content\/uploads\/2021\/02\/Prognosen-Chancen-Gefahren.jpg","width":835,"height":1398,"caption":"Prognosen, Chancen, Gefahren"},{"@type":"BreadcrumbList","@id":"https:\/\/www.m-q.ch\/prognosen-chancen-gefahren\/#breadcrumb","itemListElement":[{"@type":"ListItem","position":1,"name":"Risikomanagement","item":"https:\/\/www.m-q.ch\/kategorie\/risikomanagement\/"},{"@type":"ListItem","position":2,"name":"Prognosen, Chancen, Gefahren"}]},{"@type":"WebSite","@id":"https:\/\/www.m-q.ch\/fr\/#website","url":"https:\/\/www.m-q.ch\/fr\/","name":"Gestion et qualit\u00e9 du QM","description":"Plate-forme pour les syst\u00e8mes de gestion int\u00e9gr\u00e9e.","publisher":{"@id":"https:\/\/www.m-q.ch\/fr\/#organization"},"potentialAction":[{"@type":"SearchAction","target":{"@type":"EntryPoint","urlTemplate":"https:\/\/www.m-q.ch\/fr\/?s={search_term_string}"},"query-input":{"@type":"PropertyValueSpecification","valueRequired":true,"valueName":"search_term_string"}}],"inLanguage":"fr-FR"},{"@type":"Organization","@id":"https:\/\/www.m-q.ch\/fr\/#organization","name":"Galledia Trade Media AG","url":"https:\/\/www.m-q.ch\/fr\/","logo":{"@type":"ImageObject","inLanguage":"fr-FR","@id":"https:\/\/www.m-q.ch\/fr\/#\/schema\/logo\/image\/","url":"https:\/\/www.m-q.ch\/wp-content\/uploads\/2020\/12\/cropped-logo_small.png","contentUrl":"https:\/\/www.m-q.ch\/wp-content\/uploads\/2020\/12\/cropped-logo_small.png","width":512,"height":512,"caption":"Galledia Fachmedien AG"},"image":{"@id":"https:\/\/www.m-q.ch\/fr\/#\/schema\/logo\/image\/"},"sameAs":["https:\/\/www.facebook.com\/ManagementUndQualitaet","https:\/\/www.linkedin.com\/showcase\/17982321\/admin\/"]},{"@type":"Person","@id":"https:\/\/www.m-q.ch\/fr\/#\/schema\/person\/71f647a41e4a3e361e6230f5134f3ba9","name":"upwork_2","image":{"@type":"ImageObject","inLanguage":"fr-FR","@id":"https:\/\/www.m-q.ch\/fr\/#\/schema\/person\/image\/","url":"https:\/\/secure.gravatar.com\/avatar\/777b90ab56092bbf3c85feacda5c1bce?s=96&d=mm&r=g","contentUrl":"https:\/\/secure.gravatar.com\/avatar\/777b90ab56092bbf3c85feacda5c1bce?s=96&d=mm&r=g","caption":"upwork_2"},"url":"https:\/\/www.m-q.ch\/fr\/author\/upwork_2\/"}]}},"_links":{"self":[{"href":"https:\/\/www.m-q.ch\/fr\/wp-json\/wp\/v2\/posts\/12198","targetHints":{"allow":["GET"]}}],"collection":[{"href":"https:\/\/www.m-q.ch\/fr\/wp-json\/wp\/v2\/posts"}],"about":[{"href":"https:\/\/www.m-q.ch\/fr\/wp-json\/wp\/v2\/types\/post"}],"author":[{"embeddable":true,"href":"https:\/\/www.m-q.ch\/fr\/wp-json\/wp\/v2\/users\/62"}],"replies":[{"embeddable":true,"href":"https:\/\/www.m-q.ch\/fr\/wp-json\/wp\/v2\/comments?post=12198"}],"version-history":[{"count":1,"href":"https:\/\/www.m-q.ch\/fr\/wp-json\/wp\/v2\/posts\/12198\/revisions"}],"predecessor-version":[{"id":12225,"href":"https:\/\/www.m-q.ch\/fr\/wp-json\/wp\/v2\/posts\/12198\/revisions\/12225"}],"wp:featuredmedia":[{"embeddable":true,"href":"https:\/\/www.m-q.ch\/fr\/wp-json\/wp\/v2\/media\/12224"}],"wp:attachment":[{"href":"https:\/\/www.m-q.ch\/fr\/wp-json\/wp\/v2\/media?parent=12198"}],"wp:term":[{"taxonomy":"category","embeddable":true,"href":"https:\/\/www.m-q.ch\/fr\/wp-json\/wp\/v2\/categories?post=12198"},{"taxonomy":"post_tag","embeddable":true,"href":"https:\/\/www.m-q.ch\/fr\/wp-json\/wp\/v2\/tags?post=12198"}],"curies":[{"name":"wp","href":"https:\/\/api.w.org\/{rel}","templated":true}]}}