{"id":12202,"date":"2015-09-03T08:31:12","date_gmt":"2015-09-03T06:31:12","guid":{"rendered":"https:\/\/www.m-q.ch\/?p=12202"},"modified":"2021-02-16T10:42:21","modified_gmt":"2021-02-16T09:42:21","slug":"a-lombre-de-labondance","status":"publish","type":"post","link":"https:\/\/www.m-q.ch\/fr\/im-schatten-des-ueberflusses\/","title":{"rendered":"Dans l'ombre de l'abondance"},"content":{"rendered":"<p><img loading=\"lazy\" decoding=\"async\" class=\"alignnone size-full wp-image-12255\" src=\"https:\/\/www.m-q.ch\/wp-content\/uploads\/2021\/02\/Im-Schatten-des-Ueberflusses.jpg\" alt=\"Dans l&#039;ombre de l&#039;abondance\" width=\"848\" height=\"1268\" srcset=\"https:\/\/www.m-q.ch\/wp-content\/uploads\/2021\/02\/Im-Schatten-des-Ueberflusses.jpg 848w, https:\/\/www.m-q.ch\/wp-content\/uploads\/2021\/02\/Im-Schatten-des-Ueberflusses-768x1148.jpg 768w, https:\/\/www.m-q.ch\/wp-content\/uploads\/2021\/02\/Im-Schatten-des-Ueberflusses-8x12.jpg 8w, https:\/\/www.m-q.ch\/wp-content\/uploads\/2021\/02\/Im-Schatten-des-Ueberflusses-117x175.jpg 117w, https:\/\/www.m-q.ch\/wp-content\/uploads\/2021\/02\/Im-Schatten-des-Ueberflusses-234x350.jpg 234w, https:\/\/www.m-q.ch\/wp-content\/uploads\/2021\/02\/Im-Schatten-des-Ueberflusses-535x800.jpg 535w, https:\/\/www.m-q.ch\/wp-content\/uploads\/2021\/02\/Im-Schatten-des-Ueberflusses-300x449.jpg 300w\" sizes=\"auto, (max-width: 848px) 100vw, 848px\" \/><\/p>\n<p>&nbsp;<\/p>\n<p>&nbsp;<\/p>\n<p>Dans la vie quotidienne de Markus Hurschler, tout tourne autour de la nourriture. Mais chaque jour un peu diff\u00e9rent. Il dirige la petite entreprise Foodways avec 6 employ\u00e9s \u00e0 Berne et \u00e0 Zurich, est chef de projet et essaie de se r\u00e9server suffisamment de temps libre pour que de nouvelles id\u00e9es puissent \u00e9merger. Lors de la Journ\u00e9e de l'alimentation, il s'est exprim\u00e9 sur le th\u00e8me du \"gaspillage alimentaire\".<\/p>\n<p>&nbsp;<\/p>\n<p><em><strong>Les services de conseil en mati\u00e8re d'alimentation sont votre affaire. Pouvez-vous expliquer bri\u00e8vement votre mod\u00e8le d'entreprise ? <\/strong><\/em><\/p>\n<p><em><strong>Markus Hurschler :<\/strong><\/em> Nous sommes une soci\u00e9t\u00e9 de conseil sp\u00e9cialis\u00e9e dans les projets de durabilit\u00e9 dans l'industrie alimentaire. Dans ce cr\u00e9neau tr\u00e8s orient\u00e9 vers l'avenir, nous travaillons avec des entreprises, des ONG et des autorit\u00e9s publiques. Notre objectif est que chaque projet que nous mettons en \u0153uvre apporte une contribution innovante \u00e0 une \u00e9conomie alimentaire durable. \u00c0 cette fin, nous travaillons \u00e0 la fois dans le cadre de relations de mandat traditionnelles pour des clients individuels, mais nous lan\u00e7ons \u00e9galement nos propres id\u00e9es de projets.<\/p>\n<p>&nbsp;<\/p>\n<p><em><strong>Comment votre entreprise sp\u00e9cialis\u00e9e s'est-elle d\u00e9velopp\u00e9e depuis sa cr\u00e9ation ?<\/strong> <\/em><\/p>\n<p>En hiver 2012, nous avons commenc\u00e9 dans le grenier de mon partenaire commercial avec des moyens simples (pas de chauffage). Aujourd'hui, nous sommes une \u00e9quipe de six employ\u00e9s \u00e0 la Spitalgasse \u00e0 Berne et dans un bureau \u00e0 temps partiel \u00e0 Zurich.<\/p>\n<p>&nbsp;<\/p>\n<p><em><strong>Qu'est-ce qui vous a incit\u00e9 \u00e0 accorder une attention particuli\u00e8re \u00e0 ce probl\u00e8me ?<\/strong> <\/em><\/p>\n<p>Nous avions dans notre \u00e9quipe les auteurs des seuls articles scientifiques sur le sujet du gaspillage alimentaire \u00e0 ce jour. Cette constellation a donn\u00e9 naissance \u00e0 notre premier projet : la plateforme foodwaste.ch. Il est de plus en plus \u00e9vident que ce sujet est bien plus qu'un simple probl\u00e8me de d\u00e9chets. C'est pourquoi nous avons d\u00e9cid\u00e9 de trouver des approches avec Foodways pour travailler beaucoup plus largement sur la durabilit\u00e9 du secteur et sur le comportement de consommation de la population.<\/p>\n<p>&nbsp;<\/p>\n<p><em><strong>Dites-nous bri\u00e8vement dans quelle mesure le gaspillage alimentaire est in\u00e9vitable, et \u00e0 quel moment les experts parlent de gaspillage - \"gaspillage alimentaire\" !<\/strong> <\/em><\/p>\n<p>Par d\u00e9finition, les d\u00e9chets alimentaires proviennent d'aliments produits pour l'homme qui ne sont jamais consomm\u00e9s sous une forme non conventionnelle. Il y en aura toujours une certaine quantit\u00e9, que ce soit \u00e0 cause d'erreurs de production dans un processus de fabrication ou parce que les enfants \u00e0 la maison renversent l'assiette sur le sol. Mais le gaspillage et les pertes doivent \u00eatre r\u00e9duits au minimum afin de ne pas gaspiller inutilement des ressources naturelles rares. Et les chiffres \u00e9lev\u00e9s montrent qu'il existe un potentiel.<\/p>\n<p>&nbsp;<\/p>\n<p><em><strong>Pouvez-vous nous \u00e9clairer sur la fa\u00e7on dont le gaspillage alimentaire se manifeste aujourd'hui avec quelques chiffres ?<\/strong> <\/em><\/p>\n<p>Les estimations les plus r\u00e9centes pour la Suisse supposent qu'environ 2 millions de tonnes de d\u00e9chets alimentaires sont produites chaque ann\u00e9e du champ \u00e0 la table. Environ la moiti\u00e9 de cette somme provient de l'industrie alimentaire (de l'agriculture au commerce de d\u00e9tail), et l'autre moiti\u00e9 se situe au niveau de la consommation. Nos sacs \u00e0 ordures priv\u00e9s sont donc pleins de bonnes choses. Une enqu\u00eate de l'OFEV confirme qu'environ 30 % des ordures m\u00e9nag\u00e8res sont organiques. Et la moiti\u00e9 de ces aliments sont parfaitement comestibles. Une explication \u00e0 cela est certainement que les d\u00e9penses alimentaires moyennes ne repr\u00e9sentent qu'environ 6 % du revenu des m\u00e9nages, de sorte que ce qui est jet\u00e9 n'a aucune cons\u00e9quence. L'alimentation est responsable d'environ 30 % de l'impact environnemental de notre consommation personnelle.<\/p>\n<p>&nbsp;<\/p>\n<p><em><strong>Ce sont les chiffres de la Suisse. Comment cela se pr\u00e9sente-t-il dans d'autres pays ?<\/strong><\/em><\/p>\n<p>En gros, on peut dire que les pays occidentaux ayant des cha\u00eenes de valeur et des ratios de richesse comparables ont \u00e0 peu pr\u00e8s les m\u00eames taux de gaspillage. Bien s\u00fbr, il y a des diff\u00e9rences dans les diff\u00e9rents domaines. Les pays en d\u00e9veloppement et les pays \u00e9mergents ont \u00e9galement des taux de d\u00e9chets aussi \u00e9lev\u00e9s, mais dans une structure compl\u00e8tement diff\u00e9rente. Dans ces pays - relativement parlant - beaucoup plus se perd dans la cha\u00eene de valeur, par exemple en raison d'un manque de cha\u00eenes de froid ou de technologies de stockage. Mais au stade de la consommation, on ne dispose pratiquement de rien. Dans ce contexte, il est important que ces pays, en cours de croissance, ne d\u00e9veloppent pas une culture du gaspillage similaire \u00e0 celle qui pr\u00e9vaut ici.<\/p>\n<p>&nbsp;<\/p>\n<p><em><strong>Retour en Suisse : De quels secteurs de la cha\u00eene alimentaire proviennent les principaux responsables du gaspillage alimentaire ?<\/strong> <\/em><\/p>\n<p>Chaque entreprise a ses propres d\u00e9fis. Les rejets peuvent \u00eatre saisonniers, ponctuels ou r\u00e9currents, ou structurels. Vous devez donc aborder ces cas individuellement en cons\u00e9quence. \u00c0 mon avis, l'un des plus grands potentiels r\u00e9side dans la coop\u00e9ration entre les fournisseurs et les clients. Souvent, ce sont les r\u00e8gles \u00e9tablies en coop\u00e9ration qui sont \u00e0 l'origine de la pr\u00e9sence ou non d'un produit dans les rayons. C'est l\u00e0 que l'innovation et l'ouverture d'esprit sont n\u00e9cessaires pour amorcer le changement. Cela s'applique \u00e9galement \u00e0 certains cadres juridiques ou pratiques commerciales. Et voici deux autres valeurs empiriques tir\u00e9es de la pratique : environ 13 % ne peuvent pas \u00eatre commercialis\u00e9s en tant que denr\u00e9es alimentaires provenant directement de l'agriculture, et environ 30 % sont des pertes lors de la transformation. Selon ses propres chiffres, le commerce brille par des taux de rejet tr\u00e8s faibles.<\/p>\n<p>&nbsp;<\/p>\n<p><em><strong>Des professionnels comme vous et les m\u00e9dias nous rapprochent du probl\u00e8me. Que fait la pratique \u00e0 ce sujet ?<\/strong> <\/em><\/p>\n<p>Personne - ni un boulanger commercial, ni une grande entreprise commerciale - ne veut se d\u00e9barrasser de ses propres marchandises. Il existe de plus en plus d'exemples innovants dans l'industrie sur la mani\u00e8re de s'attaquer \u00e0 la racine du probl\u00e8me. L'initiative industrielle \"United Against Waste\", par exemple, a lanc\u00e9 des services de conseil et de formation continue pour les restaurateurs et les boulangers commerciaux. Les offices f\u00e9d\u00e9raux examinent actuellement si une campagne d'information pourrait rendre la culture de la consommation plus durable. Et puis il y a beaucoup d'innovations de niche : le chef du \"Mein K\u00fcchenchef\", par exemple, pr\u00e9pare des plats cuisin\u00e9s gastronomiques \u00e0 partir des exc\u00e9dents agricoles directement pour la consommation priv\u00e9e. Le \"\u00c4ss-Bar\" vend du pain \"frais d'hier\" et la start-up am\u00e9ricaine \"LeanPath\" propose un logiciel pour collecter et r\u00e9duire les d\u00e9chets dans les entreprises de restauration.<\/p>\n<p>&nbsp;<\/p>\n<p><em><strong>Pouvons-nous, en tant que soci\u00e9t\u00e9, nous en satisfaire ou avons-nous besoin de plus - par exemple, d'une plus grande sensibilisation du public \u00e0 cette question ?<\/strong> <\/em><\/p>\n<p>Nos d\u00e9chets sont le miroir du comportement des consommateurs. Et cela montre clairement qu'il existe un potentiel \u00e9norme dans ce domaine. La sensibilisation est certainement importante ici, car les enqu\u00eates montrent que la majorit\u00e9 de la population pense qu'elle ne jette presque rien elle-m\u00eame, alors que d'autres sont tr\u00e8s gaspilleurs. Il faut \u00eatre capable de changer cette attitude pour que chacun commence par sa propre consommation priv\u00e9e.<\/p>\n<p>&nbsp;<\/p>\n<p><em><strong>Comment le gaspillage alimentaire pourrait-il s'inscrire dans une strat\u00e9gie de d\u00e9veloppement durable des entreprises ?<\/strong> <\/em><\/p>\n<p>En principe, toute strat\u00e9gie de durabilit\u00e9 d'entreprise doit faire la distinction entre les mesures destin\u00e9es aux employ\u00e9s en tant que particuliers et celles qui concernent les activit\u00e9s commerciales. En interne, chaque entreprise (m\u00eame non alimentaire) peut initier beaucoup de choses. Dans le cadre de l'activit\u00e9 principale, il est important, d'une part, de continuer \u00e0 optimiser ses propres processus et, d'autre part, de discuter en profondeur avec les clients et les fournisseurs. Le dialogue permet d'identifier et d'aborder les potentiels communs. Il est g\u00e9n\u00e9ralement payant de sortir des sentiers battus. Je conseille toujours d'\u00eatre un peu visionnaire : Les mesures de durabilit\u00e9 ne sont toujours qu'un d\u00e9but. Le v\u00e9ritable objectif est le mod\u00e8le d'entreprise durable.<\/p>\n<p>&nbsp;<\/p>\n<p><em><strong>Quelle est votre pr\u00e9diction : o\u00f9 en serons-nous dans 5 ans en ce qui concerne le probl\u00e8me du gaspillage alimentaire ?<\/strong> <\/em><\/p>\n<p>Le secteur alimentaire est encore largement domin\u00e9 par les PME, et ces questions y sont prises au s\u00e9rieux. Les grandes entreprises ont de bons penseurs qui voient \u00e9galement les avantages sociaux de la r\u00e9duction des d\u00e9chets. Dans cette combinaison, je suis convaincu que beaucoup de choses sont possibles \u00e0 l'avenir. Je vois beaucoup de gens, en particulier dans notre jeune g\u00e9n\u00e9ration, qui ont cet \u00e9tat d'esprit. \u00c0 cet \u00e9gard, je suis optimiste que quelque chose va bouger.<\/p>\n<p>&nbsp;<\/p>\n<p>&nbsp;<\/p>\n<p>&nbsp;<\/p>\n<p>&nbsp;<\/p>","protected":false},"excerpt":{"rendered":"<p>&nbsp; &nbsp; Im Alltag von Markus Hurschler dreht sich alles ums Essen. Dies jedoch jeden Tag etwas anders. Er f\u00fchrt das Kleinunternehmen Foodways mit 6 Mitarbeitenden in Bern und Z\u00fcrich, ist Projektleiter und versucht, sich selbst gen\u00fcgend Zeit frei zu halten, um neue Ideen entstehen lassen zu k\u00f6nnen. Am Lebensmitteltag sprach er zum Thema \u00abFood [&hellip;]<\/p>\n","protected":false},"author":62,"featured_media":12255,"comment_status":"closed","ping_status":"closed","sticky":false,"template":"","format":"standard","meta":{"_acf_changed":false,"footnotes":""},"categories":[5],"tags":[4796],"class_list":["post-12202","post","type-post","status-publish","format-standard","has-post-thumbnail","hentry","category-business_excellence","tag-09-2015"],"acf":[],"yoast_head":"<!-- This site is optimized with the Yoast SEO plugin v26.2 - https:\/\/yoast.com\/wordpress\/plugins\/seo\/ -->\n<title>Im Schatten des \u00dcberflusses - MQ Management und Qualit\u00e4t<\/title>\n<meta name=\"description\" content=\"\u00abFood Waste\u00bb \u2013 die Verschwendung von Lebensmittelnin der \u00dcberflussgesellschaft ist ein grosses Thema.Management &amp; Qualit\u00e4t hat diesbez\u00fcglich ein Interviewmit Markus Hurschler, Co-Gesch\u00e4ftsleiter vonFoodways Consulting, \u00fcber das richtige Handlinggegen Abfallberge mit Lebensmitteln durchgef\u00fchrt.\" \/>\n<meta name=\"robots\" content=\"index, follow, max-snippet:-1, max-image-preview:large, max-video-preview:-1\" \/>\n<link rel=\"canonical\" href=\"https:\/\/www.m-q.ch\/fr\/a-lombre-de-labondance\/\" \/>\n<meta property=\"og:locale\" content=\"fr_FR\" \/>\n<meta property=\"og:type\" content=\"article\" \/>\n<meta property=\"og:title\" content=\"Im Schatten des \u00dcberflusses - MQ Management und Qualit\u00e4t\" \/>\n<meta property=\"og:description\" content=\"\u00abFood Waste\u00bb \u2013 die Verschwendung von Lebensmittelnin der \u00dcberflussgesellschaft ist ein grosses Thema.Management &amp; Qualit\u00e4t hat diesbez\u00fcglich ein Interviewmit Markus Hurschler, Co-Gesch\u00e4ftsleiter vonFoodways Consulting, \u00fcber das richtige Handlinggegen Abfallberge mit Lebensmitteln durchgef\u00fchrt.\" \/>\n<meta property=\"og:url\" content=\"https:\/\/www.m-q.ch\/fr\/a-lombre-de-labondance\/\" \/>\n<meta property=\"og:site_name\" content=\"MQ Management und Qualit\u00e4t\" \/>\n<meta property=\"article:publisher\" content=\"https:\/\/www.facebook.com\/ManagementUndQualitaet\" \/>\n<meta property=\"article:published_time\" content=\"2015-09-03T06:31:12+00:00\" \/>\n<meta property=\"article:modified_time\" content=\"2021-02-16T09:42:21+00:00\" \/>\n<meta property=\"og:image\" content=\"https:\/\/www.m-q.ch\/wp-content\/uploads\/2021\/02\/Im-Schatten-des-Ueberflusses.jpg\" \/>\n\t<meta property=\"og:image:width\" content=\"848\" \/>\n\t<meta property=\"og:image:height\" content=\"1268\" \/>\n\t<meta property=\"og:image:type\" content=\"image\/jpeg\" \/>\n<meta name=\"author\" content=\"upwork_2\" \/>\n<meta name=\"twitter:card\" content=\"summary_large_image\" \/>\n<meta name=\"twitter:label1\" content=\"\u00c9crit par\" \/>\n\t<meta name=\"twitter:data1\" content=\"upwork_2\" \/>\n\t<meta name=\"twitter:label2\" content=\"Dur\u00e9e de lecture estim\u00e9e\" \/>\n\t<meta name=\"twitter:data2\" content=\"6 minutes\" \/>\n<script type=\"application\/ld+json\" class=\"yoast-schema-graph\">{\"@context\":\"https:\/\/schema.org\",\"@graph\":[{\"@type\":\"Article\",\"@id\":\"https:\/\/www.m-q.ch\/im-schatten-des-ueberflusses\/#article\",\"isPartOf\":{\"@id\":\"https:\/\/www.m-q.ch\/im-schatten-des-ueberflusses\/\"},\"author\":{\"name\":\"upwork_2\",\"@id\":\"https:\/\/www.m-q.ch\/fr\/#\/schema\/person\/71f647a41e4a3e361e6230f5134f3ba9\"},\"headline\":\"Im Schatten des \u00dcberflusses\",\"datePublished\":\"2015-09-03T06:31:12+00:00\",\"dateModified\":\"2021-02-16T09:42:21+00:00\",\"mainEntityOfPage\":{\"@id\":\"https:\/\/www.m-q.ch\/im-schatten-des-ueberflusses\/\"},\"wordCount\":1209,\"publisher\":{\"@id\":\"https:\/\/www.m-q.ch\/fr\/#organization\"},\"image\":{\"@id\":\"https:\/\/www.m-q.ch\/im-schatten-des-ueberflusses\/#primaryimage\"},\"thumbnailUrl\":\"https:\/\/www.m-q.ch\/wp-content\/uploads\/2021\/02\/Im-Schatten-des-Ueberflusses.jpg\",\"keywords\":[\"09\/2015\"],\"articleSection\":[\"Business Excellence\"],\"inLanguage\":\"fr-FR\"},{\"@type\":\"WebPage\",\"@id\":\"https:\/\/www.m-q.ch\/im-schatten-des-ueberflusses\/\",\"url\":\"https:\/\/www.m-q.ch\/im-schatten-des-ueberflusses\/\",\"name\":\"Im Schatten des \u00dcberflusses - MQ Management und Qualit\u00e4t\",\"isPartOf\":{\"@id\":\"https:\/\/www.m-q.ch\/fr\/#website\"},\"primaryImageOfPage\":{\"@id\":\"https:\/\/www.m-q.ch\/im-schatten-des-ueberflusses\/#primaryimage\"},\"image\":{\"@id\":\"https:\/\/www.m-q.ch\/im-schatten-des-ueberflusses\/#primaryimage\"},\"thumbnailUrl\":\"https:\/\/www.m-q.ch\/wp-content\/uploads\/2021\/02\/Im-Schatten-des-Ueberflusses.jpg\",\"datePublished\":\"2015-09-03T06:31:12+00:00\",\"dateModified\":\"2021-02-16T09:42:21+00:00\",\"description\":\"\u00abFood Waste\u00bb \u2013 die Verschwendung von Lebensmittelnin der \u00dcberflussgesellschaft ist ein grosses Thema.Management & Qualit\u00e4t hat diesbez\u00fcglich ein Interviewmit Markus Hurschler, Co-Gesch\u00e4ftsleiter vonFoodways Consulting, \u00fcber das richtige Handlinggegen Abfallberge mit Lebensmitteln durchgef\u00fchrt.\",\"breadcrumb\":{\"@id\":\"https:\/\/www.m-q.ch\/im-schatten-des-ueberflusses\/#breadcrumb\"},\"inLanguage\":\"fr-FR\",\"potentialAction\":[{\"@type\":\"ReadAction\",\"target\":[\"https:\/\/www.m-q.ch\/im-schatten-des-ueberflusses\/\"]}]},{\"@type\":\"ImageObject\",\"inLanguage\":\"fr-FR\",\"@id\":\"https:\/\/www.m-q.ch\/im-schatten-des-ueberflusses\/#primaryimage\",\"url\":\"https:\/\/www.m-q.ch\/wp-content\/uploads\/2021\/02\/Im-Schatten-des-Ueberflusses.jpg\",\"contentUrl\":\"https:\/\/www.m-q.ch\/wp-content\/uploads\/2021\/02\/Im-Schatten-des-Ueberflusses.jpg\",\"width\":848,\"height\":1268,\"caption\":\"Im Schatten des \u00dcberflusses\"},{\"@type\":\"BreadcrumbList\",\"@id\":\"https:\/\/www.m-q.ch\/im-schatten-des-ueberflusses\/#breadcrumb\",\"itemListElement\":[{\"@type\":\"ListItem\",\"position\":1,\"name\":\"Business Excellence\",\"item\":\"https:\/\/www.m-q.ch\/kategorie\/business_excellence\/\"},{\"@type\":\"ListItem\",\"position\":2,\"name\":\"Im Schatten des \u00dcberflusses\"}]},{\"@type\":\"WebSite\",\"@id\":\"https:\/\/www.m-q.ch\/fr\/#website\",\"url\":\"https:\/\/www.m-q.ch\/fr\/\",\"name\":\"MQ Management und Qualit\u00e4t\",\"description\":\"Plattform f\u00fcr integrierte Managementsysteme.\",\"publisher\":{\"@id\":\"https:\/\/www.m-q.ch\/fr\/#organization\"},\"potentialAction\":[{\"@type\":\"SearchAction\",\"target\":{\"@type\":\"EntryPoint\",\"urlTemplate\":\"https:\/\/www.m-q.ch\/fr\/?s={search_term_string}\"},\"query-input\":{\"@type\":\"PropertyValueSpecification\",\"valueRequired\":true,\"valueName\":\"search_term_string\"}}],\"inLanguage\":\"fr-FR\"},{\"@type\":\"Organization\",\"@id\":\"https:\/\/www.m-q.ch\/fr\/#organization\",\"name\":\"Galledia Fachmedien AG\",\"url\":\"https:\/\/www.m-q.ch\/fr\/\",\"logo\":{\"@type\":\"ImageObject\",\"inLanguage\":\"fr-FR\",\"@id\":\"https:\/\/www.m-q.ch\/fr\/#\/schema\/logo\/image\/\",\"url\":\"https:\/\/www.m-q.ch\/wp-content\/uploads\/2020\/12\/cropped-logo_small.png\",\"contentUrl\":\"https:\/\/www.m-q.ch\/wp-content\/uploads\/2020\/12\/cropped-logo_small.png\",\"width\":512,\"height\":512,\"caption\":\"Galledia Fachmedien AG\"},\"image\":{\"@id\":\"https:\/\/www.m-q.ch\/fr\/#\/schema\/logo\/image\/\"},\"sameAs\":[\"https:\/\/www.facebook.com\/ManagementUndQualitaet\",\"https:\/\/www.linkedin.com\/showcase\/17982321\/admin\/\"]},{\"@type\":\"Person\",\"@id\":\"https:\/\/www.m-q.ch\/fr\/#\/schema\/person\/71f647a41e4a3e361e6230f5134f3ba9\",\"name\":\"upwork_2\",\"image\":{\"@type\":\"ImageObject\",\"inLanguage\":\"fr-FR\",\"@id\":\"https:\/\/www.m-q.ch\/fr\/#\/schema\/person\/image\/\",\"url\":\"https:\/\/secure.gravatar.com\/avatar\/777b90ab56092bbf3c85feacda5c1bce?s=96&d=mm&r=g\",\"contentUrl\":\"https:\/\/secure.gravatar.com\/avatar\/777b90ab56092bbf3c85feacda5c1bce?s=96&d=mm&r=g\",\"caption\":\"upwork_2\"},\"url\":\"https:\/\/www.m-q.ch\/fr\/author\/upwork_2\/\"}]}<\/script>\n<!-- \/ Yoast SEO plugin. -->","yoast_head_json":{"title":"Dans l'ombre de l'abondance - Gestion et qualit\u00e9 de la QM","description":"\"Management &amp; Quality a r\u00e9alis\u00e9 une interview avec Markus Hurschler, co-directeur de Foodways Consulting, sur la bonne mani\u00e8re de g\u00e9rer les montagnes de d\u00e9chets alimentaires.","robots":{"index":"index","follow":"follow","max-snippet":"max-snippet:-1","max-image-preview":"max-image-preview:large","max-video-preview":"max-video-preview:-1"},"canonical":"https:\/\/www.m-q.ch\/fr\/a-lombre-de-labondance\/","og_locale":"fr_FR","og_type":"article","og_title":"Im Schatten des \u00dcberflusses - MQ Management und Qualit\u00e4t","og_description":"\u00abFood Waste\u00bb \u2013 die Verschwendung von Lebensmittelnin der \u00dcberflussgesellschaft ist ein grosses Thema.Management & Qualit\u00e4t hat diesbez\u00fcglich ein Interviewmit Markus Hurschler, Co-Gesch\u00e4ftsleiter vonFoodways Consulting, \u00fcber das richtige Handlinggegen Abfallberge mit Lebensmitteln durchgef\u00fchrt.","og_url":"https:\/\/www.m-q.ch\/fr\/a-lombre-de-labondance\/","og_site_name":"MQ Management und Qualit\u00e4t","article_publisher":"https:\/\/www.facebook.com\/ManagementUndQualitaet","article_published_time":"2015-09-03T06:31:12+00:00","article_modified_time":"2021-02-16T09:42:21+00:00","og_image":[{"width":848,"height":1268,"url":"https:\/\/www.m-q.ch\/wp-content\/uploads\/2021\/02\/Im-Schatten-des-Ueberflusses.jpg","type":"image\/jpeg"}],"author":"upwork_2","twitter_card":"summary_large_image","twitter_misc":{"\u00c9crit par":"upwork_2","Dur\u00e9e de lecture estim\u00e9e":"6 minutes"},"schema":{"@context":"https:\/\/schema.org","@graph":[{"@type":"Article","@id":"https:\/\/www.m-q.ch\/im-schatten-des-ueberflusses\/#article","isPartOf":{"@id":"https:\/\/www.m-q.ch\/im-schatten-des-ueberflusses\/"},"author":{"name":"upwork_2","@id":"https:\/\/www.m-q.ch\/fr\/#\/schema\/person\/71f647a41e4a3e361e6230f5134f3ba9"},"headline":"Im Schatten des \u00dcberflusses","datePublished":"2015-09-03T06:31:12+00:00","dateModified":"2021-02-16T09:42:21+00:00","mainEntityOfPage":{"@id":"https:\/\/www.m-q.ch\/im-schatten-des-ueberflusses\/"},"wordCount":1209,"publisher":{"@id":"https:\/\/www.m-q.ch\/fr\/#organization"},"image":{"@id":"https:\/\/www.m-q.ch\/im-schatten-des-ueberflusses\/#primaryimage"},"thumbnailUrl":"https:\/\/www.m-q.ch\/wp-content\/uploads\/2021\/02\/Im-Schatten-des-Ueberflusses.jpg","keywords":["09\/2015"],"articleSection":["Business Excellence"],"inLanguage":"fr-FR"},{"@type":"WebPage","@id":"https:\/\/www.m-q.ch\/im-schatten-des-ueberflusses\/","url":"https:\/\/www.m-q.ch\/im-schatten-des-ueberflusses\/","name":"Dans l'ombre de l'abondance - Gestion et qualit\u00e9 de la QM","isPartOf":{"@id":"https:\/\/www.m-q.ch\/fr\/#website"},"primaryImageOfPage":{"@id":"https:\/\/www.m-q.ch\/im-schatten-des-ueberflusses\/#primaryimage"},"image":{"@id":"https:\/\/www.m-q.ch\/im-schatten-des-ueberflusses\/#primaryimage"},"thumbnailUrl":"https:\/\/www.m-q.ch\/wp-content\/uploads\/2021\/02\/Im-Schatten-des-Ueberflusses.jpg","datePublished":"2015-09-03T06:31:12+00:00","dateModified":"2021-02-16T09:42:21+00:00","description":"\"Management &amp; Quality a r\u00e9alis\u00e9 une interview avec Markus Hurschler, co-directeur de Foodways Consulting, sur la bonne mani\u00e8re de g\u00e9rer les montagnes de d\u00e9chets alimentaires.","breadcrumb":{"@id":"https:\/\/www.m-q.ch\/im-schatten-des-ueberflusses\/#breadcrumb"},"inLanguage":"fr-FR","potentialAction":[{"@type":"ReadAction","target":["https:\/\/www.m-q.ch\/im-schatten-des-ueberflusses\/"]}]},{"@type":"ImageObject","inLanguage":"fr-FR","@id":"https:\/\/www.m-q.ch\/im-schatten-des-ueberflusses\/#primaryimage","url":"https:\/\/www.m-q.ch\/wp-content\/uploads\/2021\/02\/Im-Schatten-des-Ueberflusses.jpg","contentUrl":"https:\/\/www.m-q.ch\/wp-content\/uploads\/2021\/02\/Im-Schatten-des-Ueberflusses.jpg","width":848,"height":1268,"caption":"Im Schatten des \u00dcberflusses"},{"@type":"BreadcrumbList","@id":"https:\/\/www.m-q.ch\/im-schatten-des-ueberflusses\/#breadcrumb","itemListElement":[{"@type":"ListItem","position":1,"name":"Business Excellence","item":"https:\/\/www.m-q.ch\/kategorie\/business_excellence\/"},{"@type":"ListItem","position":2,"name":"Im Schatten des \u00dcberflusses"}]},{"@type":"WebSite","@id":"https:\/\/www.m-q.ch\/fr\/#website","url":"https:\/\/www.m-q.ch\/fr\/","name":"Gestion et qualit\u00e9 du QM","description":"Plate-forme pour les syst\u00e8mes de gestion int\u00e9gr\u00e9e.","publisher":{"@id":"https:\/\/www.m-q.ch\/fr\/#organization"},"potentialAction":[{"@type":"SearchAction","target":{"@type":"EntryPoint","urlTemplate":"https:\/\/www.m-q.ch\/fr\/?s={search_term_string}"},"query-input":{"@type":"PropertyValueSpecification","valueRequired":true,"valueName":"search_term_string"}}],"inLanguage":"fr-FR"},{"@type":"Organization","@id":"https:\/\/www.m-q.ch\/fr\/#organization","name":"Galledia Trade Media AG","url":"https:\/\/www.m-q.ch\/fr\/","logo":{"@type":"ImageObject","inLanguage":"fr-FR","@id":"https:\/\/www.m-q.ch\/fr\/#\/schema\/logo\/image\/","url":"https:\/\/www.m-q.ch\/wp-content\/uploads\/2020\/12\/cropped-logo_small.png","contentUrl":"https:\/\/www.m-q.ch\/wp-content\/uploads\/2020\/12\/cropped-logo_small.png","width":512,"height":512,"caption":"Galledia Fachmedien AG"},"image":{"@id":"https:\/\/www.m-q.ch\/fr\/#\/schema\/logo\/image\/"},"sameAs":["https:\/\/www.facebook.com\/ManagementUndQualitaet","https:\/\/www.linkedin.com\/showcase\/17982321\/admin\/"]},{"@type":"Person","@id":"https:\/\/www.m-q.ch\/fr\/#\/schema\/person\/71f647a41e4a3e361e6230f5134f3ba9","name":"upwork_2","image":{"@type":"ImageObject","inLanguage":"fr-FR","@id":"https:\/\/www.m-q.ch\/fr\/#\/schema\/person\/image\/","url":"https:\/\/secure.gravatar.com\/avatar\/777b90ab56092bbf3c85feacda5c1bce?s=96&d=mm&r=g","contentUrl":"https:\/\/secure.gravatar.com\/avatar\/777b90ab56092bbf3c85feacda5c1bce?s=96&d=mm&r=g","caption":"upwork_2"},"url":"https:\/\/www.m-q.ch\/fr\/author\/upwork_2\/"}]}},"_links":{"self":[{"href":"https:\/\/www.m-q.ch\/fr\/wp-json\/wp\/v2\/posts\/12202","targetHints":{"allow":["GET"]}}],"collection":[{"href":"https:\/\/www.m-q.ch\/fr\/wp-json\/wp\/v2\/posts"}],"about":[{"href":"https:\/\/www.m-q.ch\/fr\/wp-json\/wp\/v2\/types\/post"}],"author":[{"embeddable":true,"href":"https:\/\/www.m-q.ch\/fr\/wp-json\/wp\/v2\/users\/62"}],"replies":[{"embeddable":true,"href":"https:\/\/www.m-q.ch\/fr\/wp-json\/wp\/v2\/comments?post=12202"}],"version-history":[{"count":1,"href":"https:\/\/www.m-q.ch\/fr\/wp-json\/wp\/v2\/posts\/12202\/revisions"}],"predecessor-version":[{"id":12257,"href":"https:\/\/www.m-q.ch\/fr\/wp-json\/wp\/v2\/posts\/12202\/revisions\/12257"}],"wp:featuredmedia":[{"embeddable":true,"href":"https:\/\/www.m-q.ch\/fr\/wp-json\/wp\/v2\/media\/12255"}],"wp:attachment":[{"href":"https:\/\/www.m-q.ch\/fr\/wp-json\/wp\/v2\/media?parent=12202"}],"wp:term":[{"taxonomy":"category","embeddable":true,"href":"https:\/\/www.m-q.ch\/fr\/wp-json\/wp\/v2\/categories?post=12202"},{"taxonomy":"post_tag","embeddable":true,"href":"https:\/\/www.m-q.ch\/fr\/wp-json\/wp\/v2\/tags?post=12202"}],"curies":[{"name":"wp","href":"https:\/\/api.w.org\/{rel}","templated":true}]}}