{"id":12234,"date":"2015-09-09T10:14:23","date_gmt":"2015-09-09T08:14:23","guid":{"rendered":"https:\/\/www.m-q.ch\/?p=12234"},"modified":"2021-02-16T11:05:45","modified_gmt":"2021-02-16T10:05:45","slug":"lenergie-et-la-gestion-de-lenvironnement-sont-rentables","status":"publish","type":"post","link":"https:\/\/www.m-q.ch\/fr\/energie-und-umweltmanagement-zahlen-sich-aus\/","title":{"rendered":"La gestion de l'\u00e9nergie et de l'environnement porte ses fruits"},"content":{"rendered":"<p><img loading=\"lazy\" decoding=\"async\" class=\"alignnone size-full wp-image-12270\" src=\"https:\/\/www.m-q.ch\/wp-content\/uploads\/2021\/02\/Energie-und-Umweltmanagement-zahlen-sich-aus.jpg\" alt=\"La gestion de l&#039;\u00e9nergie et de l&#039;environnement porte ses fruits\" width=\"856\" height=\"532\" srcset=\"https:\/\/www.m-q.ch\/wp-content\/uploads\/2021\/02\/Energie-und-Umweltmanagement-zahlen-sich-aus.jpg 856w, https:\/\/www.m-q.ch\/wp-content\/uploads\/2021\/02\/Energie-und-Umweltmanagement-zahlen-sich-aus-768x477.jpg 768w, https:\/\/www.m-q.ch\/wp-content\/uploads\/2021\/02\/Energie-und-Umweltmanagement-zahlen-sich-aus-16x10.jpg 16w, https:\/\/www.m-q.ch\/wp-content\/uploads\/2021\/02\/Energie-und-Umweltmanagement-zahlen-sich-aus-282x175.jpg 282w, https:\/\/www.m-q.ch\/wp-content\/uploads\/2021\/02\/Energie-und-Umweltmanagement-zahlen-sich-aus-563x350.jpg 563w, https:\/\/www.m-q.ch\/wp-content\/uploads\/2021\/02\/Energie-und-Umweltmanagement-zahlen-sich-aus-300x186.jpg 300w\" sizes=\"auto, (max-width: 856px) 100vw, 856px\" \/><\/p>\n<p>&nbsp;<\/p>\n<p>&nbsp;<\/p>\n<p>Kurt L\u00fcscher, PDG d'Energie 360\u00b0, voit des avantages sp\u00e9cifiques dans les technologies d'avenir : \"Il y aura des technologies qui permettront de transporter de plus en plus de gaz renouvelable via les r\u00e9seaux de gaz naturel qui existent d\u00e9j\u00e0 aujourd'hui. Ces technologies \"Power to Gas\" (P2G) peuvent \u00e9galement \u00eatre utilis\u00e9es pour stocker et transporter le surplus d'\u00e9lectricit\u00e9. Ils contribuent ainsi \u00e9galement \u00e0 la convergence pr\u00e9visible des r\u00e9seaux d'\u00e9nergie. \"L'Internet offre \u00e9galement un grand potentiel de d\u00e9veloppement, d\u00e9clare Kurt L\u00fcscher : \"La num\u00e9risation du secteur de l'\u00e9nergie n'affectera pas seulement les processus et les produits que nous connaissons d\u00e9j\u00e0 aujourd'hui, mais aussi des domaines compl\u00e8tement nouveaux. Ces services peuvent \u00eatre regroup\u00e9s sous le terme de \"services \u00e9nerg\u00e9tiques intelligents\" : Maison intelligente, mobilit\u00e9 intelligente, ville intelligente, etc.<\/p>\n<p><strong>Plus d'\u00e9cologie dans le s\u00e9chage des constructions<\/strong><\/p>\n<p>&nbsp;<\/p>\n<p>Un exemple dans le secteur de la construction montre les nouvelles formes de l'avenir \u00e9nerg\u00e9tique : le s\u00e9chage mobile des b\u00e2timents \u00e0 granul\u00e9s de bois. Depuis 2014, Energie 360\u00ba travaille avec des partenaires pour offrir cette alternative \u00e9cologique et efficace au s\u00e9chage conventionnel des constructions \u00e0 l'aide de mazout. Parce que les d\u00e9lais de r\u00e9alisation des grands projets de construction sont de plus en plus serr\u00e9s. M\u00eame les plus petits retards signifient que le s\u00e9chage des constructions doit \u00eatre acc\u00e9l\u00e9r\u00e9 par l'utilisation de fours \u00e0 air chaud. Celles-ci fonctionnent encore principalement au mazout. Dans le m\u00eame temps, la demande des investisseurs et des propri\u00e9taires de b\u00e2timents pour un approvisionnement en chaleur respectueux de l'environnement augmente.<\/p>\n<p>&nbsp;<\/p>\n<p>Avec les chauffages mobiles \u00e0 granul\u00e9s de bois pour le s\u00e9chage des b\u00e2timents, on utilise une source d'\u00e9nergie neutre en CO2, fabriqu\u00e9e \u00e0 partir de bois r\u00e9siduel naturel, qui est \u00e9galement renouvelable. De plus, les granul\u00e9s de bois ne mettent pas en danger la nappe phr\u00e9atique. La proc\u00e9dure d'agr\u00e9ment pour les citernes \u00e0 mazout mobiles n'est pas n\u00e9cessaire.<\/p>\n<p><strong>Gestion de l'environnement : d\u00e9coupler la consommation et la croissance<\/strong><\/p>\n<p>&nbsp;<\/p>\n<p>La soci\u00e9t\u00e9 Ernst Schweizer AG Metallbau de Hedingen prouve que la gestion durable de l'\u00e9nergie est \u00e9galement payante en termes concrets. Hans Ruedi Schweizer, pr\u00e9sident du conseil d'administration, explique : \"Nous avons tr\u00e8s t\u00f4t poursuivi une strat\u00e9gie \u00e9nerg\u00e9tique qui \u00e9tait syst\u00e9matiquement ax\u00e9e sur l'efficacit\u00e9. \"Ernst Schweizer AG enregistre depuis 1978 des indicateurs de durabilit\u00e9 comparables sur les th\u00e8mes de l'efficacit\u00e9 \u00e9conomique, de la responsabilit\u00e9 sociale et de l'environnement.<\/p>\n<p>&nbsp;<\/p>\n<p>En 2014, l'entreprise de construction m\u00e9tallique avait besoin de moins d'\u00e9nergie qu'en 1978, bien que les ventes et les emplois aient doubl\u00e9 pendant cette p\u00e9riode. Hans Ruedi Schweizer r\u00e9capitule : \"Nous avons r\u00e9ussi \u00e0 d\u00e9coupler la consommation d'\u00e9nergie de la croissance des entreprises gr\u00e2ce \u00e0 diverses mesures d'efficacit\u00e9 \u00e9nerg\u00e9tique. Entre autres choses, nous avons optimis\u00e9 l'infrastructure, r\u00e9duit les installations pour l'efficacit\u00e9 \u00e9nerg\u00e9tique et sensibilis\u00e9 les utilisateurs \u00e0 l'efficacit\u00e9 \u00e9nerg\u00e9tique.<\/p>\n<p>&nbsp;<\/p>\n<p>Ernst Schweizer AG est un pionnier de la gestion de l'environnement. D\u00e8s 1994, le premier rapport environnemental a \u00e9t\u00e9 pr\u00e9par\u00e9 pour l'ensemble de l'entreprise et en 1996, la premi\u00e8re entreprise de construction m\u00e9tallique a obtenu les certifications du syst\u00e8me de gestion environnementale ISO 14001. Avec la certification Qualicoat, l'entreprise garantit \u00e9galement la qualit\u00e9 des processus et des r\u00e9sultats du rev\u00eatement. Cela garantit un processus de fabrication int\u00e9gr\u00e9 et document\u00e9 qui couvre tout, du conseil, du d\u00e9veloppement, de la production et de l'assurance qualit\u00e9 \u00e0 la maintenance et \u00e0 l'entretien. De plus, l'entreprise a \u00e9t\u00e9 membre du Climate Group initi\u00e9 par le WWF de 2009 \u00e0 2012. Au sein m\u00eame de l'entreprise, les services techniques ont \u00e9valu\u00e9 un nouvel outil de gestion de l'\u00e9nergie en 2013, qui a \u00e9t\u00e9 mis en \u0153uvre en 2014. Cela permet d'interpr\u00e9ter les donn\u00e9es de consommation interne et de prendre des mesures suppl\u00e9mentaires pour une gestion durable de l'\u00e9nergie.<\/p>\n<p><strong>Efficacit\u00e9 \u00e9nerg\u00e9tique et respect du climat<\/strong><\/p>\n<p>&nbsp;<\/p>\n<p>Energie 360\u00ba s'appuie \u00e9galement sur des mesures internes et des partenariats externes, explique Kurt L\u00fcscher, PDG : \"Nous appliquons des mesures environnementales dans nos activit\u00e9s depuis des ann\u00e9es. Nous exploitons le r\u00e9seau de gaz naturel et nos syst\u00e8mes d'approvisionnement en \u00e9nergie de mani\u00e8re responsable ; notre b\u00e2timent principal est certifi\u00e9 selon le standard Minergie et est chauff\u00e9 \u00e0 100 % au biogaz ; notre parc de v\u00e9hicules se compose d'environ 75 % de v\u00e9hicules au gaz naturel fonctionnant \u00e0 100 % au biogaz, de sorte que notre flotte n'\u00e9met en moyenne que 56 grammes de CO2 par kilom\u00e8tre. L'utilisation exclusive de papier recycl\u00e9 (lettres, copies, imprim\u00e9s), des formations environnementales cibl\u00e9es ou des campagnes telles que \"bike to work\" renforcent la conscience \u00e9cologique de nos employ\u00e9s. Ces mesures sont compl\u00e9t\u00e9es par notre parrainage de l'\u00e9ducation \u00e0 l'environnement. Par exemple, nous participons au mouvement suisse de protection du climat myblueplanet depuis 2012. Il montre \u00e0 la population suisse comment r\u00e9duire ses \u00e9missions personnelles de CO2.<\/p>\n<p><strong>La politique doit se d\u00e9cider rapidement<\/strong><\/p>\n<p>&nbsp;<\/p>\n<p>Pour la plupart des entrepreneurs, la strat\u00e9gie \u00e9nerg\u00e9tique de la Conf\u00e9d\u00e9ration est \u00e9vidente pour la place \u00e9conomique suisse : \"Nous consid\u00e9rons que la conversion des \u00e9nergies non renouvelables (combustibles fossiles et nucl\u00e9aires) en solutions cleantech et intelligentes est une grande opportunit\u00e9 pour la place \u00e9conomique suisse. La recherche et la science prouvent, dans de vastes domaines, que la voie vers les \u00e9nergies renouvelables et une efficacit\u00e9 \u00e9nerg\u00e9tique accrue est la bonne. L'ETH conclut qu'un mix \u00e9nerg\u00e9tique avec une forte proportion d'\u00e9nergies renouvelables est exigeant mais r\u00e9alisable\", d\u00e9clare Hans Ruedi Schweizer, pr\u00e9sident du conseil d'administration d'Ernst Schweizer AG. D'une part, la Suisse, en tant que site de production, est confront\u00e9e \u00e0 un d\u00e9fi technologique. Des sous-secteurs tels que le stockage de l'\u00e9nergie n\u00e9cessitent de nouvelles technologies. En m\u00eame temps, la Suisse dispose des meilleures \u00e9coles techniques et universit\u00e9s, qui attirent \u00e9galement les investisseurs et les grandes entreprises.<\/p>\n<p><strong>R\u00e9duction significative du CO2<\/strong><\/p>\n<p>&nbsp;<\/p>\n<p>\"En tant que producteur d'acier pour l'industrie automobile, la construction m\u00e9canique et l'industrie des appareils, Swiss Steel \u00e0 Emmenbr\u00fccke a mis en \u0153uvre ces derni\u00e8res ann\u00e9es de nombreuses mesures d'efficacit\u00e9 \u00e9nerg\u00e9tique et de r\u00e9duction des \u00e9missions de CO2 dans le cadre d'un accord sur le CO2 avec le gouvernement suisse\", explique le PDG Carlo Mischler. Gr\u00e2ce aux mesures mises en place, Swiss Steel se compare tr\u00e8s favorablement aux autres entreprises internationales en termes d'\u00e9missions de CO2. En 2013 et 2014, ces valeurs \u00e9taient respectivement inf\u00e9rieures de 12 et 7 % \u00e0 la valeur d'allocation, qui est en moyenne la valeur des \u00e9missions de CO2 des 10 meilleurs producteurs d'acier de l'UE\". Carlo Mischler, de Swiss Steel, adopte une position critique sur la strat\u00e9gie \u00e9nerg\u00e9tique du gouvernement f\u00e9d\u00e9ral. Le PDG conclut : \"On suppose que l'industrie peut contribuer de mani\u00e8re d\u00e9cisive \u00e0 la r\u00e9duction de la consommation d'\u00e9nergie si seulement elle y est contrainte. Je pense que cette hypoth\u00e8se est fausse, car l'utilisation de l'\u00e9nergie est d\u00e9j\u00e0 un facteur de production essentiel pour l'industrie ; plus la consommation d'\u00e9nergie est intensive dans un processus industriel, plus les efforts pour y faire face de mani\u00e8re rentable sont importants. La pression concurrentielle pousse depuis longtemps les entreprises \u00e0 r\u00e9duire leur empreinte \u00e9cologique. Non seulement un diktat gouvernemental ne peut pas apporter d'autres am\u00e9liorations significatives, mais avec des exigences mal r\u00e9fl\u00e9chies, il met en danger l'existence d'industries enti\u00e8res\".<\/p>\n<p>&nbsp;<\/p>","protected":false},"excerpt":{"rendered":"<p>&nbsp; &nbsp; Kurt L\u00fcscher, CEO der Energie 360\u00b0, sieht speziell in zukunftsweisenden Technologien Vorteile: \u00abEs wird Technologien geben, welche es erm\u00f6glichen, immer mehr erneuerbares Gas \u00fcber die heute schon vorhandenen Erdgasnetze zu transportieren. Diese \u00abPower to Gas\u00bb (P2G)-Technologien k\u00f6nnen auch zur Speicherung und zum Transport von \u00fcbersch\u00fcssigem Strom verwendet werden. Damit die-nen diese auch der [&hellip;]<\/p>\n","protected":false},"author":62,"featured_media":12270,"comment_status":"closed","ping_status":"closed","sticky":false,"template":"","format":"standard","meta":{"_acf_changed":false,"footnotes":""},"categories":[4],"tags":[4796],"class_list":["post-12234","post","type-post","status-publish","format-standard","has-post-thumbnail","hentry","category-risikomanagement","tag-09-2015"],"acf":[],"yoast_head":"<!-- This site is optimized with the Yoast SEO plugin v26.2 - https:\/\/yoast.com\/wordpress\/plugins\/seo\/ -->\n<title>Energie- und Umweltmanagement zahlen sich aus - MQ Management und Qualit\u00e4t<\/title>\n<meta name=\"description\" content=\"Die Schweiz steht vor wegweisenden Energie- Entscheiden. Es geht jedoch nicht nur um die schweizerische Energie-Strategie, f\u00fcr eine langfristige und umweltschonende Versorgungssicherheit m\u00fcssen ebenso globale Aspekte ber\u00fccksichtigt werden. Welchen Beitrag zum nachhaltigeren Ressourcen- Umgang leisten Wirtschaft, Politik und Wissenschaft? Drei Referenten des diesj\u00e4hrigen Europa Forums Luzern 2015 zeigen Wege im Energie- und Umweltmanagement auf.\" \/>\n<meta name=\"robots\" content=\"index, follow, max-snippet:-1, max-image-preview:large, max-video-preview:-1\" \/>\n<link rel=\"canonical\" href=\"https:\/\/www.m-q.ch\/fr\/lenergie-et-la-gestion-de-lenvironnement-sont-rentables\/\" \/>\n<meta property=\"og:locale\" content=\"fr_FR\" \/>\n<meta property=\"og:type\" content=\"article\" \/>\n<meta property=\"og:title\" content=\"Energie- und Umweltmanagement zahlen sich aus - MQ Management und Qualit\u00e4t\" \/>\n<meta property=\"og:description\" content=\"Die Schweiz steht vor wegweisenden Energie- Entscheiden. Es geht jedoch nicht nur um die schweizerische Energie-Strategie, f\u00fcr eine langfristige und umweltschonende Versorgungssicherheit m\u00fcssen ebenso globale Aspekte ber\u00fccksichtigt werden. Welchen Beitrag zum nachhaltigeren Ressourcen- Umgang leisten Wirtschaft, Politik und Wissenschaft? Drei Referenten des diesj\u00e4hrigen Europa Forums Luzern 2015 zeigen Wege im Energie- und Umweltmanagement auf.\" \/>\n<meta property=\"og:url\" content=\"https:\/\/www.m-q.ch\/fr\/lenergie-et-la-gestion-de-lenvironnement-sont-rentables\/\" \/>\n<meta property=\"og:site_name\" content=\"MQ Management und Qualit\u00e4t\" \/>\n<meta property=\"article:publisher\" content=\"https:\/\/www.facebook.com\/ManagementUndQualitaet\" \/>\n<meta property=\"article:published_time\" content=\"2015-09-09T08:14:23+00:00\" \/>\n<meta property=\"article:modified_time\" content=\"2021-02-16T10:05:45+00:00\" \/>\n<meta property=\"og:image\" content=\"https:\/\/www.m-q.ch\/wp-content\/uploads\/2021\/02\/Energie-und-Umweltmanagement-zahlen-sich-aus.jpg\" \/>\n\t<meta property=\"og:image:width\" content=\"856\" \/>\n\t<meta property=\"og:image:height\" content=\"532\" \/>\n\t<meta property=\"og:image:type\" content=\"image\/jpeg\" \/>\n<meta name=\"author\" content=\"upwork_2\" \/>\n<meta name=\"twitter:card\" content=\"summary_large_image\" \/>\n<meta name=\"twitter:label1\" content=\"\u00c9crit par\" \/>\n\t<meta name=\"twitter:data1\" content=\"upwork_2\" \/>\n\t<meta name=\"twitter:label2\" content=\"Dur\u00e9e de lecture estim\u00e9e\" \/>\n\t<meta name=\"twitter:data2\" content=\"5 minutes\" \/>\n<script type=\"application\/ld+json\" class=\"yoast-schema-graph\">{\"@context\":\"https:\/\/schema.org\",\"@graph\":[{\"@type\":\"Article\",\"@id\":\"https:\/\/www.m-q.ch\/energie-und-umweltmanagement-zahlen-sich-aus\/#article\",\"isPartOf\":{\"@id\":\"https:\/\/www.m-q.ch\/energie-und-umweltmanagement-zahlen-sich-aus\/\"},\"author\":{\"name\":\"upwork_2\",\"@id\":\"https:\/\/www.m-q.ch\/fr\/#\/schema\/person\/71f647a41e4a3e361e6230f5134f3ba9\"},\"headline\":\"Energie- und Umweltmanagement zahlen sich aus\",\"datePublished\":\"2015-09-09T08:14:23+00:00\",\"dateModified\":\"2021-02-16T10:05:45+00:00\",\"mainEntityOfPage\":{\"@id\":\"https:\/\/www.m-q.ch\/energie-und-umweltmanagement-zahlen-sich-aus\/\"},\"wordCount\":934,\"publisher\":{\"@id\":\"https:\/\/www.m-q.ch\/fr\/#organization\"},\"image\":{\"@id\":\"https:\/\/www.m-q.ch\/energie-und-umweltmanagement-zahlen-sich-aus\/#primaryimage\"},\"thumbnailUrl\":\"https:\/\/www.m-q.ch\/wp-content\/uploads\/2021\/02\/Energie-und-Umweltmanagement-zahlen-sich-aus.jpg\",\"keywords\":[\"09\/2015\"],\"articleSection\":[\"Risikomanagement\"],\"inLanguage\":\"fr-FR\"},{\"@type\":\"WebPage\",\"@id\":\"https:\/\/www.m-q.ch\/energie-und-umweltmanagement-zahlen-sich-aus\/\",\"url\":\"https:\/\/www.m-q.ch\/energie-und-umweltmanagement-zahlen-sich-aus\/\",\"name\":\"Energie- und Umweltmanagement zahlen sich aus - MQ Management und Qualit\u00e4t\",\"isPartOf\":{\"@id\":\"https:\/\/www.m-q.ch\/fr\/#website\"},\"primaryImageOfPage\":{\"@id\":\"https:\/\/www.m-q.ch\/energie-und-umweltmanagement-zahlen-sich-aus\/#primaryimage\"},\"image\":{\"@id\":\"https:\/\/www.m-q.ch\/energie-und-umweltmanagement-zahlen-sich-aus\/#primaryimage\"},\"thumbnailUrl\":\"https:\/\/www.m-q.ch\/wp-content\/uploads\/2021\/02\/Energie-und-Umweltmanagement-zahlen-sich-aus.jpg\",\"datePublished\":\"2015-09-09T08:14:23+00:00\",\"dateModified\":\"2021-02-16T10:05:45+00:00\",\"description\":\"Die Schweiz steht vor wegweisenden Energie- Entscheiden. Es geht jedoch nicht nur um die schweizerische Energie-Strategie, f\u00fcr eine langfristige und umweltschonende Versorgungssicherheit m\u00fcssen ebenso globale Aspekte ber\u00fccksichtigt werden. Welchen Beitrag zum nachhaltigeren Ressourcen- Umgang leisten Wirtschaft, Politik und Wissenschaft? Drei Referenten des diesj\u00e4hrigen Europa Forums Luzern 2015 zeigen Wege im Energie- und Umweltmanagement auf.\",\"breadcrumb\":{\"@id\":\"https:\/\/www.m-q.ch\/energie-und-umweltmanagement-zahlen-sich-aus\/#breadcrumb\"},\"inLanguage\":\"fr-FR\",\"potentialAction\":[{\"@type\":\"ReadAction\",\"target\":[\"https:\/\/www.m-q.ch\/energie-und-umweltmanagement-zahlen-sich-aus\/\"]}]},{\"@type\":\"ImageObject\",\"inLanguage\":\"fr-FR\",\"@id\":\"https:\/\/www.m-q.ch\/energie-und-umweltmanagement-zahlen-sich-aus\/#primaryimage\",\"url\":\"https:\/\/www.m-q.ch\/wp-content\/uploads\/2021\/02\/Energie-und-Umweltmanagement-zahlen-sich-aus.jpg\",\"contentUrl\":\"https:\/\/www.m-q.ch\/wp-content\/uploads\/2021\/02\/Energie-und-Umweltmanagement-zahlen-sich-aus.jpg\",\"width\":856,\"height\":532,\"caption\":\"Energie- und Umweltmanagement zahlen sich aus\"},{\"@type\":\"BreadcrumbList\",\"@id\":\"https:\/\/www.m-q.ch\/energie-und-umweltmanagement-zahlen-sich-aus\/#breadcrumb\",\"itemListElement\":[{\"@type\":\"ListItem\",\"position\":1,\"name\":\"Risikomanagement\",\"item\":\"https:\/\/www.m-q.ch\/kategorie\/risikomanagement\/\"},{\"@type\":\"ListItem\",\"position\":2,\"name\":\"Energie- und Umweltmanagement zahlen sich aus\"}]},{\"@type\":\"WebSite\",\"@id\":\"https:\/\/www.m-q.ch\/fr\/#website\",\"url\":\"https:\/\/www.m-q.ch\/fr\/\",\"name\":\"MQ Management und Qualit\u00e4t\",\"description\":\"Plattform f\u00fcr integrierte Managementsysteme.\",\"publisher\":{\"@id\":\"https:\/\/www.m-q.ch\/fr\/#organization\"},\"potentialAction\":[{\"@type\":\"SearchAction\",\"target\":{\"@type\":\"EntryPoint\",\"urlTemplate\":\"https:\/\/www.m-q.ch\/fr\/?s={search_term_string}\"},\"query-input\":{\"@type\":\"PropertyValueSpecification\",\"valueRequired\":true,\"valueName\":\"search_term_string\"}}],\"inLanguage\":\"fr-FR\"},{\"@type\":\"Organization\",\"@id\":\"https:\/\/www.m-q.ch\/fr\/#organization\",\"name\":\"Galledia Fachmedien AG\",\"url\":\"https:\/\/www.m-q.ch\/fr\/\",\"logo\":{\"@type\":\"ImageObject\",\"inLanguage\":\"fr-FR\",\"@id\":\"https:\/\/www.m-q.ch\/fr\/#\/schema\/logo\/image\/\",\"url\":\"https:\/\/www.m-q.ch\/wp-content\/uploads\/2020\/12\/cropped-logo_small.png\",\"contentUrl\":\"https:\/\/www.m-q.ch\/wp-content\/uploads\/2020\/12\/cropped-logo_small.png\",\"width\":512,\"height\":512,\"caption\":\"Galledia Fachmedien AG\"},\"image\":{\"@id\":\"https:\/\/www.m-q.ch\/fr\/#\/schema\/logo\/image\/\"},\"sameAs\":[\"https:\/\/www.facebook.com\/ManagementUndQualitaet\",\"https:\/\/www.linkedin.com\/showcase\/17982321\/admin\/\"]},{\"@type\":\"Person\",\"@id\":\"https:\/\/www.m-q.ch\/fr\/#\/schema\/person\/71f647a41e4a3e361e6230f5134f3ba9\",\"name\":\"upwork_2\",\"image\":{\"@type\":\"ImageObject\",\"inLanguage\":\"fr-FR\",\"@id\":\"https:\/\/www.m-q.ch\/fr\/#\/schema\/person\/image\/\",\"url\":\"https:\/\/secure.gravatar.com\/avatar\/777b90ab56092bbf3c85feacda5c1bce?s=96&d=mm&r=g\",\"contentUrl\":\"https:\/\/secure.gravatar.com\/avatar\/777b90ab56092bbf3c85feacda5c1bce?s=96&d=mm&r=g\",\"caption\":\"upwork_2\"},\"url\":\"https:\/\/www.m-q.ch\/fr\/author\/upwork_2\/\"}]}<\/script>\n<!-- \/ Yoast SEO plugin. -->","yoast_head_json":{"title":"La gestion de l'\u00e9nergie et de l'environnement porte ses fruits - MQ Management und Qualit\u00e4t","description":"La Suisse est confront\u00e9e \u00e0 des d\u00e9cisions r\u00e9volutionnaires en mati\u00e8re d'\u00e9nergie. Toutefois, il ne s'agit pas seulement de la strat\u00e9gie \u00e9nerg\u00e9tique de la Suisse ; les aspects globaux doivent \u00e9galement \u00eatre pris en compte pour garantir une s\u00e9curit\u00e9 d'approvisionnement \u00e0 long terme et respectueuse de l'environnement. Comment l'\u00e9conomie, la politique et la science peuvent-elles contribuer \u00e0 une utilisation plus durable des ressources ? Trois intervenants du Forum Europe Lucerne 2015 de cette ann\u00e9e montreront les voies \u00e0 suivre en mati\u00e8re de gestion de l'\u00e9nergie et de l'environnement.","robots":{"index":"index","follow":"follow","max-snippet":"max-snippet:-1","max-image-preview":"max-image-preview:large","max-video-preview":"max-video-preview:-1"},"canonical":"https:\/\/www.m-q.ch\/fr\/lenergie-et-la-gestion-de-lenvironnement-sont-rentables\/","og_locale":"fr_FR","og_type":"article","og_title":"Energie- und Umweltmanagement zahlen sich aus - MQ Management und Qualit\u00e4t","og_description":"Die Schweiz steht vor wegweisenden Energie- Entscheiden. Es geht jedoch nicht nur um die schweizerische Energie-Strategie, f\u00fcr eine langfristige und umweltschonende Versorgungssicherheit m\u00fcssen ebenso globale Aspekte ber\u00fccksichtigt werden. Welchen Beitrag zum nachhaltigeren Ressourcen- Umgang leisten Wirtschaft, Politik und Wissenschaft? Drei Referenten des diesj\u00e4hrigen Europa Forums Luzern 2015 zeigen Wege im Energie- und Umweltmanagement auf.","og_url":"https:\/\/www.m-q.ch\/fr\/lenergie-et-la-gestion-de-lenvironnement-sont-rentables\/","og_site_name":"MQ Management und Qualit\u00e4t","article_publisher":"https:\/\/www.facebook.com\/ManagementUndQualitaet","article_published_time":"2015-09-09T08:14:23+00:00","article_modified_time":"2021-02-16T10:05:45+00:00","og_image":[{"width":856,"height":532,"url":"https:\/\/www.m-q.ch\/wp-content\/uploads\/2021\/02\/Energie-und-Umweltmanagement-zahlen-sich-aus.jpg","type":"image\/jpeg"}],"author":"upwork_2","twitter_card":"summary_large_image","twitter_misc":{"\u00c9crit par":"upwork_2","Dur\u00e9e de lecture estim\u00e9e":"5 minutes"},"schema":{"@context":"https:\/\/schema.org","@graph":[{"@type":"Article","@id":"https:\/\/www.m-q.ch\/energie-und-umweltmanagement-zahlen-sich-aus\/#article","isPartOf":{"@id":"https:\/\/www.m-q.ch\/energie-und-umweltmanagement-zahlen-sich-aus\/"},"author":{"name":"upwork_2","@id":"https:\/\/www.m-q.ch\/fr\/#\/schema\/person\/71f647a41e4a3e361e6230f5134f3ba9"},"headline":"Energie- und Umweltmanagement zahlen sich aus","datePublished":"2015-09-09T08:14:23+00:00","dateModified":"2021-02-16T10:05:45+00:00","mainEntityOfPage":{"@id":"https:\/\/www.m-q.ch\/energie-und-umweltmanagement-zahlen-sich-aus\/"},"wordCount":934,"publisher":{"@id":"https:\/\/www.m-q.ch\/fr\/#organization"},"image":{"@id":"https:\/\/www.m-q.ch\/energie-und-umweltmanagement-zahlen-sich-aus\/#primaryimage"},"thumbnailUrl":"https:\/\/www.m-q.ch\/wp-content\/uploads\/2021\/02\/Energie-und-Umweltmanagement-zahlen-sich-aus.jpg","keywords":["09\/2015"],"articleSection":["Risikomanagement"],"inLanguage":"fr-FR"},{"@type":"WebPage","@id":"https:\/\/www.m-q.ch\/energie-und-umweltmanagement-zahlen-sich-aus\/","url":"https:\/\/www.m-q.ch\/energie-und-umweltmanagement-zahlen-sich-aus\/","name":"La gestion de l'\u00e9nergie et de l'environnement porte ses fruits - MQ Management und Qualit\u00e4t","isPartOf":{"@id":"https:\/\/www.m-q.ch\/fr\/#website"},"primaryImageOfPage":{"@id":"https:\/\/www.m-q.ch\/energie-und-umweltmanagement-zahlen-sich-aus\/#primaryimage"},"image":{"@id":"https:\/\/www.m-q.ch\/energie-und-umweltmanagement-zahlen-sich-aus\/#primaryimage"},"thumbnailUrl":"https:\/\/www.m-q.ch\/wp-content\/uploads\/2021\/02\/Energie-und-Umweltmanagement-zahlen-sich-aus.jpg","datePublished":"2015-09-09T08:14:23+00:00","dateModified":"2021-02-16T10:05:45+00:00","description":"La Suisse est confront\u00e9e \u00e0 des d\u00e9cisions r\u00e9volutionnaires en mati\u00e8re d'\u00e9nergie. Toutefois, il ne s'agit pas seulement de la strat\u00e9gie \u00e9nerg\u00e9tique de la Suisse ; les aspects globaux doivent \u00e9galement \u00eatre pris en compte pour garantir une s\u00e9curit\u00e9 d'approvisionnement \u00e0 long terme et respectueuse de l'environnement. Comment l'\u00e9conomie, la politique et la science peuvent-elles contribuer \u00e0 une utilisation plus durable des ressources ? Trois intervenants du Forum Europe Lucerne 2015 de cette ann\u00e9e montreront les voies \u00e0 suivre en mati\u00e8re de gestion de l'\u00e9nergie et de l'environnement.","breadcrumb":{"@id":"https:\/\/www.m-q.ch\/energie-und-umweltmanagement-zahlen-sich-aus\/#breadcrumb"},"inLanguage":"fr-FR","potentialAction":[{"@type":"ReadAction","target":["https:\/\/www.m-q.ch\/energie-und-umweltmanagement-zahlen-sich-aus\/"]}]},{"@type":"ImageObject","inLanguage":"fr-FR","@id":"https:\/\/www.m-q.ch\/energie-und-umweltmanagement-zahlen-sich-aus\/#primaryimage","url":"https:\/\/www.m-q.ch\/wp-content\/uploads\/2021\/02\/Energie-und-Umweltmanagement-zahlen-sich-aus.jpg","contentUrl":"https:\/\/www.m-q.ch\/wp-content\/uploads\/2021\/02\/Energie-und-Umweltmanagement-zahlen-sich-aus.jpg","width":856,"height":532,"caption":"Energie- und Umweltmanagement zahlen sich aus"},{"@type":"BreadcrumbList","@id":"https:\/\/www.m-q.ch\/energie-und-umweltmanagement-zahlen-sich-aus\/#breadcrumb","itemListElement":[{"@type":"ListItem","position":1,"name":"Risikomanagement","item":"https:\/\/www.m-q.ch\/kategorie\/risikomanagement\/"},{"@type":"ListItem","position":2,"name":"Energie- und Umweltmanagement zahlen sich aus"}]},{"@type":"WebSite","@id":"https:\/\/www.m-q.ch\/fr\/#website","url":"https:\/\/www.m-q.ch\/fr\/","name":"Gestion et qualit\u00e9 du QM","description":"Plate-forme pour les syst\u00e8mes de gestion int\u00e9gr\u00e9e.","publisher":{"@id":"https:\/\/www.m-q.ch\/fr\/#organization"},"potentialAction":[{"@type":"SearchAction","target":{"@type":"EntryPoint","urlTemplate":"https:\/\/www.m-q.ch\/fr\/?s={search_term_string}"},"query-input":{"@type":"PropertyValueSpecification","valueRequired":true,"valueName":"search_term_string"}}],"inLanguage":"fr-FR"},{"@type":"Organization","@id":"https:\/\/www.m-q.ch\/fr\/#organization","name":"Galledia Trade Media AG","url":"https:\/\/www.m-q.ch\/fr\/","logo":{"@type":"ImageObject","inLanguage":"fr-FR","@id":"https:\/\/www.m-q.ch\/fr\/#\/schema\/logo\/image\/","url":"https:\/\/www.m-q.ch\/wp-content\/uploads\/2020\/12\/cropped-logo_small.png","contentUrl":"https:\/\/www.m-q.ch\/wp-content\/uploads\/2020\/12\/cropped-logo_small.png","width":512,"height":512,"caption":"Galledia Fachmedien AG"},"image":{"@id":"https:\/\/www.m-q.ch\/fr\/#\/schema\/logo\/image\/"},"sameAs":["https:\/\/www.facebook.com\/ManagementUndQualitaet","https:\/\/www.linkedin.com\/showcase\/17982321\/admin\/"]},{"@type":"Person","@id":"https:\/\/www.m-q.ch\/fr\/#\/schema\/person\/71f647a41e4a3e361e6230f5134f3ba9","name":"upwork_2","image":{"@type":"ImageObject","inLanguage":"fr-FR","@id":"https:\/\/www.m-q.ch\/fr\/#\/schema\/person\/image\/","url":"https:\/\/secure.gravatar.com\/avatar\/777b90ab56092bbf3c85feacda5c1bce?s=96&d=mm&r=g","contentUrl":"https:\/\/secure.gravatar.com\/avatar\/777b90ab56092bbf3c85feacda5c1bce?s=96&d=mm&r=g","caption":"upwork_2"},"url":"https:\/\/www.m-q.ch\/fr\/author\/upwork_2\/"}]}},"_links":{"self":[{"href":"https:\/\/www.m-q.ch\/fr\/wp-json\/wp\/v2\/posts\/12234","targetHints":{"allow":["GET"]}}],"collection":[{"href":"https:\/\/www.m-q.ch\/fr\/wp-json\/wp\/v2\/posts"}],"about":[{"href":"https:\/\/www.m-q.ch\/fr\/wp-json\/wp\/v2\/types\/post"}],"author":[{"embeddable":true,"href":"https:\/\/www.m-q.ch\/fr\/wp-json\/wp\/v2\/users\/62"}],"replies":[{"embeddable":true,"href":"https:\/\/www.m-q.ch\/fr\/wp-json\/wp\/v2\/comments?post=12234"}],"version-history":[{"count":1,"href":"https:\/\/www.m-q.ch\/fr\/wp-json\/wp\/v2\/posts\/12234\/revisions"}],"predecessor-version":[{"id":12271,"href":"https:\/\/www.m-q.ch\/fr\/wp-json\/wp\/v2\/posts\/12234\/revisions\/12271"}],"wp:featuredmedia":[{"embeddable":true,"href":"https:\/\/www.m-q.ch\/fr\/wp-json\/wp\/v2\/media\/12270"}],"wp:attachment":[{"href":"https:\/\/www.m-q.ch\/fr\/wp-json\/wp\/v2\/media?parent=12234"}],"wp:term":[{"taxonomy":"category","embeddable":true,"href":"https:\/\/www.m-q.ch\/fr\/wp-json\/wp\/v2\/categories?post=12234"},{"taxonomy":"post_tag","embeddable":true,"href":"https:\/\/www.m-q.ch\/fr\/wp-json\/wp\/v2\/tags?post=12234"}],"curies":[{"name":"wp","href":"https:\/\/api.w.org\/{rel}","templated":true}]}}