{"id":12306,"date":"2015-11-03T11:54:50","date_gmt":"2015-11-03T10:54:50","guid":{"rendered":"https:\/\/www.m-q.ch\/?p=12306"},"modified":"2021-02-16T15:13:45","modified_gmt":"2021-02-16T14:13:45","slug":"en-mutation-permanente","status":"publish","type":"post","link":"https:\/\/www.m-q.ch\/fr\/permanent-im-wandel\/","title":{"rendered":"En perp\u00e9tuel changement"},"content":{"rendered":"<p><img loading=\"lazy\" decoding=\"async\" class=\"alignnone size-full wp-image-12376\" src=\"https:\/\/www.m-q.ch\/wp-content\/uploads\/2021\/02\/Permanent-im-Wandel.jpg\" alt=\"En perp\u00e9tuel changement\" width=\"810\" height=\"1204\" srcset=\"https:\/\/www.m-q.ch\/wp-content\/uploads\/2021\/02\/Permanent-im-Wandel.jpg 810w, https:\/\/www.m-q.ch\/wp-content\/uploads\/2021\/02\/Permanent-im-Wandel-768x1142.jpg 768w, https:\/\/www.m-q.ch\/wp-content\/uploads\/2021\/02\/Permanent-im-Wandel-8x12.jpg 8w, https:\/\/www.m-q.ch\/wp-content\/uploads\/2021\/02\/Permanent-im-Wandel-118x175.jpg 118w, https:\/\/www.m-q.ch\/wp-content\/uploads\/2021\/02\/Permanent-im-Wandel-235x350.jpg 235w, https:\/\/www.m-q.ch\/wp-content\/uploads\/2021\/02\/Permanent-im-Wandel-538x800.jpg 538w, https:\/\/www.m-q.ch\/wp-content\/uploads\/2021\/02\/Permanent-im-Wandel-300x446.jpg 300w\" sizes=\"auto, (max-width: 810px) 100vw, 810px\" \/><\/p>\n<p>&nbsp;<\/p>\n<p>&nbsp;<\/p>\n<p><em><strong>La SAQ-QUALICON AG est en bonne position \u00e9conomique. Pourquoi ?<\/strong> <\/em><\/p>\n<p>Beat H\u00e4fliger : Un point est crucial : nous avons r\u00e9ussi \u00e0 nous \u00e9tablir dans le paysage \u00e9ducatif suisse. En collaboration avec nos partenaires de formation, nous proposons des qualifications reconnues au niveau f\u00e9d\u00e9ral. Cela nous a ouvert un tout nouveau potentiel de march\u00e9.<\/p>\n<p>&nbsp;<\/p>\n<p><em><strong>Quels sont ces dipl\u00f4mes ?<\/strong> <\/em><\/p>\n<p>Nous avons commenc\u00e9 en 2007 avec des dipl\u00f4mes de troisi\u00e8me cycle pour les responsables qualit\u00e9 au niveau des \u00e9coles techniques sup\u00e9rieures. Depuis 2010, nous proposons \u00e9galement des masters (MAS) et des certificats d'\u00e9tudes avanc\u00e9es (CAS) au niveau des hautes \u00e9coles sp\u00e9cialis\u00e9es.<\/p>\n<p>&nbsp;<\/p>\n<p><em><strong>C'\u00e9tait la perc\u00e9e ?<\/strong> <\/em><\/p>\n<p>Oui, ce furent des \u00e9tapes importantes. Une autre a \u00e9t\u00e9 le d\u00e9m\u00e9nagement \u00e0 Olten en 2011. Ici, nous pouvons nous pr\u00e9senter \u00e0 nos clients comme un institut de formation professionnelle, ce qui est notre force.<\/p>\n<p>&nbsp;<\/p>\n<p><em><strong>Et c'est ce qu'il faut pour \u00eatre comp\u00e9titif ?<\/strong><\/em><\/p>\n<p>Le march\u00e9 de la formation continue est brutal. Nos principaux concurrents dans de nombreuses disciplines sont les hautes \u00e9coles sp\u00e9cialis\u00e9es. Ils sont tr\u00e8s innovants, ils ont des projets de recherche, ils savent toujours ce qui est nouveau. Et surtout, ils peuvent mettre leurs activit\u00e9s sur le march\u00e9 avec des budgets marketing enviables.<\/p>\n<p>&nbsp;<\/p>\n<p><em><strong>Difficile \u00e0 suivre ?<\/strong> <\/em><\/p>\n<p>C'est un d\u00e9fi. C'est pourquoi il est important pour nous de nous diff\u00e9rencier, avec notre philosophie et nos propres sujets. D'autre part, nous encourageons \u00e9galement la coop\u00e9ration en nous associant \u00e0 des universit\u00e9s de sciences appliqu\u00e9es pour offrir des masters de formation continue.<\/p>\n<p>&nbsp;<\/p>\n<p><em><strong>Comment fonctionne la coop\u00e9ration entre une organisation gouvernementale et une organisation priv\u00e9e ?<\/strong> <\/em><\/p>\n<p>C'est le grand art. Les universit\u00e9s de sciences appliqu\u00e9es ont des r\u00e8gles fix\u00e9es par l'\u00c9tat qu'elles doivent respecter, et nous voulons apporter autant de notre propre exp\u00e9rience et expertise que possible. C'est alors un processus que nous n\u00e9gocions. Ce n'est pas un hasard si nous coop\u00e9rons aujourd'hui avec des universit\u00e9s de sciences appliqu\u00e9es qui b\u00e9n\u00e9ficient d'un parrainage priv\u00e9.<\/p>\n<p>&nbsp;<\/p>\n<p><em><strong>Et y a-t-il un gagnant ?<\/strong> <\/em><\/p>\n<p>Les programmes de master sont une entreprise de coop\u00e9ration dans laquelle les deux partenaires contribuent id\u00e9alement \u00e0 hauteur de 50 %. Les dipl\u00f4mes f\u00e9d\u00e9raux ne peuvent \u00eatre d\u00e9livr\u00e9s que par l'universit\u00e9 ou l'\u00e9cole technique sup\u00e9rieure. Nous livrons nos propres colis, dont nous sommes responsables.<\/p>\n<p>&nbsp;<\/p>\n<p><em><strong>Les participants font donc la navette entre l'universit\u00e9 et Olten ?<\/strong> <\/em><\/p>\n<p>Vous participez \u00e0 des modules. La plupart des modules menant aux qualifications f\u00e9d\u00e9rales ont lieu dans les locaux de nos partenaires HWZ et SIB \u00e0 Zurich. Aujourd'hui, tout est modulaire. Chacun peut atteindre ses objectifs d'entra\u00eenement \u00e0 son rythme et \u00e0 son intensit\u00e9.<\/p>\n<p>&nbsp;<\/p>\n<p><em><strong>En d'autres termes, les formes d'apprentissage changent ?<\/strong><\/em><\/p>\n<p>L'\u00e9ducation est en pleine \u00e9volution. Et elle le fait \u00e0 un rythme soutenu, sous l'impulsion de la technologie, qui offre aujourd'hui des possibilit\u00e9s totalement diff\u00e9rentes.<\/p>\n<p>&nbsp;<\/p>\n<p><em><strong>Comment relever ce d\u00e9fi ?<\/strong> <\/em><\/p>\n<p>Il y a de nouvelles formes d'apprentissage, il y a des approches d'apprentissage en ligne, cela aussi nous vient. Cela signifie que nous devons \u00eatre technologiquement tr\u00e8s diff\u00e9rents. Nous avons beaucoup investi dans ce domaine, surtout ces trois derni\u00e8res ann\u00e9es. Nous avons d\u00e9velopp\u00e9 de nouveaux outils et renforc\u00e9 notre \u00e9quipe avec un sp\u00e9cialiste en informatique.<\/p>\n<p>&nbsp;<\/p>\n<p><em><strong>Autrefois, le conf\u00e9rencier se tenait \u00e0 l'avant de la classe et parlait ...<\/strong> <\/em><\/p>\n<p>L'enseignement en face-\u00e0-face demeure, lui aussi, pr\u00e9cieux. Mais la part du temps pass\u00e9 en face \u00e0 face dans le processus d'apprentissage diminue. Aujourd'hui, vous pouvez apprendre \u00e0 la maison \u00e0 tout moment. Cela signifie que nous devons fournir aux clients des unit\u00e9s d'apprentissage sur Internet qu'ils peuvent travailler par eux-m\u00eames, o\u00f9 ils peuvent apprendre, passer des tests pour v\u00e9rifier leur apprentissage, o\u00f9 ils peuvent r\u00e9soudre des t\u00e2ches de transfert - tout cela se fait via des plateformes. Nous travaillons \u00e9galement avec des vid\u00e9os, par exemple actuellement sur la r\u00e9vision de la norme ISO 9001 2015.<\/p>\n<p>&nbsp;<\/p>\n<p><em><strong>Quels sont les avantages \u00e9conomiques de cette flexibilit\u00e9 ?<\/strong> <\/em><\/p>\n<p>L'augmentation constante des ventes ces derni\u00e8res ann\u00e9es est \u00e9galement li\u00e9e \u00e0 notre apparence professionnelle et \u00e0 notre marketing. N\u00e9anmoins, si l'enseignement en face \u00e0 face a tendance \u00e0 diminuer et que vous pouvez acc\u00e9der gratuitement \u00e0 tout mat\u00e9riel d'apprentissage sur Internet, cela a un impact sur notre mod\u00e8le commercial. Nous devons emprunter de nouvelles voies, c'est aussi un d\u00e9fi.<\/p>\n<p>&nbsp;<\/p>\n<p><em><strong>Apr\u00e8s tout, certains cours de la SAQ-QUALICON sont d\u00e9j\u00e0 complets jusqu'\u00e0 la mi-2016 ...<\/strong> <\/em><\/p>\n<p>Oui, mais il y a beaucoup de travail derri\u00e8re. Nous devons r\u00e9agir rapidement \u00e0 la demande suppl\u00e9mentaire. Aujourd'hui<\/p>\n<p>&nbsp;<\/p>\n<p><em><strong>Nouvelles technologies - nouveaux apprentissages<\/strong><\/em><\/p>\n<p>&nbsp;<\/p>\n<p>le client agit de mani\u00e8re beaucoup plus dynamique. Il y a un besoin de formation, pas seulement l'ann\u00e9e prochaine, mais subito, et puis il va sur Internet et regarde : O\u00f9 est-il disponible et quand commence-t-il ?<\/p>\n<p>&nbsp;<\/p>\n<p><em><strong>Internet devient indispensable pour la prospection ?<\/strong> <\/em><\/p>\n<p>Plus que jamais ! Nous pratiquons quelque chose comme le search marketing. Nous savons quels mots sont choisis dans les recherches, nous connaissons les besoins. Nous devons \u00eatre identifiables via Internet. Et notre pr\u00e9sentation doit \u00eatre de premier ordre. La formation peut encore \u00eatre si bonne, si elle n'est pas trouv\u00e9e, le succ\u00e8s demeure.<\/p>\n<p>&nbsp;<\/p>\n<p><em><strong>Quels sont les avantages de la formation \u00e0 SAQQUALICON ?<\/strong> <\/em><\/p>\n<p>Le trait distinctif de notre formation continue est clairement notre pertinence pratique. Lorsque nos participants effectuent des travaux de projet ou des t\u00e2ches de transfert, il s'agit toujours, et j'insiste toujours, de la mise en \u0153uvre dans la pratique, d'une solution concr\u00e8te dans leur entreprise ou dans leur environnement professionnel personnel.<\/p>\n<p>&nbsp;<\/p>\n<p><em><strong>Ce qui donne aussi de nouveaux accents \u00e0 l'\u00e9volution du cours des actions ?<\/strong> <\/em><\/p>\n<p>Oui, une autre raison pour laquelle nous nous en sortons si bien est que nous sommes sp\u00e9cialis\u00e9s dans certains secteurs. La technologie m\u00e9dicale est un exemple de r\u00e9ussite. Nous travaillons en \u00e9troite collaboration avec le Medical Cluster et le groupe de sp\u00e9cialistes en technologie m\u00e9dicale de la SAQ et avons d\u00e9velopp\u00e9 les cours ensemble.<\/p>\n<p>&nbsp;<\/p>\n<p><em><strong>Il s'agit donc d'une \u00e9ducation avec un objectif clair ...<\/strong> <\/em><\/p>\n<p>La technologie m\u00e9dicale est un domaine tr\u00e8s r\u00e9glement\u00e9, et elle menace l'existence m\u00eame des entreprises si elles ne peuvent pas trouver les experts dont elles ont besoin pour approuver des produits sur de nouveaux march\u00e9s. La pression est \u00e9norme.<\/p>\n<p>&nbsp;<\/p>\n<p><em><strong>Comment s'y prendre ?<\/strong><\/em><\/p>\n<p>Nous avons form\u00e9 un comit\u00e9 d'experts en d\u00e9veloppement et l'avons analys\u00e9 : Quels sont les besoins, quel sac \u00e0 dos sera n\u00e9cessaire \u00e0 l'avenir ? Nous avons proc\u00e9d\u00e9 \u00e0 des \u00e9valuations des besoins et \u00e0 des enqu\u00eates en ligne, et avons mis au point un cours modulaire correspondant. Le cours est un succ\u00e8s et la coop\u00e9ration avec les repr\u00e9sentants de l'industrie est extr\u00eamement constructive, une grande exp\u00e9rience.<\/p>\n<p>&nbsp;<\/p>\n<p><em><strong>Les th\u00e8mes de la technologie m\u00e9dicale sont tr\u00e8s sp\u00e9cialis\u00e9s ...<\/strong> <\/em><\/p>\n<p>Oui, c'est pourquoi nous devons avoir des experts des entreprises, de la pratique. Ces praticiens sont maintenant auteurs et conf\u00e9renciers chez nous. La satisfaction des participants quant \u00e0 la forme et au contenu est extr\u00eamement \u00e9lev\u00e9e.<\/p>\n<p>&nbsp;<\/p>\n<p><em><strong>Vous mettez vos infrastructures \u00e0 leur disposition ?<\/strong> <\/em><\/p>\n<p>Oui, tout passe par notre centre d'\u00e9ducation et est organis\u00e9 et d\u00e9velopp\u00e9 par le chef de produit, qui conna\u00eet bien la sc\u00e8ne.<\/p>\n<p>&nbsp;<\/p>\n<p><em><strong>Souhaitez-vous d\u00e9velopper davantage ce mod\u00e8le \u00e0 succ\u00e8s ?<\/strong> <\/em><\/p>\n<p>Nous sommes \u00e0 bord. L'accent est mis sur le secteur des soins de sant\u00e9, que nous voulons \u00e9galement approfondir de mani\u00e8re sp\u00e9cifique \u00e0 ce secteur. Nous avons d\u00e9j\u00e0 un cours qui est sp\u00e9cifiquement adapt\u00e9 aux besoins de ce secteur. Nous voulons \u00e9largir cette offre. C'est pourquoi nous avons maintenant un m\u00e9decin qui travaille pour nous et qui va faire avancer ce sujet.<\/p>\n<p>&nbsp;<\/p>\n<p><em><strong>Le syst\u00e8me de soins de sant\u00e9 est gigantesque dans son ...<\/strong> <\/em><\/p>\n<p>Lorsque nous organisons des cours, nous \u00e9tudions toujours les besoins en premier lieu. Dans ce cas, au moyen d'une enqu\u00eate en ligne et d'entretiens suppl\u00e9mentaires. Et nous l'avons fait \u00e0 tous les niveaux de la hi\u00e9rarchie, jusqu'aux PDG des h\u00f4pitaux et autres institutions du secteur de la sant\u00e9. De ces enqu\u00eates, un th\u00e8me n\u00b01 clair s'est d\u00e9gag\u00e9 : Efficacit\u00e9 et optimisation des co\u00fbts. Il y a beaucoup de pression. Et les organisations ont le probl\u00e8me qu'elles ont trop peu de sp\u00e9cialistes ayant les connaissances techniques et m\u00e9thodologiques n\u00e9cessaires pour cela.<\/p>\n<p>&nbsp;<\/p>\n<p><em><strong>La pression monte du c\u00f4t\u00e9 politique ...<\/strong> <\/em><\/p>\n<p>Oui, mais il y a aussi de plus en plus de possibilit\u00e9s technologiques. Par exemple, l'introduction des dossiers \u00e9lectroniques des patients modifie \u00e0 elle seule de nombreux processus, mais aussi les r\u00f4les, les activit\u00e9s, les perceptions professionnelles. Tout cela doit \u00eatre mis en \u0153uvre. Ce qui est \u00e9galement passionnant et ce que nous observons, c'est la renaissance du Kaizen et du Lean Management. Les choses red\u00e9marrent vraiment.<\/p>\n<p>&nbsp;<\/p>\n<p><em><strong>Existe-t-il un classique dans le programme de formation continue ?<\/strong> <\/em><\/p>\n<p>C'est probablement encore le responsable de la qualit\u00e9 et des processus. Mais, et c'est un point important, le profil du poste est en train de changer. Dans le pass\u00e9, nous formions des sp\u00e9cialistes pour les syst\u00e8mes de qualit\u00e9, c'\u00e9tait la norme. Aujourd'hui, nous formons les responsables de la qualit\u00e9 et des processus en tant que g\u00e9n\u00e9ralistes. Le futur responsable de la qualit\u00e9 et des processus n'a vraiment qu'une seule raison d'\u00eatre, \u00e0 savoir am\u00e9liorer les r\u00e9sultats de l'organisation. C'est un d\u00e9fi compl\u00e8tement diff\u00e9rent.<\/p>\n<p>&nbsp;<\/p>\n<p><em><strong>C'est-\u00e0-dire que la capacit\u00e9 de mise en \u0153uvre devient cruciale ?<\/strong> <\/em><\/p>\n<p>Dans le pass\u00e9, les gens passaient des journ\u00e9es dans ces formations pour apprendre les normes, les m\u00e9thodes et les r\u00e8glements, ISO 9001, etc. Ce qu'ils doivent aussi savoir aujourd'hui, c'est : comment traiter avec les gens, avec les constellations de pouvoir, avec les sup\u00e9rieurs, comment trouver la bonne m\u00e9thode pour am\u00e9liorer les processus dans le bon contexte, comment se positionner strat\u00e9giquement ? En bref : comment trouver mon r\u00f4le dans la gestion de la qualit\u00e9 !<\/p>\n<p>&nbsp;<\/p>\n<p><em><strong>Comment d\u00e9finiriez-vous ce r\u00f4le ?<\/strong><\/em><\/p>\n<p>Je l'ai toujours dit : le responsable qualit\u00e9 devient de plus en plus - et je parle ici surtout des PME - un d\u00e9veloppeur d'entreprise. Aujourd'hui, nous voyons des managers de qualit\u00e9 faire carri\u00e8re et gravir les \u00e9chelons. Car ils ont non seulement une responsabilit\u00e9 technique \u00e9troite, mais aussi les comp\u00e9tences n\u00e9cessaires pour s'affirmer dans diverses fonctions.<\/p>\n<p>&nbsp;<\/p>\n<p><em><strong>Cela ne brouille-t-il pas le profil professionnel ?<\/strong> <\/em><\/p>\n<p>Les responsables de la qualit\u00e9 ont aujourd'hui des t\u00e2ches beaucoup plus exigeantes que par le pass\u00e9. C'est ce qui rend la chose passionnante pour nous aussi. Nous sommes s\u00fbrs que ces experts seront toujours n\u00e9cessaires, que le besoin sera toujours l\u00e0, dans chaque entreprise, dans chaque organisation qui se diff\u00e9rencie par la qualit\u00e9, mais un responsable qualit\u00e9 a aujourd'hui besoin de comp\u00e9tences \u00e9tendues.<\/p>\n<p>&nbsp;<\/p>\n<p><em><strong>Question : L'excellence des entreprises est-elle encore un probl\u00e8me ?<\/strong> <\/em><\/p>\n<p>Difficile \u00e0 dire, je trouve personnellement le mod\u00e8le excellent, surtout pour le d\u00e9veloppement des entreprises. L'application de cette approche est relativement r\u00e9pandue, en particulier dans le secteur des soins de sant\u00e9. Nous y revenons toujours dans nos consultations, notamment pour le d\u00e9veloppement du leadership. De nombreux joueurs ont simplement utilis\u00e9 le mod\u00e8le de mani\u00e8re incorrecte. Quasi comme un syst\u00e8me de gestion de la qualit\u00e9. Mais ce n'est pas le cas. C'est plus une fa\u00e7on de penser, cela aide \u00e0 poser les questions pertinentes et \u00e0 faire avancer sa propre organisation gr\u00e2ce \u00e0 des approches de meilleures pratiques.<\/p>\n<p>&nbsp;<\/p>\n<p><em><strong>Quels sont les autres \u00e9l\u00e9ments qui jouent un r\u00f4le dans le secteur du conseil ?<\/strong><\/em><\/p>\n<p>Dans les entreprises d'aujourd'hui, le Six Sigma est beaucoup plus important que l'EFQM. En externe et en interne, nous faisons beaucoup plus de formation Six Sigma aujourd'hui. Le kaizen est \u00e9galement un sujet de nouveau. La tendance \u00e0 la multiplication des r\u00e9glementations se refl\u00e8te \u00e9galement dans nos activit\u00e9s de conseil. Outre la technologie m\u00e9dicale et les soins de sant\u00e9, l'accent est mis ici sur les th\u00e8mes de la s\u00e9curit\u00e9 et de la s\u00fbret\u00e9.<\/p>\n<p>&nbsp;<\/p>\n<p><em><strong>Le conseil reste une activit\u00e9 essentielle ?<\/strong> <\/em><\/p>\n<p>Elle fait partie de notre mod\u00e8le d'entreprise ; en termes de ventes, elle repr\u00e9sente environ un quart. Notre principale activit\u00e9 est l'\u00e9ducation. Notre vision est claire : nous sommes le premier centre d'excellence en mati\u00e8re de qualit\u00e9. Nous responsabilisons et soutenons les individus et les entreprises. En tant que soci\u00e9t\u00e9 de conseil, nous pouvons \u00eatre remplac\u00e9s ; il y en a beaucoup d'autres. Mais en tant qu'organisme de formation, nous sommes uniques. Pour l'assurance qualit\u00e9, par exemple, qui reste tr\u00e8s importante, il n'y a gu\u00e8re d'alternatives en Suisse al\u00e9manique.<\/p>\n<p>&nbsp;<\/p>\n<p><em><strong>La SAQ-QUALICON ressent-elle le d\u00e9veloppement \u00e9conomique ?<\/strong> <\/em><\/p>\n<p>Oui, bien s\u00fbr. C'est toujours le m\u00eame jeu. Lorsque les co\u00fbts sont r\u00e9duits, c'est le budget de l'\u00e9ducation qui est le premier touch\u00e9. Parce que rien n'a encore \u00e9t\u00e9 fait dans ce domaine qui pourrait nuire \u00e0 court terme. L'effet est d\u00e9j\u00e0 l\u00e0 : Les clients industriels envoient moins de personnes en formation. Mais nous compensons cela par de nouveaux groupes cibles et des offres innovantes dans le secteur des services.<\/p>\n<p>&nbsp;<\/p>\n<p><em><strong>Sans nouvelles offres, les choses ne continueraient pas \u00e0 monter ?<\/strong> <\/em><\/p>\n<p>Chaque produit SAQ-QUALICON a un cycle de vie. En plus de nos classiques, il y a souvent un battage m\u00e9diatique et il dispara\u00eet \u00e0 nouveau. C'est pourquoi nous devons constamment identifier les nouveaux besoins \u00e0 un stade pr\u00e9coce. En ce moment, les choses vont extr\u00eamement bien, nous sommes dans une excellente position et nous avons de tr\u00e8s bons employ\u00e9s. Une \u00e9quipe extr\u00eamement professionnelle. C'est pourquoi je suis tr\u00e8s confiant.<\/p>\n<p>&nbsp;<\/p>\n<p><em><strong> La qualit\u00e9 vous donne encore des ailes ?<\/strong> <\/em><\/p>\n<p>Oui, ceux qui fournissent de la qualit\u00e9 ont des avantages \u00e9vidents sur le march\u00e9. Les hommes et les femmes qui sont actifs dans le domaine de la qualit\u00e9 aujourd'hui ont un label intemporel dans leur titre de fonction. Et : des sp\u00e9cialistes de qualit\u00e9 seront toujours demand\u00e9s \u00e0 l'avenir. Beat H\u00e4fliger, merci beaucoup pour l'interview.<\/p>","protected":false},"excerpt":{"rendered":"<p>&nbsp; &nbsp; Die SAQ-QUALICON AG ist wirtschaftlich gut aufgestellt. Weshalb? Beat H\u00e4fliger: Ein Punkt ist entscheidend: Wir konnten uns in der Schweizer Bildungslandschaft etablieren. Wir bieten zusammen mit unseren Ausbildungspartnern eidgen\u00f6ssisch anerkannte Abschl\u00fcsse an. Das hat uns ganz neues Marktpotenzial erschlossen. &nbsp; Was sind das f\u00fcr Abschl\u00fcsse? Begonnen haben wir 2007 mit Nachdiplomen f\u00fcr Qualit\u00e4tsmanager [&hellip;]<\/p>\n","protected":false},"author":62,"featured_media":12376,"comment_status":"closed","ping_status":"closed","sticky":false,"template":"","format":"standard","meta":{"_acf_changed":false,"footnotes":""},"categories":[4448],"tags":[4799],"class_list":["post-12306","post","type-post","status-publish","format-standard","has-post-thumbnail","hentry","category-allgemein","tag-11-2015"],"acf":[],"yoast_head":"<!-- This site is optimized with the Yoast SEO plugin v26.2 - https:\/\/yoast.com\/wordpress\/plugins\/seo\/ -->\n<title>Permanent im Wandel - MQ Management und Qualit\u00e4t<\/title>\n<meta name=\"description\" content=\"Die SAQ-QUALICON AG hat einen guten Ruf in derSchweiz. Aus- und Weiterbildung im Qualit\u00e4tsbereichsind ihr Markenzeichen. Doch der Markt verlangtst\u00e4ndig Anpassungen und Innovationen. Seit 2007 istBeat H\u00e4fliger ihr Gesch\u00e4ftsf\u00fchrer. Im MQ-Interviewzeigt er auf, wo die Herausforderungen liegen.\" \/>\n<meta name=\"robots\" content=\"index, follow, max-snippet:-1, max-image-preview:large, max-video-preview:-1\" \/>\n<link rel=\"canonical\" href=\"https:\/\/www.m-q.ch\/fr\/en-mutation-permanente\/\" \/>\n<meta property=\"og:locale\" content=\"fr_FR\" \/>\n<meta property=\"og:type\" content=\"article\" \/>\n<meta property=\"og:title\" content=\"Permanent im Wandel - MQ Management und Qualit\u00e4t\" \/>\n<meta property=\"og:description\" content=\"Die SAQ-QUALICON AG hat einen guten Ruf in derSchweiz. Aus- und Weiterbildung im Qualit\u00e4tsbereichsind ihr Markenzeichen. Doch der Markt verlangtst\u00e4ndig Anpassungen und Innovationen. Seit 2007 istBeat H\u00e4fliger ihr Gesch\u00e4ftsf\u00fchrer. Im MQ-Interviewzeigt er auf, wo die Herausforderungen liegen.\" \/>\n<meta property=\"og:url\" content=\"https:\/\/www.m-q.ch\/fr\/en-mutation-permanente\/\" \/>\n<meta property=\"og:site_name\" content=\"MQ Management und Qualit\u00e4t\" \/>\n<meta property=\"article:publisher\" content=\"https:\/\/www.facebook.com\/ManagementUndQualitaet\" \/>\n<meta property=\"article:published_time\" content=\"2015-11-03T10:54:50+00:00\" \/>\n<meta property=\"article:modified_time\" content=\"2021-02-16T14:13:45+00:00\" \/>\n<meta property=\"og:image\" content=\"https:\/\/www.m-q.ch\/wp-content\/uploads\/2021\/02\/Permanent-im-Wandel.jpg\" \/>\n\t<meta property=\"og:image:width\" content=\"810\" \/>\n\t<meta property=\"og:image:height\" content=\"1204\" \/>\n\t<meta property=\"og:image:type\" content=\"image\/jpeg\" \/>\n<meta name=\"author\" content=\"upwork_2\" \/>\n<meta name=\"twitter:card\" content=\"summary_large_image\" \/>\n<meta name=\"twitter:label1\" content=\"\u00c9crit par\" \/>\n\t<meta name=\"twitter:data1\" content=\"upwork_2\" \/>\n\t<meta name=\"twitter:label2\" content=\"Dur\u00e9e de lecture estim\u00e9e\" \/>\n\t<meta name=\"twitter:data2\" content=\"10 minutes\" \/>\n<script type=\"application\/ld+json\" class=\"yoast-schema-graph\">{\"@context\":\"https:\/\/schema.org\",\"@graph\":[{\"@type\":\"Article\",\"@id\":\"https:\/\/www.m-q.ch\/permanent-im-wandel\/#article\",\"isPartOf\":{\"@id\":\"https:\/\/www.m-q.ch\/permanent-im-wandel\/\"},\"author\":{\"name\":\"upwork_2\",\"@id\":\"https:\/\/www.m-q.ch\/fr\/#\/schema\/person\/71f647a41e4a3e361e6230f5134f3ba9\"},\"headline\":\"Permanent im Wandel\",\"datePublished\":\"2015-11-03T10:54:50+00:00\",\"dateModified\":\"2021-02-16T14:13:45+00:00\",\"mainEntityOfPage\":{\"@id\":\"https:\/\/www.m-q.ch\/permanent-im-wandel\/\"},\"wordCount\":1917,\"publisher\":{\"@id\":\"https:\/\/www.m-q.ch\/fr\/#organization\"},\"image\":{\"@id\":\"https:\/\/www.m-q.ch\/permanent-im-wandel\/#primaryimage\"},\"thumbnailUrl\":\"https:\/\/www.m-q.ch\/wp-content\/uploads\/2021\/02\/Permanent-im-Wandel.jpg\",\"keywords\":[\"11\/2015\"],\"articleSection\":[\"Allgemein\"],\"inLanguage\":\"fr-FR\"},{\"@type\":\"WebPage\",\"@id\":\"https:\/\/www.m-q.ch\/permanent-im-wandel\/\",\"url\":\"https:\/\/www.m-q.ch\/permanent-im-wandel\/\",\"name\":\"Permanent im Wandel - MQ Management und Qualit\u00e4t\",\"isPartOf\":{\"@id\":\"https:\/\/www.m-q.ch\/fr\/#website\"},\"primaryImageOfPage\":{\"@id\":\"https:\/\/www.m-q.ch\/permanent-im-wandel\/#primaryimage\"},\"image\":{\"@id\":\"https:\/\/www.m-q.ch\/permanent-im-wandel\/#primaryimage\"},\"thumbnailUrl\":\"https:\/\/www.m-q.ch\/wp-content\/uploads\/2021\/02\/Permanent-im-Wandel.jpg\",\"datePublished\":\"2015-11-03T10:54:50+00:00\",\"dateModified\":\"2021-02-16T14:13:45+00:00\",\"description\":\"Die SAQ-QUALICON AG hat einen guten Ruf in derSchweiz. Aus- und Weiterbildung im Qualit\u00e4tsbereichsind ihr Markenzeichen. Doch der Markt verlangtst\u00e4ndig Anpassungen und Innovationen. Seit 2007 istBeat H\u00e4fliger ihr Gesch\u00e4ftsf\u00fchrer. Im MQ-Interviewzeigt er auf, wo die Herausforderungen liegen.\",\"breadcrumb\":{\"@id\":\"https:\/\/www.m-q.ch\/permanent-im-wandel\/#breadcrumb\"},\"inLanguage\":\"fr-FR\",\"potentialAction\":[{\"@type\":\"ReadAction\",\"target\":[\"https:\/\/www.m-q.ch\/permanent-im-wandel\/\"]}]},{\"@type\":\"ImageObject\",\"inLanguage\":\"fr-FR\",\"@id\":\"https:\/\/www.m-q.ch\/permanent-im-wandel\/#primaryimage\",\"url\":\"https:\/\/www.m-q.ch\/wp-content\/uploads\/2021\/02\/Permanent-im-Wandel.jpg\",\"contentUrl\":\"https:\/\/www.m-q.ch\/wp-content\/uploads\/2021\/02\/Permanent-im-Wandel.jpg\",\"width\":810,\"height\":1204,\"caption\":\"Permanent im Wandel\"},{\"@type\":\"BreadcrumbList\",\"@id\":\"https:\/\/www.m-q.ch\/permanent-im-wandel\/#breadcrumb\",\"itemListElement\":[{\"@type\":\"ListItem\",\"position\":1,\"name\":\"Allgemein\",\"item\":\"https:\/\/www.m-q.ch\/kategorie\/allgemein\/\"},{\"@type\":\"ListItem\",\"position\":2,\"name\":\"Permanent im Wandel\"}]},{\"@type\":\"WebSite\",\"@id\":\"https:\/\/www.m-q.ch\/fr\/#website\",\"url\":\"https:\/\/www.m-q.ch\/fr\/\",\"name\":\"MQ Management und Qualit\u00e4t\",\"description\":\"Plattform f\u00fcr integrierte Managementsysteme.\",\"publisher\":{\"@id\":\"https:\/\/www.m-q.ch\/fr\/#organization\"},\"potentialAction\":[{\"@type\":\"SearchAction\",\"target\":{\"@type\":\"EntryPoint\",\"urlTemplate\":\"https:\/\/www.m-q.ch\/fr\/?s={search_term_string}\"},\"query-input\":{\"@type\":\"PropertyValueSpecification\",\"valueRequired\":true,\"valueName\":\"search_term_string\"}}],\"inLanguage\":\"fr-FR\"},{\"@type\":\"Organization\",\"@id\":\"https:\/\/www.m-q.ch\/fr\/#organization\",\"name\":\"Galledia Fachmedien AG\",\"url\":\"https:\/\/www.m-q.ch\/fr\/\",\"logo\":{\"@type\":\"ImageObject\",\"inLanguage\":\"fr-FR\",\"@id\":\"https:\/\/www.m-q.ch\/fr\/#\/schema\/logo\/image\/\",\"url\":\"https:\/\/www.m-q.ch\/wp-content\/uploads\/2020\/12\/cropped-logo_small.png\",\"contentUrl\":\"https:\/\/www.m-q.ch\/wp-content\/uploads\/2020\/12\/cropped-logo_small.png\",\"width\":512,\"height\":512,\"caption\":\"Galledia Fachmedien AG\"},\"image\":{\"@id\":\"https:\/\/www.m-q.ch\/fr\/#\/schema\/logo\/image\/\"},\"sameAs\":[\"https:\/\/www.facebook.com\/ManagementUndQualitaet\",\"https:\/\/www.linkedin.com\/showcase\/17982321\/admin\/\"]},{\"@type\":\"Person\",\"@id\":\"https:\/\/www.m-q.ch\/fr\/#\/schema\/person\/71f647a41e4a3e361e6230f5134f3ba9\",\"name\":\"upwork_2\",\"image\":{\"@type\":\"ImageObject\",\"inLanguage\":\"fr-FR\",\"@id\":\"https:\/\/www.m-q.ch\/fr\/#\/schema\/person\/image\/\",\"url\":\"https:\/\/secure.gravatar.com\/avatar\/777b90ab56092bbf3c85feacda5c1bce?s=96&d=mm&r=g\",\"contentUrl\":\"https:\/\/secure.gravatar.com\/avatar\/777b90ab56092bbf3c85feacda5c1bce?s=96&d=mm&r=g\",\"caption\":\"upwork_2\"},\"url\":\"https:\/\/www.m-q.ch\/fr\/author\/upwork_2\/\"}]}<\/script>\n<!-- \/ Yoast SEO plugin. -->","yoast_head_json":{"title":"Changement permanent - MQ Management et qualit\u00e9","description":"La SAQ-QUALICON AG jouit d'une bonne r\u00e9putation en Suisse. La formation et la formation continue dans le domaine de la qualit\u00e9 sont sa marque de fabrique. Mais le march\u00e9 exige des ajustements et des innovations. Depuis 2007, Beat H\u00e4fliger en est le directeur g\u00e9n\u00e9ral. Dans l'interview de MQ, il montre o\u00f9 se situent les d\u00e9fis.","robots":{"index":"index","follow":"follow","max-snippet":"max-snippet:-1","max-image-preview":"max-image-preview:large","max-video-preview":"max-video-preview:-1"},"canonical":"https:\/\/www.m-q.ch\/fr\/en-mutation-permanente\/","og_locale":"fr_FR","og_type":"article","og_title":"Permanent im Wandel - MQ Management und Qualit\u00e4t","og_description":"Die SAQ-QUALICON AG hat einen guten Ruf in derSchweiz. Aus- und Weiterbildung im Qualit\u00e4tsbereichsind ihr Markenzeichen. Doch der Markt verlangtst\u00e4ndig Anpassungen und Innovationen. Seit 2007 istBeat H\u00e4fliger ihr Gesch\u00e4ftsf\u00fchrer. Im MQ-Interviewzeigt er auf, wo die Herausforderungen liegen.","og_url":"https:\/\/www.m-q.ch\/fr\/en-mutation-permanente\/","og_site_name":"MQ Management und Qualit\u00e4t","article_publisher":"https:\/\/www.facebook.com\/ManagementUndQualitaet","article_published_time":"2015-11-03T10:54:50+00:00","article_modified_time":"2021-02-16T14:13:45+00:00","og_image":[{"width":810,"height":1204,"url":"https:\/\/www.m-q.ch\/wp-content\/uploads\/2021\/02\/Permanent-im-Wandel.jpg","type":"image\/jpeg"}],"author":"upwork_2","twitter_card":"summary_large_image","twitter_misc":{"\u00c9crit par":"upwork_2","Dur\u00e9e de lecture estim\u00e9e":"10 minutes"},"schema":{"@context":"https:\/\/schema.org","@graph":[{"@type":"Article","@id":"https:\/\/www.m-q.ch\/permanent-im-wandel\/#article","isPartOf":{"@id":"https:\/\/www.m-q.ch\/permanent-im-wandel\/"},"author":{"name":"upwork_2","@id":"https:\/\/www.m-q.ch\/fr\/#\/schema\/person\/71f647a41e4a3e361e6230f5134f3ba9"},"headline":"Permanent im Wandel","datePublished":"2015-11-03T10:54:50+00:00","dateModified":"2021-02-16T14:13:45+00:00","mainEntityOfPage":{"@id":"https:\/\/www.m-q.ch\/permanent-im-wandel\/"},"wordCount":1917,"publisher":{"@id":"https:\/\/www.m-q.ch\/fr\/#organization"},"image":{"@id":"https:\/\/www.m-q.ch\/permanent-im-wandel\/#primaryimage"},"thumbnailUrl":"https:\/\/www.m-q.ch\/wp-content\/uploads\/2021\/02\/Permanent-im-Wandel.jpg","keywords":["11\/2015"],"articleSection":["Allgemein"],"inLanguage":"fr-FR"},{"@type":"WebPage","@id":"https:\/\/www.m-q.ch\/permanent-im-wandel\/","url":"https:\/\/www.m-q.ch\/permanent-im-wandel\/","name":"Changement permanent - MQ Management et qualit\u00e9","isPartOf":{"@id":"https:\/\/www.m-q.ch\/fr\/#website"},"primaryImageOfPage":{"@id":"https:\/\/www.m-q.ch\/permanent-im-wandel\/#primaryimage"},"image":{"@id":"https:\/\/www.m-q.ch\/permanent-im-wandel\/#primaryimage"},"thumbnailUrl":"https:\/\/www.m-q.ch\/wp-content\/uploads\/2021\/02\/Permanent-im-Wandel.jpg","datePublished":"2015-11-03T10:54:50+00:00","dateModified":"2021-02-16T14:13:45+00:00","description":"La SAQ-QUALICON AG jouit d'une bonne r\u00e9putation en Suisse. La formation et la formation continue dans le domaine de la qualit\u00e9 sont sa marque de fabrique. Mais le march\u00e9 exige des ajustements et des innovations. Depuis 2007, Beat H\u00e4fliger en est le directeur g\u00e9n\u00e9ral. Dans l'interview de MQ, il montre o\u00f9 se situent les d\u00e9fis.","breadcrumb":{"@id":"https:\/\/www.m-q.ch\/permanent-im-wandel\/#breadcrumb"},"inLanguage":"fr-FR","potentialAction":[{"@type":"ReadAction","target":["https:\/\/www.m-q.ch\/permanent-im-wandel\/"]}]},{"@type":"ImageObject","inLanguage":"fr-FR","@id":"https:\/\/www.m-q.ch\/permanent-im-wandel\/#primaryimage","url":"https:\/\/www.m-q.ch\/wp-content\/uploads\/2021\/02\/Permanent-im-Wandel.jpg","contentUrl":"https:\/\/www.m-q.ch\/wp-content\/uploads\/2021\/02\/Permanent-im-Wandel.jpg","width":810,"height":1204,"caption":"Permanent im Wandel"},{"@type":"BreadcrumbList","@id":"https:\/\/www.m-q.ch\/permanent-im-wandel\/#breadcrumb","itemListElement":[{"@type":"ListItem","position":1,"name":"Allgemein","item":"https:\/\/www.m-q.ch\/kategorie\/allgemein\/"},{"@type":"ListItem","position":2,"name":"Permanent im Wandel"}]},{"@type":"WebSite","@id":"https:\/\/www.m-q.ch\/fr\/#website","url":"https:\/\/www.m-q.ch\/fr\/","name":"Gestion et qualit\u00e9 du QM","description":"Plate-forme pour les syst\u00e8mes de gestion int\u00e9gr\u00e9e.","publisher":{"@id":"https:\/\/www.m-q.ch\/fr\/#organization"},"potentialAction":[{"@type":"SearchAction","target":{"@type":"EntryPoint","urlTemplate":"https:\/\/www.m-q.ch\/fr\/?s={search_term_string}"},"query-input":{"@type":"PropertyValueSpecification","valueRequired":true,"valueName":"search_term_string"}}],"inLanguage":"fr-FR"},{"@type":"Organization","@id":"https:\/\/www.m-q.ch\/fr\/#organization","name":"Galledia Trade Media AG","url":"https:\/\/www.m-q.ch\/fr\/","logo":{"@type":"ImageObject","inLanguage":"fr-FR","@id":"https:\/\/www.m-q.ch\/fr\/#\/schema\/logo\/image\/","url":"https:\/\/www.m-q.ch\/wp-content\/uploads\/2020\/12\/cropped-logo_small.png","contentUrl":"https:\/\/www.m-q.ch\/wp-content\/uploads\/2020\/12\/cropped-logo_small.png","width":512,"height":512,"caption":"Galledia Fachmedien AG"},"image":{"@id":"https:\/\/www.m-q.ch\/fr\/#\/schema\/logo\/image\/"},"sameAs":["https:\/\/www.facebook.com\/ManagementUndQualitaet","https:\/\/www.linkedin.com\/showcase\/17982321\/admin\/"]},{"@type":"Person","@id":"https:\/\/www.m-q.ch\/fr\/#\/schema\/person\/71f647a41e4a3e361e6230f5134f3ba9","name":"upwork_2","image":{"@type":"ImageObject","inLanguage":"fr-FR","@id":"https:\/\/www.m-q.ch\/fr\/#\/schema\/person\/image\/","url":"https:\/\/secure.gravatar.com\/avatar\/777b90ab56092bbf3c85feacda5c1bce?s=96&d=mm&r=g","contentUrl":"https:\/\/secure.gravatar.com\/avatar\/777b90ab56092bbf3c85feacda5c1bce?s=96&d=mm&r=g","caption":"upwork_2"},"url":"https:\/\/www.m-q.ch\/fr\/author\/upwork_2\/"}]}},"_links":{"self":[{"href":"https:\/\/www.m-q.ch\/fr\/wp-json\/wp\/v2\/posts\/12306","targetHints":{"allow":["GET"]}}],"collection":[{"href":"https:\/\/www.m-q.ch\/fr\/wp-json\/wp\/v2\/posts"}],"about":[{"href":"https:\/\/www.m-q.ch\/fr\/wp-json\/wp\/v2\/types\/post"}],"author":[{"embeddable":true,"href":"https:\/\/www.m-q.ch\/fr\/wp-json\/wp\/v2\/users\/62"}],"replies":[{"embeddable":true,"href":"https:\/\/www.m-q.ch\/fr\/wp-json\/wp\/v2\/comments?post=12306"}],"version-history":[{"count":1,"href":"https:\/\/www.m-q.ch\/fr\/wp-json\/wp\/v2\/posts\/12306\/revisions"}],"predecessor-version":[{"id":12382,"href":"https:\/\/www.m-q.ch\/fr\/wp-json\/wp\/v2\/posts\/12306\/revisions\/12382"}],"wp:featuredmedia":[{"embeddable":true,"href":"https:\/\/www.m-q.ch\/fr\/wp-json\/wp\/v2\/media\/12376"}],"wp:attachment":[{"href":"https:\/\/www.m-q.ch\/fr\/wp-json\/wp\/v2\/media?parent=12306"}],"wp:term":[{"taxonomy":"category","embeddable":true,"href":"https:\/\/www.m-q.ch\/fr\/wp-json\/wp\/v2\/categories?post=12306"},{"taxonomy":"post_tag","embeddable":true,"href":"https:\/\/www.m-q.ch\/fr\/wp-json\/wp\/v2\/tags?post=12306"}],"curies":[{"name":"wp","href":"https:\/\/api.w.org\/{rel}","templated":true}]}}