{"id":12368,"date":"2015-11-05T14:56:11","date_gmt":"2015-11-05T13:56:11","guid":{"rendered":"https:\/\/www.m-q.ch\/?p=12368"},"modified":"2021-02-16T15:17:41","modified_gmt":"2021-02-16T14:17:41","slug":"le-contact-avec-le-terrain-reste-une-obligation-incontournable","status":"publish","type":"post","link":"https:\/\/www.m-q.ch\/fr\/le-contact-avec-le-terrain-reste-une-obligation-incontournable\/","title":{"rendered":"\"Le contact avec le terrain reste une obligation incontournable"},"content":{"rendered":"<p><img loading=\"lazy\" decoding=\"async\" class=\"alignnone size-full wp-image-12384\" src=\"https:\/\/www.m-q.ch\/wp-content\/uploads\/2021\/02\/Le-contact-avec-le-terrain-reste-une-obligation-incontournable-.jpg\" alt=\"&quot;Le contact avec le terrain reste une obligation incontournable\" width=\"867\" height=\"602\" srcset=\"https:\/\/www.m-q.ch\/wp-content\/uploads\/2021\/02\/Le-contact-avec-le-terrain-reste-une-obligation-incontournable-.jpg 867w, https:\/\/www.m-q.ch\/wp-content\/uploads\/2021\/02\/Le-contact-avec-le-terrain-reste-une-obligation-incontournable--768x533.jpg 768w, https:\/\/www.m-q.ch\/wp-content\/uploads\/2021\/02\/Le-contact-avec-le-terrain-reste-une-obligation-incontournable--16x12.jpg 16w, https:\/\/www.m-q.ch\/wp-content\/uploads\/2021\/02\/Le-contact-avec-le-terrain-reste-une-obligation-incontournable--252x175.jpg 252w, https:\/\/www.m-q.ch\/wp-content\/uploads\/2021\/02\/Le-contact-avec-le-terrain-reste-une-obligation-incontournable--504x350.jpg 504w, https:\/\/www.m-q.ch\/wp-content\/uploads\/2021\/02\/Le-contact-avec-le-terrain-reste-une-obligation-incontournable--300x208.jpg 300w\" sizes=\"auto, (max-width: 867px) 100vw, 867px\" \/><\/p>\n<p>&nbsp;<\/p>\n<p>&nbsp;<\/p>\n<p><em><strong>Dans quel contexte l'institut ARIAQ travaille-t-il aujourd'hui ?<\/strong> <\/em><\/p>\n<p>Actif depuis plus de 25 ans dans le domaine de la qualit\u00e9, le centre de formation ARIAQ a travers\u00e9 plusieurs cycles importants. Le centre de formation fait maintenant partie de la SAQ \u00e0 100 %. Afin de r\u00e9pondre aux projets de certification des entreprises, ARIAQ a propos\u00e9 des formations pour aider \u00e0 la mise en place de syst\u00e8mes de gestion bas\u00e9s sur la s\u00e9rie de normes ISO 9000. Aujourd'hui, ARIAQ travaille plus sur l'aspect de l'efficacit\u00e9 que sur celui de la conformit\u00e9, et il en va de m\u00eame pour les services et l'administration.<\/p>\n<p>&nbsp;<\/p>\n<p><em><strong>Quel est l'aspect le plus singulier de votre centre de formation ?<\/strong> <\/em><\/p>\n<p>Il s'agit certainement d'une question de survie permanente. Un institut de formation priv\u00e9 ne peut survivre que gr\u00e2ce \u00e0 la qualit\u00e9 de ses services. En fin de compte, nous devons mettre en pratique ce que nous faisons dans nos cours de formation, ce qui n'est finalement pas si mal...<\/p>\n<p>&nbsp;<\/p>\n<p><em><strong>Ressentez-vous une concurrence particuli\u00e8re touchant vos activit\u00e9s principales ?<\/strong><\/em><\/p>\n<p>Nos activit\u00e9s sont largement concentr\u00e9es en Suisse romande. R\u00e9cemment, nous avons \u00e9t\u00e9 mandat\u00e9s par un groupe international pour dispenser une formation en Suisse et, compte tenu de la concurrence europ\u00e9enne et du franc suisse, cela a \u00e9t\u00e9 un grand plaisir pour nous. En Suisse, nous sommes particuli\u00e8rement conscients de la culture locale et du tissu \u00e9conomique avec lesquels nous sommes en contact permanent. Les comp\u00e9tences techniques et humaines de nos formateurs sont tr\u00e8s appr\u00e9ci\u00e9es. Ils ont tous plus de six ans d'exp\u00e9rience dans le domaine et cette exp\u00e9rience est prise en compte dans la r\u00e9solution des probl\u00e8mes.<\/p>\n<p>&nbsp;<\/p>\n<p><em><strong>Vous \u00eates pr\u00e9sent \u00e0 Gen\u00e8ve et \u00e0 Yverdon-les-Bains. Quelle diff\u00e9rence cela fait-il ?<\/strong> <\/em><\/p>\n<p>Gen\u00e8ve est un march\u00e9 tr\u00e8s dynamique qui nous sert bien. La concurrence y est f\u00e9roce. D'autre part, nous pensons que notre approche de la formation, qui est tr\u00e8s ax\u00e9e sur la performance, r\u00e9pond de plus en plus aux besoins des organisations genevoises. Nous pensons \u00e9galement que notre centre de formation \u00e0 Yverdon-les-Bains est id\u00e9alement situ\u00e9 pour tous les cantons francophones.<\/p>\n<p>&nbsp;<\/p>\n<p><em><strong>Comment ARIAQ a-t-elle \u00e9volu\u00e9 ces derni\u00e8res ann\u00e9es ?<\/strong> <\/em><\/p>\n<p>La taille d'ARIAQ n'a pas \u00e9volu\u00e9. Nous sommes toujours une PME. Par contre, notre offre a subi une mutation profonde. Il s'adresse notamment \u00e0 un ensemble d'entreprises qui sont leaders dans leur secteur. Bien que la formation reste une activit\u00e9 cl\u00e9, le Conseil a \u00e9volu\u00e9 de mani\u00e8re tr\u00e8s satisfaisante au cours des derni\u00e8res ann\u00e9es. Notre objectif est de trouver un \u00e9quilibre permanent entre la formation et le conseil et, certainement, entre les concepts th\u00e9oriques et la pratique de ces concepts sur le lieu de travail. Nous sommes d'avis que le contact avec le \" terrain \" reste une obligation incontournable d'un bon formateur. Un point que nous avons beaucoup d\u00e9velopp\u00e9 ces derni\u00e8res ann\u00e9es.<\/p>","protected":false},"excerpt":{"rendered":"<p>&nbsp; &nbsp; Dans quel contexte l\u2019institut ARIAQ travaille-t-il aujourd\u2019hui ? Actif depuis pr\u00e8s de 25 ans dans le domaine de la qualit\u00e9, le centre de formation ARIAQ a v\u00e9cu plusieurs cycles significatifs. Le centre de formation appartient aujourd\u2019hui \u00e0 100 % \u00e0 la SAQ. Pour r\u00e9pondre aux projets de certification des entreprises, ARIAQ a propos\u00e9 [&hellip;]<\/p>\n","protected":false},"author":62,"featured_media":12384,"comment_status":"closed","ping_status":"closed","sticky":false,"template":"","format":"standard","meta":{"_acf_changed":false,"footnotes":""},"categories":[4448],"tags":[4799],"class_list":["post-12368","post","type-post","status-publish","format-standard","has-post-thumbnail","hentry","category-allgemein","tag-11-2015"],"acf":[],"yoast_head":"<!-- This site is optimized with the Yoast SEO plugin v26.2 - https:\/\/yoast.com\/wordpress\/plugins\/seo\/ -->\n<title>\u00ab Le contact avec le terrain reste une obligation incontournable \u00bb - MQ Management und Qualit\u00e4t<\/title>\n<meta name=\"description\" content=\"\u00ab Management &amp; Qualit\u00e4t \u00bb apporte son soutien actifau sujet \u00ab 50 Jahre SAQ \u00bb. Plusieurs articles et interviewstraitent des aspects et exigences pour soutenir la\u00ab qualit\u00e9 \u00bb en Suisse. Ci-joint vous trouverez de plusamples \u00e9clairages de Rapha\u00ebl Granges, Directeurd\u2019ARIAQ, et membre du comit\u00e9 central SAQ.\" \/>\n<meta name=\"robots\" content=\"index, follow, max-snippet:-1, max-image-preview:large, max-video-preview:-1\" \/>\n<link rel=\"canonical\" href=\"https:\/\/www.m-q.ch\/fr\/le-contact-avec-le-terrain-reste-une-obligation-incontournable\/\" \/>\n<meta property=\"og:locale\" content=\"fr_FR\" \/>\n<meta property=\"og:type\" content=\"article\" \/>\n<meta property=\"og:title\" content=\"\u00ab Le contact avec le terrain reste une obligation incontournable \u00bb - MQ Management und Qualit\u00e4t\" \/>\n<meta property=\"og:description\" content=\"\u00ab Management &amp; Qualit\u00e4t \u00bb apporte son soutien actifau sujet \u00ab 50 Jahre SAQ \u00bb. Plusieurs articles et interviewstraitent des aspects et exigences pour soutenir la\u00ab qualit\u00e9 \u00bb en Suisse. Ci-joint vous trouverez de plusamples \u00e9clairages de Rapha\u00ebl Granges, Directeurd\u2019ARIAQ, et membre du comit\u00e9 central SAQ.\" \/>\n<meta property=\"og:url\" content=\"https:\/\/www.m-q.ch\/fr\/le-contact-avec-le-terrain-reste-une-obligation-incontournable\/\" \/>\n<meta property=\"og:site_name\" content=\"MQ Management und Qualit\u00e4t\" \/>\n<meta property=\"article:publisher\" content=\"https:\/\/www.facebook.com\/ManagementUndQualitaet\" \/>\n<meta property=\"article:published_time\" content=\"2015-11-05T13:56:11+00:00\" \/>\n<meta property=\"article:modified_time\" content=\"2021-02-16T14:17:41+00:00\" \/>\n<meta property=\"og:image\" content=\"https:\/\/www.m-q.ch\/wp-content\/uploads\/2021\/02\/Le-contact-avec-le-terrain-reste-une-obligation-incontournable-.jpg\" \/>\n\t<meta property=\"og:image:width\" content=\"867\" \/>\n\t<meta property=\"og:image:height\" content=\"602\" \/>\n\t<meta property=\"og:image:type\" content=\"image\/jpeg\" \/>\n<meta name=\"author\" content=\"upwork_2\" \/>\n<meta name=\"twitter:card\" content=\"summary_large_image\" \/>\n<meta name=\"twitter:label1\" content=\"\u00c9crit par\" \/>\n\t<meta name=\"twitter:data1\" content=\"upwork_2\" \/>\n\t<meta name=\"twitter:label2\" content=\"Dur\u00e9e de lecture estim\u00e9e\" \/>\n\t<meta name=\"twitter:data2\" content=\"3 minutes\" \/>\n<script type=\"application\/ld+json\" class=\"yoast-schema-graph\">{\"@context\":\"https:\/\/schema.org\",\"@graph\":[{\"@type\":\"Article\",\"@id\":\"https:\/\/www.m-q.ch\/le-contact-avec-le-terrain-reste-une-obligation-incontournable\/#article\",\"isPartOf\":{\"@id\":\"https:\/\/www.m-q.ch\/le-contact-avec-le-terrain-reste-une-obligation-incontournable\/\"},\"author\":{\"name\":\"upwork_2\",\"@id\":\"https:\/\/www.m-q.ch\/fr\/#\/schema\/person\/71f647a41e4a3e361e6230f5134f3ba9\"},\"headline\":\"\u00ab Le contact avec le terrain reste une obligation incontournable \u00bb\",\"datePublished\":\"2015-11-05T13:56:11+00:00\",\"dateModified\":\"2021-02-16T14:17:41+00:00\",\"mainEntityOfPage\":{\"@id\":\"https:\/\/www.m-q.ch\/le-contact-avec-le-terrain-reste-une-obligation-incontournable\/\"},\"wordCount\":515,\"publisher\":{\"@id\":\"https:\/\/www.m-q.ch\/fr\/#organization\"},\"image\":{\"@id\":\"https:\/\/www.m-q.ch\/le-contact-avec-le-terrain-reste-une-obligation-incontournable\/#primaryimage\"},\"thumbnailUrl\":\"https:\/\/www.m-q.ch\/wp-content\/uploads\/2021\/02\/Le-contact-avec-le-terrain-reste-une-obligation-incontournable-.jpg\",\"keywords\":[\"11\/2015\"],\"articleSection\":[\"Allgemein\"],\"inLanguage\":\"fr-FR\"},{\"@type\":\"WebPage\",\"@id\":\"https:\/\/www.m-q.ch\/le-contact-avec-le-terrain-reste-une-obligation-incontournable\/\",\"url\":\"https:\/\/www.m-q.ch\/le-contact-avec-le-terrain-reste-une-obligation-incontournable\/\",\"name\":\"\u00ab Le contact avec le terrain reste une obligation incontournable \u00bb - MQ Management und Qualit\u00e4t\",\"isPartOf\":{\"@id\":\"https:\/\/www.m-q.ch\/fr\/#website\"},\"primaryImageOfPage\":{\"@id\":\"https:\/\/www.m-q.ch\/le-contact-avec-le-terrain-reste-une-obligation-incontournable\/#primaryimage\"},\"image\":{\"@id\":\"https:\/\/www.m-q.ch\/le-contact-avec-le-terrain-reste-une-obligation-incontournable\/#primaryimage\"},\"thumbnailUrl\":\"https:\/\/www.m-q.ch\/wp-content\/uploads\/2021\/02\/Le-contact-avec-le-terrain-reste-une-obligation-incontournable-.jpg\",\"datePublished\":\"2015-11-05T13:56:11+00:00\",\"dateModified\":\"2021-02-16T14:17:41+00:00\",\"description\":\"\u00ab Management & Qualit\u00e4t \u00bb apporte son soutien actifau sujet \u00ab 50 Jahre SAQ \u00bb. Plusieurs articles et interviewstraitent des aspects et exigences pour soutenir la\u00ab qualit\u00e9 \u00bb en Suisse. Ci-joint vous trouverez de plusamples \u00e9clairages de Rapha\u00ebl Granges, Directeurd\u2019ARIAQ, et membre du comit\u00e9 central SAQ.\",\"breadcrumb\":{\"@id\":\"https:\/\/www.m-q.ch\/le-contact-avec-le-terrain-reste-une-obligation-incontournable\/#breadcrumb\"},\"inLanguage\":\"fr-FR\",\"potentialAction\":[{\"@type\":\"ReadAction\",\"target\":[\"https:\/\/www.m-q.ch\/le-contact-avec-le-terrain-reste-une-obligation-incontournable\/\"]}]},{\"@type\":\"ImageObject\",\"inLanguage\":\"fr-FR\",\"@id\":\"https:\/\/www.m-q.ch\/le-contact-avec-le-terrain-reste-une-obligation-incontournable\/#primaryimage\",\"url\":\"https:\/\/www.m-q.ch\/wp-content\/uploads\/2021\/02\/Le-contact-avec-le-terrain-reste-une-obligation-incontournable-.jpg\",\"contentUrl\":\"https:\/\/www.m-q.ch\/wp-content\/uploads\/2021\/02\/Le-contact-avec-le-terrain-reste-une-obligation-incontournable-.jpg\",\"width\":867,\"height\":602,\"caption\":\"\u00ab Le contact avec le terrain reste une obligation incontournable \u00bb\"},{\"@type\":\"BreadcrumbList\",\"@id\":\"https:\/\/www.m-q.ch\/le-contact-avec-le-terrain-reste-une-obligation-incontournable\/#breadcrumb\",\"itemListElement\":[{\"@type\":\"ListItem\",\"position\":1,\"name\":\"Allgemein\",\"item\":\"https:\/\/www.m-q.ch\/kategorie\/allgemein\/\"},{\"@type\":\"ListItem\",\"position\":2,\"name\":\"\u00ab Le contact avec le terrain reste une obligation incontournable \u00bb\"}]},{\"@type\":\"WebSite\",\"@id\":\"https:\/\/www.m-q.ch\/fr\/#website\",\"url\":\"https:\/\/www.m-q.ch\/fr\/\",\"name\":\"MQ Management und Qualit\u00e4t\",\"description\":\"Plattform f\u00fcr integrierte Managementsysteme.\",\"publisher\":{\"@id\":\"https:\/\/www.m-q.ch\/fr\/#organization\"},\"potentialAction\":[{\"@type\":\"SearchAction\",\"target\":{\"@type\":\"EntryPoint\",\"urlTemplate\":\"https:\/\/www.m-q.ch\/fr\/?s={search_term_string}\"},\"query-input\":{\"@type\":\"PropertyValueSpecification\",\"valueRequired\":true,\"valueName\":\"search_term_string\"}}],\"inLanguage\":\"fr-FR\"},{\"@type\":\"Organization\",\"@id\":\"https:\/\/www.m-q.ch\/fr\/#organization\",\"name\":\"Galledia Fachmedien AG\",\"url\":\"https:\/\/www.m-q.ch\/fr\/\",\"logo\":{\"@type\":\"ImageObject\",\"inLanguage\":\"fr-FR\",\"@id\":\"https:\/\/www.m-q.ch\/fr\/#\/schema\/logo\/image\/\",\"url\":\"https:\/\/www.m-q.ch\/wp-content\/uploads\/2020\/12\/cropped-logo_small.png\",\"contentUrl\":\"https:\/\/www.m-q.ch\/wp-content\/uploads\/2020\/12\/cropped-logo_small.png\",\"width\":512,\"height\":512,\"caption\":\"Galledia Fachmedien AG\"},\"image\":{\"@id\":\"https:\/\/www.m-q.ch\/fr\/#\/schema\/logo\/image\/\"},\"sameAs\":[\"https:\/\/www.facebook.com\/ManagementUndQualitaet\",\"https:\/\/www.linkedin.com\/showcase\/17982321\/admin\/\"]},{\"@type\":\"Person\",\"@id\":\"https:\/\/www.m-q.ch\/fr\/#\/schema\/person\/71f647a41e4a3e361e6230f5134f3ba9\",\"name\":\"upwork_2\",\"image\":{\"@type\":\"ImageObject\",\"inLanguage\":\"fr-FR\",\"@id\":\"https:\/\/www.m-q.ch\/fr\/#\/schema\/person\/image\/\",\"url\":\"https:\/\/secure.gravatar.com\/avatar\/777b90ab56092bbf3c85feacda5c1bce?s=96&d=mm&r=g\",\"contentUrl\":\"https:\/\/secure.gravatar.com\/avatar\/777b90ab56092bbf3c85feacda5c1bce?s=96&d=mm&r=g\",\"caption\":\"upwork_2\"},\"url\":\"https:\/\/www.m-q.ch\/fr\/author\/upwork_2\/\"}]}<\/script>\n<!-- \/ Yoast SEO plugin. -->","yoast_head_json":{"title":"\"Le contact avec le terrain reste une obligation incontournable\" - MQ Management und Qualit\u00e4t","description":"\"Management &amp; Qualit\u00e9\" apporte son soutien actifau sujet \" 50 Jahre SAQ \". Plusieurs articles et interviewstraitent des aspects et exigences pour soutenir la \" qualit\u00e9 \" en Suisse. Ci-joint vous trouverez de plusamples \u00e9clairages de Rapha\u00ebl Granges, Directeurd'ARIAQ, et membre du comit\u00e9 central SAQ.","robots":{"index":"index","follow":"follow","max-snippet":"max-snippet:-1","max-image-preview":"max-image-preview:large","max-video-preview":"max-video-preview:-1"},"canonical":"https:\/\/www.m-q.ch\/fr\/le-contact-avec-le-terrain-reste-une-obligation-incontournable\/","og_locale":"fr_FR","og_type":"article","og_title":"\u00ab Le contact avec le terrain reste une obligation incontournable \u00bb - MQ Management und Qualit\u00e4t","og_description":"\u00ab Management & Qualit\u00e4t \u00bb apporte son soutien actifau sujet \u00ab 50 Jahre SAQ \u00bb. Plusieurs articles et interviewstraitent des aspects et exigences pour soutenir la\u00ab qualit\u00e9 \u00bb en Suisse. Ci-joint vous trouverez de plusamples \u00e9clairages de Rapha\u00ebl Granges, Directeurd\u2019ARIAQ, et membre du comit\u00e9 central SAQ.","og_url":"https:\/\/www.m-q.ch\/fr\/le-contact-avec-le-terrain-reste-une-obligation-incontournable\/","og_site_name":"MQ Management und Qualit\u00e4t","article_publisher":"https:\/\/www.facebook.com\/ManagementUndQualitaet","article_published_time":"2015-11-05T13:56:11+00:00","article_modified_time":"2021-02-16T14:17:41+00:00","og_image":[{"width":867,"height":602,"url":"https:\/\/www.m-q.ch\/wp-content\/uploads\/2021\/02\/Le-contact-avec-le-terrain-reste-une-obligation-incontournable-.jpg","type":"image\/jpeg"}],"author":"upwork_2","twitter_card":"summary_large_image","twitter_misc":{"\u00c9crit par":"upwork_2","Dur\u00e9e de lecture estim\u00e9e":"3 minutes"},"schema":{"@context":"https:\/\/schema.org","@graph":[{"@type":"Article","@id":"https:\/\/www.m-q.ch\/le-contact-avec-le-terrain-reste-une-obligation-incontournable\/#article","isPartOf":{"@id":"https:\/\/www.m-q.ch\/le-contact-avec-le-terrain-reste-une-obligation-incontournable\/"},"author":{"name":"upwork_2","@id":"https:\/\/www.m-q.ch\/fr\/#\/schema\/person\/71f647a41e4a3e361e6230f5134f3ba9"},"headline":"\u00ab Le contact avec le terrain reste une obligation incontournable \u00bb","datePublished":"2015-11-05T13:56:11+00:00","dateModified":"2021-02-16T14:17:41+00:00","mainEntityOfPage":{"@id":"https:\/\/www.m-q.ch\/le-contact-avec-le-terrain-reste-une-obligation-incontournable\/"},"wordCount":515,"publisher":{"@id":"https:\/\/www.m-q.ch\/fr\/#organization"},"image":{"@id":"https:\/\/www.m-q.ch\/le-contact-avec-le-terrain-reste-une-obligation-incontournable\/#primaryimage"},"thumbnailUrl":"https:\/\/www.m-q.ch\/wp-content\/uploads\/2021\/02\/Le-contact-avec-le-terrain-reste-une-obligation-incontournable-.jpg","keywords":["11\/2015"],"articleSection":["Allgemein"],"inLanguage":"fr-FR"},{"@type":"WebPage","@id":"https:\/\/www.m-q.ch\/le-contact-avec-le-terrain-reste-une-obligation-incontournable\/","url":"https:\/\/www.m-q.ch\/le-contact-avec-le-terrain-reste-une-obligation-incontournable\/","name":"\"Le contact avec le terrain reste une obligation incontournable\" - MQ Management und Qualit\u00e4t","isPartOf":{"@id":"https:\/\/www.m-q.ch\/fr\/#website"},"primaryImageOfPage":{"@id":"https:\/\/www.m-q.ch\/le-contact-avec-le-terrain-reste-une-obligation-incontournable\/#primaryimage"},"image":{"@id":"https:\/\/www.m-q.ch\/le-contact-avec-le-terrain-reste-une-obligation-incontournable\/#primaryimage"},"thumbnailUrl":"https:\/\/www.m-q.ch\/wp-content\/uploads\/2021\/02\/Le-contact-avec-le-terrain-reste-une-obligation-incontournable-.jpg","datePublished":"2015-11-05T13:56:11+00:00","dateModified":"2021-02-16T14:17:41+00:00","description":"\"Management &amp; Qualit\u00e9\" apporte son soutien actifau sujet \" 50 Jahre SAQ \". Plusieurs articles et interviewstraitent des aspects et exigences pour soutenir la \" qualit\u00e9 \" en Suisse. Ci-joint vous trouverez de plusamples \u00e9clairages de Rapha\u00ebl Granges, Directeurd'ARIAQ, et membre du comit\u00e9 central SAQ.","breadcrumb":{"@id":"https:\/\/www.m-q.ch\/le-contact-avec-le-terrain-reste-une-obligation-incontournable\/#breadcrumb"},"inLanguage":"fr-FR","potentialAction":[{"@type":"ReadAction","target":["https:\/\/www.m-q.ch\/le-contact-avec-le-terrain-reste-une-obligation-incontournable\/"]}]},{"@type":"ImageObject","inLanguage":"fr-FR","@id":"https:\/\/www.m-q.ch\/le-contact-avec-le-terrain-reste-une-obligation-incontournable\/#primaryimage","url":"https:\/\/www.m-q.ch\/wp-content\/uploads\/2021\/02\/Le-contact-avec-le-terrain-reste-une-obligation-incontournable-.jpg","contentUrl":"https:\/\/www.m-q.ch\/wp-content\/uploads\/2021\/02\/Le-contact-avec-le-terrain-reste-une-obligation-incontournable-.jpg","width":867,"height":602,"caption":"\u00ab Le contact avec le terrain reste une obligation incontournable \u00bb"},{"@type":"BreadcrumbList","@id":"https:\/\/www.m-q.ch\/le-contact-avec-le-terrain-reste-une-obligation-incontournable\/#breadcrumb","itemListElement":[{"@type":"ListItem","position":1,"name":"Allgemein","item":"https:\/\/www.m-q.ch\/kategorie\/allgemein\/"},{"@type":"ListItem","position":2,"name":"\u00ab Le contact avec le terrain reste une obligation incontournable \u00bb"}]},{"@type":"WebSite","@id":"https:\/\/www.m-q.ch\/fr\/#website","url":"https:\/\/www.m-q.ch\/fr\/","name":"Gestion et qualit\u00e9 du QM","description":"Plate-forme pour les syst\u00e8mes de gestion int\u00e9gr\u00e9e.","publisher":{"@id":"https:\/\/www.m-q.ch\/fr\/#organization"},"potentialAction":[{"@type":"SearchAction","target":{"@type":"EntryPoint","urlTemplate":"https:\/\/www.m-q.ch\/fr\/?s={search_term_string}"},"query-input":{"@type":"PropertyValueSpecification","valueRequired":true,"valueName":"search_term_string"}}],"inLanguage":"fr-FR"},{"@type":"Organization","@id":"https:\/\/www.m-q.ch\/fr\/#organization","name":"Galledia Trade Media AG","url":"https:\/\/www.m-q.ch\/fr\/","logo":{"@type":"ImageObject","inLanguage":"fr-FR","@id":"https:\/\/www.m-q.ch\/fr\/#\/schema\/logo\/image\/","url":"https:\/\/www.m-q.ch\/wp-content\/uploads\/2020\/12\/cropped-logo_small.png","contentUrl":"https:\/\/www.m-q.ch\/wp-content\/uploads\/2020\/12\/cropped-logo_small.png","width":512,"height":512,"caption":"Galledia Fachmedien AG"},"image":{"@id":"https:\/\/www.m-q.ch\/fr\/#\/schema\/logo\/image\/"},"sameAs":["https:\/\/www.facebook.com\/ManagementUndQualitaet","https:\/\/www.linkedin.com\/showcase\/17982321\/admin\/"]},{"@type":"Person","@id":"https:\/\/www.m-q.ch\/fr\/#\/schema\/person\/71f647a41e4a3e361e6230f5134f3ba9","name":"upwork_2","image":{"@type":"ImageObject","inLanguage":"fr-FR","@id":"https:\/\/www.m-q.ch\/fr\/#\/schema\/person\/image\/","url":"https:\/\/secure.gravatar.com\/avatar\/777b90ab56092bbf3c85feacda5c1bce?s=96&d=mm&r=g","contentUrl":"https:\/\/secure.gravatar.com\/avatar\/777b90ab56092bbf3c85feacda5c1bce?s=96&d=mm&r=g","caption":"upwork_2"},"url":"https:\/\/www.m-q.ch\/fr\/author\/upwork_2\/"}]}},"_links":{"self":[{"href":"https:\/\/www.m-q.ch\/fr\/wp-json\/wp\/v2\/posts\/12368","targetHints":{"allow":["GET"]}}],"collection":[{"href":"https:\/\/www.m-q.ch\/fr\/wp-json\/wp\/v2\/posts"}],"about":[{"href":"https:\/\/www.m-q.ch\/fr\/wp-json\/wp\/v2\/types\/post"}],"author":[{"embeddable":true,"href":"https:\/\/www.m-q.ch\/fr\/wp-json\/wp\/v2\/users\/62"}],"replies":[{"embeddable":true,"href":"https:\/\/www.m-q.ch\/fr\/wp-json\/wp\/v2\/comments?post=12368"}],"version-history":[{"count":1,"href":"https:\/\/www.m-q.ch\/fr\/wp-json\/wp\/v2\/posts\/12368\/revisions"}],"predecessor-version":[{"id":12386,"href":"https:\/\/www.m-q.ch\/fr\/wp-json\/wp\/v2\/posts\/12368\/revisions\/12386"}],"wp:featuredmedia":[{"embeddable":true,"href":"https:\/\/www.m-q.ch\/fr\/wp-json\/wp\/v2\/media\/12384"}],"wp:attachment":[{"href":"https:\/\/www.m-q.ch\/fr\/wp-json\/wp\/v2\/media?parent=12368"}],"wp:term":[{"taxonomy":"category","embeddable":true,"href":"https:\/\/www.m-q.ch\/fr\/wp-json\/wp\/v2\/categories?post=12368"},{"taxonomy":"post_tag","embeddable":true,"href":"https:\/\/www.m-q.ch\/fr\/wp-json\/wp\/v2\/tags?post=12368"}],"curies":[{"name":"wp","href":"https:\/\/api.w.org\/{rel}","templated":true}]}}