{"id":12447,"date":"2015-12-01T08:24:56","date_gmt":"2015-12-01T07:24:56","guid":{"rendered":"https:\/\/www.m-q.ch\/?p=12447"},"modified":"2021-02-17T09:18:12","modified_gmt":"2021-02-17T08:18:12","slug":"la-qualite-nest-pas-statique","status":"publish","type":"post","link":"https:\/\/www.m-q.ch\/fr\/qualitaet-ist-nichts-statisches\/","title":{"rendered":"\"La qualit\u00e9 n'est pas quelque chose de statique\""},"content":{"rendered":"<p><img loading=\"lazy\" decoding=\"async\" class=\"alignnone size-full wp-image-12462\" src=\"https:\/\/www.m-q.ch\/wp-content\/uploads\/2021\/02\/Qualitaet-ist-nichts-Statisches.jpg\" alt=\"&quot;La qualit\u00e9 n&#039;est pas quelque chose de statique&quot;\" width=\"840\" height=\"735\" srcset=\"https:\/\/www.m-q.ch\/wp-content\/uploads\/2021\/02\/Qualitaet-ist-nichts-Statisches.jpg 840w, https:\/\/www.m-q.ch\/wp-content\/uploads\/2021\/02\/Qualitaet-ist-nichts-Statisches-768x672.jpg 768w, https:\/\/www.m-q.ch\/wp-content\/uploads\/2021\/02\/Qualitaet-ist-nichts-Statisches-14x12.jpg 14w, https:\/\/www.m-q.ch\/wp-content\/uploads\/2021\/02\/Qualitaet-ist-nichts-Statisches-200x175.jpg 200w, https:\/\/www.m-q.ch\/wp-content\/uploads\/2021\/02\/Qualitaet-ist-nichts-Statisches-400x350.jpg 400w, https:\/\/www.m-q.ch\/wp-content\/uploads\/2021\/02\/Qualitaet-ist-nichts-Statisches-300x263.jpg 300w\" sizes=\"auto, (max-width: 840px) 100vw, 840px\" \/><\/p>\n<p>&nbsp;<\/p>\n<p>&nbsp;<\/p>\n<p>&nbsp;<\/p>\n<p>Ruedi Lustenberger a pris la pr\u00e9sidence de la SAQ il y a un peu moins de deux ans. Suite \u00e0 sa retraite de la politique - il \u00e9tait membre du Conseil national du PDC de Lucerne depuis 1999 - il a maintenant plus de temps \u00e0 consacrer \u00e0 ses activit\u00e9s associatives.<\/p>\n<p>&nbsp;<\/p>\n<p><em><strong>M. Lustenberger, comment avez-vous v\u00e9cu l'ann\u00e9e anniversaire de votre point de vue personnel ?<\/strong> <\/em><\/p>\n<p><em>Ruedi Lustenberger :<\/em> J'ai pu le vivre en tant que \"jeune\" pr\u00e9sident - dans le sens de \"jeune en fonction\". Avec le directeur g\u00e9n\u00e9ral et le conseil d'administration, j'ai pu pr\u00e9parer les \u00e9v\u00e9nements et j'ai pu constater que nous avons pu d\u00e9velopper les diff\u00e9rentes activit\u00e9s sur une p\u00e9riode id\u00e9ale. J'ai \u00e9t\u00e9 particuli\u00e8rement satisfait de tous les jeunes que nous avons honor\u00e9s en tant qu'ambassadeurs de la qualit\u00e9 lors de la Journ\u00e9e suisse de la qualit\u00e9. Nous avons pu envoyer un bon signal avec ces jeunes professionnels qui ont particip\u00e9 aux championnats suisses de comp\u00e9tences.<\/p>\n<p>&nbsp;<\/p>\n<p><em><strong>Que se passe-t-il maintenant avec ces ambassadeurs de qualit\u00e9 ?<\/strong> <\/em><\/p>\n<p>Lors d'une prochaine r\u00e9union du conseil d'administration, nous r\u00e9fl\u00e9chirons \u00e0 la mani\u00e8re dont nous pouvons rendre les avantages des ambassadeurs de qualit\u00e9 encore plus durables. Rien n'a encore \u00e9t\u00e9 d\u00e9cid\u00e9, mais l'id\u00e9e \u00e9tait bonne en tout cas. Parce que : lors de l'exposition \"Swiss Skills\" - et aussi \"World Skills\" - vous avez pu voir comment tous ces jeunes ont incarn\u00e9 et pr\u00e9sent\u00e9 de mani\u00e8re vivante la qualit\u00e9 suisse, qui jouit d'une bonne r\u00e9putation dans le monde entier. Notre syst\u00e8me de formation professionnelle en alternance me tient beaucoup \u00e0 c\u0153ur, et j'ai moi-m\u00eame form\u00e9 deux douzaines d'apprentis dans mon atelier de menuiserie. C'\u00e9tait un beau geste de la part de la SAQ de s'inspirer pr\u00e9cis\u00e9ment de cela dans son ann\u00e9e d'anniversaire. Apr\u00e8s tout, c'est notre syst\u00e8me \u00e9ducatif qui maintient la qualit\u00e9 suisse et la porte vers l'avenir. Nous avons \u00e9galement c\u00e9l\u00e9br\u00e9 un anniversaire digne de ce nom \u00e0 l'occasion de la Journ\u00e9e suisse de la qualit\u00e9. J'ai \u00e9t\u00e9 particuli\u00e8rement heureux que la conseill\u00e8re f\u00e9d\u00e9rale Doris Leuthard ait honor\u00e9 l'occasion. Apr\u00e8s tout, il n'est pas \u00e9vident qu'un membre du gouvernement national rende simplement hommage \u00e0 une association qui c\u00e9l\u00e8bre son 50e anniversaire.<\/p>\n<p>&nbsp;<\/p>\n<p><em><strong>Dans quelle mesure \u00eates-vous satisfait de la perception de l'association par le public ? La pr\u00e9sence d'un conseiller f\u00e9d\u00e9ral doit indiquer un haut niveau de pertinence.<\/strong> <\/em><\/p>\n<p>Si une association comme la SAQ a besoin de se rattraper quelque part, c'est bien dans ce domaine - selon la devise : faire le bien et en parler. Bien s\u00fbr : nos membres connaissent la SAQ et appr\u00e9cient son travail. Mais nous sommes encore trop peu connus du grand public. En d'autres termes, tous les gens qui s'occupent de qualit\u00e9 au quotidien n'ont pas la perception publique qu'ils m\u00e9ritent r\u00e9ellement.<\/p>\n<p>&nbsp;<\/p>\n<p><em><strong>En tant que \"jeune\" pr\u00e9sident, vous avez pu profiter de l'ann\u00e9e anniversaire pour faire connaissance avec l'association de fond en comble, que ce soit lors de la c\u00e9l\u00e9bration de l'anniversaire ou lors d'un \"sommet de l'association\" \u00e0 Zermatt. Quels ont \u00e9t\u00e9 les autres points forts pour vous ?<\/strong> <\/em><\/p>\n<p>Je pense que c'est une bonne question \u00e0 poser. Car en tant que pr\u00e9sident, qui n'est en fonction que depuis un an et demi, j'ai eu l'occasion, lors de ce sommet, de mieux conna\u00eetre notre base. Dans ce contexte, j'aime \u00e9tablir une comparaison avec de nombreuses autres organisations : Apr\u00e8s tout, la SAQ est structur\u00e9e de la m\u00eame mani\u00e8re que la Conf\u00e9d\u00e9ration suisse. Avec ses sections, elle est organis\u00e9e au niveau f\u00e9d\u00e9ral comme la Suisse avec ses cantons. Le f\u00e9d\u00e9ralisme est un bon mod\u00e8le ; plus encore : notre syst\u00e8me est non seulement f\u00e9d\u00e9ral, mais aussi subsidiaire. Cette combinaison de f\u00e9d\u00e9ralisme et de subsidiarit\u00e9 est une garantie de succ\u00e8s car la responsabilit\u00e9 et les comp\u00e9tences sont d\u00e9l\u00e9gu\u00e9es \u00e0 la base.<\/p>\n<p>&nbsp;<\/p>\n<p><em><strong>Mais maintenant, on entend sans cesse parler des inqui\u00e9tudes concernant le sang neuf dans les associations : Il est de plus en plus difficile de trouver des membres plus jeunes pour les conseils d'administration. Que fait la SAQ \u00e0 cet \u00e9gard afin de rester bien positionn\u00e9e \u00e0 l'avenir ?<\/strong><\/em><\/p>\n<p>Au niveau de l'organisation fa\u00eeti\u00e8re de la SAQ, cela ne m'inqui\u00e8te pas. Il y a dix ans, nous avons eu la grande chance de trouver en la personne de Peter Bieri un directeur g\u00e9n\u00e9ral engag\u00e9, prudent et r\u00e9fl\u00e9chi sur le plan strat\u00e9gique. La SAQ lui doit donc une grande dette de reconnaissance. Le conseil d'administration est renouvel\u00e9 en permanence. Le conseil est d'une taille raisonnable et est compos\u00e9 de bons sp\u00e9cialistes. Je suis peut-\u00eatre le seul \u00e0 ne pas avoir une bonne connaissance de la gestion de la qualit\u00e9.<\/p>\n<p>&nbsp;<\/p>\n<p><em><strong>Un pr\u00e9sident a-t-il m\u00eame besoin de cela ?<\/strong> <\/em><\/p>\n<p>Avant tout, un pr\u00e9sident a besoin d'un bon r\u00e9seau, \u00e9galement politique, et de la capacit\u00e9 \u00e0 regrouper les diff\u00e9rentes comp\u00e9tences. En tout cas, j'aime travailler avec les personnes du conseil d'administration. Et je suis toujours confiant \u00e0 ce sujet. Je suis plut\u00f4t inquiet du fait que nous sommes toujours en mesure de recruter des membres plus jeunes dans les sections, mais pas pour le travail du conseil d'administration. Cela apporterait un nouvel \u00e9lan et de nouvelles id\u00e9es. Nous y pr\u00eaterons davantage attention \u00e0 l'avenir. Chaque fois qu'il y a des postes vacants, ceux-ci devraient \u00e9ventuellement \u00eatre pourvus par des forces plus jeunes. Dans le cas du pr\u00e9sident et des pr\u00e9sidents de section, nous avons des personnes tr\u00e8s engag\u00e9es qui sont actives depuis de nombreuses ann\u00e9es. Je voudrais profiter de cette occasion pour les remercier de leur travail.<\/p>\n<p>&nbsp;<\/p>\n<p><em><strong>La gestion de la qualit\u00e9 est un contenu central du travail de la SAQ. Je maintiens que les syst\u00e8mes de gestion de la qualit\u00e9 normalisent de plus en plus la \"qualit\u00e9\", c'est-\u00e0-dire qu'ils la rendent interchangeable. Dans quelle mesure des arguments de vente uniques sont-ils mis en danger ici ?<\/strong> <\/em><\/p>\n<p>Je pense que cette question se pose dans une perspective diff\u00e9rente. Apr\u00e8s tout, la qualit\u00e9 est aussi en constante \u00e9volution ; ce n'est pas quelque chose de statique, mais de vivant. Je peux peut-\u00eatre illustrer cela par un exemple : Pendant longtemps, les banques suisses ont eu la r\u00e9putation d'\u00eatre tr\u00e8s r\u00e9put\u00e9es. En raison de leurs normes de qualit\u00e9 \u00e9lev\u00e9es, ils jouissent de la confiance d'une client\u00e8le internationale. Cela s'est bien pass\u00e9 jusqu'\u00e0 ce que quelques \"accidents\" se produisent. Il est apparu clairement que cette confiance pouvait \u00eatre perdue en peu de temps. Cependant, les banques ont r\u00e9agi bien et rapidement - \u00e9galement en r\u00e9ponse aux pressions politiques - en r\u00e9tablissant la cr\u00e9dibilit\u00e9 de leur propre population. Cela a \u00e9t\u00e9 fait, entre autres, par<\/p>\n<p>&nbsp;<\/p>\n<p><em><strong>La combinaison du f\u00e9d\u00e9ralisme et de la subsidiarit\u00e9 est une garantie de succ\u00e8s.<\/strong><\/em><\/p>\n<p>&nbsp;<\/p>\n<p>Ils ont non seulement fait attention \u00e0 une bonne formation, mais aussi \u00e0 la formation continue - et ils voulaient que cela soit document\u00e9. L'industrie a r\u00e9agi rapidement avec l'introduction de la certification des conseillers client\u00e8le banque, qui est effectu\u00e9e par la SAQ selon la norme ISO 17024.<\/p>\n<p>&nbsp;<\/p>\n<p><em><strong>Le succ\u00e8s de la certification personnelle devrait certainement occuper l'association pendant un certain temps encore. Si nous regardons ailleurs dans l'avenir : Quelles sont vos visions en tant que pr\u00e9sident de la SAQ ?<\/strong> <\/em><\/p>\n<p>Nous voulons continuer \u00e0 d\u00e9velopper et \u00e0 maintenir notre position de leader dans les domaines dans lesquels nous op\u00e9rons actuellement avec succ\u00e8s. En fait, nous voyons un potentiel de croissance suppl\u00e9mentaire dans la certification personnelle. En outre, nous voulons gagner plus d'espace dans la perception du public. Cependant, nous voulons absolument conserver le syst\u00e8me de milice, en nous appuyant sur le syst\u00e8me f\u00e9d\u00e9ral et subsidiaire. La qualit\u00e9 d'un produit d\u00e9pend en grande partie de la qualit\u00e9 des personnes qui le fabriquent et le vendent. Le syst\u00e8me de formation professionnelle en alternance est un facteur d\u00e9cisif \u00e0 cet \u00e9gard. C'est l\u00e0 que nous voyons l'opportunit\u00e9 pour l'\u00e9conomie suisse de se maintenir dans la comp\u00e9tition internationale. Cela d\u00e9pend en grande partie de la mani\u00e8re dont nous pouvons maintenir la qualit\u00e9 des personnes \u00e0 un niveau \u00e9lev\u00e9. C'est un d\u00e9fi, surtout si l'on consid\u00e8re l'\u00e9volution d\u00e9mographique et, en g\u00e9n\u00e9ral, le rythme de vie rapide. Ce n'est pas le d\u00e9veloppement lui-m\u00eame qui est pr\u00e9occupant, mais son rythme. Pour que les gens puissent suivre ce rythme, une formation continue permanente est n\u00e9cessaire - que l'on ait suivi un apprentissage professionnel ou obtenu un dipl\u00f4me universitaire. C'est l\u00e0 que la SAQ peut apporter sa contribution. Ma vision est que nous pouvons suivre cette \u00e9volution rapide nous-m\u00eames, ou aider les gens \u00e0 suivre.<\/p>\n<p>&nbsp;<\/p>\n<p><em><strong>Id\u00e9alement, nous devrions toujours avoir une longueur d'avance sur les d\u00e9veloppements. Surtout en politique, on a parfois l'impression qu'elle ne fait que r\u00e9agir au lieu d'agir.<\/strong> <\/em><\/p>\n<p>Dans certains domaines, cela est probablement syst\u00e9mique. Dans un syst\u00e8me comme la d\u00e9mocratie suisse, la politique a souvent le r\u00f4le des pompiers. Sinon, nous risquerions de vouloir intervenir trop en amont dans une \u00e9conomie lib\u00e9rale. Cependant, il est important que les pompiers puissent localiser et \u00e9teindre l'incendie le plus rapidement possible. J'interpr\u00e8te le r\u00f4le de la politique comme suit : elle a tendance \u00e0 sur-r\u00e9glementer ; lorsqu'elle \u00e9teint un incendie, elle veut parfois faire les choses presque trop bien et installe ensuite presque trop de mesures de protection contre les incendies. Celles-ci entravent alors l'\u00e9conomie et impliquent beaucoup de travail administratif.<\/p>\n<p>&nbsp;<\/p>\n<p><em><strong>D\u00e9sormais, les certifications sont \u00e9galement associ\u00e9es aux processus administratifs. La SAQ b\u00e9n\u00e9ficie donc directement ou indirectement de ces efforts.<\/strong> <\/em><\/p>\n<p>Vous voyez bien. Mais avec une diff\u00e9rence d\u00e9cisive par rapport \u00e0 la charge administrative impos\u00e9e par les pouvoirs publics. C'est une chose que tout le monde doit faire. Pour nos certifications, cet effort est volontaire. Les entreprises qui l'acceptent peuvent esp\u00e9rer obtenir un avantage concurrentiel qui d\u00e9passe largement la charge administrative.<\/p>\n<p>&nbsp;<\/p>\n<p><em><strong>Permettez-moi de revenir sur la rapidit\u00e9 des \u00e9volutions. Les diff\u00e9rentes associations existantes sont \u00e9galement concern\u00e9es par ce ph\u00e9nom\u00e8ne. Dans quelle mesure sont-ils surcharg\u00e9s par ce rythme rapide ? Ou sont-ils m\u00eame en mesure de donner le rythme eux-m\u00eames ?<\/strong> <\/em><\/p>\n<p>Une association ne se l\u00e9gitime que par ses membres ou clients, qui veulent utiliser ses services et participer. Si une association ou une organisation ne peut pas remplir cette condition, elle dispara\u00eetra t\u00f4t ou tard. Dans cette optique absolue, on se remet en question et il est donc important d'aller chercher les besoins des clients. L'ann\u00e9e prochaine, la SAQ m\u00e8nera un sondage aupr\u00e8s de ses membres, en leur posant des questions autocritiques. C'est la seule fa\u00e7on d'obtenir des r\u00e9ponses \u00e0 ce qui aurait pu \u00eatre mieux fait dans le pass\u00e9. Et surtout, vous obtiendrez des r\u00e9ponses \u00e0 ce qui sera demand\u00e9 sur le march\u00e9 \u00e0 l'avenir.<\/p>\n<p>&nbsp;<\/p>\n<p>&nbsp;<\/p>\n<p>&nbsp;<\/p>","protected":false},"excerpt":{"rendered":"<p>&nbsp; &nbsp; &nbsp; Ruedi Lustenberger hat vor knapp zwei Jahren das Pr\u00e4sidium der SAQ \u00fcbernommen. Nach seinem R\u00fccktritt aus der Politik \u2013 er sass seit 1999 f\u00fcr die Luzerner CVP im Nationalrat \u2013 hat er nun mehr Zeit, sich seiner Verbandst\u00e4tigkeit zu widmen. &nbsp; Herr Lustenberger, wie haben Sie das Jubil\u00e4umsjahr aus Ihrer ganz pers\u00f6nlichen [&hellip;]<\/p>\n","protected":false},"author":62,"featured_media":12462,"comment_status":"closed","ping_status":"closed","sticky":false,"template":"","format":"standard","meta":{"_acf_changed":false,"footnotes":""},"categories":[4448],"tags":[4801],"class_list":["post-12447","post","type-post","status-publish","format-standard","has-post-thumbnail","hentry","category-allgemein","tag-12-2015"],"acf":[],"yoast_head":"<!-- This site is optimized with the Yoast SEO plugin v26.2 - https:\/\/yoast.com\/wordpress\/plugins\/seo\/ -->\n<title>\u00abQualit\u00e4t ist nichts Statisches\u00bb - MQ Management und Qualit\u00e4t<\/title>\n<meta name=\"description\" content=\"SAQ-Pr\u00e4sident Ruedi Lustenberger zieht im folgendenInterview eine pers\u00f6nliche Bilanz zum Jubil\u00e4umsjahrund blickt in die Zukunft. Diese wird gepr\u00e4gt seindurch ein immer schnelleres Tempo bei neuenEntwicklungen. Doch der Verband zeigt sich in denAugen seines Pr\u00e4sidenten gut daf\u00fcr ger\u00fcstet.\" \/>\n<meta name=\"robots\" content=\"index, follow, max-snippet:-1, max-image-preview:large, max-video-preview:-1\" \/>\n<link rel=\"canonical\" href=\"https:\/\/www.m-q.ch\/fr\/la-qualite-nest-pas-statique\/\" \/>\n<meta property=\"og:locale\" content=\"fr_FR\" \/>\n<meta property=\"og:type\" content=\"article\" \/>\n<meta property=\"og:title\" content=\"\u00abQualit\u00e4t ist nichts Statisches\u00bb - MQ Management und Qualit\u00e4t\" \/>\n<meta property=\"og:description\" content=\"SAQ-Pr\u00e4sident Ruedi Lustenberger zieht im folgendenInterview eine pers\u00f6nliche Bilanz zum Jubil\u00e4umsjahrund blickt in die Zukunft. Diese wird gepr\u00e4gt seindurch ein immer schnelleres Tempo bei neuenEntwicklungen. Doch der Verband zeigt sich in denAugen seines Pr\u00e4sidenten gut daf\u00fcr ger\u00fcstet.\" \/>\n<meta property=\"og:url\" content=\"https:\/\/www.m-q.ch\/fr\/la-qualite-nest-pas-statique\/\" \/>\n<meta property=\"og:site_name\" content=\"MQ Management und Qualit\u00e4t\" \/>\n<meta property=\"article:publisher\" content=\"https:\/\/www.facebook.com\/ManagementUndQualitaet\" \/>\n<meta property=\"article:published_time\" content=\"2015-12-01T07:24:56+00:00\" \/>\n<meta property=\"article:modified_time\" content=\"2021-02-17T08:18:12+00:00\" \/>\n<meta property=\"og:image\" content=\"https:\/\/www.m-q.ch\/wp-content\/uploads\/2021\/02\/Qualitaet-ist-nichts-Statisches.jpg\" \/>\n\t<meta property=\"og:image:width\" content=\"840\" \/>\n\t<meta property=\"og:image:height\" content=\"735\" \/>\n\t<meta property=\"og:image:type\" content=\"image\/jpeg\" \/>\n<meta name=\"author\" content=\"upwork_2\" \/>\n<meta name=\"twitter:card\" content=\"summary_large_image\" \/>\n<meta name=\"twitter:label1\" content=\"\u00c9crit par\" \/>\n\t<meta name=\"twitter:data1\" content=\"upwork_2\" \/>\n\t<meta name=\"twitter:label2\" content=\"Dur\u00e9e de lecture estim\u00e9e\" \/>\n\t<meta name=\"twitter:data2\" content=\"8 minutes\" \/>\n<script type=\"application\/ld+json\" class=\"yoast-schema-graph\">{\"@context\":\"https:\/\/schema.org\",\"@graph\":[{\"@type\":\"Article\",\"@id\":\"https:\/\/www.m-q.ch\/qualitaet-ist-nichts-statisches\/#article\",\"isPartOf\":{\"@id\":\"https:\/\/www.m-q.ch\/qualitaet-ist-nichts-statisches\/\"},\"author\":{\"name\":\"upwork_2\",\"@id\":\"https:\/\/www.m-q.ch\/fr\/#\/schema\/person\/71f647a41e4a3e361e6230f5134f3ba9\"},\"headline\":\"\u00abQualit\u00e4t ist nichts Statisches\u00bb\",\"datePublished\":\"2015-12-01T07:24:56+00:00\",\"dateModified\":\"2021-02-17T08:18:12+00:00\",\"mainEntityOfPage\":{\"@id\":\"https:\/\/www.m-q.ch\/qualitaet-ist-nichts-statisches\/\"},\"wordCount\":1661,\"publisher\":{\"@id\":\"https:\/\/www.m-q.ch\/fr\/#organization\"},\"image\":{\"@id\":\"https:\/\/www.m-q.ch\/qualitaet-ist-nichts-statisches\/#primaryimage\"},\"thumbnailUrl\":\"https:\/\/www.m-q.ch\/wp-content\/uploads\/2021\/02\/Qualitaet-ist-nichts-Statisches.jpg\",\"keywords\":[\"12\/2015\"],\"articleSection\":[\"Allgemein\"],\"inLanguage\":\"fr-FR\"},{\"@type\":\"WebPage\",\"@id\":\"https:\/\/www.m-q.ch\/qualitaet-ist-nichts-statisches\/\",\"url\":\"https:\/\/www.m-q.ch\/qualitaet-ist-nichts-statisches\/\",\"name\":\"\u00abQualit\u00e4t ist nichts Statisches\u00bb - MQ Management und Qualit\u00e4t\",\"isPartOf\":{\"@id\":\"https:\/\/www.m-q.ch\/fr\/#website\"},\"primaryImageOfPage\":{\"@id\":\"https:\/\/www.m-q.ch\/qualitaet-ist-nichts-statisches\/#primaryimage\"},\"image\":{\"@id\":\"https:\/\/www.m-q.ch\/qualitaet-ist-nichts-statisches\/#primaryimage\"},\"thumbnailUrl\":\"https:\/\/www.m-q.ch\/wp-content\/uploads\/2021\/02\/Qualitaet-ist-nichts-Statisches.jpg\",\"datePublished\":\"2015-12-01T07:24:56+00:00\",\"dateModified\":\"2021-02-17T08:18:12+00:00\",\"description\":\"SAQ-Pr\u00e4sident Ruedi Lustenberger zieht im folgendenInterview eine pers\u00f6nliche Bilanz zum Jubil\u00e4umsjahrund blickt in die Zukunft. Diese wird gepr\u00e4gt seindurch ein immer schnelleres Tempo bei neuenEntwicklungen. Doch der Verband zeigt sich in denAugen seines Pr\u00e4sidenten gut daf\u00fcr ger\u00fcstet.\",\"breadcrumb\":{\"@id\":\"https:\/\/www.m-q.ch\/qualitaet-ist-nichts-statisches\/#breadcrumb\"},\"inLanguage\":\"fr-FR\",\"potentialAction\":[{\"@type\":\"ReadAction\",\"target\":[\"https:\/\/www.m-q.ch\/qualitaet-ist-nichts-statisches\/\"]}]},{\"@type\":\"ImageObject\",\"inLanguage\":\"fr-FR\",\"@id\":\"https:\/\/www.m-q.ch\/qualitaet-ist-nichts-statisches\/#primaryimage\",\"url\":\"https:\/\/www.m-q.ch\/wp-content\/uploads\/2021\/02\/Qualitaet-ist-nichts-Statisches.jpg\",\"contentUrl\":\"https:\/\/www.m-q.ch\/wp-content\/uploads\/2021\/02\/Qualitaet-ist-nichts-Statisches.jpg\",\"width\":840,\"height\":735,\"caption\":\"\u00abQualit\u00e4t ist nichts Statisches\u00bb\"},{\"@type\":\"BreadcrumbList\",\"@id\":\"https:\/\/www.m-q.ch\/qualitaet-ist-nichts-statisches\/#breadcrumb\",\"itemListElement\":[{\"@type\":\"ListItem\",\"position\":1,\"name\":\"Allgemein\",\"item\":\"https:\/\/www.m-q.ch\/kategorie\/allgemein\/\"},{\"@type\":\"ListItem\",\"position\":2,\"name\":\"\u00abQualit\u00e4t ist nichts Statisches\u00bb\"}]},{\"@type\":\"WebSite\",\"@id\":\"https:\/\/www.m-q.ch\/fr\/#website\",\"url\":\"https:\/\/www.m-q.ch\/fr\/\",\"name\":\"MQ Management und Qualit\u00e4t\",\"description\":\"Plattform f\u00fcr integrierte Managementsysteme.\",\"publisher\":{\"@id\":\"https:\/\/www.m-q.ch\/fr\/#organization\"},\"potentialAction\":[{\"@type\":\"SearchAction\",\"target\":{\"@type\":\"EntryPoint\",\"urlTemplate\":\"https:\/\/www.m-q.ch\/fr\/?s={search_term_string}\"},\"query-input\":{\"@type\":\"PropertyValueSpecification\",\"valueRequired\":true,\"valueName\":\"search_term_string\"}}],\"inLanguage\":\"fr-FR\"},{\"@type\":\"Organization\",\"@id\":\"https:\/\/www.m-q.ch\/fr\/#organization\",\"name\":\"Galledia Fachmedien AG\",\"url\":\"https:\/\/www.m-q.ch\/fr\/\",\"logo\":{\"@type\":\"ImageObject\",\"inLanguage\":\"fr-FR\",\"@id\":\"https:\/\/www.m-q.ch\/fr\/#\/schema\/logo\/image\/\",\"url\":\"https:\/\/www.m-q.ch\/wp-content\/uploads\/2020\/12\/cropped-logo_small.png\",\"contentUrl\":\"https:\/\/www.m-q.ch\/wp-content\/uploads\/2020\/12\/cropped-logo_small.png\",\"width\":512,\"height\":512,\"caption\":\"Galledia Fachmedien AG\"},\"image\":{\"@id\":\"https:\/\/www.m-q.ch\/fr\/#\/schema\/logo\/image\/\"},\"sameAs\":[\"https:\/\/www.facebook.com\/ManagementUndQualitaet\",\"https:\/\/www.linkedin.com\/showcase\/17982321\/admin\/\"]},{\"@type\":\"Person\",\"@id\":\"https:\/\/www.m-q.ch\/fr\/#\/schema\/person\/71f647a41e4a3e361e6230f5134f3ba9\",\"name\":\"upwork_2\",\"image\":{\"@type\":\"ImageObject\",\"inLanguage\":\"fr-FR\",\"@id\":\"https:\/\/www.m-q.ch\/fr\/#\/schema\/person\/image\/\",\"url\":\"https:\/\/secure.gravatar.com\/avatar\/777b90ab56092bbf3c85feacda5c1bce?s=96&d=mm&r=g\",\"contentUrl\":\"https:\/\/secure.gravatar.com\/avatar\/777b90ab56092bbf3c85feacda5c1bce?s=96&d=mm&r=g\",\"caption\":\"upwork_2\"},\"url\":\"https:\/\/www.m-q.ch\/fr\/author\/upwork_2\/\"}]}<\/script>\n<!-- \/ Yoast SEO plugin. -->","yoast_head_json":{"title":"\"La qualit\u00e9 n'est pas statique\" - MQ Management et qualit\u00e9","description":"Dans l'interview suivante, le pr\u00e9sident de la SAQ, Ruedi Lustenberger, fait le bilan de l'ann\u00e9e anniversaire et se tourne vers l'avenir. Cette \u00e9volution se caract\u00e9risera par un rythme toujours plus rapide des nouveaux d\u00e9veloppements. Mais aux yeux de son pr\u00e9sident, l'association est bien pr\u00e9par\u00e9e pour cela.","robots":{"index":"index","follow":"follow","max-snippet":"max-snippet:-1","max-image-preview":"max-image-preview:large","max-video-preview":"max-video-preview:-1"},"canonical":"https:\/\/www.m-q.ch\/fr\/la-qualite-nest-pas-statique\/","og_locale":"fr_FR","og_type":"article","og_title":"\u00abQualit\u00e4t ist nichts Statisches\u00bb - MQ Management und Qualit\u00e4t","og_description":"SAQ-Pr\u00e4sident Ruedi Lustenberger zieht im folgendenInterview eine pers\u00f6nliche Bilanz zum Jubil\u00e4umsjahrund blickt in die Zukunft. Diese wird gepr\u00e4gt seindurch ein immer schnelleres Tempo bei neuenEntwicklungen. Doch der Verband zeigt sich in denAugen seines Pr\u00e4sidenten gut daf\u00fcr ger\u00fcstet.","og_url":"https:\/\/www.m-q.ch\/fr\/la-qualite-nest-pas-statique\/","og_site_name":"MQ Management und Qualit\u00e4t","article_publisher":"https:\/\/www.facebook.com\/ManagementUndQualitaet","article_published_time":"2015-12-01T07:24:56+00:00","article_modified_time":"2021-02-17T08:18:12+00:00","og_image":[{"width":840,"height":735,"url":"https:\/\/www.m-q.ch\/wp-content\/uploads\/2021\/02\/Qualitaet-ist-nichts-Statisches.jpg","type":"image\/jpeg"}],"author":"upwork_2","twitter_card":"summary_large_image","twitter_misc":{"\u00c9crit par":"upwork_2","Dur\u00e9e de lecture estim\u00e9e":"8 minutes"},"schema":{"@context":"https:\/\/schema.org","@graph":[{"@type":"Article","@id":"https:\/\/www.m-q.ch\/qualitaet-ist-nichts-statisches\/#article","isPartOf":{"@id":"https:\/\/www.m-q.ch\/qualitaet-ist-nichts-statisches\/"},"author":{"name":"upwork_2","@id":"https:\/\/www.m-q.ch\/fr\/#\/schema\/person\/71f647a41e4a3e361e6230f5134f3ba9"},"headline":"\u00abQualit\u00e4t ist nichts Statisches\u00bb","datePublished":"2015-12-01T07:24:56+00:00","dateModified":"2021-02-17T08:18:12+00:00","mainEntityOfPage":{"@id":"https:\/\/www.m-q.ch\/qualitaet-ist-nichts-statisches\/"},"wordCount":1661,"publisher":{"@id":"https:\/\/www.m-q.ch\/fr\/#organization"},"image":{"@id":"https:\/\/www.m-q.ch\/qualitaet-ist-nichts-statisches\/#primaryimage"},"thumbnailUrl":"https:\/\/www.m-q.ch\/wp-content\/uploads\/2021\/02\/Qualitaet-ist-nichts-Statisches.jpg","keywords":["12\/2015"],"articleSection":["Allgemein"],"inLanguage":"fr-FR"},{"@type":"WebPage","@id":"https:\/\/www.m-q.ch\/qualitaet-ist-nichts-statisches\/","url":"https:\/\/www.m-q.ch\/qualitaet-ist-nichts-statisches\/","name":"\"La qualit\u00e9 n'est pas statique\" - MQ Management et qualit\u00e9","isPartOf":{"@id":"https:\/\/www.m-q.ch\/fr\/#website"},"primaryImageOfPage":{"@id":"https:\/\/www.m-q.ch\/qualitaet-ist-nichts-statisches\/#primaryimage"},"image":{"@id":"https:\/\/www.m-q.ch\/qualitaet-ist-nichts-statisches\/#primaryimage"},"thumbnailUrl":"https:\/\/www.m-q.ch\/wp-content\/uploads\/2021\/02\/Qualitaet-ist-nichts-Statisches.jpg","datePublished":"2015-12-01T07:24:56+00:00","dateModified":"2021-02-17T08:18:12+00:00","description":"Dans l'interview suivante, le pr\u00e9sident de la SAQ, Ruedi Lustenberger, fait le bilan de l'ann\u00e9e anniversaire et se tourne vers l'avenir. Cette \u00e9volution se caract\u00e9risera par un rythme toujours plus rapide des nouveaux d\u00e9veloppements. Mais aux yeux de son pr\u00e9sident, l'association est bien pr\u00e9par\u00e9e pour cela.","breadcrumb":{"@id":"https:\/\/www.m-q.ch\/qualitaet-ist-nichts-statisches\/#breadcrumb"},"inLanguage":"fr-FR","potentialAction":[{"@type":"ReadAction","target":["https:\/\/www.m-q.ch\/qualitaet-ist-nichts-statisches\/"]}]},{"@type":"ImageObject","inLanguage":"fr-FR","@id":"https:\/\/www.m-q.ch\/qualitaet-ist-nichts-statisches\/#primaryimage","url":"https:\/\/www.m-q.ch\/wp-content\/uploads\/2021\/02\/Qualitaet-ist-nichts-Statisches.jpg","contentUrl":"https:\/\/www.m-q.ch\/wp-content\/uploads\/2021\/02\/Qualitaet-ist-nichts-Statisches.jpg","width":840,"height":735,"caption":"\u00abQualit\u00e4t ist nichts Statisches\u00bb"},{"@type":"BreadcrumbList","@id":"https:\/\/www.m-q.ch\/qualitaet-ist-nichts-statisches\/#breadcrumb","itemListElement":[{"@type":"ListItem","position":1,"name":"Allgemein","item":"https:\/\/www.m-q.ch\/kategorie\/allgemein\/"},{"@type":"ListItem","position":2,"name":"\u00abQualit\u00e4t ist nichts Statisches\u00bb"}]},{"@type":"WebSite","@id":"https:\/\/www.m-q.ch\/fr\/#website","url":"https:\/\/www.m-q.ch\/fr\/","name":"Gestion et qualit\u00e9 du QM","description":"Plate-forme pour les syst\u00e8mes de gestion int\u00e9gr\u00e9e.","publisher":{"@id":"https:\/\/www.m-q.ch\/fr\/#organization"},"potentialAction":[{"@type":"SearchAction","target":{"@type":"EntryPoint","urlTemplate":"https:\/\/www.m-q.ch\/fr\/?s={search_term_string}"},"query-input":{"@type":"PropertyValueSpecification","valueRequired":true,"valueName":"search_term_string"}}],"inLanguage":"fr-FR"},{"@type":"Organization","@id":"https:\/\/www.m-q.ch\/fr\/#organization","name":"Galledia Trade Media AG","url":"https:\/\/www.m-q.ch\/fr\/","logo":{"@type":"ImageObject","inLanguage":"fr-FR","@id":"https:\/\/www.m-q.ch\/fr\/#\/schema\/logo\/image\/","url":"https:\/\/www.m-q.ch\/wp-content\/uploads\/2020\/12\/cropped-logo_small.png","contentUrl":"https:\/\/www.m-q.ch\/wp-content\/uploads\/2020\/12\/cropped-logo_small.png","width":512,"height":512,"caption":"Galledia Fachmedien AG"},"image":{"@id":"https:\/\/www.m-q.ch\/fr\/#\/schema\/logo\/image\/"},"sameAs":["https:\/\/www.facebook.com\/ManagementUndQualitaet","https:\/\/www.linkedin.com\/showcase\/17982321\/admin\/"]},{"@type":"Person","@id":"https:\/\/www.m-q.ch\/fr\/#\/schema\/person\/71f647a41e4a3e361e6230f5134f3ba9","name":"upwork_2","image":{"@type":"ImageObject","inLanguage":"fr-FR","@id":"https:\/\/www.m-q.ch\/fr\/#\/schema\/person\/image\/","url":"https:\/\/secure.gravatar.com\/avatar\/777b90ab56092bbf3c85feacda5c1bce?s=96&d=mm&r=g","contentUrl":"https:\/\/secure.gravatar.com\/avatar\/777b90ab56092bbf3c85feacda5c1bce?s=96&d=mm&r=g","caption":"upwork_2"},"url":"https:\/\/www.m-q.ch\/fr\/author\/upwork_2\/"}]}},"_links":{"self":[{"href":"https:\/\/www.m-q.ch\/fr\/wp-json\/wp\/v2\/posts\/12447","targetHints":{"allow":["GET"]}}],"collection":[{"href":"https:\/\/www.m-q.ch\/fr\/wp-json\/wp\/v2\/posts"}],"about":[{"href":"https:\/\/www.m-q.ch\/fr\/wp-json\/wp\/v2\/types\/post"}],"author":[{"embeddable":true,"href":"https:\/\/www.m-q.ch\/fr\/wp-json\/wp\/v2\/users\/62"}],"replies":[{"embeddable":true,"href":"https:\/\/www.m-q.ch\/fr\/wp-json\/wp\/v2\/comments?post=12447"}],"version-history":[{"count":1,"href":"https:\/\/www.m-q.ch\/fr\/wp-json\/wp\/v2\/posts\/12447\/revisions"}],"predecessor-version":[{"id":12463,"href":"https:\/\/www.m-q.ch\/fr\/wp-json\/wp\/v2\/posts\/12447\/revisions\/12463"}],"wp:featuredmedia":[{"embeddable":true,"href":"https:\/\/www.m-q.ch\/fr\/wp-json\/wp\/v2\/media\/12462"}],"wp:attachment":[{"href":"https:\/\/www.m-q.ch\/fr\/wp-json\/wp\/v2\/media?parent=12447"}],"wp:term":[{"taxonomy":"category","embeddable":true,"href":"https:\/\/www.m-q.ch\/fr\/wp-json\/wp\/v2\/categories?post=12447"},{"taxonomy":"post_tag","embeddable":true,"href":"https:\/\/www.m-q.ch\/fr\/wp-json\/wp\/v2\/tags?post=12447"}],"curies":[{"name":"wp","href":"https:\/\/api.w.org\/{rel}","templated":true}]}}