{"id":12451,"date":"2015-12-05T08:32:43","date_gmt":"2015-12-05T07:32:43","guid":{"rendered":"https:\/\/www.m-q.ch\/?p=12451"},"modified":"2021-02-17T09:36:29","modified_gmt":"2021-02-17T08:36:29","slug":"excellent-why-not","status":"publish","type":"post","link":"https:\/\/www.m-q.ch\/fr\/excellent-why-not\/","title":{"rendered":"Excellent, pourquoi pas !"},"content":{"rendered":"<p><img loading=\"lazy\" decoding=\"async\" class=\"alignnone size-full wp-image-12467\" src=\"https:\/\/www.m-q.ch\/wp-content\/uploads\/2021\/02\/Excellent-why-not.jpg\" alt=\"Excellent, pourquoi pas !\" width=\"854\" height=\"1120\" srcset=\"https:\/\/www.m-q.ch\/wp-content\/uploads\/2021\/02\/Excellent-why-not.jpg 854w, https:\/\/www.m-q.ch\/wp-content\/uploads\/2021\/02\/Excellent-why-not-768x1007.jpg 768w, https:\/\/www.m-q.ch\/wp-content\/uploads\/2021\/02\/Excellent-why-not-9x12.jpg 9w, https:\/\/www.m-q.ch\/wp-content\/uploads\/2021\/02\/Excellent-why-not-133x175.jpg 133w, https:\/\/www.m-q.ch\/wp-content\/uploads\/2021\/02\/Excellent-why-not-267x350.jpg 267w, https:\/\/www.m-q.ch\/wp-content\/uploads\/2021\/02\/Excellent-why-not-610x800.jpg 610w, https:\/\/www.m-q.ch\/wp-content\/uploads\/2021\/02\/Excellent-why-not-300x393.jpg 300w\" sizes=\"auto, (max-width: 854px) 100vw, 854px\" \/><\/p>\n<p>&nbsp;<\/p>\n<p>&nbsp;<\/p>\n<p>&nbsp;<\/p>\n<p>Des histoires passionnantes et fascinantes, racont\u00e9es avec une touche d'humour, attendent les invit\u00e9s du KKL Luzern. Ils seront inspir\u00e9s pour relever leurs propres d\u00e9fis futurs avec excellence. \u00c0 cette fin, les orateurs principaux offriront de nombreuses et pr\u00e9cieuses suggestions. Ceux qui visent la perfection peuvent atteindre l'excellence. Avant tout, Cristi\u00e1n G\u00e1lvez, expert en personnalit\u00e9, motivation et impact : il montrera au public que derri\u00e8re chaque excellente histoire de r\u00e9ussite, il y a des mod\u00e8les et des structures du parcours du soi-disant h\u00e9ros. Raul Krauthausen, fondateur de la campagne \"Sozialhelden\", va \"briser les barri\u00e8res\" et \"le faire tout simplement\". Il souffre de la maladie dite des os fragiles et est d\u00e9pendant d'un fauteuil roulant. Cependant, il ne se consid\u00e8re pas comme une personne handicap\u00e9e, mais comme une personne qui devient handicap\u00e9e. C'est pourquoi il lutte contre les barri\u00e8res constructives ou bureaucratiques ainsi que contre l'attitude de certains de ses semblables.<\/p>\n<p><strong>Magie et passion<\/strong><\/p>\n<p>&nbsp;<\/p>\n<p>Le magicien mental Christoph Kuch assurera un intermezzo \"magique\" humoristique et proverbial. Avec \"Magic Excellence\", il va brouiller les fronti\u00e8res entre r\u00e9alit\u00e9 et fiction. \"Le succ\u00e8s n'est pas une question de genre, mais de passion ! \"C'est la maxime de Katrin Theodoli. Elle est propri\u00e9taire de Magnum Marine, le fabricant des yachts de luxe probablement les plus chers, les plus \u00e9l\u00e9gants et les plus rapides du monde. Cette femme d'affaires pur-sang a d\u00e9j\u00e0 \u00e9t\u00e9 \u00e9lue deux fois \"Business Woman of the Year\" aux \u00c9tats-Unis. Et \"Power of Excellence\" sera le fil conducteur de la pr\u00e9sentation de Sabine Holbrook. Pour le coureur de la classe Superbike - un domaine masculin classique - il n'y a qu'une seule chose pour elle : \"Plein gaz\".<\/p>\n<p><strong>Cinq finalistes<\/strong><\/p>\n<p>&nbsp;<\/p>\n<p>Et les cinq finalistes de cette ann\u00e9e pour le Prix suisse d'excellence ESPRIX ont \u00e9galement fait le plein d'\u00e9nergie en termes d'excellence commerciale. Ils le sont :<\/p>\n<p>&nbsp;<\/p>\n<ul>\n<li>La succursale de BMW Zurich Dielsdorf, une division de BMW (Schweiz) AG. Leur vision : \"Nous transformons les clients en fans et les fans en clients\".<\/li>\n<li>Haute \u00e9cole sp\u00e9cialis\u00e9e de Lucerne : Il s'agit de la haute \u00e9cole sp\u00e9cialis\u00e9e des six cantons de Suisse centrale. Environ 5900 \u00e9tudiants y obtiennent une licence ou une ma\u00eetrise, et un peu moins de 4400 suivent une formation compl\u00e9mentaire.<\/li>\n<li>Gewerbliche Berufsschule Chur (GBC) : Elle offre aux jeunes dipl\u00f4m\u00e9s de l'\u00e9cole primaire une formation professionnelle de base dans le cadre du syst\u00e8me d'enseignement dual. \"L'orientation client est la priorit\u00e9 absolue de l'entreprise.<\/li>\n<li>Formation des cadres sup\u00e9rieurs des forces arm\u00e9es (HKA) : La formation des cadres sup\u00e9rieurs est le principal fournisseur reconnu pour la formation des cadres de la milice \u00e0 la direction et au personnel, ainsi que pour la formation des officiers et sous-officiers professionnels des forces arm\u00e9es.<\/li>\n<li>CKW Conex : CKW Conex AG est une filiale \u00e0 part enti\u00e8re de la Centralschweizerische Kraftwerke AG et, avec 550 employ\u00e9s, est un prestataire de services de premier plan dans le domaine de la technologie du b\u00e2timent.<\/li>\n<\/ul>\n<p>&nbsp;<\/p>\n<p>Les PDG des candidats prendront part au CEO Excellence Talk et donneront un aper\u00e7u de leurs recettes de succ\u00e8s. L'\u00e9v\u00e9nement sera anim\u00e9 par la c\u00e9l\u00e8bre pr\u00e9sentatrice de t\u00e9l\u00e9vision, chanteuse et artiste musicale Sandra Studer.<\/p>","protected":false},"excerpt":{"rendered":"<p>&nbsp; &nbsp; &nbsp; Spannende und faszinierende Geschichten, mit einer Prise Humor erz\u00e4hlt, erwarten die G\u00e4ste im KKL Luzern. Sie sollen sich inspirieren lassen, ihre eigenen zuk\u00fcnftigen Herausforderungen exzellent anzugehen. Daf\u00fcr bieten die Hauptreferenten viele wertvolle Anregungen. Wer Perfektion anstrebt, kann Exzellenz erreichen. Allen voran Cristi\u00e1n G\u00e1lvez, Experte f\u00fcr Pers\u00f6nlichkeit, Motivation und Wirkung: Er wird den [&hellip;]<\/p>\n","protected":false},"author":62,"featured_media":12467,"comment_status":"closed","ping_status":"closed","sticky":false,"template":"","format":"standard","meta":{"_acf_changed":false,"footnotes":""},"categories":[4448],"tags":[4801],"class_list":["post-12451","post","type-post","status-publish","format-standard","has-post-thumbnail","hentry","category-allgemein","tag-12-2015"],"acf":[],"yoast_head":"<!-- This site is optimized with the Yoast SEO plugin v26.2 - https:\/\/yoast.com\/wordpress\/plugins\/seo\/ -->\n<title>Excellent, why not! - MQ Management und Qualit\u00e4t<\/title>\n<meta name=\"description\" content=\"Am 10. M\u00e4rz 2016 findet im KKL Luzern einmalmehr das ESPRIX Forum f\u00fcr Excellence statt. NamhafteReferenten aus Wirtschaft und Gesellschaft,ein Schuss Magie und nicht zuletzt die Verleihungdes ESPRIX Swiss Award for Excellence 2016 bildendie Fixpunkte des Programms.\" \/>\n<meta name=\"robots\" content=\"index, follow, max-snippet:-1, max-image-preview:large, max-video-preview:-1\" \/>\n<link rel=\"canonical\" href=\"https:\/\/www.m-q.ch\/fr\/excellent-why-not\/\" \/>\n<meta property=\"og:locale\" content=\"fr_FR\" \/>\n<meta property=\"og:type\" content=\"article\" \/>\n<meta property=\"og:title\" content=\"Excellent, why not! - MQ Management und Qualit\u00e4t\" \/>\n<meta property=\"og:description\" content=\"Am 10. M\u00e4rz 2016 findet im KKL Luzern einmalmehr das ESPRIX Forum f\u00fcr Excellence statt. NamhafteReferenten aus Wirtschaft und Gesellschaft,ein Schuss Magie und nicht zuletzt die Verleihungdes ESPRIX Swiss Award for Excellence 2016 bildendie Fixpunkte des Programms.\" \/>\n<meta property=\"og:url\" content=\"https:\/\/www.m-q.ch\/fr\/excellent-why-not\/\" \/>\n<meta property=\"og:site_name\" content=\"MQ Management und Qualit\u00e4t\" \/>\n<meta property=\"article:publisher\" content=\"https:\/\/www.facebook.com\/ManagementUndQualitaet\" \/>\n<meta property=\"article:published_time\" content=\"2015-12-05T07:32:43+00:00\" \/>\n<meta property=\"article:modified_time\" content=\"2021-02-17T08:36:29+00:00\" \/>\n<meta property=\"og:image\" content=\"https:\/\/www.m-q.ch\/wp-content\/uploads\/2021\/02\/Excellent-why-not.jpg\" \/>\n\t<meta property=\"og:image:width\" content=\"854\" \/>\n\t<meta property=\"og:image:height\" content=\"1120\" \/>\n\t<meta property=\"og:image:type\" content=\"image\/jpeg\" \/>\n<meta name=\"author\" content=\"upwork_2\" \/>\n<meta name=\"twitter:card\" content=\"summary_large_image\" \/>\n<meta name=\"twitter:label1\" content=\"\u00c9crit par\" \/>\n\t<meta name=\"twitter:data1\" content=\"upwork_2\" \/>\n\t<meta name=\"twitter:label2\" content=\"Dur\u00e9e de lecture estim\u00e9e\" \/>\n\t<meta name=\"twitter:data2\" content=\"2 minutes\" \/>\n<script type=\"application\/ld+json\" class=\"yoast-schema-graph\">{\"@context\":\"https:\/\/schema.org\",\"@graph\":[{\"@type\":\"Article\",\"@id\":\"https:\/\/www.m-q.ch\/excellent-why-not\/#article\",\"isPartOf\":{\"@id\":\"https:\/\/www.m-q.ch\/excellent-why-not\/\"},\"author\":{\"name\":\"upwork_2\",\"@id\":\"https:\/\/www.m-q.ch\/fr\/#\/schema\/person\/71f647a41e4a3e361e6230f5134f3ba9\"},\"headline\":\"Excellent, why not!\",\"datePublished\":\"2015-12-05T07:32:43+00:00\",\"dateModified\":\"2021-02-17T08:36:29+00:00\",\"mainEntityOfPage\":{\"@id\":\"https:\/\/www.m-q.ch\/excellent-why-not\/\"},\"wordCount\":454,\"publisher\":{\"@id\":\"https:\/\/www.m-q.ch\/fr\/#organization\"},\"image\":{\"@id\":\"https:\/\/www.m-q.ch\/excellent-why-not\/#primaryimage\"},\"thumbnailUrl\":\"https:\/\/www.m-q.ch\/wp-content\/uploads\/2021\/02\/Excellent-why-not.jpg\",\"keywords\":[\"12\/2015\"],\"articleSection\":[\"Allgemein\"],\"inLanguage\":\"fr-FR\"},{\"@type\":\"WebPage\",\"@id\":\"https:\/\/www.m-q.ch\/excellent-why-not\/\",\"url\":\"https:\/\/www.m-q.ch\/excellent-why-not\/\",\"name\":\"Excellent, why not! - MQ Management und Qualit\u00e4t\",\"isPartOf\":{\"@id\":\"https:\/\/www.m-q.ch\/fr\/#website\"},\"primaryImageOfPage\":{\"@id\":\"https:\/\/www.m-q.ch\/excellent-why-not\/#primaryimage\"},\"image\":{\"@id\":\"https:\/\/www.m-q.ch\/excellent-why-not\/#primaryimage\"},\"thumbnailUrl\":\"https:\/\/www.m-q.ch\/wp-content\/uploads\/2021\/02\/Excellent-why-not.jpg\",\"datePublished\":\"2015-12-05T07:32:43+00:00\",\"dateModified\":\"2021-02-17T08:36:29+00:00\",\"description\":\"Am 10. M\u00e4rz 2016 findet im KKL Luzern einmalmehr das ESPRIX Forum f\u00fcr Excellence statt. NamhafteReferenten aus Wirtschaft und Gesellschaft,ein Schuss Magie und nicht zuletzt die Verleihungdes ESPRIX Swiss Award for Excellence 2016 bildendie Fixpunkte des Programms.\",\"breadcrumb\":{\"@id\":\"https:\/\/www.m-q.ch\/excellent-why-not\/#breadcrumb\"},\"inLanguage\":\"fr-FR\",\"potentialAction\":[{\"@type\":\"ReadAction\",\"target\":[\"https:\/\/www.m-q.ch\/excellent-why-not\/\"]}]},{\"@type\":\"ImageObject\",\"inLanguage\":\"fr-FR\",\"@id\":\"https:\/\/www.m-q.ch\/excellent-why-not\/#primaryimage\",\"url\":\"https:\/\/www.m-q.ch\/wp-content\/uploads\/2021\/02\/Excellent-why-not.jpg\",\"contentUrl\":\"https:\/\/www.m-q.ch\/wp-content\/uploads\/2021\/02\/Excellent-why-not.jpg\",\"width\":854,\"height\":1120,\"caption\":\"Excellent, why not!\"},{\"@type\":\"BreadcrumbList\",\"@id\":\"https:\/\/www.m-q.ch\/excellent-why-not\/#breadcrumb\",\"itemListElement\":[{\"@type\":\"ListItem\",\"position\":1,\"name\":\"Allgemein\",\"item\":\"https:\/\/www.m-q.ch\/kategorie\/allgemein\/\"},{\"@type\":\"ListItem\",\"position\":2,\"name\":\"Excellent, why not!\"}]},{\"@type\":\"WebSite\",\"@id\":\"https:\/\/www.m-q.ch\/fr\/#website\",\"url\":\"https:\/\/www.m-q.ch\/fr\/\",\"name\":\"MQ Management und Qualit\u00e4t\",\"description\":\"Plattform f\u00fcr integrierte Managementsysteme.\",\"publisher\":{\"@id\":\"https:\/\/www.m-q.ch\/fr\/#organization\"},\"potentialAction\":[{\"@type\":\"SearchAction\",\"target\":{\"@type\":\"EntryPoint\",\"urlTemplate\":\"https:\/\/www.m-q.ch\/fr\/?s={search_term_string}\"},\"query-input\":{\"@type\":\"PropertyValueSpecification\",\"valueRequired\":true,\"valueName\":\"search_term_string\"}}],\"inLanguage\":\"fr-FR\"},{\"@type\":\"Organization\",\"@id\":\"https:\/\/www.m-q.ch\/fr\/#organization\",\"name\":\"Galledia Fachmedien AG\",\"url\":\"https:\/\/www.m-q.ch\/fr\/\",\"logo\":{\"@type\":\"ImageObject\",\"inLanguage\":\"fr-FR\",\"@id\":\"https:\/\/www.m-q.ch\/fr\/#\/schema\/logo\/image\/\",\"url\":\"https:\/\/www.m-q.ch\/wp-content\/uploads\/2020\/12\/cropped-logo_small.png\",\"contentUrl\":\"https:\/\/www.m-q.ch\/wp-content\/uploads\/2020\/12\/cropped-logo_small.png\",\"width\":512,\"height\":512,\"caption\":\"Galledia Fachmedien AG\"},\"image\":{\"@id\":\"https:\/\/www.m-q.ch\/fr\/#\/schema\/logo\/image\/\"},\"sameAs\":[\"https:\/\/www.facebook.com\/ManagementUndQualitaet\",\"https:\/\/www.linkedin.com\/showcase\/17982321\/admin\/\"]},{\"@type\":\"Person\",\"@id\":\"https:\/\/www.m-q.ch\/fr\/#\/schema\/person\/71f647a41e4a3e361e6230f5134f3ba9\",\"name\":\"upwork_2\",\"image\":{\"@type\":\"ImageObject\",\"inLanguage\":\"fr-FR\",\"@id\":\"https:\/\/www.m-q.ch\/fr\/#\/schema\/person\/image\/\",\"url\":\"https:\/\/secure.gravatar.com\/avatar\/777b90ab56092bbf3c85feacda5c1bce?s=96&d=mm&r=g\",\"contentUrl\":\"https:\/\/secure.gravatar.com\/avatar\/777b90ab56092bbf3c85feacda5c1bce?s=96&d=mm&r=g\",\"caption\":\"upwork_2\"},\"url\":\"https:\/\/www.m-q.ch\/fr\/author\/upwork_2\/\"}]}<\/script>\n<!-- \/ Yoast SEO plugin. -->","yoast_head_json":{"title":"Excellent, pourquoi pas ! - Gestion et qualit\u00e9 du QM","description":"Le 10 mars 2016, le Forum ESPRIX pour l'excellence aura de nouveau lieu au KKL Luzern. Des intervenants de renom issus du monde des affaires et de la soci\u00e9t\u00e9, une touche de magie et, enfin, la remise du prix ESPRIX Swiss Award for Excellence 2016 constituent les points fixes du programme.","robots":{"index":"index","follow":"follow","max-snippet":"max-snippet:-1","max-image-preview":"max-image-preview:large","max-video-preview":"max-video-preview:-1"},"canonical":"https:\/\/www.m-q.ch\/fr\/excellent-why-not\/","og_locale":"fr_FR","og_type":"article","og_title":"Excellent, why not! - MQ Management und Qualit\u00e4t","og_description":"Am 10. M\u00e4rz 2016 findet im KKL Luzern einmalmehr das ESPRIX Forum f\u00fcr Excellence statt. NamhafteReferenten aus Wirtschaft und Gesellschaft,ein Schuss Magie und nicht zuletzt die Verleihungdes ESPRIX Swiss Award for Excellence 2016 bildendie Fixpunkte des Programms.","og_url":"https:\/\/www.m-q.ch\/fr\/excellent-why-not\/","og_site_name":"MQ Management und Qualit\u00e4t","article_publisher":"https:\/\/www.facebook.com\/ManagementUndQualitaet","article_published_time":"2015-12-05T07:32:43+00:00","article_modified_time":"2021-02-17T08:36:29+00:00","og_image":[{"width":854,"height":1120,"url":"https:\/\/www.m-q.ch\/wp-content\/uploads\/2021\/02\/Excellent-why-not.jpg","type":"image\/jpeg"}],"author":"upwork_2","twitter_card":"summary_large_image","twitter_misc":{"\u00c9crit par":"upwork_2","Dur\u00e9e de lecture estim\u00e9e":"2 minutes"},"schema":{"@context":"https:\/\/schema.org","@graph":[{"@type":"Article","@id":"https:\/\/www.m-q.ch\/excellent-why-not\/#article","isPartOf":{"@id":"https:\/\/www.m-q.ch\/excellent-why-not\/"},"author":{"name":"upwork_2","@id":"https:\/\/www.m-q.ch\/fr\/#\/schema\/person\/71f647a41e4a3e361e6230f5134f3ba9"},"headline":"Excellent, why not!","datePublished":"2015-12-05T07:32:43+00:00","dateModified":"2021-02-17T08:36:29+00:00","mainEntityOfPage":{"@id":"https:\/\/www.m-q.ch\/excellent-why-not\/"},"wordCount":454,"publisher":{"@id":"https:\/\/www.m-q.ch\/fr\/#organization"},"image":{"@id":"https:\/\/www.m-q.ch\/excellent-why-not\/#primaryimage"},"thumbnailUrl":"https:\/\/www.m-q.ch\/wp-content\/uploads\/2021\/02\/Excellent-why-not.jpg","keywords":["12\/2015"],"articleSection":["Allgemein"],"inLanguage":"fr-FR"},{"@type":"WebPage","@id":"https:\/\/www.m-q.ch\/excellent-why-not\/","url":"https:\/\/www.m-q.ch\/excellent-why-not\/","name":"Excellent, pourquoi pas ! - Gestion et qualit\u00e9 du QM","isPartOf":{"@id":"https:\/\/www.m-q.ch\/fr\/#website"},"primaryImageOfPage":{"@id":"https:\/\/www.m-q.ch\/excellent-why-not\/#primaryimage"},"image":{"@id":"https:\/\/www.m-q.ch\/excellent-why-not\/#primaryimage"},"thumbnailUrl":"https:\/\/www.m-q.ch\/wp-content\/uploads\/2021\/02\/Excellent-why-not.jpg","datePublished":"2015-12-05T07:32:43+00:00","dateModified":"2021-02-17T08:36:29+00:00","description":"Le 10 mars 2016, le Forum ESPRIX pour l'excellence aura de nouveau lieu au KKL Luzern. Des intervenants de renom issus du monde des affaires et de la soci\u00e9t\u00e9, une touche de magie et, enfin, la remise du prix ESPRIX Swiss Award for Excellence 2016 constituent les points fixes du programme.","breadcrumb":{"@id":"https:\/\/www.m-q.ch\/excellent-why-not\/#breadcrumb"},"inLanguage":"fr-FR","potentialAction":[{"@type":"ReadAction","target":["https:\/\/www.m-q.ch\/excellent-why-not\/"]}]},{"@type":"ImageObject","inLanguage":"fr-FR","@id":"https:\/\/www.m-q.ch\/excellent-why-not\/#primaryimage","url":"https:\/\/www.m-q.ch\/wp-content\/uploads\/2021\/02\/Excellent-why-not.jpg","contentUrl":"https:\/\/www.m-q.ch\/wp-content\/uploads\/2021\/02\/Excellent-why-not.jpg","width":854,"height":1120,"caption":"Excellent, why not!"},{"@type":"BreadcrumbList","@id":"https:\/\/www.m-q.ch\/excellent-why-not\/#breadcrumb","itemListElement":[{"@type":"ListItem","position":1,"name":"Allgemein","item":"https:\/\/www.m-q.ch\/kategorie\/allgemein\/"},{"@type":"ListItem","position":2,"name":"Excellent, why not!"}]},{"@type":"WebSite","@id":"https:\/\/www.m-q.ch\/fr\/#website","url":"https:\/\/www.m-q.ch\/fr\/","name":"Gestion et qualit\u00e9 du QM","description":"Plate-forme pour les syst\u00e8mes de gestion int\u00e9gr\u00e9e.","publisher":{"@id":"https:\/\/www.m-q.ch\/fr\/#organization"},"potentialAction":[{"@type":"SearchAction","target":{"@type":"EntryPoint","urlTemplate":"https:\/\/www.m-q.ch\/fr\/?s={search_term_string}"},"query-input":{"@type":"PropertyValueSpecification","valueRequired":true,"valueName":"search_term_string"}}],"inLanguage":"fr-FR"},{"@type":"Organization","@id":"https:\/\/www.m-q.ch\/fr\/#organization","name":"Galledia Trade Media AG","url":"https:\/\/www.m-q.ch\/fr\/","logo":{"@type":"ImageObject","inLanguage":"fr-FR","@id":"https:\/\/www.m-q.ch\/fr\/#\/schema\/logo\/image\/","url":"https:\/\/www.m-q.ch\/wp-content\/uploads\/2020\/12\/cropped-logo_small.png","contentUrl":"https:\/\/www.m-q.ch\/wp-content\/uploads\/2020\/12\/cropped-logo_small.png","width":512,"height":512,"caption":"Galledia Fachmedien AG"},"image":{"@id":"https:\/\/www.m-q.ch\/fr\/#\/schema\/logo\/image\/"},"sameAs":["https:\/\/www.facebook.com\/ManagementUndQualitaet","https:\/\/www.linkedin.com\/showcase\/17982321\/admin\/"]},{"@type":"Person","@id":"https:\/\/www.m-q.ch\/fr\/#\/schema\/person\/71f647a41e4a3e361e6230f5134f3ba9","name":"upwork_2","image":{"@type":"ImageObject","inLanguage":"fr-FR","@id":"https:\/\/www.m-q.ch\/fr\/#\/schema\/person\/image\/","url":"https:\/\/secure.gravatar.com\/avatar\/777b90ab56092bbf3c85feacda5c1bce?s=96&d=mm&r=g","contentUrl":"https:\/\/secure.gravatar.com\/avatar\/777b90ab56092bbf3c85feacda5c1bce?s=96&d=mm&r=g","caption":"upwork_2"},"url":"https:\/\/www.m-q.ch\/fr\/author\/upwork_2\/"}]}},"_links":{"self":[{"href":"https:\/\/www.m-q.ch\/fr\/wp-json\/wp\/v2\/posts\/12451","targetHints":{"allow":["GET"]}}],"collection":[{"href":"https:\/\/www.m-q.ch\/fr\/wp-json\/wp\/v2\/posts"}],"about":[{"href":"https:\/\/www.m-q.ch\/fr\/wp-json\/wp\/v2\/types\/post"}],"author":[{"embeddable":true,"href":"https:\/\/www.m-q.ch\/fr\/wp-json\/wp\/v2\/users\/62"}],"replies":[{"embeddable":true,"href":"https:\/\/www.m-q.ch\/fr\/wp-json\/wp\/v2\/comments?post=12451"}],"version-history":[{"count":3,"href":"https:\/\/www.m-q.ch\/fr\/wp-json\/wp\/v2\/posts\/12451\/revisions"}],"predecessor-version":[{"id":12471,"href":"https:\/\/www.m-q.ch\/fr\/wp-json\/wp\/v2\/posts\/12451\/revisions\/12471"}],"wp:featuredmedia":[{"embeddable":true,"href":"https:\/\/www.m-q.ch\/fr\/wp-json\/wp\/v2\/media\/12467"}],"wp:attachment":[{"href":"https:\/\/www.m-q.ch\/fr\/wp-json\/wp\/v2\/media?parent=12451"}],"wp:term":[{"taxonomy":"category","embeddable":true,"href":"https:\/\/www.m-q.ch\/fr\/wp-json\/wp\/v2\/categories?post=12451"},{"taxonomy":"post_tag","embeddable":true,"href":"https:\/\/www.m-q.ch\/fr\/wp-json\/wp\/v2\/tags?post=12451"}],"curies":[{"name":"wp","href":"https:\/\/api.w.org\/{rel}","templated":true}]}}