{"id":12460,"date":"2015-12-23T08:32:48","date_gmt":"2015-12-23T07:32:48","guid":{"rendered":"https:\/\/www.m-q.ch\/?p=12460"},"modified":"2021-02-17T11:30:01","modified_gmt":"2021-02-17T10:30:01","slug":"hannes-met-en-oeuvre-la-charte","status":"publish","type":"post","link":"https:\/\/www.m-q.ch\/fr\/hannes-setzt-das-leitbild-um\/","title":{"rendered":"Hannes met en \u0153uvre la d\u00e9claration de mission"},"content":{"rendered":"<p><img loading=\"lazy\" decoding=\"async\" class=\"alignnone size-full wp-image-12538\" src=\"https:\/\/www.m-q.ch\/wp-content\/uploads\/2021\/02\/Hannes-setzt-das-Leitbild-um.jpg\" alt=\"Hannes met en \u0153uvre la d\u00e9claration de mission\" width=\"876\" height=\"536\" srcset=\"https:\/\/www.m-q.ch\/wp-content\/uploads\/2021\/02\/Hannes-setzt-das-Leitbild-um.jpg 876w, https:\/\/www.m-q.ch\/wp-content\/uploads\/2021\/02\/Hannes-setzt-das-Leitbild-um-768x470.jpg 768w, https:\/\/www.m-q.ch\/wp-content\/uploads\/2021\/02\/Hannes-setzt-das-Leitbild-um-16x10.jpg 16w, https:\/\/www.m-q.ch\/wp-content\/uploads\/2021\/02\/Hannes-setzt-das-Leitbild-um-286x175.jpg 286w, https:\/\/www.m-q.ch\/wp-content\/uploads\/2021\/02\/Hannes-setzt-das-Leitbild-um-572x350.jpg 572w, https:\/\/www.m-q.ch\/wp-content\/uploads\/2021\/02\/Hannes-setzt-das-Leitbild-um-300x184.jpg 300w\" sizes=\"auto, (max-width: 876px) 100vw, 876px\" \/><\/p>\n<p>&nbsp;<\/p>\n<p>&nbsp;<\/p>\n<p>&nbsp;<\/p>\n<p>Les participants \u00e9taient les membres de la direction. Ils s'\u00e9taient retir\u00e9s de la routine quotidienne tr\u00e9pidante pour \u00e9laborer un nouvel \u00e9nonc\u00e9 de mission. Cela s'imposait apr\u00e8s que l'entreprise ait subi des changements majeurs : externalisation de la production et renforcement des deux comp\u00e9tences de base \"ventes et marketing\". Cela sonne bien, Hannes en est conscient. Mais en fin de compte, cela signifie qu'une grande partie des affaires se fait d\u00e9sormais \u00e0 l'\u00e9tranger, en Extr\u00eame-Orient. Seules les fonctions du personnel telles que les ressources humaines, les finances et le marketing y sont encore localis\u00e9es.<\/p>\n<p>&nbsp;<\/p>\n<p>\u00c0 l'avenir, cinq nouveaux principes directeurs d\u00e9montreront clairement, sans ambigu\u00eft\u00e9 et sans \u00e9quivoque ce qui est important pour l'entreprise :<\/p>\n<p>&nbsp;<\/p>\n<p><em><strong>1.<\/strong> Nos employ\u00e9s sont notre atout le plus important. <\/em><\/p>\n<p>&nbsp;<\/p>\n<p><em><strong>2.<\/strong> Nos clients sont au centre de tout ce que nous faisons. <\/em><\/p>\n<p>&nbsp;<\/p>\n<p><em><strong>3.<\/strong> Nous prenons notre responsabilit\u00e9 sociale au s\u00e9rieux. <\/em><\/p>\n<p>&nbsp;<\/p>\n<p><em><strong>4.<\/strong> Nos finances sont sur une base saine. <\/em><\/p>\n<p>&nbsp;<\/p>\n<p><em><strong>5.<\/strong> Notre d\u00e9veloppement est au service de notre progr\u00e8s et se fait en continu.<\/em><\/p>\n<p>&nbsp;<\/p>\n<p>C'est le r\u00e9sultat de ces deux jours. Il s'agit maintenant de pr\u00e9parer des textes pour la mise en \u0153uvre des principes directeurs afin de les discuter et de les approuver dans un nouvel atelier. Chaque membre de la direction a re\u00e7u une phrase et doit pr\u00e9senter une proposition de texte avant la fin de la semaine prochaine. \"Nos clients sont notre priorit\u00e9\" a \u00e9t\u00e9 d\u00e9mocratiquement attribu\u00e9 \u00e0 Hannes.<\/p>\n<p>&nbsp;<\/p>\n<p>Il est conscient qu'il a une fois de plus prononc\u00e9 la phrase la plus d\u00e9sagr\u00e9able. Il se laisse aller \u00e0 la r\u00e9flexion : \"Pendant des ann\u00e9es, les services ont \u00e9t\u00e9 r\u00e9duits, les prix augment\u00e9s, la gamme de produits r\u00e9duite, les contacts personnels remplac\u00e9s par une bo\u00eete d'information sur le web et les stagiaires par un centre d'appel externalis\u00e9 en Irlande. Et maintenant, il est cens\u00e9 dire aux clients en quelques phrases qu'ils seront mieux servis que jamais\". Eh bien..., ce n'est pas \u00e0 lui de poser des questions philosophiques, il est dans le m\u00eame bateau. L'entreprise est sous pression et il doit in\u00e9vitablement faire avec.<\/p>\n<p>&nbsp;<\/p>\n<p>\"Nos clients sont notre priorit\u00e9\". Comment cette phrase peut-elle \u00eatre formul\u00e9e plus concr\u00e8tement ? Hannes pense en termes de formulations orient\u00e9es vers le b\u00e9n\u00e9fice du client. \"Avec notre nouvelle gamme de produits compacts, vous avez une vue d'ensemble \u00e0 tout moment et vous gagnez du temps en vous frayant un chemin \u00e0 travers une gamme d\u00e9routante\". Elle pourrait aller dans cette direction. \"Gr\u00e2ce \u00e0 notre nouvelle bo\u00eete d'information sur le web, vous pouvez nous faire part de vos pr\u00e9occupations \u00e0 tout moment - m\u00eame au milieu de la nuit.\" C'est un progr\u00e8s. Imaginons qu'au milieu de la nuit, le client ait une id\u00e9e, qu'il cherche le smartphone sur la table de nuit, qu'il tape son inqui\u00e9tude et qu'il se rendorme. Il n'a plus \u00e0 tenir compte des heures de bureau. En outre, il a quelques jours apr\u00e8s l'entr\u00e9e pour chercher lui-m\u00eame des solutions, car tant que quelqu'un de l'entreprise ne r\u00e9pondra pas, les 72 heures standardis\u00e9es passeront certainement.<\/p>\n<p>&nbsp;<\/p>\n<p>Cela am\u00e8ne Hannes \u00e0 la phrase suivante : \"Des normes claires en mati\u00e8re de temps de r\u00e9ponse vous permettent de planifier pr\u00e9cis\u00e9ment votre journ\u00e9e de travail. \"En clair, cela signifie que rien ne fonctionne du tout pendant trois jours. Mais comme cela est clair d\u00e8s le d\u00e9part, personne n'attend rien au pr\u00e9alable.<\/p>\n<p>&nbsp;<\/p>\n<p>Aujourd'hui, la justification de l'augmentation des prix au cours des deux derni\u00e8res ann\u00e9es fait toujours d\u00e9faut. \"Gr\u00e2ce \u00e0 une structure de prix orient\u00e9e vers le march\u00e9, vous b\u00e9n\u00e9ficiez d'une r\u00e9f\u00e9rence transparente avec nos concurrents. \"\u00c7a sonne bien. Vous ne savez pas ce qui vous diff\u00e9rencie de la concurrence, mais vous n'avez plus \u00e0 discuter du prix parce qu'il est le m\u00eame et convenu de toute fa\u00e7on. Vous n'avez pas besoin de le dire.<\/p>\n<p>&nbsp;<\/p>\n<p>La d\u00e9claration de mission se remplit lentement de contenu. Hannes se convainc lui-m\u00eame : \"Il est important qu'une d\u00e9claration de mission ne reste pas un tigre de papier, mais qu'elle soit v\u00e9cue au quotidien gr\u00e2ce \u00e0 des avantages concrets pour le client et qu'elle soit v\u00e9cue positivement par ce dernier. Il est heureux d'avoir cr\u00e9\u00e9 une prestation efficace ...<\/p>","protected":false},"excerpt":{"rendered":"<p>&nbsp; &nbsp; &nbsp; Teilnehmer waren die Mitglieder der Gesch\u00e4ftsleitung. Sie hatten sich aus dem hektischen Alltag zur\u00fcckgezogen, um ein neues Leitbild zu erarbeiten. Das war auch bitter n\u00f6tig, nachdem sich das Unternehmen stark ver\u00e4ndert hatte: Auslagerung der Produktion und St\u00e4rkung der beiden Kernkompetenzen \u00abVerkauf und Marketing\u00bb. Das h\u00f6rt sich zwar gut an, dessen ist sich [&hellip;]<\/p>\n","protected":false},"author":62,"featured_media":12538,"comment_status":"closed","ping_status":"closed","sticky":false,"template":"","format":"standard","meta":{"_acf_changed":false,"footnotes":""},"categories":[4448],"tags":[4801],"class_list":["post-12460","post","type-post","status-publish","format-standard","has-post-thumbnail","hentry","category-allgemein","tag-12-2015"],"acf":[],"yoast_head":"<!-- This site is optimized with the Yoast SEO plugin v26.2 - https:\/\/yoast.com\/wordpress\/plugins\/seo\/ -->\n<title>Hannes setzt das Leitbild um - MQ Management und Qualit\u00e4t<\/title>\n<meta name=\"description\" content=\"Hannes kehrt an seinen Arbeitsplatzzur\u00fcck. Die vergangenenbeiden Tage verbrachteer in einem angenehmenSeminarhotel in einemKlausurworkshop.\" \/>\n<meta name=\"robots\" content=\"index, follow, max-snippet:-1, max-image-preview:large, max-video-preview:-1\" \/>\n<link rel=\"canonical\" href=\"https:\/\/www.m-q.ch\/fr\/hannes-met-en-oeuvre-la-charte\/\" \/>\n<meta property=\"og:locale\" content=\"fr_FR\" \/>\n<meta property=\"og:type\" content=\"article\" \/>\n<meta property=\"og:title\" content=\"Hannes setzt das Leitbild um - MQ Management und Qualit\u00e4t\" \/>\n<meta property=\"og:description\" content=\"Hannes kehrt an seinen Arbeitsplatzzur\u00fcck. Die vergangenenbeiden Tage verbrachteer in einem angenehmenSeminarhotel in einemKlausurworkshop.\" \/>\n<meta property=\"og:url\" content=\"https:\/\/www.m-q.ch\/fr\/hannes-met-en-oeuvre-la-charte\/\" \/>\n<meta property=\"og:site_name\" content=\"MQ Management und Qualit\u00e4t\" \/>\n<meta property=\"article:publisher\" content=\"https:\/\/www.facebook.com\/ManagementUndQualitaet\" \/>\n<meta property=\"article:published_time\" content=\"2015-12-23T07:32:48+00:00\" \/>\n<meta property=\"article:modified_time\" content=\"2021-02-17T10:30:01+00:00\" \/>\n<meta property=\"og:image\" content=\"https:\/\/www.m-q.ch\/wp-content\/uploads\/2021\/02\/Hannes-setzt-das-Leitbild-um.jpg\" \/>\n\t<meta property=\"og:image:width\" content=\"876\" \/>\n\t<meta property=\"og:image:height\" content=\"536\" \/>\n\t<meta property=\"og:image:type\" content=\"image\/jpeg\" \/>\n<meta name=\"author\" content=\"upwork_2\" \/>\n<meta name=\"twitter:card\" content=\"summary_large_image\" \/>\n<meta name=\"twitter:label1\" content=\"\u00c9crit par\" \/>\n\t<meta name=\"twitter:data1\" content=\"upwork_2\" \/>\n\t<meta name=\"twitter:label2\" content=\"Dur\u00e9e de lecture estim\u00e9e\" \/>\n\t<meta name=\"twitter:data2\" content=\"3 minutes\" \/>\n<script type=\"application\/ld+json\" class=\"yoast-schema-graph\">{\"@context\":\"https:\/\/schema.org\",\"@graph\":[{\"@type\":\"Article\",\"@id\":\"https:\/\/www.m-q.ch\/hannes-setzt-das-leitbild-um\/#article\",\"isPartOf\":{\"@id\":\"https:\/\/www.m-q.ch\/hannes-setzt-das-leitbild-um\/\"},\"author\":{\"name\":\"upwork_2\",\"@id\":\"https:\/\/www.m-q.ch\/fr\/#\/schema\/person\/71f647a41e4a3e361e6230f5134f3ba9\"},\"headline\":\"Hannes setzt das Leitbild um\",\"datePublished\":\"2015-12-23T07:32:48+00:00\",\"dateModified\":\"2021-02-17T10:30:01+00:00\",\"mainEntityOfPage\":{\"@id\":\"https:\/\/www.m-q.ch\/hannes-setzt-das-leitbild-um\/\"},\"wordCount\":606,\"publisher\":{\"@id\":\"https:\/\/www.m-q.ch\/fr\/#organization\"},\"image\":{\"@id\":\"https:\/\/www.m-q.ch\/hannes-setzt-das-leitbild-um\/#primaryimage\"},\"thumbnailUrl\":\"https:\/\/www.m-q.ch\/wp-content\/uploads\/2021\/02\/Hannes-setzt-das-Leitbild-um.jpg\",\"keywords\":[\"12\/2015\"],\"articleSection\":[\"Allgemein\"],\"inLanguage\":\"fr-FR\"},{\"@type\":\"WebPage\",\"@id\":\"https:\/\/www.m-q.ch\/hannes-setzt-das-leitbild-um\/\",\"url\":\"https:\/\/www.m-q.ch\/hannes-setzt-das-leitbild-um\/\",\"name\":\"Hannes setzt das Leitbild um - MQ Management und Qualit\u00e4t\",\"isPartOf\":{\"@id\":\"https:\/\/www.m-q.ch\/fr\/#website\"},\"primaryImageOfPage\":{\"@id\":\"https:\/\/www.m-q.ch\/hannes-setzt-das-leitbild-um\/#primaryimage\"},\"image\":{\"@id\":\"https:\/\/www.m-q.ch\/hannes-setzt-das-leitbild-um\/#primaryimage\"},\"thumbnailUrl\":\"https:\/\/www.m-q.ch\/wp-content\/uploads\/2021\/02\/Hannes-setzt-das-Leitbild-um.jpg\",\"datePublished\":\"2015-12-23T07:32:48+00:00\",\"dateModified\":\"2021-02-17T10:30:01+00:00\",\"description\":\"Hannes kehrt an seinen Arbeitsplatzzur\u00fcck. Die vergangenenbeiden Tage verbrachteer in einem angenehmenSeminarhotel in einemKlausurworkshop.\",\"breadcrumb\":{\"@id\":\"https:\/\/www.m-q.ch\/hannes-setzt-das-leitbild-um\/#breadcrumb\"},\"inLanguage\":\"fr-FR\",\"potentialAction\":[{\"@type\":\"ReadAction\",\"target\":[\"https:\/\/www.m-q.ch\/hannes-setzt-das-leitbild-um\/\"]}]},{\"@type\":\"ImageObject\",\"inLanguage\":\"fr-FR\",\"@id\":\"https:\/\/www.m-q.ch\/hannes-setzt-das-leitbild-um\/#primaryimage\",\"url\":\"https:\/\/www.m-q.ch\/wp-content\/uploads\/2021\/02\/Hannes-setzt-das-Leitbild-um.jpg\",\"contentUrl\":\"https:\/\/www.m-q.ch\/wp-content\/uploads\/2021\/02\/Hannes-setzt-das-Leitbild-um.jpg\",\"width\":876,\"height\":536,\"caption\":\"Hannes setzt das Leitbild um\"},{\"@type\":\"BreadcrumbList\",\"@id\":\"https:\/\/www.m-q.ch\/hannes-setzt-das-leitbild-um\/#breadcrumb\",\"itemListElement\":[{\"@type\":\"ListItem\",\"position\":1,\"name\":\"Allgemein\",\"item\":\"https:\/\/www.m-q.ch\/kategorie\/allgemein\/\"},{\"@type\":\"ListItem\",\"position\":2,\"name\":\"Hannes setzt das Leitbild um\"}]},{\"@type\":\"WebSite\",\"@id\":\"https:\/\/www.m-q.ch\/fr\/#website\",\"url\":\"https:\/\/www.m-q.ch\/fr\/\",\"name\":\"MQ Management und Qualit\u00e4t\",\"description\":\"Plattform f\u00fcr integrierte Managementsysteme.\",\"publisher\":{\"@id\":\"https:\/\/www.m-q.ch\/fr\/#organization\"},\"potentialAction\":[{\"@type\":\"SearchAction\",\"target\":{\"@type\":\"EntryPoint\",\"urlTemplate\":\"https:\/\/www.m-q.ch\/fr\/?s={search_term_string}\"},\"query-input\":{\"@type\":\"PropertyValueSpecification\",\"valueRequired\":true,\"valueName\":\"search_term_string\"}}],\"inLanguage\":\"fr-FR\"},{\"@type\":\"Organization\",\"@id\":\"https:\/\/www.m-q.ch\/fr\/#organization\",\"name\":\"Galledia Fachmedien AG\",\"url\":\"https:\/\/www.m-q.ch\/fr\/\",\"logo\":{\"@type\":\"ImageObject\",\"inLanguage\":\"fr-FR\",\"@id\":\"https:\/\/www.m-q.ch\/fr\/#\/schema\/logo\/image\/\",\"url\":\"https:\/\/www.m-q.ch\/wp-content\/uploads\/2020\/12\/cropped-logo_small.png\",\"contentUrl\":\"https:\/\/www.m-q.ch\/wp-content\/uploads\/2020\/12\/cropped-logo_small.png\",\"width\":512,\"height\":512,\"caption\":\"Galledia Fachmedien AG\"},\"image\":{\"@id\":\"https:\/\/www.m-q.ch\/fr\/#\/schema\/logo\/image\/\"},\"sameAs\":[\"https:\/\/www.facebook.com\/ManagementUndQualitaet\",\"https:\/\/www.linkedin.com\/showcase\/17982321\/admin\/\"]},{\"@type\":\"Person\",\"@id\":\"https:\/\/www.m-q.ch\/fr\/#\/schema\/person\/71f647a41e4a3e361e6230f5134f3ba9\",\"name\":\"upwork_2\",\"image\":{\"@type\":\"ImageObject\",\"inLanguage\":\"fr-FR\",\"@id\":\"https:\/\/www.m-q.ch\/fr\/#\/schema\/person\/image\/\",\"url\":\"https:\/\/secure.gravatar.com\/avatar\/777b90ab56092bbf3c85feacda5c1bce?s=96&d=mm&r=g\",\"contentUrl\":\"https:\/\/secure.gravatar.com\/avatar\/777b90ab56092bbf3c85feacda5c1bce?s=96&d=mm&r=g\",\"caption\":\"upwork_2\"},\"url\":\"https:\/\/www.m-q.ch\/fr\/author\/upwork_2\/\"}]}<\/script>\n<!-- \/ Yoast SEO plugin. -->","yoast_head_json":{"title":"Hannes met en \u0153uvre la d\u00e9claration de mission - MQ Management und Qualit\u00e4t","description":"Hannes retourne sur son lieu de travail. Il a pass\u00e9 les deux derniers jours dans un agr\u00e9able h\u00f4tel de s\u00e9minaire dans un atelier de retraite.","robots":{"index":"index","follow":"follow","max-snippet":"max-snippet:-1","max-image-preview":"max-image-preview:large","max-video-preview":"max-video-preview:-1"},"canonical":"https:\/\/www.m-q.ch\/fr\/hannes-met-en-oeuvre-la-charte\/","og_locale":"fr_FR","og_type":"article","og_title":"Hannes setzt das Leitbild um - MQ Management und Qualit\u00e4t","og_description":"Hannes kehrt an seinen Arbeitsplatzzur\u00fcck. Die vergangenenbeiden Tage verbrachteer in einem angenehmenSeminarhotel in einemKlausurworkshop.","og_url":"https:\/\/www.m-q.ch\/fr\/hannes-met-en-oeuvre-la-charte\/","og_site_name":"MQ Management und Qualit\u00e4t","article_publisher":"https:\/\/www.facebook.com\/ManagementUndQualitaet","article_published_time":"2015-12-23T07:32:48+00:00","article_modified_time":"2021-02-17T10:30:01+00:00","og_image":[{"width":876,"height":536,"url":"https:\/\/www.m-q.ch\/wp-content\/uploads\/2021\/02\/Hannes-setzt-das-Leitbild-um.jpg","type":"image\/jpeg"}],"author":"upwork_2","twitter_card":"summary_large_image","twitter_misc":{"\u00c9crit par":"upwork_2","Dur\u00e9e de lecture estim\u00e9e":"3 minutes"},"schema":{"@context":"https:\/\/schema.org","@graph":[{"@type":"Article","@id":"https:\/\/www.m-q.ch\/hannes-setzt-das-leitbild-um\/#article","isPartOf":{"@id":"https:\/\/www.m-q.ch\/hannes-setzt-das-leitbild-um\/"},"author":{"name":"upwork_2","@id":"https:\/\/www.m-q.ch\/fr\/#\/schema\/person\/71f647a41e4a3e361e6230f5134f3ba9"},"headline":"Hannes setzt das Leitbild um","datePublished":"2015-12-23T07:32:48+00:00","dateModified":"2021-02-17T10:30:01+00:00","mainEntityOfPage":{"@id":"https:\/\/www.m-q.ch\/hannes-setzt-das-leitbild-um\/"},"wordCount":606,"publisher":{"@id":"https:\/\/www.m-q.ch\/fr\/#organization"},"image":{"@id":"https:\/\/www.m-q.ch\/hannes-setzt-das-leitbild-um\/#primaryimage"},"thumbnailUrl":"https:\/\/www.m-q.ch\/wp-content\/uploads\/2021\/02\/Hannes-setzt-das-Leitbild-um.jpg","keywords":["12\/2015"],"articleSection":["Allgemein"],"inLanguage":"fr-FR"},{"@type":"WebPage","@id":"https:\/\/www.m-q.ch\/hannes-setzt-das-leitbild-um\/","url":"https:\/\/www.m-q.ch\/hannes-setzt-das-leitbild-um\/","name":"Hannes met en \u0153uvre la d\u00e9claration de mission - MQ Management und Qualit\u00e4t","isPartOf":{"@id":"https:\/\/www.m-q.ch\/fr\/#website"},"primaryImageOfPage":{"@id":"https:\/\/www.m-q.ch\/hannes-setzt-das-leitbild-um\/#primaryimage"},"image":{"@id":"https:\/\/www.m-q.ch\/hannes-setzt-das-leitbild-um\/#primaryimage"},"thumbnailUrl":"https:\/\/www.m-q.ch\/wp-content\/uploads\/2021\/02\/Hannes-setzt-das-Leitbild-um.jpg","datePublished":"2015-12-23T07:32:48+00:00","dateModified":"2021-02-17T10:30:01+00:00","description":"Hannes retourne sur son lieu de travail. Il a pass\u00e9 les deux derniers jours dans un agr\u00e9able h\u00f4tel de s\u00e9minaire dans un atelier de retraite.","breadcrumb":{"@id":"https:\/\/www.m-q.ch\/hannes-setzt-das-leitbild-um\/#breadcrumb"},"inLanguage":"fr-FR","potentialAction":[{"@type":"ReadAction","target":["https:\/\/www.m-q.ch\/hannes-setzt-das-leitbild-um\/"]}]},{"@type":"ImageObject","inLanguage":"fr-FR","@id":"https:\/\/www.m-q.ch\/hannes-setzt-das-leitbild-um\/#primaryimage","url":"https:\/\/www.m-q.ch\/wp-content\/uploads\/2021\/02\/Hannes-setzt-das-Leitbild-um.jpg","contentUrl":"https:\/\/www.m-q.ch\/wp-content\/uploads\/2021\/02\/Hannes-setzt-das-Leitbild-um.jpg","width":876,"height":536,"caption":"Hannes setzt das Leitbild um"},{"@type":"BreadcrumbList","@id":"https:\/\/www.m-q.ch\/hannes-setzt-das-leitbild-um\/#breadcrumb","itemListElement":[{"@type":"ListItem","position":1,"name":"Allgemein","item":"https:\/\/www.m-q.ch\/kategorie\/allgemein\/"},{"@type":"ListItem","position":2,"name":"Hannes setzt das Leitbild um"}]},{"@type":"WebSite","@id":"https:\/\/www.m-q.ch\/fr\/#website","url":"https:\/\/www.m-q.ch\/fr\/","name":"Gestion et qualit\u00e9 du QM","description":"Plate-forme pour les syst\u00e8mes de gestion int\u00e9gr\u00e9e.","publisher":{"@id":"https:\/\/www.m-q.ch\/fr\/#organization"},"potentialAction":[{"@type":"SearchAction","target":{"@type":"EntryPoint","urlTemplate":"https:\/\/www.m-q.ch\/fr\/?s={search_term_string}"},"query-input":{"@type":"PropertyValueSpecification","valueRequired":true,"valueName":"search_term_string"}}],"inLanguage":"fr-FR"},{"@type":"Organization","@id":"https:\/\/www.m-q.ch\/fr\/#organization","name":"Galledia Trade Media AG","url":"https:\/\/www.m-q.ch\/fr\/","logo":{"@type":"ImageObject","inLanguage":"fr-FR","@id":"https:\/\/www.m-q.ch\/fr\/#\/schema\/logo\/image\/","url":"https:\/\/www.m-q.ch\/wp-content\/uploads\/2020\/12\/cropped-logo_small.png","contentUrl":"https:\/\/www.m-q.ch\/wp-content\/uploads\/2020\/12\/cropped-logo_small.png","width":512,"height":512,"caption":"Galledia Fachmedien AG"},"image":{"@id":"https:\/\/www.m-q.ch\/fr\/#\/schema\/logo\/image\/"},"sameAs":["https:\/\/www.facebook.com\/ManagementUndQualitaet","https:\/\/www.linkedin.com\/showcase\/17982321\/admin\/"]},{"@type":"Person","@id":"https:\/\/www.m-q.ch\/fr\/#\/schema\/person\/71f647a41e4a3e361e6230f5134f3ba9","name":"upwork_2","image":{"@type":"ImageObject","inLanguage":"fr-FR","@id":"https:\/\/www.m-q.ch\/fr\/#\/schema\/person\/image\/","url":"https:\/\/secure.gravatar.com\/avatar\/777b90ab56092bbf3c85feacda5c1bce?s=96&d=mm&r=g","contentUrl":"https:\/\/secure.gravatar.com\/avatar\/777b90ab56092bbf3c85feacda5c1bce?s=96&d=mm&r=g","caption":"upwork_2"},"url":"https:\/\/www.m-q.ch\/fr\/author\/upwork_2\/"}]}},"_links":{"self":[{"href":"https:\/\/www.m-q.ch\/fr\/wp-json\/wp\/v2\/posts\/12460","targetHints":{"allow":["GET"]}}],"collection":[{"href":"https:\/\/www.m-q.ch\/fr\/wp-json\/wp\/v2\/posts"}],"about":[{"href":"https:\/\/www.m-q.ch\/fr\/wp-json\/wp\/v2\/types\/post"}],"author":[{"embeddable":true,"href":"https:\/\/www.m-q.ch\/fr\/wp-json\/wp\/v2\/users\/62"}],"replies":[{"embeddable":true,"href":"https:\/\/www.m-q.ch\/fr\/wp-json\/wp\/v2\/comments?post=12460"}],"version-history":[{"count":1,"href":"https:\/\/www.m-q.ch\/fr\/wp-json\/wp\/v2\/posts\/12460\/revisions"}],"predecessor-version":[{"id":12539,"href":"https:\/\/www.m-q.ch\/fr\/wp-json\/wp\/v2\/posts\/12460\/revisions\/12539"}],"wp:featuredmedia":[{"embeddable":true,"href":"https:\/\/www.m-q.ch\/fr\/wp-json\/wp\/v2\/media\/12538"}],"wp:attachment":[{"href":"https:\/\/www.m-q.ch\/fr\/wp-json\/wp\/v2\/media?parent=12460"}],"wp:term":[{"taxonomy":"category","embeddable":true,"href":"https:\/\/www.m-q.ch\/fr\/wp-json\/wp\/v2\/categories?post=12460"},{"taxonomy":"post_tag","embeddable":true,"href":"https:\/\/www.m-q.ch\/fr\/wp-json\/wp\/v2\/tags?post=12460"}],"curies":[{"name":"wp","href":"https:\/\/api.w.org\/{rel}","templated":true}]}}