{"id":12606,"date":"2015-03-03T07:57:56","date_gmt":"2015-03-03T06:57:56","guid":{"rendered":"https:\/\/www.m-q.ch\/?p=12606"},"modified":"2021-02-18T08:20:13","modified_gmt":"2021-02-18T07:20:13","slug":"idee-daujourdhui-realite-de-demain","status":"publish","type":"post","link":"https:\/\/www.m-q.ch\/fr\/heute-idee-morgen-realitaet\/","title":{"rendered":"Aujourd'hui, une id\u00e9e. La r\u00e9alit\u00e9 de demain."},"content":{"rendered":"<p><img loading=\"lazy\" decoding=\"async\" class=\"alignnone size-full wp-image-12621\" src=\"https:\/\/www.m-q.ch\/wp-content\/uploads\/2021\/02\/Heute-Idee.-Morgen-Realitaet..jpg\" alt=\"Aujourd&#039;hui, une id\u00e9e. La r\u00e9alit\u00e9 de demain.\" width=\"822\" height=\"344\" srcset=\"https:\/\/www.m-q.ch\/wp-content\/uploads\/2021\/02\/Heute-Idee.-Morgen-Realitaet..jpg 822w, https:\/\/www.m-q.ch\/wp-content\/uploads\/2021\/02\/Heute-Idee.-Morgen-Realitaet.-768x321.jpg 768w, https:\/\/www.m-q.ch\/wp-content\/uploads\/2021\/02\/Heute-Idee.-Morgen-Realitaet.-16x7.jpg 16w, https:\/\/www.m-q.ch\/wp-content\/uploads\/2021\/02\/Heute-Idee.-Morgen-Realitaet.-375x157.jpg 375w, https:\/\/www.m-q.ch\/wp-content\/uploads\/2021\/02\/Heute-Idee.-Morgen-Realitaet.-760x318.jpg 760w, https:\/\/www.m-q.ch\/wp-content\/uploads\/2021\/02\/Heute-Idee.-Morgen-Realitaet.-300x126.jpg 300w\" sizes=\"auto, (max-width: 822px) 100vw, 822px\" \/><\/p>\n<p>&nbsp;<\/p>\n<p>&nbsp;<\/p>\n<p>&nbsp;<\/p>\n<p>L'esprit de l'\u00e9poque est mobile, se rencontrant dans le nuage, provoquant des inondations de donn\u00e9es et mobilisant des infrastructures et des syst\u00e8mes informatiques entiers pour conduire le processus d'\u00e9volution dans les affaires et la vie priv\u00e9e. Nombre de ces d\u00e9veloppements sont utiles. Ils facilitent notre vie quotidienne, ouvrent la voie \u00e0 de nouvelles collaborations et permettent des processus et un d\u00e9veloppement de produits plus efficaces. D'autres sont irritantes, doivent d'abord \u00eatre comprises et class\u00e9es, et nous laissent des points d'interrogation.<\/p>\n<p>&nbsp;<\/p>\n<p>La facilit\u00e9 avec laquelle nous utilisons les technologies de l'information dans la sph\u00e8re priv\u00e9e s'estompe de temps en temps dans la vie professionnelle quotidienne. Cela est d\u00fb en partie au fait que les processus et les technologies sont de plus en plus complexes. En outre, de nouveaux termes techniques tels que \"Cloud\", \"Big Data\", \"Business Intelligence\", etc. apparaissent en m\u00eame temps que les nouvelles technologies. Quels sont les avantages de ces technologies<\/p>\n<p>&nbsp;<\/p>\n<p><em><strong>L'informatique dans l'environnement des entreprises<\/strong><\/em><\/p>\n<p>&nbsp;<\/p>\n<p>\u00e0 sa propre entreprise n'est pas facile \u00e0 \u00e9valuer. Depuis plusieurs ann\u00e9es maintenant, X.DAYS a r\u00e9ussi \u00e0 combler le foss\u00e9 entre les TIC et les entreprises.<\/p>\n<p><strong>Une plate-forme attrayante<\/strong><\/p>\n<p>&nbsp;<\/p>\n<p>Les X.DAYS rapprochent les entreprises et les technologies de l'information et combinent des sujets d'actualit\u00e9 des deux domaines, de mani\u00e8re intelligente et compr\u00e9hensible. La grande proportion de pr\u00e9sentations ax\u00e9es sur la pratique aide les membres de la direction \u00e0 comprendre les technologies. Cela leur permet de trouver les bonnes solutions pour leurs propres entreprises et de faire des investissements judicieux. Parmi les 24 sessions, dont certaines se d\u00e9roulent en parall\u00e8le, chaque visiteur choisit les principaux sujets qui l'int\u00e9ressent. Ainsi, les responsables informatiques, les chefs de service et les directeurs g\u00e9n\u00e9raux sont assis dans les m\u00eames pr\u00e9sentations. Ils \u00e9changent des id\u00e9es, profitent des questions pos\u00e9es sous diff\u00e9rents angles et \u00e9clairent les d\u00e9fis sous diff\u00e9rents angles. Cela permet une meilleure compr\u00e9hension mutuelle des besoins et des exigences des TI en fonction des t\u00e2ches \u00e0 accomplir et contribue \u00e0 faire avancer les projets plus facilement et, surtout, de mani\u00e8re cibl\u00e9e.<\/p>\n<p><strong>Le succ\u00e8s grandit avec la compr\u00e9hension<\/strong><\/p>\n<p>&nbsp;<\/p>\n<p>Ce n'est pas un hasard si les organisateurs de X.DAYS rapprochent le monde des TIC et celui des affaires. Des ann\u00e9es d'exp\u00e9rience montrent clairement que plus les technologies et les opportunit\u00e9s associ\u00e9es sont comprises des deux c\u00f4t\u00e9s, plus le succ\u00e8s est grand - et cela ne concerne pas seulement les projets TIC. La d\u00e9pendance mutuelle est grande. C'est g\u00e9nial,<\/p>\n<p>&nbsp;<\/p>\n<p><em><strong>\u00c9change d'exp\u00e9riences<\/strong><\/em><\/p>\n<p>&nbsp;<\/p>\n<p>que souvent le succ\u00e8s de l'entreprise en d\u00e9pend. Il vaut donc la peine d'examiner les deux c\u00f4t\u00e9s de la m\u00e9daille et de d\u00e9terminer clairement les objectifs que l'entreprise poursuit et les technologies et solutions n\u00e9cessaires pour les atteindre. Et cela n\u00e9cessite une compr\u00e9hension commerciale et technologique ainsi qu'un \u00e9change mutuel. Il n'est plus banal de suivre une voie claire en mati\u00e8re d'informatique d'entreprise. L'orientation strat\u00e9gique doit \u00eatre la m\u00eame. La direction et l'informatique doivent travailler en \u00e9troite collaboration pour atteindre les objectifs d\u00e9finis par l'entreprise.<\/p>\n<p><strong>\u00c9largir la perspective<\/strong><\/p>\n<p>&nbsp;<\/p>\n<p>Les X.DAYS sont une occasion annuelle pour les entreprises et le secteur informatique de se mettre en r\u00e9seau, de d\u00e9couvrir les derni\u00e8res technologies, d'examiner de plus pr\u00e8s celles qui ont fait leurs preuves et de d\u00e9couvrir ce qui a un sens pour leur propre entreprise. Qu'il s'agisse de Cloud, de Big Data, de Web TV, de m\u00e9dias sociaux, d'ERP ou d'autres sujets d'actualit\u00e9. Gr\u00e2ce \u00e0 des conf\u00e9rences ax\u00e9es sur la pratique dans le domaine des TIC et des affaires, ainsi qu'\u00e0 des rencontres personnelles, non seulement les connaissances sont \u00e9largies, mais aussi les perspectives. Les situations de blocage sont souvent clarifi\u00e9es par des discussions. Les investissements dans les projets deviennent plus clairs et les solutions plus transparentes. Les X.DAYS offrent un cadre id\u00e9al pour deux jours de d\u00e9tente \u00e0 Interlaken, loin des affaires et dans une atmosph\u00e8re d\u00e9tendue.<\/p>\n<p><strong>La devise, l'agenda<\/strong><\/p>\n<p>&nbsp;<\/p>\n<p>Sous la devise \"Aujourd'hui une id\u00e9e. La r\u00e9alit\u00e9 de demain\", X.DAYS d\u00e9butera le 13 mars 2013 \u00e0 Interlaken avec un congr\u00e8s de deux jours (voir encadr\u00e9s \"Keynote Speaker\"). Il est certain que dans la vie de tous les jours, les pens\u00e9es ne se manifestent pas aussi facilement en projets r\u00e9ussis et rentables. Mais si une id\u00e9e est constamment d\u00e9velopp\u00e9e par une action cibl\u00e9e et avec un soutien technologique, elle peut ouvrir le champ d'activit\u00e9 souhait\u00e9 dans un avenir proche. X.DAYS offre la plateforme id\u00e9ale pour les inspirations qui abordent et \u00e9clairent ce sujet d'un point de vue technologique et \u00e9conomique. Leur mise en \u0153uvre rel\u00e8ve de la responsabilit\u00e9 de chaque participant. Peut-\u00eatre avec le soutien des 76 partenaires ou en \u00e9change avec les passionnants orateurs et invit\u00e9s.<\/p>\n<p>&nbsp;<\/p>","protected":false},"excerpt":{"rendered":"<p>&nbsp; &nbsp; &nbsp; Der Zeitgeist ist mobil, trifft sich in der Cloud, verursacht Datenfluten und mobilisiert ganze IT-Infrastrukturen und -Systeme, um den Evolutionsprozess im Gesch\u00e4fts- und Privatleben voranzutreiben. Viele dieser Entwicklungen sind hilfreich. Sie erleichtern unseren Alltag, \u00f6ffnen uns T\u00fcren zu neuen Kooperationen und erm\u00f6glichen effizientere Abl\u00e4ufe und Produktentwicklungen. Andere irritieren, m\u00fcssen zuerst verstanden und [&hellip;]<\/p>\n","protected":false},"author":62,"featured_media":12621,"comment_status":"closed","ping_status":"closed","sticky":false,"template":"","format":"standard","meta":{"_acf_changed":false,"footnotes":""},"categories":[5],"tags":[4803],"class_list":["post-12606","post","type-post","status-publish","format-standard","has-post-thumbnail","hentry","category-business_excellence","tag-3-2013"],"acf":[],"yoast_head":"<!-- This site is optimized with the Yoast SEO plugin v26.2 - https:\/\/yoast.com\/wordpress\/plugins\/seo\/ -->\n<title>Heute Idee. Morgen Realit\u00e4t. - MQ Management und Qualit\u00e4t<\/title>\n<meta name=\"description\" content=\"Die X.DAYS haben sich in den letzten Jahren mit\u00fcber 1300 Besuchern t\u00e4glich als erfolgreichstenationale Business- und Networking-Plattformetabliert. Jedes Jahr wird w\u00e4hrend zwei Tagen einneuer Spannungsbogen zwischen ICT undBusiness gezogen. Dabei werden innerhalb beiderdieser Bereiche Themen behandelt, die sicherg\u00e4nzen und den Zeitgeist treffen.\" \/>\n<meta name=\"robots\" content=\"index, follow, max-snippet:-1, max-image-preview:large, max-video-preview:-1\" \/>\n<link rel=\"canonical\" href=\"https:\/\/www.m-q.ch\/fr\/idee-daujourdhui-realite-de-demain\/\" \/>\n<meta property=\"og:locale\" content=\"fr_FR\" \/>\n<meta property=\"og:type\" content=\"article\" \/>\n<meta property=\"og:title\" content=\"Heute Idee. Morgen Realit\u00e4t. - MQ Management und Qualit\u00e4t\" \/>\n<meta property=\"og:description\" content=\"Die X.DAYS haben sich in den letzten Jahren mit\u00fcber 1300 Besuchern t\u00e4glich als erfolgreichstenationale Business- und Networking-Plattformetabliert. Jedes Jahr wird w\u00e4hrend zwei Tagen einneuer Spannungsbogen zwischen ICT undBusiness gezogen. Dabei werden innerhalb beiderdieser Bereiche Themen behandelt, die sicherg\u00e4nzen und den Zeitgeist treffen.\" \/>\n<meta property=\"og:url\" content=\"https:\/\/www.m-q.ch\/fr\/idee-daujourdhui-realite-de-demain\/\" \/>\n<meta property=\"og:site_name\" content=\"MQ Management und Qualit\u00e4t\" \/>\n<meta property=\"article:publisher\" content=\"https:\/\/www.facebook.com\/ManagementUndQualitaet\" \/>\n<meta property=\"article:published_time\" content=\"2015-03-03T06:57:56+00:00\" \/>\n<meta property=\"article:modified_time\" content=\"2021-02-18T07:20:13+00:00\" \/>\n<meta property=\"og:image\" content=\"https:\/\/www.m-q.ch\/wp-content\/uploads\/2021\/02\/Heute-Idee.-Morgen-Realitaet..jpg\" \/>\n\t<meta property=\"og:image:width\" content=\"822\" \/>\n\t<meta property=\"og:image:height\" content=\"344\" \/>\n\t<meta property=\"og:image:type\" content=\"image\/jpeg\" \/>\n<meta name=\"author\" content=\"upwork_2\" \/>\n<meta name=\"twitter:card\" content=\"summary_large_image\" \/>\n<meta name=\"twitter:label1\" content=\"\u00c9crit par\" \/>\n\t<meta name=\"twitter:data1\" content=\"upwork_2\" \/>\n\t<meta name=\"twitter:label2\" content=\"Dur\u00e9e de lecture estim\u00e9e\" \/>\n\t<meta name=\"twitter:data2\" content=\"4 minutes\" \/>\n<script type=\"application\/ld+json\" class=\"yoast-schema-graph\">{\"@context\":\"https:\/\/schema.org\",\"@graph\":[{\"@type\":\"Article\",\"@id\":\"https:\/\/www.m-q.ch\/heute-idee-morgen-realitaet\/#article\",\"isPartOf\":{\"@id\":\"https:\/\/www.m-q.ch\/heute-idee-morgen-realitaet\/\"},\"author\":{\"name\":\"upwork_2\",\"@id\":\"https:\/\/www.m-q.ch\/fr\/#\/schema\/person\/71f647a41e4a3e361e6230f5134f3ba9\"},\"headline\":\"Heute Idee. Morgen Realit\u00e4t.\",\"datePublished\":\"2015-03-03T06:57:56+00:00\",\"dateModified\":\"2021-02-18T07:20:13+00:00\",\"mainEntityOfPage\":{\"@id\":\"https:\/\/www.m-q.ch\/heute-idee-morgen-realitaet\/\"},\"wordCount\":707,\"publisher\":{\"@id\":\"https:\/\/www.m-q.ch\/fr\/#organization\"},\"image\":{\"@id\":\"https:\/\/www.m-q.ch\/heute-idee-morgen-realitaet\/#primaryimage\"},\"thumbnailUrl\":\"https:\/\/www.m-q.ch\/wp-content\/uploads\/2021\/02\/Heute-Idee.-Morgen-Realitaet..jpg\",\"keywords\":[\"3\/2013\"],\"articleSection\":[\"Business Excellence\"],\"inLanguage\":\"fr-FR\"},{\"@type\":\"WebPage\",\"@id\":\"https:\/\/www.m-q.ch\/heute-idee-morgen-realitaet\/\",\"url\":\"https:\/\/www.m-q.ch\/heute-idee-morgen-realitaet\/\",\"name\":\"Heute Idee. Morgen Realit\u00e4t. - MQ Management und Qualit\u00e4t\",\"isPartOf\":{\"@id\":\"https:\/\/www.m-q.ch\/fr\/#website\"},\"primaryImageOfPage\":{\"@id\":\"https:\/\/www.m-q.ch\/heute-idee-morgen-realitaet\/#primaryimage\"},\"image\":{\"@id\":\"https:\/\/www.m-q.ch\/heute-idee-morgen-realitaet\/#primaryimage\"},\"thumbnailUrl\":\"https:\/\/www.m-q.ch\/wp-content\/uploads\/2021\/02\/Heute-Idee.-Morgen-Realitaet..jpg\",\"datePublished\":\"2015-03-03T06:57:56+00:00\",\"dateModified\":\"2021-02-18T07:20:13+00:00\",\"description\":\"Die X.DAYS haben sich in den letzten Jahren mit\u00fcber 1300 Besuchern t\u00e4glich als erfolgreichstenationale Business- und Networking-Plattformetabliert. Jedes Jahr wird w\u00e4hrend zwei Tagen einneuer Spannungsbogen zwischen ICT undBusiness gezogen. Dabei werden innerhalb beiderdieser Bereiche Themen behandelt, die sicherg\u00e4nzen und den Zeitgeist treffen.\",\"breadcrumb\":{\"@id\":\"https:\/\/www.m-q.ch\/heute-idee-morgen-realitaet\/#breadcrumb\"},\"inLanguage\":\"fr-FR\",\"potentialAction\":[{\"@type\":\"ReadAction\",\"target\":[\"https:\/\/www.m-q.ch\/heute-idee-morgen-realitaet\/\"]}]},{\"@type\":\"ImageObject\",\"inLanguage\":\"fr-FR\",\"@id\":\"https:\/\/www.m-q.ch\/heute-idee-morgen-realitaet\/#primaryimage\",\"url\":\"https:\/\/www.m-q.ch\/wp-content\/uploads\/2021\/02\/Heute-Idee.-Morgen-Realitaet..jpg\",\"contentUrl\":\"https:\/\/www.m-q.ch\/wp-content\/uploads\/2021\/02\/Heute-Idee.-Morgen-Realitaet..jpg\",\"width\":822,\"height\":344,\"caption\":\"Heute Idee. Morgen Realit\u00e4t.\"},{\"@type\":\"BreadcrumbList\",\"@id\":\"https:\/\/www.m-q.ch\/heute-idee-morgen-realitaet\/#breadcrumb\",\"itemListElement\":[{\"@type\":\"ListItem\",\"position\":1,\"name\":\"Business Excellence\",\"item\":\"https:\/\/www.m-q.ch\/kategorie\/business_excellence\/\"},{\"@type\":\"ListItem\",\"position\":2,\"name\":\"Heute Idee. Morgen Realit\u00e4t.\"}]},{\"@type\":\"WebSite\",\"@id\":\"https:\/\/www.m-q.ch\/fr\/#website\",\"url\":\"https:\/\/www.m-q.ch\/fr\/\",\"name\":\"MQ Management und Qualit\u00e4t\",\"description\":\"Plattform f\u00fcr integrierte Managementsysteme.\",\"publisher\":{\"@id\":\"https:\/\/www.m-q.ch\/fr\/#organization\"},\"potentialAction\":[{\"@type\":\"SearchAction\",\"target\":{\"@type\":\"EntryPoint\",\"urlTemplate\":\"https:\/\/www.m-q.ch\/fr\/?s={search_term_string}\"},\"query-input\":{\"@type\":\"PropertyValueSpecification\",\"valueRequired\":true,\"valueName\":\"search_term_string\"}}],\"inLanguage\":\"fr-FR\"},{\"@type\":\"Organization\",\"@id\":\"https:\/\/www.m-q.ch\/fr\/#organization\",\"name\":\"Galledia Fachmedien AG\",\"url\":\"https:\/\/www.m-q.ch\/fr\/\",\"logo\":{\"@type\":\"ImageObject\",\"inLanguage\":\"fr-FR\",\"@id\":\"https:\/\/www.m-q.ch\/fr\/#\/schema\/logo\/image\/\",\"url\":\"https:\/\/www.m-q.ch\/wp-content\/uploads\/2020\/12\/cropped-logo_small.png\",\"contentUrl\":\"https:\/\/www.m-q.ch\/wp-content\/uploads\/2020\/12\/cropped-logo_small.png\",\"width\":512,\"height\":512,\"caption\":\"Galledia Fachmedien AG\"},\"image\":{\"@id\":\"https:\/\/www.m-q.ch\/fr\/#\/schema\/logo\/image\/\"},\"sameAs\":[\"https:\/\/www.facebook.com\/ManagementUndQualitaet\",\"https:\/\/www.linkedin.com\/showcase\/17982321\/admin\/\"]},{\"@type\":\"Person\",\"@id\":\"https:\/\/www.m-q.ch\/fr\/#\/schema\/person\/71f647a41e4a3e361e6230f5134f3ba9\",\"name\":\"upwork_2\",\"image\":{\"@type\":\"ImageObject\",\"inLanguage\":\"fr-FR\",\"@id\":\"https:\/\/www.m-q.ch\/fr\/#\/schema\/person\/image\/\",\"url\":\"https:\/\/secure.gravatar.com\/avatar\/777b90ab56092bbf3c85feacda5c1bce?s=96&d=mm&r=g\",\"contentUrl\":\"https:\/\/secure.gravatar.com\/avatar\/777b90ab56092bbf3c85feacda5c1bce?s=96&d=mm&r=g\",\"caption\":\"upwork_2\"},\"url\":\"https:\/\/www.m-q.ch\/fr\/author\/upwork_2\/\"}]}<\/script>\n<!-- \/ Yoast SEO plugin. -->","yoast_head_json":{"title":"Aujourd'hui, une id\u00e9e. La r\u00e9alit\u00e9 de demain. - Gestion et qualit\u00e9 du QM","description":"Ces derni\u00e8res ann\u00e9es, X.DAYS s'est impos\u00e9 comme la plateforme nationale de commerce et de r\u00e9seautage la plus performante avec plus de 1300 visiteurs par jour. Chaque ann\u00e9e, pendant deux jours, un nouvel arc de tension se dessine entre les TIC et les entreprises. Dans ces deux domaines sont abord\u00e9s des sujets qui ne manqueront pas de se compl\u00e9ter et de r\u00e9pondre \u00e0 l'esprit du temps.","robots":{"index":"index","follow":"follow","max-snippet":"max-snippet:-1","max-image-preview":"max-image-preview:large","max-video-preview":"max-video-preview:-1"},"canonical":"https:\/\/www.m-q.ch\/fr\/idee-daujourdhui-realite-de-demain\/","og_locale":"fr_FR","og_type":"article","og_title":"Heute Idee. Morgen Realit\u00e4t. - MQ Management und Qualit\u00e4t","og_description":"Die X.DAYS haben sich in den letzten Jahren mit\u00fcber 1300 Besuchern t\u00e4glich als erfolgreichstenationale Business- und Networking-Plattformetabliert. Jedes Jahr wird w\u00e4hrend zwei Tagen einneuer Spannungsbogen zwischen ICT undBusiness gezogen. Dabei werden innerhalb beiderdieser Bereiche Themen behandelt, die sicherg\u00e4nzen und den Zeitgeist treffen.","og_url":"https:\/\/www.m-q.ch\/fr\/idee-daujourdhui-realite-de-demain\/","og_site_name":"MQ Management und Qualit\u00e4t","article_publisher":"https:\/\/www.facebook.com\/ManagementUndQualitaet","article_published_time":"2015-03-03T06:57:56+00:00","article_modified_time":"2021-02-18T07:20:13+00:00","og_image":[{"width":822,"height":344,"url":"https:\/\/www.m-q.ch\/wp-content\/uploads\/2021\/02\/Heute-Idee.-Morgen-Realitaet..jpg","type":"image\/jpeg"}],"author":"upwork_2","twitter_card":"summary_large_image","twitter_misc":{"\u00c9crit par":"upwork_2","Dur\u00e9e de lecture estim\u00e9e":"4 minutes"},"schema":{"@context":"https:\/\/schema.org","@graph":[{"@type":"Article","@id":"https:\/\/www.m-q.ch\/heute-idee-morgen-realitaet\/#article","isPartOf":{"@id":"https:\/\/www.m-q.ch\/heute-idee-morgen-realitaet\/"},"author":{"name":"upwork_2","@id":"https:\/\/www.m-q.ch\/fr\/#\/schema\/person\/71f647a41e4a3e361e6230f5134f3ba9"},"headline":"Heute Idee. Morgen Realit\u00e4t.","datePublished":"2015-03-03T06:57:56+00:00","dateModified":"2021-02-18T07:20:13+00:00","mainEntityOfPage":{"@id":"https:\/\/www.m-q.ch\/heute-idee-morgen-realitaet\/"},"wordCount":707,"publisher":{"@id":"https:\/\/www.m-q.ch\/fr\/#organization"},"image":{"@id":"https:\/\/www.m-q.ch\/heute-idee-morgen-realitaet\/#primaryimage"},"thumbnailUrl":"https:\/\/www.m-q.ch\/wp-content\/uploads\/2021\/02\/Heute-Idee.-Morgen-Realitaet..jpg","keywords":["3\/2013"],"articleSection":["Business Excellence"],"inLanguage":"fr-FR"},{"@type":"WebPage","@id":"https:\/\/www.m-q.ch\/heute-idee-morgen-realitaet\/","url":"https:\/\/www.m-q.ch\/heute-idee-morgen-realitaet\/","name":"Aujourd'hui, une id\u00e9e. La r\u00e9alit\u00e9 de demain. - Gestion et qualit\u00e9 du QM","isPartOf":{"@id":"https:\/\/www.m-q.ch\/fr\/#website"},"primaryImageOfPage":{"@id":"https:\/\/www.m-q.ch\/heute-idee-morgen-realitaet\/#primaryimage"},"image":{"@id":"https:\/\/www.m-q.ch\/heute-idee-morgen-realitaet\/#primaryimage"},"thumbnailUrl":"https:\/\/www.m-q.ch\/wp-content\/uploads\/2021\/02\/Heute-Idee.-Morgen-Realitaet..jpg","datePublished":"2015-03-03T06:57:56+00:00","dateModified":"2021-02-18T07:20:13+00:00","description":"Ces derni\u00e8res ann\u00e9es, X.DAYS s'est impos\u00e9 comme la plateforme nationale de commerce et de r\u00e9seautage la plus performante avec plus de 1300 visiteurs par jour. Chaque ann\u00e9e, pendant deux jours, un nouvel arc de tension se dessine entre les TIC et les entreprises. Dans ces deux domaines sont abord\u00e9s des sujets qui ne manqueront pas de se compl\u00e9ter et de r\u00e9pondre \u00e0 l'esprit du temps.","breadcrumb":{"@id":"https:\/\/www.m-q.ch\/heute-idee-morgen-realitaet\/#breadcrumb"},"inLanguage":"fr-FR","potentialAction":[{"@type":"ReadAction","target":["https:\/\/www.m-q.ch\/heute-idee-morgen-realitaet\/"]}]},{"@type":"ImageObject","inLanguage":"fr-FR","@id":"https:\/\/www.m-q.ch\/heute-idee-morgen-realitaet\/#primaryimage","url":"https:\/\/www.m-q.ch\/wp-content\/uploads\/2021\/02\/Heute-Idee.-Morgen-Realitaet..jpg","contentUrl":"https:\/\/www.m-q.ch\/wp-content\/uploads\/2021\/02\/Heute-Idee.-Morgen-Realitaet..jpg","width":822,"height":344,"caption":"Heute Idee. Morgen Realit\u00e4t."},{"@type":"BreadcrumbList","@id":"https:\/\/www.m-q.ch\/heute-idee-morgen-realitaet\/#breadcrumb","itemListElement":[{"@type":"ListItem","position":1,"name":"Business Excellence","item":"https:\/\/www.m-q.ch\/kategorie\/business_excellence\/"},{"@type":"ListItem","position":2,"name":"Heute Idee. Morgen Realit\u00e4t."}]},{"@type":"WebSite","@id":"https:\/\/www.m-q.ch\/fr\/#website","url":"https:\/\/www.m-q.ch\/fr\/","name":"Gestion et qualit\u00e9 du QM","description":"Plate-forme pour les syst\u00e8mes de gestion int\u00e9gr\u00e9e.","publisher":{"@id":"https:\/\/www.m-q.ch\/fr\/#organization"},"potentialAction":[{"@type":"SearchAction","target":{"@type":"EntryPoint","urlTemplate":"https:\/\/www.m-q.ch\/fr\/?s={search_term_string}"},"query-input":{"@type":"PropertyValueSpecification","valueRequired":true,"valueName":"search_term_string"}}],"inLanguage":"fr-FR"},{"@type":"Organization","@id":"https:\/\/www.m-q.ch\/fr\/#organization","name":"Galledia Trade Media AG","url":"https:\/\/www.m-q.ch\/fr\/","logo":{"@type":"ImageObject","inLanguage":"fr-FR","@id":"https:\/\/www.m-q.ch\/fr\/#\/schema\/logo\/image\/","url":"https:\/\/www.m-q.ch\/wp-content\/uploads\/2020\/12\/cropped-logo_small.png","contentUrl":"https:\/\/www.m-q.ch\/wp-content\/uploads\/2020\/12\/cropped-logo_small.png","width":512,"height":512,"caption":"Galledia Fachmedien AG"},"image":{"@id":"https:\/\/www.m-q.ch\/fr\/#\/schema\/logo\/image\/"},"sameAs":["https:\/\/www.facebook.com\/ManagementUndQualitaet","https:\/\/www.linkedin.com\/showcase\/17982321\/admin\/"]},{"@type":"Person","@id":"https:\/\/www.m-q.ch\/fr\/#\/schema\/person\/71f647a41e4a3e361e6230f5134f3ba9","name":"upwork_2","image":{"@type":"ImageObject","inLanguage":"fr-FR","@id":"https:\/\/www.m-q.ch\/fr\/#\/schema\/person\/image\/","url":"https:\/\/secure.gravatar.com\/avatar\/777b90ab56092bbf3c85feacda5c1bce?s=96&d=mm&r=g","contentUrl":"https:\/\/secure.gravatar.com\/avatar\/777b90ab56092bbf3c85feacda5c1bce?s=96&d=mm&r=g","caption":"upwork_2"},"url":"https:\/\/www.m-q.ch\/fr\/author\/upwork_2\/"}]}},"_links":{"self":[{"href":"https:\/\/www.m-q.ch\/fr\/wp-json\/wp\/v2\/posts\/12606","targetHints":{"allow":["GET"]}}],"collection":[{"href":"https:\/\/www.m-q.ch\/fr\/wp-json\/wp\/v2\/posts"}],"about":[{"href":"https:\/\/www.m-q.ch\/fr\/wp-json\/wp\/v2\/types\/post"}],"author":[{"embeddable":true,"href":"https:\/\/www.m-q.ch\/fr\/wp-json\/wp\/v2\/users\/62"}],"replies":[{"embeddable":true,"href":"https:\/\/www.m-q.ch\/fr\/wp-json\/wp\/v2\/comments?post=12606"}],"version-history":[{"count":1,"href":"https:\/\/www.m-q.ch\/fr\/wp-json\/wp\/v2\/posts\/12606\/revisions"}],"predecessor-version":[{"id":12625,"href":"https:\/\/www.m-q.ch\/fr\/wp-json\/wp\/v2\/posts\/12606\/revisions\/12625"}],"wp:featuredmedia":[{"embeddable":true,"href":"https:\/\/www.m-q.ch\/fr\/wp-json\/wp\/v2\/media\/12621"}],"wp:attachment":[{"href":"https:\/\/www.m-q.ch\/fr\/wp-json\/wp\/v2\/media?parent=12606"}],"wp:term":[{"taxonomy":"category","embeddable":true,"href":"https:\/\/www.m-q.ch\/fr\/wp-json\/wp\/v2\/categories?post=12606"},{"taxonomy":"post_tag","embeddable":true,"href":"https:\/\/www.m-q.ch\/fr\/wp-json\/wp\/v2\/tags?post=12606"}],"curies":[{"name":"wp","href":"https:\/\/api.w.org\/{rel}","templated":true}]}}