{"id":12684,"date":"2013-09-09T09:48:56","date_gmt":"2013-09-09T07:48:56","guid":{"rendered":"https:\/\/www.m-q.ch\/?p=12684"},"modified":"2021-02-18T09:59:28","modified_gmt":"2021-02-18T08:59:28","slug":"plus-quune-journee-de-la-pomme","status":"publish","type":"post","link":"https:\/\/www.m-q.ch\/fr\/mehr-als-ein-apfeltag\/","title":{"rendered":"Plus qu'une journ\u00e9e de la pomme"},"content":{"rendered":"<p><img loading=\"lazy\" decoding=\"async\" class=\"alignnone size-full wp-image-12686\" src=\"https:\/\/www.m-q.ch\/wp-content\/uploads\/2021\/02\/Mehr-als-ein-Apfeltag.jpg\" alt=\"Plus qu&#039;une journ\u00e9e de la pomme\" width=\"857\" height=\"561\" srcset=\"https:\/\/www.m-q.ch\/wp-content\/uploads\/2021\/02\/Mehr-als-ein-Apfeltag.jpg 857w, https:\/\/www.m-q.ch\/wp-content\/uploads\/2021\/02\/Mehr-als-ein-Apfeltag-768x503.jpg 768w, https:\/\/www.m-q.ch\/wp-content\/uploads\/2021\/02\/Mehr-als-ein-Apfeltag-16x10.jpg 16w, https:\/\/www.m-q.ch\/wp-content\/uploads\/2021\/02\/Mehr-als-ein-Apfeltag-267x175.jpg 267w, https:\/\/www.m-q.ch\/wp-content\/uploads\/2021\/02\/Mehr-als-ein-Apfeltag-535x350.jpg 535w, https:\/\/www.m-q.ch\/wp-content\/uploads\/2021\/02\/Mehr-als-ein-Apfeltag-300x196.jpg 300w\" sizes=\"auto, (max-width: 857px) 100vw, 857px\" \/><\/p>\n<p>&nbsp;<\/p>\n<p>&nbsp;<\/p>\n<p>&nbsp;<\/p>\n<p><em><strong>D<\/strong><\/em>e grand int\u00e9r\u00eat pour la gestion de la sant\u00e9 au travail. Les r\u00e9ponses des 270 participants \u00e0 une enqu\u00eate en ligne men\u00e9e en mars 2013 par Praxis-Br\u00fccke Seminare AG, Rheinfelden, et Motio AG, Lyss, donnent un bon aper\u00e7u de la situation actuelle des PME suisses.<\/p>\n<p><strong>Une grande approbation<\/strong><\/p>\n<p>&nbsp;<\/p>\n<p>92 % des r\u00e9pondants s'int\u00e9ressent personnellement aux sujets li\u00e9s \u00e0 la gestion de la sant\u00e9 au travail. Ce n'est pas surprenant. De plus en plus, les exigences professionnelles \u00e9lev\u00e9es et la pression qui en d\u00e9coule laissent des traces sur chaque individu. 41 % des personnes interrog\u00e9es consid\u00e8rent leur travail comme psychologiquement et nerveusement stressant. Les risques psychosociaux les plus courants sont le stress, la pression du temps, la nervosit\u00e9 et la tension au travail. Le harc\u00e8lement moral, qui constitue un risque particuli\u00e8rement grave, est relativement fr\u00e9quent. Le nombre d'absences par employ\u00e9 \u00e0 plein temps en Suisse se situe entre six et onze jours, selon les branches, et le stress engendre \u00e0 lui seul des co\u00fbts annuels de 4,2 millions de francs, selon les derniers chiffres de Promotion Sant\u00e9 Suisse.<\/p>\n<p>&nbsp;<\/p>\n<p>Cinquante-sept pour cent des entreprises qui ont r\u00e9pondu \u00e0 l'enqu\u00eate emploient plus de 100 personnes, et plus de la moiti\u00e9 des r\u00e9pondants sont des cadres, des directeurs d'usine, des responsables des ressources humaines et des membres de<\/p>\n<p>&nbsp;<\/p>\n<p><em><strong>Affection personnelle<\/strong><\/em><\/p>\n<p>&nbsp;<\/p>\n<p>celle de la direction. Les cadres moyens et sup\u00e9rieurs, en particulier, sont eux-m\u00eames soumis \u00e0 une forte pression d'une part et ont une fonction de mod\u00e8le d'autre part. Les cadres sont les personnes cl\u00e9s en ce qui concerne la volont\u00e9 de performance, l'atmosph\u00e8re de travail et la sant\u00e9 de l'entreprise.<\/p>\n<p><strong>Une vision plus large est n\u00e9cessaire<\/strong><\/p>\n<p>&nbsp;<\/p>\n<p>70 % des participants \u00e0 l'enqu\u00eate estiment qu'un syst\u00e8me de gestion de la sant\u00e9 dans leur entreprise est n\u00e9cessaire et avantageux (figure 1). Cependant, beaucoup associent le terme de MGF uniquement \u00e0 la s\u00e9curit\u00e9 au travail ou \u00e0 des mesures de pr\u00e9vention directe en mati\u00e8re de sant\u00e9 - par exemple : \"Une pomme par jour \u00e9loigne le m\u00e9decin. Ces actions peuvent constituer des solutions viables \u00e0 court terme. Cependant, il y a plus derri\u00e8re une MGB modulaire que l'introduction d'une \"journ\u00e9e de la pomme\". C'est la raison pour laquelle un syst\u00e8me de gestion de la sant\u00e9 et de la s\u00e9curit\u00e9 durable, \u00e0 long terme et \u00e9conomique, devrait se concentrer sur les structures d'une organisation, ses processus et, surtout, sa culture d\u00e8s le d\u00e9part - car l'introduction de la gestion de la sant\u00e9 va r\u00e9guli\u00e8rement de pair avec un changement de culture.<\/p>\n<p><strong>Lorsque le temps et les informations manquent<\/strong><\/p>\n<p>&nbsp;<\/p>\n<p>Les r\u00e9ponses \u00e0 la question de savoir ce qui a emp\u00each\u00e9 jusqu'\u00e0 pr\u00e9sent les entreprises d'introduire une gestion modulaire de la sant\u00e9 au travail donnent une bonne id\u00e9e de l'\u00e9tat d'esprit. Une interpr\u00e9tation possible du graphique 2 est que la main-d'\u0153uvre et les dirigeants des PME travaillent d\u00e9j\u00e0 \u00e0 la limite sup\u00e9rieure et qu'il n'y a pas de place pour de nouveaux sujets - avec tous les risques que cela comporte pour l'individu. Le manque de temps semble \u00eatre un obstacle plus important que le facteur co\u00fbt. En outre, certaines entreprises manquent d'informations d\u00e9taill\u00e9es sur l'introduction de la gestion de la sant\u00e9 au travail. \u00c0 cet \u00e9gard, les r\u00e9seaux industriels r\u00e9guliers, en tant que plate-forme de collecte et d'\u00e9change d'informations, pourraient constituer une solution viable.<\/p>\n<p>&nbsp;<\/p>\n<p>La r\u00e9ponse \u00e0 la question : \"Quel degr\u00e9 de responsabilit\u00e9 une entreprise doit-elle assumer pour la sant\u00e9 de ses employ\u00e9s\" \u00e9tait \u00e9galement int\u00e9ressante. 74 % sont d'avis que l'entreprise devrait s'occuper de la sant\u00e9 au-del\u00e0 des exigences l\u00e9gales (graphique 3). Le r\u00e9sultat est probablement aussi clair car, comme d\u00e9j\u00e0 mentionn\u00e9 ci-dessus, le stress, la pression des performances et les conflits dans l'environnement professionnel sont directement li\u00e9s \u00e0 la sant\u00e9 des employ\u00e9s.<\/p>\n<p><strong>Des avantages tangibles pour tous<\/strong><\/p>\n<p>&nbsp;<\/p>\n<p>Le potentiel d'une gestion de la sant\u00e9 au travail bien mise en \u0153uvre est multidimensionnel. C'est ce que montrent \u00e9galement les r\u00e9ponses \u00e0 la question sur les chances d'une gestion de la sant\u00e9 au travail pour une entreprise : Chacun des 270 participants a, au cours de<\/p>\n<p>&nbsp;<\/p>\n<p><em><strong>BGM - un ensemble de besoins multiples<\/strong><\/em><\/p>\n<p>&nbsp;<\/p>\n<p>en moyenne, six opportunit\u00e9s ont \u00e9t\u00e9 coch\u00e9es. Cela montre qu'il existe un ensemble de besoins multiples derri\u00e8re le th\u00e8me de la gestion de la sant\u00e9 au travail (figure 4).<\/p>\n<p>&nbsp;<\/p>\n<p>Et qu'est-ce que l'employeur y gagne ? Selon Promotion Sant\u00e9 Suisse, entre 12 et 34 % des absences peuvent \u00eatre r\u00e9duites. Avec 100 employ\u00e9s, cela peut repr\u00e9senter entre 50 000 et 150 000 CHF par an. En outre, une bonne atmosph\u00e8re de travail augmente presque automatiquement la motivation et donc la productivit\u00e9. Un autre point est l'humanisation du travail, lorsque les processus de travail sont adapt\u00e9s aux besoins des employ\u00e9s. De cette mani\u00e8re, l'employeur est consid\u00e9r\u00e9 comme \"attractif\" sur le march\u00e9 et assure ainsi sa comp\u00e9titivit\u00e9.<\/p>\n<p>&nbsp;<\/p>\n<p>Pour Hanspeter Fausch, directeur g\u00e9n\u00e9ral de Praxis-Br\u00fccke Seminars, c'est clair : \"La mutilation g\u00e9nitale f\u00e9minine est en fait un sujet tr\u00e8s \"sex-appeal\". Selon notre enqu\u00eate, un certain nombre de PME l'ont d\u00e9j\u00e0 d\u00e9couvert - mais pas encore toutes. L'attrait de la BGM est complexe et l'exprimer par une m\u00e9taphore : Ici, l'argent se trouve pratiquement dans la rue. Ceux qui l'ont reconnu peuvent dire \u00e0 la fin : \"Tout le monde a gagn\u00e9 ! L'employ\u00e9 am\u00e9liore sa sant\u00e9 et l'employeur r\u00e9alise des \u00e9conomies notables sous la forme d'une diminution des absences et des fluctuations ainsi que d'une augmentation manifeste de la productivit\u00e9\".<\/p>\n<p>&nbsp;<\/p>\n<p>Une grande partie des entreprises qui ont particip\u00e9 \u00e0 l'enqu\u00eate mettent d\u00e9j\u00e0 en \u0153uvre des \u00e9l\u00e9ments de base de la gestion modulaire de la sant\u00e9 et certaines ont d\u00e9j\u00e0 reconnu que, outre les mesures individuelles de promotion de la sant\u00e9, la gestion modulaire de la sant\u00e9 concerne principalement le d\u00e9veloppement organisationnel, l'optimisation des processus et l'analyse des proc\u00e9dures (figure 5).<\/p>\n<p><strong>Am\u00e9liorer les fondamentaux<\/strong><\/p>\n<p>&nbsp;<\/p>\n<p>Sur la question de savoir comment les PME motiv\u00e9es peuvent prendre un bon d\u00e9part en mati\u00e8re de sant\u00e9 au travail, Hanspeter Fausch d\u00e9clare : \"Le projet tient ou tombe avec le premier commandement : la sant\u00e9 au travail doit \u00eatre d\u00e9clar\u00e9e \"affaire du patron\" afin de r\u00e9aliser des am\u00e9liorations durables et perceptibles.<\/p>\n<p>&nbsp;<\/p>\n<p><em><strong>Une strat\u00e9gie qui porte ses fruits<\/strong><\/em><\/p>\n<p>&nbsp;<\/p>\n<p>pour obtenir des am\u00e9liorations. Avant de pouvoir discuter de mesures de promotion de la sant\u00e9 appropri\u00e9es, une analyse solide des conditions internes est effectu\u00e9e. De nombreuses entreprises recherchent un soutien externe afin d'examiner la strat\u00e9gie, les processus et la culture d'entreprise d'un point de vue externe, de trouver des points de d\u00e9part et de cr\u00e9er une base de d\u00e9cision sur la mani\u00e8re de proc\u00e9der. Ce n'est qu'alors qu'il est d\u00e9cid\u00e9 quelles interventions et quels changements s'adaptent \u00e0 la situation individuelle de l'entreprise\".<\/p>\n<p>&nbsp;<\/p>\n<p>Conclusion : une BGM est prometteuse, si d\u00e8s le d\u00e9but, on se penche sur l'ensemble de l'organisation avec ses structures et ses processus, les hommes et leur culture d'entreprise individuelle.<\/p>","protected":false},"excerpt":{"rendered":"<p>&nbsp; &nbsp; &nbsp; Das Interesse am Betrieblichen Gesundheits-Management ist gross. Die Antworten von 270 Teilnehmern einer Online-Befragung im M\u00e4rz 2013 durch die Praxis-Br\u00fccke Seminare AG, Rheinfelden, und die Motio AG, Lyss, geben einen guten \u00dcberblick \u00fcber die aktuelle Situation in Schweizer KMUs. Hohe Zustimmung &nbsp; 92 Prozent der Befragten interessieren sich pers\u00f6nlich f\u00fcr Themen rund [&hellip;]<\/p>\n","protected":false},"author":66,"featured_media":12686,"comment_status":"closed","ping_status":"closed","sticky":false,"template":"","format":"standard","meta":{"_acf_changed":false,"footnotes":""},"categories":[5],"tags":[4804],"class_list":["post-12684","post","type-post","status-publish","format-standard","has-post-thumbnail","hentry","category-business_excellence","tag-9-2013"],"acf":[],"yoast_head":"<!-- This site is optimized with the Yoast SEO plugin v26.2 - https:\/\/yoast.com\/wordpress\/plugins\/seo\/ -->\n<title>Mehr als ein Apfeltag - MQ Management und Qualit\u00e4t<\/title>\n<meta name=\"description\" content=\"Dort, wo Unternehmen ihre Mitarbeiterinnen und Mitarbeiter als Leistungstr\u00e4ger und nicht als Kostenfaktor einstufen, hat die Einf\u00fchrung eines Betrieblichen Gesundheits-Managements (BGM) gute Chancen.\" \/>\n<meta name=\"robots\" content=\"index, follow, max-snippet:-1, max-image-preview:large, max-video-preview:-1\" \/>\n<link rel=\"canonical\" href=\"https:\/\/www.m-q.ch\/fr\/plus-quune-journee-de-la-pomme\/\" \/>\n<meta property=\"og:locale\" content=\"fr_FR\" \/>\n<meta property=\"og:type\" content=\"article\" \/>\n<meta property=\"og:title\" content=\"Mehr als ein Apfeltag - MQ Management und Qualit\u00e4t\" \/>\n<meta property=\"og:description\" content=\"Dort, wo Unternehmen ihre Mitarbeiterinnen und Mitarbeiter als Leistungstr\u00e4ger und nicht als Kostenfaktor einstufen, hat die Einf\u00fchrung eines Betrieblichen Gesundheits-Managements (BGM) gute Chancen.\" \/>\n<meta property=\"og:url\" content=\"https:\/\/www.m-q.ch\/fr\/plus-quune-journee-de-la-pomme\/\" \/>\n<meta property=\"og:site_name\" content=\"MQ Management und Qualit\u00e4t\" \/>\n<meta property=\"article:publisher\" content=\"https:\/\/www.facebook.com\/ManagementUndQualitaet\" \/>\n<meta property=\"article:published_time\" content=\"2013-09-09T07:48:56+00:00\" \/>\n<meta property=\"article:modified_time\" content=\"2021-02-18T08:59:28+00:00\" \/>\n<meta property=\"og:image\" content=\"https:\/\/www.m-q.ch\/wp-content\/uploads\/2021\/02\/Mehr-als-ein-Apfeltag.jpg\" \/>\n\t<meta property=\"og:image:width\" content=\"857\" \/>\n\t<meta property=\"og:image:height\" content=\"561\" \/>\n\t<meta property=\"og:image:type\" content=\"image\/jpeg\" \/>\n<meta name=\"author\" content=\"upwork_1\" \/>\n<meta name=\"twitter:card\" content=\"summary_large_image\" \/>\n<meta name=\"twitter:label1\" content=\"\u00c9crit par\" \/>\n\t<meta name=\"twitter:data1\" content=\"upwork_1\" \/>\n\t<meta name=\"twitter:label2\" content=\"Dur\u00e9e de lecture estim\u00e9e\" \/>\n\t<meta name=\"twitter:data2\" content=\"5 minutes\" \/>\n<script type=\"application\/ld+json\" class=\"yoast-schema-graph\">{\"@context\":\"https:\/\/schema.org\",\"@graph\":[{\"@type\":\"Article\",\"@id\":\"https:\/\/www.m-q.ch\/mehr-als-ein-apfeltag\/#article\",\"isPartOf\":{\"@id\":\"https:\/\/www.m-q.ch\/mehr-als-ein-apfeltag\/\"},\"author\":{\"name\":\"upwork_1\",\"@id\":\"https:\/\/www.m-q.ch\/fr\/#\/schema\/person\/0bdf39ca27d0b9b779f5b8af54b3f7d7\"},\"headline\":\"Mehr als ein Apfeltag\",\"datePublished\":\"2013-09-09T07:48:56+00:00\",\"dateModified\":\"2021-02-18T08:59:28+00:00\",\"mainEntityOfPage\":{\"@id\":\"https:\/\/www.m-q.ch\/mehr-als-ein-apfeltag\/\"},\"wordCount\":978,\"publisher\":{\"@id\":\"https:\/\/www.m-q.ch\/fr\/#organization\"},\"image\":{\"@id\":\"https:\/\/www.m-q.ch\/mehr-als-ein-apfeltag\/#primaryimage\"},\"thumbnailUrl\":\"https:\/\/www.m-q.ch\/wp-content\/uploads\/2021\/02\/Mehr-als-ein-Apfeltag.jpg\",\"keywords\":[\"9\/2013\"],\"articleSection\":[\"Business Excellence\"],\"inLanguage\":\"fr-FR\"},{\"@type\":\"WebPage\",\"@id\":\"https:\/\/www.m-q.ch\/mehr-als-ein-apfeltag\/\",\"url\":\"https:\/\/www.m-q.ch\/mehr-als-ein-apfeltag\/\",\"name\":\"Mehr als ein Apfeltag - MQ Management und Qualit\u00e4t\",\"isPartOf\":{\"@id\":\"https:\/\/www.m-q.ch\/fr\/#website\"},\"primaryImageOfPage\":{\"@id\":\"https:\/\/www.m-q.ch\/mehr-als-ein-apfeltag\/#primaryimage\"},\"image\":{\"@id\":\"https:\/\/www.m-q.ch\/mehr-als-ein-apfeltag\/#primaryimage\"},\"thumbnailUrl\":\"https:\/\/www.m-q.ch\/wp-content\/uploads\/2021\/02\/Mehr-als-ein-Apfeltag.jpg\",\"datePublished\":\"2013-09-09T07:48:56+00:00\",\"dateModified\":\"2021-02-18T08:59:28+00:00\",\"description\":\"Dort, wo Unternehmen ihre Mitarbeiterinnen und Mitarbeiter als Leistungstr\u00e4ger und nicht als Kostenfaktor einstufen, hat die Einf\u00fchrung eines Betrieblichen Gesundheits-Managements (BGM) gute Chancen.\",\"breadcrumb\":{\"@id\":\"https:\/\/www.m-q.ch\/mehr-als-ein-apfeltag\/#breadcrumb\"},\"inLanguage\":\"fr-FR\",\"potentialAction\":[{\"@type\":\"ReadAction\",\"target\":[\"https:\/\/www.m-q.ch\/mehr-als-ein-apfeltag\/\"]}]},{\"@type\":\"ImageObject\",\"inLanguage\":\"fr-FR\",\"@id\":\"https:\/\/www.m-q.ch\/mehr-als-ein-apfeltag\/#primaryimage\",\"url\":\"https:\/\/www.m-q.ch\/wp-content\/uploads\/2021\/02\/Mehr-als-ein-Apfeltag.jpg\",\"contentUrl\":\"https:\/\/www.m-q.ch\/wp-content\/uploads\/2021\/02\/Mehr-als-ein-Apfeltag.jpg\",\"width\":857,\"height\":561,\"caption\":\"Mehr als ein Apfeltag\"},{\"@type\":\"BreadcrumbList\",\"@id\":\"https:\/\/www.m-q.ch\/mehr-als-ein-apfeltag\/#breadcrumb\",\"itemListElement\":[{\"@type\":\"ListItem\",\"position\":1,\"name\":\"Business Excellence\",\"item\":\"https:\/\/www.m-q.ch\/kategorie\/business_excellence\/\"},{\"@type\":\"ListItem\",\"position\":2,\"name\":\"Mehr als ein Apfeltag\"}]},{\"@type\":\"WebSite\",\"@id\":\"https:\/\/www.m-q.ch\/fr\/#website\",\"url\":\"https:\/\/www.m-q.ch\/fr\/\",\"name\":\"MQ Management und Qualit\u00e4t\",\"description\":\"Plattform f\u00fcr integrierte Managementsysteme.\",\"publisher\":{\"@id\":\"https:\/\/www.m-q.ch\/fr\/#organization\"},\"potentialAction\":[{\"@type\":\"SearchAction\",\"target\":{\"@type\":\"EntryPoint\",\"urlTemplate\":\"https:\/\/www.m-q.ch\/fr\/?s={search_term_string}\"},\"query-input\":{\"@type\":\"PropertyValueSpecification\",\"valueRequired\":true,\"valueName\":\"search_term_string\"}}],\"inLanguage\":\"fr-FR\"},{\"@type\":\"Organization\",\"@id\":\"https:\/\/www.m-q.ch\/fr\/#organization\",\"name\":\"Galledia Fachmedien AG\",\"url\":\"https:\/\/www.m-q.ch\/fr\/\",\"logo\":{\"@type\":\"ImageObject\",\"inLanguage\":\"fr-FR\",\"@id\":\"https:\/\/www.m-q.ch\/fr\/#\/schema\/logo\/image\/\",\"url\":\"https:\/\/www.m-q.ch\/wp-content\/uploads\/2020\/12\/cropped-logo_small.png\",\"contentUrl\":\"https:\/\/www.m-q.ch\/wp-content\/uploads\/2020\/12\/cropped-logo_small.png\",\"width\":512,\"height\":512,\"caption\":\"Galledia Fachmedien AG\"},\"image\":{\"@id\":\"https:\/\/www.m-q.ch\/fr\/#\/schema\/logo\/image\/\"},\"sameAs\":[\"https:\/\/www.facebook.com\/ManagementUndQualitaet\",\"https:\/\/www.linkedin.com\/showcase\/17982321\/admin\/\"]},{\"@type\":\"Person\",\"@id\":\"https:\/\/www.m-q.ch\/fr\/#\/schema\/person\/0bdf39ca27d0b9b779f5b8af54b3f7d7\",\"name\":\"upwork_1\",\"image\":{\"@type\":\"ImageObject\",\"inLanguage\":\"fr-FR\",\"@id\":\"https:\/\/www.m-q.ch\/fr\/#\/schema\/person\/image\/\",\"url\":\"https:\/\/secure.gravatar.com\/avatar\/04d4d0fdc5886d535809f17d0eace7f6?s=96&d=mm&r=g\",\"contentUrl\":\"https:\/\/secure.gravatar.com\/avatar\/04d4d0fdc5886d535809f17d0eace7f6?s=96&d=mm&r=g\",\"caption\":\"upwork_1\"},\"url\":\"https:\/\/www.m-q.ch\/fr\/author\/upwork_1\/\"}]}<\/script>\n<!-- \/ Yoast SEO plugin. -->","yoast_head_json":{"title":"Plus qu'une journ\u00e9e de la pomme - Gestion et qualit\u00e9 du QM","description":"Lorsque les entreprises consid\u00e8rent leurs employ\u00e9s comme des employ\u00e9s tr\u00e8s performants et non comme un facteur de co\u00fbt, l'introduction de la gestion de la sant\u00e9 au travail (GST) a de bonnes chances de r\u00e9ussir.","robots":{"index":"index","follow":"follow","max-snippet":"max-snippet:-1","max-image-preview":"max-image-preview:large","max-video-preview":"max-video-preview:-1"},"canonical":"https:\/\/www.m-q.ch\/fr\/plus-quune-journee-de-la-pomme\/","og_locale":"fr_FR","og_type":"article","og_title":"Mehr als ein Apfeltag - MQ Management und Qualit\u00e4t","og_description":"Dort, wo Unternehmen ihre Mitarbeiterinnen und Mitarbeiter als Leistungstr\u00e4ger und nicht als Kostenfaktor einstufen, hat die Einf\u00fchrung eines Betrieblichen Gesundheits-Managements (BGM) gute Chancen.","og_url":"https:\/\/www.m-q.ch\/fr\/plus-quune-journee-de-la-pomme\/","og_site_name":"MQ Management und Qualit\u00e4t","article_publisher":"https:\/\/www.facebook.com\/ManagementUndQualitaet","article_published_time":"2013-09-09T07:48:56+00:00","article_modified_time":"2021-02-18T08:59:28+00:00","og_image":[{"width":857,"height":561,"url":"https:\/\/www.m-q.ch\/wp-content\/uploads\/2021\/02\/Mehr-als-ein-Apfeltag.jpg","type":"image\/jpeg"}],"author":"upwork_1","twitter_card":"summary_large_image","twitter_misc":{"\u00c9crit par":"upwork_1","Dur\u00e9e de lecture estim\u00e9e":"5 minutes"},"schema":{"@context":"https:\/\/schema.org","@graph":[{"@type":"Article","@id":"https:\/\/www.m-q.ch\/mehr-als-ein-apfeltag\/#article","isPartOf":{"@id":"https:\/\/www.m-q.ch\/mehr-als-ein-apfeltag\/"},"author":{"name":"upwork_1","@id":"https:\/\/www.m-q.ch\/fr\/#\/schema\/person\/0bdf39ca27d0b9b779f5b8af54b3f7d7"},"headline":"Mehr als ein Apfeltag","datePublished":"2013-09-09T07:48:56+00:00","dateModified":"2021-02-18T08:59:28+00:00","mainEntityOfPage":{"@id":"https:\/\/www.m-q.ch\/mehr-als-ein-apfeltag\/"},"wordCount":978,"publisher":{"@id":"https:\/\/www.m-q.ch\/fr\/#organization"},"image":{"@id":"https:\/\/www.m-q.ch\/mehr-als-ein-apfeltag\/#primaryimage"},"thumbnailUrl":"https:\/\/www.m-q.ch\/wp-content\/uploads\/2021\/02\/Mehr-als-ein-Apfeltag.jpg","keywords":["9\/2013"],"articleSection":["Business Excellence"],"inLanguage":"fr-FR"},{"@type":"WebPage","@id":"https:\/\/www.m-q.ch\/mehr-als-ein-apfeltag\/","url":"https:\/\/www.m-q.ch\/mehr-als-ein-apfeltag\/","name":"Plus qu'une journ\u00e9e de la pomme - Gestion et qualit\u00e9 du QM","isPartOf":{"@id":"https:\/\/www.m-q.ch\/fr\/#website"},"primaryImageOfPage":{"@id":"https:\/\/www.m-q.ch\/mehr-als-ein-apfeltag\/#primaryimage"},"image":{"@id":"https:\/\/www.m-q.ch\/mehr-als-ein-apfeltag\/#primaryimage"},"thumbnailUrl":"https:\/\/www.m-q.ch\/wp-content\/uploads\/2021\/02\/Mehr-als-ein-Apfeltag.jpg","datePublished":"2013-09-09T07:48:56+00:00","dateModified":"2021-02-18T08:59:28+00:00","description":"Lorsque les entreprises consid\u00e8rent leurs employ\u00e9s comme des employ\u00e9s tr\u00e8s performants et non comme un facteur de co\u00fbt, l'introduction de la gestion de la sant\u00e9 au travail (GST) a de bonnes chances de r\u00e9ussir.","breadcrumb":{"@id":"https:\/\/www.m-q.ch\/mehr-als-ein-apfeltag\/#breadcrumb"},"inLanguage":"fr-FR","potentialAction":[{"@type":"ReadAction","target":["https:\/\/www.m-q.ch\/mehr-als-ein-apfeltag\/"]}]},{"@type":"ImageObject","inLanguage":"fr-FR","@id":"https:\/\/www.m-q.ch\/mehr-als-ein-apfeltag\/#primaryimage","url":"https:\/\/www.m-q.ch\/wp-content\/uploads\/2021\/02\/Mehr-als-ein-Apfeltag.jpg","contentUrl":"https:\/\/www.m-q.ch\/wp-content\/uploads\/2021\/02\/Mehr-als-ein-Apfeltag.jpg","width":857,"height":561,"caption":"Mehr als ein Apfeltag"},{"@type":"BreadcrumbList","@id":"https:\/\/www.m-q.ch\/mehr-als-ein-apfeltag\/#breadcrumb","itemListElement":[{"@type":"ListItem","position":1,"name":"Business Excellence","item":"https:\/\/www.m-q.ch\/kategorie\/business_excellence\/"},{"@type":"ListItem","position":2,"name":"Mehr als ein Apfeltag"}]},{"@type":"WebSite","@id":"https:\/\/www.m-q.ch\/fr\/#website","url":"https:\/\/www.m-q.ch\/fr\/","name":"Gestion et qualit\u00e9 du QM","description":"Plate-forme pour les syst\u00e8mes de gestion int\u00e9gr\u00e9e.","publisher":{"@id":"https:\/\/www.m-q.ch\/fr\/#organization"},"potentialAction":[{"@type":"SearchAction","target":{"@type":"EntryPoint","urlTemplate":"https:\/\/www.m-q.ch\/fr\/?s={search_term_string}"},"query-input":{"@type":"PropertyValueSpecification","valueRequired":true,"valueName":"search_term_string"}}],"inLanguage":"fr-FR"},{"@type":"Organization","@id":"https:\/\/www.m-q.ch\/fr\/#organization","name":"Galledia Trade Media AG","url":"https:\/\/www.m-q.ch\/fr\/","logo":{"@type":"ImageObject","inLanguage":"fr-FR","@id":"https:\/\/www.m-q.ch\/fr\/#\/schema\/logo\/image\/","url":"https:\/\/www.m-q.ch\/wp-content\/uploads\/2020\/12\/cropped-logo_small.png","contentUrl":"https:\/\/www.m-q.ch\/wp-content\/uploads\/2020\/12\/cropped-logo_small.png","width":512,"height":512,"caption":"Galledia Fachmedien AG"},"image":{"@id":"https:\/\/www.m-q.ch\/fr\/#\/schema\/logo\/image\/"},"sameAs":["https:\/\/www.facebook.com\/ManagementUndQualitaet","https:\/\/www.linkedin.com\/showcase\/17982321\/admin\/"]},{"@type":"Person","@id":"https:\/\/www.m-q.ch\/fr\/#\/schema\/person\/0bdf39ca27d0b9b779f5b8af54b3f7d7","name":"upwork_1","image":{"@type":"ImageObject","inLanguage":"fr-FR","@id":"https:\/\/www.m-q.ch\/fr\/#\/schema\/person\/image\/","url":"https:\/\/secure.gravatar.com\/avatar\/04d4d0fdc5886d535809f17d0eace7f6?s=96&d=mm&r=g","contentUrl":"https:\/\/secure.gravatar.com\/avatar\/04d4d0fdc5886d535809f17d0eace7f6?s=96&d=mm&r=g","caption":"upwork_1"},"url":"https:\/\/www.m-q.ch\/fr\/author\/upwork_1\/"}]}},"_links":{"self":[{"href":"https:\/\/www.m-q.ch\/fr\/wp-json\/wp\/v2\/posts\/12684","targetHints":{"allow":["GET"]}}],"collection":[{"href":"https:\/\/www.m-q.ch\/fr\/wp-json\/wp\/v2\/posts"}],"about":[{"href":"https:\/\/www.m-q.ch\/fr\/wp-json\/wp\/v2\/types\/post"}],"author":[{"embeddable":true,"href":"https:\/\/www.m-q.ch\/fr\/wp-json\/wp\/v2\/users\/66"}],"replies":[{"embeddable":true,"href":"https:\/\/www.m-q.ch\/fr\/wp-json\/wp\/v2\/comments?post=12684"}],"version-history":[{"count":1,"href":"https:\/\/www.m-q.ch\/fr\/wp-json\/wp\/v2\/posts\/12684\/revisions"}],"predecessor-version":[{"id":12690,"href":"https:\/\/www.m-q.ch\/fr\/wp-json\/wp\/v2\/posts\/12684\/revisions\/12690"}],"wp:featuredmedia":[{"embeddable":true,"href":"https:\/\/www.m-q.ch\/fr\/wp-json\/wp\/v2\/media\/12686"}],"wp:attachment":[{"href":"https:\/\/www.m-q.ch\/fr\/wp-json\/wp\/v2\/media?parent=12684"}],"wp:term":[{"taxonomy":"category","embeddable":true,"href":"https:\/\/www.m-q.ch\/fr\/wp-json\/wp\/v2\/categories?post=12684"},{"taxonomy":"post_tag","embeddable":true,"href":"https:\/\/www.m-q.ch\/fr\/wp-json\/wp\/v2\/tags?post=12684"}],"curies":[{"name":"wp","href":"https:\/\/api.w.org\/{rel}","templated":true}]}}