{"id":12739,"date":"2013-05-17T11:14:51","date_gmt":"2013-05-17T09:14:51","guid":{"rendered":"https:\/\/www.m-q.ch\/?p=12739"},"modified":"2021-02-18T12:39:52","modified_gmt":"2021-02-18T11:39:52","slug":"control-2013","status":"publish","type":"post","link":"https:\/\/www.m-q.ch\/fr\/control-2013\/","title":{"rendered":"Contr\u00f4le 2013"},"content":{"rendered":"<p><img loading=\"lazy\" decoding=\"async\" class=\"alignnone size-full wp-image-12780\" src=\"https:\/\/www.m-q.ch\/wp-content\/uploads\/2021\/02\/Control-2013.jpg\" alt=\"Contr\u00f4le 2013\" width=\"876\" height=\"441\" srcset=\"https:\/\/www.m-q.ch\/wp-content\/uploads\/2021\/02\/Control-2013.jpg 876w, https:\/\/www.m-q.ch\/wp-content\/uploads\/2021\/02\/Control-2013-768x387.jpg 768w, https:\/\/www.m-q.ch\/wp-content\/uploads\/2021\/02\/Control-2013-16x8.jpg 16w, https:\/\/www.m-q.ch\/wp-content\/uploads\/2021\/02\/Control-2013-348x175.jpg 348w, https:\/\/www.m-q.ch\/wp-content\/uploads\/2021\/02\/Control-2013-695x350.jpg 695w, https:\/\/www.m-q.ch\/wp-content\/uploads\/2021\/02\/Control-2013-300x151.jpg 300w\" sizes=\"auto, (max-width: 876px) 100vw, 876px\" \/><\/p>\n<p>&nbsp;<\/p>\n<p>&nbsp;<\/p>\n<p>&nbsp;<\/p>\n<p>&nbsp;<\/p>\n<p>Le 27e contr\u00f4le poursuit la tradition de pr\u00e9senter des innovations et d'ouvrir ainsi de nouveaux march\u00e9s. Avec des sujets tels que l'assurance qualit\u00e9 dans la technologie m\u00e9dicale, la technologie de mesure et d'essai pour la construction l\u00e9g\u00e8re ou l'utilisation accrue des syst\u00e8mes de traitement d'images et de vision, les tendances d'avenir seront mises en \u00e9vidence. L'automatisation de l'assurance qualit\u00e9 et la pr\u00e9sentation de la qualit\u00e9 et de son assurance en tant que processus cr\u00e9ateur de valeur qui en r\u00e9sulte joueront \u00e9galement un r\u00f4le central. Ainsi, les visiteurs professionnels du monde entier trouveront \u00e0 Stuttgart la gamme mondiale actuelle de technologies, de produits et de solutions pour l'assurance qualit\u00e9 industrielle.<\/p>\n<p><strong> Assurance qualit\u00e9 pure<\/strong><\/p>\n<p>&nbsp;<\/p>\n<p>Dans le cadre de Control 2013, l'accent est mis principalement sur la cha\u00eene des processus d'assurance qualit\u00e9, qui comprend tous les processus pertinents. C'est pourquoi les solutions d'automatisation sont consid\u00e9r\u00e9es comme un moyen de parvenir \u00e0 une fin, c'est-\u00e0-dire comme importantes pour l'assurance qualit\u00e9 automatis\u00e9e dans la production et l'assemblage, etc. Les meilleurs exemples en sont les syst\u00e8mes de vision et de traitement d'images qui, en coop\u00e9ration avec des robots et des syst\u00e8mes de manutention ainsi que des \u00e9quipements de flux de mat\u00e9riaux, effectuent des fonctions d'inspection, de contr\u00f4le et de s\u00e9lection de mani\u00e8re enti\u00e8rement automatique et donc tr\u00e8s efficace. La situation est similaire pour les stations d'inspection automatis\u00e9es, qui sont con\u00e7ues comme des stations de traitement ind\u00e9pendantes, mais qui peuvent \u00eatre utilis\u00e9es comme des syst\u00e8mes autonomes ou int\u00e9gr\u00e9es m\u00e9caniquement, en termes de technologie d'entra\u00eenement et de contr\u00f4le, dans des syst\u00e8mes de transfert lin\u00e9aires ou rotatifs.<\/p>\n<p><strong>Automatisation des fonctions d'assurance qualit\u00e9<\/strong><\/p>\n<p>&nbsp;<\/p>\n<p>Des observateurs attentifs notent l'augmentation annuelle significative du degr\u00e9 d'automatisation et le consid\u00e8rent comme un indicateur du d\u00e9veloppement ult\u00e9rieur de l'assurance qualit\u00e9 dans les pays industrialis\u00e9s \u00e9tablis et \u00e9mergents. Les exigences croissantes des clients des march\u00e9s \u00e9mergents en plein essor en mati\u00e8re de fonctionnalit\u00e9 et de qualit\u00e9 signifient que les producteurs des pays \u00e0 bas salaires doivent \u00e9galement faire plus d'efforts pour garantir la qualit\u00e9 s'ils veulent r\u00e9ussir \u00e0 long terme sur le march\u00e9 mondial. D'autre part, les producteurs et les fournisseurs des pays \u00e0 hauts salaires ont depuis longtemps reconnu qu'avec un haut degr\u00e9 d'automatisation et la qualit\u00e9 \u00e9lev\u00e9e et constante qui l'accompagne, ils ont toujours une chance et peuvent survivre sur tous les march\u00e9s avec des produits de haute qualit\u00e9.<\/p>\n<p><strong>Un avantage important pour les visiteurs professionnels<\/strong><\/p>\n<p>&nbsp;<\/p>\n<p>Compatible avec les th\u00e8mes des exposants, Control propose un programme complet de conf\u00e9rences et de soutien. L'information et la communication ax\u00e9es sur la pratique contribuent \u00e0 la fiabilit\u00e9 des d\u00e9cisions concernant les investissements dans le mat\u00e9riel et les logiciels d'assurance qualit\u00e9. Cela devient de plus en plus important car la production de plus en plus mondialis\u00e9e exige \u00e9galement des strat\u00e9gies globales d'assurance qualit\u00e9. Aujourd'hui, le client confiant en Asie a les m\u00eames exigences de qualit\u00e9 que celui d'Europe de l'Est ou d'Europe et d'Am\u00e9rique. Leur point commun est qu'ils mettent l'accent sur la qualit\u00e9 pure et que l'origine des produits joue plus que jamais un r\u00f4le secondaire.<\/p>\n<p>&nbsp;<\/p>\n<p>L'engagement accru des fabricants et fournisseurs nationaux et \u00e9trangers de produits d'assurance qualit\u00e9 doit \u00e9galement \u00eatre compris dans ce contexte. Cette fois, le 27e contr\u00f4le r\u00e9unit des exposants de 33 nations. Les contingents les plus importants proviennent d'Allemagne (environ 600), d'Angleterre (environ 50), de Suisse (environ 40), de Chine (environ 30), d'Italie (environ 25) et des \u00c9tats-Unis (environ 20). D'une part une vitrine pour l'innovation, d'autre part une plate-forme de pr\u00e9sentation pour les applications pratiques allant des composants d'AQ aux solutions de syst\u00e8mes d'AQ - le 27e contr\u00f4le occupe une position particuli\u00e8re en tant qu'\u00e9v\u00e9nement pratique de l'industrie.<\/p>\n<p>&nbsp;<\/p>","protected":false},"excerpt":{"rendered":"<p>&nbsp; &nbsp; &nbsp; &nbsp; Die 27. Control setzt die Tradition der Innovationspr\u00e4sentation und damit der Erschliessung von neuen M\u00e4rkten fort. Mit Themen wie Qualit\u00e4tssicherung in der Medizintechnik, Mess- und Pr\u00fcftechnik f\u00fcr den Leichtbau oder verst\u00e4rkte Anwendung von Bildverarbeitungs- und Visionssystemen werden zukunftsweisende Trends aufgezeigt. Eine zentrale Rolle spielt auch die Automatisierung in der Qualit\u00e4tssicherung und [&hellip;]<\/p>\n","protected":false},"author":62,"featured_media":12780,"comment_status":"closed","ping_status":"closed","sticky":false,"template":"","format":"standard","meta":{"_acf_changed":false,"footnotes":""},"categories":[4448],"tags":[4811],"class_list":["post-12739","post","type-post","status-publish","format-standard","has-post-thumbnail","hentry","category-allgemein","tag-5-2013"],"acf":[],"yoast_head":"<!-- This site is optimized with the Yoast SEO plugin v26.2 - https:\/\/yoast.com\/wordpress\/plugins\/seo\/ -->\n<title>Control 2013 - MQ Management und Qualit\u00e4t<\/title>\n<meta name=\"description\" content=\"Mit rund 900 Ausstellern aus mehr als 30 Nationenund einer Ausstellungsfl\u00e4che von 55 000 m\u00b2stellt die internationale Fachmesse Control vom14. bis 17. Mai in der Messe Stuttgart neue Rekordeauf und wird ihrem Ruf als Benchmark der weltweitenQualit\u00e4tsbranche gerecht.\" \/>\n<meta name=\"robots\" content=\"index, follow, max-snippet:-1, max-image-preview:large, max-video-preview:-1\" \/>\n<link rel=\"canonical\" href=\"https:\/\/www.m-q.ch\/fr\/control-2013\/\" \/>\n<meta property=\"og:locale\" content=\"fr_FR\" \/>\n<meta property=\"og:type\" content=\"article\" \/>\n<meta property=\"og:title\" content=\"Control 2013 - MQ Management und Qualit\u00e4t\" \/>\n<meta property=\"og:description\" content=\"Mit rund 900 Ausstellern aus mehr als 30 Nationenund einer Ausstellungsfl\u00e4che von 55 000 m\u00b2stellt die internationale Fachmesse Control vom14. bis 17. Mai in der Messe Stuttgart neue Rekordeauf und wird ihrem Ruf als Benchmark der weltweitenQualit\u00e4tsbranche gerecht.\" \/>\n<meta property=\"og:url\" content=\"https:\/\/www.m-q.ch\/fr\/control-2013\/\" \/>\n<meta property=\"og:site_name\" content=\"MQ Management und Qualit\u00e4t\" \/>\n<meta property=\"article:publisher\" content=\"https:\/\/www.facebook.com\/ManagementUndQualitaet\" \/>\n<meta property=\"article:published_time\" content=\"2013-05-17T09:14:51+00:00\" \/>\n<meta property=\"article:modified_time\" content=\"2021-02-18T11:39:52+00:00\" \/>\n<meta property=\"og:image\" content=\"https:\/\/www.m-q.ch\/wp-content\/uploads\/2021\/02\/Control-2013.jpg\" \/>\n\t<meta property=\"og:image:width\" content=\"876\" \/>\n\t<meta property=\"og:image:height\" content=\"441\" \/>\n\t<meta property=\"og:image:type\" content=\"image\/jpeg\" \/>\n<meta name=\"author\" content=\"upwork_2\" \/>\n<meta name=\"twitter:card\" content=\"summary_large_image\" \/>\n<meta name=\"twitter:label1\" content=\"\u00c9crit par\" \/>\n\t<meta name=\"twitter:data1\" content=\"upwork_2\" \/>\n\t<meta name=\"twitter:label2\" content=\"Dur\u00e9e de lecture estim\u00e9e\" \/>\n\t<meta name=\"twitter:data2\" content=\"3 minutes\" \/>\n<script type=\"application\/ld+json\" class=\"yoast-schema-graph\">{\"@context\":\"https:\/\/schema.org\",\"@graph\":[{\"@type\":\"Article\",\"@id\":\"https:\/\/www.m-q.ch\/control-2013\/#article\",\"isPartOf\":{\"@id\":\"https:\/\/www.m-q.ch\/control-2013\/\"},\"author\":{\"name\":\"upwork_2\",\"@id\":\"https:\/\/www.m-q.ch\/fr\/#\/schema\/person\/71f647a41e4a3e361e6230f5134f3ba9\"},\"headline\":\"Control 2013\",\"datePublished\":\"2013-05-17T09:14:51+00:00\",\"dateModified\":\"2021-02-18T11:39:52+00:00\",\"mainEntityOfPage\":{\"@id\":\"https:\/\/www.m-q.ch\/control-2013\/\"},\"wordCount\":523,\"publisher\":{\"@id\":\"https:\/\/www.m-q.ch\/fr\/#organization\"},\"image\":{\"@id\":\"https:\/\/www.m-q.ch\/control-2013\/#primaryimage\"},\"thumbnailUrl\":\"https:\/\/www.m-q.ch\/wp-content\/uploads\/2021\/02\/Control-2013.jpg\",\"keywords\":[\"5\/2013\"],\"articleSection\":[\"Allgemein\"],\"inLanguage\":\"fr-FR\"},{\"@type\":\"WebPage\",\"@id\":\"https:\/\/www.m-q.ch\/control-2013\/\",\"url\":\"https:\/\/www.m-q.ch\/control-2013\/\",\"name\":\"Control 2013 - MQ Management und Qualit\u00e4t\",\"isPartOf\":{\"@id\":\"https:\/\/www.m-q.ch\/fr\/#website\"},\"primaryImageOfPage\":{\"@id\":\"https:\/\/www.m-q.ch\/control-2013\/#primaryimage\"},\"image\":{\"@id\":\"https:\/\/www.m-q.ch\/control-2013\/#primaryimage\"},\"thumbnailUrl\":\"https:\/\/www.m-q.ch\/wp-content\/uploads\/2021\/02\/Control-2013.jpg\",\"datePublished\":\"2013-05-17T09:14:51+00:00\",\"dateModified\":\"2021-02-18T11:39:52+00:00\",\"description\":\"Mit rund 900 Ausstellern aus mehr als 30 Nationenund einer Ausstellungsfl\u00e4che von 55 000 m\u00b2stellt die internationale Fachmesse Control vom14. bis 17. Mai in der Messe Stuttgart neue Rekordeauf und wird ihrem Ruf als Benchmark der weltweitenQualit\u00e4tsbranche gerecht.\",\"breadcrumb\":{\"@id\":\"https:\/\/www.m-q.ch\/control-2013\/#breadcrumb\"},\"inLanguage\":\"fr-FR\",\"potentialAction\":[{\"@type\":\"ReadAction\",\"target\":[\"https:\/\/www.m-q.ch\/control-2013\/\"]}]},{\"@type\":\"ImageObject\",\"inLanguage\":\"fr-FR\",\"@id\":\"https:\/\/www.m-q.ch\/control-2013\/#primaryimage\",\"url\":\"https:\/\/www.m-q.ch\/wp-content\/uploads\/2021\/02\/Control-2013.jpg\",\"contentUrl\":\"https:\/\/www.m-q.ch\/wp-content\/uploads\/2021\/02\/Control-2013.jpg\",\"width\":876,\"height\":441,\"caption\":\"Control 2013\"},{\"@type\":\"BreadcrumbList\",\"@id\":\"https:\/\/www.m-q.ch\/control-2013\/#breadcrumb\",\"itemListElement\":[{\"@type\":\"ListItem\",\"position\":1,\"name\":\"Allgemein\",\"item\":\"https:\/\/www.m-q.ch\/kategorie\/allgemein\/\"},{\"@type\":\"ListItem\",\"position\":2,\"name\":\"Control 2013\"}]},{\"@type\":\"WebSite\",\"@id\":\"https:\/\/www.m-q.ch\/fr\/#website\",\"url\":\"https:\/\/www.m-q.ch\/fr\/\",\"name\":\"MQ Management und Qualit\u00e4t\",\"description\":\"Plattform f\u00fcr integrierte Managementsysteme.\",\"publisher\":{\"@id\":\"https:\/\/www.m-q.ch\/fr\/#organization\"},\"potentialAction\":[{\"@type\":\"SearchAction\",\"target\":{\"@type\":\"EntryPoint\",\"urlTemplate\":\"https:\/\/www.m-q.ch\/fr\/?s={search_term_string}\"},\"query-input\":{\"@type\":\"PropertyValueSpecification\",\"valueRequired\":true,\"valueName\":\"search_term_string\"}}],\"inLanguage\":\"fr-FR\"},{\"@type\":\"Organization\",\"@id\":\"https:\/\/www.m-q.ch\/fr\/#organization\",\"name\":\"Galledia Fachmedien AG\",\"url\":\"https:\/\/www.m-q.ch\/fr\/\",\"logo\":{\"@type\":\"ImageObject\",\"inLanguage\":\"fr-FR\",\"@id\":\"https:\/\/www.m-q.ch\/fr\/#\/schema\/logo\/image\/\",\"url\":\"https:\/\/www.m-q.ch\/wp-content\/uploads\/2020\/12\/cropped-logo_small.png\",\"contentUrl\":\"https:\/\/www.m-q.ch\/wp-content\/uploads\/2020\/12\/cropped-logo_small.png\",\"width\":512,\"height\":512,\"caption\":\"Galledia Fachmedien AG\"},\"image\":{\"@id\":\"https:\/\/www.m-q.ch\/fr\/#\/schema\/logo\/image\/\"},\"sameAs\":[\"https:\/\/www.facebook.com\/ManagementUndQualitaet\",\"https:\/\/www.linkedin.com\/showcase\/17982321\/admin\/\"]},{\"@type\":\"Person\",\"@id\":\"https:\/\/www.m-q.ch\/fr\/#\/schema\/person\/71f647a41e4a3e361e6230f5134f3ba9\",\"name\":\"upwork_2\",\"image\":{\"@type\":\"ImageObject\",\"inLanguage\":\"fr-FR\",\"@id\":\"https:\/\/www.m-q.ch\/fr\/#\/schema\/person\/image\/\",\"url\":\"https:\/\/secure.gravatar.com\/avatar\/777b90ab56092bbf3c85feacda5c1bce?s=96&d=mm&r=g\",\"contentUrl\":\"https:\/\/secure.gravatar.com\/avatar\/777b90ab56092bbf3c85feacda5c1bce?s=96&d=mm&r=g\",\"caption\":\"upwork_2\"},\"url\":\"https:\/\/www.m-q.ch\/fr\/author\/upwork_2\/\"}]}<\/script>\n<!-- \/ Yoast SEO plugin. -->","yoast_head_json":{"title":"Contr\u00f4le 2013 - Gestion et qualit\u00e9 du QM","description":"Avec environ 900 exposants de plus de 30 nations et une surface d'exposition de 55 000 m\u00b2, le salon international Control \u00e9tablira de nouveaux records du 14 au 17 mai au parc des expositions de Stuttgart et sera \u00e0 la hauteur de sa r\u00e9putation de r\u00e9f\u00e9rence pour l'industrie mondiale de la qualit\u00e9.","robots":{"index":"index","follow":"follow","max-snippet":"max-snippet:-1","max-image-preview":"max-image-preview:large","max-video-preview":"max-video-preview:-1"},"canonical":"https:\/\/www.m-q.ch\/fr\/control-2013\/","og_locale":"fr_FR","og_type":"article","og_title":"Control 2013 - MQ Management und Qualit\u00e4t","og_description":"Mit rund 900 Ausstellern aus mehr als 30 Nationenund einer Ausstellungsfl\u00e4che von 55 000 m\u00b2stellt die internationale Fachmesse Control vom14. bis 17. Mai in der Messe Stuttgart neue Rekordeauf und wird ihrem Ruf als Benchmark der weltweitenQualit\u00e4tsbranche gerecht.","og_url":"https:\/\/www.m-q.ch\/fr\/control-2013\/","og_site_name":"MQ Management und Qualit\u00e4t","article_publisher":"https:\/\/www.facebook.com\/ManagementUndQualitaet","article_published_time":"2013-05-17T09:14:51+00:00","article_modified_time":"2021-02-18T11:39:52+00:00","og_image":[{"width":876,"height":441,"url":"https:\/\/www.m-q.ch\/wp-content\/uploads\/2021\/02\/Control-2013.jpg","type":"image\/jpeg"}],"author":"upwork_2","twitter_card":"summary_large_image","twitter_misc":{"\u00c9crit par":"upwork_2","Dur\u00e9e de lecture estim\u00e9e":"3 minutes"},"schema":{"@context":"https:\/\/schema.org","@graph":[{"@type":"Article","@id":"https:\/\/www.m-q.ch\/control-2013\/#article","isPartOf":{"@id":"https:\/\/www.m-q.ch\/control-2013\/"},"author":{"name":"upwork_2","@id":"https:\/\/www.m-q.ch\/fr\/#\/schema\/person\/71f647a41e4a3e361e6230f5134f3ba9"},"headline":"Control 2013","datePublished":"2013-05-17T09:14:51+00:00","dateModified":"2021-02-18T11:39:52+00:00","mainEntityOfPage":{"@id":"https:\/\/www.m-q.ch\/control-2013\/"},"wordCount":523,"publisher":{"@id":"https:\/\/www.m-q.ch\/fr\/#organization"},"image":{"@id":"https:\/\/www.m-q.ch\/control-2013\/#primaryimage"},"thumbnailUrl":"https:\/\/www.m-q.ch\/wp-content\/uploads\/2021\/02\/Control-2013.jpg","keywords":["5\/2013"],"articleSection":["Allgemein"],"inLanguage":"fr-FR"},{"@type":"WebPage","@id":"https:\/\/www.m-q.ch\/control-2013\/","url":"https:\/\/www.m-q.ch\/control-2013\/","name":"Contr\u00f4le 2013 - Gestion et qualit\u00e9 du QM","isPartOf":{"@id":"https:\/\/www.m-q.ch\/fr\/#website"},"primaryImageOfPage":{"@id":"https:\/\/www.m-q.ch\/control-2013\/#primaryimage"},"image":{"@id":"https:\/\/www.m-q.ch\/control-2013\/#primaryimage"},"thumbnailUrl":"https:\/\/www.m-q.ch\/wp-content\/uploads\/2021\/02\/Control-2013.jpg","datePublished":"2013-05-17T09:14:51+00:00","dateModified":"2021-02-18T11:39:52+00:00","description":"Avec environ 900 exposants de plus de 30 nations et une surface d'exposition de 55 000 m\u00b2, le salon international Control \u00e9tablira de nouveaux records du 14 au 17 mai au parc des expositions de Stuttgart et sera \u00e0 la hauteur de sa r\u00e9putation de r\u00e9f\u00e9rence pour l'industrie mondiale de la qualit\u00e9.","breadcrumb":{"@id":"https:\/\/www.m-q.ch\/control-2013\/#breadcrumb"},"inLanguage":"fr-FR","potentialAction":[{"@type":"ReadAction","target":["https:\/\/www.m-q.ch\/control-2013\/"]}]},{"@type":"ImageObject","inLanguage":"fr-FR","@id":"https:\/\/www.m-q.ch\/control-2013\/#primaryimage","url":"https:\/\/www.m-q.ch\/wp-content\/uploads\/2021\/02\/Control-2013.jpg","contentUrl":"https:\/\/www.m-q.ch\/wp-content\/uploads\/2021\/02\/Control-2013.jpg","width":876,"height":441,"caption":"Control 2013"},{"@type":"BreadcrumbList","@id":"https:\/\/www.m-q.ch\/control-2013\/#breadcrumb","itemListElement":[{"@type":"ListItem","position":1,"name":"Allgemein","item":"https:\/\/www.m-q.ch\/kategorie\/allgemein\/"},{"@type":"ListItem","position":2,"name":"Control 2013"}]},{"@type":"WebSite","@id":"https:\/\/www.m-q.ch\/fr\/#website","url":"https:\/\/www.m-q.ch\/fr\/","name":"Gestion et qualit\u00e9 du QM","description":"Plate-forme pour les syst\u00e8mes de gestion int\u00e9gr\u00e9e.","publisher":{"@id":"https:\/\/www.m-q.ch\/fr\/#organization"},"potentialAction":[{"@type":"SearchAction","target":{"@type":"EntryPoint","urlTemplate":"https:\/\/www.m-q.ch\/fr\/?s={search_term_string}"},"query-input":{"@type":"PropertyValueSpecification","valueRequired":true,"valueName":"search_term_string"}}],"inLanguage":"fr-FR"},{"@type":"Organization","@id":"https:\/\/www.m-q.ch\/fr\/#organization","name":"Galledia Trade Media AG","url":"https:\/\/www.m-q.ch\/fr\/","logo":{"@type":"ImageObject","inLanguage":"fr-FR","@id":"https:\/\/www.m-q.ch\/fr\/#\/schema\/logo\/image\/","url":"https:\/\/www.m-q.ch\/wp-content\/uploads\/2020\/12\/cropped-logo_small.png","contentUrl":"https:\/\/www.m-q.ch\/wp-content\/uploads\/2020\/12\/cropped-logo_small.png","width":512,"height":512,"caption":"Galledia Fachmedien AG"},"image":{"@id":"https:\/\/www.m-q.ch\/fr\/#\/schema\/logo\/image\/"},"sameAs":["https:\/\/www.facebook.com\/ManagementUndQualitaet","https:\/\/www.linkedin.com\/showcase\/17982321\/admin\/"]},{"@type":"Person","@id":"https:\/\/www.m-q.ch\/fr\/#\/schema\/person\/71f647a41e4a3e361e6230f5134f3ba9","name":"upwork_2","image":{"@type":"ImageObject","inLanguage":"fr-FR","@id":"https:\/\/www.m-q.ch\/fr\/#\/schema\/person\/image\/","url":"https:\/\/secure.gravatar.com\/avatar\/777b90ab56092bbf3c85feacda5c1bce?s=96&d=mm&r=g","contentUrl":"https:\/\/secure.gravatar.com\/avatar\/777b90ab56092bbf3c85feacda5c1bce?s=96&d=mm&r=g","caption":"upwork_2"},"url":"https:\/\/www.m-q.ch\/fr\/author\/upwork_2\/"}]}},"_links":{"self":[{"href":"https:\/\/www.m-q.ch\/fr\/wp-json\/wp\/v2\/posts\/12739","targetHints":{"allow":["GET"]}}],"collection":[{"href":"https:\/\/www.m-q.ch\/fr\/wp-json\/wp\/v2\/posts"}],"about":[{"href":"https:\/\/www.m-q.ch\/fr\/wp-json\/wp\/v2\/types\/post"}],"author":[{"embeddable":true,"href":"https:\/\/www.m-q.ch\/fr\/wp-json\/wp\/v2\/users\/62"}],"replies":[{"embeddable":true,"href":"https:\/\/www.m-q.ch\/fr\/wp-json\/wp\/v2\/comments?post=12739"}],"version-history":[{"count":1,"href":"https:\/\/www.m-q.ch\/fr\/wp-json\/wp\/v2\/posts\/12739\/revisions"}],"predecessor-version":[{"id":12781,"href":"https:\/\/www.m-q.ch\/fr\/wp-json\/wp\/v2\/posts\/12739\/revisions\/12781"}],"wp:featuredmedia":[{"embeddable":true,"href":"https:\/\/www.m-q.ch\/fr\/wp-json\/wp\/v2\/media\/12780"}],"wp:attachment":[{"href":"https:\/\/www.m-q.ch\/fr\/wp-json\/wp\/v2\/media?parent=12739"}],"wp:term":[{"taxonomy":"category","embeddable":true,"href":"https:\/\/www.m-q.ch\/fr\/wp-json\/wp\/v2\/categories?post=12739"},{"taxonomy":"post_tag","embeddable":true,"href":"https:\/\/www.m-q.ch\/fr\/wp-json\/wp\/v2\/tags?post=12739"}],"curies":[{"name":"wp","href":"https:\/\/api.w.org\/{rel}","templated":true}]}}