{"id":1287,"date":"2017-03-22T15:43:15","date_gmt":"2017-03-22T14:43:15","guid":{"rendered":"https:\/\/www.m-q.ch\/?p=1287"},"modified":"2017-03-29T13:33:07","modified_gmt":"2017-03-29T11:33:07","slug":"une-entreprise-suisse-de-controle-de-gestion-remporte-le-prix-cebit","status":"publish","type":"post","link":"https:\/\/www.m-q.ch\/fr\/schweizer-praezisionsunternehmen-gewinnt-cebit-preis\/","title":{"rendered":"Une entreprise suisse de pr\u00e9cision remporte le prix du CeBIT"},"content":{"rendered":"<figure id=\"attachment_1288\" aria-describedby=\"caption-attachment-1288\" style=\"width: 680px\" class=\"wp-caption alignnone\"><img loading=\"lazy\" decoding=\"async\" class=\"size-medium wp-image-1288\" src=\"https:\/\/www.m-q.ch\/wp-content\/uploads\/2017\/03\/Schweizer-Pr\u00e4zisionsunternehmen-gewinnt-CeBIT-Preis-mq-management-u-qualit\u00e4t--680x453.jpg\" alt=\"\" width=\"680\" height=\"453\" srcset=\"https:\/\/www.m-q.ch\/wp-content\/uploads\/2017\/03\/Schweizer-Pr\u00e4zisionsunternehmen-gewinnt-CeBIT-Preis-mq-management-u-qualit\u00e4t--680x453.jpg 680w, https:\/\/www.m-q.ch\/wp-content\/uploads\/2017\/03\/Schweizer-Pr\u00e4zisionsunternehmen-gewinnt-CeBIT-Preis-mq-management-u-qualit\u00e4t--768x512.jpg 768w, https:\/\/www.m-q.ch\/wp-content\/uploads\/2017\/03\/Schweizer-Pr\u00e4zisionsunternehmen-gewinnt-CeBIT-Preis-mq-management-u-qualit\u00e4t--1536x1024.jpg 1536w, https:\/\/www.m-q.ch\/wp-content\/uploads\/2017\/03\/Schweizer-Pr\u00e4zisionsunternehmen-gewinnt-CeBIT-Preis-mq-management-u-qualit\u00e4t--2048x1365.jpg 2048w, https:\/\/www.m-q.ch\/wp-content\/uploads\/2017\/03\/Schweizer-Pr\u00e4zisionsunternehmen-gewinnt-CeBIT-Preis-mq-management-u-qualit\u00e4t--16x12.jpg 16w, https:\/\/www.m-q.ch\/wp-content\/uploads\/2017\/03\/Schweizer-Pr\u00e4zisionsunternehmen-gewinnt-CeBIT-Preis-mq-management-u-qualit\u00e4t--263x175.jpg 263w, https:\/\/www.m-q.ch\/wp-content\/uploads\/2017\/03\/Schweizer-Pr\u00e4zisionsunternehmen-gewinnt-CeBIT-Preis-mq-management-u-qualit\u00e4t--525x350.jpg 525w, https:\/\/www.m-q.ch\/wp-content\/uploads\/2017\/03\/Schweizer-Pr\u00e4zisionsunternehmen-gewinnt-CeBIT-Preis-mq-management-u-qualit\u00e4t--1200x800.jpg 1200w, https:\/\/www.m-q.ch\/wp-content\/uploads\/2017\/03\/Schweizer-Pr\u00e4zisionsunternehmen-gewinnt-CeBIT-Preis-mq-management-u-qualit\u00e4t--920x613.jpg 920w, https:\/\/www.m-q.ch\/wp-content\/uploads\/2017\/03\/Schweizer-Pr\u00e4zisionsunternehmen-gewinnt-CeBIT-Preis-mq-management-u-qualit\u00e4t--1400x933.jpg 1400w, https:\/\/www.m-q.ch\/wp-content\/uploads\/2017\/03\/Schweizer-Pr\u00e4zisionsunternehmen-gewinnt-CeBIT-Preis-mq-management-u-qualit\u00e4t--300x200.jpg 300w, https:\/\/www.m-q.ch\/wp-content\/uploads\/2017\/03\/Schweizer-Pr\u00e4zisionsunternehmen-gewinnt-CeBIT-Preis-mq-management-u-qualit\u00e4t--1024x683.jpg 1024w, https:\/\/www.m-q.ch\/wp-content\/uploads\/2017\/03\/Schweizer-Pr\u00e4zisionsunternehmen-gewinnt-CeBIT-Preis-mq-management-u-qualit\u00e4t--624x416.jpg 624w\" sizes=\"auto, (max-width: 680px) 100vw, 680px\" \/><figcaption id=\"caption-attachment-1288\" class=\"wp-caption-text\">La chanceli\u00e8re allemande Angela Merkel exprime sa sympathie \u00e0 Sennheiser, laur\u00e9at du prix INNOVATIONSPREIS-IT, au CeBIT. (Image : ZvG_CeBIT)<\/figcaption><\/figure>\n<p>Beate Heider, directrice de la r\u00e9daction et co-fondatrice de l'Initiative Mittelstand et co-initiatrice de l'INNOVATIONSPREIS-IT, a remis aux gagnants rayonnants leur troph\u00e9e et un certificat. La remise des prix a \u00e9t\u00e9 directement r\u00e9compens\u00e9e par une vague de flashs et de reconnaissance publique. Ce prix est \u00e0 la fois un signe et une reconnaissance du courage d'innover et du travail acharn\u00e9 qui se cache derri\u00e8re les solutions prim\u00e9es.<\/p>\n<p>M\u00eame la chanceli\u00e8re allemande Angela Merkel a rendu hommage \u00e0 un laur\u00e9at du PRIX DE L'INNOVATION IT, la soci\u00e9t\u00e9 Sennheiser, et lui a fait d\u00e9couvrir les innovations.<\/p>\n<p><strong>Prix sp\u00e9cial suisse<\/strong><\/p>\n<p>Cette ann\u00e9e encore, plusieurs milliers de candidatures innovantes ont \u00e9t\u00e9 re\u00e7ues pour le PRIX DE L'INNOVATION IT. Un gagnant dans chacune des 38 cat\u00e9gories et 16 \u00c9tats f\u00e9d\u00e9raux a \u00e9t\u00e9 r\u00e9compens\u00e9. En outre, deux prix sp\u00e9ciaux ont \u00e9t\u00e9 d\u00e9cern\u00e9s \u00e0 l'Autriche et \u00e0 la Suisse.<\/p>\n<p>PAXXON (Suisse) a re\u00e7u le prix de cette ann\u00e9e. Le groupe SFS AG est une entreprise de syst\u00e8mes de fixation m\u00e9canique et de composants de pr\u00e9cision. Le si\u00e8ge social est situ\u00e9 \u00e0 Heerbrugg, en Suisse. Pour illustrer la vari\u00e9t\u00e9 des produits, SFS s'appuie sur la solution PAXXON.<\/p>\n<p><strong>Liste des meilleures technologies de l'information <\/strong><\/p>\n<p>Outre les laur\u00e9ats, les finalistes ainsi que les BEST OF dans les cat\u00e9gories respectives, dont les solutions informatiques enrichissent la gamme vari\u00e9e d'excellents produits informatiques, peuvent \u00e9galement \u00eatre consult\u00e9s sur le site web de l'Initiative Mittelstand. Ils ont tous r\u00e9ussi \u00e0 convaincre un jury d'experts de renom compos\u00e9 de scientifiques de haut niveau, d'experts industriels et de journalistes sp\u00e9cialis\u00e9s.<\/p>\n<p>Le prochain point fort sera bient\u00f4t la publication de la nouvelle IT Best List 2017, un recueil en ligne exclusif qui comprend les produits informatiques les plus innovants et les plus prometteurs pour les moyennes entreprises.<\/p>\n<p>Vous pouvez trouver plus d'informations sur le programme CeBIT <a href=\"http:\/\/www.imittelstand.de\/\">ici<\/a><\/p>\n<p>&nbsp;<\/p>\n<p>&nbsp;<\/p>","protected":false},"excerpt":{"rendered":"<p>Beate Heider, Redaktionsleiterin und Mitgr\u00fcnderin der Initiative Mittelstand sowie Mitinitiatorin des INNOVATIONSPREIS-IT, \u00fcberreichte den strahlenden Siegern ihren Pokal und eine Urkunde. Mit Blitzlichtgewitter und \u00f6ffentlicher Anerkennung hat sich die Preis\u00fcbergabe f\u00fcr die Sieger direkt bezahlt gemacht. Die Auszeichnung ist dabei Zeichen und Anerkennung zugleich f\u00fcr den Mut zur Innovation sowie die viele geleistete Arbeit, die [&hellip;]<\/p>\n","protected":false},"author":35,"featured_media":1288,"comment_status":"open","ping_status":"open","sticky":false,"template":"","format":"standard","meta":{"_acf_changed":false,"footnotes":""},"categories":[1],"tags":[3500,3399,3501],"class_list":["post-1287","post","type-post","status-publish","format-standard","has-post-thumbnail","hentry","category-unkategorisiert","tag-cebit","tag-innovation","tag-it"],"acf":[],"yoast_head":"<!-- This site is optimized with the Yoast SEO plugin v26.2 - https:\/\/yoast.com\/wordpress\/plugins\/seo\/ -->\n<title>Schweizer Pr\u00e4zisionsunternehmen gewinnt CeBIT Preis - MQ Management und Qualit\u00e4t<\/title>\n<meta name=\"description\" content=\"Die CeBIT vergibt auch dieses Jahr Preise an solide und ebenso innovative Unternehmen. PAXXON (Schweiz) wurde mit dem diesj\u00e4hrigen Preis ausgezeichnet.\" \/>\n<meta name=\"robots\" content=\"index, follow, max-snippet:-1, max-image-preview:large, max-video-preview:-1\" \/>\n<link rel=\"canonical\" href=\"https:\/\/www.m-q.ch\/fr\/une-entreprise-suisse-de-controle-de-gestion-remporte-le-prix-cebit\/\" \/>\n<meta property=\"og:locale\" content=\"fr_FR\" \/>\n<meta property=\"og:type\" content=\"article\" \/>\n<meta property=\"og:title\" content=\"Schweizer Pr\u00e4zisionsunternehmen gewinnt CeBIT Preis - MQ Management und Qualit\u00e4t\" \/>\n<meta property=\"og:description\" content=\"Die CeBIT vergibt auch dieses Jahr Preise an solide und ebenso innovative Unternehmen. PAXXON (Schweiz) wurde mit dem diesj\u00e4hrigen Preis ausgezeichnet.\" \/>\n<meta property=\"og:url\" content=\"https:\/\/www.m-q.ch\/fr\/une-entreprise-suisse-de-controle-de-gestion-remporte-le-prix-cebit\/\" \/>\n<meta property=\"og:site_name\" content=\"MQ Management und Qualit\u00e4t\" \/>\n<meta property=\"article:publisher\" content=\"https:\/\/www.facebook.com\/ManagementUndQualitaet\" \/>\n<meta property=\"article:published_time\" content=\"2017-03-22T14:43:15+00:00\" \/>\n<meta property=\"article:modified_time\" content=\"2017-03-29T11:33:07+00:00\" \/>\n<meta property=\"og:image\" content=\"https:\/\/www.m-q.ch\/wp-content\/uploads\/2017\/03\/Schweizer-Pr\u00e4zisionsunternehmen-gewinnt-CeBIT-Preis-mq-management-u-qualit\u00e4t--1024x683.jpg\" \/>\n\t<meta property=\"og:image:width\" content=\"1024\" \/>\n\t<meta property=\"og:image:height\" content=\"683\" \/>\n\t<meta property=\"og:image:type\" content=\"image\/jpeg\" \/>\n<meta name=\"author\" content=\"Roger Str\u00e4ssle\" \/>\n<meta name=\"twitter:card\" content=\"summary_large_image\" \/>\n<meta name=\"twitter:label1\" content=\"\u00c9crit par\" \/>\n\t<meta name=\"twitter:data1\" content=\"Roger Str\u00e4ssle\" \/>\n\t<meta name=\"twitter:label2\" content=\"Dur\u00e9e de lecture estim\u00e9e\" \/>\n\t<meta name=\"twitter:data2\" content=\"1 minute\" \/>\n<script type=\"application\/ld+json\" class=\"yoast-schema-graph\">{\"@context\":\"https:\/\/schema.org\",\"@graph\":[{\"@type\":\"Article\",\"@id\":\"https:\/\/www.m-q.ch\/de\/schweizer-praezisionsunternehmen-gewinnt-cebit-preis\/#article\",\"isPartOf\":{\"@id\":\"https:\/\/www.m-q.ch\/de\/schweizer-praezisionsunternehmen-gewinnt-cebit-preis\/\"},\"author\":{\"name\":\"Roger Str\u00e4ssle\",\"@id\":\"https:\/\/www.m-q.ch\/fr\/#\/schema\/person\/47d540e081acd98ccbeb69b55df653d7\"},\"headline\":\"Schweizer Pr\u00e4zisionsunternehmen gewinnt CeBIT Preis\",\"datePublished\":\"2017-03-22T14:43:15+00:00\",\"dateModified\":\"2017-03-29T11:33:07+00:00\",\"mainEntityOfPage\":{\"@id\":\"https:\/\/www.m-q.ch\/de\/schweizer-praezisionsunternehmen-gewinnt-cebit-preis\/\"},\"wordCount\":292,\"commentCount\":0,\"publisher\":{\"@id\":\"https:\/\/www.m-q.ch\/fr\/#organization\"},\"image\":{\"@id\":\"https:\/\/www.m-q.ch\/de\/schweizer-praezisionsunternehmen-gewinnt-cebit-preis\/#primaryimage\"},\"thumbnailUrl\":\"https:\/\/www.m-q.ch\/wp-content\/uploads\/2017\/03\/Schweizer-Pr\u00e4zisionsunternehmen-gewinnt-CeBIT-Preis-mq-management-u-qualit\u00e4t-.jpg\",\"keywords\":[\"CeBIT\",\"Innovation\",\"IT\"],\"articleSection\":[\"Unkategorisiert\"],\"inLanguage\":\"fr-FR\"},{\"@type\":\"WebPage\",\"@id\":\"https:\/\/www.m-q.ch\/de\/schweizer-praezisionsunternehmen-gewinnt-cebit-preis\/\",\"url\":\"https:\/\/www.m-q.ch\/de\/schweizer-praezisionsunternehmen-gewinnt-cebit-preis\/\",\"name\":\"Schweizer Pr\u00e4zisionsunternehmen gewinnt CeBIT Preis - MQ Management und Qualit\u00e4t\",\"isPartOf\":{\"@id\":\"https:\/\/www.m-q.ch\/fr\/#website\"},\"primaryImageOfPage\":{\"@id\":\"https:\/\/www.m-q.ch\/de\/schweizer-praezisionsunternehmen-gewinnt-cebit-preis\/#primaryimage\"},\"image\":{\"@id\":\"https:\/\/www.m-q.ch\/de\/schweizer-praezisionsunternehmen-gewinnt-cebit-preis\/#primaryimage\"},\"thumbnailUrl\":\"https:\/\/www.m-q.ch\/wp-content\/uploads\/2017\/03\/Schweizer-Pr\u00e4zisionsunternehmen-gewinnt-CeBIT-Preis-mq-management-u-qualit\u00e4t-.jpg\",\"datePublished\":\"2017-03-22T14:43:15+00:00\",\"dateModified\":\"2017-03-29T11:33:07+00:00\",\"description\":\"Die CeBIT vergibt auch dieses Jahr Preise an solide und ebenso innovative Unternehmen. PAXXON (Schweiz) wurde mit dem diesj\u00e4hrigen Preis ausgezeichnet.\",\"breadcrumb\":{\"@id\":\"https:\/\/www.m-q.ch\/de\/schweizer-praezisionsunternehmen-gewinnt-cebit-preis\/#breadcrumb\"},\"inLanguage\":\"fr-FR\",\"potentialAction\":[{\"@type\":\"ReadAction\",\"target\":[\"https:\/\/www.m-q.ch\/de\/schweizer-praezisionsunternehmen-gewinnt-cebit-preis\/\"]}]},{\"@type\":\"ImageObject\",\"inLanguage\":\"fr-FR\",\"@id\":\"https:\/\/www.m-q.ch\/de\/schweizer-praezisionsunternehmen-gewinnt-cebit-preis\/#primaryimage\",\"url\":\"https:\/\/www.m-q.ch\/wp-content\/uploads\/2017\/03\/Schweizer-Pr\u00e4zisionsunternehmen-gewinnt-CeBIT-Preis-mq-management-u-qualit\u00e4t-.jpg\",\"contentUrl\":\"https:\/\/www.m-q.ch\/wp-content\/uploads\/2017\/03\/Schweizer-Pr\u00e4zisionsunternehmen-gewinnt-CeBIT-Preis-mq-management-u-qualit\u00e4t-.jpg\",\"width\":2400,\"height\":1600,\"caption\":\"Angela Merkel dr\u00fcckt der Firma Sennheiser, INNOVATIONSPREIS-IT Sieger, ihre Sympathie an der CeBIT aus. (Bild: ZvG_CeBIT)\"},{\"@type\":\"BreadcrumbList\",\"@id\":\"https:\/\/www.m-q.ch\/de\/schweizer-praezisionsunternehmen-gewinnt-cebit-preis\/#breadcrumb\",\"itemListElement\":[{\"@type\":\"ListItem\",\"position\":1,\"name\":\"Unkategorisiert\",\"item\":\"https:\/\/www.m-q.ch\/it\/categoria\/senza-categoria\/\"},{\"@type\":\"ListItem\",\"position\":2,\"name\":\"Schweizer Pr\u00e4zisionsunternehmen gewinnt CeBIT Preis\"}]},{\"@type\":\"WebSite\",\"@id\":\"https:\/\/www.m-q.ch\/fr\/#website\",\"url\":\"https:\/\/www.m-q.ch\/fr\/\",\"name\":\"MQ Management und Qualit\u00e4t\",\"description\":\"Plattform f\u00fcr integrierte Managementsysteme.\",\"publisher\":{\"@id\":\"https:\/\/www.m-q.ch\/fr\/#organization\"},\"potentialAction\":[{\"@type\":\"SearchAction\",\"target\":{\"@type\":\"EntryPoint\",\"urlTemplate\":\"https:\/\/www.m-q.ch\/fr\/?s={search_term_string}\"},\"query-input\":{\"@type\":\"PropertyValueSpecification\",\"valueRequired\":true,\"valueName\":\"search_term_string\"}}],\"inLanguage\":\"fr-FR\"},{\"@type\":\"Organization\",\"@id\":\"https:\/\/www.m-q.ch\/fr\/#organization\",\"name\":\"Galledia Fachmedien AG\",\"url\":\"https:\/\/www.m-q.ch\/fr\/\",\"logo\":{\"@type\":\"ImageObject\",\"inLanguage\":\"fr-FR\",\"@id\":\"https:\/\/www.m-q.ch\/fr\/#\/schema\/logo\/image\/\",\"url\":\"https:\/\/www.m-q.ch\/wp-content\/uploads\/2020\/12\/cropped-logo_small.png\",\"contentUrl\":\"https:\/\/www.m-q.ch\/wp-content\/uploads\/2020\/12\/cropped-logo_small.png\",\"width\":512,\"height\":512,\"caption\":\"Galledia Fachmedien AG\"},\"image\":{\"@id\":\"https:\/\/www.m-q.ch\/fr\/#\/schema\/logo\/image\/\"},\"sameAs\":[\"https:\/\/www.facebook.com\/ManagementUndQualitaet\",\"https:\/\/www.linkedin.com\/showcase\/17982321\/admin\/\"]},{\"@type\":\"Person\",\"@id\":\"https:\/\/www.m-q.ch\/fr\/#\/schema\/person\/47d540e081acd98ccbeb69b55df653d7\",\"name\":\"Roger Str\u00e4ssle\",\"image\":{\"@type\":\"ImageObject\",\"inLanguage\":\"fr-FR\",\"@id\":\"https:\/\/www.m-q.ch\/fr\/#\/schema\/person\/image\/\",\"url\":\"https:\/\/secure.gravatar.com\/avatar\/e4dde3046d8a184d2e2d27651a418883?s=96&d=mm&r=g\",\"contentUrl\":\"https:\/\/secure.gravatar.com\/avatar\/e4dde3046d8a184d2e2d27651a418883?s=96&d=mm&r=g\",\"caption\":\"Roger Str\u00e4ssle\"},\"url\":\"https:\/\/www.m-q.ch\/fr\/author\/roger-straessle\/\"}]}<\/script>\n<!-- \/ Yoast SEO plugin. -->","yoast_head_json":{"title":"Une entreprise suisse de pr\u00e9cision remporte le prix du CeBIT - MQ Management and Quality","description":"Cette ann\u00e9e encore, le CeBIT d\u00e9cerne des prix \u00e0 des entreprises solides et tout aussi innovantes. PAXXON (Suisse) a re\u00e7u le prix de cette ann\u00e9e.","robots":{"index":"index","follow":"follow","max-snippet":"max-snippet:-1","max-image-preview":"max-image-preview:large","max-video-preview":"max-video-preview:-1"},"canonical":"https:\/\/www.m-q.ch\/fr\/une-entreprise-suisse-de-controle-de-gestion-remporte-le-prix-cebit\/","og_locale":"fr_FR","og_type":"article","og_title":"Schweizer Pr\u00e4zisionsunternehmen gewinnt CeBIT Preis - MQ Management und Qualit\u00e4t","og_description":"Die CeBIT vergibt auch dieses Jahr Preise an solide und ebenso innovative Unternehmen. PAXXON (Schweiz) wurde mit dem diesj\u00e4hrigen Preis ausgezeichnet.","og_url":"https:\/\/www.m-q.ch\/fr\/une-entreprise-suisse-de-controle-de-gestion-remporte-le-prix-cebit\/","og_site_name":"MQ Management und Qualit\u00e4t","article_publisher":"https:\/\/www.facebook.com\/ManagementUndQualitaet","article_published_time":"2017-03-22T14:43:15+00:00","article_modified_time":"2017-03-29T11:33:07+00:00","og_image":[{"width":1024,"height":683,"url":"https:\/\/www.m-q.ch\/wp-content\/uploads\/2017\/03\/Schweizer-Pr\u00e4zisionsunternehmen-gewinnt-CeBIT-Preis-mq-management-u-qualit\u00e4t--1024x683.jpg","type":"image\/jpeg"}],"author":"Roger Str\u00e4ssle","twitter_card":"summary_large_image","twitter_misc":{"\u00c9crit par":"Roger Str\u00e4ssle","Dur\u00e9e de lecture estim\u00e9e":"1 minute"},"schema":{"@context":"https:\/\/schema.org","@graph":[{"@type":"Article","@id":"https:\/\/www.m-q.ch\/de\/schweizer-praezisionsunternehmen-gewinnt-cebit-preis\/#article","isPartOf":{"@id":"https:\/\/www.m-q.ch\/de\/schweizer-praezisionsunternehmen-gewinnt-cebit-preis\/"},"author":{"name":"Roger Str\u00e4ssle","@id":"https:\/\/www.m-q.ch\/fr\/#\/schema\/person\/47d540e081acd98ccbeb69b55df653d7"},"headline":"Schweizer Pr\u00e4zisionsunternehmen gewinnt CeBIT Preis","datePublished":"2017-03-22T14:43:15+00:00","dateModified":"2017-03-29T11:33:07+00:00","mainEntityOfPage":{"@id":"https:\/\/www.m-q.ch\/de\/schweizer-praezisionsunternehmen-gewinnt-cebit-preis\/"},"wordCount":292,"commentCount":0,"publisher":{"@id":"https:\/\/www.m-q.ch\/fr\/#organization"},"image":{"@id":"https:\/\/www.m-q.ch\/de\/schweizer-praezisionsunternehmen-gewinnt-cebit-preis\/#primaryimage"},"thumbnailUrl":"https:\/\/www.m-q.ch\/wp-content\/uploads\/2017\/03\/Schweizer-Pr\u00e4zisionsunternehmen-gewinnt-CeBIT-Preis-mq-management-u-qualit\u00e4t-.jpg","keywords":["CeBIT","Innovation","IT"],"articleSection":["Unkategorisiert"],"inLanguage":"fr-FR"},{"@type":"WebPage","@id":"https:\/\/www.m-q.ch\/de\/schweizer-praezisionsunternehmen-gewinnt-cebit-preis\/","url":"https:\/\/www.m-q.ch\/de\/schweizer-praezisionsunternehmen-gewinnt-cebit-preis\/","name":"Une entreprise suisse de pr\u00e9cision remporte le prix du CeBIT - MQ Management and Quality","isPartOf":{"@id":"https:\/\/www.m-q.ch\/fr\/#website"},"primaryImageOfPage":{"@id":"https:\/\/www.m-q.ch\/de\/schweizer-praezisionsunternehmen-gewinnt-cebit-preis\/#primaryimage"},"image":{"@id":"https:\/\/www.m-q.ch\/de\/schweizer-praezisionsunternehmen-gewinnt-cebit-preis\/#primaryimage"},"thumbnailUrl":"https:\/\/www.m-q.ch\/wp-content\/uploads\/2017\/03\/Schweizer-Pr\u00e4zisionsunternehmen-gewinnt-CeBIT-Preis-mq-management-u-qualit\u00e4t-.jpg","datePublished":"2017-03-22T14:43:15+00:00","dateModified":"2017-03-29T11:33:07+00:00","description":"Cette ann\u00e9e encore, le CeBIT d\u00e9cerne des prix \u00e0 des entreprises solides et tout aussi innovantes. PAXXON (Suisse) a re\u00e7u le prix de cette ann\u00e9e.","breadcrumb":{"@id":"https:\/\/www.m-q.ch\/de\/schweizer-praezisionsunternehmen-gewinnt-cebit-preis\/#breadcrumb"},"inLanguage":"fr-FR","potentialAction":[{"@type":"ReadAction","target":["https:\/\/www.m-q.ch\/de\/schweizer-praezisionsunternehmen-gewinnt-cebit-preis\/"]}]},{"@type":"ImageObject","inLanguage":"fr-FR","@id":"https:\/\/www.m-q.ch\/de\/schweizer-praezisionsunternehmen-gewinnt-cebit-preis\/#primaryimage","url":"https:\/\/www.m-q.ch\/wp-content\/uploads\/2017\/03\/Schweizer-Pr\u00e4zisionsunternehmen-gewinnt-CeBIT-Preis-mq-management-u-qualit\u00e4t-.jpg","contentUrl":"https:\/\/www.m-q.ch\/wp-content\/uploads\/2017\/03\/Schweizer-Pr\u00e4zisionsunternehmen-gewinnt-CeBIT-Preis-mq-management-u-qualit\u00e4t-.jpg","width":2400,"height":1600,"caption":"Angela Merkel dr\u00fcckt der Firma Sennheiser, INNOVATIONSPREIS-IT Sieger, ihre Sympathie an der CeBIT aus. (Bild: ZvG_CeBIT)"},{"@type":"BreadcrumbList","@id":"https:\/\/www.m-q.ch\/de\/schweizer-praezisionsunternehmen-gewinnt-cebit-preis\/#breadcrumb","itemListElement":[{"@type":"ListItem","position":1,"name":"Unkategorisiert","item":"https:\/\/www.m-q.ch\/it\/categoria\/senza-categoria\/"},{"@type":"ListItem","position":2,"name":"Schweizer Pr\u00e4zisionsunternehmen gewinnt CeBIT Preis"}]},{"@type":"WebSite","@id":"https:\/\/www.m-q.ch\/fr\/#website","url":"https:\/\/www.m-q.ch\/fr\/","name":"Gestion et qualit\u00e9 du QM","description":"Plate-forme pour les syst\u00e8mes de gestion int\u00e9gr\u00e9e.","publisher":{"@id":"https:\/\/www.m-q.ch\/fr\/#organization"},"potentialAction":[{"@type":"SearchAction","target":{"@type":"EntryPoint","urlTemplate":"https:\/\/www.m-q.ch\/fr\/?s={search_term_string}"},"query-input":{"@type":"PropertyValueSpecification","valueRequired":true,"valueName":"search_term_string"}}],"inLanguage":"fr-FR"},{"@type":"Organization","@id":"https:\/\/www.m-q.ch\/fr\/#organization","name":"Galledia Trade Media AG","url":"https:\/\/www.m-q.ch\/fr\/","logo":{"@type":"ImageObject","inLanguage":"fr-FR","@id":"https:\/\/www.m-q.ch\/fr\/#\/schema\/logo\/image\/","url":"https:\/\/www.m-q.ch\/wp-content\/uploads\/2020\/12\/cropped-logo_small.png","contentUrl":"https:\/\/www.m-q.ch\/wp-content\/uploads\/2020\/12\/cropped-logo_small.png","width":512,"height":512,"caption":"Galledia Fachmedien AG"},"image":{"@id":"https:\/\/www.m-q.ch\/fr\/#\/schema\/logo\/image\/"},"sameAs":["https:\/\/www.facebook.com\/ManagementUndQualitaet","https:\/\/www.linkedin.com\/showcase\/17982321\/admin\/"]},{"@type":"Person","@id":"https:\/\/www.m-q.ch\/fr\/#\/schema\/person\/47d540e081acd98ccbeb69b55df653d7","name":"Roger Str\u00e4ssle","image":{"@type":"ImageObject","inLanguage":"fr-FR","@id":"https:\/\/www.m-q.ch\/fr\/#\/schema\/person\/image\/","url":"https:\/\/secure.gravatar.com\/avatar\/e4dde3046d8a184d2e2d27651a418883?s=96&d=mm&r=g","contentUrl":"https:\/\/secure.gravatar.com\/avatar\/e4dde3046d8a184d2e2d27651a418883?s=96&d=mm&r=g","caption":"Roger Str\u00e4ssle"},"url":"https:\/\/www.m-q.ch\/fr\/author\/roger-straessle\/"}]}},"_links":{"self":[{"href":"https:\/\/www.m-q.ch\/fr\/wp-json\/wp\/v2\/posts\/1287","targetHints":{"allow":["GET"]}}],"collection":[{"href":"https:\/\/www.m-q.ch\/fr\/wp-json\/wp\/v2\/posts"}],"about":[{"href":"https:\/\/www.m-q.ch\/fr\/wp-json\/wp\/v2\/types\/post"}],"author":[{"embeddable":true,"href":"https:\/\/www.m-q.ch\/fr\/wp-json\/wp\/v2\/users\/35"}],"replies":[{"embeddable":true,"href":"https:\/\/www.m-q.ch\/fr\/wp-json\/wp\/v2\/comments?post=1287"}],"version-history":[{"count":3,"href":"https:\/\/www.m-q.ch\/fr\/wp-json\/wp\/v2\/posts\/1287\/revisions"}],"predecessor-version":[{"id":1291,"href":"https:\/\/www.m-q.ch\/fr\/wp-json\/wp\/v2\/posts\/1287\/revisions\/1291"}],"wp:featuredmedia":[{"embeddable":true,"href":"https:\/\/www.m-q.ch\/fr\/wp-json\/wp\/v2\/media\/1288"}],"wp:attachment":[{"href":"https:\/\/www.m-q.ch\/fr\/wp-json\/wp\/v2\/media?parent=1287"}],"wp:term":[{"taxonomy":"category","embeddable":true,"href":"https:\/\/www.m-q.ch\/fr\/wp-json\/wp\/v2\/categories?post=1287"},{"taxonomy":"post_tag","embeddable":true,"href":"https:\/\/www.m-q.ch\/fr\/wp-json\/wp\/v2\/tags?post=1287"}],"curies":[{"name":"wp","href":"https:\/\/api.w.org\/{rel}","templated":true}]}}