{"id":12975,"date":"2013-12-18T09:09:18","date_gmt":"2013-12-18T08:09:18","guid":{"rendered":"https:\/\/www.m-q.ch\/?p=12975"},"modified":"2021-02-19T09:20:29","modified_gmt":"2021-02-19T08:20:29","slug":"retour-aux-sources","status":"publish","type":"post","link":"https:\/\/www.m-q.ch\/fr\/zurueck-zu-den-wurzeln\/","title":{"rendered":"Retour aux sources"},"content":{"rendered":"<p><img loading=\"lazy\" decoding=\"async\" class=\"alignnone size-full wp-image-12977\" src=\"https:\/\/www.m-q.ch\/wp-content\/uploads\/2021\/02\/Zurueck-zu-den-Wurzeln.jpg\" alt=\"Retour aux sources\" width=\"834\" height=\"1487\" srcset=\"https:\/\/www.m-q.ch\/wp-content\/uploads\/2021\/02\/Zurueck-zu-den-Wurzeln.jpg 834w, https:\/\/www.m-q.ch\/wp-content\/uploads\/2021\/02\/Zurueck-zu-den-Wurzeln-768x1369.jpg 768w, https:\/\/www.m-q.ch\/wp-content\/uploads\/2021\/02\/Zurueck-zu-den-Wurzeln-7x12.jpg 7w, https:\/\/www.m-q.ch\/wp-content\/uploads\/2021\/02\/Zurueck-zu-den-Wurzeln-98x175.jpg 98w, https:\/\/www.m-q.ch\/wp-content\/uploads\/2021\/02\/Zurueck-zu-den-Wurzeln-196x350.jpg 196w, https:\/\/www.m-q.ch\/wp-content\/uploads\/2021\/02\/Zurueck-zu-den-Wurzeln-449x800.jpg 449w, https:\/\/www.m-q.ch\/wp-content\/uploads\/2021\/02\/Zurueck-zu-den-Wurzeln-785x1400.jpg 785w, https:\/\/www.m-q.ch\/wp-content\/uploads\/2021\/02\/Zurueck-zu-den-Wurzeln-300x535.jpg 300w\" sizes=\"auto, (max-width: 834px) 100vw, 834px\" \/><\/p>\n<p>&nbsp;<\/p>\n<p>&nbsp;<\/p>\n<p>&nbsp;<\/p>\n<p><strong>Vous \u00eates PDG de Schurter AG depuis 4 ans. Comment vivez-vous l'excellence en affaires aujourd'hui ?<\/strong><\/p>\n<p>&nbsp;<\/p>\n<p>Ayant rejoint Schurter AG il y a 9 ans, je connaissais tr\u00e8s bien le sujet de l'excellence en affaires. En tant qu'entreprise active au niveau mondial, l'industrie \u00e9lectronique \u00e9volue rapidement et il est important de veiller \u00e0 ce que le th\u00e8me de l'excellence commerciale conserve sa place dans l'entreprise.<\/p>\n<p><strong>R\u00e9trospectivement : Comment avez-vous r\u00e9ellement pris conscience de l'importance du mod\u00e8le EFQM ?<\/strong><\/p>\n<p>&nbsp;<\/p>\n<p>Gr\u00e2ce \u00e0 l'EFQM, nous avons pu prendre les bonnes d\u00e9cisions tr\u00e8s rapidement, car nous avions une bonne vue d'ensemble des \u00e9l\u00e9ments habilitants, d'une part, et nous pouvions garder les r\u00e9sultats sous contr\u00f4le, d'autre part. Cela signifie que nous avons toujours pu d\u00e9finir des mesures et pr\u00e9voir les perspectives de succ\u00e8s correspondantes, c'est-\u00e0-dire les r\u00e9sultats. Le lien entre la cause et l'effet a \u00e9t\u00e9 donn\u00e9 \u00e0 tout moment.<\/p>\n<p><strong>Quelle est votre recette personnelle pour r\u00e9ussir ?<\/strong><\/p>\n<p>&nbsp;<\/p>\n<p>Ce sont mes cinq \"M\" personnels.<\/p>\n<ul style=\"list-style-type: square\">\n<li>Se faire remarquer dans le syst\u00e8me (<em><strong>\"faiseur\"<\/strong><\/em>)<\/li>\n<li>Apporter une grande partie de l'autopropulsion (<em><strong>\"Moteur<\/strong><\/em>)<\/li>\n<li>La capacit\u00e9 \u00e0 se motiver encore et encore (<em><strong>\"Motiver<\/strong><\/em>)<\/li>\n<li>Laissez-vous aussi enseigner (<em><strong>\"Mentor<\/strong><\/em>)<\/li>\n<li>Soyez toujours authentique (<em><strong>\"Muller<\/strong><\/em>)<\/li>\n<\/ul>\n<p><strong>Selon vous, quel est le principal d\u00e9fi du mod\u00e8le d'excellence des entreprises ?<\/strong><\/p>\n<p>&nbsp;<\/p>\n<p>Les visiteurs me posent sans cesse des questions \u00e0 ce sujet : O\u00f9 trouvez-vous le temps pour cet \u00e9norme effort ? La difficult\u00e9 r\u00e9side dans l'\u00e9quilibre entre l'effort et le b\u00e9n\u00e9fice. Vous voyez, en fin de compte, vous ne pouvez pas percer un trou avec un objet contondant. Business Excellence vous permet de toujours avoir une perceuse avec une m\u00e8che aiguis\u00e9e \u00e0 port\u00e9e de main. En outre, les activit\u00e9s li\u00e9es \u00e0 l'excellence dans les affaires sont soutenues par l'ensemble des personnes cl\u00e9s de l'entreprise.<\/p>\n<p><strong>Vous travaillez actuellement sur la strat\u00e9gie de l'entreprise pour les 5 prochaines ann\u00e9es. Quelle est l'importance de l'excellence des entreprises dans ce contexte ?<\/strong><\/p>\n<p>&nbsp;<\/p>\n<p>Le mod\u00e8le EFQM est ancr\u00e9 dans le groupe Schurter. Les questions de contr\u00f4le correspondantes sont pos\u00e9es lors du processus d'\u00e9laboration de la strat\u00e9gie afin de s'assurer que toutes les parties prenantes sont prises en compte dans la strat\u00e9gie. Il va sans dire que l'excellence commerciale et le mod\u00e8le EFQM sont \u00e9galement ancr\u00e9s dans la nouvelle strat\u00e9gie et qu'un d\u00e9ploiement plus pouss\u00e9 au sein du groupe est recherch\u00e9.<\/p>\n<p><strong>Selon vous, qu'est-ce qui est essentiel dans le mod\u00e8le EFQM ?<\/strong><\/p>\n<p>&nbsp;<\/p>\n<p>Le mod\u00e8le EFQM est un mod\u00e8le parfait pour les entreprises de toute taille. Cependant, il est tentant de se perfectionner au maximum en interne et, ce faisant, la vue externe, c'est-\u00e0-dire le client, peut \u00eatre rel\u00e9gu\u00e9e au second plan. La formulation des concepts de base d'Excellence 2013 a encore \u00e9t\u00e9 am\u00e9lior\u00e9e.<\/p>\n<p><strong>Poser sa candidature pour le prix 2014, est-ce un probl\u00e8me pour vous ?<\/strong><\/p>\n<p>&nbsp;<\/p>\n<p>Nous posons notre candidature pour le prix Esprix 2014. Nous proc\u00e9dons \u00e0 une \u00e9valuation interne annuelle et \u00e9valuons tous les crit\u00e8res. Personnellement, j'ai l'impression que cette \u00e9valuation est un peu trop g\u00e9n\u00e9reuse. Les r\u00e9sultats r\u00e9v\u00e9leront la v\u00e9rit\u00e9. Cependant, cela n'a pour moi qu'une importance secondaire. L'essentiel est l'analyse d\u00e9taill\u00e9e par une \u00e9quipe d'experts et la mise en \u00e9vidence impitoyable des possibilit\u00e9s d'am\u00e9lioration. C'est notre volont\u00e9 de devenir encore meilleurs.<\/p>\n<p><strong>Alors vous ne voulez pas du tout gagner le prix Esprix 2014 ?<\/strong><\/p>\n<p>&nbsp;<\/p>\n<p>Bien s\u00fbr, nous aimerions remporter \u00e0 nouveau le prix Esprix 2014 apr\u00e8s 2002. Ce serait un excellent bilan pour tous les employ\u00e9s de Schurter AG. Apr\u00e8s tout, ils sont la cl\u00e9 de la r\u00e9ussite d'une entreprise.<\/p>\n<p><strong>O\u00f9 voyez-vous un potentiel suppl\u00e9mentaire dans l'entreprise ?<\/strong><\/p>\n<p>&nbsp;<\/p>\n<p>Notre pr\u00e9sence sur le march\u00e9 doit \u00eatre am\u00e9lior\u00e9e afin que le client connaisse toute la gamme des comp\u00e9tences du groupe Schurter et que nous puissions b\u00e9n\u00e9ficier du potentiel de ventes crois\u00e9es. Le th\u00e8me de l'excellence des entreprises sera \u00e0 nouveau mis en avant avec notre participation au Prix 2014. En raison de l'\u00e9volution du march\u00e9 au cours des trois derni\u00e8res ann\u00e9es, cela n'a pas toujours \u00e9t\u00e9 pleinement perceptible.<\/p>\n<p><strong>Que recommandez-vous aux entreprises qui participent \u00e0 ESPRIX pour la premi\u00e8re fois ?<\/strong><\/p>\n<p>&nbsp;<\/p>\n<p>Fondamentalement, je ne pense pas qu'il y ait de diff\u00e9rence entre les entreprises qui participent pour la premi\u00e8re fois et celles qui ont d\u00e9j\u00e0 particip\u00e9 plusieurs fois. Le th\u00e8me de l'excellence commerciale doit \u00eatre internalis\u00e9 dans l'entreprise et soutenu par la direction g\u00e9n\u00e9rale. Ma recommandation :<\/p>\n<ol>\n<li>L'excellence dans les affaires est un mode de vie et ne peut \u00eatre jou\u00e9.<\/li>\n<li>Mise en \u0153uvre coh\u00e9rente des mesures d'am\u00e9lioration et examen de leur efficacit\u00e9.\u00a0<\/li>\n<li>L'excellence en affaires n'est pas une punition ; faites-le avec joie et avec c\u0153ur.<\/li>\n<\/ol>\n<p><strong>Comment l'excellence des entreprises est-elle communiqu\u00e9e \u00e0 la main-d'\u0153uvre ?<\/strong><\/p>\n<p>&nbsp;<\/p>\n<p>L'excellence en affaires n'est pas enseign\u00e9e \u00e0 nos employ\u00e9s, elle est v\u00e9cue. Les nouveaux employ\u00e9s re\u00e7oivent un plan d'int\u00e9gration d\u00e9taill\u00e9 et une introduction approfondie au monde de l'excellence en affaires.<\/p>\n<p><strong>Schurter aime \u00eatre per\u00e7u comme une entreprise mod\u00e8le en termes d'excellence commerciale. Comment faire face \u00e0 cette situation ?<\/strong><\/p>\n<p>&nbsp;<\/p>\n<p>Mon pr\u00e9d\u00e9cesseur, Anton Lauber, a introduit la culture de l'excellence en affaires dans l'entreprise et a jou\u00e9 un r\u00f4le cl\u00e9 dans sa formation. Je consid\u00e8re qu'il est de mon devoir de maintenir cette culture. C'est un engagement envers le mod\u00e8le EFQM. Bien s\u00fbr, la perception externe ne co\u00efncide pas toujours avec la perception interne. C'est pourquoi j'attache une grande importance \u00e0 souligner explicitement, lors du recrutement de nouveaux sp\u00e9cialistes, que nous sommes \u00e9galement expos\u00e9s aux vents violents de la concurrence.<\/p>\n<p><strong>Quelle est la diff\u00e9rence avec une entreprise qui ne travaille pas avec le mod\u00e8le EFQM ?<\/strong><\/p>\n<p>&nbsp;<\/p>\n<p>Je suis souvent confront\u00e9 \u00e0 cette question. La r\u00e9ponse est simple : nous mesurons ce que nous faisons, nous en tirons des mesures pour nous am\u00e9liorer encore, et nous mesurons \u00e0 nouveau l'efficacit\u00e9 des mesures. Nous suivons cette philosophie de mani\u00e8re coh\u00e9rente et continue. En outre, toutes les parties prenantes, y compris la responsabilit\u00e9 sociale, sont prises en compte.<\/p>\n<p><strong>Quel r\u00f4le jouent les employ\u00e9s ?<\/strong><\/p>\n<p>&nbsp;<\/p>\n<p>Ils sont la cl\u00e9 du succ\u00e8s, fa\u00e7onnent notre culture d'entreprise au quotidien et sont motiv\u00e9s pour l'int\u00e9rioriser \u00e0 l'occasion des ateliers culturels. Dans ce contexte, je suis extr\u00eamement fier que nous ayons obtenu la 3e et la 2e place du Prix suisse de l'employeur au cours des trois derni\u00e8res ann\u00e9es. C'est \u00e9galement un signe de la confiance de nos employ\u00e9s dans l'entreprise.<\/p>\n<p><strong>Qu'est-ce qui se cache derri\u00e8re cet engagement fort ?<\/strong><\/p>\n<p>&nbsp;<\/p>\n<p>Il y a diff\u00e9rents aspects derri\u00e8re une telle r\u00e9ussite. De mon point de vue, la grande continuit\u00e9 dans la direction g\u00e9n\u00e9rale joue un r\u00f4le cl\u00e9. En outre, les employ\u00e9s re\u00e7oivent beaucoup d'informations de premi\u00e8re main, c'est-\u00e0-dire directement de moi, le PDG. Un autre \u00e9l\u00e9ment cl\u00e9 est que, en tant que PDG, je connais tous les gens et je leur parle r\u00e9guli\u00e8rement. De cette fa\u00e7on, en plus des projets de vacances et des histoires de famille, j'apprends aussi \u00e0 conna\u00eetre les pr\u00e9occupations personnelles ainsi que les faiblesses per\u00e7ues qui peuvent \u00eatre facilement \u00e9limin\u00e9es.<\/p>\n<p><strong>Imaginez que vous remportez le prix Esprix. Que feriez-vous ?<\/strong><\/p>\n<p>&nbsp;<\/p>\n<p>Je suis heureux de vous remercier tous et de m'attaquer au potentiel d'am\u00e9lioration.<\/p>\n<p><strong>Comment l'excellence en affaires vous accompagnera-t-elle \u00e0 l'avenir ?<\/strong><\/p>\n<p>&nbsp;<\/p>\n<p>Nous continuerons \u00e0 suivre ce mod\u00e8le \u00e0 l'avenir et \u00e0 renforcer l'expansion mondiale des soci\u00e9t\u00e9s de notre groupe. La soci\u00e9t\u00e9 Schurter AG continuera \u00e0 suivre la philosophie des meilleures pratiques dans les ann\u00e9es \u00e0 venir. Vous voyez donc que nous ne sommes pas pr\u00e8s de manquer de travail en ce qui concerne l'excellente organisation.<\/p>","protected":false},"excerpt":{"rendered":"<p>&nbsp; &nbsp; &nbsp; Sie sind seit 4 Jahren CEO der Schurter AG. Wie erleben Sie Business Excellence heute? &nbsp; Da ich bereits vor 9 Jahren in die Schurter AG eingetreten bin, war ich mit der Thematik Business Excellence bestens vertraut. Als global t\u00e4tiges Unternehmen ver\u00e4ndert sich die Elektronikindustrie rasant, dabei ist ein wichtiges Augenmerk darauf [&hellip;]<\/p>\n","protected":false},"author":66,"featured_media":12977,"comment_status":"closed","ping_status":"closed","sticky":false,"template":"","format":"standard","meta":{"_acf_changed":false,"footnotes":""},"categories":[5],"tags":[4821],"class_list":["post-12975","post","type-post","status-publish","format-standard","has-post-thumbnail","hentry","category-business_excellence","tag-esprix-2013"],"acf":[],"yoast_head":"<!-- This site is optimized with the Yoast SEO plugin v26.2 - https:\/\/yoast.com\/wordpress\/plugins\/seo\/ -->\n<title>Zur\u00fcck zu den Wurzeln - MQ Management und Qualit\u00e4t<\/title>\n<meta name=\"description\" content=\"Die SCHURTER AG geh\u00f6rt zu den ESPRIXPionieren. Bereits 1999 geh\u00f6rte sie zu den ersten Preistr\u00e4gern und 2002 wurde sie ESPRIX AwardWinner. Immer wieder machte die F\u00fchrung klar: F\u00fcr die Firma gibt es keine Alternative zu EFQM. Jetzt \u00fcberrascht sie mit der Ank\u00fcndigung, 2014 wieder am ESPRIX teilnehmen zu wollen. MQ sprach dar\u00fcber mit CEO Ralph M\u00fcller\" \/>\n<meta name=\"robots\" content=\"index, follow, max-snippet:-1, max-image-preview:large, max-video-preview:-1\" \/>\n<link rel=\"canonical\" href=\"https:\/\/www.m-q.ch\/fr\/retour-aux-sources\/\" \/>\n<meta property=\"og:locale\" content=\"fr_FR\" \/>\n<meta property=\"og:type\" content=\"article\" \/>\n<meta property=\"og:title\" content=\"Zur\u00fcck zu den Wurzeln - MQ Management und Qualit\u00e4t\" \/>\n<meta property=\"og:description\" content=\"Die SCHURTER AG geh\u00f6rt zu den ESPRIXPionieren. Bereits 1999 geh\u00f6rte sie zu den ersten Preistr\u00e4gern und 2002 wurde sie ESPRIX AwardWinner. Immer wieder machte die F\u00fchrung klar: F\u00fcr die Firma gibt es keine Alternative zu EFQM. Jetzt \u00fcberrascht sie mit der Ank\u00fcndigung, 2014 wieder am ESPRIX teilnehmen zu wollen. MQ sprach dar\u00fcber mit CEO Ralph M\u00fcller\" \/>\n<meta property=\"og:url\" content=\"https:\/\/www.m-q.ch\/fr\/retour-aux-sources\/\" \/>\n<meta property=\"og:site_name\" content=\"MQ Management und Qualit\u00e4t\" \/>\n<meta property=\"article:publisher\" content=\"https:\/\/www.facebook.com\/ManagementUndQualitaet\" \/>\n<meta property=\"article:published_time\" content=\"2013-12-18T08:09:18+00:00\" \/>\n<meta property=\"article:modified_time\" content=\"2021-02-19T08:20:29+00:00\" \/>\n<meta property=\"og:image\" content=\"https:\/\/www.m-q.ch\/wp-content\/uploads\/2021\/02\/Zurueck-zu-den-Wurzeln.jpg\" \/>\n\t<meta property=\"og:image:width\" content=\"834\" \/>\n\t<meta property=\"og:image:height\" content=\"1487\" \/>\n\t<meta property=\"og:image:type\" content=\"image\/jpeg\" \/>\n<meta name=\"author\" content=\"upwork_1\" \/>\n<meta name=\"twitter:card\" content=\"summary_large_image\" \/>\n<meta name=\"twitter:label1\" content=\"\u00c9crit par\" \/>\n\t<meta name=\"twitter:data1\" content=\"upwork_1\" \/>\n\t<meta name=\"twitter:label2\" content=\"Dur\u00e9e de lecture estim\u00e9e\" \/>\n\t<meta name=\"twitter:data2\" content=\"6 minutes\" \/>\n<script type=\"application\/ld+json\" class=\"yoast-schema-graph\">{\"@context\":\"https:\/\/schema.org\",\"@graph\":[{\"@type\":\"Article\",\"@id\":\"https:\/\/www.m-q.ch\/zurueck-zu-den-wurzeln\/#article\",\"isPartOf\":{\"@id\":\"https:\/\/www.m-q.ch\/zurueck-zu-den-wurzeln\/\"},\"author\":{\"name\":\"upwork_1\",\"@id\":\"https:\/\/www.m-q.ch\/fr\/#\/schema\/person\/0bdf39ca27d0b9b779f5b8af54b3f7d7\"},\"headline\":\"Zur\u00fcck zu den Wurzeln\",\"datePublished\":\"2013-12-18T08:09:18+00:00\",\"dateModified\":\"2021-02-19T08:20:29+00:00\",\"mainEntityOfPage\":{\"@id\":\"https:\/\/www.m-q.ch\/zurueck-zu-den-wurzeln\/\"},\"wordCount\":1147,\"publisher\":{\"@id\":\"https:\/\/www.m-q.ch\/fr\/#organization\"},\"image\":{\"@id\":\"https:\/\/www.m-q.ch\/zurueck-zu-den-wurzeln\/#primaryimage\"},\"thumbnailUrl\":\"https:\/\/www.m-q.ch\/wp-content\/uploads\/2021\/02\/Zurueck-zu-den-Wurzeln.jpg\",\"keywords\":[\"ESPRIX 2013\"],\"articleSection\":[\"Business Excellence\"],\"inLanguage\":\"fr-FR\"},{\"@type\":\"WebPage\",\"@id\":\"https:\/\/www.m-q.ch\/zurueck-zu-den-wurzeln\/\",\"url\":\"https:\/\/www.m-q.ch\/zurueck-zu-den-wurzeln\/\",\"name\":\"Zur\u00fcck zu den Wurzeln - MQ Management und Qualit\u00e4t\",\"isPartOf\":{\"@id\":\"https:\/\/www.m-q.ch\/fr\/#website\"},\"primaryImageOfPage\":{\"@id\":\"https:\/\/www.m-q.ch\/zurueck-zu-den-wurzeln\/#primaryimage\"},\"image\":{\"@id\":\"https:\/\/www.m-q.ch\/zurueck-zu-den-wurzeln\/#primaryimage\"},\"thumbnailUrl\":\"https:\/\/www.m-q.ch\/wp-content\/uploads\/2021\/02\/Zurueck-zu-den-Wurzeln.jpg\",\"datePublished\":\"2013-12-18T08:09:18+00:00\",\"dateModified\":\"2021-02-19T08:20:29+00:00\",\"description\":\"Die SCHURTER AG geh\u00f6rt zu den ESPRIXPionieren. Bereits 1999 geh\u00f6rte sie zu den ersten Preistr\u00e4gern und 2002 wurde sie ESPRIX AwardWinner. Immer wieder machte die F\u00fchrung klar: F\u00fcr die Firma gibt es keine Alternative zu EFQM. Jetzt \u00fcberrascht sie mit der Ank\u00fcndigung, 2014 wieder am ESPRIX teilnehmen zu wollen. MQ sprach dar\u00fcber mit CEO Ralph M\u00fcller\",\"breadcrumb\":{\"@id\":\"https:\/\/www.m-q.ch\/zurueck-zu-den-wurzeln\/#breadcrumb\"},\"inLanguage\":\"fr-FR\",\"potentialAction\":[{\"@type\":\"ReadAction\",\"target\":[\"https:\/\/www.m-q.ch\/zurueck-zu-den-wurzeln\/\"]}]},{\"@type\":\"ImageObject\",\"inLanguage\":\"fr-FR\",\"@id\":\"https:\/\/www.m-q.ch\/zurueck-zu-den-wurzeln\/#primaryimage\",\"url\":\"https:\/\/www.m-q.ch\/wp-content\/uploads\/2021\/02\/Zurueck-zu-den-Wurzeln.jpg\",\"contentUrl\":\"https:\/\/www.m-q.ch\/wp-content\/uploads\/2021\/02\/Zurueck-zu-den-Wurzeln.jpg\",\"width\":834,\"height\":1487,\"caption\":\"Zur\u00fcck zu den Wurzeln\"},{\"@type\":\"BreadcrumbList\",\"@id\":\"https:\/\/www.m-q.ch\/zurueck-zu-den-wurzeln\/#breadcrumb\",\"itemListElement\":[{\"@type\":\"ListItem\",\"position\":1,\"name\":\"Business Excellence\",\"item\":\"https:\/\/www.m-q.ch\/kategorie\/business_excellence\/\"},{\"@type\":\"ListItem\",\"position\":2,\"name\":\"Zur\u00fcck zu den Wurzeln\"}]},{\"@type\":\"WebSite\",\"@id\":\"https:\/\/www.m-q.ch\/fr\/#website\",\"url\":\"https:\/\/www.m-q.ch\/fr\/\",\"name\":\"MQ Management und Qualit\u00e4t\",\"description\":\"Plattform f\u00fcr integrierte Managementsysteme.\",\"publisher\":{\"@id\":\"https:\/\/www.m-q.ch\/fr\/#organization\"},\"potentialAction\":[{\"@type\":\"SearchAction\",\"target\":{\"@type\":\"EntryPoint\",\"urlTemplate\":\"https:\/\/www.m-q.ch\/fr\/?s={search_term_string}\"},\"query-input\":{\"@type\":\"PropertyValueSpecification\",\"valueRequired\":true,\"valueName\":\"search_term_string\"}}],\"inLanguage\":\"fr-FR\"},{\"@type\":\"Organization\",\"@id\":\"https:\/\/www.m-q.ch\/fr\/#organization\",\"name\":\"Galledia Fachmedien AG\",\"url\":\"https:\/\/www.m-q.ch\/fr\/\",\"logo\":{\"@type\":\"ImageObject\",\"inLanguage\":\"fr-FR\",\"@id\":\"https:\/\/www.m-q.ch\/fr\/#\/schema\/logo\/image\/\",\"url\":\"https:\/\/www.m-q.ch\/wp-content\/uploads\/2020\/12\/cropped-logo_small.png\",\"contentUrl\":\"https:\/\/www.m-q.ch\/wp-content\/uploads\/2020\/12\/cropped-logo_small.png\",\"width\":512,\"height\":512,\"caption\":\"Galledia Fachmedien AG\"},\"image\":{\"@id\":\"https:\/\/www.m-q.ch\/fr\/#\/schema\/logo\/image\/\"},\"sameAs\":[\"https:\/\/www.facebook.com\/ManagementUndQualitaet\",\"https:\/\/www.linkedin.com\/showcase\/17982321\/admin\/\"]},{\"@type\":\"Person\",\"@id\":\"https:\/\/www.m-q.ch\/fr\/#\/schema\/person\/0bdf39ca27d0b9b779f5b8af54b3f7d7\",\"name\":\"upwork_1\",\"image\":{\"@type\":\"ImageObject\",\"inLanguage\":\"fr-FR\",\"@id\":\"https:\/\/www.m-q.ch\/fr\/#\/schema\/person\/image\/\",\"url\":\"https:\/\/secure.gravatar.com\/avatar\/04d4d0fdc5886d535809f17d0eace7f6?s=96&d=mm&r=g\",\"contentUrl\":\"https:\/\/secure.gravatar.com\/avatar\/04d4d0fdc5886d535809f17d0eace7f6?s=96&d=mm&r=g\",\"caption\":\"upwork_1\"},\"url\":\"https:\/\/www.m-q.ch\/fr\/author\/upwork_1\/\"}]}<\/script>\n<!-- \/ Yoast SEO plugin. -->","yoast_head_json":{"title":"Retour aux sources - Gestion et qualit\u00e9 du QM","description":"SCHURTER AG est l'un des pionniers d'ESPRIX. D\u00e8s 1999, il a \u00e9t\u00e9 l'un des premiers laur\u00e9ats, et en 2002, il est devenu laur\u00e9at du prix ESPRIX. \u00c0 maintes reprises, la direction a clairement indiqu\u00e9 qu'il n'y avait pas d'alternative \u00e0 l'EFQM pour l'entreprise. Elle nous a maintenant surpris en annon\u00e7ant son intention de participer \u00e0 nouveau \u00e0 l'ESPRIX en 2014. MQ en a parl\u00e9 avec le PDG Ralph M\u00fcller","robots":{"index":"index","follow":"follow","max-snippet":"max-snippet:-1","max-image-preview":"max-image-preview:large","max-video-preview":"max-video-preview:-1"},"canonical":"https:\/\/www.m-q.ch\/fr\/retour-aux-sources\/","og_locale":"fr_FR","og_type":"article","og_title":"Zur\u00fcck zu den Wurzeln - MQ Management und Qualit\u00e4t","og_description":"Die SCHURTER AG geh\u00f6rt zu den ESPRIXPionieren. Bereits 1999 geh\u00f6rte sie zu den ersten Preistr\u00e4gern und 2002 wurde sie ESPRIX AwardWinner. Immer wieder machte die F\u00fchrung klar: F\u00fcr die Firma gibt es keine Alternative zu EFQM. Jetzt \u00fcberrascht sie mit der Ank\u00fcndigung, 2014 wieder am ESPRIX teilnehmen zu wollen. MQ sprach dar\u00fcber mit CEO Ralph M\u00fcller","og_url":"https:\/\/www.m-q.ch\/fr\/retour-aux-sources\/","og_site_name":"MQ Management und Qualit\u00e4t","article_publisher":"https:\/\/www.facebook.com\/ManagementUndQualitaet","article_published_time":"2013-12-18T08:09:18+00:00","article_modified_time":"2021-02-19T08:20:29+00:00","og_image":[{"width":834,"height":1487,"url":"https:\/\/www.m-q.ch\/wp-content\/uploads\/2021\/02\/Zurueck-zu-den-Wurzeln.jpg","type":"image\/jpeg"}],"author":"upwork_1","twitter_card":"summary_large_image","twitter_misc":{"\u00c9crit par":"upwork_1","Dur\u00e9e de lecture estim\u00e9e":"6 minutes"},"schema":{"@context":"https:\/\/schema.org","@graph":[{"@type":"Article","@id":"https:\/\/www.m-q.ch\/zurueck-zu-den-wurzeln\/#article","isPartOf":{"@id":"https:\/\/www.m-q.ch\/zurueck-zu-den-wurzeln\/"},"author":{"name":"upwork_1","@id":"https:\/\/www.m-q.ch\/fr\/#\/schema\/person\/0bdf39ca27d0b9b779f5b8af54b3f7d7"},"headline":"Zur\u00fcck zu den Wurzeln","datePublished":"2013-12-18T08:09:18+00:00","dateModified":"2021-02-19T08:20:29+00:00","mainEntityOfPage":{"@id":"https:\/\/www.m-q.ch\/zurueck-zu-den-wurzeln\/"},"wordCount":1147,"publisher":{"@id":"https:\/\/www.m-q.ch\/fr\/#organization"},"image":{"@id":"https:\/\/www.m-q.ch\/zurueck-zu-den-wurzeln\/#primaryimage"},"thumbnailUrl":"https:\/\/www.m-q.ch\/wp-content\/uploads\/2021\/02\/Zurueck-zu-den-Wurzeln.jpg","keywords":["ESPRIX 2013"],"articleSection":["Business Excellence"],"inLanguage":"fr-FR"},{"@type":"WebPage","@id":"https:\/\/www.m-q.ch\/zurueck-zu-den-wurzeln\/","url":"https:\/\/www.m-q.ch\/zurueck-zu-den-wurzeln\/","name":"Retour aux sources - Gestion et qualit\u00e9 du QM","isPartOf":{"@id":"https:\/\/www.m-q.ch\/fr\/#website"},"primaryImageOfPage":{"@id":"https:\/\/www.m-q.ch\/zurueck-zu-den-wurzeln\/#primaryimage"},"image":{"@id":"https:\/\/www.m-q.ch\/zurueck-zu-den-wurzeln\/#primaryimage"},"thumbnailUrl":"https:\/\/www.m-q.ch\/wp-content\/uploads\/2021\/02\/Zurueck-zu-den-Wurzeln.jpg","datePublished":"2013-12-18T08:09:18+00:00","dateModified":"2021-02-19T08:20:29+00:00","description":"SCHURTER AG est l'un des pionniers d'ESPRIX. D\u00e8s 1999, il a \u00e9t\u00e9 l'un des premiers laur\u00e9ats, et en 2002, il est devenu laur\u00e9at du prix ESPRIX. \u00c0 maintes reprises, la direction a clairement indiqu\u00e9 qu'il n'y avait pas d'alternative \u00e0 l'EFQM pour l'entreprise. Elle nous a maintenant surpris en annon\u00e7ant son intention de participer \u00e0 nouveau \u00e0 l'ESPRIX en 2014. MQ en a parl\u00e9 avec le PDG Ralph M\u00fcller","breadcrumb":{"@id":"https:\/\/www.m-q.ch\/zurueck-zu-den-wurzeln\/#breadcrumb"},"inLanguage":"fr-FR","potentialAction":[{"@type":"ReadAction","target":["https:\/\/www.m-q.ch\/zurueck-zu-den-wurzeln\/"]}]},{"@type":"ImageObject","inLanguage":"fr-FR","@id":"https:\/\/www.m-q.ch\/zurueck-zu-den-wurzeln\/#primaryimage","url":"https:\/\/www.m-q.ch\/wp-content\/uploads\/2021\/02\/Zurueck-zu-den-Wurzeln.jpg","contentUrl":"https:\/\/www.m-q.ch\/wp-content\/uploads\/2021\/02\/Zurueck-zu-den-Wurzeln.jpg","width":834,"height":1487,"caption":"Zur\u00fcck zu den Wurzeln"},{"@type":"BreadcrumbList","@id":"https:\/\/www.m-q.ch\/zurueck-zu-den-wurzeln\/#breadcrumb","itemListElement":[{"@type":"ListItem","position":1,"name":"Business Excellence","item":"https:\/\/www.m-q.ch\/kategorie\/business_excellence\/"},{"@type":"ListItem","position":2,"name":"Zur\u00fcck zu den Wurzeln"}]},{"@type":"WebSite","@id":"https:\/\/www.m-q.ch\/fr\/#website","url":"https:\/\/www.m-q.ch\/fr\/","name":"Gestion et qualit\u00e9 du QM","description":"Plate-forme pour les syst\u00e8mes de gestion int\u00e9gr\u00e9e.","publisher":{"@id":"https:\/\/www.m-q.ch\/fr\/#organization"},"potentialAction":[{"@type":"SearchAction","target":{"@type":"EntryPoint","urlTemplate":"https:\/\/www.m-q.ch\/fr\/?s={search_term_string}"},"query-input":{"@type":"PropertyValueSpecification","valueRequired":true,"valueName":"search_term_string"}}],"inLanguage":"fr-FR"},{"@type":"Organization","@id":"https:\/\/www.m-q.ch\/fr\/#organization","name":"Galledia Trade Media AG","url":"https:\/\/www.m-q.ch\/fr\/","logo":{"@type":"ImageObject","inLanguage":"fr-FR","@id":"https:\/\/www.m-q.ch\/fr\/#\/schema\/logo\/image\/","url":"https:\/\/www.m-q.ch\/wp-content\/uploads\/2020\/12\/cropped-logo_small.png","contentUrl":"https:\/\/www.m-q.ch\/wp-content\/uploads\/2020\/12\/cropped-logo_small.png","width":512,"height":512,"caption":"Galledia Fachmedien AG"},"image":{"@id":"https:\/\/www.m-q.ch\/fr\/#\/schema\/logo\/image\/"},"sameAs":["https:\/\/www.facebook.com\/ManagementUndQualitaet","https:\/\/www.linkedin.com\/showcase\/17982321\/admin\/"]},{"@type":"Person","@id":"https:\/\/www.m-q.ch\/fr\/#\/schema\/person\/0bdf39ca27d0b9b779f5b8af54b3f7d7","name":"upwork_1","image":{"@type":"ImageObject","inLanguage":"fr-FR","@id":"https:\/\/www.m-q.ch\/fr\/#\/schema\/person\/image\/","url":"https:\/\/secure.gravatar.com\/avatar\/04d4d0fdc5886d535809f17d0eace7f6?s=96&d=mm&r=g","contentUrl":"https:\/\/secure.gravatar.com\/avatar\/04d4d0fdc5886d535809f17d0eace7f6?s=96&d=mm&r=g","caption":"upwork_1"},"url":"https:\/\/www.m-q.ch\/fr\/author\/upwork_1\/"}]}},"_links":{"self":[{"href":"https:\/\/www.m-q.ch\/fr\/wp-json\/wp\/v2\/posts\/12975","targetHints":{"allow":["GET"]}}],"collection":[{"href":"https:\/\/www.m-q.ch\/fr\/wp-json\/wp\/v2\/posts"}],"about":[{"href":"https:\/\/www.m-q.ch\/fr\/wp-json\/wp\/v2\/types\/post"}],"author":[{"embeddable":true,"href":"https:\/\/www.m-q.ch\/fr\/wp-json\/wp\/v2\/users\/66"}],"replies":[{"embeddable":true,"href":"https:\/\/www.m-q.ch\/fr\/wp-json\/wp\/v2\/comments?post=12975"}],"version-history":[{"count":1,"href":"https:\/\/www.m-q.ch\/fr\/wp-json\/wp\/v2\/posts\/12975\/revisions"}],"predecessor-version":[{"id":12979,"href":"https:\/\/www.m-q.ch\/fr\/wp-json\/wp\/v2\/posts\/12975\/revisions\/12979"}],"wp:featuredmedia":[{"embeddable":true,"href":"https:\/\/www.m-q.ch\/fr\/wp-json\/wp\/v2\/media\/12977"}],"wp:attachment":[{"href":"https:\/\/www.m-q.ch\/fr\/wp-json\/wp\/v2\/media?parent=12975"}],"wp:term":[{"taxonomy":"category","embeddable":true,"href":"https:\/\/www.m-q.ch\/fr\/wp-json\/wp\/v2\/categories?post=12975"},{"taxonomy":"post_tag","embeddable":true,"href":"https:\/\/www.m-q.ch\/fr\/wp-json\/wp\/v2\/tags?post=12975"}],"curies":[{"name":"wp","href":"https:\/\/api.w.org\/{rel}","templated":true}]}}