{"id":12999,"date":"2021-02-22T08:08:33","date_gmt":"2021-02-22T07:08:33","guid":{"rendered":"https:\/\/www.m-q.ch\/?p=12999"},"modified":"2021-02-19T15:13:58","modified_gmt":"2021-02-19T14:13:58","slug":"le-parc-dinnovation-cree-de-grands-avantages-economiques","status":"publish","type":"post","link":"https:\/\/www.m-q.ch\/fr\/innovationspark-schafft-grossen-volkswirtschaftlichen-nutzen\/","title":{"rendered":"Le parc d'innovation cr\u00e9e des avantages \u00e9conomiques majeurs"},"content":{"rendered":"<figure id=\"attachment_13000\" aria-describedby=\"caption-attachment-13000\" style=\"width: 719px\" class=\"wp-caption aligncenter\"><img loading=\"lazy\" decoding=\"async\" class=\"wp-image-13000 size-full\" src=\"https:\/\/www.m-q.ch\/wp-content\/uploads\/2021\/02\/Duebi.jpg\" alt=\"Parc d&#039;innovation de Zurich\" width=\"719\" height=\"429\" srcset=\"https:\/\/www.m-q.ch\/wp-content\/uploads\/2021\/02\/Duebi.jpg 719w, https:\/\/www.m-q.ch\/wp-content\/uploads\/2021\/02\/Duebi-16x10.jpg 16w, https:\/\/www.m-q.ch\/wp-content\/uploads\/2021\/02\/Duebi-293x175.jpg 293w, https:\/\/www.m-q.ch\/wp-content\/uploads\/2021\/02\/Duebi-587x350.jpg 587w, https:\/\/www.m-q.ch\/wp-content\/uploads\/2021\/02\/Duebi-300x179.jpg 300w\" sizes=\"auto, (max-width: 719px) 100vw, 719px\" \/><figcaption id=\"caption-attachment-13000\" class=\"wp-caption-text\">Photo : zVg<\/figcaption><\/figure>\n<p>Avec le <a href=\"http:\/\/www.switzerland-innovation.com\/zurich\/de\">Parc d'innovation<\/a> Plus de 10 000 emplois seront cr\u00e9\u00e9s sur le site de l'a\u00e9rodrome de D\u00fcbendorf. L'effet \u00e9conomique pour le canton de Zurich est estim\u00e9 \u00e0 environ 2,4 milliards de francs par an. C'est le r\u00e9sultat d'une \u00e9tude de l'Institut suisse de recherche \u00e9conomique <a href=\"http:\/\/www.bak-economics.com\/startseite\">BAK \u00c9conomique<\/a>au nom de la Fondation du Parc d'innovation de Zurich.<\/p>\n<p>Le D\u00e9partement de l'\u00e9conomie du canton s'est montr\u00e9 satisfait des r\u00e9sultats. Selon l'\u00e9tude, le parc d'innovation de Zurich permettra d'exploiter encore mieux le potentiel de recherche et d'innovation existant. La coop\u00e9ration accrue pr\u00e9vue entre les entreprises et les instituts de recherche en particulier pourrait devenir un avantage majeur pour la ville de Zurich, dit-elle.\u00a0<\/p>\n<p><strong>Renforcer la place \u00e9conomique de Zurich<\/strong><\/p>\n<p>Gr\u00e2ce \u00e0 la valeur ajout\u00e9e susmentionn\u00e9e et aux nombreux nouveaux emplois, le parc d'innovation renforcera consid\u00e9rablement le site \u00e9conomique de Zurich. Carmen Walker Sp\u00e4h, directrice des affaires \u00e9conomiques, se sent confirm\u00e9e par les r\u00e9sultats positifs de l'\u00e9tude : \"La force d'innovation est la cl\u00e9 de la croissance et de la prosp\u00e9rit\u00e9 dans notre canton. Le parc d'innovation y contribue de mani\u00e8re significative. C'est pourquoi nous restons \u00e0 l'\u00e9coute et poursuivons les travaux sur l'a\u00e9rodrome de D\u00fcbendorf avec tous les partenaires concern\u00e9s\".<\/p>\n<p>Un groupe de travail travaille actuellement \u00e0 un rapport de synth\u00e8se sur l'ensemble du site de l'a\u00e9rodrome au nom du conseil gouvernemental. Il sera disponible au printemps et servira de base \u00e0 la poursuite de la transformation du site, selon un communiqu\u00e9 de presse du D\u00e9partement cantonal de l'\u00e9conomie. <em>(rs)<\/em><\/p>\n<p>&nbsp;<\/p>","protected":false},"excerpt":{"rendered":"<p>Mit dem Innovationspark auf dem Areal des Flugplatzes D\u00fcbendorf entstehen \u00fcber 10\u2019000 Arbeitspl\u00e4tze. Der volkswirtschaftliche Effekt f\u00fcr den Kanton Z\u00fcrich wird mit j\u00e4hrlich rund 2,4 Milliarden Franken beziffert. Dies geht aus einer Studie des Schweizer Instituts f\u00fcr Wirtschaftsforschung BAK Economics im Auftrag der Stiftung Innovationspark Z\u00fcrich hervor. Erfreut \u00fcber die Ergebnisse zeigte sich die Volkswirtschaftsdirektion [&hellip;]<\/p>\n","protected":false},"author":35,"featured_media":13000,"comment_status":"closed","ping_status":"closed","sticky":false,"template":"","format":"standard","meta":{"_acf_changed":false,"footnotes":""},"categories":[4448],"tags":[4823,4822,4824,3362],"class_list":["post-12999","post","type-post","status-publish","format-standard","has-post-thumbnail","hentry","category-allgemein","tag-flugplatz-duebendorf","tag-innovationspark","tag-innovationspark-zuerich","tag-studie"],"acf":[],"yoast_head":"<!-- This site is optimized with the Yoast SEO plugin v26.2 - https:\/\/yoast.com\/wordpress\/plugins\/seo\/ -->\n<title>Innovationspark schafft grossen volkswirtschaftlichen Nutzen - MQ Management und Qualit\u00e4t<\/title>\n<meta name=\"description\" content=\"Auf dem Areal des Flugplatzes D\u00fcbendorf entsteht zurzeit der Innovationspark Z\u00fcrich. Eine Studie hat nun erstmals die volkswirtschaftliche Bedeutung des Parks f\u00fcr den Standort Z\u00fcrich und die Schweiz untersucht.\" \/>\n<meta name=\"robots\" content=\"index, follow, max-snippet:-1, max-image-preview:large, max-video-preview:-1\" \/>\n<link rel=\"canonical\" href=\"https:\/\/www.m-q.ch\/fr\/le-parc-dinnovation-cree-de-grands-avantages-economiques\/\" \/>\n<meta property=\"og:locale\" content=\"fr_FR\" \/>\n<meta property=\"og:type\" content=\"article\" \/>\n<meta property=\"og:title\" content=\"Innovationspark schafft grossen volkswirtschaftlichen Nutzen - MQ Management und Qualit\u00e4t\" \/>\n<meta property=\"og:description\" content=\"Auf dem Areal des Flugplatzes D\u00fcbendorf entsteht zurzeit der Innovationspark Z\u00fcrich. Eine Studie hat nun erstmals die volkswirtschaftliche Bedeutung des Parks f\u00fcr den Standort Z\u00fcrich und die Schweiz untersucht.\" \/>\n<meta property=\"og:url\" content=\"https:\/\/www.m-q.ch\/fr\/le-parc-dinnovation-cree-de-grands-avantages-economiques\/\" \/>\n<meta property=\"og:site_name\" content=\"MQ Management und Qualit\u00e4t\" \/>\n<meta property=\"article:publisher\" content=\"https:\/\/www.facebook.com\/ManagementUndQualitaet\" \/>\n<meta property=\"article:published_time\" content=\"2021-02-22T07:08:33+00:00\" \/>\n<meta property=\"og:image\" content=\"https:\/\/www.m-q.ch\/wp-content\/uploads\/2021\/02\/Duebi.jpg\" \/>\n\t<meta property=\"og:image:width\" content=\"719\" \/>\n\t<meta property=\"og:image:height\" content=\"429\" \/>\n\t<meta property=\"og:image:type\" content=\"image\/jpeg\" \/>\n<meta name=\"author\" content=\"Roger Str\u00e4ssle\" \/>\n<meta name=\"twitter:card\" content=\"summary_large_image\" \/>\n<meta name=\"twitter:label1\" content=\"\u00c9crit par\" \/>\n\t<meta name=\"twitter:data1\" content=\"Roger Str\u00e4ssle\" \/>\n\t<meta name=\"twitter:label2\" content=\"Dur\u00e9e de lecture estim\u00e9e\" \/>\n\t<meta name=\"twitter:data2\" content=\"1 minute\" \/>\n<script type=\"application\/ld+json\" class=\"yoast-schema-graph\">{\"@context\":\"https:\/\/schema.org\",\"@graph\":[{\"@type\":\"Article\",\"@id\":\"https:\/\/www.m-q.ch\/innovationspark-schafft-grossen-volkswirtschaftlichen-nutzen\/#article\",\"isPartOf\":{\"@id\":\"https:\/\/www.m-q.ch\/innovationspark-schafft-grossen-volkswirtschaftlichen-nutzen\/\"},\"author\":{\"name\":\"Roger Str\u00e4ssle\",\"@id\":\"https:\/\/www.m-q.ch\/fr\/#\/schema\/person\/47d540e081acd98ccbeb69b55df653d7\"},\"headline\":\"Innovationspark schafft grossen volkswirtschaftlichen Nutzen\",\"datePublished\":\"2021-02-22T07:08:33+00:00\",\"mainEntityOfPage\":{\"@id\":\"https:\/\/www.m-q.ch\/innovationspark-schafft-grossen-volkswirtschaftlichen-nutzen\/\"},\"wordCount\":241,\"publisher\":{\"@id\":\"https:\/\/www.m-q.ch\/fr\/#organization\"},\"image\":{\"@id\":\"https:\/\/www.m-q.ch\/innovationspark-schafft-grossen-volkswirtschaftlichen-nutzen\/#primaryimage\"},\"thumbnailUrl\":\"https:\/\/www.m-q.ch\/wp-content\/uploads\/2021\/02\/Duebi.jpg\",\"keywords\":[\"Flugplatz D\u00fcbendorf\",\"Innovationspark\",\"Innovationspark Z\u00fcrich\",\"Studie\"],\"articleSection\":[\"Allgemein\"],\"inLanguage\":\"fr-FR\"},{\"@type\":\"WebPage\",\"@id\":\"https:\/\/www.m-q.ch\/innovationspark-schafft-grossen-volkswirtschaftlichen-nutzen\/\",\"url\":\"https:\/\/www.m-q.ch\/innovationspark-schafft-grossen-volkswirtschaftlichen-nutzen\/\",\"name\":\"Innovationspark schafft grossen volkswirtschaftlichen Nutzen - MQ Management und Qualit\u00e4t\",\"isPartOf\":{\"@id\":\"https:\/\/www.m-q.ch\/fr\/#website\"},\"primaryImageOfPage\":{\"@id\":\"https:\/\/www.m-q.ch\/innovationspark-schafft-grossen-volkswirtschaftlichen-nutzen\/#primaryimage\"},\"image\":{\"@id\":\"https:\/\/www.m-q.ch\/innovationspark-schafft-grossen-volkswirtschaftlichen-nutzen\/#primaryimage\"},\"thumbnailUrl\":\"https:\/\/www.m-q.ch\/wp-content\/uploads\/2021\/02\/Duebi.jpg\",\"datePublished\":\"2021-02-22T07:08:33+00:00\",\"description\":\"Auf dem Areal des Flugplatzes D\u00fcbendorf entsteht zurzeit der Innovationspark Z\u00fcrich. Eine Studie hat nun erstmals die volkswirtschaftliche Bedeutung des Parks f\u00fcr den Standort Z\u00fcrich und die Schweiz untersucht.\",\"breadcrumb\":{\"@id\":\"https:\/\/www.m-q.ch\/innovationspark-schafft-grossen-volkswirtschaftlichen-nutzen\/#breadcrumb\"},\"inLanguage\":\"fr-FR\",\"potentialAction\":[{\"@type\":\"ReadAction\",\"target\":[\"https:\/\/www.m-q.ch\/innovationspark-schafft-grossen-volkswirtschaftlichen-nutzen\/\"]}]},{\"@type\":\"ImageObject\",\"inLanguage\":\"fr-FR\",\"@id\":\"https:\/\/www.m-q.ch\/innovationspark-schafft-grossen-volkswirtschaftlichen-nutzen\/#primaryimage\",\"url\":\"https:\/\/www.m-q.ch\/wp-content\/uploads\/2021\/02\/Duebi.jpg\",\"contentUrl\":\"https:\/\/www.m-q.ch\/wp-content\/uploads\/2021\/02\/Duebi.jpg\",\"width\":719,\"height\":429,\"caption\":\"Bild: zVg\"},{\"@type\":\"BreadcrumbList\",\"@id\":\"https:\/\/www.m-q.ch\/innovationspark-schafft-grossen-volkswirtschaftlichen-nutzen\/#breadcrumb\",\"itemListElement\":[{\"@type\":\"ListItem\",\"position\":1,\"name\":\"Allgemein\",\"item\":\"https:\/\/www.m-q.ch\/kategorie\/allgemein\/\"},{\"@type\":\"ListItem\",\"position\":2,\"name\":\"Innovationspark schafft grossen volkswirtschaftlichen Nutzen\"}]},{\"@type\":\"WebSite\",\"@id\":\"https:\/\/www.m-q.ch\/fr\/#website\",\"url\":\"https:\/\/www.m-q.ch\/fr\/\",\"name\":\"MQ Management und Qualit\u00e4t\",\"description\":\"Plattform f\u00fcr integrierte Managementsysteme.\",\"publisher\":{\"@id\":\"https:\/\/www.m-q.ch\/fr\/#organization\"},\"potentialAction\":[{\"@type\":\"SearchAction\",\"target\":{\"@type\":\"EntryPoint\",\"urlTemplate\":\"https:\/\/www.m-q.ch\/fr\/?s={search_term_string}\"},\"query-input\":{\"@type\":\"PropertyValueSpecification\",\"valueRequired\":true,\"valueName\":\"search_term_string\"}}],\"inLanguage\":\"fr-FR\"},{\"@type\":\"Organization\",\"@id\":\"https:\/\/www.m-q.ch\/fr\/#organization\",\"name\":\"Galledia Fachmedien AG\",\"url\":\"https:\/\/www.m-q.ch\/fr\/\",\"logo\":{\"@type\":\"ImageObject\",\"inLanguage\":\"fr-FR\",\"@id\":\"https:\/\/www.m-q.ch\/fr\/#\/schema\/logo\/image\/\",\"url\":\"https:\/\/www.m-q.ch\/wp-content\/uploads\/2020\/12\/cropped-logo_small.png\",\"contentUrl\":\"https:\/\/www.m-q.ch\/wp-content\/uploads\/2020\/12\/cropped-logo_small.png\",\"width\":512,\"height\":512,\"caption\":\"Galledia Fachmedien AG\"},\"image\":{\"@id\":\"https:\/\/www.m-q.ch\/fr\/#\/schema\/logo\/image\/\"},\"sameAs\":[\"https:\/\/www.facebook.com\/ManagementUndQualitaet\",\"https:\/\/www.linkedin.com\/showcase\/17982321\/admin\/\"]},{\"@type\":\"Person\",\"@id\":\"https:\/\/www.m-q.ch\/fr\/#\/schema\/person\/47d540e081acd98ccbeb69b55df653d7\",\"name\":\"Roger Str\u00e4ssle\",\"image\":{\"@type\":\"ImageObject\",\"inLanguage\":\"fr-FR\",\"@id\":\"https:\/\/www.m-q.ch\/fr\/#\/schema\/person\/image\/\",\"url\":\"https:\/\/secure.gravatar.com\/avatar\/e4dde3046d8a184d2e2d27651a418883?s=96&d=mm&r=g\",\"contentUrl\":\"https:\/\/secure.gravatar.com\/avatar\/e4dde3046d8a184d2e2d27651a418883?s=96&d=mm&r=g\",\"caption\":\"Roger Str\u00e4ssle\"},\"url\":\"https:\/\/www.m-q.ch\/fr\/author\/roger-straessle\/\"}]}<\/script>\n<!-- \/ Yoast SEO plugin. -->","yoast_head_json":{"title":"Le parc d'innovation cr\u00e9e des avantages \u00e9conomiques majeurs - MQ Management und Qualit\u00e4t","description":"Le parc d'innovation de Zurich est actuellement en construction sur le site de l'a\u00e9rodrome de D\u00fcbendorf. Pour la premi\u00e8re fois, une \u00e9tude a examin\u00e9 l'importance \u00e9conomique du parc pour Zurich et la Suisse en tant que site \u00e9conomique.","robots":{"index":"index","follow":"follow","max-snippet":"max-snippet:-1","max-image-preview":"max-image-preview:large","max-video-preview":"max-video-preview:-1"},"canonical":"https:\/\/www.m-q.ch\/fr\/le-parc-dinnovation-cree-de-grands-avantages-economiques\/","og_locale":"fr_FR","og_type":"article","og_title":"Innovationspark schafft grossen volkswirtschaftlichen Nutzen - MQ Management und Qualit\u00e4t","og_description":"Auf dem Areal des Flugplatzes D\u00fcbendorf entsteht zurzeit der Innovationspark Z\u00fcrich. Eine Studie hat nun erstmals die volkswirtschaftliche Bedeutung des Parks f\u00fcr den Standort Z\u00fcrich und die Schweiz untersucht.","og_url":"https:\/\/www.m-q.ch\/fr\/le-parc-dinnovation-cree-de-grands-avantages-economiques\/","og_site_name":"MQ Management und Qualit\u00e4t","article_publisher":"https:\/\/www.facebook.com\/ManagementUndQualitaet","article_published_time":"2021-02-22T07:08:33+00:00","og_image":[{"width":719,"height":429,"url":"https:\/\/www.m-q.ch\/wp-content\/uploads\/2021\/02\/Duebi.jpg","type":"image\/jpeg"}],"author":"Roger Str\u00e4ssle","twitter_card":"summary_large_image","twitter_misc":{"\u00c9crit par":"Roger Str\u00e4ssle","Dur\u00e9e de lecture estim\u00e9e":"1 minute"},"schema":{"@context":"https:\/\/schema.org","@graph":[{"@type":"Article","@id":"https:\/\/www.m-q.ch\/innovationspark-schafft-grossen-volkswirtschaftlichen-nutzen\/#article","isPartOf":{"@id":"https:\/\/www.m-q.ch\/innovationspark-schafft-grossen-volkswirtschaftlichen-nutzen\/"},"author":{"name":"Roger Str\u00e4ssle","@id":"https:\/\/www.m-q.ch\/fr\/#\/schema\/person\/47d540e081acd98ccbeb69b55df653d7"},"headline":"Innovationspark schafft grossen volkswirtschaftlichen Nutzen","datePublished":"2021-02-22T07:08:33+00:00","mainEntityOfPage":{"@id":"https:\/\/www.m-q.ch\/innovationspark-schafft-grossen-volkswirtschaftlichen-nutzen\/"},"wordCount":241,"publisher":{"@id":"https:\/\/www.m-q.ch\/fr\/#organization"},"image":{"@id":"https:\/\/www.m-q.ch\/innovationspark-schafft-grossen-volkswirtschaftlichen-nutzen\/#primaryimage"},"thumbnailUrl":"https:\/\/www.m-q.ch\/wp-content\/uploads\/2021\/02\/Duebi.jpg","keywords":["Flugplatz D\u00fcbendorf","Innovationspark","Innovationspark Z\u00fcrich","Studie"],"articleSection":["Allgemein"],"inLanguage":"fr-FR"},{"@type":"WebPage","@id":"https:\/\/www.m-q.ch\/innovationspark-schafft-grossen-volkswirtschaftlichen-nutzen\/","url":"https:\/\/www.m-q.ch\/innovationspark-schafft-grossen-volkswirtschaftlichen-nutzen\/","name":"Le parc d'innovation cr\u00e9e des avantages \u00e9conomiques majeurs - MQ Management und Qualit\u00e4t","isPartOf":{"@id":"https:\/\/www.m-q.ch\/fr\/#website"},"primaryImageOfPage":{"@id":"https:\/\/www.m-q.ch\/innovationspark-schafft-grossen-volkswirtschaftlichen-nutzen\/#primaryimage"},"image":{"@id":"https:\/\/www.m-q.ch\/innovationspark-schafft-grossen-volkswirtschaftlichen-nutzen\/#primaryimage"},"thumbnailUrl":"https:\/\/www.m-q.ch\/wp-content\/uploads\/2021\/02\/Duebi.jpg","datePublished":"2021-02-22T07:08:33+00:00","description":"Le parc d'innovation de Zurich est actuellement en construction sur le site de l'a\u00e9rodrome de D\u00fcbendorf. Pour la premi\u00e8re fois, une \u00e9tude a examin\u00e9 l'importance \u00e9conomique du parc pour Zurich et la Suisse en tant que site \u00e9conomique.","breadcrumb":{"@id":"https:\/\/www.m-q.ch\/innovationspark-schafft-grossen-volkswirtschaftlichen-nutzen\/#breadcrumb"},"inLanguage":"fr-FR","potentialAction":[{"@type":"ReadAction","target":["https:\/\/www.m-q.ch\/innovationspark-schafft-grossen-volkswirtschaftlichen-nutzen\/"]}]},{"@type":"ImageObject","inLanguage":"fr-FR","@id":"https:\/\/www.m-q.ch\/innovationspark-schafft-grossen-volkswirtschaftlichen-nutzen\/#primaryimage","url":"https:\/\/www.m-q.ch\/wp-content\/uploads\/2021\/02\/Duebi.jpg","contentUrl":"https:\/\/www.m-q.ch\/wp-content\/uploads\/2021\/02\/Duebi.jpg","width":719,"height":429,"caption":"Bild: zVg"},{"@type":"BreadcrumbList","@id":"https:\/\/www.m-q.ch\/innovationspark-schafft-grossen-volkswirtschaftlichen-nutzen\/#breadcrumb","itemListElement":[{"@type":"ListItem","position":1,"name":"Allgemein","item":"https:\/\/www.m-q.ch\/kategorie\/allgemein\/"},{"@type":"ListItem","position":2,"name":"Innovationspark schafft grossen volkswirtschaftlichen Nutzen"}]},{"@type":"WebSite","@id":"https:\/\/www.m-q.ch\/fr\/#website","url":"https:\/\/www.m-q.ch\/fr\/","name":"Gestion et qualit\u00e9 du QM","description":"Plate-forme pour les syst\u00e8mes de gestion int\u00e9gr\u00e9e.","publisher":{"@id":"https:\/\/www.m-q.ch\/fr\/#organization"},"potentialAction":[{"@type":"SearchAction","target":{"@type":"EntryPoint","urlTemplate":"https:\/\/www.m-q.ch\/fr\/?s={search_term_string}"},"query-input":{"@type":"PropertyValueSpecification","valueRequired":true,"valueName":"search_term_string"}}],"inLanguage":"fr-FR"},{"@type":"Organization","@id":"https:\/\/www.m-q.ch\/fr\/#organization","name":"Galledia Trade Media AG","url":"https:\/\/www.m-q.ch\/fr\/","logo":{"@type":"ImageObject","inLanguage":"fr-FR","@id":"https:\/\/www.m-q.ch\/fr\/#\/schema\/logo\/image\/","url":"https:\/\/www.m-q.ch\/wp-content\/uploads\/2020\/12\/cropped-logo_small.png","contentUrl":"https:\/\/www.m-q.ch\/wp-content\/uploads\/2020\/12\/cropped-logo_small.png","width":512,"height":512,"caption":"Galledia Fachmedien AG"},"image":{"@id":"https:\/\/www.m-q.ch\/fr\/#\/schema\/logo\/image\/"},"sameAs":["https:\/\/www.facebook.com\/ManagementUndQualitaet","https:\/\/www.linkedin.com\/showcase\/17982321\/admin\/"]},{"@type":"Person","@id":"https:\/\/www.m-q.ch\/fr\/#\/schema\/person\/47d540e081acd98ccbeb69b55df653d7","name":"Roger Str\u00e4ssle","image":{"@type":"ImageObject","inLanguage":"fr-FR","@id":"https:\/\/www.m-q.ch\/fr\/#\/schema\/person\/image\/","url":"https:\/\/secure.gravatar.com\/avatar\/e4dde3046d8a184d2e2d27651a418883?s=96&d=mm&r=g","contentUrl":"https:\/\/secure.gravatar.com\/avatar\/e4dde3046d8a184d2e2d27651a418883?s=96&d=mm&r=g","caption":"Roger Str\u00e4ssle"},"url":"https:\/\/www.m-q.ch\/fr\/author\/roger-straessle\/"}]}},"_links":{"self":[{"href":"https:\/\/www.m-q.ch\/fr\/wp-json\/wp\/v2\/posts\/12999","targetHints":{"allow":["GET"]}}],"collection":[{"href":"https:\/\/www.m-q.ch\/fr\/wp-json\/wp\/v2\/posts"}],"about":[{"href":"https:\/\/www.m-q.ch\/fr\/wp-json\/wp\/v2\/types\/post"}],"author":[{"embeddable":true,"href":"https:\/\/www.m-q.ch\/fr\/wp-json\/wp\/v2\/users\/35"}],"replies":[{"embeddable":true,"href":"https:\/\/www.m-q.ch\/fr\/wp-json\/wp\/v2\/comments?post=12999"}],"version-history":[{"count":1,"href":"https:\/\/www.m-q.ch\/fr\/wp-json\/wp\/v2\/posts\/12999\/revisions"}],"predecessor-version":[{"id":13001,"href":"https:\/\/www.m-q.ch\/fr\/wp-json\/wp\/v2\/posts\/12999\/revisions\/13001"}],"wp:featuredmedia":[{"embeddable":true,"href":"https:\/\/www.m-q.ch\/fr\/wp-json\/wp\/v2\/media\/13000"}],"wp:attachment":[{"href":"https:\/\/www.m-q.ch\/fr\/wp-json\/wp\/v2\/media?parent=12999"}],"wp:term":[{"taxonomy":"category","embeddable":true,"href":"https:\/\/www.m-q.ch\/fr\/wp-json\/wp\/v2\/categories?post=12999"},{"taxonomy":"post_tag","embeddable":true,"href":"https:\/\/www.m-q.ch\/fr\/wp-json\/wp\/v2\/tags?post=12999"}],"curies":[{"name":"wp","href":"https:\/\/api.w.org\/{rel}","templated":true}]}}