{"id":13108,"date":"2021-03-08T10:58:14","date_gmt":"2021-03-08T09:58:14","guid":{"rendered":"https:\/\/www.m-q.ch\/?p=13108"},"modified":"2021-03-11T10:50:00","modified_gmt":"2021-03-11T09:50:00","slug":"covid-19-protection-contre-les-infections-grace-a-la-technique-de-ventilation-et-de-purification-de-lair","status":"publish","type":"post","link":"https:\/\/www.m-q.ch\/fr\/covid-19-infektionsschutz-durch-lueftungs-und-luftreinigungstechnik\/","title":{"rendered":"Covid-19 : Protection contre les infections gr\u00e2ce aux techniques de ventilation et de purification de l'air"},"content":{"rendered":"<figure id=\"attachment_13125\" aria-describedby=\"caption-attachment-13125\" style=\"width: 999px\" class=\"wp-caption aligncenter\"><img loading=\"lazy\" decoding=\"async\" class=\"size-full wp-image-13125\" src=\"https:\/\/www.m-q.ch\/wp-content\/uploads\/2021\/03\/Depositphotos_191194836_s-2019.jpg\" alt=\"\" width=\"999\" height=\"667\" srcset=\"https:\/\/www.m-q.ch\/wp-content\/uploads\/2021\/03\/Depositphotos_191194836_s-2019.jpg 999w, https:\/\/www.m-q.ch\/wp-content\/uploads\/2021\/03\/Depositphotos_191194836_s-2019-768x513.jpg 768w, https:\/\/www.m-q.ch\/wp-content\/uploads\/2021\/03\/Depositphotos_191194836_s-2019-16x12.jpg 16w, https:\/\/www.m-q.ch\/wp-content\/uploads\/2021\/03\/Depositphotos_191194836_s-2019-262x175.jpg 262w, https:\/\/www.m-q.ch\/wp-content\/uploads\/2021\/03\/Depositphotos_191194836_s-2019-524x350.jpg 524w, https:\/\/www.m-q.ch\/wp-content\/uploads\/2021\/03\/Depositphotos_191194836_s-2019-920x614.jpg 920w, https:\/\/www.m-q.ch\/wp-content\/uploads\/2021\/03\/Depositphotos_191194836_s-2019-300x200.jpg 300w\" sizes=\"auto, (max-width: 999px) 100vw, 999px\" \/><figcaption id=\"caption-attachment-13125\" class=\"wp-caption-text\">\u00a9 Depositphotos, gorgev<\/figcaption><\/figure>\n<p>Une constatation d\u00e9cisive est que seuls les syst\u00e8mes de ventilation m\u00e9canique assurent un \u00e9change d'air garanti toute l'ann\u00e9e et, s'ils sont suffisamment dimensionn\u00e9s, r\u00e9duisent consid\u00e9rablement le risque d'infection. Les chocs et la ventilation transversale par les fen\u00eatres sont dans la plupart des cas \u00e9nerg\u00e9tiquement moins favorables et le bien-\u00eatre des personnes pr\u00e9sentes dans la pi\u00e8ce s'en trouve souvent restreint. Une protection contre l'infection comparable \u00e0 celle des syst\u00e8mes de ventilation m\u00e9canique bien dimensionn\u00e9s ne peut \u00eatre obtenue que sur la base d'hypoth\u00e8ses id\u00e9ales qui s'appliquent rarement dans la pratique. Si seule une ventilation d'impact et une ventilation transversale sont possibles, des unit\u00e9s de purification d'air secondaire correctement dimensionn\u00e9es r\u00e9duisent consid\u00e9rablement le risque d'infection dans les pi\u00e8ces et conviennent donc comme mesure suppl\u00e9mentaire.<\/p>\n<p>Ce sont les conclusions de la VDMA General Air Technology Association dans la fiche d'information \"<a href=\"http:\/\/klt.vdma.org\/documents\/105879\/0\/Raumlufttechnische%20Anlagen%20in%20Zeiten%20von%20COVID-19%20Bewertung%20des%20Infektionsrisikos%20durch%20aerosolgebundene%20Viren%20%20%20bei%20unterschiedlichen%20L\u00fcftungs-%20und%20Luftreinigungsverfahren%20in%20R\u00e4umen\/b38f01f1-a0ee-5f98-f883-30792985fcbb?t=940651.7\">Syst\u00e8mes d'air int\u00e9rieur \u00e0 l'\u00e9poque de COVID-19 - \u00c9valuation du risque d'infection par des virus li\u00e9s aux a\u00e9rosols avec diff\u00e9rentes m\u00e9thodes de ventilation et de nettoyage de l'air dans les pi\u00e8ces<\/a>\". Cette publication est un r\u00e9sum\u00e9 de l'\u00e9tude \"Estimation du risque d'infection par des virus transmis par a\u00e9rosol dans les locaux ventil\u00e9s\". Cette \u00e9tude compare le risque d'infection de diff\u00e9rents environnements int\u00e9rieurs et \u00e9value diff\u00e9rentes mesures de ventilation et de purification de l'air en tenant compte du port d'un couvre-bouche (MNB).\u00a0<\/p>\n<p>En g\u00e9n\u00e9ral, tant l'\u00e9tude que son r\u00e9sum\u00e9 dans la fiche d'information du VDMA \u00e9valuent exclusivement les infections caus\u00e9es par des particules d'a\u00e9rosol via les voies respiratoires. L'\u00e9tude a \u00e9t\u00e9 r\u00e9alis\u00e9e en coop\u00e9ration avec les instituts suivants :<\/p>\n<p>- Institut pour l'efficacit\u00e9 \u00e9nerg\u00e9tique des b\u00e2timents et le climat int\u00e9rieur (EBC), Universit\u00e9 RWTH d'Aix-la-Chapelle<br \/>\n- Institut de m\u00e9decine du travail, sociale et environnementale, Universit\u00e9 RWTH d'Aix-la-Chapelle<br \/>\n- IBO Innenraumanalytik OG, Vienne<br \/>\n- Heinz Trox Wissenschafts gGmbH, Aix-la-Chapelle<\/p>\n<p><strong>Brochure d'information sur la ventilation correcte des locaux<\/strong><\/p>\n<p>Les concepts de r\u00e9ouverture des salles de r\u00e9union, par exemple, ne peuvent \u00eatre judicieusement mis en \u0153uvre qu'avec une ventilation adapt\u00e9e \u00e0 la lutte contre les infections. Un guide \u00e0 ce sujet est fourni dans la publication de l'association professionnelle VDMA \"<a href=\"http:\/\/klt.vdma.org\/documents\/105879\/0\/Raumlufttechnische%20Anlagen%20in%20Zeiten%20von%20COVID-19%20-%20Anforderungen%20an%20L\u00fcftung%20und%20Luftreinigung%20zur%20Reduktion%20%20des%20Infektionsrisikos%20\u00fcber%20den%20Luftweg%20\u2013%20AHA%20+%20L\u00fcftung\/c2f1eebb-114c-63de-37d8-532a76eb6edb?t=121539.77\">Syst\u00e8mes de ventilation en p\u00e9riode de COVID-19 - Exigences en mati\u00e8re de ventilation et de purification de l'air pour r\u00e9duire le risque d'infection par les voies respiratoires - AHA + Ventilation<\/a>\".  Le document d'information d\u00e9crit une proc\u00e9dure qui d\u00e9finit les exigences en mati\u00e8re de ventilation de contr\u00f4le des infections sur la base de normes europ\u00e9ennes et qui permet d'\u00e9valuer les pi\u00e8ces individuellement.\u00a0<\/p>\n<p>\nDans une salle de s\u00e9minaire, par exemple, le niveau d'activit\u00e9 est faible car les personnes pr\u00e9sentes respirent normalement et ne parlent qu'occasionnellement. Toutefois, les installations ayant un degr\u00e9 d'activit\u00e9 plus \u00e9lev\u00e9 sont \u00e9galement \u00e9valu\u00e9es. Il s'agit, par exemple, de restaurants, de studios de fitness ou de th\u00e9\u00e2tres. Dans ces salles, la majorit\u00e9 des personnes pr\u00e9sentes parlent et sont \u00e9galement actives physiquement, de sorte que la respiration se fait \u00e0 une fr\u00e9quence accrue.\u00a0<\/p>\n<p>La proc\u00e9dure de calcul et d'\u00e9valuation, associ\u00e9e \u00e0 des mesures appropri\u00e9es de lutte contre l'infection visant \u00e0 r\u00e9duire la charge virale dans l'air int\u00e9rieur, pourrait \u00e0 l'avenir emp\u00eacher la fermeture g\u00e9n\u00e9rale des locaux techniques et des b\u00e2timents de secteurs \u00e9conomiques entiers - \u00e0 condition que les r\u00e8gles de l'AHA soient respect\u00e9es et que la densit\u00e9 d'occupation soit adapt\u00e9e.<\/p>\n<p>Cette publication est bas\u00e9e sur le rapport de situation 52 de l'Association allemande pour le climat de la construction (Fachverband Geb\u00e4ude-Klima e.V.), qui a \u00e9t\u00e9 publi\u00e9 au d\u00e9but du mois de f\u00e9vrier. (FGK). Le FGK et la General Air Technology Association de la VDMA apportent l'expertise de leurs membres pour s'adresser aux politiciens et au public. Ils offrent des bases de d\u00e9cision pour des strat\u00e9gies d'ouverture flexibles ou diff\u00e9renci\u00e9es, respectivement, toujours \u00e0 condition que les mesures prises et les techniques utilis\u00e9es soient manifestement adapt\u00e9es pour maintenir le risque d'infection \u00e0 un faible niveau.\u00a0<\/p>\n<p><em>De plus amples informations du VDMA sur le sujet du Covid-19 sont disponibles \u00e0 l'adresse suivante <a href=\"http:\/\/www.vdma.org\/corona\">ici<\/a>.<\/em><\/p>\n<p><em>Vous trouverez plus d'informations sur la page \"Nouvelle norme pour les ventilateurs Covid <a href=\"http:\/\/www.m-q.ch\/fr\/nouvelle-norme-pour-les-respirateurs-covid\/\">ici<\/a>.\u00a0<\/em><\/p>","protected":false},"excerpt":{"rendered":"<p>Eine entscheidende Erkenntnis lautet, dass ausschliesslich maschinelle L\u00fcftungsanlagen f\u00fcr einen ganzj\u00e4hrig garantierten Luftaustausch sorgen und bei ausreichender Dimensionierung das Infektionsrisiko erheblich reduzieren. Stoss- und Querl\u00fcftung \u00fcber Fenster sind in den meisten F\u00e4llen energetisch ung\u00fcnstiger und auch das Wohlbefinden der Menschen im Raum wird dadurch oftmals eingeschr\u00e4nkt. Ein vergleichbarer Infektionsschutz wie bei gut dimensionierten maschinellen L\u00fcftungsanlagen [&hellip;]<\/p>\n","protected":false},"author":35,"featured_media":13125,"comment_status":"closed","ping_status":"closed","sticky":false,"template":"","format":"standard","meta":{"_acf_changed":false,"footnotes":""},"categories":[4],"tags":[4832,4831,4834,4833],"class_list":["post-13108","post","type-post","status-publish","format-standard","has-post-thumbnail","hentry","category-risikomanagement","tag-infektionsschutz","tag-lueftungs-und-luftreinigungstechnik","tag-vdma-fachverband-allgemeine-lufttechnik","tag-virushaltiger-aerosole"],"acf":[],"yoast_head":"<!-- This site is optimized with the Yoast SEO plugin v26.2 - https:\/\/yoast.com\/wordpress\/plugins\/seo\/ -->\n<title>Covid-19: Infektionsschutz durch L\u00fcftungs- und Luftreinigungstechnik - MQ Management und Qualit\u00e4t<\/title>\n<meta name=\"description\" content=\"Die richtige L\u00fcftungs- und Luftreinigungstechnik kann einen erheblichen Beitrag zum Infektionsschutz leisten. Denn: Der Haupt\u00fcbertragungsweg von Covid-19 ist das Einatmen virushaltiger Aerosole ist, die eine infekti\u00f6se Person in die Luft abgegeben hat. Die Infektionsrisiken sind dabei stark von der Versorgung des Raumes mit \u00abvirusfreier\u00bb Luft und der Anzahl und Aktivit\u00e4t anwesender Menschen abh\u00e4ngig.\" \/>\n<meta name=\"robots\" content=\"index, follow, max-snippet:-1, max-image-preview:large, max-video-preview:-1\" \/>\n<link rel=\"canonical\" href=\"https:\/\/www.m-q.ch\/fr\/covid-19-protection-contre-les-infections-grace-a-la-technique-de-ventilation-et-de-purification-de-lair\/\" \/>\n<meta property=\"og:locale\" content=\"fr_FR\" \/>\n<meta property=\"og:type\" content=\"article\" \/>\n<meta property=\"og:title\" content=\"Covid-19: Infektionsschutz durch L\u00fcftungs- und Luftreinigungstechnik - MQ Management und Qualit\u00e4t\" \/>\n<meta property=\"og:description\" content=\"Die richtige L\u00fcftungs- und Luftreinigungstechnik kann einen erheblichen Beitrag zum Infektionsschutz leisten. Denn: Der Haupt\u00fcbertragungsweg von Covid-19 ist das Einatmen virushaltiger Aerosole ist, die eine infekti\u00f6se Person in die Luft abgegeben hat. Die Infektionsrisiken sind dabei stark von der Versorgung des Raumes mit \u00abvirusfreier\u00bb Luft und der Anzahl und Aktivit\u00e4t anwesender Menschen abh\u00e4ngig.\" \/>\n<meta property=\"og:url\" content=\"https:\/\/www.m-q.ch\/fr\/covid-19-protection-contre-les-infections-grace-a-la-technique-de-ventilation-et-de-purification-de-lair\/\" \/>\n<meta property=\"og:site_name\" content=\"MQ Management und Qualit\u00e4t\" \/>\n<meta property=\"article:publisher\" content=\"https:\/\/www.facebook.com\/ManagementUndQualitaet\" \/>\n<meta property=\"article:published_time\" content=\"2021-03-08T09:58:14+00:00\" \/>\n<meta property=\"article:modified_time\" content=\"2021-03-11T09:50:00+00:00\" \/>\n<meta property=\"og:image\" content=\"https:\/\/www.m-q.ch\/wp-content\/uploads\/2021\/03\/Depositphotos_191194836_s-2019.jpg\" \/>\n\t<meta property=\"og:image:width\" content=\"999\" \/>\n\t<meta property=\"og:image:height\" content=\"667\" \/>\n\t<meta property=\"og:image:type\" content=\"image\/jpeg\" \/>\n<meta name=\"author\" content=\"Roger Str\u00e4ssle\" \/>\n<meta name=\"twitter:card\" content=\"summary_large_image\" \/>\n<meta name=\"twitter:label1\" content=\"\u00c9crit par\" \/>\n\t<meta name=\"twitter:data1\" content=\"Roger Str\u00e4ssle\" \/>\n\t<meta name=\"twitter:label2\" content=\"Dur\u00e9e de lecture estim\u00e9e\" \/>\n\t<meta name=\"twitter:data2\" content=\"3 minutes\" \/>\n<script type=\"application\/ld+json\" class=\"yoast-schema-graph\">{\"@context\":\"https:\/\/schema.org\",\"@graph\":[{\"@type\":\"Article\",\"@id\":\"https:\/\/www.m-q.ch\/covid-19-infektionsschutz-durch-lueftungs-und-luftreinigungstechnik\/#article\",\"isPartOf\":{\"@id\":\"https:\/\/www.m-q.ch\/covid-19-infektionsschutz-durch-lueftungs-und-luftreinigungstechnik\/\"},\"author\":{\"name\":\"Roger Str\u00e4ssle\",\"@id\":\"https:\/\/www.m-q.ch\/fr\/#\/schema\/person\/47d540e081acd98ccbeb69b55df653d7\"},\"headline\":\"Covid-19: Infektionsschutz durch L\u00fcftungs- und Luftreinigungstechnik\",\"datePublished\":\"2021-03-08T09:58:14+00:00\",\"dateModified\":\"2021-03-11T09:50:00+00:00\",\"mainEntityOfPage\":{\"@id\":\"https:\/\/www.m-q.ch\/covid-19-infektionsschutz-durch-lueftungs-und-luftreinigungstechnik\/\"},\"wordCount\":533,\"publisher\":{\"@id\":\"https:\/\/www.m-q.ch\/fr\/#organization\"},\"image\":{\"@id\":\"https:\/\/www.m-q.ch\/covid-19-infektionsschutz-durch-lueftungs-und-luftreinigungstechnik\/#primaryimage\"},\"thumbnailUrl\":\"https:\/\/www.m-q.ch\/wp-content\/uploads\/2021\/03\/Depositphotos_191194836_s-2019.jpg\",\"keywords\":[\"Infektionsschutz\",\"L\u00fcftungs- und Luftreinigungstechnik\",\"VDMA-Fachverband Allgemeine Lufttechnik\",\"virushaltiger Aerosole\"],\"articleSection\":[\"Risikomanagement\"],\"inLanguage\":\"fr-FR\"},{\"@type\":\"WebPage\",\"@id\":\"https:\/\/www.m-q.ch\/covid-19-infektionsschutz-durch-lueftungs-und-luftreinigungstechnik\/\",\"url\":\"https:\/\/www.m-q.ch\/covid-19-infektionsschutz-durch-lueftungs-und-luftreinigungstechnik\/\",\"name\":\"Covid-19: Infektionsschutz durch L\u00fcftungs- und Luftreinigungstechnik - MQ Management und Qualit\u00e4t\",\"isPartOf\":{\"@id\":\"https:\/\/www.m-q.ch\/fr\/#website\"},\"primaryImageOfPage\":{\"@id\":\"https:\/\/www.m-q.ch\/covid-19-infektionsschutz-durch-lueftungs-und-luftreinigungstechnik\/#primaryimage\"},\"image\":{\"@id\":\"https:\/\/www.m-q.ch\/covid-19-infektionsschutz-durch-lueftungs-und-luftreinigungstechnik\/#primaryimage\"},\"thumbnailUrl\":\"https:\/\/www.m-q.ch\/wp-content\/uploads\/2021\/03\/Depositphotos_191194836_s-2019.jpg\",\"datePublished\":\"2021-03-08T09:58:14+00:00\",\"dateModified\":\"2021-03-11T09:50:00+00:00\",\"description\":\"Die richtige L\u00fcftungs- und Luftreinigungstechnik kann einen erheblichen Beitrag zum Infektionsschutz leisten. Denn: Der Haupt\u00fcbertragungsweg von Covid-19 ist das Einatmen virushaltiger Aerosole ist, die eine infekti\u00f6se Person in die Luft abgegeben hat. Die Infektionsrisiken sind dabei stark von der Versorgung des Raumes mit \u00abvirusfreier\u00bb Luft und der Anzahl und Aktivit\u00e4t anwesender Menschen abh\u00e4ngig.\",\"breadcrumb\":{\"@id\":\"https:\/\/www.m-q.ch\/covid-19-infektionsschutz-durch-lueftungs-und-luftreinigungstechnik\/#breadcrumb\"},\"inLanguage\":\"fr-FR\",\"potentialAction\":[{\"@type\":\"ReadAction\",\"target\":[\"https:\/\/www.m-q.ch\/covid-19-infektionsschutz-durch-lueftungs-und-luftreinigungstechnik\/\"]}]},{\"@type\":\"ImageObject\",\"inLanguage\":\"fr-FR\",\"@id\":\"https:\/\/www.m-q.ch\/covid-19-infektionsschutz-durch-lueftungs-und-luftreinigungstechnik\/#primaryimage\",\"url\":\"https:\/\/www.m-q.ch\/wp-content\/uploads\/2021\/03\/Depositphotos_191194836_s-2019.jpg\",\"contentUrl\":\"https:\/\/www.m-q.ch\/wp-content\/uploads\/2021\/03\/Depositphotos_191194836_s-2019.jpg\",\"width\":999,\"height\":667,\"caption\":\"\u00a9 Depositphotos, gorgev\"},{\"@type\":\"BreadcrumbList\",\"@id\":\"https:\/\/www.m-q.ch\/covid-19-infektionsschutz-durch-lueftungs-und-luftreinigungstechnik\/#breadcrumb\",\"itemListElement\":[{\"@type\":\"ListItem\",\"position\":1,\"name\":\"Risikomanagement\",\"item\":\"https:\/\/www.m-q.ch\/kategorie\/risikomanagement\/\"},{\"@type\":\"ListItem\",\"position\":2,\"name\":\"Covid-19: Infektionsschutz durch L\u00fcftungs- und Luftreinigungstechnik\"}]},{\"@type\":\"WebSite\",\"@id\":\"https:\/\/www.m-q.ch\/fr\/#website\",\"url\":\"https:\/\/www.m-q.ch\/fr\/\",\"name\":\"MQ Management und Qualit\u00e4t\",\"description\":\"Plattform f\u00fcr integrierte Managementsysteme.\",\"publisher\":{\"@id\":\"https:\/\/www.m-q.ch\/fr\/#organization\"},\"potentialAction\":[{\"@type\":\"SearchAction\",\"target\":{\"@type\":\"EntryPoint\",\"urlTemplate\":\"https:\/\/www.m-q.ch\/fr\/?s={search_term_string}\"},\"query-input\":{\"@type\":\"PropertyValueSpecification\",\"valueRequired\":true,\"valueName\":\"search_term_string\"}}],\"inLanguage\":\"fr-FR\"},{\"@type\":\"Organization\",\"@id\":\"https:\/\/www.m-q.ch\/fr\/#organization\",\"name\":\"Galledia Fachmedien AG\",\"url\":\"https:\/\/www.m-q.ch\/fr\/\",\"logo\":{\"@type\":\"ImageObject\",\"inLanguage\":\"fr-FR\",\"@id\":\"https:\/\/www.m-q.ch\/fr\/#\/schema\/logo\/image\/\",\"url\":\"https:\/\/www.m-q.ch\/wp-content\/uploads\/2020\/12\/cropped-logo_small.png\",\"contentUrl\":\"https:\/\/www.m-q.ch\/wp-content\/uploads\/2020\/12\/cropped-logo_small.png\",\"width\":512,\"height\":512,\"caption\":\"Galledia Fachmedien AG\"},\"image\":{\"@id\":\"https:\/\/www.m-q.ch\/fr\/#\/schema\/logo\/image\/\"},\"sameAs\":[\"https:\/\/www.facebook.com\/ManagementUndQualitaet\",\"https:\/\/www.linkedin.com\/showcase\/17982321\/admin\/\"]},{\"@type\":\"Person\",\"@id\":\"https:\/\/www.m-q.ch\/fr\/#\/schema\/person\/47d540e081acd98ccbeb69b55df653d7\",\"name\":\"Roger Str\u00e4ssle\",\"image\":{\"@type\":\"ImageObject\",\"inLanguage\":\"fr-FR\",\"@id\":\"https:\/\/www.m-q.ch\/fr\/#\/schema\/person\/image\/\",\"url\":\"https:\/\/secure.gravatar.com\/avatar\/e4dde3046d8a184d2e2d27651a418883?s=96&d=mm&r=g\",\"contentUrl\":\"https:\/\/secure.gravatar.com\/avatar\/e4dde3046d8a184d2e2d27651a418883?s=96&d=mm&r=g\",\"caption\":\"Roger Str\u00e4ssle\"},\"url\":\"https:\/\/www.m-q.ch\/fr\/author\/roger-straessle\/\"}]}<\/script>\n<!-- \/ Yoast SEO plugin. -->","yoast_head_json":{"title":"Covid-19 : Protection contre les infections gr\u00e2ce aux techniques de ventilation et de purification de l'air - MQ Management und Qualit\u00e4t","description":"Une bonne technologie de ventilation et de purification de l'air peut contribuer de mani\u00e8re significative \u00e0 la protection contre les infections. La principale voie de transmission du Covid-19 est l'inhalation d'a\u00e9rosols contenant des virus, lib\u00e9r\u00e9s dans l'air par une personne infectieuse. Le risque d'infection d\u00e9pend fortement de l'apport d'air \"exempt de virus\" dans la pi\u00e8ce ainsi que du nombre et de l'activit\u00e9 des personnes pr\u00e9sentes.","robots":{"index":"index","follow":"follow","max-snippet":"max-snippet:-1","max-image-preview":"max-image-preview:large","max-video-preview":"max-video-preview:-1"},"canonical":"https:\/\/www.m-q.ch\/fr\/covid-19-protection-contre-les-infections-grace-a-la-technique-de-ventilation-et-de-purification-de-lair\/","og_locale":"fr_FR","og_type":"article","og_title":"Covid-19: Infektionsschutz durch L\u00fcftungs- und Luftreinigungstechnik - MQ Management und Qualit\u00e4t","og_description":"Die richtige L\u00fcftungs- und Luftreinigungstechnik kann einen erheblichen Beitrag zum Infektionsschutz leisten. Denn: Der Haupt\u00fcbertragungsweg von Covid-19 ist das Einatmen virushaltiger Aerosole ist, die eine infekti\u00f6se Person in die Luft abgegeben hat. Die Infektionsrisiken sind dabei stark von der Versorgung des Raumes mit \u00abvirusfreier\u00bb Luft und der Anzahl und Aktivit\u00e4t anwesender Menschen abh\u00e4ngig.","og_url":"https:\/\/www.m-q.ch\/fr\/covid-19-protection-contre-les-infections-grace-a-la-technique-de-ventilation-et-de-purification-de-lair\/","og_site_name":"MQ Management und Qualit\u00e4t","article_publisher":"https:\/\/www.facebook.com\/ManagementUndQualitaet","article_published_time":"2021-03-08T09:58:14+00:00","article_modified_time":"2021-03-11T09:50:00+00:00","og_image":[{"width":999,"height":667,"url":"https:\/\/www.m-q.ch\/wp-content\/uploads\/2021\/03\/Depositphotos_191194836_s-2019.jpg","type":"image\/jpeg"}],"author":"Roger Str\u00e4ssle","twitter_card":"summary_large_image","twitter_misc":{"\u00c9crit par":"Roger Str\u00e4ssle","Dur\u00e9e de lecture estim\u00e9e":"3 minutes"},"schema":{"@context":"https:\/\/schema.org","@graph":[{"@type":"Article","@id":"https:\/\/www.m-q.ch\/covid-19-infektionsschutz-durch-lueftungs-und-luftreinigungstechnik\/#article","isPartOf":{"@id":"https:\/\/www.m-q.ch\/covid-19-infektionsschutz-durch-lueftungs-und-luftreinigungstechnik\/"},"author":{"name":"Roger Str\u00e4ssle","@id":"https:\/\/www.m-q.ch\/fr\/#\/schema\/person\/47d540e081acd98ccbeb69b55df653d7"},"headline":"Covid-19: Infektionsschutz durch L\u00fcftungs- und Luftreinigungstechnik","datePublished":"2021-03-08T09:58:14+00:00","dateModified":"2021-03-11T09:50:00+00:00","mainEntityOfPage":{"@id":"https:\/\/www.m-q.ch\/covid-19-infektionsschutz-durch-lueftungs-und-luftreinigungstechnik\/"},"wordCount":533,"publisher":{"@id":"https:\/\/www.m-q.ch\/fr\/#organization"},"image":{"@id":"https:\/\/www.m-q.ch\/covid-19-infektionsschutz-durch-lueftungs-und-luftreinigungstechnik\/#primaryimage"},"thumbnailUrl":"https:\/\/www.m-q.ch\/wp-content\/uploads\/2021\/03\/Depositphotos_191194836_s-2019.jpg","keywords":["Infektionsschutz","L\u00fcftungs- und Luftreinigungstechnik","VDMA-Fachverband Allgemeine Lufttechnik","virushaltiger Aerosole"],"articleSection":["Risikomanagement"],"inLanguage":"fr-FR"},{"@type":"WebPage","@id":"https:\/\/www.m-q.ch\/covid-19-infektionsschutz-durch-lueftungs-und-luftreinigungstechnik\/","url":"https:\/\/www.m-q.ch\/covid-19-infektionsschutz-durch-lueftungs-und-luftreinigungstechnik\/","name":"Covid-19 : Protection contre les infections gr\u00e2ce aux techniques de ventilation et de purification de l'air - MQ Management und Qualit\u00e4t","isPartOf":{"@id":"https:\/\/www.m-q.ch\/fr\/#website"},"primaryImageOfPage":{"@id":"https:\/\/www.m-q.ch\/covid-19-infektionsschutz-durch-lueftungs-und-luftreinigungstechnik\/#primaryimage"},"image":{"@id":"https:\/\/www.m-q.ch\/covid-19-infektionsschutz-durch-lueftungs-und-luftreinigungstechnik\/#primaryimage"},"thumbnailUrl":"https:\/\/www.m-q.ch\/wp-content\/uploads\/2021\/03\/Depositphotos_191194836_s-2019.jpg","datePublished":"2021-03-08T09:58:14+00:00","dateModified":"2021-03-11T09:50:00+00:00","description":"Une bonne technologie de ventilation et de purification de l'air peut contribuer de mani\u00e8re significative \u00e0 la protection contre les infections. La principale voie de transmission du Covid-19 est l'inhalation d'a\u00e9rosols contenant des virus, lib\u00e9r\u00e9s dans l'air par une personne infectieuse. Le risque d'infection d\u00e9pend fortement de l'apport d'air \"exempt de virus\" dans la pi\u00e8ce ainsi que du nombre et de l'activit\u00e9 des personnes pr\u00e9sentes.","breadcrumb":{"@id":"https:\/\/www.m-q.ch\/covid-19-infektionsschutz-durch-lueftungs-und-luftreinigungstechnik\/#breadcrumb"},"inLanguage":"fr-FR","potentialAction":[{"@type":"ReadAction","target":["https:\/\/www.m-q.ch\/covid-19-infektionsschutz-durch-lueftungs-und-luftreinigungstechnik\/"]}]},{"@type":"ImageObject","inLanguage":"fr-FR","@id":"https:\/\/www.m-q.ch\/covid-19-infektionsschutz-durch-lueftungs-und-luftreinigungstechnik\/#primaryimage","url":"https:\/\/www.m-q.ch\/wp-content\/uploads\/2021\/03\/Depositphotos_191194836_s-2019.jpg","contentUrl":"https:\/\/www.m-q.ch\/wp-content\/uploads\/2021\/03\/Depositphotos_191194836_s-2019.jpg","width":999,"height":667,"caption":"\u00a9 Depositphotos, gorgev"},{"@type":"BreadcrumbList","@id":"https:\/\/www.m-q.ch\/covid-19-infektionsschutz-durch-lueftungs-und-luftreinigungstechnik\/#breadcrumb","itemListElement":[{"@type":"ListItem","position":1,"name":"Risikomanagement","item":"https:\/\/www.m-q.ch\/kategorie\/risikomanagement\/"},{"@type":"ListItem","position":2,"name":"Covid-19: Infektionsschutz durch L\u00fcftungs- und Luftreinigungstechnik"}]},{"@type":"WebSite","@id":"https:\/\/www.m-q.ch\/fr\/#website","url":"https:\/\/www.m-q.ch\/fr\/","name":"Gestion et qualit\u00e9 du QM","description":"Plate-forme pour les syst\u00e8mes de gestion int\u00e9gr\u00e9e.","publisher":{"@id":"https:\/\/www.m-q.ch\/fr\/#organization"},"potentialAction":[{"@type":"SearchAction","target":{"@type":"EntryPoint","urlTemplate":"https:\/\/www.m-q.ch\/fr\/?s={search_term_string}"},"query-input":{"@type":"PropertyValueSpecification","valueRequired":true,"valueName":"search_term_string"}}],"inLanguage":"fr-FR"},{"@type":"Organization","@id":"https:\/\/www.m-q.ch\/fr\/#organization","name":"Galledia Trade Media AG","url":"https:\/\/www.m-q.ch\/fr\/","logo":{"@type":"ImageObject","inLanguage":"fr-FR","@id":"https:\/\/www.m-q.ch\/fr\/#\/schema\/logo\/image\/","url":"https:\/\/www.m-q.ch\/wp-content\/uploads\/2020\/12\/cropped-logo_small.png","contentUrl":"https:\/\/www.m-q.ch\/wp-content\/uploads\/2020\/12\/cropped-logo_small.png","width":512,"height":512,"caption":"Galledia Fachmedien AG"},"image":{"@id":"https:\/\/www.m-q.ch\/fr\/#\/schema\/logo\/image\/"},"sameAs":["https:\/\/www.facebook.com\/ManagementUndQualitaet","https:\/\/www.linkedin.com\/showcase\/17982321\/admin\/"]},{"@type":"Person","@id":"https:\/\/www.m-q.ch\/fr\/#\/schema\/person\/47d540e081acd98ccbeb69b55df653d7","name":"Roger Str\u00e4ssle","image":{"@type":"ImageObject","inLanguage":"fr-FR","@id":"https:\/\/www.m-q.ch\/fr\/#\/schema\/person\/image\/","url":"https:\/\/secure.gravatar.com\/avatar\/e4dde3046d8a184d2e2d27651a418883?s=96&d=mm&r=g","contentUrl":"https:\/\/secure.gravatar.com\/avatar\/e4dde3046d8a184d2e2d27651a418883?s=96&d=mm&r=g","caption":"Roger Str\u00e4ssle"},"url":"https:\/\/www.m-q.ch\/fr\/author\/roger-straessle\/"}]}},"_links":{"self":[{"href":"https:\/\/www.m-q.ch\/fr\/wp-json\/wp\/v2\/posts\/13108","targetHints":{"allow":["GET"]}}],"collection":[{"href":"https:\/\/www.m-q.ch\/fr\/wp-json\/wp\/v2\/posts"}],"about":[{"href":"https:\/\/www.m-q.ch\/fr\/wp-json\/wp\/v2\/types\/post"}],"author":[{"embeddable":true,"href":"https:\/\/www.m-q.ch\/fr\/wp-json\/wp\/v2\/users\/35"}],"replies":[{"embeddable":true,"href":"https:\/\/www.m-q.ch\/fr\/wp-json\/wp\/v2\/comments?post=13108"}],"version-history":[{"count":8,"href":"https:\/\/www.m-q.ch\/fr\/wp-json\/wp\/v2\/posts\/13108\/revisions"}],"predecessor-version":[{"id":13126,"href":"https:\/\/www.m-q.ch\/fr\/wp-json\/wp\/v2\/posts\/13108\/revisions\/13126"}],"wp:featuredmedia":[{"embeddable":true,"href":"https:\/\/www.m-q.ch\/fr\/wp-json\/wp\/v2\/media\/13125"}],"wp:attachment":[{"href":"https:\/\/www.m-q.ch\/fr\/wp-json\/wp\/v2\/media?parent=13108"}],"wp:term":[{"taxonomy":"category","embeddable":true,"href":"https:\/\/www.m-q.ch\/fr\/wp-json\/wp\/v2\/categories?post=13108"},{"taxonomy":"post_tag","embeddable":true,"href":"https:\/\/www.m-q.ch\/fr\/wp-json\/wp\/v2\/tags?post=13108"}],"curies":[{"name":"wp","href":"https:\/\/api.w.org\/{rel}","templated":true}]}}