{"id":13887,"date":"2021-03-24T09:00:50","date_gmt":"2021-03-24T08:00:50","guid":{"rendered":"https:\/\/www.m-q.ch\/?p=13887"},"modified":"2021-03-29T08:59:40","modified_gmt":"2021-03-29T06:59:40","slug":"philipp-keller-est-le-nouveau-chief-risk-officer-de-generali-suisse","status":"publish","type":"post","link":"https:\/\/www.m-q.ch\/fr\/philipp-keller-wird-neuer-chief-risk-officer-von-generali-schweiz\/","title":{"rendered":"Philipp Keller nomm\u00e9 nouveau Chief Risk Officer de Generali Suisse"},"content":{"rendered":"<figure id=\"attachment_13888\" aria-describedby=\"caption-attachment-13888\" style=\"width: 2560px\" class=\"wp-caption alignnone\"><img loading=\"lazy\" decoding=\"async\" class=\"size-full wp-image-13888\" src=\"https:\/\/www.m-q.ch\/wp-content\/uploads\/2021\/03\/philipp-keller_def-scaled.jpg\" alt=\"\" width=\"2560\" height=\"1944\" srcset=\"https:\/\/www.m-q.ch\/wp-content\/uploads\/2021\/03\/philipp-keller_def-scaled.jpg 2560w, https:\/\/www.m-q.ch\/wp-content\/uploads\/2021\/03\/philipp-keller_def-768x583.jpg 768w, https:\/\/www.m-q.ch\/wp-content\/uploads\/2021\/03\/philipp-keller_def-1536x1167.jpg 1536w, https:\/\/www.m-q.ch\/wp-content\/uploads\/2021\/03\/philipp-keller_def-2048x1555.jpg 2048w, https:\/\/www.m-q.ch\/wp-content\/uploads\/2021\/03\/philipp-keller_def-16x12.jpg 16w, https:\/\/www.m-q.ch\/wp-content\/uploads\/2021\/03\/philipp-keller_def-230x175.jpg 230w, https:\/\/www.m-q.ch\/wp-content\/uploads\/2021\/03\/philipp-keller_def-461x350.jpg 461w, https:\/\/www.m-q.ch\/wp-content\/uploads\/2021\/03\/philipp-keller_def-1053x800.jpg 1053w, https:\/\/www.m-q.ch\/wp-content\/uploads\/2021\/03\/philipp-keller_def-920x699.jpg 920w, https:\/\/www.m-q.ch\/wp-content\/uploads\/2021\/03\/philipp-keller_def-1400x1063.jpg 1400w, https:\/\/www.m-q.ch\/wp-content\/uploads\/2021\/03\/philipp-keller_def-1843x1400.jpg 1843w, https:\/\/www.m-q.ch\/wp-content\/uploads\/2021\/03\/philipp-keller_def-300x228.jpg 300w\" sizes=\"auto, (max-width: 2560px) 100vw, 2560px\" \/><figcaption id=\"caption-attachment-13888\" class=\"wp-caption-text\">Philipp Keller, nouveau Chief Risk Officer de Generali Suisse. \u00a9 zVg<\/figcaption><\/figure>\n<p>A l'Office f\u00e9d\u00e9ral des assurances priv\u00e9es (OFAP, aujourd'hui FINMA), Philipp Keller a particip\u00e9 \u00e0 l'\u00e9laboration et \u00e0 la mise en \u0153uvre du Test suisse de solvabilit\u00e9 (SST). De 2009 \u00e0 2018, il a \u00e9t\u00e9 responsable de la gestion des risques financiers au sein du cabinet d'audit et de conseil Deloitte \u00e0 Zurich. Il a dirig\u00e9 une \u00e9quipe d'analystes quantitatifs et d'experts en gestion qualitative des risques et a conseill\u00e9 des entreprises du secteur financier. Par la suite, en tant que directeur de l'exploitation chez le gestionnaire d'actifs Quantica Capital, il a \u00e9t\u00e9 responsable de l'activit\u00e9 op\u00e9rationnelle et de la gestion des risques. Avant de rejoindre Generali Suisse, il a travaill\u00e9 comme conseiller senior dans les domaines de la gestion des risques et de la r\u00e9glementation pour le cabinet de conseil en strat\u00e9gie Boston Consulting Group.<\/p>\n<p><strong>Exp\u00e9rience solide en mati\u00e8re de gestion des risques<\/strong><\/p>\n<p>M. Keller, 56 ans, qui vit \u00e0 Ermatingen TG, a \u00e9tudi\u00e9 les math\u00e9matiques \u00e0 l'ETH Zurich, se sp\u00e9cialisant dans la statistique math\u00e9matique et les syst\u00e8mes dynamiques. En 1996, il a obtenu son doctorat de l'ETH Zurich dans le domaine des \"Syst\u00e8mes dynamiques et analyse num\u00e9rique\". Il est membre du conseil d'administration de l'Association suisse des actuaires (ASA). Il soutient \u00e9galement le \"Center for Finance and Insurance\" de l'Universit\u00e9 de Zurich en tant que conseiller scientifique.<\/p>\n<p>\"Afin de cr\u00e9er de la valeur actionnariale \u00e0 long terme, en tant que Chief Risk Officer, je veille \u00e0 ce que les risques soient g\u00e9r\u00e9s de mani\u00e8re \u00e0 r\u00e9pondre aux attentes des assur\u00e9s, des actionnaires et de toutes les autres parties prenantes de Generali Suisse\", d\u00e9clare Keller lors de sa prise de fonction chez Generali Suisse.<\/p>\n<p>Andreas Kr\u00fcmmel, CEO de Generali Suisse : \"Philipp Keller a travaill\u00e9 dans le secteur financier, tant du c\u00f4t\u00e9 des entreprises et de la surveillance que du c\u00f4t\u00e9 du conseil. Il apporte \u00e0 notre entreprise une exp\u00e9rience approfondie de la gestion des risques ainsi que des sujets r\u00e9glementaires.\"<\/p>","protected":false},"excerpt":{"rendered":"<p>Beim Bundesamt f\u00fcr Privatversicherungen (BPV, heute FINMA) entwickelte und implementierte Philipp Keller den Swiss Solvency Test (SST) mit. Von 2009 bis 2018 war er beim Pr\u00fcfungs- und Beratungsunternehmen Deloitte in Z\u00fcrich verantwortlich f\u00fcr das Financial Risk Management. Er leitete dort ein Team von quantitativen Analysten sowie Experten im qualitativen Risk Management und beriet Unternehmen im [&hellip;]<\/p>\n","protected":false},"author":35,"featured_media":13888,"comment_status":"closed","ping_status":"closed","sticky":false,"template":"","format":"standard","meta":{"_acf_changed":false,"footnotes":""},"categories":[4],"tags":[4871,4872,4870],"class_list":["post-13887","post","type-post","status-publish","format-standard","has-post-thumbnail","hentry","category-risikomanagement","tag-chief-risk-officer","tag-generali-schweiz","tag-philipp-keller"],"acf":[],"yoast_head":"<!-- This site is optimized with the Yoast SEO plugin v26.2 - https:\/\/yoast.com\/wordpress\/plugins\/seo\/ -->\n<title>Philipp Keller wird neuer Chief Risk Officer von Generali Schweiz - MQ Management und Qualit\u00e4t<\/title>\n<meta name=\"description\" content=\"Philipp Keller \u00fcbernimmt als neuer Chief Risk Officer von Generali Schweiz per 1. Mai 2021 die Abteilung Risk Management und wird Mitglied der Gesch\u00e4ftsleitung.\" \/>\n<meta name=\"robots\" content=\"index, follow, max-snippet:-1, max-image-preview:large, max-video-preview:-1\" \/>\n<link rel=\"canonical\" href=\"https:\/\/www.m-q.ch\/fr\/philipp-keller-est-le-nouveau-chief-risk-officer-de-generali-suisse\/\" \/>\n<meta property=\"og:locale\" content=\"fr_FR\" \/>\n<meta property=\"og:type\" content=\"article\" \/>\n<meta property=\"og:title\" content=\"Philipp Keller wird neuer Chief Risk Officer von Generali Schweiz - MQ Management und Qualit\u00e4t\" \/>\n<meta property=\"og:description\" content=\"Philipp Keller \u00fcbernimmt als neuer Chief Risk Officer von Generali Schweiz per 1. Mai 2021 die Abteilung Risk Management und wird Mitglied der Gesch\u00e4ftsleitung.\" \/>\n<meta property=\"og:url\" content=\"https:\/\/www.m-q.ch\/fr\/philipp-keller-est-le-nouveau-chief-risk-officer-de-generali-suisse\/\" \/>\n<meta property=\"og:site_name\" content=\"MQ Management und Qualit\u00e4t\" \/>\n<meta property=\"article:publisher\" content=\"https:\/\/www.facebook.com\/ManagementUndQualitaet\" \/>\n<meta property=\"article:published_time\" content=\"2021-03-24T08:00:50+00:00\" \/>\n<meta property=\"article:modified_time\" content=\"2021-03-29T06:59:40+00:00\" \/>\n<meta property=\"og:image\" content=\"https:\/\/www.m-q.ch\/wp-content\/uploads\/2021\/03\/philipp-keller_def-scaled.jpg\" \/>\n\t<meta property=\"og:image:width\" content=\"2560\" \/>\n\t<meta property=\"og:image:height\" content=\"1944\" \/>\n\t<meta property=\"og:image:type\" content=\"image\/jpeg\" \/>\n<meta name=\"author\" content=\"Roger Str\u00e4ssle\" \/>\n<meta name=\"twitter:card\" content=\"summary_large_image\" \/>\n<meta name=\"twitter:label1\" content=\"\u00c9crit par\" \/>\n\t<meta name=\"twitter:data1\" content=\"Roger Str\u00e4ssle\" \/>\n\t<meta name=\"twitter:label2\" content=\"Dur\u00e9e de lecture estim\u00e9e\" \/>\n\t<meta name=\"twitter:data2\" content=\"1 minute\" \/>\n<script type=\"application\/ld+json\" class=\"yoast-schema-graph\">{\"@context\":\"https:\/\/schema.org\",\"@graph\":[{\"@type\":\"Article\",\"@id\":\"https:\/\/www.m-q.ch\/philipp-keller-wird-neuer-chief-risk-officer-von-generali-schweiz\/#article\",\"isPartOf\":{\"@id\":\"https:\/\/www.m-q.ch\/philipp-keller-wird-neuer-chief-risk-officer-von-generali-schweiz\/\"},\"author\":{\"name\":\"Roger Str\u00e4ssle\",\"@id\":\"https:\/\/www.m-q.ch\/fr\/#\/schema\/person\/47d540e081acd98ccbeb69b55df653d7\"},\"headline\":\"Philipp Keller wird neuer Chief Risk Officer von Generali Schweiz\",\"datePublished\":\"2021-03-24T08:00:50+00:00\",\"dateModified\":\"2021-03-29T06:59:40+00:00\",\"mainEntityOfPage\":{\"@id\":\"https:\/\/www.m-q.ch\/philipp-keller-wird-neuer-chief-risk-officer-von-generali-schweiz\/\"},\"wordCount\":284,\"publisher\":{\"@id\":\"https:\/\/www.m-q.ch\/fr\/#organization\"},\"image\":{\"@id\":\"https:\/\/www.m-q.ch\/philipp-keller-wird-neuer-chief-risk-officer-von-generali-schweiz\/#primaryimage\"},\"thumbnailUrl\":\"https:\/\/www.m-q.ch\/wp-content\/uploads\/2021\/03\/philipp-keller_def-scaled.jpg\",\"keywords\":[\"Chief Risk Officer\",\"Generali Schweiz\",\"Philipp Keller\"],\"articleSection\":[\"Risikomanagement\"],\"inLanguage\":\"fr-FR\"},{\"@type\":\"WebPage\",\"@id\":\"https:\/\/www.m-q.ch\/philipp-keller-wird-neuer-chief-risk-officer-von-generali-schweiz\/\",\"url\":\"https:\/\/www.m-q.ch\/philipp-keller-wird-neuer-chief-risk-officer-von-generali-schweiz\/\",\"name\":\"Philipp Keller wird neuer Chief Risk Officer von Generali Schweiz - MQ Management und Qualit\u00e4t\",\"isPartOf\":{\"@id\":\"https:\/\/www.m-q.ch\/fr\/#website\"},\"primaryImageOfPage\":{\"@id\":\"https:\/\/www.m-q.ch\/philipp-keller-wird-neuer-chief-risk-officer-von-generali-schweiz\/#primaryimage\"},\"image\":{\"@id\":\"https:\/\/www.m-q.ch\/philipp-keller-wird-neuer-chief-risk-officer-von-generali-schweiz\/#primaryimage\"},\"thumbnailUrl\":\"https:\/\/www.m-q.ch\/wp-content\/uploads\/2021\/03\/philipp-keller_def-scaled.jpg\",\"datePublished\":\"2021-03-24T08:00:50+00:00\",\"dateModified\":\"2021-03-29T06:59:40+00:00\",\"description\":\"Philipp Keller \u00fcbernimmt als neuer Chief Risk Officer von Generali Schweiz per 1. Mai 2021 die Abteilung Risk Management und wird Mitglied der Gesch\u00e4ftsleitung.\",\"breadcrumb\":{\"@id\":\"https:\/\/www.m-q.ch\/philipp-keller-wird-neuer-chief-risk-officer-von-generali-schweiz\/#breadcrumb\"},\"inLanguage\":\"fr-FR\",\"potentialAction\":[{\"@type\":\"ReadAction\",\"target\":[\"https:\/\/www.m-q.ch\/philipp-keller-wird-neuer-chief-risk-officer-von-generali-schweiz\/\"]}]},{\"@type\":\"ImageObject\",\"inLanguage\":\"fr-FR\",\"@id\":\"https:\/\/www.m-q.ch\/philipp-keller-wird-neuer-chief-risk-officer-von-generali-schweiz\/#primaryimage\",\"url\":\"https:\/\/www.m-q.ch\/wp-content\/uploads\/2021\/03\/philipp-keller_def-scaled.jpg\",\"contentUrl\":\"https:\/\/www.m-q.ch\/wp-content\/uploads\/2021\/03\/philipp-keller_def-scaled.jpg\",\"width\":2560,\"height\":1944,\"caption\":\"Philipp Keller, neuer Chief Risk Officer von Generali Schweiz. \u00a9 PD\"},{\"@type\":\"BreadcrumbList\",\"@id\":\"https:\/\/www.m-q.ch\/philipp-keller-wird-neuer-chief-risk-officer-von-generali-schweiz\/#breadcrumb\",\"itemListElement\":[{\"@type\":\"ListItem\",\"position\":1,\"name\":\"Risikomanagement\",\"item\":\"https:\/\/www.m-q.ch\/kategorie\/risikomanagement\/\"},{\"@type\":\"ListItem\",\"position\":2,\"name\":\"Philipp Keller wird neuer Chief Risk Officer von Generali Schweiz\"}]},{\"@type\":\"WebSite\",\"@id\":\"https:\/\/www.m-q.ch\/fr\/#website\",\"url\":\"https:\/\/www.m-q.ch\/fr\/\",\"name\":\"MQ Management und Qualit\u00e4t\",\"description\":\"Plattform f\u00fcr integrierte Managementsysteme.\",\"publisher\":{\"@id\":\"https:\/\/www.m-q.ch\/fr\/#organization\"},\"potentialAction\":[{\"@type\":\"SearchAction\",\"target\":{\"@type\":\"EntryPoint\",\"urlTemplate\":\"https:\/\/www.m-q.ch\/fr\/?s={search_term_string}\"},\"query-input\":{\"@type\":\"PropertyValueSpecification\",\"valueRequired\":true,\"valueName\":\"search_term_string\"}}],\"inLanguage\":\"fr-FR\"},{\"@type\":\"Organization\",\"@id\":\"https:\/\/www.m-q.ch\/fr\/#organization\",\"name\":\"Galledia Fachmedien AG\",\"url\":\"https:\/\/www.m-q.ch\/fr\/\",\"logo\":{\"@type\":\"ImageObject\",\"inLanguage\":\"fr-FR\",\"@id\":\"https:\/\/www.m-q.ch\/fr\/#\/schema\/logo\/image\/\",\"url\":\"https:\/\/www.m-q.ch\/wp-content\/uploads\/2020\/12\/cropped-logo_small.png\",\"contentUrl\":\"https:\/\/www.m-q.ch\/wp-content\/uploads\/2020\/12\/cropped-logo_small.png\",\"width\":512,\"height\":512,\"caption\":\"Galledia Fachmedien AG\"},\"image\":{\"@id\":\"https:\/\/www.m-q.ch\/fr\/#\/schema\/logo\/image\/\"},\"sameAs\":[\"https:\/\/www.facebook.com\/ManagementUndQualitaet\",\"https:\/\/www.linkedin.com\/showcase\/17982321\/admin\/\"]},{\"@type\":\"Person\",\"@id\":\"https:\/\/www.m-q.ch\/fr\/#\/schema\/person\/47d540e081acd98ccbeb69b55df653d7\",\"name\":\"Roger Str\u00e4ssle\",\"image\":{\"@type\":\"ImageObject\",\"inLanguage\":\"fr-FR\",\"@id\":\"https:\/\/www.m-q.ch\/fr\/#\/schema\/person\/image\/\",\"url\":\"https:\/\/secure.gravatar.com\/avatar\/e4dde3046d8a184d2e2d27651a418883?s=96&d=mm&r=g\",\"contentUrl\":\"https:\/\/secure.gravatar.com\/avatar\/e4dde3046d8a184d2e2d27651a418883?s=96&d=mm&r=g\",\"caption\":\"Roger Str\u00e4ssle\"},\"url\":\"https:\/\/www.m-q.ch\/fr\/author\/roger-straessle\/\"}]}<\/script>\n<!-- \/ Yoast SEO plugin. -->","yoast_head_json":{"title":"Philipp Keller nomm\u00e9 nouveau Chief Risk Officer de Generali Suisse - MQ Management und Qualit\u00e4t","description":"Philipp Keller reprendra le d\u00e9partement Risk Management en tant que nouveau Chief Risk Officer de Generali Suisse le 1er mai 2021 et deviendra membre de la direction g\u00e9n\u00e9rale.","robots":{"index":"index","follow":"follow","max-snippet":"max-snippet:-1","max-image-preview":"max-image-preview:large","max-video-preview":"max-video-preview:-1"},"canonical":"https:\/\/www.m-q.ch\/fr\/philipp-keller-est-le-nouveau-chief-risk-officer-de-generali-suisse\/","og_locale":"fr_FR","og_type":"article","og_title":"Philipp Keller wird neuer Chief Risk Officer von Generali Schweiz - MQ Management und Qualit\u00e4t","og_description":"Philipp Keller \u00fcbernimmt als neuer Chief Risk Officer von Generali Schweiz per 1. Mai 2021 die Abteilung Risk Management und wird Mitglied der Gesch\u00e4ftsleitung.","og_url":"https:\/\/www.m-q.ch\/fr\/philipp-keller-est-le-nouveau-chief-risk-officer-de-generali-suisse\/","og_site_name":"MQ Management und Qualit\u00e4t","article_publisher":"https:\/\/www.facebook.com\/ManagementUndQualitaet","article_published_time":"2021-03-24T08:00:50+00:00","article_modified_time":"2021-03-29T06:59:40+00:00","og_image":[{"width":2560,"height":1944,"url":"https:\/\/www.m-q.ch\/wp-content\/uploads\/2021\/03\/philipp-keller_def-scaled.jpg","type":"image\/jpeg"}],"author":"Roger Str\u00e4ssle","twitter_card":"summary_large_image","twitter_misc":{"\u00c9crit par":"Roger Str\u00e4ssle","Dur\u00e9e de lecture estim\u00e9e":"1 minute"},"schema":{"@context":"https:\/\/schema.org","@graph":[{"@type":"Article","@id":"https:\/\/www.m-q.ch\/philipp-keller-wird-neuer-chief-risk-officer-von-generali-schweiz\/#article","isPartOf":{"@id":"https:\/\/www.m-q.ch\/philipp-keller-wird-neuer-chief-risk-officer-von-generali-schweiz\/"},"author":{"name":"Roger Str\u00e4ssle","@id":"https:\/\/www.m-q.ch\/fr\/#\/schema\/person\/47d540e081acd98ccbeb69b55df653d7"},"headline":"Philipp Keller wird neuer Chief Risk Officer von Generali Schweiz","datePublished":"2021-03-24T08:00:50+00:00","dateModified":"2021-03-29T06:59:40+00:00","mainEntityOfPage":{"@id":"https:\/\/www.m-q.ch\/philipp-keller-wird-neuer-chief-risk-officer-von-generali-schweiz\/"},"wordCount":284,"publisher":{"@id":"https:\/\/www.m-q.ch\/fr\/#organization"},"image":{"@id":"https:\/\/www.m-q.ch\/philipp-keller-wird-neuer-chief-risk-officer-von-generali-schweiz\/#primaryimage"},"thumbnailUrl":"https:\/\/www.m-q.ch\/wp-content\/uploads\/2021\/03\/philipp-keller_def-scaled.jpg","keywords":["Chief Risk Officer","Generali Schweiz","Philipp Keller"],"articleSection":["Risikomanagement"],"inLanguage":"fr-FR"},{"@type":"WebPage","@id":"https:\/\/www.m-q.ch\/philipp-keller-wird-neuer-chief-risk-officer-von-generali-schweiz\/","url":"https:\/\/www.m-q.ch\/philipp-keller-wird-neuer-chief-risk-officer-von-generali-schweiz\/","name":"Philipp Keller nomm\u00e9 nouveau Chief Risk Officer de Generali Suisse - MQ Management und Qualit\u00e4t","isPartOf":{"@id":"https:\/\/www.m-q.ch\/fr\/#website"},"primaryImageOfPage":{"@id":"https:\/\/www.m-q.ch\/philipp-keller-wird-neuer-chief-risk-officer-von-generali-schweiz\/#primaryimage"},"image":{"@id":"https:\/\/www.m-q.ch\/philipp-keller-wird-neuer-chief-risk-officer-von-generali-schweiz\/#primaryimage"},"thumbnailUrl":"https:\/\/www.m-q.ch\/wp-content\/uploads\/2021\/03\/philipp-keller_def-scaled.jpg","datePublished":"2021-03-24T08:00:50+00:00","dateModified":"2021-03-29T06:59:40+00:00","description":"Philipp Keller reprendra le d\u00e9partement Risk Management en tant que nouveau Chief Risk Officer de Generali Suisse le 1er mai 2021 et deviendra membre de la direction g\u00e9n\u00e9rale.","breadcrumb":{"@id":"https:\/\/www.m-q.ch\/philipp-keller-wird-neuer-chief-risk-officer-von-generali-schweiz\/#breadcrumb"},"inLanguage":"fr-FR","potentialAction":[{"@type":"ReadAction","target":["https:\/\/www.m-q.ch\/philipp-keller-wird-neuer-chief-risk-officer-von-generali-schweiz\/"]}]},{"@type":"ImageObject","inLanguage":"fr-FR","@id":"https:\/\/www.m-q.ch\/philipp-keller-wird-neuer-chief-risk-officer-von-generali-schweiz\/#primaryimage","url":"https:\/\/www.m-q.ch\/wp-content\/uploads\/2021\/03\/philipp-keller_def-scaled.jpg","contentUrl":"https:\/\/www.m-q.ch\/wp-content\/uploads\/2021\/03\/philipp-keller_def-scaled.jpg","width":2560,"height":1944,"caption":"Philipp Keller, neuer Chief Risk Officer von Generali Schweiz. \u00a9 PD"},{"@type":"BreadcrumbList","@id":"https:\/\/www.m-q.ch\/philipp-keller-wird-neuer-chief-risk-officer-von-generali-schweiz\/#breadcrumb","itemListElement":[{"@type":"ListItem","position":1,"name":"Risikomanagement","item":"https:\/\/www.m-q.ch\/kategorie\/risikomanagement\/"},{"@type":"ListItem","position":2,"name":"Philipp Keller wird neuer Chief Risk Officer von Generali Schweiz"}]},{"@type":"WebSite","@id":"https:\/\/www.m-q.ch\/fr\/#website","url":"https:\/\/www.m-q.ch\/fr\/","name":"Gestion et qualit\u00e9 du QM","description":"Plate-forme pour les syst\u00e8mes de gestion int\u00e9gr\u00e9e.","publisher":{"@id":"https:\/\/www.m-q.ch\/fr\/#organization"},"potentialAction":[{"@type":"SearchAction","target":{"@type":"EntryPoint","urlTemplate":"https:\/\/www.m-q.ch\/fr\/?s={search_term_string}"},"query-input":{"@type":"PropertyValueSpecification","valueRequired":true,"valueName":"search_term_string"}}],"inLanguage":"fr-FR"},{"@type":"Organization","@id":"https:\/\/www.m-q.ch\/fr\/#organization","name":"Galledia Trade Media AG","url":"https:\/\/www.m-q.ch\/fr\/","logo":{"@type":"ImageObject","inLanguage":"fr-FR","@id":"https:\/\/www.m-q.ch\/fr\/#\/schema\/logo\/image\/","url":"https:\/\/www.m-q.ch\/wp-content\/uploads\/2020\/12\/cropped-logo_small.png","contentUrl":"https:\/\/www.m-q.ch\/wp-content\/uploads\/2020\/12\/cropped-logo_small.png","width":512,"height":512,"caption":"Galledia Fachmedien AG"},"image":{"@id":"https:\/\/www.m-q.ch\/fr\/#\/schema\/logo\/image\/"},"sameAs":["https:\/\/www.facebook.com\/ManagementUndQualitaet","https:\/\/www.linkedin.com\/showcase\/17982321\/admin\/"]},{"@type":"Person","@id":"https:\/\/www.m-q.ch\/fr\/#\/schema\/person\/47d540e081acd98ccbeb69b55df653d7","name":"Roger Str\u00e4ssle","image":{"@type":"ImageObject","inLanguage":"fr-FR","@id":"https:\/\/www.m-q.ch\/fr\/#\/schema\/person\/image\/","url":"https:\/\/secure.gravatar.com\/avatar\/e4dde3046d8a184d2e2d27651a418883?s=96&d=mm&r=g","contentUrl":"https:\/\/secure.gravatar.com\/avatar\/e4dde3046d8a184d2e2d27651a418883?s=96&d=mm&r=g","caption":"Roger Str\u00e4ssle"},"url":"https:\/\/www.m-q.ch\/fr\/author\/roger-straessle\/"}]}},"_links":{"self":[{"href":"https:\/\/www.m-q.ch\/fr\/wp-json\/wp\/v2\/posts\/13887","targetHints":{"allow":["GET"]}}],"collection":[{"href":"https:\/\/www.m-q.ch\/fr\/wp-json\/wp\/v2\/posts"}],"about":[{"href":"https:\/\/www.m-q.ch\/fr\/wp-json\/wp\/v2\/types\/post"}],"author":[{"embeddable":true,"href":"https:\/\/www.m-q.ch\/fr\/wp-json\/wp\/v2\/users\/35"}],"replies":[{"embeddable":true,"href":"https:\/\/www.m-q.ch\/fr\/wp-json\/wp\/v2\/comments?post=13887"}],"version-history":[{"count":1,"href":"https:\/\/www.m-q.ch\/fr\/wp-json\/wp\/v2\/posts\/13887\/revisions"}],"predecessor-version":[{"id":13889,"href":"https:\/\/www.m-q.ch\/fr\/wp-json\/wp\/v2\/posts\/13887\/revisions\/13889"}],"wp:featuredmedia":[{"embeddable":true,"href":"https:\/\/www.m-q.ch\/fr\/wp-json\/wp\/v2\/media\/13888"}],"wp:attachment":[{"href":"https:\/\/www.m-q.ch\/fr\/wp-json\/wp\/v2\/media?parent=13887"}],"wp:term":[{"taxonomy":"category","embeddable":true,"href":"https:\/\/www.m-q.ch\/fr\/wp-json\/wp\/v2\/categories?post=13887"},{"taxonomy":"post_tag","embeddable":true,"href":"https:\/\/www.m-q.ch\/fr\/wp-json\/wp\/v2\/tags?post=13887"}],"curies":[{"name":"wp","href":"https:\/\/api.w.org\/{rel}","templated":true}]}}