{"id":1391,"date":"2017-04-27T13:43:57","date_gmt":"2017-04-27T11:43:57","guid":{"rendered":"https:\/\/www.m-q.ch\/?p=1391"},"modified":"2017-04-27T13:45:46","modified_gmt":"2017-04-27T11:45:46","slug":"postulez-maintenant-pour-le-step-award-2017","status":"publish","type":"post","link":"https:\/\/www.m-q.ch\/fr\/jetzt-fuer-den-step-award-2017-bewerben\/","title":{"rendered":"Postulez d\u00e8s maintenant pour le prix STEP 2017"},"content":{"rendered":"<figure id=\"attachment_1392\" aria-describedby=\"caption-attachment-1392\" style=\"width: 680px\" class=\"wp-caption alignnone\"><img loading=\"lazy\" decoding=\"async\" class=\"size-medium wp-image-1392\" src=\"https:\/\/www.m-q.ch\/wp-content\/uploads\/2017\/04\/STEP-Award-2017_mq-management-u-qualitaet-680x472.jpg\" alt=\"\" width=\"680\" height=\"472\" srcset=\"https:\/\/www.m-q.ch\/wp-content\/uploads\/2017\/04\/STEP-Award-2017_mq-management-u-qualitaet-680x472.jpg 680w, https:\/\/www.m-q.ch\/wp-content\/uploads\/2017\/04\/STEP-Award-2017_mq-management-u-qualitaet-768x533.jpg 768w, https:\/\/www.m-q.ch\/wp-content\/uploads\/2017\/04\/STEP-Award-2017_mq-management-u-qualitaet-16x12.jpg 16w, https:\/\/www.m-q.ch\/wp-content\/uploads\/2017\/04\/STEP-Award-2017_mq-management-u-qualitaet-252x175.jpg 252w, https:\/\/www.m-q.ch\/wp-content\/uploads\/2017\/04\/STEP-Award-2017_mq-management-u-qualitaet-504x350.jpg 504w, https:\/\/www.m-q.ch\/wp-content\/uploads\/2017\/04\/STEP-Award-2017_mq-management-u-qualitaet-1152x800.jpg 1152w, https:\/\/www.m-q.ch\/wp-content\/uploads\/2017\/04\/STEP-Award-2017_mq-management-u-qualitaet-920x639.jpg 920w, https:\/\/www.m-q.ch\/wp-content\/uploads\/2017\/04\/STEP-Award-2017_mq-management-u-qualitaet-300x208.jpg 300w, https:\/\/www.m-q.ch\/wp-content\/uploads\/2017\/04\/STEP-Award-2017_mq-management-u-qualitaet-1024x711.jpg 1024w, https:\/\/www.m-q.ch\/wp-content\/uploads\/2017\/04\/STEP-Award-2017_mq-management-u-qualitaet-624x433.jpg 624w, https:\/\/www.m-q.ch\/wp-content\/uploads\/2017\/04\/STEP-Award-2017_mq-management-u-qualitaet.jpg 1359w\" sizes=\"auto, (max-width: 680px) 100vw, 680px\" \/><figcaption id=\"caption-attachment-1392\" class=\"wp-caption-text\">Les laur\u00e9ats du prix STEP de 2016 (\u00a9 Dirk Beichert BusinessPhoto pour FBM)<\/figcaption><\/figure>\n<p>Le prix STEP sera d\u00e9cern\u00e9 pour la douzi\u00e8me fois cette ann\u00e9e. \"Gr\u00e2ce \u00e0 une relance compl\u00e8te en 2016 et \u00e0 l'expansion connexe du secteur scientifique pour inclure la technologie et les TIC, nous avons pu attirer d'autres entreprises passionnantes et tourn\u00e9es vers l'avenir pour le prix STEP. Nous aimerions poursuivre dans cette voie en 2017\", d\u00e9clare Simon Hentschel, responsable des projets de d\u00e9marrage et de croissance au Frankfurt Business Media - F.A.Z.-Fachverlag, l'initiateur du \"STEP Award\".<\/p>\n<p><strong>Objectif du prix STEP<\/strong><\/p>\n<p>Comme l'a montr\u00e9 la c\u00e9r\u00e9monie de remise des prix de l'ann\u00e9e derni\u00e8re, \u00e0 l'issue de la r\u00e9organisation, non seulement les bonnes id\u00e9es commerciales, mais aussi les pionniers de leur secteur d'activit\u00e9 pouvaient \u00eatre r\u00e9compens\u00e9s. En 2017, les laur\u00e9ats seront \u00e0 nouveau d\u00e9sign\u00e9s lors d'un gala festif \u00e0 la fin de l'ann\u00e9e. L'objectif des \"STEP Awards\" est de donner aux jeunes entreprises qui existent depuis au moins un an et qui ont d\u00e9j\u00e0 g\u00e9n\u00e9r\u00e9 leurs premi\u00e8res ventes une impulsion importante pour leur d\u00e9veloppement ult\u00e9rieur.<\/p>\n<p>Les petites et moyennes entreprises qui sont particuli\u00e8rement actives dans le domaine du commerce interentreprises et qui sont orient\u00e9es vers la croissance peuvent se porter candidates. Le \"STEP Award\" est destin\u00e9 \u00e0 contribuer \u00e0 la r\u00e9ussite \u00e0 long terme du prochain \"STEP\" d\u00e9cisif.<\/p>\n<p><strong>Focus sur les \"Ressources humaines<\/strong><\/p>\n<p>En 2017, l'accent est mis sur le th\u00e8me des \"ressources humaines\". Tous les laur\u00e9ats b\u00e9n\u00e9ficient du large impact m\u00e9diatique et de la port\u00e9e du groupe F.A.Z. et des partenaires m\u00e9diatiques participants.<\/p>\n<p><em>Informations compl\u00e9mentaires et formulaires de demande :<\/em><\/p>\n<p><em>FRANKFURT BUSINESS MEDIA GmbH - La maison d'\u00e9dition F.A.Z.<\/em><\/p>\n<p><em>Ulrike Mayr, Nicole Neusitzer<\/em><\/p>\n<p><em>T\u00e9l\u00e9phone : (069)75 91-32 31<\/em><\/p>\n<p><em>Courriel : info@step-award.de<\/em><\/p>\n<p><a href=\"http:\/\/www.step-award.de\">www.step-award.de<\/a><\/p>","protected":false},"excerpt":{"rendered":"<p>Der \u201eSTEP Award\u201c wird heuer zum zw\u00f6lften Mal ausgelobt. \u201eDurch einen umfassenden Relaunch 2016 und der damit verbundenen Erweiterung der Branche Science um Technologie und IKT haben wir weitere spannende und zukunftsweisende Unternehmen f\u00fcr den STEP Award gewinnen k\u00f6nnen. Daran m\u00f6chten wir auch 2017 ankn\u00fcpfen\u201c, so Simon Hentschel, Leiter Gr\u00fcndungs- und Wachstumsprojekte bei Frankfurt Business [&hellip;]<\/p>\n","protected":false},"author":35,"featured_media":1392,"comment_status":"open","ping_status":"open","sticky":false,"template":"","format":"standard","meta":{"_acf_changed":false,"footnotes":""},"categories":[1],"tags":[],"class_list":["post-1391","post","type-post","status-publish","format-standard","has-post-thumbnail","hentry","category-unkategorisiert"],"acf":[],"yoast_head":"<!-- This site is optimized with the Yoast SEO plugin v26.2 - https:\/\/yoast.com\/wordpress\/plugins\/seo\/ -->\n<title>Jetzt f\u00fcr den STEP Award 2017 bewerben - MQ Management und Qualit\u00e4t<\/title>\n<meta name=\"description\" content=\"Die Bewerbungsphase des \u201eSTEP Awards\u201c ist er\u00f6ffnet. Der Wettbewerb richtet sich an innovative Science-, Technologie- und IKT-Unternehmen.\" \/>\n<meta name=\"robots\" content=\"index, follow, max-snippet:-1, max-image-preview:large, max-video-preview:-1\" \/>\n<link rel=\"canonical\" href=\"https:\/\/www.organisator.ch\/bewerbungsstart-des-step-awards-2017\/\" \/>\n<meta property=\"og:locale\" content=\"fr_FR\" \/>\n<meta property=\"og:type\" content=\"article\" \/>\n<meta property=\"og:title\" content=\"Jetzt f\u00fcr den STEP Award 2017 bewerben - MQ Management und Qualit\u00e4t\" \/>\n<meta property=\"og:description\" content=\"Die Bewerbungsphase des \u201eSTEP Awards\u201c ist er\u00f6ffnet. Der Wettbewerb richtet sich an innovative Science-, Technologie- und IKT-Unternehmen.\" \/>\n<meta property=\"og:url\" content=\"https:\/\/www.organisator.ch\/bewerbungsstart-des-step-awards-2017\/\" \/>\n<meta property=\"og:site_name\" content=\"MQ Management und Qualit\u00e4t\" \/>\n<meta property=\"article:publisher\" content=\"https:\/\/www.facebook.com\/ManagementUndQualitaet\" \/>\n<meta property=\"article:published_time\" content=\"2017-04-27T11:43:57+00:00\" \/>\n<meta property=\"article:modified_time\" content=\"2017-04-27T11:45:46+00:00\" \/>\n<meta property=\"og:image\" content=\"https:\/\/www.m-q.ch\/wp-content\/uploads\/2017\/04\/STEP-Award-2017_mq-management-u-qualitaet.jpg\" \/>\n\t<meta property=\"og:image:width\" content=\"1359\" \/>\n\t<meta property=\"og:image:height\" content=\"944\" \/>\n\t<meta property=\"og:image:type\" content=\"image\/jpeg\" \/>\n<meta name=\"author\" content=\"Roger Str\u00e4ssle\" \/>\n<meta name=\"twitter:card\" content=\"summary_large_image\" \/>\n<meta name=\"twitter:label1\" content=\"\u00c9crit par\" \/>\n\t<meta name=\"twitter:data1\" content=\"Roger Str\u00e4ssle\" \/>\n\t<meta name=\"twitter:label2\" content=\"Dur\u00e9e de lecture estim\u00e9e\" \/>\n\t<meta name=\"twitter:data2\" content=\"1 minute\" \/>\n<script type=\"application\/ld+json\" class=\"yoast-schema-graph\">{\"@context\":\"https:\/\/schema.org\",\"@graph\":[{\"@type\":\"Article\",\"@id\":\"https:\/\/www.organisator.ch\/bewerbungsstart-des-step-awards-2017\/#article\",\"isPartOf\":{\"@id\":\"https:\/\/www.m-q.ch\/it\/apply-now-for-the-step-award-2017\/\"},\"author\":{\"name\":\"Roger Str\u00e4ssle\",\"@id\":\"https:\/\/www.m-q.ch\/fr\/#\/schema\/person\/47d540e081acd98ccbeb69b55df653d7\"},\"headline\":\"Jetzt f\u00fcr den STEP Award 2017 bewerben\",\"datePublished\":\"2017-04-27T11:43:57+00:00\",\"dateModified\":\"2017-04-27T11:45:46+00:00\",\"mainEntityOfPage\":{\"@id\":\"https:\/\/www.m-q.ch\/it\/apply-now-for-the-step-award-2017\/\"},\"wordCount\":260,\"commentCount\":0,\"publisher\":{\"@id\":\"https:\/\/www.m-q.ch\/fr\/#organization\"},\"image\":{\"@id\":\"https:\/\/www.organisator.ch\/bewerbungsstart-des-step-awards-2017\/#primaryimage\"},\"thumbnailUrl\":\"https:\/\/www.m-q.ch\/wp-content\/uploads\/2017\/04\/STEP-Award-2017_mq-management-u-qualitaet.jpg\",\"articleSection\":[\"Unkategorisiert\"],\"inLanguage\":\"fr-FR\"},{\"@type\":\"WebPage\",\"@id\":\"https:\/\/www.m-q.ch\/it\/apply-now-for-the-step-award-2017\/\",\"url\":\"https:\/\/www.organisator.ch\/bewerbungsstart-des-step-awards-2017\/\",\"name\":\"Jetzt f\u00fcr den STEP Award 2017 bewerben - MQ Management und Qualit\u00e4t\",\"isPartOf\":{\"@id\":\"https:\/\/www.m-q.ch\/fr\/#website\"},\"primaryImageOfPage\":{\"@id\":\"https:\/\/www.organisator.ch\/bewerbungsstart-des-step-awards-2017\/#primaryimage\"},\"image\":{\"@id\":\"https:\/\/www.organisator.ch\/bewerbungsstart-des-step-awards-2017\/#primaryimage\"},\"thumbnailUrl\":\"https:\/\/www.m-q.ch\/wp-content\/uploads\/2017\/04\/STEP-Award-2017_mq-management-u-qualitaet.jpg\",\"datePublished\":\"2017-04-27T11:43:57+00:00\",\"dateModified\":\"2017-04-27T11:45:46+00:00\",\"description\":\"Die Bewerbungsphase des \u201eSTEP Awards\u201c ist er\u00f6ffnet. Der Wettbewerb richtet sich an innovative Science-, Technologie- und IKT-Unternehmen.\",\"breadcrumb\":{\"@id\":\"https:\/\/www.organisator.ch\/bewerbungsstart-des-step-awards-2017\/#breadcrumb\"},\"inLanguage\":\"fr-FR\",\"potentialAction\":[{\"@type\":\"ReadAction\",\"target\":[\"https:\/\/www.organisator.ch\/bewerbungsstart-des-step-awards-2017\/\"]}]},{\"@type\":\"ImageObject\",\"inLanguage\":\"fr-FR\",\"@id\":\"https:\/\/www.organisator.ch\/bewerbungsstart-des-step-awards-2017\/#primaryimage\",\"url\":\"https:\/\/www.m-q.ch\/wp-content\/uploads\/2017\/04\/STEP-Award-2017_mq-management-u-qualitaet.jpg\",\"contentUrl\":\"https:\/\/www.m-q.ch\/wp-content\/uploads\/2017\/04\/STEP-Award-2017_mq-management-u-qualitaet.jpg\",\"width\":1359,\"height\":944,\"caption\":\"Die Gewinner des STEP Award von 2016. (\u00a9 Dirk Beichert BusinessPhoto f\u00fcr FBM)\"},{\"@type\":\"BreadcrumbList\",\"@id\":\"https:\/\/www.organisator.ch\/bewerbungsstart-des-step-awards-2017\/#breadcrumb\",\"itemListElement\":[{\"@type\":\"ListItem\",\"position\":1,\"name\":\"Unkategorisiert\",\"item\":\"https:\/\/www.m-q.ch\/it\/categoria\/senza-categoria\/\"},{\"@type\":\"ListItem\",\"position\":2,\"name\":\"Jetzt f\u00fcr den STEP Award 2017 bewerben\"}]},{\"@type\":\"WebSite\",\"@id\":\"https:\/\/www.m-q.ch\/fr\/#website\",\"url\":\"https:\/\/www.m-q.ch\/fr\/\",\"name\":\"MQ Management und Qualit\u00e4t\",\"description\":\"Plattform f\u00fcr integrierte Managementsysteme.\",\"publisher\":{\"@id\":\"https:\/\/www.m-q.ch\/fr\/#organization\"},\"potentialAction\":[{\"@type\":\"SearchAction\",\"target\":{\"@type\":\"EntryPoint\",\"urlTemplate\":\"https:\/\/www.m-q.ch\/fr\/?s={search_term_string}\"},\"query-input\":{\"@type\":\"PropertyValueSpecification\",\"valueRequired\":true,\"valueName\":\"search_term_string\"}}],\"inLanguage\":\"fr-FR\"},{\"@type\":\"Organization\",\"@id\":\"https:\/\/www.m-q.ch\/fr\/#organization\",\"name\":\"Galledia Fachmedien AG\",\"url\":\"https:\/\/www.m-q.ch\/fr\/\",\"logo\":{\"@type\":\"ImageObject\",\"inLanguage\":\"fr-FR\",\"@id\":\"https:\/\/www.m-q.ch\/fr\/#\/schema\/logo\/image\/\",\"url\":\"https:\/\/www.m-q.ch\/wp-content\/uploads\/2020\/12\/cropped-logo_small.png\",\"contentUrl\":\"https:\/\/www.m-q.ch\/wp-content\/uploads\/2020\/12\/cropped-logo_small.png\",\"width\":512,\"height\":512,\"caption\":\"Galledia Fachmedien AG\"},\"image\":{\"@id\":\"https:\/\/www.m-q.ch\/fr\/#\/schema\/logo\/image\/\"},\"sameAs\":[\"https:\/\/www.facebook.com\/ManagementUndQualitaet\",\"https:\/\/www.linkedin.com\/showcase\/17982321\/admin\/\"]},{\"@type\":\"Person\",\"@id\":\"https:\/\/www.m-q.ch\/fr\/#\/schema\/person\/47d540e081acd98ccbeb69b55df653d7\",\"name\":\"Roger Str\u00e4ssle\",\"image\":{\"@type\":\"ImageObject\",\"inLanguage\":\"fr-FR\",\"@id\":\"https:\/\/www.m-q.ch\/fr\/#\/schema\/person\/image\/\",\"url\":\"https:\/\/secure.gravatar.com\/avatar\/e4dde3046d8a184d2e2d27651a418883?s=96&d=mm&r=g\",\"contentUrl\":\"https:\/\/secure.gravatar.com\/avatar\/e4dde3046d8a184d2e2d27651a418883?s=96&d=mm&r=g\",\"caption\":\"Roger Str\u00e4ssle\"},\"url\":\"https:\/\/www.m-q.ch\/fr\/author\/roger-straessle\/\"}]}<\/script>\n<!-- \/ Yoast SEO plugin. -->","yoast_head_json":{"title":"Postulez d\u00e8s maintenant pour le prix STEP 2017 - MQ Management und Qualit\u00e4t","description":"La phase de candidature du \"Prix STEP\" est ouverte. Le concours s'adresse aux entreprises innovantes dans le domaine des sciences, des technologies et des TIC.","robots":{"index":"index","follow":"follow","max-snippet":"max-snippet:-1","max-image-preview":"max-image-preview:large","max-video-preview":"max-video-preview:-1"},"canonical":"https:\/\/www.organisator.ch\/bewerbungsstart-des-step-awards-2017\/","og_locale":"fr_FR","og_type":"article","og_title":"Jetzt f\u00fcr den STEP Award 2017 bewerben - MQ Management und Qualit\u00e4t","og_description":"Die Bewerbungsphase des \u201eSTEP Awards\u201c ist er\u00f6ffnet. Der Wettbewerb richtet sich an innovative Science-, Technologie- und IKT-Unternehmen.","og_url":"https:\/\/www.organisator.ch\/bewerbungsstart-des-step-awards-2017\/","og_site_name":"MQ Management und Qualit\u00e4t","article_publisher":"https:\/\/www.facebook.com\/ManagementUndQualitaet","article_published_time":"2017-04-27T11:43:57+00:00","article_modified_time":"2017-04-27T11:45:46+00:00","og_image":[{"width":1359,"height":944,"url":"https:\/\/www.m-q.ch\/wp-content\/uploads\/2017\/04\/STEP-Award-2017_mq-management-u-qualitaet.jpg","type":"image\/jpeg"}],"author":"Roger Str\u00e4ssle","twitter_card":"summary_large_image","twitter_misc":{"\u00c9crit par":"Roger Str\u00e4ssle","Dur\u00e9e de lecture estim\u00e9e":"1 minute"},"schema":{"@context":"https:\/\/schema.org","@graph":[{"@type":"Article","@id":"https:\/\/www.organisator.ch\/bewerbungsstart-des-step-awards-2017\/#article","isPartOf":{"@id":"https:\/\/www.m-q.ch\/it\/apply-now-for-the-step-award-2017\/"},"author":{"name":"Roger Str\u00e4ssle","@id":"https:\/\/www.m-q.ch\/fr\/#\/schema\/person\/47d540e081acd98ccbeb69b55df653d7"},"headline":"Jetzt f\u00fcr den STEP Award 2017 bewerben","datePublished":"2017-04-27T11:43:57+00:00","dateModified":"2017-04-27T11:45:46+00:00","mainEntityOfPage":{"@id":"https:\/\/www.m-q.ch\/it\/apply-now-for-the-step-award-2017\/"},"wordCount":260,"commentCount":0,"publisher":{"@id":"https:\/\/www.m-q.ch\/fr\/#organization"},"image":{"@id":"https:\/\/www.organisator.ch\/bewerbungsstart-des-step-awards-2017\/#primaryimage"},"thumbnailUrl":"https:\/\/www.m-q.ch\/wp-content\/uploads\/2017\/04\/STEP-Award-2017_mq-management-u-qualitaet.jpg","articleSection":["Unkategorisiert"],"inLanguage":"fr-FR"},{"@type":"WebPage","@id":"https:\/\/www.m-q.ch\/it\/apply-now-for-the-step-award-2017\/","url":"https:\/\/www.organisator.ch\/bewerbungsstart-des-step-awards-2017\/","name":"Postulez d\u00e8s maintenant pour le prix STEP 2017 - MQ Management und Qualit\u00e4t","isPartOf":{"@id":"https:\/\/www.m-q.ch\/fr\/#website"},"primaryImageOfPage":{"@id":"https:\/\/www.organisator.ch\/bewerbungsstart-des-step-awards-2017\/#primaryimage"},"image":{"@id":"https:\/\/www.organisator.ch\/bewerbungsstart-des-step-awards-2017\/#primaryimage"},"thumbnailUrl":"https:\/\/www.m-q.ch\/wp-content\/uploads\/2017\/04\/STEP-Award-2017_mq-management-u-qualitaet.jpg","datePublished":"2017-04-27T11:43:57+00:00","dateModified":"2017-04-27T11:45:46+00:00","description":"La phase de candidature du \"Prix STEP\" est ouverte. Le concours s'adresse aux entreprises innovantes dans le domaine des sciences, des technologies et des TIC.","breadcrumb":{"@id":"https:\/\/www.organisator.ch\/bewerbungsstart-des-step-awards-2017\/#breadcrumb"},"inLanguage":"fr-FR","potentialAction":[{"@type":"ReadAction","target":["https:\/\/www.organisator.ch\/bewerbungsstart-des-step-awards-2017\/"]}]},{"@type":"ImageObject","inLanguage":"fr-FR","@id":"https:\/\/www.organisator.ch\/bewerbungsstart-des-step-awards-2017\/#primaryimage","url":"https:\/\/www.m-q.ch\/wp-content\/uploads\/2017\/04\/STEP-Award-2017_mq-management-u-qualitaet.jpg","contentUrl":"https:\/\/www.m-q.ch\/wp-content\/uploads\/2017\/04\/STEP-Award-2017_mq-management-u-qualitaet.jpg","width":1359,"height":944,"caption":"Die Gewinner des STEP Award von 2016. (\u00a9 Dirk Beichert BusinessPhoto f\u00fcr FBM)"},{"@type":"BreadcrumbList","@id":"https:\/\/www.organisator.ch\/bewerbungsstart-des-step-awards-2017\/#breadcrumb","itemListElement":[{"@type":"ListItem","position":1,"name":"Unkategorisiert","item":"https:\/\/www.m-q.ch\/it\/categoria\/senza-categoria\/"},{"@type":"ListItem","position":2,"name":"Jetzt f\u00fcr den STEP Award 2017 bewerben"}]},{"@type":"WebSite","@id":"https:\/\/www.m-q.ch\/fr\/#website","url":"https:\/\/www.m-q.ch\/fr\/","name":"Gestion et qualit\u00e9 du QM","description":"Plate-forme pour les syst\u00e8mes de gestion int\u00e9gr\u00e9e.","publisher":{"@id":"https:\/\/www.m-q.ch\/fr\/#organization"},"potentialAction":[{"@type":"SearchAction","target":{"@type":"EntryPoint","urlTemplate":"https:\/\/www.m-q.ch\/fr\/?s={search_term_string}"},"query-input":{"@type":"PropertyValueSpecification","valueRequired":true,"valueName":"search_term_string"}}],"inLanguage":"fr-FR"},{"@type":"Organization","@id":"https:\/\/www.m-q.ch\/fr\/#organization","name":"Galledia Trade Media AG","url":"https:\/\/www.m-q.ch\/fr\/","logo":{"@type":"ImageObject","inLanguage":"fr-FR","@id":"https:\/\/www.m-q.ch\/fr\/#\/schema\/logo\/image\/","url":"https:\/\/www.m-q.ch\/wp-content\/uploads\/2020\/12\/cropped-logo_small.png","contentUrl":"https:\/\/www.m-q.ch\/wp-content\/uploads\/2020\/12\/cropped-logo_small.png","width":512,"height":512,"caption":"Galledia Fachmedien AG"},"image":{"@id":"https:\/\/www.m-q.ch\/fr\/#\/schema\/logo\/image\/"},"sameAs":["https:\/\/www.facebook.com\/ManagementUndQualitaet","https:\/\/www.linkedin.com\/showcase\/17982321\/admin\/"]},{"@type":"Person","@id":"https:\/\/www.m-q.ch\/fr\/#\/schema\/person\/47d540e081acd98ccbeb69b55df653d7","name":"Roger Str\u00e4ssle","image":{"@type":"ImageObject","inLanguage":"fr-FR","@id":"https:\/\/www.m-q.ch\/fr\/#\/schema\/person\/image\/","url":"https:\/\/secure.gravatar.com\/avatar\/e4dde3046d8a184d2e2d27651a418883?s=96&d=mm&r=g","contentUrl":"https:\/\/secure.gravatar.com\/avatar\/e4dde3046d8a184d2e2d27651a418883?s=96&d=mm&r=g","caption":"Roger Str\u00e4ssle"},"url":"https:\/\/www.m-q.ch\/fr\/author\/roger-straessle\/"}]}},"_links":{"self":[{"href":"https:\/\/www.m-q.ch\/fr\/wp-json\/wp\/v2\/posts\/1391","targetHints":{"allow":["GET"]}}],"collection":[{"href":"https:\/\/www.m-q.ch\/fr\/wp-json\/wp\/v2\/posts"}],"about":[{"href":"https:\/\/www.m-q.ch\/fr\/wp-json\/wp\/v2\/types\/post"}],"author":[{"embeddable":true,"href":"https:\/\/www.m-q.ch\/fr\/wp-json\/wp\/v2\/users\/35"}],"replies":[{"embeddable":true,"href":"https:\/\/www.m-q.ch\/fr\/wp-json\/wp\/v2\/comments?post=1391"}],"version-history":[{"count":2,"href":"https:\/\/www.m-q.ch\/fr\/wp-json\/wp\/v2\/posts\/1391\/revisions"}],"predecessor-version":[{"id":1394,"href":"https:\/\/www.m-q.ch\/fr\/wp-json\/wp\/v2\/posts\/1391\/revisions\/1394"}],"wp:featuredmedia":[{"embeddable":true,"href":"https:\/\/www.m-q.ch\/fr\/wp-json\/wp\/v2\/media\/1392"}],"wp:attachment":[{"href":"https:\/\/www.m-q.ch\/fr\/wp-json\/wp\/v2\/media?parent=1391"}],"wp:term":[{"taxonomy":"category","embeddable":true,"href":"https:\/\/www.m-q.ch\/fr\/wp-json\/wp\/v2\/categories?post=1391"},{"taxonomy":"post_tag","embeddable":true,"href":"https:\/\/www.m-q.ch\/fr\/wp-json\/wp\/v2\/tags?post=1391"}],"curies":[{"name":"wp","href":"https:\/\/api.w.org\/{rel}","templated":true}]}}