{"id":13931,"date":"2021-03-25T08:38:29","date_gmt":"2021-03-25T07:38:29","guid":{"rendered":"https:\/\/www.m-q.ch\/?p=13931"},"modified":"2021-03-30T10:14:51","modified_gmt":"2021-03-30T08:14:51","slug":"faelschungen-suisse","status":"publish","type":"post","link":"https:\/\/www.m-q.ch\/fr\/faelschungen-schweiz\/","title":{"rendered":"La contrefa\u00e7on co\u00fbte cher \u00e0 la Suisse"},"content":{"rendered":"<figure id=\"attachment_13932\" aria-describedby=\"caption-attachment-13932\" style=\"width: 2500px\" class=\"wp-caption aligncenter\"><img loading=\"lazy\" decoding=\"async\" class=\"size-full wp-image-13932\" src=\"https:\/\/www.m-q.ch\/wp-content\/uploads\/2021\/03\/65823.jpg\" alt=\"Marques de contrefa\u00e7on\" width=\"2500\" height=\"1667\" srcset=\"https:\/\/www.m-q.ch\/wp-content\/uploads\/2021\/03\/65823.jpg 2500w, https:\/\/www.m-q.ch\/wp-content\/uploads\/2021\/03\/65823-768x512.jpg 768w, https:\/\/www.m-q.ch\/wp-content\/uploads\/2021\/03\/65823-1536x1024.jpg 1536w, https:\/\/www.m-q.ch\/wp-content\/uploads\/2021\/03\/65823-2048x1366.jpg 2048w, https:\/\/www.m-q.ch\/wp-content\/uploads\/2021\/03\/65823-16x12.jpg 16w, https:\/\/www.m-q.ch\/wp-content\/uploads\/2021\/03\/65823-262x175.jpg 262w, https:\/\/www.m-q.ch\/wp-content\/uploads\/2021\/03\/65823-525x350.jpg 525w, https:\/\/www.m-q.ch\/wp-content\/uploads\/2021\/03\/65823-1200x800.jpg 1200w, https:\/\/www.m-q.ch\/wp-content\/uploads\/2021\/03\/65823-920x613.jpg 920w, https:\/\/www.m-q.ch\/wp-content\/uploads\/2021\/03\/65823-1400x934.jpg 1400w, https:\/\/www.m-q.ch\/wp-content\/uploads\/2021\/03\/65823-300x200.jpg 300w\" sizes=\"auto, (max-width: 2500px) 100vw, 2500px\" \/><figcaption id=\"caption-attachment-13932\" class=\"wp-caption-text\">\u00a9 zVg<\/figcaption><\/figure>\n<p>Le commerce mondial de produits \"suisses\" contrefaits, tels que des montres, des appareils m\u00e9nagers ou des m\u00e9dicaments, cause des dommages \u00e9conomiques tr\u00e8s importants en Suisse, en plus de certaines cons\u00e9quences sanitaires. En 2018, des clients du monde entier ont pay\u00e9 plus de 2 milliards de francs suisses pour des produits \"suisses\" contrefaits - en croyant acheter un original. A long terme, cela menace la bonne r\u00e9putation des entreprises suisses. C'est ce que montre une nouvelle \u00e9tude de l'Organisation de coop\u00e9ration et de d\u00e9veloppement \u00e9conomiques (OCDE) command\u00e9e par l'Institut f\u00e9d\u00e9ral de la propri\u00e9t\u00e9 intellectuelle (IPI).<\/p>\n<p>En plus de la bonne r\u00e9putation, les ventes en p\u00e2tissent \u00e9galement : Les entreprises suisses ont \u00e9t\u00e9 escroqu\u00e9es d'environ 4,5 milliards de francs de chiffre d'affaires en 2018. Le secteur de l'horlogerie et de la bijouterie a \u00e9t\u00e9 le plus durement touch\u00e9. Elle a perdu environ 2 milliards de francs de chiffre d'affaires. Mais les contrefacteurs ont \u00e9galement cibl\u00e9 les produits des industries des machines, de l'\u00e9lectricit\u00e9 et du m\u00e9tal : Le chiffre d'affaires de ces industries a \u00e9t\u00e9 r\u00e9duit d'environ 1,2 milliard de francs. D'autres produits fr\u00e9quemment contrefaits avec un label suisse \u00e9taient des v\u00eatements et des chaussures. Depuis l'apparition de la pand\u00e9mie de Corona et en raison de l'augmentation du commerce en ligne, les m\u00e9dicaments contrefaits sont \u00e9galement de plus en plus saisis.<\/p>\n<p>Selon l'OCDE, la grande majorit\u00e9 des \"faux suisses\" provenaient de Chine et de Hong Kong, suivis de Singapour et de la Turquie. L'Inde \u00e9tait \u00e9galement impliqu\u00e9e dans la contrefa\u00e7on de m\u00e9dicaments.<strong>\u00a0<\/strong><\/p>\n<p><strong>Le mauvais jeu co\u00fbte des milliers d'emplois<\/strong><\/p>\n<p>Moins de rotation signifie aussi moins d'emplois : Selon l'OCDE, les entreprises suisses auraient pu offrir plus de 10 000 emplois suppl\u00e9mentaires en 2018 sans le secteur de la contrefa\u00e7on. \u00c0 elle seule, l'industrie de l'horlogerie et de la bijouterie a perdu quatre emplois sur dix. Mais le secteur public a \u00e9galement \u00e9t\u00e9 touch\u00e9 : Selon les estimations des auteurs de l'\u00e9tude, elle a perdu des revenus s'\u00e9levant \u00e0 pr\u00e8s de 160 millions de francs suisses.<\/p>\n<p>Pour cette \u00e9tude, l'OCDE a pris en compte toutes les contrefa\u00e7ons saisies dans le monde, qui violaient principalement les droits de marque des entreprises suisses. Les auteurs ont tenu compte du fait que les consommateurs ont d\u00e9lib\u00e9r\u00e9ment achet\u00e9 une contrefa\u00e7on dans environ la moiti\u00e9 des cas ; un tel achat ne peut donc en grande partie se substituer \u00e0 l'achat d'un produit original.<strong>\u00a0<\/strong><\/p>\n<p><strong>Action accrue des autorit\u00e9s et de l'industrie<\/strong><\/p>\n<p>Gr\u00e2ce \u00e0 cette \u00e9tude, l'impact de l'industrie mondiale de la contrefa\u00e7on sur la Suisse a \u00e9t\u00e9 quantifi\u00e9 pour la premi\u00e8re fois. \"Les pertes sont si consid\u00e9rables qu'elles n\u00e9cessitent une action d\u00e9cisive de notre part \u00e0 tous\", d\u00e9clare Anastasia Li-Treyer, directrice g\u00e9n\u00e9rale de l'association suisse des produits de marque Promarca et pr\u00e9sidente de la Plateforme suisse contre la contrefa\u00e7on et le piratage. \"<a href=\"http:\/\/www.stop-piracy.ch\">STOP A LA PIRATERIE<\/a>\" aux r\u00e9sultats.<\/p>\n<p>Les autorit\u00e9s et l'industrie travaillent d\u00e9j\u00e0 ensemble pour lutter contre le secteur de la contrefa\u00e7on, par exemple avec des campagnes de sensibilisation des consommateurs. Pour M. Li-Treyer, l'\u00e9tude constitue une base solide pour la prise de d\u00e9cisions afin de pouvoir - avec les responsables politiques - d\u00e9jouer les machinations des contrefacteurs de mani\u00e8re encore plus cibl\u00e9e. \u00c0 l'avenir, par exemple, l'IPI travaillera encore plus intens\u00e9ment \u00e0 l'\u00e9laboration de normes minimales pour l'application des droits de propri\u00e9t\u00e9 intellectuelle dans les accords de libre-\u00e9change. L'objectif est de d\u00e9couvrir et d'arr\u00eater les activit\u00e9s des contrefacteurs l\u00e0 o\u00f9 commence l'atteinte aux droits.<\/p>\n<p><em>Source : Institut f\u00e9d\u00e9ral suisse de la propri\u00e9t\u00e9 intellectuelle<\/em><\/p>\n<p>&nbsp;<\/p>","protected":false},"excerpt":{"rendered":"<p>Der weltweite Handel mit gef\u00e4lschten \u00abSchweizer\u00bb Produkten wie Uhren, Haushaltsger\u00e4ten oder Medikamenten verursacht in der Schweiz nebst teilweise gesundheitlichen Folgen sehr grosse wirtschaftliche Sch\u00e4den. So zahlten 2018 Kundinnen und Kunden auf der ganzen Welt \u00fcber 2 Milliarden Franken f\u00fcr gef\u00e4lschte \u00abSchweizer\u00bb Produkte \u2013 im Glauben, ein Original zu erwerben. Langfristig bedroht das den guten Ruf [&hellip;]<\/p>\n","protected":false},"author":35,"featured_media":13932,"comment_status":"closed","ping_status":"closed","sticky":false,"template":"","format":"standard","meta":{"_acf_changed":false,"footnotes":""},"categories":[4],"tags":[],"class_list":["post-13931","post","type-post","status-publish","format-standard","has-post-thumbnail","hentry","category-risikomanagement"],"acf":[],"yoast_head":"<!-- This site is optimized with the Yoast SEO plugin v26.2 - https:\/\/yoast.com\/wordpress\/plugins\/seo\/ -->\n<title>F\u00e4lschungen kommen die Schweiz teuer zu stehen - MQ Management und Qualit\u00e4t<\/title>\n<meta name=\"description\" content=\"F\u00e4lschungen schadet dem guten Ruf von Schweizer Unternehmen und schm\u00e4lert ihre Ums\u00e4tze j\u00e4hrlich in Milliardenh\u00f6he.\" \/>\n<meta name=\"robots\" content=\"index, follow, max-snippet:-1, max-image-preview:large, max-video-preview:-1\" \/>\n<link rel=\"canonical\" href=\"https:\/\/www.m-q.ch\/fr\/faelschungen-suisse\/\" \/>\n<meta property=\"og:locale\" content=\"fr_FR\" \/>\n<meta property=\"og:type\" content=\"article\" \/>\n<meta property=\"og:title\" content=\"F\u00e4lschungen kommen die Schweiz teuer zu stehen - MQ Management und Qualit\u00e4t\" \/>\n<meta property=\"og:description\" content=\"F\u00e4lschungen schadet dem guten Ruf von Schweizer Unternehmen und schm\u00e4lert ihre Ums\u00e4tze j\u00e4hrlich in Milliardenh\u00f6he.\" \/>\n<meta property=\"og:url\" content=\"https:\/\/www.m-q.ch\/fr\/faelschungen-suisse\/\" \/>\n<meta property=\"og:site_name\" content=\"MQ Management und Qualit\u00e4t\" \/>\n<meta property=\"article:publisher\" content=\"https:\/\/www.facebook.com\/ManagementUndQualitaet\" \/>\n<meta property=\"article:published_time\" content=\"2021-03-25T07:38:29+00:00\" \/>\n<meta property=\"article:modified_time\" content=\"2021-03-30T08:14:51+00:00\" \/>\n<meta property=\"og:image\" content=\"https:\/\/www.m-q.ch\/wp-content\/uploads\/2021\/03\/65823.jpg\" \/>\n\t<meta property=\"og:image:width\" content=\"2500\" \/>\n\t<meta property=\"og:image:height\" content=\"1667\" \/>\n\t<meta property=\"og:image:type\" content=\"image\/jpeg\" \/>\n<meta name=\"author\" content=\"Roger Str\u00e4ssle\" \/>\n<meta name=\"twitter:card\" content=\"summary_large_image\" \/>\n<meta name=\"twitter:label1\" content=\"\u00c9crit par\" \/>\n\t<meta name=\"twitter:data1\" content=\"Roger Str\u00e4ssle\" \/>\n\t<meta name=\"twitter:label2\" content=\"Dur\u00e9e de lecture estim\u00e9e\" \/>\n\t<meta name=\"twitter:data2\" content=\"3 minutes\" \/>\n<script type=\"application\/ld+json\" class=\"yoast-schema-graph\">{\"@context\":\"https:\/\/schema.org\",\"@graph\":[{\"@type\":\"Article\",\"@id\":\"https:\/\/www.m-q.ch\/faelschungen-schweiz\/#article\",\"isPartOf\":{\"@id\":\"https:\/\/www.m-q.ch\/faelschungen-schweiz\/\"},\"author\":{\"name\":\"Roger Str\u00e4ssle\",\"@id\":\"https:\/\/www.m-q.ch\/fr\/#\/schema\/person\/47d540e081acd98ccbeb69b55df653d7\"},\"headline\":\"F\u00e4lschungen kommen die Schweiz teuer zu stehen\",\"datePublished\":\"2021-03-25T07:38:29+00:00\",\"dateModified\":\"2021-03-30T08:14:51+00:00\",\"mainEntityOfPage\":{\"@id\":\"https:\/\/www.m-q.ch\/faelschungen-schweiz\/\"},\"wordCount\":514,\"publisher\":{\"@id\":\"https:\/\/www.m-q.ch\/fr\/#organization\"},\"image\":{\"@id\":\"https:\/\/www.m-q.ch\/faelschungen-schweiz\/#primaryimage\"},\"thumbnailUrl\":\"https:\/\/www.m-q.ch\/wp-content\/uploads\/2021\/03\/65823.jpg\",\"articleSection\":[\"Risikomanagement\"],\"inLanguage\":\"fr-FR\"},{\"@type\":\"WebPage\",\"@id\":\"https:\/\/www.m-q.ch\/faelschungen-schweiz\/\",\"url\":\"https:\/\/www.m-q.ch\/faelschungen-schweiz\/\",\"name\":\"F\u00e4lschungen kommen die Schweiz teuer zu stehen - MQ Management und Qualit\u00e4t\",\"isPartOf\":{\"@id\":\"https:\/\/www.m-q.ch\/fr\/#website\"},\"primaryImageOfPage\":{\"@id\":\"https:\/\/www.m-q.ch\/faelschungen-schweiz\/#primaryimage\"},\"image\":{\"@id\":\"https:\/\/www.m-q.ch\/faelschungen-schweiz\/#primaryimage\"},\"thumbnailUrl\":\"https:\/\/www.m-q.ch\/wp-content\/uploads\/2021\/03\/65823.jpg\",\"datePublished\":\"2021-03-25T07:38:29+00:00\",\"dateModified\":\"2021-03-30T08:14:51+00:00\",\"description\":\"F\u00e4lschungen schadet dem guten Ruf von Schweizer Unternehmen und schm\u00e4lert ihre Ums\u00e4tze j\u00e4hrlich in Milliardenh\u00f6he.\",\"breadcrumb\":{\"@id\":\"https:\/\/www.m-q.ch\/faelschungen-schweiz\/#breadcrumb\"},\"inLanguage\":\"fr-FR\",\"potentialAction\":[{\"@type\":\"ReadAction\",\"target\":[\"https:\/\/www.m-q.ch\/faelschungen-schweiz\/\"]}]},{\"@type\":\"ImageObject\",\"inLanguage\":\"fr-FR\",\"@id\":\"https:\/\/www.m-q.ch\/faelschungen-schweiz\/#primaryimage\",\"url\":\"https:\/\/www.m-q.ch\/wp-content\/uploads\/2021\/03\/65823.jpg\",\"contentUrl\":\"https:\/\/www.m-q.ch\/wp-content\/uploads\/2021\/03\/65823.jpg\",\"width\":2500,\"height\":1667,\"caption\":\"\u00a9 zVg\"},{\"@type\":\"BreadcrumbList\",\"@id\":\"https:\/\/www.m-q.ch\/faelschungen-schweiz\/#breadcrumb\",\"itemListElement\":[{\"@type\":\"ListItem\",\"position\":1,\"name\":\"Risikomanagement\",\"item\":\"https:\/\/www.m-q.ch\/kategorie\/risikomanagement\/\"},{\"@type\":\"ListItem\",\"position\":2,\"name\":\"F\u00e4lschungen kommen die Schweiz teuer zu stehen\"}]},{\"@type\":\"WebSite\",\"@id\":\"https:\/\/www.m-q.ch\/fr\/#website\",\"url\":\"https:\/\/www.m-q.ch\/fr\/\",\"name\":\"MQ Management und Qualit\u00e4t\",\"description\":\"Plattform f\u00fcr integrierte Managementsysteme.\",\"publisher\":{\"@id\":\"https:\/\/www.m-q.ch\/fr\/#organization\"},\"potentialAction\":[{\"@type\":\"SearchAction\",\"target\":{\"@type\":\"EntryPoint\",\"urlTemplate\":\"https:\/\/www.m-q.ch\/fr\/?s={search_term_string}\"},\"query-input\":{\"@type\":\"PropertyValueSpecification\",\"valueRequired\":true,\"valueName\":\"search_term_string\"}}],\"inLanguage\":\"fr-FR\"},{\"@type\":\"Organization\",\"@id\":\"https:\/\/www.m-q.ch\/fr\/#organization\",\"name\":\"Galledia Fachmedien AG\",\"url\":\"https:\/\/www.m-q.ch\/fr\/\",\"logo\":{\"@type\":\"ImageObject\",\"inLanguage\":\"fr-FR\",\"@id\":\"https:\/\/www.m-q.ch\/fr\/#\/schema\/logo\/image\/\",\"url\":\"https:\/\/www.m-q.ch\/wp-content\/uploads\/2020\/12\/cropped-logo_small.png\",\"contentUrl\":\"https:\/\/www.m-q.ch\/wp-content\/uploads\/2020\/12\/cropped-logo_small.png\",\"width\":512,\"height\":512,\"caption\":\"Galledia Fachmedien AG\"},\"image\":{\"@id\":\"https:\/\/www.m-q.ch\/fr\/#\/schema\/logo\/image\/\"},\"sameAs\":[\"https:\/\/www.facebook.com\/ManagementUndQualitaet\",\"https:\/\/www.linkedin.com\/showcase\/17982321\/admin\/\"]},{\"@type\":\"Person\",\"@id\":\"https:\/\/www.m-q.ch\/fr\/#\/schema\/person\/47d540e081acd98ccbeb69b55df653d7\",\"name\":\"Roger Str\u00e4ssle\",\"image\":{\"@type\":\"ImageObject\",\"inLanguage\":\"fr-FR\",\"@id\":\"https:\/\/www.m-q.ch\/fr\/#\/schema\/person\/image\/\",\"url\":\"https:\/\/secure.gravatar.com\/avatar\/e4dde3046d8a184d2e2d27651a418883?s=96&d=mm&r=g\",\"contentUrl\":\"https:\/\/secure.gravatar.com\/avatar\/e4dde3046d8a184d2e2d27651a418883?s=96&d=mm&r=g\",\"caption\":\"Roger Str\u00e4ssle\"},\"url\":\"https:\/\/www.m-q.ch\/fr\/author\/roger-straessle\/\"}]}<\/script>\n<!-- \/ Yoast SEO plugin. -->","yoast_head_json":{"title":"La contrefa\u00e7on co\u00fbte cher \u00e0 la Suisse - MQ Management und Qualit\u00e4t","description":"La contrefa\u00e7on porte atteinte \u00e0 la bonne r\u00e9putation des entreprises suisses et r\u00e9duit leurs ventes de plusieurs milliards chaque ann\u00e9e.","robots":{"index":"index","follow":"follow","max-snippet":"max-snippet:-1","max-image-preview":"max-image-preview:large","max-video-preview":"max-video-preview:-1"},"canonical":"https:\/\/www.m-q.ch\/fr\/faelschungen-suisse\/","og_locale":"fr_FR","og_type":"article","og_title":"F\u00e4lschungen kommen die Schweiz teuer zu stehen - MQ Management und Qualit\u00e4t","og_description":"F\u00e4lschungen schadet dem guten Ruf von Schweizer Unternehmen und schm\u00e4lert ihre Ums\u00e4tze j\u00e4hrlich in Milliardenh\u00f6he.","og_url":"https:\/\/www.m-q.ch\/fr\/faelschungen-suisse\/","og_site_name":"MQ Management und Qualit\u00e4t","article_publisher":"https:\/\/www.facebook.com\/ManagementUndQualitaet","article_published_time":"2021-03-25T07:38:29+00:00","article_modified_time":"2021-03-30T08:14:51+00:00","og_image":[{"width":2500,"height":1667,"url":"https:\/\/www.m-q.ch\/wp-content\/uploads\/2021\/03\/65823.jpg","type":"image\/jpeg"}],"author":"Roger Str\u00e4ssle","twitter_card":"summary_large_image","twitter_misc":{"\u00c9crit par":"Roger Str\u00e4ssle","Dur\u00e9e de lecture estim\u00e9e":"3 minutes"},"schema":{"@context":"https:\/\/schema.org","@graph":[{"@type":"Article","@id":"https:\/\/www.m-q.ch\/faelschungen-schweiz\/#article","isPartOf":{"@id":"https:\/\/www.m-q.ch\/faelschungen-schweiz\/"},"author":{"name":"Roger Str\u00e4ssle","@id":"https:\/\/www.m-q.ch\/fr\/#\/schema\/person\/47d540e081acd98ccbeb69b55df653d7"},"headline":"F\u00e4lschungen kommen die Schweiz teuer zu stehen","datePublished":"2021-03-25T07:38:29+00:00","dateModified":"2021-03-30T08:14:51+00:00","mainEntityOfPage":{"@id":"https:\/\/www.m-q.ch\/faelschungen-schweiz\/"},"wordCount":514,"publisher":{"@id":"https:\/\/www.m-q.ch\/fr\/#organization"},"image":{"@id":"https:\/\/www.m-q.ch\/faelschungen-schweiz\/#primaryimage"},"thumbnailUrl":"https:\/\/www.m-q.ch\/wp-content\/uploads\/2021\/03\/65823.jpg","articleSection":["Risikomanagement"],"inLanguage":"fr-FR"},{"@type":"WebPage","@id":"https:\/\/www.m-q.ch\/faelschungen-schweiz\/","url":"https:\/\/www.m-q.ch\/faelschungen-schweiz\/","name":"La contrefa\u00e7on co\u00fbte cher \u00e0 la Suisse - MQ Management und Qualit\u00e4t","isPartOf":{"@id":"https:\/\/www.m-q.ch\/fr\/#website"},"primaryImageOfPage":{"@id":"https:\/\/www.m-q.ch\/faelschungen-schweiz\/#primaryimage"},"image":{"@id":"https:\/\/www.m-q.ch\/faelschungen-schweiz\/#primaryimage"},"thumbnailUrl":"https:\/\/www.m-q.ch\/wp-content\/uploads\/2021\/03\/65823.jpg","datePublished":"2021-03-25T07:38:29+00:00","dateModified":"2021-03-30T08:14:51+00:00","description":"La contrefa\u00e7on porte atteinte \u00e0 la bonne r\u00e9putation des entreprises suisses et r\u00e9duit leurs ventes de plusieurs milliards chaque ann\u00e9e.","breadcrumb":{"@id":"https:\/\/www.m-q.ch\/faelschungen-schweiz\/#breadcrumb"},"inLanguage":"fr-FR","potentialAction":[{"@type":"ReadAction","target":["https:\/\/www.m-q.ch\/faelschungen-schweiz\/"]}]},{"@type":"ImageObject","inLanguage":"fr-FR","@id":"https:\/\/www.m-q.ch\/faelschungen-schweiz\/#primaryimage","url":"https:\/\/www.m-q.ch\/wp-content\/uploads\/2021\/03\/65823.jpg","contentUrl":"https:\/\/www.m-q.ch\/wp-content\/uploads\/2021\/03\/65823.jpg","width":2500,"height":1667,"caption":"\u00a9 zVg"},{"@type":"BreadcrumbList","@id":"https:\/\/www.m-q.ch\/faelschungen-schweiz\/#breadcrumb","itemListElement":[{"@type":"ListItem","position":1,"name":"Risikomanagement","item":"https:\/\/www.m-q.ch\/kategorie\/risikomanagement\/"},{"@type":"ListItem","position":2,"name":"F\u00e4lschungen kommen die Schweiz teuer zu stehen"}]},{"@type":"WebSite","@id":"https:\/\/www.m-q.ch\/fr\/#website","url":"https:\/\/www.m-q.ch\/fr\/","name":"Gestion et qualit\u00e9 du QM","description":"Plate-forme pour les syst\u00e8mes de gestion int\u00e9gr\u00e9e.","publisher":{"@id":"https:\/\/www.m-q.ch\/fr\/#organization"},"potentialAction":[{"@type":"SearchAction","target":{"@type":"EntryPoint","urlTemplate":"https:\/\/www.m-q.ch\/fr\/?s={search_term_string}"},"query-input":{"@type":"PropertyValueSpecification","valueRequired":true,"valueName":"search_term_string"}}],"inLanguage":"fr-FR"},{"@type":"Organization","@id":"https:\/\/www.m-q.ch\/fr\/#organization","name":"Galledia Trade Media AG","url":"https:\/\/www.m-q.ch\/fr\/","logo":{"@type":"ImageObject","inLanguage":"fr-FR","@id":"https:\/\/www.m-q.ch\/fr\/#\/schema\/logo\/image\/","url":"https:\/\/www.m-q.ch\/wp-content\/uploads\/2020\/12\/cropped-logo_small.png","contentUrl":"https:\/\/www.m-q.ch\/wp-content\/uploads\/2020\/12\/cropped-logo_small.png","width":512,"height":512,"caption":"Galledia Fachmedien AG"},"image":{"@id":"https:\/\/www.m-q.ch\/fr\/#\/schema\/logo\/image\/"},"sameAs":["https:\/\/www.facebook.com\/ManagementUndQualitaet","https:\/\/www.linkedin.com\/showcase\/17982321\/admin\/"]},{"@type":"Person","@id":"https:\/\/www.m-q.ch\/fr\/#\/schema\/person\/47d540e081acd98ccbeb69b55df653d7","name":"Roger Str\u00e4ssle","image":{"@type":"ImageObject","inLanguage":"fr-FR","@id":"https:\/\/www.m-q.ch\/fr\/#\/schema\/person\/image\/","url":"https:\/\/secure.gravatar.com\/avatar\/e4dde3046d8a184d2e2d27651a418883?s=96&d=mm&r=g","contentUrl":"https:\/\/secure.gravatar.com\/avatar\/e4dde3046d8a184d2e2d27651a418883?s=96&d=mm&r=g","caption":"Roger Str\u00e4ssle"},"url":"https:\/\/www.m-q.ch\/fr\/author\/roger-straessle\/"}]}},"_links":{"self":[{"href":"https:\/\/www.m-q.ch\/fr\/wp-json\/wp\/v2\/posts\/13931","targetHints":{"allow":["GET"]}}],"collection":[{"href":"https:\/\/www.m-q.ch\/fr\/wp-json\/wp\/v2\/posts"}],"about":[{"href":"https:\/\/www.m-q.ch\/fr\/wp-json\/wp\/v2\/types\/post"}],"author":[{"embeddable":true,"href":"https:\/\/www.m-q.ch\/fr\/wp-json\/wp\/v2\/users\/35"}],"replies":[{"embeddable":true,"href":"https:\/\/www.m-q.ch\/fr\/wp-json\/wp\/v2\/comments?post=13931"}],"version-history":[{"count":1,"href":"https:\/\/www.m-q.ch\/fr\/wp-json\/wp\/v2\/posts\/13931\/revisions"}],"predecessor-version":[{"id":13933,"href":"https:\/\/www.m-q.ch\/fr\/wp-json\/wp\/v2\/posts\/13931\/revisions\/13933"}],"wp:featuredmedia":[{"embeddable":true,"href":"https:\/\/www.m-q.ch\/fr\/wp-json\/wp\/v2\/media\/13932"}],"wp:attachment":[{"href":"https:\/\/www.m-q.ch\/fr\/wp-json\/wp\/v2\/media?parent=13931"}],"wp:term":[{"taxonomy":"category","embeddable":true,"href":"https:\/\/www.m-q.ch\/fr\/wp-json\/wp\/v2\/categories?post=13931"},{"taxonomy":"post_tag","embeddable":true,"href":"https:\/\/www.m-q.ch\/fr\/wp-json\/wp\/v2\/tags?post=13931"}],"curies":[{"name":"wp","href":"https:\/\/api.w.org\/{rel}","templated":true}]}}