{"id":14029,"date":"2021-03-30T10:12:04","date_gmt":"2021-03-30T08:12:04","guid":{"rendered":"https:\/\/www.m-q.ch\/?p=14029"},"modified":"2021-04-01T11:51:00","modified_gmt":"2021-04-01T09:51:00","slug":"la-conseillere-detat-cesla-amarelle-devient-la-nouvelle-presidente-de-la-hes-so","status":"publish","type":"post","link":"https:\/\/www.m-q.ch\/fr\/staatsraetin-cesla-amarelle-wird-neue-praesidentin-der-hes-so\/","title":{"rendered":"La conseill\u00e8re d'Etat Cesla Amarelle devient la nouvelle pr\u00e9sidente de la HES-SO"},"content":{"rendered":"<figure id=\"attachment_14030\" aria-describedby=\"caption-attachment-14030\" style=\"width: 875px\" class=\"wp-caption aligncenter\"><img loading=\"lazy\" decoding=\"async\" class=\"size-full wp-image-14030\" src=\"https:\/\/www.m-q.ch\/wp-content\/uploads\/2021\/03\/Cesla-Amarella.jpg\" alt=\"HES-SO\" width=\"875\" height=\"597\" srcset=\"https:\/\/www.m-q.ch\/wp-content\/uploads\/2021\/03\/Cesla-Amarella.jpg 875w, https:\/\/www.m-q.ch\/wp-content\/uploads\/2021\/03\/Cesla-Amarella-768x524.jpg 768w, https:\/\/www.m-q.ch\/wp-content\/uploads\/2021\/03\/Cesla-Amarella-16x12.jpg 16w, https:\/\/www.m-q.ch\/wp-content\/uploads\/2021\/03\/Cesla-Amarella-256x175.jpg 256w, https:\/\/www.m-q.ch\/wp-content\/uploads\/2021\/03\/Cesla-Amarella-513x350.jpg 513w, https:\/\/www.m-q.ch\/wp-content\/uploads\/2021\/03\/Cesla-Amarella-300x205.jpg 300w\" sizes=\"auto, (max-width: 875px) 100vw, 875px\" \/><figcaption id=\"caption-attachment-14030\" class=\"wp-caption-text\">Cesla Amarelle (Image : <a href=\"http:\/\/www.cesla-amarelle.ch\">www.cesla-amarelle.ch<\/a>)<\/figcaption><\/figure>\n<p>&nbsp;<\/p>\n<p>Cesla Amarelle, conseill\u00e8re d'\u00c9tat et cheffe du D\u00e9partement de l'\u00e9ducation, de la jeunesse et de la culture du canton de Vaud, sera la nouvelle pr\u00e9sidente de la Commission europ\u00e9enne. <a href=\"http:\/\/WWW.HES-SO.CH\">HES-SO<\/a> pour la p\u00e9riode du 1er juillet 2021 au 30 juin 2023, la vice-pr\u00e9sidence \u00e9tant assur\u00e9e par la r\u00e9gion Arc (cantons de Neuch\u00e2tel, Jura et Berne). Amarelle n'a pas encore d\u00e9termin\u00e9 qui remplacera la conseill\u00e8re d'Etat neuch\u00e2teloise Monika Maire-Hefti au poste de vice-pr\u00e9sidente et repr\u00e9sentera la r\u00e9gion \u00e0 l'avenir.<\/p>\n<p><strong>Mandat du Recteur Luciana Vaccaro renouvel\u00e9 <\/strong><\/p>\n<p>Le Comit\u00e9 gouvernemental a \u00e9galement prolong\u00e9 le mandat du recteur Luciana Vaccaro de quatre ans, jusqu'au 30 septembre 2025. Vaccaro, qui occupe le poste de recteur depuis 2013 et dont le mandat a \u00e9t\u00e9 renouvel\u00e9 une premi\u00e8re fois en 2017, a pilot\u00e9 le d\u00e9veloppement de la HES-SO au cours des huit derni\u00e8res ann\u00e9es et positionn\u00e9 la HES-SO comme un acteur incontournable du paysage suisse de l'enseignement sup\u00e9rieur, selon le communiqu\u00e9 de presse de la HES. Le comit\u00e9 gouvernemental appr\u00e9cie son excellent travail et se r\u00e9jouit de continuer \u00e0 collaborer avec elle pour d\u00e9velopper l'offre de formation et les activit\u00e9s de recherche de l'universit\u00e9 au profit de la soci\u00e9t\u00e9 et de l'\u00e9conomie de la Suisse romande.<\/p>\n<p><strong>Un mod\u00e8le financier stable et durable <\/strong><\/p>\n<p>En outre, le Comit\u00e9 gouvernemental a approuv\u00e9 le plan de d\u00e9veloppement financier qui assurera la stabilit\u00e9 financi\u00e8re de la HES-SO et de ses cantons commanditaires pour la p\u00e9riode 2022-2024. Ce nouveau mod\u00e8le financier tient compte de l'\u00e9volution du nombre d'\u00e9tudiants dans les diff\u00e9rents programmes d'\u00e9tudes, tout en assurant un \u00e9quilibre entre les cantons et les d\u00e9partements. La HES-SO conna\u00eetra une croissance financi\u00e8re mod\u00e9r\u00e9e au cours de cette p\u00e9riode.<\/p>\n<p><strong>La num\u00e9risation et la durabilit\u00e9 en t\u00eate des priorit\u00e9s <\/strong><\/p>\n<p>Selon les informations, la HES-SO r\u00e9alisera plusieurs projets pilotes strat\u00e9giques au cours de l'ann\u00e9e 2021 dans le but de mieux int\u00e9grer les d\u00e9fis de la num\u00e9risation et de la durabilit\u00e9 dans l'enseignement. Ces approches proposeront divers outils pour promouvoir la sensibilisation \u00e0 ces questions et aux meilleures pratiques parmi les \u00e9tudiants et le corps enseignant, selon le communiqu\u00e9. Le comit\u00e9 gouvernemental a approuv\u00e9 le financement de ces projets \u00e0 la fin de 2020 pour une phase pilote qui durera jusqu'\u00e0 la fin de 2021, est-il pr\u00e9cis\u00e9. Lors de sa r\u00e9union de novembre prochain, elle d\u00e9cidera de poursuivre ou non l'op\u00e9ration, a-t-elle d\u00e9clar\u00e9.<\/p>\n<p><strong>Les hautes \u00e9coles sp\u00e9cialis\u00e9es des cantons francophones <\/strong><\/p>\n<p>Le Comit\u00e9 gouvernemental est compos\u00e9 des conseillers d'\u00c9tat en charge de l'\u00e9ducation des cantons partenaires de la HES-SO en Suisse romande : Il s'agit actuellement de Cesla Amarelle (Vaud), Olivier Curty (Fribourg), Christophe Darbellay (Valais), Anne Emery-Torracinta (Gen\u00e8ve) et Monika Maire-Hefti (Neuch\u00e2tel, repr\u00e9sentant la r\u00e9gion de l'Arc, dont le mandat expire \u00e0 la fin de la pr\u00e9sente l\u00e9gislature). Les membres du Comit\u00e9 gouvernemental exercent une supervision g\u00e9n\u00e9rale de la HES-SO et assurent sa gestion strat\u00e9gique.<\/p>\n<p><em>Source : HES-SO<\/em><\/p>","protected":false},"excerpt":{"rendered":"<p>&nbsp; Cesla Amarelle, Staatsr\u00e4tin und Vorsteherin des Bildungs-, Jugend- und Kulturdepartements des Kantons Waadt, wird neue Pr\u00e4sidentin der HES-SO f\u00fcr die Periode vom 1. Juli 2021 bis 30. Juni 2023. Das Vizepr\u00e4sidium wird von der Region Arc (Kantone Neuenburg, Jura und Bern) wahrgenommen. Amarelle muss noch bestimmen, wer die Neuenburger Staatsr\u00e4tin Monika Maire-Hefti als Vizepr\u00e4sidentin [&hellip;]<\/p>\n","protected":false},"author":35,"featured_media":14030,"comment_status":"closed","ping_status":"closed","sticky":false,"template":"","format":"standard","meta":{"_acf_changed":false,"footnotes":""},"categories":[4448],"tags":[4881,4880,4882],"class_list":["post-14029","post","type-post","status-publish","format-standard","has-post-thumbnail","hentry","category-allgemein","tag-cesla-amarelle","tag-hes-so","tag-luciana-vaccaro"],"acf":[],"yoast_head":"<!-- This site is optimized with the Yoast SEO plugin v26.2 - https:\/\/yoast.com\/wordpress\/plugins\/seo\/ -->\n<title>Staatsr\u00e4tin Cesla Amarelle wird neue Pr\u00e4sidentin der HES-SO - MQ Management und Qualit\u00e4t<\/title>\n<meta name=\"description\" content=\"Die Waadtl\u00e4nder Staatsr\u00e4tin Cesla Amarelle wird neue Pr\u00e4sidentin der Fachhochschule Westschweiz HES-SO. Sie wird Nachfolgerin von Staatsrat Olivier Curty.\" \/>\n<meta name=\"robots\" content=\"index, follow, max-snippet:-1, max-image-preview:large, max-video-preview:-1\" \/>\n<link rel=\"canonical\" href=\"https:\/\/www.m-q.ch\/fr\/la-conseillere-detat-cesla-amarelle-devient-la-nouvelle-presidente-de-la-hes-so\/\" \/>\n<meta property=\"og:locale\" content=\"fr_FR\" \/>\n<meta property=\"og:type\" content=\"article\" \/>\n<meta property=\"og:title\" content=\"Staatsr\u00e4tin Cesla Amarelle wird neue Pr\u00e4sidentin der HES-SO - MQ Management und Qualit\u00e4t\" \/>\n<meta property=\"og:description\" content=\"Die Waadtl\u00e4nder Staatsr\u00e4tin Cesla Amarelle wird neue Pr\u00e4sidentin der Fachhochschule Westschweiz HES-SO. Sie wird Nachfolgerin von Staatsrat Olivier Curty.\" \/>\n<meta property=\"og:url\" content=\"https:\/\/www.m-q.ch\/fr\/la-conseillere-detat-cesla-amarelle-devient-la-nouvelle-presidente-de-la-hes-so\/\" \/>\n<meta property=\"og:site_name\" content=\"MQ Management und Qualit\u00e4t\" \/>\n<meta property=\"article:publisher\" content=\"https:\/\/www.facebook.com\/ManagementUndQualitaet\" \/>\n<meta property=\"article:published_time\" content=\"2021-03-30T08:12:04+00:00\" \/>\n<meta property=\"article:modified_time\" content=\"2021-04-01T09:51:00+00:00\" \/>\n<meta property=\"og:image\" content=\"https:\/\/www.m-q.ch\/wp-content\/uploads\/2021\/03\/Cesla-Amarella.jpg\" \/>\n\t<meta property=\"og:image:width\" content=\"875\" \/>\n\t<meta property=\"og:image:height\" content=\"597\" \/>\n\t<meta property=\"og:image:type\" content=\"image\/jpeg\" \/>\n<meta name=\"author\" content=\"Roger Str\u00e4ssle\" \/>\n<meta name=\"twitter:card\" content=\"summary_large_image\" \/>\n<meta name=\"twitter:label1\" content=\"\u00c9crit par\" \/>\n\t<meta name=\"twitter:data1\" content=\"Roger Str\u00e4ssle\" \/>\n\t<meta name=\"twitter:label2\" content=\"Dur\u00e9e de lecture estim\u00e9e\" \/>\n\t<meta name=\"twitter:data2\" content=\"2 minutes\" \/>\n<script type=\"application\/ld+json\" class=\"yoast-schema-graph\">{\"@context\":\"https:\/\/schema.org\",\"@graph\":[{\"@type\":\"Article\",\"@id\":\"https:\/\/www.m-q.ch\/staatsraetin-cesla-amarelle-wird-neue-praesidentin-der-hes-so\/#article\",\"isPartOf\":{\"@id\":\"https:\/\/www.m-q.ch\/staatsraetin-cesla-amarelle-wird-neue-praesidentin-der-hes-so\/\"},\"author\":{\"name\":\"Roger Str\u00e4ssle\",\"@id\":\"https:\/\/www.m-q.ch\/fr\/#\/schema\/person\/47d540e081acd98ccbeb69b55df653d7\"},\"headline\":\"Staatsr\u00e4tin Cesla Amarelle wird neue Pr\u00e4sidentin der HES-SO\",\"datePublished\":\"2021-03-30T08:12:04+00:00\",\"dateModified\":\"2021-04-01T09:51:00+00:00\",\"mainEntityOfPage\":{\"@id\":\"https:\/\/www.m-q.ch\/staatsraetin-cesla-amarelle-wird-neue-praesidentin-der-hes-so\/\"},\"wordCount\":434,\"publisher\":{\"@id\":\"https:\/\/www.m-q.ch\/fr\/#organization\"},\"image\":{\"@id\":\"https:\/\/www.m-q.ch\/staatsraetin-cesla-amarelle-wird-neue-praesidentin-der-hes-so\/#primaryimage\"},\"thumbnailUrl\":\"https:\/\/www.m-q.ch\/wp-content\/uploads\/2021\/03\/Cesla-Amarella.jpg\",\"keywords\":[\"Cesla Amarelle\",\"HES-SO\",\"Luciana Vaccaro\"],\"articleSection\":[\"Allgemein\"],\"inLanguage\":\"fr-FR\"},{\"@type\":\"WebPage\",\"@id\":\"https:\/\/www.m-q.ch\/staatsraetin-cesla-amarelle-wird-neue-praesidentin-der-hes-so\/\",\"url\":\"https:\/\/www.m-q.ch\/staatsraetin-cesla-amarelle-wird-neue-praesidentin-der-hes-so\/\",\"name\":\"Staatsr\u00e4tin Cesla Amarelle wird neue Pr\u00e4sidentin der HES-SO - MQ Management und Qualit\u00e4t\",\"isPartOf\":{\"@id\":\"https:\/\/www.m-q.ch\/fr\/#website\"},\"primaryImageOfPage\":{\"@id\":\"https:\/\/www.m-q.ch\/staatsraetin-cesla-amarelle-wird-neue-praesidentin-der-hes-so\/#primaryimage\"},\"image\":{\"@id\":\"https:\/\/www.m-q.ch\/staatsraetin-cesla-amarelle-wird-neue-praesidentin-der-hes-so\/#primaryimage\"},\"thumbnailUrl\":\"https:\/\/www.m-q.ch\/wp-content\/uploads\/2021\/03\/Cesla-Amarella.jpg\",\"datePublished\":\"2021-03-30T08:12:04+00:00\",\"dateModified\":\"2021-04-01T09:51:00+00:00\",\"description\":\"Die Waadtl\u00e4nder Staatsr\u00e4tin Cesla Amarelle wird neue Pr\u00e4sidentin der Fachhochschule Westschweiz HES-SO. Sie wird Nachfolgerin von Staatsrat Olivier Curty.\",\"breadcrumb\":{\"@id\":\"https:\/\/www.m-q.ch\/staatsraetin-cesla-amarelle-wird-neue-praesidentin-der-hes-so\/#breadcrumb\"},\"inLanguage\":\"fr-FR\",\"potentialAction\":[{\"@type\":\"ReadAction\",\"target\":[\"https:\/\/www.m-q.ch\/staatsraetin-cesla-amarelle-wird-neue-praesidentin-der-hes-so\/\"]}]},{\"@type\":\"ImageObject\",\"inLanguage\":\"fr-FR\",\"@id\":\"https:\/\/www.m-q.ch\/staatsraetin-cesla-amarelle-wird-neue-praesidentin-der-hes-so\/#primaryimage\",\"url\":\"https:\/\/www.m-q.ch\/wp-content\/uploads\/2021\/03\/Cesla-Amarella.jpg\",\"contentUrl\":\"https:\/\/www.m-q.ch\/wp-content\/uploads\/2021\/03\/Cesla-Amarella.jpg\",\"width\":875,\"height\":597,\"caption\":\"Cesla Amarelle (Bild: www.cesla-amarelle.ch)\"},{\"@type\":\"BreadcrumbList\",\"@id\":\"https:\/\/www.m-q.ch\/staatsraetin-cesla-amarelle-wird-neue-praesidentin-der-hes-so\/#breadcrumb\",\"itemListElement\":[{\"@type\":\"ListItem\",\"position\":1,\"name\":\"Allgemein\",\"item\":\"https:\/\/www.m-q.ch\/kategorie\/allgemein\/\"},{\"@type\":\"ListItem\",\"position\":2,\"name\":\"Staatsr\u00e4tin Cesla Amarelle wird neue Pr\u00e4sidentin der HES-SO\"}]},{\"@type\":\"WebSite\",\"@id\":\"https:\/\/www.m-q.ch\/fr\/#website\",\"url\":\"https:\/\/www.m-q.ch\/fr\/\",\"name\":\"MQ Management und Qualit\u00e4t\",\"description\":\"Plattform f\u00fcr integrierte Managementsysteme.\",\"publisher\":{\"@id\":\"https:\/\/www.m-q.ch\/fr\/#organization\"},\"potentialAction\":[{\"@type\":\"SearchAction\",\"target\":{\"@type\":\"EntryPoint\",\"urlTemplate\":\"https:\/\/www.m-q.ch\/fr\/?s={search_term_string}\"},\"query-input\":{\"@type\":\"PropertyValueSpecification\",\"valueRequired\":true,\"valueName\":\"search_term_string\"}}],\"inLanguage\":\"fr-FR\"},{\"@type\":\"Organization\",\"@id\":\"https:\/\/www.m-q.ch\/fr\/#organization\",\"name\":\"Galledia Fachmedien AG\",\"url\":\"https:\/\/www.m-q.ch\/fr\/\",\"logo\":{\"@type\":\"ImageObject\",\"inLanguage\":\"fr-FR\",\"@id\":\"https:\/\/www.m-q.ch\/fr\/#\/schema\/logo\/image\/\",\"url\":\"https:\/\/www.m-q.ch\/wp-content\/uploads\/2020\/12\/cropped-logo_small.png\",\"contentUrl\":\"https:\/\/www.m-q.ch\/wp-content\/uploads\/2020\/12\/cropped-logo_small.png\",\"width\":512,\"height\":512,\"caption\":\"Galledia Fachmedien AG\"},\"image\":{\"@id\":\"https:\/\/www.m-q.ch\/fr\/#\/schema\/logo\/image\/\"},\"sameAs\":[\"https:\/\/www.facebook.com\/ManagementUndQualitaet\",\"https:\/\/www.linkedin.com\/showcase\/17982321\/admin\/\"]},{\"@type\":\"Person\",\"@id\":\"https:\/\/www.m-q.ch\/fr\/#\/schema\/person\/47d540e081acd98ccbeb69b55df653d7\",\"name\":\"Roger Str\u00e4ssle\",\"image\":{\"@type\":\"ImageObject\",\"inLanguage\":\"fr-FR\",\"@id\":\"https:\/\/www.m-q.ch\/fr\/#\/schema\/person\/image\/\",\"url\":\"https:\/\/secure.gravatar.com\/avatar\/e4dde3046d8a184d2e2d27651a418883?s=96&d=mm&r=g\",\"contentUrl\":\"https:\/\/secure.gravatar.com\/avatar\/e4dde3046d8a184d2e2d27651a418883?s=96&d=mm&r=g\",\"caption\":\"Roger Str\u00e4ssle\"},\"url\":\"https:\/\/www.m-q.ch\/fr\/author\/roger-straessle\/\"}]}<\/script>\n<!-- \/ Yoast SEO plugin. -->","yoast_head_json":{"title":"La conseill\u00e8re d'\u00c9tat Cesla Amarelle devient la nouvelle pr\u00e9sidente de la HES-SO - MQ Management et Qualit\u00e9","description":"Cesla Amarelle, conseill\u00e8re d'\u00c9tat vaudoise, devient la nouvelle pr\u00e9sidente de la Haute \u00e9cole sp\u00e9cialis\u00e9e de Suisse occidentale HES-SO. Elle succ\u00e9dera au conseiller d'\u00c9tat Olivier Curty.","robots":{"index":"index","follow":"follow","max-snippet":"max-snippet:-1","max-image-preview":"max-image-preview:large","max-video-preview":"max-video-preview:-1"},"canonical":"https:\/\/www.m-q.ch\/fr\/la-conseillere-detat-cesla-amarelle-devient-la-nouvelle-presidente-de-la-hes-so\/","og_locale":"fr_FR","og_type":"article","og_title":"Staatsr\u00e4tin Cesla Amarelle wird neue Pr\u00e4sidentin der HES-SO - MQ Management und Qualit\u00e4t","og_description":"Die Waadtl\u00e4nder Staatsr\u00e4tin Cesla Amarelle wird neue Pr\u00e4sidentin der Fachhochschule Westschweiz HES-SO. Sie wird Nachfolgerin von Staatsrat Olivier Curty.","og_url":"https:\/\/www.m-q.ch\/fr\/la-conseillere-detat-cesla-amarelle-devient-la-nouvelle-presidente-de-la-hes-so\/","og_site_name":"MQ Management und Qualit\u00e4t","article_publisher":"https:\/\/www.facebook.com\/ManagementUndQualitaet","article_published_time":"2021-03-30T08:12:04+00:00","article_modified_time":"2021-04-01T09:51:00+00:00","og_image":[{"width":875,"height":597,"url":"https:\/\/www.m-q.ch\/wp-content\/uploads\/2021\/03\/Cesla-Amarella.jpg","type":"image\/jpeg"}],"author":"Roger Str\u00e4ssle","twitter_card":"summary_large_image","twitter_misc":{"\u00c9crit par":"Roger Str\u00e4ssle","Dur\u00e9e de lecture estim\u00e9e":"2 minutes"},"schema":{"@context":"https:\/\/schema.org","@graph":[{"@type":"Article","@id":"https:\/\/www.m-q.ch\/staatsraetin-cesla-amarelle-wird-neue-praesidentin-der-hes-so\/#article","isPartOf":{"@id":"https:\/\/www.m-q.ch\/staatsraetin-cesla-amarelle-wird-neue-praesidentin-der-hes-so\/"},"author":{"name":"Roger Str\u00e4ssle","@id":"https:\/\/www.m-q.ch\/fr\/#\/schema\/person\/47d540e081acd98ccbeb69b55df653d7"},"headline":"Staatsr\u00e4tin Cesla Amarelle wird neue Pr\u00e4sidentin der HES-SO","datePublished":"2021-03-30T08:12:04+00:00","dateModified":"2021-04-01T09:51:00+00:00","mainEntityOfPage":{"@id":"https:\/\/www.m-q.ch\/staatsraetin-cesla-amarelle-wird-neue-praesidentin-der-hes-so\/"},"wordCount":434,"publisher":{"@id":"https:\/\/www.m-q.ch\/fr\/#organization"},"image":{"@id":"https:\/\/www.m-q.ch\/staatsraetin-cesla-amarelle-wird-neue-praesidentin-der-hes-so\/#primaryimage"},"thumbnailUrl":"https:\/\/www.m-q.ch\/wp-content\/uploads\/2021\/03\/Cesla-Amarella.jpg","keywords":["Cesla Amarelle","HES-SO","Luciana Vaccaro"],"articleSection":["Allgemein"],"inLanguage":"fr-FR"},{"@type":"WebPage","@id":"https:\/\/www.m-q.ch\/staatsraetin-cesla-amarelle-wird-neue-praesidentin-der-hes-so\/","url":"https:\/\/www.m-q.ch\/staatsraetin-cesla-amarelle-wird-neue-praesidentin-der-hes-so\/","name":"La conseill\u00e8re d'\u00c9tat Cesla Amarelle devient la nouvelle pr\u00e9sidente de la HES-SO - MQ Management et Qualit\u00e9","isPartOf":{"@id":"https:\/\/www.m-q.ch\/fr\/#website"},"primaryImageOfPage":{"@id":"https:\/\/www.m-q.ch\/staatsraetin-cesla-amarelle-wird-neue-praesidentin-der-hes-so\/#primaryimage"},"image":{"@id":"https:\/\/www.m-q.ch\/staatsraetin-cesla-amarelle-wird-neue-praesidentin-der-hes-so\/#primaryimage"},"thumbnailUrl":"https:\/\/www.m-q.ch\/wp-content\/uploads\/2021\/03\/Cesla-Amarella.jpg","datePublished":"2021-03-30T08:12:04+00:00","dateModified":"2021-04-01T09:51:00+00:00","description":"Cesla Amarelle, conseill\u00e8re d'\u00c9tat vaudoise, devient la nouvelle pr\u00e9sidente de la Haute \u00e9cole sp\u00e9cialis\u00e9e de Suisse occidentale HES-SO. Elle succ\u00e9dera au conseiller d'\u00c9tat Olivier Curty.","breadcrumb":{"@id":"https:\/\/www.m-q.ch\/staatsraetin-cesla-amarelle-wird-neue-praesidentin-der-hes-so\/#breadcrumb"},"inLanguage":"fr-FR","potentialAction":[{"@type":"ReadAction","target":["https:\/\/www.m-q.ch\/staatsraetin-cesla-amarelle-wird-neue-praesidentin-der-hes-so\/"]}]},{"@type":"ImageObject","inLanguage":"fr-FR","@id":"https:\/\/www.m-q.ch\/staatsraetin-cesla-amarelle-wird-neue-praesidentin-der-hes-so\/#primaryimage","url":"https:\/\/www.m-q.ch\/wp-content\/uploads\/2021\/03\/Cesla-Amarella.jpg","contentUrl":"https:\/\/www.m-q.ch\/wp-content\/uploads\/2021\/03\/Cesla-Amarella.jpg","width":875,"height":597,"caption":"Cesla Amarelle (Bild: www.cesla-amarelle.ch)"},{"@type":"BreadcrumbList","@id":"https:\/\/www.m-q.ch\/staatsraetin-cesla-amarelle-wird-neue-praesidentin-der-hes-so\/#breadcrumb","itemListElement":[{"@type":"ListItem","position":1,"name":"Allgemein","item":"https:\/\/www.m-q.ch\/kategorie\/allgemein\/"},{"@type":"ListItem","position":2,"name":"Staatsr\u00e4tin Cesla Amarelle wird neue Pr\u00e4sidentin der HES-SO"}]},{"@type":"WebSite","@id":"https:\/\/www.m-q.ch\/fr\/#website","url":"https:\/\/www.m-q.ch\/fr\/","name":"Gestion et qualit\u00e9 du QM","description":"Plate-forme pour les syst\u00e8mes de gestion int\u00e9gr\u00e9e.","publisher":{"@id":"https:\/\/www.m-q.ch\/fr\/#organization"},"potentialAction":[{"@type":"SearchAction","target":{"@type":"EntryPoint","urlTemplate":"https:\/\/www.m-q.ch\/fr\/?s={search_term_string}"},"query-input":{"@type":"PropertyValueSpecification","valueRequired":true,"valueName":"search_term_string"}}],"inLanguage":"fr-FR"},{"@type":"Organization","@id":"https:\/\/www.m-q.ch\/fr\/#organization","name":"Galledia Trade Media AG","url":"https:\/\/www.m-q.ch\/fr\/","logo":{"@type":"ImageObject","inLanguage":"fr-FR","@id":"https:\/\/www.m-q.ch\/fr\/#\/schema\/logo\/image\/","url":"https:\/\/www.m-q.ch\/wp-content\/uploads\/2020\/12\/cropped-logo_small.png","contentUrl":"https:\/\/www.m-q.ch\/wp-content\/uploads\/2020\/12\/cropped-logo_small.png","width":512,"height":512,"caption":"Galledia Fachmedien AG"},"image":{"@id":"https:\/\/www.m-q.ch\/fr\/#\/schema\/logo\/image\/"},"sameAs":["https:\/\/www.facebook.com\/ManagementUndQualitaet","https:\/\/www.linkedin.com\/showcase\/17982321\/admin\/"]},{"@type":"Person","@id":"https:\/\/www.m-q.ch\/fr\/#\/schema\/person\/47d540e081acd98ccbeb69b55df653d7","name":"Roger Str\u00e4ssle","image":{"@type":"ImageObject","inLanguage":"fr-FR","@id":"https:\/\/www.m-q.ch\/fr\/#\/schema\/person\/image\/","url":"https:\/\/secure.gravatar.com\/avatar\/e4dde3046d8a184d2e2d27651a418883?s=96&d=mm&r=g","contentUrl":"https:\/\/secure.gravatar.com\/avatar\/e4dde3046d8a184d2e2d27651a418883?s=96&d=mm&r=g","caption":"Roger Str\u00e4ssle"},"url":"https:\/\/www.m-q.ch\/fr\/author\/roger-straessle\/"}]}},"_links":{"self":[{"href":"https:\/\/www.m-q.ch\/fr\/wp-json\/wp\/v2\/posts\/14029","targetHints":{"allow":["GET"]}}],"collection":[{"href":"https:\/\/www.m-q.ch\/fr\/wp-json\/wp\/v2\/posts"}],"about":[{"href":"https:\/\/www.m-q.ch\/fr\/wp-json\/wp\/v2\/types\/post"}],"author":[{"embeddable":true,"href":"https:\/\/www.m-q.ch\/fr\/wp-json\/wp\/v2\/users\/35"}],"replies":[{"embeddable":true,"href":"https:\/\/www.m-q.ch\/fr\/wp-json\/wp\/v2\/comments?post=14029"}],"version-history":[{"count":1,"href":"https:\/\/www.m-q.ch\/fr\/wp-json\/wp\/v2\/posts\/14029\/revisions"}],"predecessor-version":[{"id":14031,"href":"https:\/\/www.m-q.ch\/fr\/wp-json\/wp\/v2\/posts\/14029\/revisions\/14031"}],"wp:featuredmedia":[{"embeddable":true,"href":"https:\/\/www.m-q.ch\/fr\/wp-json\/wp\/v2\/media\/14030"}],"wp:attachment":[{"href":"https:\/\/www.m-q.ch\/fr\/wp-json\/wp\/v2\/media?parent=14029"}],"wp:term":[{"taxonomy":"category","embeddable":true,"href":"https:\/\/www.m-q.ch\/fr\/wp-json\/wp\/v2\/categories?post=14029"},{"taxonomy":"post_tag","embeddable":true,"href":"https:\/\/www.m-q.ch\/fr\/wp-json\/wp\/v2\/tags?post=14029"}],"curies":[{"name":"wp","href":"https:\/\/api.w.org\/{rel}","templated":true}]}}