{"id":14058,"date":"2021-04-08T10:06:24","date_gmt":"2021-04-08T08:06:24","guid":{"rendered":"https:\/\/www.m-q.ch\/?p=14058"},"modified":"2021-04-08T10:08:02","modified_gmt":"2021-04-08T08:08:02","slug":"t-systems-alpine-mise-sur-un-swiss-cloud","status":"publish","type":"post","link":"https:\/\/www.m-q.ch\/fr\/t-systems-alpine-setzt-auf-eine-swiss-cloud\/","title":{"rendered":"T-Systems Alpine s'appuie sur un \"nuage suisse\"."},"content":{"rendered":"<figure id=\"attachment_14061\" aria-describedby=\"caption-attachment-14061\" style=\"width: 2560px\" class=\"wp-caption aligncenter\"><img loading=\"lazy\" decoding=\"async\" class=\"wp-image-14061 size-full\" src=\"https:\/\/www.m-q.ch\/wp-content\/uploads\/2021\/04\/dl-telekom-cloud-07-1-scaled.jpg\" alt=\"&quot;Nuage suisse&quot;\" width=\"2560\" height=\"1707\" srcset=\"https:\/\/www.m-q.ch\/wp-content\/uploads\/2021\/04\/dl-telekom-cloud-07-1-scaled.jpg 2560w, https:\/\/www.m-q.ch\/wp-content\/uploads\/2021\/04\/dl-telekom-cloud-07-1-768x512.jpg 768w, https:\/\/www.m-q.ch\/wp-content\/uploads\/2021\/04\/dl-telekom-cloud-07-1-1536x1024.jpg 1536w, https:\/\/www.m-q.ch\/wp-content\/uploads\/2021\/04\/dl-telekom-cloud-07-1-2048x1365.jpg 2048w, https:\/\/www.m-q.ch\/wp-content\/uploads\/2021\/04\/dl-telekom-cloud-07-1-16x12.jpg 16w, https:\/\/www.m-q.ch\/wp-content\/uploads\/2021\/04\/dl-telekom-cloud-07-1-263x175.jpg 263w, https:\/\/www.m-q.ch\/wp-content\/uploads\/2021\/04\/dl-telekom-cloud-07-1-525x350.jpg 525w, https:\/\/www.m-q.ch\/wp-content\/uploads\/2021\/04\/dl-telekom-cloud-07-1-1200x800.jpg 1200w, https:\/\/www.m-q.ch\/wp-content\/uploads\/2021\/04\/dl-telekom-cloud-07-1-920x613.jpg 920w, https:\/\/www.m-q.ch\/wp-content\/uploads\/2021\/04\/dl-telekom-cloud-07-1-1400x933.jpg 1400w, https:\/\/www.m-q.ch\/wp-content\/uploads\/2021\/04\/dl-telekom-cloud-07-1-300x200.jpg 300w\" sizes=\"auto, (max-width: 2560px) 100vw, 2560px\" \/><figcaption id=\"caption-attachment-14061\" class=\"wp-caption-text\">Deutsche Telekom AG<\/figcaption><\/figure>\n<p>Il n'y a pas \u00e0 dire, l'informatique d\u00e9mat\u00e9rialis\u00e9e est de plus en plus pertinente. La demande de clouds publics va plus que doubler dans le monde entier au cours des cinq prochaines ann\u00e9es, selon les pr\u00e9visions de l'Agence europ\u00e9enne pour la s\u00e9curit\u00e9 maritime. <a href=\"http:\/\/www.t-systems.com\/ch\/de\/ueber-t-systems\/unternehmen\/profil\/t-systems-alpine\">T-Systems Alpine<\/a>.  Selon le fournisseur de services num\u00e9riques, les entreprises ont plus que jamais besoin de plateformes en nuage innovantes, adapt\u00e9es \u00e0 leurs besoins, ind\u00e9pendantes des plateformes et des fournisseurs et extr\u00eamement s\u00e9curis\u00e9es. Ces derniers mois, T-Systems a \u00e9tendu sa coop\u00e9ration strat\u00e9gique avec des hyperscalers tels que Microsoft, AWS et Google, ce qui lui permet de g\u00e9rer des paysages multi-cloud pour ses clients. Le prestataire de services informatiques propose \u00e9galement la s\u00e9curit\u00e9 des donn\u00e9es pour toutes les solutions de cloud computing. Dans le cadre du <a href=\"http:\/\/www.t-systems.com\/ch\/de\/ueber-t-systems\/news\/presse\/die-cloud-zuerst-t-systems-ruft-neue-strategie-aus-382902\">Strat\u00e9gie \"Cloud First<\/a> T-Systems veut mettre \u00e0 la disposition de ses clients en Suisse un \"Swiss Cloud\", bas\u00e9 sur son propre nuage public, l'Open Telekom Cloud (OTC). \"Nous voyons le monde et les mod\u00e8les d'entreprise \u00e9tablis de longue date changer rapidement \u00e0 la suite de la crise mondiale de Corona, et nous constatons que l'app\u00e9tit pour les solutions en nuage chez nos clients a \u00e9norm\u00e9ment augment\u00e9. Pour r\u00e9pondre aux besoins de nos clients en Suisse, nous construisons un \"Swiss Cloud\" pour 2021, qui apportera tous les avantages d'un Open Telekom Cloud\", a d\u00e9clar\u00e9 Thomas Reitze. Il a rejoint T-Systems Suisse en mai 2020 en tant que vice-pr\u00e9sident des relations commerciales et de march\u00e9. En tant que membre du comit\u00e9 de direction, Thomas Reitze est responsable des relations strat\u00e9giques avec les clients et les march\u00e9s de T-Systems en Suisse. En m\u00eame temps, il repr\u00e9sente les affaires de T-Systems Suisse \u00e0 l'int\u00e9rieur et \u00e0 l'ext\u00e9rieur de l'entreprise, \u00e9crit l'entreprise.<\/p>\n<p><strong>Attentes pour 2021<\/strong><\/p>\n<p>La pand\u00e9mie a \u00e9t\u00e9 et reste un moteur de la transformation num\u00e9rique. T-Systems Alpine ne pr\u00e9voit pas seulement une augmentation de la demande de services multi-cloud, SAP et de s\u00e9curit\u00e9 en 2021. \"Nous constatons \u00e9galement une demande pour l'Edge Computing, le Big Data et l'analyse des donn\u00e9es, ainsi que pour les solutions de Business Intelligence et d'IoT. Les entreprises doivent en profiter, se projeter dans l'avenir et acc\u00e9l\u00e9rer la num\u00e9risation de leurs processus commerciaux. Dans le m\u00eame temps, toutefois, les entreprises doivent \u00e9galement se concentrer sur la s\u00e9curit\u00e9\", d\u00e9clare M. Reitze.<\/p>\n<p><strong>\u00c9galement plus de durabilit\u00e9<\/strong><\/p>\n<p>Lors de la r\u00e9cente conf\u00e9rence de presse, T-Systems Alpine a \u00e9galement annonc\u00e9 qu'elle allait se concentrer davantage sur la durabilit\u00e9 \u00e0 l'avenir. Des mesures ont \u00e9t\u00e9 prises dans les deux pays pour r\u00e9duire l'empreinte \u00e9cologique. Il s'agit notamment de l'exploitation plus \u00e9conome en \u00e9nergie des centres de donn\u00e9es et du passage \u00e0 l'\u00e9lectricit\u00e9 verte. L'entreprise pousse \u00e9galement le d\u00e9veloppement de produits, de cha\u00eenes d'approvisionnement et de solutions qui aideront les clients \u00e0 \u00eatre plus durables.\u00a0<\/p>\n<p>&nbsp;<\/p>\n<p>&nbsp;<\/p>","protected":false},"excerpt":{"rendered":"<p>Es l\u00e4sst sich nicht wegdiskutieren \u2013 Cloud Computing gewinnt immer mehr an Relevanz. Die Nachfrage nach \u00f6ffentlichen Clouds werde sich in den n\u00e4chsten f\u00fcnf Jahren weltweit mehr als verdoppeln, so die Prognose von T-Systems Alpine. \u00a0Laut dem Anbieter von digitalen Diensten ben\u00f6tigen\u00a0Unternehmen mehr denn je innovative Cloud-Plattformen, die auf ihre Bed\u00fcrfnisse zugeschnitten sind \u2013 plattform- [&hellip;]<\/p>\n","protected":false},"author":35,"featured_media":14061,"comment_status":"closed","ping_status":"closed","sticky":false,"template":"","format":"standard","meta":{"_acf_changed":false,"footnotes":""},"categories":[4448],"tags":[4887,4888],"class_list":["post-14058","post","type-post","status-publish","format-standard","has-post-thumbnail","hentry","category-allgemein","tag-swiss-cloud","tag-t-systems-alpine"],"acf":[],"yoast_head":"<!-- This site is optimized with the Yoast SEO plugin v26.2 - https:\/\/yoast.com\/wordpress\/plugins\/seo\/ -->\n<title>T-Systems Alpine setzt auf eine \u00abSwiss Cloud\u00bb - MQ Management und Qualit\u00e4t<\/title>\n<meta name=\"description\" content=\"T-Systems Alpine arbeitet mit einer l\u00e4nder\u00fcbergreifenden Organisation (\u00d6sterreich und Schweiz) setzt auf eine \u00abSwiss Cloud\u00bb.\" \/>\n<meta name=\"robots\" content=\"index, follow, max-snippet:-1, max-image-preview:large, max-video-preview:-1\" \/>\n<link rel=\"canonical\" href=\"https:\/\/www.m-q.ch\/fr\/t-systems-alpine-mise-sur-un-swiss-cloud\/\" \/>\n<meta property=\"og:locale\" content=\"fr_FR\" \/>\n<meta property=\"og:type\" content=\"article\" \/>\n<meta property=\"og:title\" content=\"T-Systems Alpine setzt auf eine \u00abSwiss Cloud\u00bb - MQ Management und Qualit\u00e4t\" \/>\n<meta property=\"og:description\" content=\"T-Systems Alpine arbeitet mit einer l\u00e4nder\u00fcbergreifenden Organisation (\u00d6sterreich und Schweiz) setzt auf eine \u00abSwiss Cloud\u00bb.\" \/>\n<meta property=\"og:url\" content=\"https:\/\/www.m-q.ch\/fr\/t-systems-alpine-mise-sur-un-swiss-cloud\/\" \/>\n<meta property=\"og:site_name\" content=\"MQ Management und Qualit\u00e4t\" \/>\n<meta property=\"article:publisher\" content=\"https:\/\/www.facebook.com\/ManagementUndQualitaet\" \/>\n<meta property=\"article:published_time\" content=\"2021-04-08T08:06:24+00:00\" \/>\n<meta property=\"article:modified_time\" content=\"2021-04-08T08:08:02+00:00\" \/>\n<meta property=\"og:image\" content=\"https:\/\/www.m-q.ch\/wp-content\/uploads\/2021\/04\/dl-telekom-cloud-07-1-scaled.jpg\" \/>\n\t<meta property=\"og:image:width\" content=\"2560\" \/>\n\t<meta property=\"og:image:height\" content=\"1707\" \/>\n\t<meta property=\"og:image:type\" content=\"image\/jpeg\" \/>\n<meta name=\"author\" content=\"Roger Str\u00e4ssle\" \/>\n<meta name=\"twitter:card\" content=\"summary_large_image\" \/>\n<meta name=\"twitter:label1\" content=\"\u00c9crit par\" \/>\n\t<meta name=\"twitter:data1\" content=\"Roger Str\u00e4ssle\" \/>\n\t<meta name=\"twitter:label2\" content=\"Dur\u00e9e de lecture estim\u00e9e\" \/>\n\t<meta name=\"twitter:data2\" content=\"2 minutes\" \/>\n<script type=\"application\/ld+json\" class=\"yoast-schema-graph\">{\"@context\":\"https:\/\/schema.org\",\"@graph\":[{\"@type\":\"Article\",\"@id\":\"https:\/\/www.m-q.ch\/t-systems-alpine-setzt-auf-eine-swiss-cloud\/#article\",\"isPartOf\":{\"@id\":\"https:\/\/www.m-q.ch\/t-systems-alpine-setzt-auf-eine-swiss-cloud\/\"},\"author\":{\"name\":\"Roger Str\u00e4ssle\",\"@id\":\"https:\/\/www.m-q.ch\/fr\/#\/schema\/person\/47d540e081acd98ccbeb69b55df653d7\"},\"headline\":\"T-Systems Alpine setzt auf eine \u00abSwiss Cloud\u00bb\",\"datePublished\":\"2021-04-08T08:06:24+00:00\",\"dateModified\":\"2021-04-08T08:08:02+00:00\",\"mainEntityOfPage\":{\"@id\":\"https:\/\/www.m-q.ch\/t-systems-alpine-setzt-auf-eine-swiss-cloud\/\"},\"wordCount\":421,\"publisher\":{\"@id\":\"https:\/\/www.m-q.ch\/fr\/#organization\"},\"image\":{\"@id\":\"https:\/\/www.m-q.ch\/t-systems-alpine-setzt-auf-eine-swiss-cloud\/#primaryimage\"},\"thumbnailUrl\":\"https:\/\/www.m-q.ch\/wp-content\/uploads\/2021\/04\/dl-telekom-cloud-07-1-scaled.jpg\",\"keywords\":[\"\u00abSwiss Cloud\u00bb\",\"T-Systems Alpine\"],\"articleSection\":[\"Allgemein\"],\"inLanguage\":\"fr-FR\"},{\"@type\":\"WebPage\",\"@id\":\"https:\/\/www.m-q.ch\/t-systems-alpine-setzt-auf-eine-swiss-cloud\/\",\"url\":\"https:\/\/www.m-q.ch\/t-systems-alpine-setzt-auf-eine-swiss-cloud\/\",\"name\":\"T-Systems Alpine setzt auf eine \u00abSwiss Cloud\u00bb - MQ Management und Qualit\u00e4t\",\"isPartOf\":{\"@id\":\"https:\/\/www.m-q.ch\/fr\/#website\"},\"primaryImageOfPage\":{\"@id\":\"https:\/\/www.m-q.ch\/t-systems-alpine-setzt-auf-eine-swiss-cloud\/#primaryimage\"},\"image\":{\"@id\":\"https:\/\/www.m-q.ch\/t-systems-alpine-setzt-auf-eine-swiss-cloud\/#primaryimage\"},\"thumbnailUrl\":\"https:\/\/www.m-q.ch\/wp-content\/uploads\/2021\/04\/dl-telekom-cloud-07-1-scaled.jpg\",\"datePublished\":\"2021-04-08T08:06:24+00:00\",\"dateModified\":\"2021-04-08T08:08:02+00:00\",\"description\":\"T-Systems Alpine arbeitet mit einer l\u00e4nder\u00fcbergreifenden Organisation (\u00d6sterreich und Schweiz) setzt auf eine \u00abSwiss Cloud\u00bb.\",\"breadcrumb\":{\"@id\":\"https:\/\/www.m-q.ch\/t-systems-alpine-setzt-auf-eine-swiss-cloud\/#breadcrumb\"},\"inLanguage\":\"fr-FR\",\"potentialAction\":[{\"@type\":\"ReadAction\",\"target\":[\"https:\/\/www.m-q.ch\/t-systems-alpine-setzt-auf-eine-swiss-cloud\/\"]}]},{\"@type\":\"ImageObject\",\"inLanguage\":\"fr-FR\",\"@id\":\"https:\/\/www.m-q.ch\/t-systems-alpine-setzt-auf-eine-swiss-cloud\/#primaryimage\",\"url\":\"https:\/\/www.m-q.ch\/wp-content\/uploads\/2021\/04\/dl-telekom-cloud-07-1-scaled.jpg\",\"contentUrl\":\"https:\/\/www.m-q.ch\/wp-content\/uploads\/2021\/04\/dl-telekom-cloud-07-1-scaled.jpg\",\"width\":2560,\"height\":1707,\"caption\":\"\u00a9 Deutschen Telekom AG\"},{\"@type\":\"BreadcrumbList\",\"@id\":\"https:\/\/www.m-q.ch\/t-systems-alpine-setzt-auf-eine-swiss-cloud\/#breadcrumb\",\"itemListElement\":[{\"@type\":\"ListItem\",\"position\":1,\"name\":\"Allgemein\",\"item\":\"https:\/\/www.m-q.ch\/kategorie\/allgemein\/\"},{\"@type\":\"ListItem\",\"position\":2,\"name\":\"T-Systems Alpine setzt auf eine \u00abSwiss Cloud\u00bb\"}]},{\"@type\":\"WebSite\",\"@id\":\"https:\/\/www.m-q.ch\/fr\/#website\",\"url\":\"https:\/\/www.m-q.ch\/fr\/\",\"name\":\"MQ Management und Qualit\u00e4t\",\"description\":\"Plattform f\u00fcr integrierte Managementsysteme.\",\"publisher\":{\"@id\":\"https:\/\/www.m-q.ch\/fr\/#organization\"},\"potentialAction\":[{\"@type\":\"SearchAction\",\"target\":{\"@type\":\"EntryPoint\",\"urlTemplate\":\"https:\/\/www.m-q.ch\/fr\/?s={search_term_string}\"},\"query-input\":{\"@type\":\"PropertyValueSpecification\",\"valueRequired\":true,\"valueName\":\"search_term_string\"}}],\"inLanguage\":\"fr-FR\"},{\"@type\":\"Organization\",\"@id\":\"https:\/\/www.m-q.ch\/fr\/#organization\",\"name\":\"Galledia Fachmedien AG\",\"url\":\"https:\/\/www.m-q.ch\/fr\/\",\"logo\":{\"@type\":\"ImageObject\",\"inLanguage\":\"fr-FR\",\"@id\":\"https:\/\/www.m-q.ch\/fr\/#\/schema\/logo\/image\/\",\"url\":\"https:\/\/www.m-q.ch\/wp-content\/uploads\/2020\/12\/cropped-logo_small.png\",\"contentUrl\":\"https:\/\/www.m-q.ch\/wp-content\/uploads\/2020\/12\/cropped-logo_small.png\",\"width\":512,\"height\":512,\"caption\":\"Galledia Fachmedien AG\"},\"image\":{\"@id\":\"https:\/\/www.m-q.ch\/fr\/#\/schema\/logo\/image\/\"},\"sameAs\":[\"https:\/\/www.facebook.com\/ManagementUndQualitaet\",\"https:\/\/www.linkedin.com\/showcase\/17982321\/admin\/\"]},{\"@type\":\"Person\",\"@id\":\"https:\/\/www.m-q.ch\/fr\/#\/schema\/person\/47d540e081acd98ccbeb69b55df653d7\",\"name\":\"Roger Str\u00e4ssle\",\"image\":{\"@type\":\"ImageObject\",\"inLanguage\":\"fr-FR\",\"@id\":\"https:\/\/www.m-q.ch\/fr\/#\/schema\/person\/image\/\",\"url\":\"https:\/\/secure.gravatar.com\/avatar\/e4dde3046d8a184d2e2d27651a418883?s=96&d=mm&r=g\",\"contentUrl\":\"https:\/\/secure.gravatar.com\/avatar\/e4dde3046d8a184d2e2d27651a418883?s=96&d=mm&r=g\",\"caption\":\"Roger Str\u00e4ssle\"},\"url\":\"https:\/\/www.m-q.ch\/fr\/author\/roger-straessle\/\"}]}<\/script>\n<!-- \/ Yoast SEO plugin. -->","yoast_head_json":{"title":"T-Systems Alpine mise sur un \"nuage suisse\" - MQ Management et Qualit\u00e9","description":"T-Systems Alpine travaille avec une organisation transnationale (Autriche et Suisse) et s'appuie sur un \"Cloud suisse\".","robots":{"index":"index","follow":"follow","max-snippet":"max-snippet:-1","max-image-preview":"max-image-preview:large","max-video-preview":"max-video-preview:-1"},"canonical":"https:\/\/www.m-q.ch\/fr\/t-systems-alpine-mise-sur-un-swiss-cloud\/","og_locale":"fr_FR","og_type":"article","og_title":"T-Systems Alpine setzt auf eine \u00abSwiss Cloud\u00bb - MQ Management und Qualit\u00e4t","og_description":"T-Systems Alpine arbeitet mit einer l\u00e4nder\u00fcbergreifenden Organisation (\u00d6sterreich und Schweiz) setzt auf eine \u00abSwiss Cloud\u00bb.","og_url":"https:\/\/www.m-q.ch\/fr\/t-systems-alpine-mise-sur-un-swiss-cloud\/","og_site_name":"MQ Management und Qualit\u00e4t","article_publisher":"https:\/\/www.facebook.com\/ManagementUndQualitaet","article_published_time":"2021-04-08T08:06:24+00:00","article_modified_time":"2021-04-08T08:08:02+00:00","og_image":[{"width":2560,"height":1707,"url":"https:\/\/www.m-q.ch\/wp-content\/uploads\/2021\/04\/dl-telekom-cloud-07-1-scaled.jpg","type":"image\/jpeg"}],"author":"Roger Str\u00e4ssle","twitter_card":"summary_large_image","twitter_misc":{"\u00c9crit par":"Roger Str\u00e4ssle","Dur\u00e9e de lecture estim\u00e9e":"2 minutes"},"schema":{"@context":"https:\/\/schema.org","@graph":[{"@type":"Article","@id":"https:\/\/www.m-q.ch\/t-systems-alpine-setzt-auf-eine-swiss-cloud\/#article","isPartOf":{"@id":"https:\/\/www.m-q.ch\/t-systems-alpine-setzt-auf-eine-swiss-cloud\/"},"author":{"name":"Roger Str\u00e4ssle","@id":"https:\/\/www.m-q.ch\/fr\/#\/schema\/person\/47d540e081acd98ccbeb69b55df653d7"},"headline":"T-Systems Alpine setzt auf eine \u00abSwiss Cloud\u00bb","datePublished":"2021-04-08T08:06:24+00:00","dateModified":"2021-04-08T08:08:02+00:00","mainEntityOfPage":{"@id":"https:\/\/www.m-q.ch\/t-systems-alpine-setzt-auf-eine-swiss-cloud\/"},"wordCount":421,"publisher":{"@id":"https:\/\/www.m-q.ch\/fr\/#organization"},"image":{"@id":"https:\/\/www.m-q.ch\/t-systems-alpine-setzt-auf-eine-swiss-cloud\/#primaryimage"},"thumbnailUrl":"https:\/\/www.m-q.ch\/wp-content\/uploads\/2021\/04\/dl-telekom-cloud-07-1-scaled.jpg","keywords":["\u00abSwiss Cloud\u00bb","T-Systems Alpine"],"articleSection":["Allgemein"],"inLanguage":"fr-FR"},{"@type":"WebPage","@id":"https:\/\/www.m-q.ch\/t-systems-alpine-setzt-auf-eine-swiss-cloud\/","url":"https:\/\/www.m-q.ch\/t-systems-alpine-setzt-auf-eine-swiss-cloud\/","name":"T-Systems Alpine mise sur un \"nuage suisse\" - MQ Management et Qualit\u00e9","isPartOf":{"@id":"https:\/\/www.m-q.ch\/fr\/#website"},"primaryImageOfPage":{"@id":"https:\/\/www.m-q.ch\/t-systems-alpine-setzt-auf-eine-swiss-cloud\/#primaryimage"},"image":{"@id":"https:\/\/www.m-q.ch\/t-systems-alpine-setzt-auf-eine-swiss-cloud\/#primaryimage"},"thumbnailUrl":"https:\/\/www.m-q.ch\/wp-content\/uploads\/2021\/04\/dl-telekom-cloud-07-1-scaled.jpg","datePublished":"2021-04-08T08:06:24+00:00","dateModified":"2021-04-08T08:08:02+00:00","description":"T-Systems Alpine travaille avec une organisation transnationale (Autriche et Suisse) et s'appuie sur un \"Cloud suisse\".","breadcrumb":{"@id":"https:\/\/www.m-q.ch\/t-systems-alpine-setzt-auf-eine-swiss-cloud\/#breadcrumb"},"inLanguage":"fr-FR","potentialAction":[{"@type":"ReadAction","target":["https:\/\/www.m-q.ch\/t-systems-alpine-setzt-auf-eine-swiss-cloud\/"]}]},{"@type":"ImageObject","inLanguage":"fr-FR","@id":"https:\/\/www.m-q.ch\/t-systems-alpine-setzt-auf-eine-swiss-cloud\/#primaryimage","url":"https:\/\/www.m-q.ch\/wp-content\/uploads\/2021\/04\/dl-telekom-cloud-07-1-scaled.jpg","contentUrl":"https:\/\/www.m-q.ch\/wp-content\/uploads\/2021\/04\/dl-telekom-cloud-07-1-scaled.jpg","width":2560,"height":1707,"caption":"\u00a9 Deutschen Telekom AG"},{"@type":"BreadcrumbList","@id":"https:\/\/www.m-q.ch\/t-systems-alpine-setzt-auf-eine-swiss-cloud\/#breadcrumb","itemListElement":[{"@type":"ListItem","position":1,"name":"Allgemein","item":"https:\/\/www.m-q.ch\/kategorie\/allgemein\/"},{"@type":"ListItem","position":2,"name":"T-Systems Alpine setzt auf eine \u00abSwiss Cloud\u00bb"}]},{"@type":"WebSite","@id":"https:\/\/www.m-q.ch\/fr\/#website","url":"https:\/\/www.m-q.ch\/fr\/","name":"Gestion et qualit\u00e9 du QM","description":"Plate-forme pour les syst\u00e8mes de gestion int\u00e9gr\u00e9e.","publisher":{"@id":"https:\/\/www.m-q.ch\/fr\/#organization"},"potentialAction":[{"@type":"SearchAction","target":{"@type":"EntryPoint","urlTemplate":"https:\/\/www.m-q.ch\/fr\/?s={search_term_string}"},"query-input":{"@type":"PropertyValueSpecification","valueRequired":true,"valueName":"search_term_string"}}],"inLanguage":"fr-FR"},{"@type":"Organization","@id":"https:\/\/www.m-q.ch\/fr\/#organization","name":"Galledia Trade Media AG","url":"https:\/\/www.m-q.ch\/fr\/","logo":{"@type":"ImageObject","inLanguage":"fr-FR","@id":"https:\/\/www.m-q.ch\/fr\/#\/schema\/logo\/image\/","url":"https:\/\/www.m-q.ch\/wp-content\/uploads\/2020\/12\/cropped-logo_small.png","contentUrl":"https:\/\/www.m-q.ch\/wp-content\/uploads\/2020\/12\/cropped-logo_small.png","width":512,"height":512,"caption":"Galledia Fachmedien AG"},"image":{"@id":"https:\/\/www.m-q.ch\/fr\/#\/schema\/logo\/image\/"},"sameAs":["https:\/\/www.facebook.com\/ManagementUndQualitaet","https:\/\/www.linkedin.com\/showcase\/17982321\/admin\/"]},{"@type":"Person","@id":"https:\/\/www.m-q.ch\/fr\/#\/schema\/person\/47d540e081acd98ccbeb69b55df653d7","name":"Roger Str\u00e4ssle","image":{"@type":"ImageObject","inLanguage":"fr-FR","@id":"https:\/\/www.m-q.ch\/fr\/#\/schema\/person\/image\/","url":"https:\/\/secure.gravatar.com\/avatar\/e4dde3046d8a184d2e2d27651a418883?s=96&d=mm&r=g","contentUrl":"https:\/\/secure.gravatar.com\/avatar\/e4dde3046d8a184d2e2d27651a418883?s=96&d=mm&r=g","caption":"Roger Str\u00e4ssle"},"url":"https:\/\/www.m-q.ch\/fr\/author\/roger-straessle\/"}]}},"_links":{"self":[{"href":"https:\/\/www.m-q.ch\/fr\/wp-json\/wp\/v2\/posts\/14058","targetHints":{"allow":["GET"]}}],"collection":[{"href":"https:\/\/www.m-q.ch\/fr\/wp-json\/wp\/v2\/posts"}],"about":[{"href":"https:\/\/www.m-q.ch\/fr\/wp-json\/wp\/v2\/types\/post"}],"author":[{"embeddable":true,"href":"https:\/\/www.m-q.ch\/fr\/wp-json\/wp\/v2\/users\/35"}],"replies":[{"embeddable":true,"href":"https:\/\/www.m-q.ch\/fr\/wp-json\/wp\/v2\/comments?post=14058"}],"version-history":[{"count":2,"href":"https:\/\/www.m-q.ch\/fr\/wp-json\/wp\/v2\/posts\/14058\/revisions"}],"predecessor-version":[{"id":14063,"href":"https:\/\/www.m-q.ch\/fr\/wp-json\/wp\/v2\/posts\/14058\/revisions\/14063"}],"wp:featuredmedia":[{"embeddable":true,"href":"https:\/\/www.m-q.ch\/fr\/wp-json\/wp\/v2\/media\/14061"}],"wp:attachment":[{"href":"https:\/\/www.m-q.ch\/fr\/wp-json\/wp\/v2\/media?parent=14058"}],"wp:term":[{"taxonomy":"category","embeddable":true,"href":"https:\/\/www.m-q.ch\/fr\/wp-json\/wp\/v2\/categories?post=14058"},{"taxonomy":"post_tag","embeddable":true,"href":"https:\/\/www.m-q.ch\/fr\/wp-json\/wp\/v2\/tags?post=14058"}],"curies":[{"name":"wp","href":"https:\/\/api.w.org\/{rel}","templated":true}]}}