{"id":14189,"date":"2021-04-26T14:50:47","date_gmt":"2021-04-26T12:50:47","guid":{"rendered":"https:\/\/www.m-q.ch\/?p=14189"},"modified":"2021-05-17T11:42:34","modified_gmt":"2021-05-17T09:42:34","slug":"parc-dinnovation-est","status":"publish","type":"post","link":"https:\/\/www.m-q.ch\/fr\/innovationspark-ost\/","title":{"rendered":"Plus de poids pour le parc d'innovation de la Suisse orientale"},"content":{"rendered":"<figure id=\"attachment_14192\" aria-describedby=\"caption-attachment-14192\" style=\"width: 837px\" class=\"wp-caption aligncenter\"><img loading=\"lazy\" decoding=\"async\" class=\"wp-image-14192 size-full\" src=\"https:\/\/www.m-q.ch\/wp-content\/uploads\/2021\/04\/innopark-1.jpg\" alt=\"Parc d&#039;innovation\" width=\"837\" height=\"467\" srcset=\"https:\/\/www.m-q.ch\/wp-content\/uploads\/2021\/04\/innopark-1.jpg 837w, https:\/\/www.m-q.ch\/wp-content\/uploads\/2021\/04\/innopark-1-768x429.jpg 768w, https:\/\/www.m-q.ch\/wp-content\/uploads\/2021\/04\/innopark-1-16x9.jpg 16w, https:\/\/www.m-q.ch\/wp-content\/uploads\/2021\/04\/innopark-1-314x175.jpg 314w, https:\/\/www.m-q.ch\/wp-content\/uploads\/2021\/04\/innopark-1-627x350.jpg 627w, https:\/\/www.m-q.ch\/wp-content\/uploads\/2021\/04\/innopark-1-300x167.jpg 300w\" sizes=\"auto, (max-width: 837px) 100vw, 837px\" \/><figcaption id=\"caption-attachment-14192\" class=\"wp-caption-text\">\u00a9 Depositphotos, Vitalik Radko<\/figcaption><\/figure>\n<p>Emplacement principal de la <a href=\"http:\/\/www.innovationspark-ost.ch\">Parcs d'innovation Est<\/a> est le campus Lerchenfeld de l'Empa dans la ville de St-Gall. Un site secondaire est en cours de construction \u00e0 Buchs SG, selon l'annonce du Conseil f\u00e9d\u00e9ral. Outre Saint-Gall, les cantons d'Appenzell Rhodes-Ext\u00e9rieures, d'Appenzell Rhodes-Int\u00e9rieures, de Thurgovie et la Principaut\u00e9 du Liechtenstein sont repr\u00e9sent\u00e9s dans le parrainage.<\/p>\n<h3><strong>Que propose le parc d'innovation Est ?<\/strong><\/h3>\n<p>Selon les informations, le parc d'innovation Est offre une infrastructure de d\u00e9veloppement, de laboratoire et de travail que les \u00e9quipes de recherche des entreprises et les institutions scientifiques peuvent utiliser pour des projets d'innovation communs. Dans cet \u00e9cosyst\u00e8me, ils peuvent encore accro\u00eetre leur comp\u00e9titivit\u00e9 et leurs performances en mati\u00e8re d'innovation, est-il soulign\u00e9.<\/p>\n<p>La d\u00e9cision du Conseil f\u00e9d\u00e9ral a conclu un processus d'examen et d'approbation d'un an qui comprenait une \u00e9valuation du projet par un groupe d'experts ind\u00e9pendants. Avec la connexion au <a href=\"http:\/\/www.sbfi.admin.ch\/sbfi\/de\/home\/forschung-und-innovation\/forschung-und-innovation-in-der-schweiz\/schweizerischer-innovationspark.html\">Organisation fa\u00eeti\u00e8re du Parc suisse d'innovation<\/a>la fondation <a href=\"http:\/\/www.switzerland-innovation.com\">\"Suisse Innovation\"<\/a>Le parc d'innovation Est sera d\u00e9sormais inclus dans le r\u00e9seau suisse.<\/p>\n<h3><strong>Initiative de partenariat public-priv\u00e9<\/strong><\/h3>\n<p>Le Parc suisse d'innovation est une initiative de partenariat public-priv\u00e9 d'importance nationale g\u00e9r\u00e9e par la Conf\u00e9d\u00e9ration et les cantons, la communaut\u00e9 scientifique et le secteur priv\u00e9. Sous la marque ombrelle \"Suisse Innovation\", le parc d'innovation compte jusqu'\u00e0 pr\u00e9sent cinq fournisseurs de sites (\u00e0 proximit\u00e9 des deux \u00e9coles polytechniques f\u00e9d\u00e9rales de Zurich et de Lausanne, ainsi qu'en Argovie, dans le nord-ouest de la Suisse et \u00e0 Bienne). Trois de ces sites du r\u00e9seau sont chacun reli\u00e9s \u00e0 plusieurs sites r\u00e9gionaux. R\u00e9cemment, les sites de Suisse centrale et du Tessin ont rejoint le soutien \u00e0 l'implantation du \"Switzerland Innovation Park Zurich\", comme l'\u00e9crit le Conseil f\u00e9d\u00e9ral.<\/p>\n<p>Les sites seraient financ\u00e9s en principe par les cantons d'implantation et les investisseurs priv\u00e9s. En louant des espaces pour l'installation d'entreprises et la fourniture de services, ils devraient devenir autosuffisants \u00e0 moyen terme, selon le communiqu\u00e9. La fondation de droit priv\u00e9 \"Suisse Innovation\" servirait d'organisation fa\u00eeti\u00e8re et d'interface avec la Conf\u00e9d\u00e9ration.<\/p>\n<p><em>Source : Conf\u00e9d\u00e9ration<\/em><\/p>\n<p><a href=\"http:\/\/www.m-q.ch\/fr\/le-parc-dinnovation-cree-de-grands-avantages-economiques\/\"><em>Autres articles sur le sujet : Le parc d'innovation cr\u00e9e d'importantes retomb\u00e9es \u00e9conomiques<\/em><\/a><\/p>\n<p>&nbsp;<\/p>","protected":false},"excerpt":{"rendered":"<p>Hauptstandort des Innovationsparks Ost ist der Campus Lerchenfeld bei der Empa, Stadt St. Gallen. In Buchs SG entstehe ein Nebenstandort, heisst es in der bundesr\u00e4tlichen Mitteilung. In der Tr\u00e4gerschaft vertreten sind neben St. Gallen die Kantone Appenzell Ausserrhoden, Appenzell Innerrhoden, Thurgau sowie das F\u00fcrstentum Liechtenstein. Was bietet der Innovationspark Ost? Laut Angaben bietet der Innovationspark [&hellip;]<\/p>\n","protected":false},"author":35,"featured_media":14192,"comment_status":"closed","ping_status":"closed","sticky":false,"template":"","format":"standard","meta":{"_acf_changed":false,"footnotes":""},"categories":[4448],"tags":[4923,4924],"class_list":["post-14189","post","type-post","status-publish","format-standard","has-post-thumbnail","hentry","category-allgemein","tag-innovationspark-ost","tag-switzerland-innovation"],"acf":[],"yoast_head":"<!-- This site is optimized with the Yoast SEO plugin v26.2 - https:\/\/yoast.com\/wordpress\/plugins\/seo\/ -->\n<title>Mehr Gewicht f\u00fcr Innovationspark der Ostschweiz - MQ Management und Qualit\u00e4t<\/title>\n<meta name=\"description\" content=\"Die Aufnahme des Innovationsparks Ost als sechsten Standorttr\u00e4ger in das Gesamtnetzwerk Schweizerischer Innovationspark ist genehmigt.\" \/>\n<meta name=\"robots\" content=\"index, follow, max-snippet:-1, max-image-preview:large, max-video-preview:-1\" \/>\n<link rel=\"canonical\" href=\"https:\/\/www.m-q.ch\/fr\/parc-dinnovation-est\/\" \/>\n<meta property=\"og:locale\" content=\"fr_FR\" \/>\n<meta property=\"og:type\" content=\"article\" \/>\n<meta property=\"og:title\" content=\"Mehr Gewicht f\u00fcr Innovationspark der Ostschweiz - MQ Management und Qualit\u00e4t\" \/>\n<meta property=\"og:description\" content=\"Die Aufnahme des Innovationsparks Ost als sechsten Standorttr\u00e4ger in das Gesamtnetzwerk Schweizerischer Innovationspark ist genehmigt.\" \/>\n<meta property=\"og:url\" content=\"https:\/\/www.m-q.ch\/fr\/parc-dinnovation-est\/\" \/>\n<meta property=\"og:site_name\" content=\"MQ Management und Qualit\u00e4t\" \/>\n<meta property=\"article:publisher\" content=\"https:\/\/www.facebook.com\/ManagementUndQualitaet\" \/>\n<meta property=\"article:published_time\" content=\"2021-04-26T12:50:47+00:00\" \/>\n<meta property=\"article:modified_time\" content=\"2021-05-17T09:42:34+00:00\" \/>\n<meta property=\"og:image\" content=\"https:\/\/www.m-q.ch\/wp-content\/uploads\/2021\/04\/innopark-1.jpg\" \/>\n\t<meta property=\"og:image:width\" content=\"837\" \/>\n\t<meta property=\"og:image:height\" content=\"467\" \/>\n\t<meta property=\"og:image:type\" content=\"image\/jpeg\" \/>\n<meta name=\"author\" content=\"Roger Str\u00e4ssle\" \/>\n<meta name=\"twitter:card\" content=\"summary_large_image\" \/>\n<meta name=\"twitter:label1\" content=\"\u00c9crit par\" \/>\n\t<meta name=\"twitter:data1\" content=\"Roger Str\u00e4ssle\" \/>\n\t<meta name=\"twitter:label2\" content=\"Dur\u00e9e de lecture estim\u00e9e\" \/>\n\t<meta name=\"twitter:data2\" content=\"2 minutes\" \/>\n<script type=\"application\/ld+json\" class=\"yoast-schema-graph\">{\"@context\":\"https:\/\/schema.org\",\"@graph\":[{\"@type\":\"Article\",\"@id\":\"https:\/\/www.m-q.ch\/innovationspark-ost\/#article\",\"isPartOf\":{\"@id\":\"https:\/\/www.m-q.ch\/innovationspark-ost\/\"},\"author\":{\"name\":\"Roger Str\u00e4ssle\",\"@id\":\"https:\/\/www.m-q.ch\/fr\/#\/schema\/person\/47d540e081acd98ccbeb69b55df653d7\"},\"headline\":\"Mehr Gewicht f\u00fcr Innovationspark der Ostschweiz\",\"datePublished\":\"2021-04-26T12:50:47+00:00\",\"dateModified\":\"2021-05-17T09:42:34+00:00\",\"mainEntityOfPage\":{\"@id\":\"https:\/\/www.m-q.ch\/innovationspark-ost\/\"},\"wordCount\":308,\"publisher\":{\"@id\":\"https:\/\/www.m-q.ch\/fr\/#organization\"},\"image\":{\"@id\":\"https:\/\/www.m-q.ch\/innovationspark-ost\/#primaryimage\"},\"thumbnailUrl\":\"https:\/\/www.m-q.ch\/wp-content\/uploads\/2021\/04\/innopark-1.jpg\",\"keywords\":[\"Innovationspark Ost\",\"Switzerland Innovation\"],\"articleSection\":[\"Allgemein\"],\"inLanguage\":\"fr-FR\"},{\"@type\":\"WebPage\",\"@id\":\"https:\/\/www.m-q.ch\/innovationspark-ost\/\",\"url\":\"https:\/\/www.m-q.ch\/innovationspark-ost\/\",\"name\":\"Mehr Gewicht f\u00fcr Innovationspark der Ostschweiz - MQ Management und Qualit\u00e4t\",\"isPartOf\":{\"@id\":\"https:\/\/www.m-q.ch\/fr\/#website\"},\"primaryImageOfPage\":{\"@id\":\"https:\/\/www.m-q.ch\/innovationspark-ost\/#primaryimage\"},\"image\":{\"@id\":\"https:\/\/www.m-q.ch\/innovationspark-ost\/#primaryimage\"},\"thumbnailUrl\":\"https:\/\/www.m-q.ch\/wp-content\/uploads\/2021\/04\/innopark-1.jpg\",\"datePublished\":\"2021-04-26T12:50:47+00:00\",\"dateModified\":\"2021-05-17T09:42:34+00:00\",\"description\":\"Die Aufnahme des Innovationsparks Ost als sechsten Standorttr\u00e4ger in das Gesamtnetzwerk Schweizerischer Innovationspark ist genehmigt.\",\"breadcrumb\":{\"@id\":\"https:\/\/www.m-q.ch\/innovationspark-ost\/#breadcrumb\"},\"inLanguage\":\"fr-FR\",\"potentialAction\":[{\"@type\":\"ReadAction\",\"target\":[\"https:\/\/www.m-q.ch\/innovationspark-ost\/\"]}]},{\"@type\":\"ImageObject\",\"inLanguage\":\"fr-FR\",\"@id\":\"https:\/\/www.m-q.ch\/innovationspark-ost\/#primaryimage\",\"url\":\"https:\/\/www.m-q.ch\/wp-content\/uploads\/2021\/04\/innopark-1.jpg\",\"contentUrl\":\"https:\/\/www.m-q.ch\/wp-content\/uploads\/2021\/04\/innopark-1.jpg\",\"width\":837,\"height\":467,\"caption\":\"\u00a9 Depositphotos, Vitalik Radko\"},{\"@type\":\"BreadcrumbList\",\"@id\":\"https:\/\/www.m-q.ch\/innovationspark-ost\/#breadcrumb\",\"itemListElement\":[{\"@type\":\"ListItem\",\"position\":1,\"name\":\"Allgemein\",\"item\":\"https:\/\/www.m-q.ch\/kategorie\/allgemein\/\"},{\"@type\":\"ListItem\",\"position\":2,\"name\":\"Mehr Gewicht f\u00fcr Innovationspark der Ostschweiz\"}]},{\"@type\":\"WebSite\",\"@id\":\"https:\/\/www.m-q.ch\/fr\/#website\",\"url\":\"https:\/\/www.m-q.ch\/fr\/\",\"name\":\"MQ Management und Qualit\u00e4t\",\"description\":\"Plattform f\u00fcr integrierte Managementsysteme.\",\"publisher\":{\"@id\":\"https:\/\/www.m-q.ch\/fr\/#organization\"},\"potentialAction\":[{\"@type\":\"SearchAction\",\"target\":{\"@type\":\"EntryPoint\",\"urlTemplate\":\"https:\/\/www.m-q.ch\/fr\/?s={search_term_string}\"},\"query-input\":{\"@type\":\"PropertyValueSpecification\",\"valueRequired\":true,\"valueName\":\"search_term_string\"}}],\"inLanguage\":\"fr-FR\"},{\"@type\":\"Organization\",\"@id\":\"https:\/\/www.m-q.ch\/fr\/#organization\",\"name\":\"Galledia Fachmedien AG\",\"url\":\"https:\/\/www.m-q.ch\/fr\/\",\"logo\":{\"@type\":\"ImageObject\",\"inLanguage\":\"fr-FR\",\"@id\":\"https:\/\/www.m-q.ch\/fr\/#\/schema\/logo\/image\/\",\"url\":\"https:\/\/www.m-q.ch\/wp-content\/uploads\/2020\/12\/cropped-logo_small.png\",\"contentUrl\":\"https:\/\/www.m-q.ch\/wp-content\/uploads\/2020\/12\/cropped-logo_small.png\",\"width\":512,\"height\":512,\"caption\":\"Galledia Fachmedien AG\"},\"image\":{\"@id\":\"https:\/\/www.m-q.ch\/fr\/#\/schema\/logo\/image\/\"},\"sameAs\":[\"https:\/\/www.facebook.com\/ManagementUndQualitaet\",\"https:\/\/www.linkedin.com\/showcase\/17982321\/admin\/\"]},{\"@type\":\"Person\",\"@id\":\"https:\/\/www.m-q.ch\/fr\/#\/schema\/person\/47d540e081acd98ccbeb69b55df653d7\",\"name\":\"Roger Str\u00e4ssle\",\"image\":{\"@type\":\"ImageObject\",\"inLanguage\":\"fr-FR\",\"@id\":\"https:\/\/www.m-q.ch\/fr\/#\/schema\/person\/image\/\",\"url\":\"https:\/\/secure.gravatar.com\/avatar\/e4dde3046d8a184d2e2d27651a418883?s=96&d=mm&r=g\",\"contentUrl\":\"https:\/\/secure.gravatar.com\/avatar\/e4dde3046d8a184d2e2d27651a418883?s=96&d=mm&r=g\",\"caption\":\"Roger Str\u00e4ssle\"},\"url\":\"https:\/\/www.m-q.ch\/fr\/author\/roger-straessle\/\"}]}<\/script>\n<!-- \/ Yoast SEO plugin. -->","yoast_head_json":{"title":"Plus de poids pour le Parc d'innovation de la Suisse orientale - MQ Management und Qualit\u00e4t","description":"L'inclusion du Parc d'innovation Est comme sixi\u00e8me porteur de site dans le r\u00e9seau global des parcs d'innovation suisses a \u00e9t\u00e9 approuv\u00e9e.","robots":{"index":"index","follow":"follow","max-snippet":"max-snippet:-1","max-image-preview":"max-image-preview:large","max-video-preview":"max-video-preview:-1"},"canonical":"https:\/\/www.m-q.ch\/fr\/parc-dinnovation-est\/","og_locale":"fr_FR","og_type":"article","og_title":"Mehr Gewicht f\u00fcr Innovationspark der Ostschweiz - MQ Management und Qualit\u00e4t","og_description":"Die Aufnahme des Innovationsparks Ost als sechsten Standorttr\u00e4ger in das Gesamtnetzwerk Schweizerischer Innovationspark ist genehmigt.","og_url":"https:\/\/www.m-q.ch\/fr\/parc-dinnovation-est\/","og_site_name":"MQ Management und Qualit\u00e4t","article_publisher":"https:\/\/www.facebook.com\/ManagementUndQualitaet","article_published_time":"2021-04-26T12:50:47+00:00","article_modified_time":"2021-05-17T09:42:34+00:00","og_image":[{"width":837,"height":467,"url":"https:\/\/www.m-q.ch\/wp-content\/uploads\/2021\/04\/innopark-1.jpg","type":"image\/jpeg"}],"author":"Roger Str\u00e4ssle","twitter_card":"summary_large_image","twitter_misc":{"\u00c9crit par":"Roger Str\u00e4ssle","Dur\u00e9e de lecture estim\u00e9e":"2 minutes"},"schema":{"@context":"https:\/\/schema.org","@graph":[{"@type":"Article","@id":"https:\/\/www.m-q.ch\/innovationspark-ost\/#article","isPartOf":{"@id":"https:\/\/www.m-q.ch\/innovationspark-ost\/"},"author":{"name":"Roger Str\u00e4ssle","@id":"https:\/\/www.m-q.ch\/fr\/#\/schema\/person\/47d540e081acd98ccbeb69b55df653d7"},"headline":"Mehr Gewicht f\u00fcr Innovationspark der Ostschweiz","datePublished":"2021-04-26T12:50:47+00:00","dateModified":"2021-05-17T09:42:34+00:00","mainEntityOfPage":{"@id":"https:\/\/www.m-q.ch\/innovationspark-ost\/"},"wordCount":308,"publisher":{"@id":"https:\/\/www.m-q.ch\/fr\/#organization"},"image":{"@id":"https:\/\/www.m-q.ch\/innovationspark-ost\/#primaryimage"},"thumbnailUrl":"https:\/\/www.m-q.ch\/wp-content\/uploads\/2021\/04\/innopark-1.jpg","keywords":["Innovationspark Ost","Switzerland Innovation"],"articleSection":["Allgemein"],"inLanguage":"fr-FR"},{"@type":"WebPage","@id":"https:\/\/www.m-q.ch\/innovationspark-ost\/","url":"https:\/\/www.m-q.ch\/innovationspark-ost\/","name":"Plus de poids pour le Parc d'innovation de la Suisse orientale - MQ Management und Qualit\u00e4t","isPartOf":{"@id":"https:\/\/www.m-q.ch\/fr\/#website"},"primaryImageOfPage":{"@id":"https:\/\/www.m-q.ch\/innovationspark-ost\/#primaryimage"},"image":{"@id":"https:\/\/www.m-q.ch\/innovationspark-ost\/#primaryimage"},"thumbnailUrl":"https:\/\/www.m-q.ch\/wp-content\/uploads\/2021\/04\/innopark-1.jpg","datePublished":"2021-04-26T12:50:47+00:00","dateModified":"2021-05-17T09:42:34+00:00","description":"L'inclusion du Parc d'innovation Est comme sixi\u00e8me porteur de site dans le r\u00e9seau global des parcs d'innovation suisses a \u00e9t\u00e9 approuv\u00e9e.","breadcrumb":{"@id":"https:\/\/www.m-q.ch\/innovationspark-ost\/#breadcrumb"},"inLanguage":"fr-FR","potentialAction":[{"@type":"ReadAction","target":["https:\/\/www.m-q.ch\/innovationspark-ost\/"]}]},{"@type":"ImageObject","inLanguage":"fr-FR","@id":"https:\/\/www.m-q.ch\/innovationspark-ost\/#primaryimage","url":"https:\/\/www.m-q.ch\/wp-content\/uploads\/2021\/04\/innopark-1.jpg","contentUrl":"https:\/\/www.m-q.ch\/wp-content\/uploads\/2021\/04\/innopark-1.jpg","width":837,"height":467,"caption":"\u00a9 Depositphotos, Vitalik Radko"},{"@type":"BreadcrumbList","@id":"https:\/\/www.m-q.ch\/innovationspark-ost\/#breadcrumb","itemListElement":[{"@type":"ListItem","position":1,"name":"Allgemein","item":"https:\/\/www.m-q.ch\/kategorie\/allgemein\/"},{"@type":"ListItem","position":2,"name":"Mehr Gewicht f\u00fcr Innovationspark der Ostschweiz"}]},{"@type":"WebSite","@id":"https:\/\/www.m-q.ch\/fr\/#website","url":"https:\/\/www.m-q.ch\/fr\/","name":"Gestion et qualit\u00e9 du QM","description":"Plate-forme pour les syst\u00e8mes de gestion int\u00e9gr\u00e9e.","publisher":{"@id":"https:\/\/www.m-q.ch\/fr\/#organization"},"potentialAction":[{"@type":"SearchAction","target":{"@type":"EntryPoint","urlTemplate":"https:\/\/www.m-q.ch\/fr\/?s={search_term_string}"},"query-input":{"@type":"PropertyValueSpecification","valueRequired":true,"valueName":"search_term_string"}}],"inLanguage":"fr-FR"},{"@type":"Organization","@id":"https:\/\/www.m-q.ch\/fr\/#organization","name":"Galledia Trade Media AG","url":"https:\/\/www.m-q.ch\/fr\/","logo":{"@type":"ImageObject","inLanguage":"fr-FR","@id":"https:\/\/www.m-q.ch\/fr\/#\/schema\/logo\/image\/","url":"https:\/\/www.m-q.ch\/wp-content\/uploads\/2020\/12\/cropped-logo_small.png","contentUrl":"https:\/\/www.m-q.ch\/wp-content\/uploads\/2020\/12\/cropped-logo_small.png","width":512,"height":512,"caption":"Galledia Fachmedien AG"},"image":{"@id":"https:\/\/www.m-q.ch\/fr\/#\/schema\/logo\/image\/"},"sameAs":["https:\/\/www.facebook.com\/ManagementUndQualitaet","https:\/\/www.linkedin.com\/showcase\/17982321\/admin\/"]},{"@type":"Person","@id":"https:\/\/www.m-q.ch\/fr\/#\/schema\/person\/47d540e081acd98ccbeb69b55df653d7","name":"Roger Str\u00e4ssle","image":{"@type":"ImageObject","inLanguage":"fr-FR","@id":"https:\/\/www.m-q.ch\/fr\/#\/schema\/person\/image\/","url":"https:\/\/secure.gravatar.com\/avatar\/e4dde3046d8a184d2e2d27651a418883?s=96&d=mm&r=g","contentUrl":"https:\/\/secure.gravatar.com\/avatar\/e4dde3046d8a184d2e2d27651a418883?s=96&d=mm&r=g","caption":"Roger Str\u00e4ssle"},"url":"https:\/\/www.m-q.ch\/fr\/author\/roger-straessle\/"}]}},"_links":{"self":[{"href":"https:\/\/www.m-q.ch\/fr\/wp-json\/wp\/v2\/posts\/14189","targetHints":{"allow":["GET"]}}],"collection":[{"href":"https:\/\/www.m-q.ch\/fr\/wp-json\/wp\/v2\/posts"}],"about":[{"href":"https:\/\/www.m-q.ch\/fr\/wp-json\/wp\/v2\/types\/post"}],"author":[{"embeddable":true,"href":"https:\/\/www.m-q.ch\/fr\/wp-json\/wp\/v2\/users\/35"}],"replies":[{"embeddable":true,"href":"https:\/\/www.m-q.ch\/fr\/wp-json\/wp\/v2\/comments?post=14189"}],"version-history":[{"count":5,"href":"https:\/\/www.m-q.ch\/fr\/wp-json\/wp\/v2\/posts\/14189\/revisions"}],"predecessor-version":[{"id":14329,"href":"https:\/\/www.m-q.ch\/fr\/wp-json\/wp\/v2\/posts\/14189\/revisions\/14329"}],"wp:featuredmedia":[{"embeddable":true,"href":"https:\/\/www.m-q.ch\/fr\/wp-json\/wp\/v2\/media\/14192"}],"wp:attachment":[{"href":"https:\/\/www.m-q.ch\/fr\/wp-json\/wp\/v2\/media?parent=14189"}],"wp:term":[{"taxonomy":"category","embeddable":true,"href":"https:\/\/www.m-q.ch\/fr\/wp-json\/wp\/v2\/categories?post=14189"},{"taxonomy":"post_tag","embeddable":true,"href":"https:\/\/www.m-q.ch\/fr\/wp-json\/wp\/v2\/tags?post=14189"}],"curies":[{"name":"wp","href":"https:\/\/api.w.org\/{rel}","templated":true}]}}