{"id":14231,"date":"2021-05-04T18:00:09","date_gmt":"2021-05-04T16:00:09","guid":{"rendered":"https:\/\/www.m-q.ch\/?p=14231"},"modified":"2021-05-11T18:30:40","modified_gmt":"2021-05-11T16:30:40","slug":"le-prix-seghezzi-est-decerne","status":"publish","type":"post","link":"https:\/\/www.m-q.ch\/fr\/seghezzi-preis-verliehen\/","title":{"rendered":"La SFAQ d\u00e9cerne le Prix Seghezzi"},"content":{"rendered":"<figure id=\"attachment_14241\" aria-describedby=\"caption-attachment-14241\" style=\"width: 2560px\" class=\"wp-caption alignnone\"><img loading=\"lazy\" decoding=\"async\" class=\"size-full wp-image-14241\" src=\"https:\/\/www.m-q.ch\/wp-content\/uploads\/2021\/05\/IMG_3029klein-scaled.jpg\" alt=\"\" width=\"2560\" height=\"1625\" srcset=\"https:\/\/www.m-q.ch\/wp-content\/uploads\/2021\/05\/IMG_3029klein-scaled.jpg 2560w, https:\/\/www.m-q.ch\/wp-content\/uploads\/2021\/05\/IMG_3029klein-768x487.jpg 768w, https:\/\/www.m-q.ch\/wp-content\/uploads\/2021\/05\/IMG_3029klein-1536x975.jpg 1536w, https:\/\/www.m-q.ch\/wp-content\/uploads\/2021\/05\/IMG_3029klein-2048x1300.jpg 2048w, https:\/\/www.m-q.ch\/wp-content\/uploads\/2021\/05\/IMG_3029klein-16x10.jpg 16w, https:\/\/www.m-q.ch\/wp-content\/uploads\/2021\/05\/IMG_3029klein-276x175.jpg 276w, https:\/\/www.m-q.ch\/wp-content\/uploads\/2021\/05\/IMG_3029klein-551x350.jpg 551w, https:\/\/www.m-q.ch\/wp-content\/uploads\/2021\/05\/IMG_3029klein-1260x800.jpg 1260w, https:\/\/www.m-q.ch\/wp-content\/uploads\/2021\/05\/IMG_3029klein-920x584.jpg 920w, https:\/\/www.m-q.ch\/wp-content\/uploads\/2021\/05\/IMG_3029klein-1400x889.jpg 1400w, https:\/\/www.m-q.ch\/wp-content\/uploads\/2021\/05\/IMG_3029klein-300x190.jpg 300w\" sizes=\"auto, (max-width: 2560px) 100vw, 2560px\" \/><figcaption id=\"caption-attachment-14241\" class=\"wp-caption-text\">De gauche \u00e0 droite : la pr\u00e9sidente du jury Martina Z\u00f6lch, le laur\u00e9at Philipp Schaber et Felix M\u00fcller, membre du Conseil de fondation de la SFAQ. Roger Str\u00e4ssle<\/figcaption><\/figure>\n<p>Cette ann\u00e9e \u00e9galement, le <a href=\"http:\/\/saq.ch\/de\/veranstaltungen\/tag_der_schweizer_qualitaet\/tsq_2021\/programm\/\">\"Journ\u00e9e suisse de la qualit\u00e9<\/a> de la SAQ du 4 mai 2021 a d\u00fb \u00eatre tenue virtuellement en raison de la pand\u00e9mie. Cependant, les intervenants \u00e9taient sur place, tout comme le laur\u00e9at du Prix Seghezzi et le jury. Martina Z\u00f6lch, membre du conseil de fondation du SFAQ et pr\u00e9sidente du jury, a ainsi pu remettre solennellement \u00e0 Philipp Schaber le Prix 2021 pour la promotion de la gestion int\u00e9gr\u00e9e de la qualit\u00e9.<\/p>\n<p>Philipp Schaber a d'abord obtenu un Bachelor of Science en g\u00e9nie m\u00e9canique et en transformation des entreprises \u00e0 l'Universit\u00e9 technique de Graz, avant d'entreprendre et de r\u00e9ussir un Master en gestion, technologie et \u00e9conomie \u00e0 l'ETH Zurich. Son parcours est aujourd'hui couronn\u00e9 par le prix Seghezzi : Schaber (1993), n\u00e9 en Autriche, a re\u00e7u la somme de 10 000 francs suisses pour les r\u00e9sultats exceptionnels de son m\u00e9moire de ma\u00eetrise intitul\u00e9 \"Using deep learning to detect assembly errors\".<\/p>\n<h4><strong>Utilisation de m\u00e9thodes d'apprentissage automatique non supervis\u00e9es<\/strong><\/h4>\n<p>Torbj\u00f6rn Netland et Julian Senoner ont \u00e9t\u00e9 les superviseurs de la th\u00e8se de ma\u00eetrise que Philipp Schaber a achev\u00e9e avec succ\u00e8s en ao\u00fbt 2020. Dans sa th\u00e8se, M. Schaber, en collaboration avec Siemens Smart Infrastructure (SI), s'est demand\u00e9 si les m\u00e9thodes d'apprentissage automatique non supervis\u00e9es pouvaient \u00eatre utilis\u00e9es pour d\u00e9tecter les erreurs d'assemblage dans la fabrication.<\/p>\n<p>Cette int\u00e9ressante question de recherche est d'une grande pertinence pratique, \u00e0 l'heure o\u00f9 l'apprentissage automatique est sur le point de faire une perc\u00e9e dans le secteur manufacturier, comme le souligne la SFAQ.<\/p>\n<p>Dans sa th\u00e8se de ma\u00eetrise, Schaber propose une approche d'apprentissage automatique non supervis\u00e9e qui ne peut \u00eatre entra\u00een\u00e9e que sur la base d'images \"sans erreur\". Des m\u00e9canismes fiables de d\u00e9tection des erreurs ainsi que l'efficacit\u00e9 des calculs doivent \u00eatre obtenus par une combinaison cibl\u00e9e de l'apprentissage par transfert et de la \"classification par le plus proche voisin\".<\/p>\n<h4><strong>Preuves empiriques fournies<\/strong><\/h4>\n<p>Philipp Schaber a soumis ces d\u00e9fis \u00e0 un test pratique dans deux usines d'essai de Siemens Smart Infrastructure. Au cours de ses essais sur le terrain, il a pu fournir des preuves empiriques de la mani\u00e8re dont l'approche propos\u00e9e peut d\u00e9tecter de mani\u00e8re fiable les erreurs d'installation dans la pratique, tout en conservant une grande efficacit\u00e9 de calcul, comme l'\u00e9crit la SFAQ.<\/p>\n<p>Le travail de recherche de Philipp Schaber est donc un excellent exemple de la mani\u00e8re dont l'apprentissage automatique peut soutenir la gestion de la qualit\u00e9. Gr\u00e2ce \u00e0 ce travail, une lacune dans la recherche a \u00e9t\u00e9 combl\u00e9e d'une mani\u00e8re bas\u00e9e sur un mod\u00e8le et convaincante sur le plan empirique, ce qui est d'une grande pertinence pratique.<\/p>\n<h4><strong>D\u00e9claration du jury<\/strong><\/h4>\n<p>Le jury a expliqu\u00e9 sa d\u00e9cision comme suit :<\/p>\n<p><em>Le <strong>Potentiel d'innovation<\/strong> du travail est consid\u00e9rable : <\/em>L'approche \"non supervis\u00e9e\" est innovante en soi. Jusqu'\u00e0 pr\u00e9sent, les m\u00e9canismes de d\u00e9tection des d\u00e9fauts ont principalement \u00e9t\u00e9 appris \u00e0 partir de produits d\u00e9fectueux. \"\u00c9tendre l'apprentissage profond par l'approche m\u00e9thodologique de l'approche non supervis\u00e9e et la relier aux th\u00e9ories des r\u00e9seaux de neurones ouvre de nouvelles perspectives pour l'apprentissage automatique et \u00e9largit la port\u00e9e de l'approche de l'apprentissage profond.<\/p>\n<p>L'approche \"apprentissage automatique non supervis\u00e9\" \u00e9tant bas\u00e9e sur un apprentissage qui fonctionne avec des images sans erreur, cela permet une utilisation extr\u00eamement efficace de la puissance de calcul. Comme cela a pu \u00eatre d\u00e9montr\u00e9 empiriquement dans le travail, il y a une r\u00e9duction significative de l'effort avec une expressivit\u00e9 presque inchang\u00e9e en termes de d\u00e9tection des erreurs.<\/p>\n<p><em>Ici, on voit le <strong>grande importance pratique<\/strong> de travail :<\/em> La d\u00e9tection des d\u00e9fauts dans la fabrication et l'assemblage des cartes de circuits imprim\u00e9s s'est jusqu'\u00e0 pr\u00e9sent largement bas\u00e9e sur l'inspection par les employ\u00e9s, ce qui reste in\u00e9vitable en dehors de la production \u00e0 grande \u00e9chelle. Cependant, leur perception est sujette \u00e0 des erreurs, qui peuvent entra\u00eener des co\u00fbts de suivi, et l'ex\u00e9cution de ces activit\u00e9s professionnelles est souvent stressante.<\/p>\n<p>Gr\u00e2ce \u00e0 l'approche propos\u00e9e, la d\u00e9tection des d\u00e9fauts des machines peut \u00e9galement \u00eatre utilis\u00e9e dans la production de petites et moyennes s\u00e9ries, ce qui devrait augmenter consid\u00e9rablement le champ d'application.<\/p>\n<p>En plus de l'approche th\u00e9orique et m\u00e9thodologique innovante de la d\u00e9tection efficace et efficiente des d\u00e9fauts, les questions de gestion commerciale des co\u00fbts des d\u00e9fauts et du d\u00e9ploiement du personnel sont donc \u00e9galement soulev\u00e9es. Ce travail, qui se situe \u00e0 l'interface de la gestion d'entreprise, de la technologie et de l'informatique, apporte ainsi une contribution int\u00e9grative \u00e0 la gestion g\u00e9n\u00e9rale et \u00e0 l'importance de la qualit\u00e9.<\/p>\n<p>En conclusion, le jury souligne : \" Nous sommes heureux de pouvoir r\u00e9compenser ce travail innovant et d'une grande pertinence scientifique et pratique par le Prix Seghezzi 2021. \"<\/p>\n<p><em>Le <a href=\"http:\/\/saq.ch\/de\/seghezzi-preis\/\">Prix Seghezzi<\/a> est annonc\u00e9 tous les deux ans.<\/em><\/p>\n<p><img loading=\"lazy\" decoding=\"async\" class=\"size-full wp-image-14244\" src=\"https:\/\/www.m-q.ch\/wp-content\/uploads\/2021\/05\/IMG_3016.jpg\" alt=\"\" width=\"2046\" height=\"1462\" srcset=\"https:\/\/www.m-q.ch\/wp-content\/uploads\/2021\/05\/IMG_3016.jpg 2046w, https:\/\/www.m-q.ch\/wp-content\/uploads\/2021\/05\/IMG_3016-768x549.jpg 768w, https:\/\/www.m-q.ch\/wp-content\/uploads\/2021\/05\/IMG_3016-1536x1098.jpg 1536w, https:\/\/www.m-q.ch\/wp-content\/uploads\/2021\/05\/IMG_3016-16x12.jpg 16w, https:\/\/www.m-q.ch\/wp-content\/uploads\/2021\/05\/IMG_3016-245x175.jpg 245w, https:\/\/www.m-q.ch\/wp-content\/uploads\/2021\/05\/IMG_3016-490x350.jpg 490w, https:\/\/www.m-q.ch\/wp-content\/uploads\/2021\/05\/IMG_3016-1120x800.jpg 1120w, https:\/\/www.m-q.ch\/wp-content\/uploads\/2021\/05\/IMG_3016-920x657.jpg 920w, https:\/\/www.m-q.ch\/wp-content\/uploads\/2021\/05\/IMG_3016-1400x1000.jpg 1400w, https:\/\/www.m-q.ch\/wp-content\/uploads\/2021\/05\/IMG_3016-1959x1400.jpg 1959w, https:\/\/www.m-q.ch\/wp-content\/uploads\/2021\/05\/IMG_3016-300x214.jpg 300w\" sizes=\"auto, (max-width: 2046px) 100vw, 2046px\" \/><\/p>\n<p>Le couronnement de son travail de master - Philipp Schaber avec le prix Seghezzi. \u00a9 R. Str\u00e4ssle<\/p>","protected":false},"excerpt":{"rendered":"<p>Auch der diesj\u00e4hrige \u00abTag der Schweizer Qualit\u00e4t\u00bb der SAQ vom 4. Mai 2021 musste pandemiebedingt virtuell durchgef\u00fchrt werden. Vor Ort waren jedoch die Referenten, aber auch der Seghezzi-Preistr\u00e4ger und die Jury. Und so konnte Prof. Dr. Martina Z\u00f6lch, SFAQ-Stiftungsratsmitglied und Pr\u00e4sidentin der Jury, Philipp Schaber den Award 2021 zur F\u00f6rderung eines integrierten Managements von Qualit\u00e4t [&hellip;]<\/p>\n","protected":false},"author":35,"featured_media":14241,"comment_status":"closed","ping_status":"closed","sticky":false,"template":"","format":"standard","meta":{"_acf_changed":false,"footnotes":""},"categories":[3303],"tags":[4945,4942,4944,4943],"class_list":["post-14231","post","type-post","status-publish","format-standard","has-post-thumbnail","hentry","category-qualitaetsmanagement","tag-using-deep-learning-to-detect-assembly-errors","tag-saw","tag-schweizerischen-stiftung-fuer-forschung-und-ausbildung-qualitaet","tag-sffaq"],"acf":[],"yoast_head":"<!-- This site is optimized with the Yoast SEO plugin v26.2 - https:\/\/yoast.com\/wordpress\/plugins\/seo\/ -->\n<title>SFAQ verleiht Seghezzi-Preis - MQ Management und Qualit\u00e4t<\/title>\n<meta name=\"description\" content=\"Die SFAQ (Schweizerischen Stiftung f\u00fcr Forschung und Ausbildung Qualit\u00e4t) hat den Seghezzi-Award 2021 verliehen.\" \/>\n<meta name=\"robots\" content=\"index, follow, max-snippet:-1, max-image-preview:large, max-video-preview:-1\" \/>\n<link rel=\"canonical\" href=\"https:\/\/www.m-q.ch\/fr\/le-prix-seghezzi-est-decerne\/\" \/>\n<meta property=\"og:locale\" content=\"fr_FR\" \/>\n<meta property=\"og:type\" content=\"article\" \/>\n<meta property=\"og:title\" content=\"SFAQ verleiht Seghezzi-Preis - MQ Management und Qualit\u00e4t\" \/>\n<meta property=\"og:description\" content=\"Die SFAQ (Schweizerischen Stiftung f\u00fcr Forschung und Ausbildung Qualit\u00e4t) hat den Seghezzi-Award 2021 verliehen.\" \/>\n<meta property=\"og:url\" content=\"https:\/\/www.m-q.ch\/fr\/le-prix-seghezzi-est-decerne\/\" \/>\n<meta property=\"og:site_name\" content=\"MQ Management und Qualit\u00e4t\" \/>\n<meta property=\"article:publisher\" content=\"https:\/\/www.facebook.com\/ManagementUndQualitaet\" \/>\n<meta property=\"article:published_time\" content=\"2021-05-04T16:00:09+00:00\" \/>\n<meta property=\"article:modified_time\" content=\"2021-05-11T16:30:40+00:00\" \/>\n<meta property=\"og:image\" content=\"https:\/\/www.m-q.ch\/wp-content\/uploads\/2021\/05\/IMG_3029klein-scaled.jpg\" \/>\n\t<meta property=\"og:image:width\" content=\"2560\" \/>\n\t<meta property=\"og:image:height\" content=\"1625\" \/>\n\t<meta property=\"og:image:type\" content=\"image\/jpeg\" \/>\n<meta name=\"author\" content=\"Roger Str\u00e4ssle\" \/>\n<meta name=\"twitter:card\" content=\"summary_large_image\" \/>\n<meta name=\"twitter:label1\" content=\"\u00c9crit par\" \/>\n\t<meta name=\"twitter:data1\" content=\"Roger Str\u00e4ssle\" \/>\n\t<meta name=\"twitter:label2\" content=\"Dur\u00e9e de lecture estim\u00e9e\" \/>\n\t<meta name=\"twitter:data2\" content=\"3 minutes\" \/>\n<script type=\"application\/ld+json\" class=\"yoast-schema-graph\">{\"@context\":\"https:\/\/schema.org\",\"@graph\":[{\"@type\":\"Article\",\"@id\":\"https:\/\/www.m-q.ch\/seghezzi-preis-verliehen\/#article\",\"isPartOf\":{\"@id\":\"https:\/\/www.m-q.ch\/seghezzi-preis-verliehen\/\"},\"author\":{\"name\":\"Roger Str\u00e4ssle\",\"@id\":\"https:\/\/www.m-q.ch\/fr\/#\/schema\/person\/47d540e081acd98ccbeb69b55df653d7\"},\"headline\":\"SFAQ verleiht Seghezzi-Preis\",\"datePublished\":\"2021-05-04T16:00:09+00:00\",\"dateModified\":\"2021-05-11T16:30:40+00:00\",\"mainEntityOfPage\":{\"@id\":\"https:\/\/www.m-q.ch\/seghezzi-preis-verliehen\/\"},\"wordCount\":691,\"publisher\":{\"@id\":\"https:\/\/www.m-q.ch\/fr\/#organization\"},\"image\":{\"@id\":\"https:\/\/www.m-q.ch\/seghezzi-preis-verliehen\/#primaryimage\"},\"thumbnailUrl\":\"https:\/\/www.m-q.ch\/wp-content\/uploads\/2021\/05\/IMG_3029klein-scaled.jpg\",\"keywords\":[\"\u00abUsing deep learning to detect assembly errors\u00bb\",\"SAW\",\"Schweizerischen Stiftung f\u00fcr Forschung und Ausbildung Qualit\u00e4t\",\"SFFAQ\"],\"articleSection\":[\"Qualit\u00e4tsmanagement\"],\"inLanguage\":\"fr-FR\"},{\"@type\":\"WebPage\",\"@id\":\"https:\/\/www.m-q.ch\/seghezzi-preis-verliehen\/\",\"url\":\"https:\/\/www.m-q.ch\/seghezzi-preis-verliehen\/\",\"name\":\"SFAQ verleiht Seghezzi-Preis - MQ Management und Qualit\u00e4t\",\"isPartOf\":{\"@id\":\"https:\/\/www.m-q.ch\/fr\/#website\"},\"primaryImageOfPage\":{\"@id\":\"https:\/\/www.m-q.ch\/seghezzi-preis-verliehen\/#primaryimage\"},\"image\":{\"@id\":\"https:\/\/www.m-q.ch\/seghezzi-preis-verliehen\/#primaryimage\"},\"thumbnailUrl\":\"https:\/\/www.m-q.ch\/wp-content\/uploads\/2021\/05\/IMG_3029klein-scaled.jpg\",\"datePublished\":\"2021-05-04T16:00:09+00:00\",\"dateModified\":\"2021-05-11T16:30:40+00:00\",\"description\":\"Die SFAQ (Schweizerischen Stiftung f\u00fcr Forschung und Ausbildung Qualit\u00e4t) hat den Seghezzi-Award 2021 verliehen.\",\"breadcrumb\":{\"@id\":\"https:\/\/www.m-q.ch\/seghezzi-preis-verliehen\/#breadcrumb\"},\"inLanguage\":\"fr-FR\",\"potentialAction\":[{\"@type\":\"ReadAction\",\"target\":[\"https:\/\/www.m-q.ch\/seghezzi-preis-verliehen\/\"]}]},{\"@type\":\"ImageObject\",\"inLanguage\":\"fr-FR\",\"@id\":\"https:\/\/www.m-q.ch\/seghezzi-preis-verliehen\/#primaryimage\",\"url\":\"https:\/\/www.m-q.ch\/wp-content\/uploads\/2021\/05\/IMG_3029klein-scaled.jpg\",\"contentUrl\":\"https:\/\/www.m-q.ch\/wp-content\/uploads\/2021\/05\/IMG_3029klein-scaled.jpg\",\"width\":2560,\"height\":1625,\"caption\":\"V.l.n.r.: Jury-Pr\u00e4sidentin Martina Z\u00f6lch, Preisgewinner Philipp Schaber sowie SFAQ-Stiftungsratsmitglied Felix M\u00fcller. \u00a9 Roger Str\u00e4ssle\"},{\"@type\":\"BreadcrumbList\",\"@id\":\"https:\/\/www.m-q.ch\/seghezzi-preis-verliehen\/#breadcrumb\",\"itemListElement\":[{\"@type\":\"ListItem\",\"position\":1,\"name\":\"Qualit\u00e4tsmanagement\",\"item\":\"https:\/\/www.m-q.ch\/kategorie\/qualitaetsmanagement\/\"},{\"@type\":\"ListItem\",\"position\":2,\"name\":\"SFAQ verleiht Seghezzi-Preis\"}]},{\"@type\":\"WebSite\",\"@id\":\"https:\/\/www.m-q.ch\/fr\/#website\",\"url\":\"https:\/\/www.m-q.ch\/fr\/\",\"name\":\"MQ Management und Qualit\u00e4t\",\"description\":\"Plattform f\u00fcr integrierte Managementsysteme.\",\"publisher\":{\"@id\":\"https:\/\/www.m-q.ch\/fr\/#organization\"},\"potentialAction\":[{\"@type\":\"SearchAction\",\"target\":{\"@type\":\"EntryPoint\",\"urlTemplate\":\"https:\/\/www.m-q.ch\/fr\/?s={search_term_string}\"},\"query-input\":{\"@type\":\"PropertyValueSpecification\",\"valueRequired\":true,\"valueName\":\"search_term_string\"}}],\"inLanguage\":\"fr-FR\"},{\"@type\":\"Organization\",\"@id\":\"https:\/\/www.m-q.ch\/fr\/#organization\",\"name\":\"Galledia Fachmedien AG\",\"url\":\"https:\/\/www.m-q.ch\/fr\/\",\"logo\":{\"@type\":\"ImageObject\",\"inLanguage\":\"fr-FR\",\"@id\":\"https:\/\/www.m-q.ch\/fr\/#\/schema\/logo\/image\/\",\"url\":\"https:\/\/www.m-q.ch\/wp-content\/uploads\/2020\/12\/cropped-logo_small.png\",\"contentUrl\":\"https:\/\/www.m-q.ch\/wp-content\/uploads\/2020\/12\/cropped-logo_small.png\",\"width\":512,\"height\":512,\"caption\":\"Galledia Fachmedien AG\"},\"image\":{\"@id\":\"https:\/\/www.m-q.ch\/fr\/#\/schema\/logo\/image\/\"},\"sameAs\":[\"https:\/\/www.facebook.com\/ManagementUndQualitaet\",\"https:\/\/www.linkedin.com\/showcase\/17982321\/admin\/\"]},{\"@type\":\"Person\",\"@id\":\"https:\/\/www.m-q.ch\/fr\/#\/schema\/person\/47d540e081acd98ccbeb69b55df653d7\",\"name\":\"Roger Str\u00e4ssle\",\"image\":{\"@type\":\"ImageObject\",\"inLanguage\":\"fr-FR\",\"@id\":\"https:\/\/www.m-q.ch\/fr\/#\/schema\/person\/image\/\",\"url\":\"https:\/\/secure.gravatar.com\/avatar\/e4dde3046d8a184d2e2d27651a418883?s=96&d=mm&r=g\",\"contentUrl\":\"https:\/\/secure.gravatar.com\/avatar\/e4dde3046d8a184d2e2d27651a418883?s=96&d=mm&r=g\",\"caption\":\"Roger Str\u00e4ssle\"},\"url\":\"https:\/\/www.m-q.ch\/fr\/author\/roger-straessle\/\"}]}<\/script>\n<!-- \/ Yoast SEO plugin. -->","yoast_head_json":{"title":"La SFAQ d\u00e9cerne le Prix Seghezzi - MQ Management et Qualit\u00e9","description":"Le SFAQ (Fondation suisse pour la qualit\u00e9 de la recherche et de l'enseignement) a d\u00e9cern\u00e9 le Prix Seghezzi 2021.","robots":{"index":"index","follow":"follow","max-snippet":"max-snippet:-1","max-image-preview":"max-image-preview:large","max-video-preview":"max-video-preview:-1"},"canonical":"https:\/\/www.m-q.ch\/fr\/le-prix-seghezzi-est-decerne\/","og_locale":"fr_FR","og_type":"article","og_title":"SFAQ verleiht Seghezzi-Preis - MQ Management und Qualit\u00e4t","og_description":"Die SFAQ (Schweizerischen Stiftung f\u00fcr Forschung und Ausbildung Qualit\u00e4t) hat den Seghezzi-Award 2021 verliehen.","og_url":"https:\/\/www.m-q.ch\/fr\/le-prix-seghezzi-est-decerne\/","og_site_name":"MQ Management und Qualit\u00e4t","article_publisher":"https:\/\/www.facebook.com\/ManagementUndQualitaet","article_published_time":"2021-05-04T16:00:09+00:00","article_modified_time":"2021-05-11T16:30:40+00:00","og_image":[{"width":2560,"height":1625,"url":"https:\/\/www.m-q.ch\/wp-content\/uploads\/2021\/05\/IMG_3029klein-scaled.jpg","type":"image\/jpeg"}],"author":"Roger Str\u00e4ssle","twitter_card":"summary_large_image","twitter_misc":{"\u00c9crit par":"Roger Str\u00e4ssle","Dur\u00e9e de lecture estim\u00e9e":"3 minutes"},"schema":{"@context":"https:\/\/schema.org","@graph":[{"@type":"Article","@id":"https:\/\/www.m-q.ch\/seghezzi-preis-verliehen\/#article","isPartOf":{"@id":"https:\/\/www.m-q.ch\/seghezzi-preis-verliehen\/"},"author":{"name":"Roger Str\u00e4ssle","@id":"https:\/\/www.m-q.ch\/fr\/#\/schema\/person\/47d540e081acd98ccbeb69b55df653d7"},"headline":"SFAQ verleiht Seghezzi-Preis","datePublished":"2021-05-04T16:00:09+00:00","dateModified":"2021-05-11T16:30:40+00:00","mainEntityOfPage":{"@id":"https:\/\/www.m-q.ch\/seghezzi-preis-verliehen\/"},"wordCount":691,"publisher":{"@id":"https:\/\/www.m-q.ch\/fr\/#organization"},"image":{"@id":"https:\/\/www.m-q.ch\/seghezzi-preis-verliehen\/#primaryimage"},"thumbnailUrl":"https:\/\/www.m-q.ch\/wp-content\/uploads\/2021\/05\/IMG_3029klein-scaled.jpg","keywords":["\u00abUsing deep learning to detect assembly errors\u00bb","SAW","Schweizerischen Stiftung f\u00fcr Forschung und Ausbildung Qualit\u00e4t","SFFAQ"],"articleSection":["Qualit\u00e4tsmanagement"],"inLanguage":"fr-FR"},{"@type":"WebPage","@id":"https:\/\/www.m-q.ch\/seghezzi-preis-verliehen\/","url":"https:\/\/www.m-q.ch\/seghezzi-preis-verliehen\/","name":"La SFAQ d\u00e9cerne le Prix Seghezzi - MQ Management et Qualit\u00e9","isPartOf":{"@id":"https:\/\/www.m-q.ch\/fr\/#website"},"primaryImageOfPage":{"@id":"https:\/\/www.m-q.ch\/seghezzi-preis-verliehen\/#primaryimage"},"image":{"@id":"https:\/\/www.m-q.ch\/seghezzi-preis-verliehen\/#primaryimage"},"thumbnailUrl":"https:\/\/www.m-q.ch\/wp-content\/uploads\/2021\/05\/IMG_3029klein-scaled.jpg","datePublished":"2021-05-04T16:00:09+00:00","dateModified":"2021-05-11T16:30:40+00:00","description":"Le SFAQ (Fondation suisse pour la qualit\u00e9 de la recherche et de l'enseignement) a d\u00e9cern\u00e9 le Prix Seghezzi 2021.","breadcrumb":{"@id":"https:\/\/www.m-q.ch\/seghezzi-preis-verliehen\/#breadcrumb"},"inLanguage":"fr-FR","potentialAction":[{"@type":"ReadAction","target":["https:\/\/www.m-q.ch\/seghezzi-preis-verliehen\/"]}]},{"@type":"ImageObject","inLanguage":"fr-FR","@id":"https:\/\/www.m-q.ch\/seghezzi-preis-verliehen\/#primaryimage","url":"https:\/\/www.m-q.ch\/wp-content\/uploads\/2021\/05\/IMG_3029klein-scaled.jpg","contentUrl":"https:\/\/www.m-q.ch\/wp-content\/uploads\/2021\/05\/IMG_3029klein-scaled.jpg","width":2560,"height":1625,"caption":"V.l.n.r.: Jury-Pr\u00e4sidentin Martina Z\u00f6lch, Preisgewinner Philipp Schaber sowie SFAQ-Stiftungsratsmitglied Felix M\u00fcller. \u00a9 Roger Str\u00e4ssle"},{"@type":"BreadcrumbList","@id":"https:\/\/www.m-q.ch\/seghezzi-preis-verliehen\/#breadcrumb","itemListElement":[{"@type":"ListItem","position":1,"name":"Qualit\u00e4tsmanagement","item":"https:\/\/www.m-q.ch\/kategorie\/qualitaetsmanagement\/"},{"@type":"ListItem","position":2,"name":"SFAQ verleiht Seghezzi-Preis"}]},{"@type":"WebSite","@id":"https:\/\/www.m-q.ch\/fr\/#website","url":"https:\/\/www.m-q.ch\/fr\/","name":"Gestion et qualit\u00e9 du QM","description":"Plate-forme pour les syst\u00e8mes de gestion int\u00e9gr\u00e9e.","publisher":{"@id":"https:\/\/www.m-q.ch\/fr\/#organization"},"potentialAction":[{"@type":"SearchAction","target":{"@type":"EntryPoint","urlTemplate":"https:\/\/www.m-q.ch\/fr\/?s={search_term_string}"},"query-input":{"@type":"PropertyValueSpecification","valueRequired":true,"valueName":"search_term_string"}}],"inLanguage":"fr-FR"},{"@type":"Organization","@id":"https:\/\/www.m-q.ch\/fr\/#organization","name":"Galledia Trade Media AG","url":"https:\/\/www.m-q.ch\/fr\/","logo":{"@type":"ImageObject","inLanguage":"fr-FR","@id":"https:\/\/www.m-q.ch\/fr\/#\/schema\/logo\/image\/","url":"https:\/\/www.m-q.ch\/wp-content\/uploads\/2020\/12\/cropped-logo_small.png","contentUrl":"https:\/\/www.m-q.ch\/wp-content\/uploads\/2020\/12\/cropped-logo_small.png","width":512,"height":512,"caption":"Galledia Fachmedien AG"},"image":{"@id":"https:\/\/www.m-q.ch\/fr\/#\/schema\/logo\/image\/"},"sameAs":["https:\/\/www.facebook.com\/ManagementUndQualitaet","https:\/\/www.linkedin.com\/showcase\/17982321\/admin\/"]},{"@type":"Person","@id":"https:\/\/www.m-q.ch\/fr\/#\/schema\/person\/47d540e081acd98ccbeb69b55df653d7","name":"Roger Str\u00e4ssle","image":{"@type":"ImageObject","inLanguage":"fr-FR","@id":"https:\/\/www.m-q.ch\/fr\/#\/schema\/person\/image\/","url":"https:\/\/secure.gravatar.com\/avatar\/e4dde3046d8a184d2e2d27651a418883?s=96&d=mm&r=g","contentUrl":"https:\/\/secure.gravatar.com\/avatar\/e4dde3046d8a184d2e2d27651a418883?s=96&d=mm&r=g","caption":"Roger Str\u00e4ssle"},"url":"https:\/\/www.m-q.ch\/fr\/author\/roger-straessle\/"}]}},"_links":{"self":[{"href":"https:\/\/www.m-q.ch\/fr\/wp-json\/wp\/v2\/posts\/14231","targetHints":{"allow":["GET"]}}],"collection":[{"href":"https:\/\/www.m-q.ch\/fr\/wp-json\/wp\/v2\/posts"}],"about":[{"href":"https:\/\/www.m-q.ch\/fr\/wp-json\/wp\/v2\/types\/post"}],"author":[{"embeddable":true,"href":"https:\/\/www.m-q.ch\/fr\/wp-json\/wp\/v2\/users\/35"}],"replies":[{"embeddable":true,"href":"https:\/\/www.m-q.ch\/fr\/wp-json\/wp\/v2\/comments?post=14231"}],"version-history":[{"count":16,"href":"https:\/\/www.m-q.ch\/fr\/wp-json\/wp\/v2\/posts\/14231\/revisions"}],"predecessor-version":[{"id":14298,"href":"https:\/\/www.m-q.ch\/fr\/wp-json\/wp\/v2\/posts\/14231\/revisions\/14298"}],"wp:featuredmedia":[{"embeddable":true,"href":"https:\/\/www.m-q.ch\/fr\/wp-json\/wp\/v2\/media\/14241"}],"wp:attachment":[{"href":"https:\/\/www.m-q.ch\/fr\/wp-json\/wp\/v2\/media?parent=14231"}],"wp:term":[{"taxonomy":"category","embeddable":true,"href":"https:\/\/www.m-q.ch\/fr\/wp-json\/wp\/v2\/categories?post=14231"},{"taxonomy":"post_tag","embeddable":true,"href":"https:\/\/www.m-q.ch\/fr\/wp-json\/wp\/v2\/tags?post=14231"}],"curies":[{"name":"wp","href":"https:\/\/api.w.org\/{rel}","templated":true}]}}