{"id":14429,"date":"2021-06-02T10:40:59","date_gmt":"2021-06-02T08:40:59","guid":{"rendered":"https:\/\/www.m-q.ch\/?p=14429"},"modified":"2021-06-03T14:00:51","modified_gmt":"2021-06-03T12:00:51","slug":"la-securite-du-travail","status":"publish","type":"post","link":"https:\/\/www.m-q.ch\/fr\/arbeitssicherheit\/","title":{"rendered":"La manutention correcte des charges all\u00e8ge le budget de l'entreprise."},"content":{"rendered":"<figure id=\"attachment_14430\" aria-describedby=\"caption-attachment-14430\" style=\"width: 2520px\" class=\"wp-caption aligncenter\"><img loading=\"lazy\" decoding=\"async\" class=\"wp-image-14430 size-full\" src=\"https:\/\/www.m-q.ch\/wp-content\/uploads\/2021\/05\/Lasten_heben_MM.jpg\" alt=\"S\u00e9curit\u00e9 au travail, Suva, journ\u00e9es perdues, charges lourdes\" width=\"2520\" height=\"1418\" srcset=\"https:\/\/www.m-q.ch\/wp-content\/uploads\/2021\/05\/Lasten_heben_MM.jpg 2520w, https:\/\/www.m-q.ch\/wp-content\/uploads\/2021\/05\/Lasten_heben_MM-768x432.jpg 768w, https:\/\/www.m-q.ch\/wp-content\/uploads\/2021\/05\/Lasten_heben_MM-1536x864.jpg 1536w, https:\/\/www.m-q.ch\/wp-content\/uploads\/2021\/05\/Lasten_heben_MM-2048x1152.jpg 2048w, https:\/\/www.m-q.ch\/wp-content\/uploads\/2021\/05\/Lasten_heben_MM-16x9.jpg 16w, https:\/\/www.m-q.ch\/wp-content\/uploads\/2021\/05\/Lasten_heben_MM-311x175.jpg 311w, https:\/\/www.m-q.ch\/wp-content\/uploads\/2021\/05\/Lasten_heben_MM-622x350.jpg 622w, https:\/\/www.m-q.ch\/wp-content\/uploads\/2021\/05\/Lasten_heben_MM-1422x800.jpg 1422w, https:\/\/www.m-q.ch\/wp-content\/uploads\/2021\/05\/Lasten_heben_MM-920x518.jpg 920w, https:\/\/www.m-q.ch\/wp-content\/uploads\/2021\/05\/Lasten_heben_MM-1400x788.jpg 1400w, https:\/\/www.m-q.ch\/wp-content\/uploads\/2021\/05\/Lasten_heben_MM-300x169.jpg 300w\" sizes=\"auto, (max-width: 2520px) 100vw, 2520px\" \/><figcaption id=\"caption-attachment-14430\" class=\"wp-caption-text\">Utilisez les aides, la s\u00e9curit\u00e9 au travail avant tout. Suva<\/figcaption><\/figure>\n<p>Toute personne qui transporte des charges lourdes de mani\u00e8re incorrecte et sans aide nuit \u00e0 son corps. \"Les surcharges physiques peuvent entra\u00eener des tendinites, des signes d'usure comme l'arthrose ou des probl\u00e8mes de dos. Dans les cas extr\u00eames, ces douleurs dorsales se manifestent sous la forme d'une hernie discale\", explique Christian M\u00fcller, expert en ergonomie \u00e0 la Suva.<\/p>\n<h3>Les jours perdus co\u00fbtent une fortune<\/h3>\n<p>Outre la souffrance physique, l'absence des travailleurs bless\u00e9s entra\u00eene des co\u00fbts \u00e9lev\u00e9s. Les statistiques montrent que 670 000 employ\u00e9s souffrent de troubles musculo-squelettiques li\u00e9s au travail et sont absents du travail pendant trois jours ouvrables par an en moyenne. La Suva calcule que chaque jour d'absence co\u00fbte environ 1000 francs, ce qui porte le co\u00fbt total \u00e0 plus de 2 milliards de francs, soit une charge pour le syst\u00e8me de sant\u00e9, les entreprises et l'ensemble du monde du travail en Suisse.<strong>\u00a0<\/strong><\/p>\n<h3><strong>Gagner du temps avec les outils<\/strong><\/h3>\n<p>L'utilisation d'aides permet de r\u00e9duire durablement les accidents, les surcharges et finalement les plaintes physiques. Les avantages vont toutefois au-del\u00e0, car les aides techniques permettent \u00e9galement de gagner du temps. \"Un livreur de colis qui utilise des aides adapt\u00e9es au travail prot\u00e8ge son appareil locomoteur et \u00e9conomise beaucoup d'\u00e9nergie. Cela lui permet de maintenir son rythme de travail jusqu'\u00e0 la fin d'une longue journ\u00e9e de travail\", explique M. M\u00fcller.<\/p>\n<p>Les aides sont nombreuses et leur utilisation diff\u00e8re selon l'objet \u00e0 transporter et le lieu d'utilisation. Lors du transfert de colis, il existe diff\u00e9rents outils qui peuvent faciliter la journ\u00e9e de travail. Si les colis sont empil\u00e9s sur des palettes lors de la pr\u00e9paration des livraisons, l'utilisation d'une nacelle \u00e0 ciseaux permet de soulever les colis \u00e0 hauteur de taille, ce qui soulage massivement le dos. Pour les colis particuli\u00e8rement lourds, des aides au levage telles que des \u00e9l\u00e9vateurs \u00e0 vide peuvent \u00eatre utilis\u00e9es. Si la livraison au client est possible via des points d'acc\u00e8s plats, des chariots ou des diables peuvent \u00eatre utilis\u00e9s. Les monte-escaliers sont un rem\u00e8de pour les escaliers. En outre, une sangle de transport peut \u00eatre utile pour les petits colis.<\/p>\n<p>Outre l'utilisation d'aides, il est important de concevoir la planification des itin\u00e9raires et le chargement des v\u00e9hicules de mani\u00e8re \u00e0 ce que chaque colis ne soit d\u00e9plac\u00e9 que de fa\u00e7on minimale et optimale uniquement pendant la livraison elle-m\u00eame. L\u00e0 aussi, on peut gagner du temps et de l'\u00e9nergie.<\/p>\n<h3><strong>Gain d'image gr\u00e2ce au professionnalisme<\/strong><\/h3>\n<p>Enfin, le professionnalisme de la manutention des charges est \u00e9galement b\u00e9n\u00e9fique pour l'image de l'entreprise. Apr\u00e8s tout, quel client est heureux lorsqu'il doit ouvrir la porte \u00e0 un livreur de colis en sueur et stress\u00e9 ? Une entreprise qui \u00e9quipe ses employ\u00e9s de mani\u00e8re professionnelle donne \u00e9galement au client l'assurance que les marchandises command\u00e9es arriveront chez lui sans incident ni dommage li\u00e9 au transport.<\/p>\n<p><em>Informations compl\u00e9mentaires :<\/em><\/p>\n<ul>\n<li><em><a href=\"https:\/\/www.suva.ch\/de-CH\/material\/Factsheets\/clever-mit-lasten-umgehen\">Manipulation intelligente des charges : Utilisez des aides - cela en vaut la peine !\u00a0<\/a>\u00a0<\/em><\/li>\n<li><em><a href=\"https:\/\/www.suva.ch\/de-ch\/praevention\/sachthemen\/koerperliche-belastungen\">Ergonomie et stress physique\u00a0<\/a>\u00a0<\/em><\/li>\n<li><a href=\"https:\/\/www.suva.ch\/de-CH\/material\/Kurs-Veranstaltung\/anmeldung-stas-schweizerische-tagung-fuer-arbeitssicherheit\"><em>Conf\u00e9rence suisse pour la s\u00e9curit\u00e9 au travail (CSST) du 30 septembre 2021\u00a0<\/em><\/a>\u00a0<\/li>\n<\/ul>\n<p><em>Source : Suva<\/em><\/p>\n<p>&nbsp;<\/p>\n<p><em><strong>Autres sujets :<\/strong>\u00a0<a href=\"https:\/\/www.m-q.ch\/fr\/de-nombreuses-directives-un-objectif-moins-dinjustice\/\">De nombreuses directives - un seul objectif : moins d'accidents<\/a><\/em><\/p>","protected":false},"excerpt":{"rendered":"<p>Wer schwere Lasten falsch und ohne Hilfsmittel transportiert, schadet seinem K\u00f6rper. \u00abK\u00f6rperliche \u00dcberlastungen k\u00f6nnen Sehnenentz\u00fcndungen, Abn\u00fctzungserscheinungen wie beispielsweise Arthrose oder zu R\u00fcckenbeschwerden f\u00fchren. In Extremfall \u00e4ussern sich diese R\u00fcckenbeschwerden mit einem Bandscheibenvorfall\u00bb, erkl\u00e4rt Christian M\u00fcller, Experte f\u00fcr Ergonomie bei der Suva. Ausfalltage kosten ein Verm\u00f6gen Abgesehen von k\u00f6rperlichem Leid, entstehen hohe Kosten, weil die verletzten [&hellip;]<\/p>\n","protected":false},"author":35,"featured_media":14430,"comment_status":"closed","ping_status":"closed","sticky":false,"template":"","format":"standard","meta":{"_acf_changed":false,"footnotes":""},"categories":[4],"tags":[3348,4995,4996,4997,4998],"class_list":["post-14429","post","type-post","status-publish","format-standard","has-post-thumbnail","hentry","category-risikomanagement","tag-arbeitssicherheit","tag-ausfalltage","tag-schwere-lasten","tag-treppenhilfe","tag-treppensteiger"],"acf":[],"yoast_head":"<!-- This site is optimized with the Yoast SEO plugin v26.2 - https:\/\/yoast.com\/wordpress\/plugins\/seo\/ -->\n<title>Korrekter Umgang mit Lasten entlastet das Firmenbudget - MQ Management und Qualit\u00e4t<\/title>\n<meta name=\"description\" content=\"Arbeitssicherheit geht vor, auch beim Heben, Tragen usw. von Lasten, denn das kann zu Beschwerden am Bewegungsapparat f\u00fchren.\" \/>\n<meta name=\"robots\" content=\"index, follow, max-snippet:-1, max-image-preview:large, max-video-preview:-1\" \/>\n<link rel=\"canonical\" href=\"https:\/\/www.m-q.ch\/fr\/la-securite-du-travail\/\" \/>\n<meta property=\"og:locale\" content=\"fr_FR\" \/>\n<meta property=\"og:type\" content=\"article\" \/>\n<meta property=\"og:title\" content=\"Korrekter Umgang mit Lasten entlastet das Firmenbudget - MQ Management und Qualit\u00e4t\" \/>\n<meta property=\"og:description\" content=\"Arbeitssicherheit geht vor, auch beim Heben, Tragen usw. von Lasten, denn das kann zu Beschwerden am Bewegungsapparat f\u00fchren.\" \/>\n<meta property=\"og:url\" content=\"https:\/\/www.m-q.ch\/fr\/la-securite-du-travail\/\" \/>\n<meta property=\"og:site_name\" content=\"MQ Management und Qualit\u00e4t\" \/>\n<meta property=\"article:publisher\" content=\"https:\/\/www.facebook.com\/ManagementUndQualitaet\" \/>\n<meta property=\"article:published_time\" content=\"2021-06-02T08:40:59+00:00\" \/>\n<meta property=\"article:modified_time\" content=\"2021-06-03T12:00:51+00:00\" \/>\n<meta property=\"og:image\" content=\"https:\/\/www.m-q.ch\/wp-content\/uploads\/2021\/05\/Lasten_heben_MM.jpg\" \/>\n\t<meta property=\"og:image:width\" content=\"2520\" \/>\n\t<meta property=\"og:image:height\" content=\"1418\" \/>\n\t<meta property=\"og:image:type\" content=\"image\/jpeg\" \/>\n<meta name=\"author\" content=\"Roger Str\u00e4ssle\" \/>\n<meta name=\"twitter:card\" content=\"summary_large_image\" \/>\n<meta name=\"twitter:label1\" content=\"\u00c9crit par\" \/>\n\t<meta name=\"twitter:data1\" content=\"Roger Str\u00e4ssle\" \/>\n\t<meta name=\"twitter:label2\" content=\"Dur\u00e9e de lecture estim\u00e9e\" \/>\n\t<meta name=\"twitter:data2\" content=\"2 minutes\" \/>\n<script type=\"application\/ld+json\" class=\"yoast-schema-graph\">{\"@context\":\"https:\/\/schema.org\",\"@graph\":[{\"@type\":\"Article\",\"@id\":\"https:\/\/www.m-q.ch\/arbeitssicherheit\/#article\",\"isPartOf\":{\"@id\":\"https:\/\/www.m-q.ch\/arbeitssicherheit\/\"},\"author\":{\"name\":\"Roger Str\u00e4ssle\",\"@id\":\"https:\/\/www.m-q.ch\/fr\/#\/schema\/person\/47d540e081acd98ccbeb69b55df653d7\"},\"headline\":\"Korrekter Umgang mit Lasten entlastet das Firmenbudget\",\"datePublished\":\"2021-06-02T08:40:59+00:00\",\"dateModified\":\"2021-06-03T12:00:51+00:00\",\"mainEntityOfPage\":{\"@id\":\"https:\/\/www.m-q.ch\/arbeitssicherheit\/\"},\"wordCount\":459,\"publisher\":{\"@id\":\"https:\/\/www.m-q.ch\/fr\/#organization\"},\"image\":{\"@id\":\"https:\/\/www.m-q.ch\/arbeitssicherheit\/#primaryimage\"},\"thumbnailUrl\":\"https:\/\/www.m-q.ch\/wp-content\/uploads\/2021\/05\/Lasten_heben_MM.jpg\",\"keywords\":[\"Arbeitssicherheit\",\"Ausfalltage\",\"schwere Lasten\",\"Treppenhilfe\",\"Treppensteiger\"],\"articleSection\":[\"Risikomanagement\"],\"inLanguage\":\"fr-FR\"},{\"@type\":\"WebPage\",\"@id\":\"https:\/\/www.m-q.ch\/arbeitssicherheit\/\",\"url\":\"https:\/\/www.m-q.ch\/arbeitssicherheit\/\",\"name\":\"Korrekter Umgang mit Lasten entlastet das Firmenbudget - MQ Management und Qualit\u00e4t\",\"isPartOf\":{\"@id\":\"https:\/\/www.m-q.ch\/fr\/#website\"},\"primaryImageOfPage\":{\"@id\":\"https:\/\/www.m-q.ch\/arbeitssicherheit\/#primaryimage\"},\"image\":{\"@id\":\"https:\/\/www.m-q.ch\/arbeitssicherheit\/#primaryimage\"},\"thumbnailUrl\":\"https:\/\/www.m-q.ch\/wp-content\/uploads\/2021\/05\/Lasten_heben_MM.jpg\",\"datePublished\":\"2021-06-02T08:40:59+00:00\",\"dateModified\":\"2021-06-03T12:00:51+00:00\",\"description\":\"Arbeitssicherheit geht vor, auch beim Heben, Tragen usw. von Lasten, denn das kann zu Beschwerden am Bewegungsapparat f\u00fchren.\",\"breadcrumb\":{\"@id\":\"https:\/\/www.m-q.ch\/arbeitssicherheit\/#breadcrumb\"},\"inLanguage\":\"fr-FR\",\"potentialAction\":[{\"@type\":\"ReadAction\",\"target\":[\"https:\/\/www.m-q.ch\/arbeitssicherheit\/\"]}]},{\"@type\":\"ImageObject\",\"inLanguage\":\"fr-FR\",\"@id\":\"https:\/\/www.m-q.ch\/arbeitssicherheit\/#primaryimage\",\"url\":\"https:\/\/www.m-q.ch\/wp-content\/uploads\/2021\/05\/Lasten_heben_MM.jpg\",\"contentUrl\":\"https:\/\/www.m-q.ch\/wp-content\/uploads\/2021\/05\/Lasten_heben_MM.jpg\",\"width\":2520,\"height\":1418,\"caption\":\"\u00a9 Suva\"},{\"@type\":\"BreadcrumbList\",\"@id\":\"https:\/\/www.m-q.ch\/arbeitssicherheit\/#breadcrumb\",\"itemListElement\":[{\"@type\":\"ListItem\",\"position\":1,\"name\":\"Risikomanagement\",\"item\":\"https:\/\/www.m-q.ch\/kategorie\/risikomanagement\/\"},{\"@type\":\"ListItem\",\"position\":2,\"name\":\"Korrekter Umgang mit Lasten entlastet das Firmenbudget\"}]},{\"@type\":\"WebSite\",\"@id\":\"https:\/\/www.m-q.ch\/fr\/#website\",\"url\":\"https:\/\/www.m-q.ch\/fr\/\",\"name\":\"MQ Management und Qualit\u00e4t\",\"description\":\"Plattform f\u00fcr integrierte Managementsysteme.\",\"publisher\":{\"@id\":\"https:\/\/www.m-q.ch\/fr\/#organization\"},\"potentialAction\":[{\"@type\":\"SearchAction\",\"target\":{\"@type\":\"EntryPoint\",\"urlTemplate\":\"https:\/\/www.m-q.ch\/fr\/?s={search_term_string}\"},\"query-input\":{\"@type\":\"PropertyValueSpecification\",\"valueRequired\":true,\"valueName\":\"search_term_string\"}}],\"inLanguage\":\"fr-FR\"},{\"@type\":\"Organization\",\"@id\":\"https:\/\/www.m-q.ch\/fr\/#organization\",\"name\":\"Galledia Fachmedien AG\",\"url\":\"https:\/\/www.m-q.ch\/fr\/\",\"logo\":{\"@type\":\"ImageObject\",\"inLanguage\":\"fr-FR\",\"@id\":\"https:\/\/www.m-q.ch\/fr\/#\/schema\/logo\/image\/\",\"url\":\"https:\/\/www.m-q.ch\/wp-content\/uploads\/2020\/12\/cropped-logo_small.png\",\"contentUrl\":\"https:\/\/www.m-q.ch\/wp-content\/uploads\/2020\/12\/cropped-logo_small.png\",\"width\":512,\"height\":512,\"caption\":\"Galledia Fachmedien AG\"},\"image\":{\"@id\":\"https:\/\/www.m-q.ch\/fr\/#\/schema\/logo\/image\/\"},\"sameAs\":[\"https:\/\/www.facebook.com\/ManagementUndQualitaet\",\"https:\/\/www.linkedin.com\/showcase\/17982321\/admin\/\"]},{\"@type\":\"Person\",\"@id\":\"https:\/\/www.m-q.ch\/fr\/#\/schema\/person\/47d540e081acd98ccbeb69b55df653d7\",\"name\":\"Roger Str\u00e4ssle\",\"image\":{\"@type\":\"ImageObject\",\"inLanguage\":\"fr-FR\",\"@id\":\"https:\/\/www.m-q.ch\/fr\/#\/schema\/person\/image\/\",\"url\":\"https:\/\/secure.gravatar.com\/avatar\/e4dde3046d8a184d2e2d27651a418883?s=96&d=mm&r=g\",\"contentUrl\":\"https:\/\/secure.gravatar.com\/avatar\/e4dde3046d8a184d2e2d27651a418883?s=96&d=mm&r=g\",\"caption\":\"Roger Str\u00e4ssle\"},\"url\":\"https:\/\/www.m-q.ch\/fr\/author\/roger-straessle\/\"}]}<\/script>\n<!-- \/ Yoast SEO plugin. -->","yoast_head_json":{"title":"Une manutention correcte des charges soulage le budget de l'entreprise - MQ Management und Qualit\u00e4t","description":"La s\u00e9curit\u00e9 au travail est primordiale, m\u00eame lorsque vous soulevez, portez, etc. des charges, car cela peut entra\u00eener des troubles musculo-squelettiques.","robots":{"index":"index","follow":"follow","max-snippet":"max-snippet:-1","max-image-preview":"max-image-preview:large","max-video-preview":"max-video-preview:-1"},"canonical":"https:\/\/www.m-q.ch\/fr\/la-securite-du-travail\/","og_locale":"fr_FR","og_type":"article","og_title":"Korrekter Umgang mit Lasten entlastet das Firmenbudget - MQ Management und Qualit\u00e4t","og_description":"Arbeitssicherheit geht vor, auch beim Heben, Tragen usw. von Lasten, denn das kann zu Beschwerden am Bewegungsapparat f\u00fchren.","og_url":"https:\/\/www.m-q.ch\/fr\/la-securite-du-travail\/","og_site_name":"MQ Management und Qualit\u00e4t","article_publisher":"https:\/\/www.facebook.com\/ManagementUndQualitaet","article_published_time":"2021-06-02T08:40:59+00:00","article_modified_time":"2021-06-03T12:00:51+00:00","og_image":[{"width":2520,"height":1418,"url":"https:\/\/www.m-q.ch\/wp-content\/uploads\/2021\/05\/Lasten_heben_MM.jpg","type":"image\/jpeg"}],"author":"Roger Str\u00e4ssle","twitter_card":"summary_large_image","twitter_misc":{"\u00c9crit par":"Roger Str\u00e4ssle","Dur\u00e9e de lecture estim\u00e9e":"2 minutes"},"schema":{"@context":"https:\/\/schema.org","@graph":[{"@type":"Article","@id":"https:\/\/www.m-q.ch\/arbeitssicherheit\/#article","isPartOf":{"@id":"https:\/\/www.m-q.ch\/arbeitssicherheit\/"},"author":{"name":"Roger Str\u00e4ssle","@id":"https:\/\/www.m-q.ch\/fr\/#\/schema\/person\/47d540e081acd98ccbeb69b55df653d7"},"headline":"Korrekter Umgang mit Lasten entlastet das Firmenbudget","datePublished":"2021-06-02T08:40:59+00:00","dateModified":"2021-06-03T12:00:51+00:00","mainEntityOfPage":{"@id":"https:\/\/www.m-q.ch\/arbeitssicherheit\/"},"wordCount":459,"publisher":{"@id":"https:\/\/www.m-q.ch\/fr\/#organization"},"image":{"@id":"https:\/\/www.m-q.ch\/arbeitssicherheit\/#primaryimage"},"thumbnailUrl":"https:\/\/www.m-q.ch\/wp-content\/uploads\/2021\/05\/Lasten_heben_MM.jpg","keywords":["Arbeitssicherheit","Ausfalltage","schwere Lasten","Treppenhilfe","Treppensteiger"],"articleSection":["Risikomanagement"],"inLanguage":"fr-FR"},{"@type":"WebPage","@id":"https:\/\/www.m-q.ch\/arbeitssicherheit\/","url":"https:\/\/www.m-q.ch\/arbeitssicherheit\/","name":"Une manutention correcte des charges soulage le budget de l'entreprise - MQ Management und Qualit\u00e4t","isPartOf":{"@id":"https:\/\/www.m-q.ch\/fr\/#website"},"primaryImageOfPage":{"@id":"https:\/\/www.m-q.ch\/arbeitssicherheit\/#primaryimage"},"image":{"@id":"https:\/\/www.m-q.ch\/arbeitssicherheit\/#primaryimage"},"thumbnailUrl":"https:\/\/www.m-q.ch\/wp-content\/uploads\/2021\/05\/Lasten_heben_MM.jpg","datePublished":"2021-06-02T08:40:59+00:00","dateModified":"2021-06-03T12:00:51+00:00","description":"La s\u00e9curit\u00e9 au travail est primordiale, m\u00eame lorsque vous soulevez, portez, etc. des charges, car cela peut entra\u00eener des troubles musculo-squelettiques.","breadcrumb":{"@id":"https:\/\/www.m-q.ch\/arbeitssicherheit\/#breadcrumb"},"inLanguage":"fr-FR","potentialAction":[{"@type":"ReadAction","target":["https:\/\/www.m-q.ch\/arbeitssicherheit\/"]}]},{"@type":"ImageObject","inLanguage":"fr-FR","@id":"https:\/\/www.m-q.ch\/arbeitssicherheit\/#primaryimage","url":"https:\/\/www.m-q.ch\/wp-content\/uploads\/2021\/05\/Lasten_heben_MM.jpg","contentUrl":"https:\/\/www.m-q.ch\/wp-content\/uploads\/2021\/05\/Lasten_heben_MM.jpg","width":2520,"height":1418,"caption":"\u00a9 Suva"},{"@type":"BreadcrumbList","@id":"https:\/\/www.m-q.ch\/arbeitssicherheit\/#breadcrumb","itemListElement":[{"@type":"ListItem","position":1,"name":"Risikomanagement","item":"https:\/\/www.m-q.ch\/kategorie\/risikomanagement\/"},{"@type":"ListItem","position":2,"name":"Korrekter Umgang mit Lasten entlastet das Firmenbudget"}]},{"@type":"WebSite","@id":"https:\/\/www.m-q.ch\/fr\/#website","url":"https:\/\/www.m-q.ch\/fr\/","name":"Gestion et qualit\u00e9 du QM","description":"Plate-forme pour les syst\u00e8mes de gestion int\u00e9gr\u00e9e.","publisher":{"@id":"https:\/\/www.m-q.ch\/fr\/#organization"},"potentialAction":[{"@type":"SearchAction","target":{"@type":"EntryPoint","urlTemplate":"https:\/\/www.m-q.ch\/fr\/?s={search_term_string}"},"query-input":{"@type":"PropertyValueSpecification","valueRequired":true,"valueName":"search_term_string"}}],"inLanguage":"fr-FR"},{"@type":"Organization","@id":"https:\/\/www.m-q.ch\/fr\/#organization","name":"Galledia Trade Media AG","url":"https:\/\/www.m-q.ch\/fr\/","logo":{"@type":"ImageObject","inLanguage":"fr-FR","@id":"https:\/\/www.m-q.ch\/fr\/#\/schema\/logo\/image\/","url":"https:\/\/www.m-q.ch\/wp-content\/uploads\/2020\/12\/cropped-logo_small.png","contentUrl":"https:\/\/www.m-q.ch\/wp-content\/uploads\/2020\/12\/cropped-logo_small.png","width":512,"height":512,"caption":"Galledia Fachmedien AG"},"image":{"@id":"https:\/\/www.m-q.ch\/fr\/#\/schema\/logo\/image\/"},"sameAs":["https:\/\/www.facebook.com\/ManagementUndQualitaet","https:\/\/www.linkedin.com\/showcase\/17982321\/admin\/"]},{"@type":"Person","@id":"https:\/\/www.m-q.ch\/fr\/#\/schema\/person\/47d540e081acd98ccbeb69b55df653d7","name":"Roger Str\u00e4ssle","image":{"@type":"ImageObject","inLanguage":"fr-FR","@id":"https:\/\/www.m-q.ch\/fr\/#\/schema\/person\/image\/","url":"https:\/\/secure.gravatar.com\/avatar\/e4dde3046d8a184d2e2d27651a418883?s=96&d=mm&r=g","contentUrl":"https:\/\/secure.gravatar.com\/avatar\/e4dde3046d8a184d2e2d27651a418883?s=96&d=mm&r=g","caption":"Roger Str\u00e4ssle"},"url":"https:\/\/www.m-q.ch\/fr\/author\/roger-straessle\/"}]}},"_links":{"self":[{"href":"https:\/\/www.m-q.ch\/fr\/wp-json\/wp\/v2\/posts\/14429","targetHints":{"allow":["GET"]}}],"collection":[{"href":"https:\/\/www.m-q.ch\/fr\/wp-json\/wp\/v2\/posts"}],"about":[{"href":"https:\/\/www.m-q.ch\/fr\/wp-json\/wp\/v2\/types\/post"}],"author":[{"embeddable":true,"href":"https:\/\/www.m-q.ch\/fr\/wp-json\/wp\/v2\/users\/35"}],"replies":[{"embeddable":true,"href":"https:\/\/www.m-q.ch\/fr\/wp-json\/wp\/v2\/comments?post=14429"}],"version-history":[{"count":4,"href":"https:\/\/www.m-q.ch\/fr\/wp-json\/wp\/v2\/posts\/14429\/revisions"}],"predecessor-version":[{"id":14434,"href":"https:\/\/www.m-q.ch\/fr\/wp-json\/wp\/v2\/posts\/14429\/revisions\/14434"}],"wp:featuredmedia":[{"embeddable":true,"href":"https:\/\/www.m-q.ch\/fr\/wp-json\/wp\/v2\/media\/14430"}],"wp:attachment":[{"href":"https:\/\/www.m-q.ch\/fr\/wp-json\/wp\/v2\/media?parent=14429"}],"wp:term":[{"taxonomy":"category","embeddable":true,"href":"https:\/\/www.m-q.ch\/fr\/wp-json\/wp\/v2\/categories?post=14429"},{"taxonomy":"post_tag","embeddable":true,"href":"https:\/\/www.m-q.ch\/fr\/wp-json\/wp\/v2\/tags?post=14429"}],"curies":[{"name":"wp","href":"https:\/\/api.w.org\/{rel}","templated":true}]}}