{"id":14640,"date":"2021-07-07T08:00:47","date_gmt":"2021-07-07T06:00:47","guid":{"rendered":"https:\/\/www.m-q.ch\/?p=14640"},"modified":"2021-07-13T09:18:31","modified_gmt":"2021-07-13T07:18:31","slug":"en-cinq-etapes-vers-un-modele-dentreprise-agile","status":"publish","type":"post","link":"https:\/\/www.m-q.ch\/fr\/in-fuenf-schritten-zum-agilen-betriebsmodell\/","title":{"rendered":"Cinq \u00e9tapes vers un mod\u00e8le op\u00e9rationnel agile"},"content":{"rendered":"<figure id=\"attachment_14643\" aria-describedby=\"caption-attachment-14643\" style=\"width: 1000px\" class=\"wp-caption aligncenter\"><img loading=\"lazy\" decoding=\"async\" class=\"size-full wp-image-14643\" src=\"https:\/\/www.m-q.ch\/wp-content\/uploads\/2021\/06\/Depositphotos_382719312_s-2019.jpg\" alt=\"Mod\u00e8le op\u00e9rationnel, cha\u00eene de valeur\" width=\"1000\" height=\"668\" srcset=\"https:\/\/www.m-q.ch\/wp-content\/uploads\/2021\/06\/Depositphotos_382719312_s-2019.jpg 1000w, https:\/\/www.m-q.ch\/wp-content\/uploads\/2021\/06\/Depositphotos_382719312_s-2019-768x513.jpg 768w, https:\/\/www.m-q.ch\/wp-content\/uploads\/2021\/06\/Depositphotos_382719312_s-2019-16x12.jpg 16w, https:\/\/www.m-q.ch\/wp-content\/uploads\/2021\/06\/Depositphotos_382719312_s-2019-262x175.jpg 262w, https:\/\/www.m-q.ch\/wp-content\/uploads\/2021\/06\/Depositphotos_382719312_s-2019-524x350.jpg 524w, https:\/\/www.m-q.ch\/wp-content\/uploads\/2021\/06\/Depositphotos_382719312_s-2019-920x615.jpg 920w, https:\/\/www.m-q.ch\/wp-content\/uploads\/2021\/06\/Depositphotos_382719312_s-2019-300x200.jpg 300w\" sizes=\"auto, (max-width: 1000px) 100vw, 1000px\" \/><figcaption id=\"caption-attachment-14643\" class=\"wp-caption-text\">Les \u00e9quipes d\u00e9centralis\u00e9es sont au centre de la cha\u00eene de valeur modifi\u00e9e : le savoir-faire des diff\u00e9rents domaines est ainsi regroup\u00e9. \u00a9 Depositphotos, artursz<\/figcaption><\/figure>\n<p>Les chances de succ\u00e8s des entreprises qui pourront continuer \u00e0 \u00eatre comp\u00e9titives \u00e0 l'avenir avec le syst\u00e8me traditionnel taylorien descendant diminuent rapidement. Le principe de commandement et de contr\u00f4le, qui a longtemps \u00e9t\u00e9 couronn\u00e9 de succ\u00e8s, est d\u00e9sormais consid\u00e9r\u00e9 comme trop rigide et trop lent pour satisfaire les demandes changeantes des clients. Ce qu'il faut aujourd'hui, c'est une plus grande proximit\u00e9 avec les clients et des r\u00e9actions plus souples \u00e0 leurs souhaits. Le site <a href=\"https:\/\/www.de.cgi.com\/de\">CGI, fournisseur de services aux entreprises et de services informatiques<\/a> a d\u00e9velopp\u00e9 les cinq \u00e9tapes suivantes sur le chemin d'une <a href=\"https:\/\/www.de.cgi.com\/de\/business-agility\">mod\u00e8le op\u00e9rationnel agile<\/a> identifi\u00e9 comme un guide :<\/p>\n<ol>\n<li><strong>Remodeler la cha\u00eene de valeur :<\/strong> Dans une organisation agile, le mod\u00e8le op\u00e9rationnel est pens\u00e9 \u00e0 partir du client. Au centre de la cha\u00eene de valeur modifi\u00e9e se trouvent des \u00e9quipes d\u00e9centralis\u00e9es dans lesquelles le savoir-faire des employ\u00e9s de diff\u00e9rents secteurs est regroup\u00e9. Les \u00e9l\u00e9ments en contact direct avec le client, tels que les fonctions de vente, de marketing et de service, qui d\u00e9terminent la perception et l'exp\u00e9rience du client, et donc son comportement d'achat, sont particuli\u00e8rement importants.<\/li>\n<li><strong>Structure d'entreprise d\u00e9centralis\u00e9e :<\/strong> La responsabilit\u00e9 et le pouvoir de d\u00e9cision pour l'activit\u00e9 op\u00e9rationnelle sont d\u00e9plac\u00e9s des fonctions centrales vers les endroits o\u00f9 le contact avec le client est le plus intensif. Les activit\u00e9s et les pouvoirs de d\u00e9cision d\u00e9centralis\u00e9s se voient ainsi accorder un poids beaucoup plus important, tandis que les activit\u00e9s centrales sont limit\u00e9es aux domaines fonctionnels les plus n\u00e9cessaires. De cette mani\u00e8re, les exigences des clients peuvent \u00eatre enregistr\u00e9es de mani\u00e8re plus pr\u00e9cise et satisfaites plus rapidement.<\/li>\n<li><strong>Valeur ajout\u00e9e pour les clients :<\/strong> Les contacts plus intensifs des \u00e9quipes d\u00e9centralis\u00e9es avec les clients permettent de mieux saisir les souhaits des clients et de cr\u00e9er une v\u00e9ritable valeur ajout\u00e9e \u00e0 partir de ces connaissances. Ils d\u00e9cident de la mani\u00e8re dont les cha\u00eenes de valeur doivent \u00eatre con\u00e7ues, avec les mod\u00e8les et processus op\u00e9rationnels (imp\u00e9ratifs commerciaux) et les moyens de production (actifs) tels que les v\u00e9hicules ou les capacit\u00e9s de production. Il est align\u00e9 de mani\u00e8re \u00e0 ce que l'entreprise puisse offrir \u00e0 ses clients le plus grand b\u00e9n\u00e9fice possible.<\/li>\n<li><strong>D\u00e9veloppement des comp\u00e9tences n\u00e9cessaires :<\/strong> Sur la base de l'exp\u00e9rience du client, les \u00e9quipes d\u00e9centralis\u00e9es examinent \u00e9galement les comp\u00e9tences (capacit\u00e9s) n\u00e9cessaires pour r\u00e9pondre aux souhaits du client. Ils d\u00e9terminent les comp\u00e9tences requises. Toute lacune ou faiblesse est combl\u00e9e ou \u00e9limin\u00e9e par des mesures internes ou avec l'aide de partenaires externes ou de l'\u00e9cosyst\u00e8me de partenaires. Cette d\u00e9cision est \u00e9galement prise de mani\u00e8re ind\u00e9pendante par les \u00e9quipes d\u00e9centralis\u00e9es.<\/li>\n<li><strong>Conception du plan d'organisation : <\/strong>La nouvelle structure organisationnelle fait passer une grande partie du pouvoir de d\u00e9cision des fonctions centrales aux \u00e9quipes agiles d\u00e9centralis\u00e9es. Ils sont en communication les uns avec les autres et disposent d'interfaces avec les fonctions centrales telles que les finances ou les ressources humaines. Cela permet une grande rapidit\u00e9 de d\u00e9cision dans les processus op\u00e9rationnels. Enfin, la possibilit\u00e9 d'une am\u00e9lioration continue des \u00e9quipes fait partie de la conception de la structure organisationnelle.\u00a0<\/li>\n<\/ol>\n<p>\"Les entreprises proches de leurs clients, flexibles et d\u00e9centralis\u00e9es s'av\u00e8rent sup\u00e9rieures, quel que soit leur secteur d'activit\u00e9. Elles peuvent r\u00e9agir plus rapidement, plus souplement et de mani\u00e8re plus innovante aux exigences changeantes des clients et op\u00e9rer de mani\u00e8re plus rentable en se concentrant constamment sur la cha\u00eene de valeur\", explique le Dr Finn Breuer, consultant ex\u00e9cutif et responsable de Business Agility &amp; Consulting chez CGI en Allemagne. \"Lors de la conception - ou, dans la plupart des cas, de la reconception - du mod\u00e8le op\u00e9rationnel respectif, les cinq \u00e9tapes d\u00e9crites peuvent aider \u00e0 proc\u00e9der de mani\u00e8re structur\u00e9e. En fin de compte, l'objectif est de mettre de la puissance sur la route aussi rapidement que possible en termes d'avantage concurrentiel. Bien entendu, il est utile de conna\u00eetre \u00e0 l'avance l'emplacement et la taille des nids de poule potentiels sur le parcours.\"<\/p>\n<p><em>Source : CGI<\/em><\/p>","protected":false},"excerpt":{"rendered":"<p>Die Erfolgschancen f\u00fcr Unternehmen, die mit dem traditionellen Taylor\u00b4schen Top-Down-System auch in Zukunft wettbewerbsf\u00e4hig sein k\u00f6nnen, sinken rapide. Das lange erfolgreiche Prinzip von Anweisung und Kontrolle (Command-and-Control) wird mittlerweile als zu starr und zu langsam angesehen, um die ge\u00e4nderten Kundenanforderungen befriedigen zu k\u00f6nnen. Gefordert sind heute eine gr\u00f6ssere N\u00e4he zu den Kunden und flexiblere Reaktionen [&hellip;]<\/p>\n","protected":false},"author":35,"featured_media":14643,"comment_status":"closed","ping_status":"closed","sticky":false,"template":"","format":"standard","meta":{"_acf_changed":false,"footnotes":""},"categories":[4448],"tags":[5042],"class_list":["post-14640","post","type-post","status-publish","format-standard","has-post-thumbnail","hentry","category-allgemein","tag-betriebsmodell"],"acf":[],"yoast_head":"<!-- This site is optimized with the Yoast SEO plugin v26.2 - https:\/\/yoast.com\/wordpress\/plugins\/seo\/ -->\n<title>In f\u00fcnf Schritten zum agilen Betriebsmodell - MQ Management und Qualit\u00e4t<\/title>\n<meta name=\"description\" content=\"Beim Aufbau eines agilen Betriebsmodells r\u00e4t der Buiness- und IT-Dienstleister CGI zu einem systematischen Vorgehen in f\u00fcnf Schritten.\" \/>\n<meta name=\"robots\" content=\"index, follow, max-snippet:-1, max-image-preview:large, max-video-preview:-1\" \/>\n<link rel=\"canonical\" href=\"https:\/\/www.m-q.ch\/fr\/en-cinq-etapes-vers-un-modele-dentreprise-agile\/\" \/>\n<meta property=\"og:locale\" content=\"fr_FR\" \/>\n<meta property=\"og:type\" content=\"article\" \/>\n<meta property=\"og:title\" content=\"In f\u00fcnf Schritten zum agilen Betriebsmodell - MQ Management und Qualit\u00e4t\" \/>\n<meta property=\"og:description\" content=\"Beim Aufbau eines agilen Betriebsmodells r\u00e4t der Buiness- und IT-Dienstleister CGI zu einem systematischen Vorgehen in f\u00fcnf Schritten.\" \/>\n<meta property=\"og:url\" content=\"https:\/\/www.m-q.ch\/fr\/en-cinq-etapes-vers-un-modele-dentreprise-agile\/\" \/>\n<meta property=\"og:site_name\" content=\"MQ Management und Qualit\u00e4t\" \/>\n<meta property=\"article:publisher\" content=\"https:\/\/www.facebook.com\/ManagementUndQualitaet\" \/>\n<meta property=\"article:published_time\" content=\"2021-07-07T06:00:47+00:00\" \/>\n<meta property=\"article:modified_time\" content=\"2021-07-13T07:18:31+00:00\" \/>\n<meta property=\"og:image\" content=\"https:\/\/www.m-q.ch\/wp-content\/uploads\/2021\/06\/Depositphotos_382719312_s-2019.jpg\" \/>\n\t<meta property=\"og:image:width\" content=\"1000\" \/>\n\t<meta property=\"og:image:height\" content=\"668\" \/>\n\t<meta property=\"og:image:type\" content=\"image\/jpeg\" \/>\n<meta name=\"author\" content=\"Roger Str\u00e4ssle\" \/>\n<meta name=\"twitter:card\" content=\"summary_large_image\" \/>\n<meta name=\"twitter:label1\" content=\"\u00c9crit par\" \/>\n\t<meta name=\"twitter:data1\" content=\"Roger Str\u00e4ssle\" \/>\n\t<meta name=\"twitter:label2\" content=\"Dur\u00e9e de lecture estim\u00e9e\" \/>\n\t<meta name=\"twitter:data2\" content=\"3 minutes\" \/>\n<script type=\"application\/ld+json\" class=\"yoast-schema-graph\">{\"@context\":\"https:\/\/schema.org\",\"@graph\":[{\"@type\":\"Article\",\"@id\":\"https:\/\/www.m-q.ch\/in-fuenf-schritten-zum-agilen-betriebsmodell\/#article\",\"isPartOf\":{\"@id\":\"https:\/\/www.m-q.ch\/in-fuenf-schritten-zum-agilen-betriebsmodell\/\"},\"author\":{\"name\":\"Roger Str\u00e4ssle\",\"@id\":\"https:\/\/www.m-q.ch\/fr\/#\/schema\/person\/47d540e081acd98ccbeb69b55df653d7\"},\"headline\":\"In f\u00fcnf Schritten zum agilen Betriebsmodell\",\"datePublished\":\"2021-07-07T06:00:47+00:00\",\"dateModified\":\"2021-07-13T07:18:31+00:00\",\"mainEntityOfPage\":{\"@id\":\"https:\/\/www.m-q.ch\/in-fuenf-schritten-zum-agilen-betriebsmodell\/\"},\"wordCount\":581,\"publisher\":{\"@id\":\"https:\/\/www.m-q.ch\/fr\/#organization\"},\"image\":{\"@id\":\"https:\/\/www.m-q.ch\/in-fuenf-schritten-zum-agilen-betriebsmodell\/#primaryimage\"},\"thumbnailUrl\":\"https:\/\/www.m-q.ch\/wp-content\/uploads\/2021\/06\/Depositphotos_382719312_s-2019.jpg\",\"keywords\":[\"Betriebsmodell\"],\"articleSection\":[\"Allgemein\"],\"inLanguage\":\"fr-FR\"},{\"@type\":\"WebPage\",\"@id\":\"https:\/\/www.m-q.ch\/in-fuenf-schritten-zum-agilen-betriebsmodell\/\",\"url\":\"https:\/\/www.m-q.ch\/in-fuenf-schritten-zum-agilen-betriebsmodell\/\",\"name\":\"In f\u00fcnf Schritten zum agilen Betriebsmodell - MQ Management und Qualit\u00e4t\",\"isPartOf\":{\"@id\":\"https:\/\/www.m-q.ch\/fr\/#website\"},\"primaryImageOfPage\":{\"@id\":\"https:\/\/www.m-q.ch\/in-fuenf-schritten-zum-agilen-betriebsmodell\/#primaryimage\"},\"image\":{\"@id\":\"https:\/\/www.m-q.ch\/in-fuenf-schritten-zum-agilen-betriebsmodell\/#primaryimage\"},\"thumbnailUrl\":\"https:\/\/www.m-q.ch\/wp-content\/uploads\/2021\/06\/Depositphotos_382719312_s-2019.jpg\",\"datePublished\":\"2021-07-07T06:00:47+00:00\",\"dateModified\":\"2021-07-13T07:18:31+00:00\",\"description\":\"Beim Aufbau eines agilen Betriebsmodells r\u00e4t der Buiness- und IT-Dienstleister CGI zu einem systematischen Vorgehen in f\u00fcnf Schritten.\",\"breadcrumb\":{\"@id\":\"https:\/\/www.m-q.ch\/in-fuenf-schritten-zum-agilen-betriebsmodell\/#breadcrumb\"},\"inLanguage\":\"fr-FR\",\"potentialAction\":[{\"@type\":\"ReadAction\",\"target\":[\"https:\/\/www.m-q.ch\/in-fuenf-schritten-zum-agilen-betriebsmodell\/\"]}]},{\"@type\":\"ImageObject\",\"inLanguage\":\"fr-FR\",\"@id\":\"https:\/\/www.m-q.ch\/in-fuenf-schritten-zum-agilen-betriebsmodell\/#primaryimage\",\"url\":\"https:\/\/www.m-q.ch\/wp-content\/uploads\/2021\/06\/Depositphotos_382719312_s-2019.jpg\",\"contentUrl\":\"https:\/\/www.m-q.ch\/wp-content\/uploads\/2021\/06\/Depositphotos_382719312_s-2019.jpg\",\"width\":1000,\"height\":668,\"caption\":\"\u00a9 Depositphotos, artursz\"},{\"@type\":\"BreadcrumbList\",\"@id\":\"https:\/\/www.m-q.ch\/in-fuenf-schritten-zum-agilen-betriebsmodell\/#breadcrumb\",\"itemListElement\":[{\"@type\":\"ListItem\",\"position\":1,\"name\":\"Allgemein\",\"item\":\"https:\/\/www.m-q.ch\/kategorie\/allgemein\/\"},{\"@type\":\"ListItem\",\"position\":2,\"name\":\"In f\u00fcnf Schritten zum agilen Betriebsmodell\"}]},{\"@type\":\"WebSite\",\"@id\":\"https:\/\/www.m-q.ch\/fr\/#website\",\"url\":\"https:\/\/www.m-q.ch\/fr\/\",\"name\":\"MQ Management und Qualit\u00e4t\",\"description\":\"Plattform f\u00fcr integrierte Managementsysteme.\",\"publisher\":{\"@id\":\"https:\/\/www.m-q.ch\/fr\/#organization\"},\"potentialAction\":[{\"@type\":\"SearchAction\",\"target\":{\"@type\":\"EntryPoint\",\"urlTemplate\":\"https:\/\/www.m-q.ch\/fr\/?s={search_term_string}\"},\"query-input\":{\"@type\":\"PropertyValueSpecification\",\"valueRequired\":true,\"valueName\":\"search_term_string\"}}],\"inLanguage\":\"fr-FR\"},{\"@type\":\"Organization\",\"@id\":\"https:\/\/www.m-q.ch\/fr\/#organization\",\"name\":\"Galledia Fachmedien AG\",\"url\":\"https:\/\/www.m-q.ch\/fr\/\",\"logo\":{\"@type\":\"ImageObject\",\"inLanguage\":\"fr-FR\",\"@id\":\"https:\/\/www.m-q.ch\/fr\/#\/schema\/logo\/image\/\",\"url\":\"https:\/\/www.m-q.ch\/wp-content\/uploads\/2020\/12\/cropped-logo_small.png\",\"contentUrl\":\"https:\/\/www.m-q.ch\/wp-content\/uploads\/2020\/12\/cropped-logo_small.png\",\"width\":512,\"height\":512,\"caption\":\"Galledia Fachmedien AG\"},\"image\":{\"@id\":\"https:\/\/www.m-q.ch\/fr\/#\/schema\/logo\/image\/\"},\"sameAs\":[\"https:\/\/www.facebook.com\/ManagementUndQualitaet\",\"https:\/\/www.linkedin.com\/showcase\/17982321\/admin\/\"]},{\"@type\":\"Person\",\"@id\":\"https:\/\/www.m-q.ch\/fr\/#\/schema\/person\/47d540e081acd98ccbeb69b55df653d7\",\"name\":\"Roger Str\u00e4ssle\",\"image\":{\"@type\":\"ImageObject\",\"inLanguage\":\"fr-FR\",\"@id\":\"https:\/\/www.m-q.ch\/fr\/#\/schema\/person\/image\/\",\"url\":\"https:\/\/secure.gravatar.com\/avatar\/e4dde3046d8a184d2e2d27651a418883?s=96&d=mm&r=g\",\"contentUrl\":\"https:\/\/secure.gravatar.com\/avatar\/e4dde3046d8a184d2e2d27651a418883?s=96&d=mm&r=g\",\"caption\":\"Roger Str\u00e4ssle\"},\"url\":\"https:\/\/www.m-q.ch\/fr\/author\/roger-straessle\/\"}]}<\/script>\n<!-- \/ Yoast SEO plugin. -->","yoast_head_json":{"title":"Cinq \u00e9tapes vers un mod\u00e8le op\u00e9rationnel agile - MQ Management et Qualit\u00e9","description":"Lors de la mise en place d'un mod\u00e8le op\u00e9rationnel agile, le fournisseur de services informatiques et commerciaux CGI conseille une approche syst\u00e9matique en cinq \u00e9tapes.","robots":{"index":"index","follow":"follow","max-snippet":"max-snippet:-1","max-image-preview":"max-image-preview:large","max-video-preview":"max-video-preview:-1"},"canonical":"https:\/\/www.m-q.ch\/fr\/en-cinq-etapes-vers-un-modele-dentreprise-agile\/","og_locale":"fr_FR","og_type":"article","og_title":"In f\u00fcnf Schritten zum agilen Betriebsmodell - MQ Management und Qualit\u00e4t","og_description":"Beim Aufbau eines agilen Betriebsmodells r\u00e4t der Buiness- und IT-Dienstleister CGI zu einem systematischen Vorgehen in f\u00fcnf Schritten.","og_url":"https:\/\/www.m-q.ch\/fr\/en-cinq-etapes-vers-un-modele-dentreprise-agile\/","og_site_name":"MQ Management und Qualit\u00e4t","article_publisher":"https:\/\/www.facebook.com\/ManagementUndQualitaet","article_published_time":"2021-07-07T06:00:47+00:00","article_modified_time":"2021-07-13T07:18:31+00:00","og_image":[{"width":1000,"height":668,"url":"https:\/\/www.m-q.ch\/wp-content\/uploads\/2021\/06\/Depositphotos_382719312_s-2019.jpg","type":"image\/jpeg"}],"author":"Roger Str\u00e4ssle","twitter_card":"summary_large_image","twitter_misc":{"\u00c9crit par":"Roger Str\u00e4ssle","Dur\u00e9e de lecture estim\u00e9e":"3 minutes"},"schema":{"@context":"https:\/\/schema.org","@graph":[{"@type":"Article","@id":"https:\/\/www.m-q.ch\/in-fuenf-schritten-zum-agilen-betriebsmodell\/#article","isPartOf":{"@id":"https:\/\/www.m-q.ch\/in-fuenf-schritten-zum-agilen-betriebsmodell\/"},"author":{"name":"Roger Str\u00e4ssle","@id":"https:\/\/www.m-q.ch\/fr\/#\/schema\/person\/47d540e081acd98ccbeb69b55df653d7"},"headline":"In f\u00fcnf Schritten zum agilen Betriebsmodell","datePublished":"2021-07-07T06:00:47+00:00","dateModified":"2021-07-13T07:18:31+00:00","mainEntityOfPage":{"@id":"https:\/\/www.m-q.ch\/in-fuenf-schritten-zum-agilen-betriebsmodell\/"},"wordCount":581,"publisher":{"@id":"https:\/\/www.m-q.ch\/fr\/#organization"},"image":{"@id":"https:\/\/www.m-q.ch\/in-fuenf-schritten-zum-agilen-betriebsmodell\/#primaryimage"},"thumbnailUrl":"https:\/\/www.m-q.ch\/wp-content\/uploads\/2021\/06\/Depositphotos_382719312_s-2019.jpg","keywords":["Betriebsmodell"],"articleSection":["Allgemein"],"inLanguage":"fr-FR"},{"@type":"WebPage","@id":"https:\/\/www.m-q.ch\/in-fuenf-schritten-zum-agilen-betriebsmodell\/","url":"https:\/\/www.m-q.ch\/in-fuenf-schritten-zum-agilen-betriebsmodell\/","name":"Cinq \u00e9tapes vers un mod\u00e8le op\u00e9rationnel agile - MQ Management et Qualit\u00e9","isPartOf":{"@id":"https:\/\/www.m-q.ch\/fr\/#website"},"primaryImageOfPage":{"@id":"https:\/\/www.m-q.ch\/in-fuenf-schritten-zum-agilen-betriebsmodell\/#primaryimage"},"image":{"@id":"https:\/\/www.m-q.ch\/in-fuenf-schritten-zum-agilen-betriebsmodell\/#primaryimage"},"thumbnailUrl":"https:\/\/www.m-q.ch\/wp-content\/uploads\/2021\/06\/Depositphotos_382719312_s-2019.jpg","datePublished":"2021-07-07T06:00:47+00:00","dateModified":"2021-07-13T07:18:31+00:00","description":"Lors de la mise en place d'un mod\u00e8le op\u00e9rationnel agile, le fournisseur de services informatiques et commerciaux CGI conseille une approche syst\u00e9matique en cinq \u00e9tapes.","breadcrumb":{"@id":"https:\/\/www.m-q.ch\/in-fuenf-schritten-zum-agilen-betriebsmodell\/#breadcrumb"},"inLanguage":"fr-FR","potentialAction":[{"@type":"ReadAction","target":["https:\/\/www.m-q.ch\/in-fuenf-schritten-zum-agilen-betriebsmodell\/"]}]},{"@type":"ImageObject","inLanguage":"fr-FR","@id":"https:\/\/www.m-q.ch\/in-fuenf-schritten-zum-agilen-betriebsmodell\/#primaryimage","url":"https:\/\/www.m-q.ch\/wp-content\/uploads\/2021\/06\/Depositphotos_382719312_s-2019.jpg","contentUrl":"https:\/\/www.m-q.ch\/wp-content\/uploads\/2021\/06\/Depositphotos_382719312_s-2019.jpg","width":1000,"height":668,"caption":"\u00a9 Depositphotos, artursz"},{"@type":"BreadcrumbList","@id":"https:\/\/www.m-q.ch\/in-fuenf-schritten-zum-agilen-betriebsmodell\/#breadcrumb","itemListElement":[{"@type":"ListItem","position":1,"name":"Allgemein","item":"https:\/\/www.m-q.ch\/kategorie\/allgemein\/"},{"@type":"ListItem","position":2,"name":"In f\u00fcnf Schritten zum agilen Betriebsmodell"}]},{"@type":"WebSite","@id":"https:\/\/www.m-q.ch\/fr\/#website","url":"https:\/\/www.m-q.ch\/fr\/","name":"Gestion et qualit\u00e9 du QM","description":"Plate-forme pour les syst\u00e8mes de gestion int\u00e9gr\u00e9e.","publisher":{"@id":"https:\/\/www.m-q.ch\/fr\/#organization"},"potentialAction":[{"@type":"SearchAction","target":{"@type":"EntryPoint","urlTemplate":"https:\/\/www.m-q.ch\/fr\/?s={search_term_string}"},"query-input":{"@type":"PropertyValueSpecification","valueRequired":true,"valueName":"search_term_string"}}],"inLanguage":"fr-FR"},{"@type":"Organization","@id":"https:\/\/www.m-q.ch\/fr\/#organization","name":"Galledia Trade Media AG","url":"https:\/\/www.m-q.ch\/fr\/","logo":{"@type":"ImageObject","inLanguage":"fr-FR","@id":"https:\/\/www.m-q.ch\/fr\/#\/schema\/logo\/image\/","url":"https:\/\/www.m-q.ch\/wp-content\/uploads\/2020\/12\/cropped-logo_small.png","contentUrl":"https:\/\/www.m-q.ch\/wp-content\/uploads\/2020\/12\/cropped-logo_small.png","width":512,"height":512,"caption":"Galledia Fachmedien AG"},"image":{"@id":"https:\/\/www.m-q.ch\/fr\/#\/schema\/logo\/image\/"},"sameAs":["https:\/\/www.facebook.com\/ManagementUndQualitaet","https:\/\/www.linkedin.com\/showcase\/17982321\/admin\/"]},{"@type":"Person","@id":"https:\/\/www.m-q.ch\/fr\/#\/schema\/person\/47d540e081acd98ccbeb69b55df653d7","name":"Roger Str\u00e4ssle","image":{"@type":"ImageObject","inLanguage":"fr-FR","@id":"https:\/\/www.m-q.ch\/fr\/#\/schema\/person\/image\/","url":"https:\/\/secure.gravatar.com\/avatar\/e4dde3046d8a184d2e2d27651a418883?s=96&d=mm&r=g","contentUrl":"https:\/\/secure.gravatar.com\/avatar\/e4dde3046d8a184d2e2d27651a418883?s=96&d=mm&r=g","caption":"Roger Str\u00e4ssle"},"url":"https:\/\/www.m-q.ch\/fr\/author\/roger-straessle\/"}]}},"_links":{"self":[{"href":"https:\/\/www.m-q.ch\/fr\/wp-json\/wp\/v2\/posts\/14640","targetHints":{"allow":["GET"]}}],"collection":[{"href":"https:\/\/www.m-q.ch\/fr\/wp-json\/wp\/v2\/posts"}],"about":[{"href":"https:\/\/www.m-q.ch\/fr\/wp-json\/wp\/v2\/types\/post"}],"author":[{"embeddable":true,"href":"https:\/\/www.m-q.ch\/fr\/wp-json\/wp\/v2\/users\/35"}],"replies":[{"embeddable":true,"href":"https:\/\/www.m-q.ch\/fr\/wp-json\/wp\/v2\/comments?post=14640"}],"version-history":[{"count":4,"href":"https:\/\/www.m-q.ch\/fr\/wp-json\/wp\/v2\/posts\/14640\/revisions"}],"predecessor-version":[{"id":14645,"href":"https:\/\/www.m-q.ch\/fr\/wp-json\/wp\/v2\/posts\/14640\/revisions\/14645"}],"wp:featuredmedia":[{"embeddable":true,"href":"https:\/\/www.m-q.ch\/fr\/wp-json\/wp\/v2\/media\/14643"}],"wp:attachment":[{"href":"https:\/\/www.m-q.ch\/fr\/wp-json\/wp\/v2\/media?parent=14640"}],"wp:term":[{"taxonomy":"category","embeddable":true,"href":"https:\/\/www.m-q.ch\/fr\/wp-json\/wp\/v2\/categories?post=14640"},{"taxonomy":"post_tag","embeddable":true,"href":"https:\/\/www.m-q.ch\/fr\/wp-json\/wp\/v2\/tags?post=14640"}],"curies":[{"name":"wp","href":"https:\/\/api.w.org\/{rel}","templated":true}]}}