{"id":14678,"date":"2021-07-02T07:30:02","date_gmt":"2021-07-02T05:30:02","guid":{"rendered":"https:\/\/www.m-q.ch\/?p=14678"},"modified":"2021-07-12T14:52:37","modified_gmt":"2021-07-12T12:52:37","slug":"les-pme-suisses-a-lexport-veulent-prendre-leur-envol","status":"publish","type":"post","link":"https:\/\/www.m-q.ch\/fr\/export-schweizer-kmu-wollen-durchstarten\/","title":{"rendered":"Exportations : les PME suisses veulent d\u00e9coller"},"content":{"rendered":"<figure id=\"attachment_14680\" aria-describedby=\"caption-attachment-14680\" style=\"width: 999px\" class=\"wp-caption aligncenter\"><img loading=\"lazy\" decoding=\"async\" class=\"size-full wp-image-14680\" src=\"https:\/\/www.m-q.ch\/wp-content\/uploads\/2021\/07\/Depositphotos_51877207_s-2019.jpg\" alt=\"\u00c9conomie d&#039;exportation\" width=\"999\" height=\"667\" srcset=\"https:\/\/www.m-q.ch\/wp-content\/uploads\/2021\/07\/Depositphotos_51877207_s-2019.jpg 999w, https:\/\/www.m-q.ch\/wp-content\/uploads\/2021\/07\/Depositphotos_51877207_s-2019-768x513.jpg 768w, https:\/\/www.m-q.ch\/wp-content\/uploads\/2021\/07\/Depositphotos_51877207_s-2019-16x12.jpg 16w, https:\/\/www.m-q.ch\/wp-content\/uploads\/2021\/07\/Depositphotos_51877207_s-2019-262x175.jpg 262w, https:\/\/www.m-q.ch\/wp-content\/uploads\/2021\/07\/Depositphotos_51877207_s-2019-524x350.jpg 524w, https:\/\/www.m-q.ch\/wp-content\/uploads\/2021\/07\/Depositphotos_51877207_s-2019-920x614.jpg 920w, https:\/\/www.m-q.ch\/wp-content\/uploads\/2021\/07\/Depositphotos_51877207_s-2019-300x200.jpg 300w\" sizes=\"auto, (max-width: 999px) 100vw, 999px\" \/><figcaption id=\"caption-attachment-14680\" class=\"wp-caption-text\">\u00a9 Depositphotos, ake1150sb<\/figcaption><\/figure>\n<p><span style=\"font-size: 10.5pt; font-family: 'Arial',sans-serif; color: #44535e;\">L'industrie suisse des exportations se dirige vers un boom des exportations. Alors que la majorit\u00e9 des entreprises s'attendaient d\u00e9j\u00e0 \u00e0 une \u00e9volution positive au d\u00e9but de l'ann\u00e9e, la tendance s'est consolid\u00e9e : 67% de toutes les PME suisses s'attendent \u00e9galement \u00e0 une hausse des exportations pour le 2e semestre 2021, selon l'enqu\u00eate de l'Office f\u00e9d\u00e9ral de la statistique. <span style=\"font-family: 'Arial',sans-serif;\">Suisse Global Enterprise (<a href=\"http:\/\/www.s-ge.com\/de\">S-GE<\/a>) et Credit Suisse (CS) \u00e9crivent<\/span>. Le niveau est presque \u00e9quivalent \u00e0 celui des ann\u00e9es record de 2018 et 2019. Les entreprises interrog\u00e9es s'appuient sur un large \u00e9ventail de mesures pour surmonter la crise. L'accent est mis sur l'ouverture de nouveaux march\u00e9s de vente - 44% des PME pr\u00e9voient d'ouvrir de nouveaux march\u00e9s d'exportation au cours du second semestre de l'ann\u00e9e. Les entreprises interrog\u00e9es ont le plus souvent cit\u00e9 la Chine, la Russie, l'Indon\u00e9sie, les pays scandinaves et la Grande-Bretagne.<\/span><\/p>\n<h3><strong>Le barom\u00e8tre des exportations de CS a atteint un niveau record<\/strong><\/h3>\n<p><span style=\"font-size: 10.5pt; font-family: 'Arial',sans-serif; color: #44535e;\">Selon les donn\u00e9es, le barom\u00e8tre des exportations du Credit Suisse a d\u00e9j\u00e0 atteint la barre des records. \u00c0 3,1 points, il est \u00e0 son plus haut niveau depuis le d\u00e9but des enregistrements. Mais dans le m\u00eame temps, les effets de la pand\u00e9mie se font sentir : 70% des PME suisses ont signal\u00e9 une baisse des ventes dans leurs activit\u00e9s internationales \u00e0 cause de Corona. Les restrictions de voyage et la perturbation des cha\u00eenes d'approvisionnement ont \u00e9t\u00e9 les plus grands d\u00e9fis pour la majorit\u00e9 des PME.<\/span><\/p>\n<p><span style=\"font-size: 10.5pt; font-family: 'Arial',sans-serif; color: #44535e;\">Andreas Gerber, responsable de la client\u00e8le entreprises au Credit Suisse, d\u00e9clare : \"L'industrie mondiale, et donc aussi les PME suisses, profitent du fait que les consommateurs disposaient de plus d'argent pour acheter des biens pendant la crise, car les restrictions ont surtout touch\u00e9 le secteur des services. Alors que l'essor de l'industrie devrait se poursuivre, nous nous attendons \u00e0 ce que la demande dans le secteur des services s'acc\u00e9l\u00e8re consid\u00e9rablement avec l'assouplissement \u00e0 venir.\"<\/span><\/p>\n<p><span style=\"font-size: 10.5pt; font-family: 'Arial',sans-serif; color: #44535e;\">Alberto Silini<\/span><span style=\"font-size: 10.5pt; font-family: 'Arial',sans-serif; color: #44535e;\">responsable du conseil chez S-GE, d\u00e9clare : \"Les PME suisses veulent aujourd'hui prendre leur envol \u00e0 l'international - pour rester en t\u00eate dans la phase de reprise mondiale qui s'annonce et pour conqu\u00e9rir de nouveaux march\u00e9s et de nouvelles parts de march\u00e9. Notre conseil est de tirer les le\u00e7ons de la crise, d'\u00e9laborer une strat\u00e9gie internationale \u00e0 long terme et de bien se pr\u00e9parer aux entr\u00e9es sur les march\u00e9s respectifs. Car la nouvelle normalit\u00e9 apr\u00e8s la pand\u00e9mie rec\u00e8le aussi de nombreuses incertitudes \u00e9conomiques et politiques.\"<\/span><\/p>\n<p><em><span style=\"font-size: 10.5pt; font-family: 'Arial',sans-serif; color: #44535e;\">Pour plus d'informations sur les perspectives d'exportation des PME pour le second semestre 2021, veuillez consulter la brochure suivante <a href=\"https:\/\/8999a0dd838242fe9dca98e791fe995f.svc.dynamics.com\/t\/t\/7ewQx5ydvKEtYit6P7RvzXtT5rlqh99zSZSQUqjXO4ox\/oAUgbJdhr0oTABTGCDvHqSuGJSScHT5OySarlaGR8WAx\">ici<\/a> ou \u00e0 t\u00e9l\u00e9charger sous : <a href=\"https:\/\/8999a0dd838242fe9dca98e791fe995f.svc.dynamics.com\/t\/t\/ii0p2heRsFbf8aQnAMu1657Pevxga7VbN4mcbGkCFfEx\/oAUgbJdhr0oTABTGCDvHqSuGJSScHT5OySarlaGR8WAx\">www.s-ge.com\/exportperspektiven<\/a>.<\/span><\/em><\/p>\n<p>&nbsp;<\/p>","protected":false},"excerpt":{"rendered":"<p>Die Schweizer Exportwirtschaft steuert auf einen Exportboom zu. Nachdem bereits Anfang Jahr die Mehrheit der Unternehmen mit einer positiven Entwicklung rechnete, hat sich der Trend gefestigt: 67% aller Schweizer KMU erwarten auch f\u00fcr die 2. Jahresh\u00e4lfte 2021 steigende Exporte, wie Switzerland Global Enterprise (S-GE) und die Credit Suisse (CS) schreiben. Das Niveau erreiche beinahe die [&hellip;]<\/p>\n","protected":false},"author":35,"featured_media":14680,"comment_status":"closed","ping_status":"closed","sticky":false,"template":"","format":"standard","meta":{"_acf_changed":false,"footnotes":""},"categories":[4448],"tags":[5047,5046,5048],"class_list":["post-14678","post","type-post","status-publish","format-standard","has-post-thumbnail","hentry","category-allgemein","tag-exportbarometer","tag-exportwirtschaft","tag-switzerland-global-enterprise"],"acf":[],"yoast_head":"<!-- This site is optimized with the Yoast SEO plugin v26.2 - https:\/\/yoast.com\/wordpress\/plugins\/seo\/ -->\n<title>Export: Schweizer KMU wollen durchstarten - MQ Management und Qualit\u00e4t<\/title>\n<meta name=\"description\" content=\"Gem\u00e4ss aktueller Umfrage von S-GE zur Exportstimmung wollen die KMU in der zweiten Jahresh\u00e4lfte 2021 mit den Exporten durchstarten.\" \/>\n<meta name=\"robots\" content=\"index, follow, max-snippet:-1, max-image-preview:large, max-video-preview:-1\" \/>\n<link rel=\"canonical\" href=\"https:\/\/www.m-q.ch\/fr\/les-pme-suisses-a-lexport-veulent-prendre-leur-envol\/\" \/>\n<meta property=\"og:locale\" content=\"fr_FR\" \/>\n<meta property=\"og:type\" content=\"article\" \/>\n<meta property=\"og:title\" content=\"Export: Schweizer KMU wollen durchstarten - MQ Management und Qualit\u00e4t\" \/>\n<meta property=\"og:description\" content=\"Gem\u00e4ss aktueller Umfrage von S-GE zur Exportstimmung wollen die KMU in der zweiten Jahresh\u00e4lfte 2021 mit den Exporten durchstarten.\" \/>\n<meta property=\"og:url\" content=\"https:\/\/www.m-q.ch\/fr\/les-pme-suisses-a-lexport-veulent-prendre-leur-envol\/\" \/>\n<meta property=\"og:site_name\" content=\"MQ Management und Qualit\u00e4t\" \/>\n<meta property=\"article:publisher\" content=\"https:\/\/www.facebook.com\/ManagementUndQualitaet\" \/>\n<meta property=\"article:published_time\" content=\"2021-07-02T05:30:02+00:00\" \/>\n<meta property=\"article:modified_time\" content=\"2021-07-12T12:52:37+00:00\" \/>\n<meta property=\"og:image\" content=\"https:\/\/www.m-q.ch\/wp-content\/uploads\/2021\/07\/Depositphotos_51877207_s-2019.jpg\" \/>\n\t<meta property=\"og:image:width\" content=\"999\" \/>\n\t<meta property=\"og:image:height\" content=\"667\" \/>\n\t<meta property=\"og:image:type\" content=\"image\/jpeg\" \/>\n<meta name=\"author\" content=\"Roger Str\u00e4ssle\" \/>\n<meta name=\"twitter:card\" content=\"summary_large_image\" \/>\n<meta name=\"twitter:label1\" content=\"\u00c9crit par\" \/>\n\t<meta name=\"twitter:data1\" content=\"Roger Str\u00e4ssle\" \/>\n\t<meta name=\"twitter:label2\" content=\"Dur\u00e9e de lecture estim\u00e9e\" \/>\n\t<meta name=\"twitter:data2\" content=\"2 minutes\" \/>\n<script type=\"application\/ld+json\" class=\"yoast-schema-graph\">{\"@context\":\"https:\/\/schema.org\",\"@graph\":[{\"@type\":\"Article\",\"@id\":\"https:\/\/www.m-q.ch\/export-schweizer-kmu-wollen-durchstarten\/#article\",\"isPartOf\":{\"@id\":\"https:\/\/www.m-q.ch\/export-schweizer-kmu-wollen-durchstarten\/\"},\"author\":{\"name\":\"Roger Str\u00e4ssle\",\"@id\":\"https:\/\/www.m-q.ch\/fr\/#\/schema\/person\/47d540e081acd98ccbeb69b55df653d7\"},\"headline\":\"Export: Schweizer KMU wollen durchstarten\",\"datePublished\":\"2021-07-02T05:30:02+00:00\",\"dateModified\":\"2021-07-12T12:52:37+00:00\",\"mainEntityOfPage\":{\"@id\":\"https:\/\/www.m-q.ch\/export-schweizer-kmu-wollen-durchstarten\/\"},\"wordCount\":371,\"publisher\":{\"@id\":\"https:\/\/www.m-q.ch\/fr\/#organization\"},\"image\":{\"@id\":\"https:\/\/www.m-q.ch\/export-schweizer-kmu-wollen-durchstarten\/#primaryimage\"},\"thumbnailUrl\":\"https:\/\/www.m-q.ch\/wp-content\/uploads\/2021\/07\/Depositphotos_51877207_s-2019.jpg\",\"keywords\":[\"Exportbarometer\",\"Exportwirtschaft\",\"Switzerland Global Enterprise\"],\"articleSection\":[\"Allgemein\"],\"inLanguage\":\"fr-FR\"},{\"@type\":\"WebPage\",\"@id\":\"https:\/\/www.m-q.ch\/export-schweizer-kmu-wollen-durchstarten\/\",\"url\":\"https:\/\/www.m-q.ch\/export-schweizer-kmu-wollen-durchstarten\/\",\"name\":\"Export: Schweizer KMU wollen durchstarten - MQ Management und Qualit\u00e4t\",\"isPartOf\":{\"@id\":\"https:\/\/www.m-q.ch\/fr\/#website\"},\"primaryImageOfPage\":{\"@id\":\"https:\/\/www.m-q.ch\/export-schweizer-kmu-wollen-durchstarten\/#primaryimage\"},\"image\":{\"@id\":\"https:\/\/www.m-q.ch\/export-schweizer-kmu-wollen-durchstarten\/#primaryimage\"},\"thumbnailUrl\":\"https:\/\/www.m-q.ch\/wp-content\/uploads\/2021\/07\/Depositphotos_51877207_s-2019.jpg\",\"datePublished\":\"2021-07-02T05:30:02+00:00\",\"dateModified\":\"2021-07-12T12:52:37+00:00\",\"description\":\"Gem\u00e4ss aktueller Umfrage von S-GE zur Exportstimmung wollen die KMU in der zweiten Jahresh\u00e4lfte 2021 mit den Exporten durchstarten.\",\"breadcrumb\":{\"@id\":\"https:\/\/www.m-q.ch\/export-schweizer-kmu-wollen-durchstarten\/#breadcrumb\"},\"inLanguage\":\"fr-FR\",\"potentialAction\":[{\"@type\":\"ReadAction\",\"target\":[\"https:\/\/www.m-q.ch\/export-schweizer-kmu-wollen-durchstarten\/\"]}]},{\"@type\":\"ImageObject\",\"inLanguage\":\"fr-FR\",\"@id\":\"https:\/\/www.m-q.ch\/export-schweizer-kmu-wollen-durchstarten\/#primaryimage\",\"url\":\"https:\/\/www.m-q.ch\/wp-content\/uploads\/2021\/07\/Depositphotos_51877207_s-2019.jpg\",\"contentUrl\":\"https:\/\/www.m-q.ch\/wp-content\/uploads\/2021\/07\/Depositphotos_51877207_s-2019.jpg\",\"width\":999,\"height\":667,\"caption\":\"\u00a9 Depositphotos, ake1150sb\"},{\"@type\":\"BreadcrumbList\",\"@id\":\"https:\/\/www.m-q.ch\/export-schweizer-kmu-wollen-durchstarten\/#breadcrumb\",\"itemListElement\":[{\"@type\":\"ListItem\",\"position\":1,\"name\":\"Allgemein\",\"item\":\"https:\/\/www.m-q.ch\/kategorie\/allgemein\/\"},{\"@type\":\"ListItem\",\"position\":2,\"name\":\"Export: Schweizer KMU wollen durchstarten\"}]},{\"@type\":\"WebSite\",\"@id\":\"https:\/\/www.m-q.ch\/fr\/#website\",\"url\":\"https:\/\/www.m-q.ch\/fr\/\",\"name\":\"MQ Management und Qualit\u00e4t\",\"description\":\"Plattform f\u00fcr integrierte Managementsysteme.\",\"publisher\":{\"@id\":\"https:\/\/www.m-q.ch\/fr\/#organization\"},\"potentialAction\":[{\"@type\":\"SearchAction\",\"target\":{\"@type\":\"EntryPoint\",\"urlTemplate\":\"https:\/\/www.m-q.ch\/fr\/?s={search_term_string}\"},\"query-input\":{\"@type\":\"PropertyValueSpecification\",\"valueRequired\":true,\"valueName\":\"search_term_string\"}}],\"inLanguage\":\"fr-FR\"},{\"@type\":\"Organization\",\"@id\":\"https:\/\/www.m-q.ch\/fr\/#organization\",\"name\":\"Galledia Fachmedien AG\",\"url\":\"https:\/\/www.m-q.ch\/fr\/\",\"logo\":{\"@type\":\"ImageObject\",\"inLanguage\":\"fr-FR\",\"@id\":\"https:\/\/www.m-q.ch\/fr\/#\/schema\/logo\/image\/\",\"url\":\"https:\/\/www.m-q.ch\/wp-content\/uploads\/2020\/12\/cropped-logo_small.png\",\"contentUrl\":\"https:\/\/www.m-q.ch\/wp-content\/uploads\/2020\/12\/cropped-logo_small.png\",\"width\":512,\"height\":512,\"caption\":\"Galledia Fachmedien AG\"},\"image\":{\"@id\":\"https:\/\/www.m-q.ch\/fr\/#\/schema\/logo\/image\/\"},\"sameAs\":[\"https:\/\/www.facebook.com\/ManagementUndQualitaet\",\"https:\/\/www.linkedin.com\/showcase\/17982321\/admin\/\"]},{\"@type\":\"Person\",\"@id\":\"https:\/\/www.m-q.ch\/fr\/#\/schema\/person\/47d540e081acd98ccbeb69b55df653d7\",\"name\":\"Roger Str\u00e4ssle\",\"image\":{\"@type\":\"ImageObject\",\"inLanguage\":\"fr-FR\",\"@id\":\"https:\/\/www.m-q.ch\/fr\/#\/schema\/person\/image\/\",\"url\":\"https:\/\/secure.gravatar.com\/avatar\/e4dde3046d8a184d2e2d27651a418883?s=96&d=mm&r=g\",\"contentUrl\":\"https:\/\/secure.gravatar.com\/avatar\/e4dde3046d8a184d2e2d27651a418883?s=96&d=mm&r=g\",\"caption\":\"Roger Str\u00e4ssle\"},\"url\":\"https:\/\/www.m-q.ch\/fr\/author\/roger-straessle\/\"}]}<\/script>\n<!-- \/ Yoast SEO plugin. -->","yoast_head_json":{"title":"Exportation : les PME suisses veulent d\u00e9coller - MQ Management und Qualit\u00e4t","description":"Selon la derni\u00e8re enqu\u00eate S-GE sur le sentiment d'exportation, les PME veulent d\u00e9coller avec les exportations au second semestre 2021.","robots":{"index":"index","follow":"follow","max-snippet":"max-snippet:-1","max-image-preview":"max-image-preview:large","max-video-preview":"max-video-preview:-1"},"canonical":"https:\/\/www.m-q.ch\/fr\/les-pme-suisses-a-lexport-veulent-prendre-leur-envol\/","og_locale":"fr_FR","og_type":"article","og_title":"Export: Schweizer KMU wollen durchstarten - MQ Management und Qualit\u00e4t","og_description":"Gem\u00e4ss aktueller Umfrage von S-GE zur Exportstimmung wollen die KMU in der zweiten Jahresh\u00e4lfte 2021 mit den Exporten durchstarten.","og_url":"https:\/\/www.m-q.ch\/fr\/les-pme-suisses-a-lexport-veulent-prendre-leur-envol\/","og_site_name":"MQ Management und Qualit\u00e4t","article_publisher":"https:\/\/www.facebook.com\/ManagementUndQualitaet","article_published_time":"2021-07-02T05:30:02+00:00","article_modified_time":"2021-07-12T12:52:37+00:00","og_image":[{"width":999,"height":667,"url":"https:\/\/www.m-q.ch\/wp-content\/uploads\/2021\/07\/Depositphotos_51877207_s-2019.jpg","type":"image\/jpeg"}],"author":"Roger Str\u00e4ssle","twitter_card":"summary_large_image","twitter_misc":{"\u00c9crit par":"Roger Str\u00e4ssle","Dur\u00e9e de lecture estim\u00e9e":"2 minutes"},"schema":{"@context":"https:\/\/schema.org","@graph":[{"@type":"Article","@id":"https:\/\/www.m-q.ch\/export-schweizer-kmu-wollen-durchstarten\/#article","isPartOf":{"@id":"https:\/\/www.m-q.ch\/export-schweizer-kmu-wollen-durchstarten\/"},"author":{"name":"Roger Str\u00e4ssle","@id":"https:\/\/www.m-q.ch\/fr\/#\/schema\/person\/47d540e081acd98ccbeb69b55df653d7"},"headline":"Export: Schweizer KMU wollen durchstarten","datePublished":"2021-07-02T05:30:02+00:00","dateModified":"2021-07-12T12:52:37+00:00","mainEntityOfPage":{"@id":"https:\/\/www.m-q.ch\/export-schweizer-kmu-wollen-durchstarten\/"},"wordCount":371,"publisher":{"@id":"https:\/\/www.m-q.ch\/fr\/#organization"},"image":{"@id":"https:\/\/www.m-q.ch\/export-schweizer-kmu-wollen-durchstarten\/#primaryimage"},"thumbnailUrl":"https:\/\/www.m-q.ch\/wp-content\/uploads\/2021\/07\/Depositphotos_51877207_s-2019.jpg","keywords":["Exportbarometer","Exportwirtschaft","Switzerland Global Enterprise"],"articleSection":["Allgemein"],"inLanguage":"fr-FR"},{"@type":"WebPage","@id":"https:\/\/www.m-q.ch\/export-schweizer-kmu-wollen-durchstarten\/","url":"https:\/\/www.m-q.ch\/export-schweizer-kmu-wollen-durchstarten\/","name":"Exportation : les PME suisses veulent d\u00e9coller - MQ Management und Qualit\u00e4t","isPartOf":{"@id":"https:\/\/www.m-q.ch\/fr\/#website"},"primaryImageOfPage":{"@id":"https:\/\/www.m-q.ch\/export-schweizer-kmu-wollen-durchstarten\/#primaryimage"},"image":{"@id":"https:\/\/www.m-q.ch\/export-schweizer-kmu-wollen-durchstarten\/#primaryimage"},"thumbnailUrl":"https:\/\/www.m-q.ch\/wp-content\/uploads\/2021\/07\/Depositphotos_51877207_s-2019.jpg","datePublished":"2021-07-02T05:30:02+00:00","dateModified":"2021-07-12T12:52:37+00:00","description":"Selon la derni\u00e8re enqu\u00eate S-GE sur le sentiment d'exportation, les PME veulent d\u00e9coller avec les exportations au second semestre 2021.","breadcrumb":{"@id":"https:\/\/www.m-q.ch\/export-schweizer-kmu-wollen-durchstarten\/#breadcrumb"},"inLanguage":"fr-FR","potentialAction":[{"@type":"ReadAction","target":["https:\/\/www.m-q.ch\/export-schweizer-kmu-wollen-durchstarten\/"]}]},{"@type":"ImageObject","inLanguage":"fr-FR","@id":"https:\/\/www.m-q.ch\/export-schweizer-kmu-wollen-durchstarten\/#primaryimage","url":"https:\/\/www.m-q.ch\/wp-content\/uploads\/2021\/07\/Depositphotos_51877207_s-2019.jpg","contentUrl":"https:\/\/www.m-q.ch\/wp-content\/uploads\/2021\/07\/Depositphotos_51877207_s-2019.jpg","width":999,"height":667,"caption":"\u00a9 Depositphotos, ake1150sb"},{"@type":"BreadcrumbList","@id":"https:\/\/www.m-q.ch\/export-schweizer-kmu-wollen-durchstarten\/#breadcrumb","itemListElement":[{"@type":"ListItem","position":1,"name":"Allgemein","item":"https:\/\/www.m-q.ch\/kategorie\/allgemein\/"},{"@type":"ListItem","position":2,"name":"Export: Schweizer KMU wollen durchstarten"}]},{"@type":"WebSite","@id":"https:\/\/www.m-q.ch\/fr\/#website","url":"https:\/\/www.m-q.ch\/fr\/","name":"Gestion et qualit\u00e9 du QM","description":"Plate-forme pour les syst\u00e8mes de gestion int\u00e9gr\u00e9e.","publisher":{"@id":"https:\/\/www.m-q.ch\/fr\/#organization"},"potentialAction":[{"@type":"SearchAction","target":{"@type":"EntryPoint","urlTemplate":"https:\/\/www.m-q.ch\/fr\/?s={search_term_string}"},"query-input":{"@type":"PropertyValueSpecification","valueRequired":true,"valueName":"search_term_string"}}],"inLanguage":"fr-FR"},{"@type":"Organization","@id":"https:\/\/www.m-q.ch\/fr\/#organization","name":"Galledia Trade Media AG","url":"https:\/\/www.m-q.ch\/fr\/","logo":{"@type":"ImageObject","inLanguage":"fr-FR","@id":"https:\/\/www.m-q.ch\/fr\/#\/schema\/logo\/image\/","url":"https:\/\/www.m-q.ch\/wp-content\/uploads\/2020\/12\/cropped-logo_small.png","contentUrl":"https:\/\/www.m-q.ch\/wp-content\/uploads\/2020\/12\/cropped-logo_small.png","width":512,"height":512,"caption":"Galledia Fachmedien AG"},"image":{"@id":"https:\/\/www.m-q.ch\/fr\/#\/schema\/logo\/image\/"},"sameAs":["https:\/\/www.facebook.com\/ManagementUndQualitaet","https:\/\/www.linkedin.com\/showcase\/17982321\/admin\/"]},{"@type":"Person","@id":"https:\/\/www.m-q.ch\/fr\/#\/schema\/person\/47d540e081acd98ccbeb69b55df653d7","name":"Roger Str\u00e4ssle","image":{"@type":"ImageObject","inLanguage":"fr-FR","@id":"https:\/\/www.m-q.ch\/fr\/#\/schema\/person\/image\/","url":"https:\/\/secure.gravatar.com\/avatar\/e4dde3046d8a184d2e2d27651a418883?s=96&d=mm&r=g","contentUrl":"https:\/\/secure.gravatar.com\/avatar\/e4dde3046d8a184d2e2d27651a418883?s=96&d=mm&r=g","caption":"Roger Str\u00e4ssle"},"url":"https:\/\/www.m-q.ch\/fr\/author\/roger-straessle\/"}]}},"_links":{"self":[{"href":"https:\/\/www.m-q.ch\/fr\/wp-json\/wp\/v2\/posts\/14678","targetHints":{"allow":["GET"]}}],"collection":[{"href":"https:\/\/www.m-q.ch\/fr\/wp-json\/wp\/v2\/posts"}],"about":[{"href":"https:\/\/www.m-q.ch\/fr\/wp-json\/wp\/v2\/types\/post"}],"author":[{"embeddable":true,"href":"https:\/\/www.m-q.ch\/fr\/wp-json\/wp\/v2\/users\/35"}],"replies":[{"embeddable":true,"href":"https:\/\/www.m-q.ch\/fr\/wp-json\/wp\/v2\/comments?post=14678"}],"version-history":[{"count":6,"href":"https:\/\/www.m-q.ch\/fr\/wp-json\/wp\/v2\/posts\/14678\/revisions"}],"predecessor-version":[{"id":14698,"href":"https:\/\/www.m-q.ch\/fr\/wp-json\/wp\/v2\/posts\/14678\/revisions\/14698"}],"wp:featuredmedia":[{"embeddable":true,"href":"https:\/\/www.m-q.ch\/fr\/wp-json\/wp\/v2\/media\/14680"}],"wp:attachment":[{"href":"https:\/\/www.m-q.ch\/fr\/wp-json\/wp\/v2\/media?parent=14678"}],"wp:term":[{"taxonomy":"category","embeddable":true,"href":"https:\/\/www.m-q.ch\/fr\/wp-json\/wp\/v2\/categories?post=14678"},{"taxonomy":"post_tag","embeddable":true,"href":"https:\/\/www.m-q.ch\/fr\/wp-json\/wp\/v2\/tags?post=14678"}],"curies":[{"name":"wp","href":"https:\/\/api.w.org\/{rel}","templated":true}]}}