{"id":14706,"date":"2021-07-14T09:01:43","date_gmt":"2021-07-14T07:01:43","guid":{"rendered":"https:\/\/www.m-q.ch\/?p=14706"},"modified":"2021-07-20T09:42:26","modified_gmt":"2021-07-20T07:42:26","slug":"defis-pour-les-entreprises-suisses","status":"publish","type":"post","link":"https:\/\/www.m-q.ch\/fr\/herausforderungen-fuer-ch-unternehmen\/","title":{"rendered":"D\u00e9fis pour les entreprises du CH sur le march\u00e9 chinois"},"content":{"rendered":"<figure id=\"attachment_14707\" aria-describedby=\"caption-attachment-14707\" style=\"width: 1000px\" class=\"wp-caption aligncenter\"><img loading=\"lazy\" decoding=\"async\" class=\"wp-image-14707 size-full\" src=\"https:\/\/www.m-q.ch\/wp-content\/uploads\/2021\/07\/Depositphotos_30770033_s-2019.jpg\" alt=\"Swissmem, Suisse-Chine\" width=\"1000\" height=\"657\" srcset=\"https:\/\/www.m-q.ch\/wp-content\/uploads\/2021\/07\/Depositphotos_30770033_s-2019.jpg 1000w, https:\/\/www.m-q.ch\/wp-content\/uploads\/2021\/07\/Depositphotos_30770033_s-2019-768x505.jpg 768w, https:\/\/www.m-q.ch\/wp-content\/uploads\/2021\/07\/Depositphotos_30770033_s-2019-16x12.jpg 16w, https:\/\/www.m-q.ch\/wp-content\/uploads\/2021\/07\/Depositphotos_30770033_s-2019-266x175.jpg 266w, https:\/\/www.m-q.ch\/wp-content\/uploads\/2021\/07\/Depositphotos_30770033_s-2019-533x350.jpg 533w, https:\/\/www.m-q.ch\/wp-content\/uploads\/2021\/07\/Depositphotos_30770033_s-2019-920x604.jpg 920w, https:\/\/www.m-q.ch\/wp-content\/uploads\/2021\/07\/Depositphotos_30770033_s-2019-300x197.jpg 300w\" sizes=\"auto, (max-width: 1000px) 100vw, 1000px\" \/><figcaption id=\"caption-attachment-14707\" class=\"wp-caption-text\">\u00a9 Depositphotos, phillyo77<\/figcaption><\/figure>\n<p>La Suisse entretient des relations privil\u00e9gi\u00e9es avec la Chine depuis des d\u00e9cennies et a souvent fait figure de pionnier. Cela inclut la reconnaissance diplomatique de la R\u00e9publique populaire de Chine en 1950 et l'accord de libre-\u00e9change avec la Chine en 2014. L'industrie suisse a fait preuve du m\u00eame esprit pionnier. Gr\u00e2ce \u00e0 ses investissements et \u00e0 la cr\u00e9ation d'emplois, elle a largement contribu\u00e9 \u00e0 l'\u00e9mergence d'une classe moyenne en Chine et a permis \u00e0 des millions de personnes d'\u00e9chapper \u00e0 la pauvret\u00e9.<\/p>\n<p>Ces bonnes relations entre la Suisse et la Chine durent depuis longtemps, ind\u00e9pendamment des divergences de vues sur la libert\u00e9 sociale et \u00e9conomique. Ils sont importants dans un monde qui sera de plus en plus fa\u00e7onn\u00e9 par le conflit bipolaire entre les \u00c9tats-Unis et la Chine.<\/p>\n<p>Les changements tectoniques entre les grandes puissances ont g\u00e9n\u00e9ralement conduit \u00e0 des conflits au cours des derniers si\u00e8cles. Les petites \u00e9conomies ouvertes comme la Suisse ont \u00e9t\u00e9 particuli\u00e8rement touch\u00e9es. Ils se sont bien comport\u00e9s au cours des 70 derni\u00e8res ann\u00e9es, pendant lesquelles le multilat\u00e9ralisme, le libre-\u00e9change et le droit international ont fa\u00e7onn\u00e9 les relations internationales. Mais ils pourraient \u00eatre parmi les grands perdants d'une \u00e8re de protectionnisme et de nationalisme.<strong>\u00a0<\/strong><\/p>\n<h3><strong>L'\u00e9tude montre les d\u00e9fis que doivent relever les entreprises du CH sur le march\u00e9 chinois<\/strong><\/h3>\n<p>En collaboration avec la F\u00e9d\u00e9ration allemande des ing\u00e9nieurs (VDMA), Swissmem a command\u00e9 une nouvelle \u00e9tude intitul\u00e9e \"La Chine en transition - Comment le secteur de la construction m\u00e9canique peut-il rester performant face \u00e0 la concurrence ?\" au cabinet de conseil Sinolytics. L'\u00e9tude d\u00e9crit la politique \u00e9conomique actuelle et future de la Chine et les d\u00e9fis \u00e0 relever par les entreprises industrielles.<\/p>\n<p>L'\u00e9tude montre diverses mesures de lib\u00e9ralisation et d'ouverture de la Chine dans des domaines importants pour les entreprises MEM suisses. Il souligne la participation importante et croissante de la Chine aux organismes internationaux de normalisation, qui pourrait donner \u00e0 ses propres entreprises un avantage en mati\u00e8re de normes, et attire \u00e9galement l'attention sur le financement de la recherche par le gouvernement. Cependant, l'\u00e9tude conclut clairement que la Chine reste un march\u00e9 tr\u00e8s attractif pour les produits de pointe et de niche de la Suisse.<\/p>\n<p>L'\u00e9tude attire \u00e9galement l'attention sur le risque que les entreprises suisses op\u00e9rant au niveau international se retrouvent de plus en plus dans une jungle juridique entre les \u00c9tats-Unis, la Chine et d'autres blocs. Cette situation se caract\u00e9rise par des lois contradictoires et extraterritoriales. Dans des cas extr\u00eames, les entreprises ne peuvent plus respecter la loi dans tous les sens. La r\u00e9action de la Chine \u00e0 la politique des \u00c9tats-Unis, qui ont plac\u00e9 des entreprises chinoises sur une liste de sanctions am\u00e9ricaines, en est un exemple. De son c\u00f4t\u00e9, la Chine a promulgu\u00e9 une loi anti-sanctions qui expose les entreprises du monde entier au risque de sanctions p\u00e9nales si elles respectent les sanctions am\u00e9ricaines.<\/p>\n<p>Du point de vue de Swissmem, cette ins\u00e9curit\u00e9 juridique est dangereuse et pr\u00e9judiciable, car elle freine les investissements ou encourage ceux qui sont r\u00e9alis\u00e9s selon des crit\u00e8res politiques plut\u00f4t qu'\u00e9conomiques.<\/p>\n<h3><strong>Renforcer le caract\u00e8re indispensable en termes diplomatiques et \u00e9conomiques<\/strong><\/h3>\n<p>Swissmem appelle donc la Suisse \u00e0 adopter une strat\u00e9gie reposant sur trois piliers :<\/p>\n<p><em>1) Les entreprises suisses doivent produire des produits et des services aussi indispensables que possible.<\/em><\/p>\n<p>Covid-19, en particulier, a fait prendre conscience au public de ce que les clients de l'industrie suisse savent depuis longtemps : de nombreuses entreprises actives ici dans des domaines technologiques tels que l'automatisation, les technologies de fabrication, la technologie des capteurs et autres sont des leaders mondiaux dans leur domaine. Ils sont non seulement essentiels pour les d\u00e9fis g\u00e9n\u00e9raux tels que la lutte contre les covid\u00e9s ou la protection du climat, mais aussi indispensables pour de nombreux clients en tant que fournisseurs de solutions sp\u00e9cifiques.<\/p>\n<p>La meilleure protection de la place \u00e9conomique suisse contre les pressions politiques de l'\u00e9tranger est de faire en sorte que le plus grand nombre possible de ces entreprises soient bas\u00e9es en Suisse. Cet objectif peut \u00eatre atteint gr\u00e2ce \u00e0 de bonnes conditions-cadres locales ainsi qu'\u00e0 une production moderne et \u00e0 une recherche et un d\u00e9veloppement de haut niveau. Le caract\u00e8re indispensable des entreprises suisses est le meilleur atout de la Suisse en mati\u00e8re de s\u00e9curit\u00e9 et de politique \u00e9conomique ext\u00e9rieure - et non dans le mantra de l'autosuffisance ou la tentative des politiciens de d\u00e9monter les cha\u00eenes d'approvisionnement et de les remodeler de mani\u00e8re autarcique. La politique devrait plut\u00f4t soutenir les fleurons industriels par de bonnes conditions-cadres et veiller \u00e0 ce que de nouveaux fleurons \u00e9mergent ou s'installent en Suisse.<\/p>\n<p>Les entreprises locales peuvent apporter leur contribution la plus importante \u00e0 la lutte contre le changement climatique ou \u00e0 la r\u00e9duction de la pauvret\u00e9 gr\u00e2ce \u00e0 leurs technologies ainsi qu'\u00e0 leurs emplois \u00e0 l'\u00e9tranger, qui offrent de meilleures conditions de travail que les entreprises locales. C'est pr\u00e9cis\u00e9ment gr\u00e2ce aux \u00e9changes avec les employ\u00e9s \u00e9trangers que nos entreprises contribuent de mani\u00e8re cr\u00e9dible \u00e0 la diffusion des valeurs occidentales dans des pays comme la Chine.<\/p>\n<p><em>2) Indispensabilit\u00e9 de la Suisse politique<\/em><\/p>\n<p>Gr\u00e2ce aux bons offices et aux initiatives diplomatiques - une fois de plus dans le souci d'apporter des solutions - notre pays devrait devenir de plus en plus indispensable aux grands blocs de puissance. Les avantages de la Suisse, comme la Gen\u00e8ve internationale, doivent \u00eatre raviv\u00e9s. De telles initiatives peuvent am\u00e9liorer la situation des populations en conflit et contribuer ainsi de mani\u00e8re significative et active \u00e0 la stabilit\u00e9. Un exemple positif est la m\u00e9diation en faveur du cessez-le-feu au Mozambique par l'ambassadeur suisse sur place \u00e0 l'\u00e9poque. Parmi les autres domaines d'initiatives suisses figurent les r\u00e9formes de diverses organisations internationales telles que l'OMC, afin de renforcer le multilat\u00e9ralisme et l'importance du droit international et du libre-\u00e9change.<\/p>\n<p><em>3) S\u00e9curit\u00e9 et neutralit\u00e9 en mati\u00e8re de politique \u00e9trang\u00e8re<\/em><\/p>\n<p>L'indispensabilit\u00e9 diplomatique exige la cr\u00e9dibilit\u00e9, et la neutralit\u00e9 en mati\u00e8re de s\u00e9curit\u00e9 et de politique \u00e9trang\u00e8re en est une condition pr\u00e9alable. La Suisse doit \u00e9viter de se laisser entra\u00eener dans les conflits des grandes puissances. En cons\u00e9quence, la Suisse ne devrait accepter que les sanctions impos\u00e9es par le Conseil de s\u00e9curit\u00e9 de l'ONU et veiller \u00e0 ce qu'elle ne soit pas utilis\u00e9e abusivement comme lieu de contournement. En g\u00e9n\u00e9ral, les sanctions et les boycotts ont eu peu d'effet au cours des derni\u00e8res d\u00e9cennies, mais ont surtout nui \u00e0 la population locale et parfois m\u00eame aliment\u00e9 les conflits inter\u00e9tatiques. \u00a0<\/p>\n<h3><strong>critiquer la situation des droits de l'homme au bon endroit et l'am\u00e9liorer de mani\u00e8re cibl\u00e9e<\/strong><\/h3>\n<p>Ces trois piliers n'excluent pas la critique par la Suisse de la situation des droits de l'homme \u00e0 l'\u00e9tranger. Cela vaut pour la Chine et d'autres \u00c9tats. Toutefois, ces critiques doivent \u00eatre formul\u00e9es d'une part par le biais des plates-formes pr\u00e9vues \u00e0 cet effet par les organisations de l'ONU et d'autre part par le dialogue bilat\u00e9ral. Les conf\u00e9rences publiques sont \u00e0 \u00e9viter, les discussions en coulisses sont beaucoup plus efficaces. Swissmem appelle donc \u00e0 la reprise rapide du dialogue sur les droits humains entre la Chine et la Suisse.<\/p>\n<p>Swissmem est convaincue que le commerce international et les activit\u00e9s mondiales de nos entreprises avec leurs 550 000 employ\u00e9s \u00e0 l'\u00e9tranger am\u00e9liorent non seulement la prosp\u00e9rit\u00e9 et combattent la pauvret\u00e9, mais apportent \u00e9galement une contribution positive aux droits de l'homme. Avec la strat\u00e9gie pr\u00e9sent\u00e9e, nos entreprises et la Suisse peuvent assumer au mieux leur responsabilit\u00e9 mondiale.<\/p>\n<p><em>Communiqu\u00e9 de presse <a href=\"http:\/\/www.swissmem.ch\">Swissmem<\/a><\/em><\/p>","protected":false},"excerpt":{"rendered":"<p>Die Schweiz hat seit Jahrzehnten ein spezielles Verh\u00e4ltnis zu China und war oft Pionierin. Dazu geh\u00f6ren die diplomatische Anerkennung der Volksrepublik China im Jahr 1950 und das Freihandelsabkommen mit China im Jahr 2014. Den gleichen Pioniergeist zeigte die Schweizer Industrie. Mit ihren Investitionen und der Schaffung von Arbeitspl\u00e4tzen leistete sie einen wichtigen Beitrag dazu, dass [&hellip;]<\/p>\n","protected":false},"author":35,"featured_media":14707,"comment_status":"closed","ping_status":"closed","sticky":false,"template":"","format":"standard","meta":{"_acf_changed":false,"footnotes":""},"categories":[4448],"tags":[5054],"class_list":["post-14706","post","type-post","status-publish","format-standard","has-post-thumbnail","hentry","category-allgemein","tag-markt-china"],"acf":[],"yoast_head":"<!-- This site is optimized with the Yoast SEO plugin v26.2 - https:\/\/yoast.com\/wordpress\/plugins\/seo\/ -->\n<title>Herausforderungen f\u00fcr CH-Unternehmen im China-Markt - MQ Management und Qualit\u00e4t<\/title>\n<meta name=\"description\" content=\"Swissmem hat eine Studie zu den neuen wirtschaftspolitischen Rahmenbedingungen in China samt Handlungsempfehlungen an CH-Firmen in Auftrag gegeben.\" \/>\n<meta name=\"robots\" content=\"index, follow, max-snippet:-1, max-image-preview:large, max-video-preview:-1\" \/>\n<link rel=\"canonical\" href=\"https:\/\/www.m-q.ch\/fr\/defis-pour-les-entreprises-suisses\/\" \/>\n<meta property=\"og:locale\" content=\"fr_FR\" \/>\n<meta property=\"og:type\" content=\"article\" \/>\n<meta property=\"og:title\" content=\"Herausforderungen f\u00fcr CH-Unternehmen im China-Markt - MQ Management und Qualit\u00e4t\" \/>\n<meta property=\"og:description\" content=\"Swissmem hat eine Studie zu den neuen wirtschaftspolitischen Rahmenbedingungen in China samt Handlungsempfehlungen an CH-Firmen in Auftrag gegeben.\" \/>\n<meta property=\"og:url\" content=\"https:\/\/www.m-q.ch\/fr\/defis-pour-les-entreprises-suisses\/\" \/>\n<meta property=\"og:site_name\" content=\"MQ Management und Qualit\u00e4t\" \/>\n<meta property=\"article:publisher\" content=\"https:\/\/www.facebook.com\/ManagementUndQualitaet\" \/>\n<meta property=\"article:published_time\" content=\"2021-07-14T07:01:43+00:00\" \/>\n<meta property=\"article:modified_time\" content=\"2021-07-20T07:42:26+00:00\" \/>\n<meta property=\"og:image\" content=\"https:\/\/www.m-q.ch\/wp-content\/uploads\/2021\/07\/Depositphotos_30770033_s-2019.jpg\" \/>\n\t<meta property=\"og:image:width\" content=\"1000\" \/>\n\t<meta property=\"og:image:height\" content=\"657\" \/>\n\t<meta property=\"og:image:type\" content=\"image\/jpeg\" \/>\n<meta name=\"author\" content=\"Roger Str\u00e4ssle\" \/>\n<meta name=\"twitter:card\" content=\"summary_large_image\" \/>\n<meta name=\"twitter:label1\" content=\"\u00c9crit par\" \/>\n\t<meta name=\"twitter:data1\" content=\"Roger Str\u00e4ssle\" \/>\n\t<meta name=\"twitter:label2\" content=\"Dur\u00e9e de lecture estim\u00e9e\" \/>\n\t<meta name=\"twitter:data2\" content=\"5 minutes\" \/>\n<script type=\"application\/ld+json\" class=\"yoast-schema-graph\">{\"@context\":\"https:\/\/schema.org\",\"@graph\":[{\"@type\":\"Article\",\"@id\":\"https:\/\/www.m-q.ch\/herausforderungen-fuer-ch-unternehmen\/#article\",\"isPartOf\":{\"@id\":\"https:\/\/www.m-q.ch\/herausforderungen-fuer-ch-unternehmen\/\"},\"author\":{\"name\":\"Roger Str\u00e4ssle\",\"@id\":\"https:\/\/www.m-q.ch\/fr\/#\/schema\/person\/47d540e081acd98ccbeb69b55df653d7\"},\"headline\":\"Herausforderungen f\u00fcr CH-Unternehmen im China-Markt\",\"datePublished\":\"2021-07-14T07:01:43+00:00\",\"dateModified\":\"2021-07-20T07:42:26+00:00\",\"mainEntityOfPage\":{\"@id\":\"https:\/\/www.m-q.ch\/herausforderungen-fuer-ch-unternehmen\/\"},\"wordCount\":1035,\"publisher\":{\"@id\":\"https:\/\/www.m-q.ch\/fr\/#organization\"},\"image\":{\"@id\":\"https:\/\/www.m-q.ch\/herausforderungen-fuer-ch-unternehmen\/#primaryimage\"},\"thumbnailUrl\":\"https:\/\/www.m-q.ch\/wp-content\/uploads\/2021\/07\/Depositphotos_30770033_s-2019.jpg\",\"keywords\":[\"Markt China\"],\"articleSection\":[\"Allgemein\"],\"inLanguage\":\"fr-FR\"},{\"@type\":\"WebPage\",\"@id\":\"https:\/\/www.m-q.ch\/herausforderungen-fuer-ch-unternehmen\/\",\"url\":\"https:\/\/www.m-q.ch\/herausforderungen-fuer-ch-unternehmen\/\",\"name\":\"Herausforderungen f\u00fcr CH-Unternehmen im China-Markt - MQ Management und Qualit\u00e4t\",\"isPartOf\":{\"@id\":\"https:\/\/www.m-q.ch\/fr\/#website\"},\"primaryImageOfPage\":{\"@id\":\"https:\/\/www.m-q.ch\/herausforderungen-fuer-ch-unternehmen\/#primaryimage\"},\"image\":{\"@id\":\"https:\/\/www.m-q.ch\/herausforderungen-fuer-ch-unternehmen\/#primaryimage\"},\"thumbnailUrl\":\"https:\/\/www.m-q.ch\/wp-content\/uploads\/2021\/07\/Depositphotos_30770033_s-2019.jpg\",\"datePublished\":\"2021-07-14T07:01:43+00:00\",\"dateModified\":\"2021-07-20T07:42:26+00:00\",\"description\":\"Swissmem hat eine Studie zu den neuen wirtschaftspolitischen Rahmenbedingungen in China samt Handlungsempfehlungen an CH-Firmen in Auftrag gegeben.\",\"breadcrumb\":{\"@id\":\"https:\/\/www.m-q.ch\/herausforderungen-fuer-ch-unternehmen\/#breadcrumb\"},\"inLanguage\":\"fr-FR\",\"potentialAction\":[{\"@type\":\"ReadAction\",\"target\":[\"https:\/\/www.m-q.ch\/herausforderungen-fuer-ch-unternehmen\/\"]}]},{\"@type\":\"ImageObject\",\"inLanguage\":\"fr-FR\",\"@id\":\"https:\/\/www.m-q.ch\/herausforderungen-fuer-ch-unternehmen\/#primaryimage\",\"url\":\"https:\/\/www.m-q.ch\/wp-content\/uploads\/2021\/07\/Depositphotos_30770033_s-2019.jpg\",\"contentUrl\":\"https:\/\/www.m-q.ch\/wp-content\/uploads\/2021\/07\/Depositphotos_30770033_s-2019.jpg\",\"width\":1000,\"height\":657,\"caption\":\"\u00a9 Depositphotos, phillyo77\"},{\"@type\":\"BreadcrumbList\",\"@id\":\"https:\/\/www.m-q.ch\/herausforderungen-fuer-ch-unternehmen\/#breadcrumb\",\"itemListElement\":[{\"@type\":\"ListItem\",\"position\":1,\"name\":\"Allgemein\",\"item\":\"https:\/\/www.m-q.ch\/kategorie\/allgemein\/\"},{\"@type\":\"ListItem\",\"position\":2,\"name\":\"Herausforderungen f\u00fcr CH-Unternehmen im China-Markt\"}]},{\"@type\":\"WebSite\",\"@id\":\"https:\/\/www.m-q.ch\/fr\/#website\",\"url\":\"https:\/\/www.m-q.ch\/fr\/\",\"name\":\"MQ Management und Qualit\u00e4t\",\"description\":\"Plattform f\u00fcr integrierte Managementsysteme.\",\"publisher\":{\"@id\":\"https:\/\/www.m-q.ch\/fr\/#organization\"},\"potentialAction\":[{\"@type\":\"SearchAction\",\"target\":{\"@type\":\"EntryPoint\",\"urlTemplate\":\"https:\/\/www.m-q.ch\/fr\/?s={search_term_string}\"},\"query-input\":{\"@type\":\"PropertyValueSpecification\",\"valueRequired\":true,\"valueName\":\"search_term_string\"}}],\"inLanguage\":\"fr-FR\"},{\"@type\":\"Organization\",\"@id\":\"https:\/\/www.m-q.ch\/fr\/#organization\",\"name\":\"Galledia Fachmedien AG\",\"url\":\"https:\/\/www.m-q.ch\/fr\/\",\"logo\":{\"@type\":\"ImageObject\",\"inLanguage\":\"fr-FR\",\"@id\":\"https:\/\/www.m-q.ch\/fr\/#\/schema\/logo\/image\/\",\"url\":\"https:\/\/www.m-q.ch\/wp-content\/uploads\/2020\/12\/cropped-logo_small.png\",\"contentUrl\":\"https:\/\/www.m-q.ch\/wp-content\/uploads\/2020\/12\/cropped-logo_small.png\",\"width\":512,\"height\":512,\"caption\":\"Galledia Fachmedien AG\"},\"image\":{\"@id\":\"https:\/\/www.m-q.ch\/fr\/#\/schema\/logo\/image\/\"},\"sameAs\":[\"https:\/\/www.facebook.com\/ManagementUndQualitaet\",\"https:\/\/www.linkedin.com\/showcase\/17982321\/admin\/\"]},{\"@type\":\"Person\",\"@id\":\"https:\/\/www.m-q.ch\/fr\/#\/schema\/person\/47d540e081acd98ccbeb69b55df653d7\",\"name\":\"Roger Str\u00e4ssle\",\"image\":{\"@type\":\"ImageObject\",\"inLanguage\":\"fr-FR\",\"@id\":\"https:\/\/www.m-q.ch\/fr\/#\/schema\/person\/image\/\",\"url\":\"https:\/\/secure.gravatar.com\/avatar\/e4dde3046d8a184d2e2d27651a418883?s=96&d=mm&r=g\",\"contentUrl\":\"https:\/\/secure.gravatar.com\/avatar\/e4dde3046d8a184d2e2d27651a418883?s=96&d=mm&r=g\",\"caption\":\"Roger Str\u00e4ssle\"},\"url\":\"https:\/\/www.m-q.ch\/fr\/author\/roger-straessle\/\"}]}<\/script>\n<!-- \/ Yoast SEO plugin. -->","yoast_head_json":{"title":"Les d\u00e9fis des entreprises du CH sur le march\u00e9 chinois - MQ Management et Qualit\u00e9","description":"Swissmem a command\u00e9 une \u00e9tude sur le nouveau cadre de politique \u00e9conomique en Chine, comprenant des recommandations pour les entreprises du CH.","robots":{"index":"index","follow":"follow","max-snippet":"max-snippet:-1","max-image-preview":"max-image-preview:large","max-video-preview":"max-video-preview:-1"},"canonical":"https:\/\/www.m-q.ch\/fr\/defis-pour-les-entreprises-suisses\/","og_locale":"fr_FR","og_type":"article","og_title":"Herausforderungen f\u00fcr CH-Unternehmen im China-Markt - MQ Management und Qualit\u00e4t","og_description":"Swissmem hat eine Studie zu den neuen wirtschaftspolitischen Rahmenbedingungen in China samt Handlungsempfehlungen an CH-Firmen in Auftrag gegeben.","og_url":"https:\/\/www.m-q.ch\/fr\/defis-pour-les-entreprises-suisses\/","og_site_name":"MQ Management und Qualit\u00e4t","article_publisher":"https:\/\/www.facebook.com\/ManagementUndQualitaet","article_published_time":"2021-07-14T07:01:43+00:00","article_modified_time":"2021-07-20T07:42:26+00:00","og_image":[{"width":1000,"height":657,"url":"https:\/\/www.m-q.ch\/wp-content\/uploads\/2021\/07\/Depositphotos_30770033_s-2019.jpg","type":"image\/jpeg"}],"author":"Roger Str\u00e4ssle","twitter_card":"summary_large_image","twitter_misc":{"\u00c9crit par":"Roger Str\u00e4ssle","Dur\u00e9e de lecture estim\u00e9e":"5 minutes"},"schema":{"@context":"https:\/\/schema.org","@graph":[{"@type":"Article","@id":"https:\/\/www.m-q.ch\/herausforderungen-fuer-ch-unternehmen\/#article","isPartOf":{"@id":"https:\/\/www.m-q.ch\/herausforderungen-fuer-ch-unternehmen\/"},"author":{"name":"Roger Str\u00e4ssle","@id":"https:\/\/www.m-q.ch\/fr\/#\/schema\/person\/47d540e081acd98ccbeb69b55df653d7"},"headline":"Herausforderungen f\u00fcr CH-Unternehmen im China-Markt","datePublished":"2021-07-14T07:01:43+00:00","dateModified":"2021-07-20T07:42:26+00:00","mainEntityOfPage":{"@id":"https:\/\/www.m-q.ch\/herausforderungen-fuer-ch-unternehmen\/"},"wordCount":1035,"publisher":{"@id":"https:\/\/www.m-q.ch\/fr\/#organization"},"image":{"@id":"https:\/\/www.m-q.ch\/herausforderungen-fuer-ch-unternehmen\/#primaryimage"},"thumbnailUrl":"https:\/\/www.m-q.ch\/wp-content\/uploads\/2021\/07\/Depositphotos_30770033_s-2019.jpg","keywords":["Markt China"],"articleSection":["Allgemein"],"inLanguage":"fr-FR"},{"@type":"WebPage","@id":"https:\/\/www.m-q.ch\/herausforderungen-fuer-ch-unternehmen\/","url":"https:\/\/www.m-q.ch\/herausforderungen-fuer-ch-unternehmen\/","name":"Les d\u00e9fis des entreprises du CH sur le march\u00e9 chinois - MQ Management et Qualit\u00e9","isPartOf":{"@id":"https:\/\/www.m-q.ch\/fr\/#website"},"primaryImageOfPage":{"@id":"https:\/\/www.m-q.ch\/herausforderungen-fuer-ch-unternehmen\/#primaryimage"},"image":{"@id":"https:\/\/www.m-q.ch\/herausforderungen-fuer-ch-unternehmen\/#primaryimage"},"thumbnailUrl":"https:\/\/www.m-q.ch\/wp-content\/uploads\/2021\/07\/Depositphotos_30770033_s-2019.jpg","datePublished":"2021-07-14T07:01:43+00:00","dateModified":"2021-07-20T07:42:26+00:00","description":"Swissmem a command\u00e9 une \u00e9tude sur le nouveau cadre de politique \u00e9conomique en Chine, comprenant des recommandations pour les entreprises du CH.","breadcrumb":{"@id":"https:\/\/www.m-q.ch\/herausforderungen-fuer-ch-unternehmen\/#breadcrumb"},"inLanguage":"fr-FR","potentialAction":[{"@type":"ReadAction","target":["https:\/\/www.m-q.ch\/herausforderungen-fuer-ch-unternehmen\/"]}]},{"@type":"ImageObject","inLanguage":"fr-FR","@id":"https:\/\/www.m-q.ch\/herausforderungen-fuer-ch-unternehmen\/#primaryimage","url":"https:\/\/www.m-q.ch\/wp-content\/uploads\/2021\/07\/Depositphotos_30770033_s-2019.jpg","contentUrl":"https:\/\/www.m-q.ch\/wp-content\/uploads\/2021\/07\/Depositphotos_30770033_s-2019.jpg","width":1000,"height":657,"caption":"\u00a9 Depositphotos, phillyo77"},{"@type":"BreadcrumbList","@id":"https:\/\/www.m-q.ch\/herausforderungen-fuer-ch-unternehmen\/#breadcrumb","itemListElement":[{"@type":"ListItem","position":1,"name":"Allgemein","item":"https:\/\/www.m-q.ch\/kategorie\/allgemein\/"},{"@type":"ListItem","position":2,"name":"Herausforderungen f\u00fcr CH-Unternehmen im China-Markt"}]},{"@type":"WebSite","@id":"https:\/\/www.m-q.ch\/fr\/#website","url":"https:\/\/www.m-q.ch\/fr\/","name":"Gestion et qualit\u00e9 du QM","description":"Plate-forme pour les syst\u00e8mes de gestion int\u00e9gr\u00e9e.","publisher":{"@id":"https:\/\/www.m-q.ch\/fr\/#organization"},"potentialAction":[{"@type":"SearchAction","target":{"@type":"EntryPoint","urlTemplate":"https:\/\/www.m-q.ch\/fr\/?s={search_term_string}"},"query-input":{"@type":"PropertyValueSpecification","valueRequired":true,"valueName":"search_term_string"}}],"inLanguage":"fr-FR"},{"@type":"Organization","@id":"https:\/\/www.m-q.ch\/fr\/#organization","name":"Galledia Trade Media AG","url":"https:\/\/www.m-q.ch\/fr\/","logo":{"@type":"ImageObject","inLanguage":"fr-FR","@id":"https:\/\/www.m-q.ch\/fr\/#\/schema\/logo\/image\/","url":"https:\/\/www.m-q.ch\/wp-content\/uploads\/2020\/12\/cropped-logo_small.png","contentUrl":"https:\/\/www.m-q.ch\/wp-content\/uploads\/2020\/12\/cropped-logo_small.png","width":512,"height":512,"caption":"Galledia Fachmedien AG"},"image":{"@id":"https:\/\/www.m-q.ch\/fr\/#\/schema\/logo\/image\/"},"sameAs":["https:\/\/www.facebook.com\/ManagementUndQualitaet","https:\/\/www.linkedin.com\/showcase\/17982321\/admin\/"]},{"@type":"Person","@id":"https:\/\/www.m-q.ch\/fr\/#\/schema\/person\/47d540e081acd98ccbeb69b55df653d7","name":"Roger Str\u00e4ssle","image":{"@type":"ImageObject","inLanguage":"fr-FR","@id":"https:\/\/www.m-q.ch\/fr\/#\/schema\/person\/image\/","url":"https:\/\/secure.gravatar.com\/avatar\/e4dde3046d8a184d2e2d27651a418883?s=96&d=mm&r=g","contentUrl":"https:\/\/secure.gravatar.com\/avatar\/e4dde3046d8a184d2e2d27651a418883?s=96&d=mm&r=g","caption":"Roger Str\u00e4ssle"},"url":"https:\/\/www.m-q.ch\/fr\/author\/roger-straessle\/"}]}},"_links":{"self":[{"href":"https:\/\/www.m-q.ch\/fr\/wp-json\/wp\/v2\/posts\/14706","targetHints":{"allow":["GET"]}}],"collection":[{"href":"https:\/\/www.m-q.ch\/fr\/wp-json\/wp\/v2\/posts"}],"about":[{"href":"https:\/\/www.m-q.ch\/fr\/wp-json\/wp\/v2\/types\/post"}],"author":[{"embeddable":true,"href":"https:\/\/www.m-q.ch\/fr\/wp-json\/wp\/v2\/users\/35"}],"replies":[{"embeddable":true,"href":"https:\/\/www.m-q.ch\/fr\/wp-json\/wp\/v2\/comments?post=14706"}],"version-history":[{"count":5,"href":"https:\/\/www.m-q.ch\/fr\/wp-json\/wp\/v2\/posts\/14706\/revisions"}],"predecessor-version":[{"id":14714,"href":"https:\/\/www.m-q.ch\/fr\/wp-json\/wp\/v2\/posts\/14706\/revisions\/14714"}],"wp:featuredmedia":[{"embeddable":true,"href":"https:\/\/www.m-q.ch\/fr\/wp-json\/wp\/v2\/media\/14707"}],"wp:attachment":[{"href":"https:\/\/www.m-q.ch\/fr\/wp-json\/wp\/v2\/media?parent=14706"}],"wp:term":[{"taxonomy":"category","embeddable":true,"href":"https:\/\/www.m-q.ch\/fr\/wp-json\/wp\/v2\/categories?post=14706"},{"taxonomy":"post_tag","embeddable":true,"href":"https:\/\/www.m-q.ch\/fr\/wp-json\/wp\/v2\/tags?post=14706"}],"curies":[{"name":"wp","href":"https:\/\/api.w.org\/{rel}","templated":true}]}}