{"id":14716,"date":"2021-07-16T08:05:14","date_gmt":"2021-07-16T06:05:14","guid":{"rendered":"https:\/\/www.m-q.ch\/?p=14716"},"modified":"2021-07-23T09:45:47","modified_gmt":"2021-07-23T07:45:47","slug":"le-programme-dimpulsion-dinnosuisse-pour-les-pme-rencontre-un-echo-favorable","status":"publish","type":"post","link":"https:\/\/www.m-q.ch\/fr\/innosuisse-impulsprogramm-fuer-kmu-stoesst-auf-gutes-echo\/","title":{"rendered":"Innosuisse : Le programme d'impulsion pour les PME rencontre un grand succ\u00e8s"},"content":{"rendered":"<figure id=\"attachment_14717\" aria-describedby=\"caption-attachment-14717\" style=\"width: 1000px\" class=\"wp-caption aligncenter\"><img loading=\"lazy\" decoding=\"async\" class=\"size-full wp-image-14717\" src=\"https:\/\/www.m-q.ch\/wp-content\/uploads\/2021\/07\/Depositphotos_10825515_s-2019.jpg\" alt=\"Innosuisse, innovation, programme de financement\" width=\"1000\" height=\"667\" srcset=\"https:\/\/www.m-q.ch\/wp-content\/uploads\/2021\/07\/Depositphotos_10825515_s-2019.jpg 1000w, https:\/\/www.m-q.ch\/wp-content\/uploads\/2021\/07\/Depositphotos_10825515_s-2019-768x512.jpg 768w, https:\/\/www.m-q.ch\/wp-content\/uploads\/2021\/07\/Depositphotos_10825515_s-2019-16x12.jpg 16w, https:\/\/www.m-q.ch\/wp-content\/uploads\/2021\/07\/Depositphotos_10825515_s-2019-262x175.jpg 262w, https:\/\/www.m-q.ch\/wp-content\/uploads\/2021\/07\/Depositphotos_10825515_s-2019-525x350.jpg 525w, https:\/\/www.m-q.ch\/wp-content\/uploads\/2021\/07\/Depositphotos_10825515_s-2019-920x614.jpg 920w, https:\/\/www.m-q.ch\/wp-content\/uploads\/2021\/07\/Depositphotos_10825515_s-2019-300x200.jpg 300w\" sizes=\"auto, (max-width: 1000px) 100vw, 1000px\" \/><figcaption id=\"caption-attachment-14717\" class=\"wp-caption-text\">Innosuisse se r\u00e9jouit de la volont\u00e9 des PME d'innover. \u00a9 Depositphotos, Wavebreakmedia<\/figcaption><\/figure>\n<p>Innosuisse a relanc\u00e9 deux initiatives de financement au d\u00e9but de l'ann\u00e9e 2021. Annalise Eggimann, directrice d'Innosuisse, se r\u00e9jouit de ce d\u00e9part : \"L'ann\u00e9e \u00e9coul\u00e9e nous a d\u00e9j\u00e0 montr\u00e9 que les entreprises suisses vont de l'avant avec leurs innovations, surtout en temps de crise. Je suis heureux que cette volont\u00e9 d'innover se poursuive cette ann\u00e9e\". C'est \u00e9galement urgent, affirme M. Eggimann, car la crise li\u00e9e \u00e0 la pand\u00e9mie de Covid 19 a massivement acc\u00e9l\u00e9r\u00e9 le besoin de changements structurels et surtout de num\u00e9risation de l'\u00e9conomie.<\/p>\n<h2><strong>Solde interm\u00e9diaire positif<\/strong><\/h2>\n<p>Apr\u00e8s seulement six mois, il est d\u00e9j\u00e0 clair que le programme d'impulsion r\u00e9pond \u00e0 un grand besoin des entreprises suisses. En p\u00e9riode de pand\u00e9mie de Covid 19, la Conf\u00e9d\u00e9ration veut utiliser le programme pour stimuler les projets d'innovation \u00e0 base scientifique des PME avec un maximum de 500 postes \u00e0 temps plein. Au cours du premier semestre 2021, le Conseil de l'innovation d'Innosuisse a approuv\u00e9 72 projets d'innovation d'impulsion pour un montant total de 33,1 millions de francs. La premi\u00e8re mesure sp\u00e9ciale, qui pr\u00e9voit une r\u00e9duction de la contribution propre des PME en tant que partenaires de mise en \u0153uvre de 50% \u00e0 30% ainsi que la possibilit\u00e9 de renoncer \u00e0 la contribution en esp\u00e8ces, a \u00e9t\u00e9 particuli\u00e8rement demand\u00e9e jusqu'\u00e0 pr\u00e9sent, selon l'Agence suisse pour la promotion de l'innovation. L'\u00e9ventail des projets financ\u00e9s est vari\u00e9 : Innosuisse soutient par exemple le d\u00e9veloppement d'un \"Sharing Potential Accelerator\" dans le domaine des sciences sociales et de la gestion d'entreprise, qui identifie \u00e0 l'aide d'analyses des objets individuels temporairement inutilis\u00e9s et tente ensuite de les louer. Le projet \"VocalHUM\", dans le secteur des TIC, d\u00e9veloppe un syst\u00e8me intelligent qui am\u00e9liore la communication entre les soignants et les patients alit\u00e9s en augmentant l'intelligibilit\u00e9 de leur discours en temps r\u00e9el.<\/p>\n<h2><strong>226 millions de francs suisses r\u00e9serv\u00e9s au programme d'impulsion<\/strong><\/h2>\n<p>Selon les informations, les entreprises ont jusqu'\u00e0 pr\u00e9sent montr\u00e9 une moindre demande pour la deuxi\u00e8me mesure. Avec cette mesure, Innosuisse veut soutenir les projets d'innovation des PME qui portent sur les changements structurels li\u00e9s \u00e0 la pand\u00e9mie ou qui pr\u00e9sentent un potentiel d'innovations perturbatrices ou radicales. En outre, ces projets d'innovation doivent n\u00e9cessiter les connaissances sp\u00e9cifiques d'un fournisseur tiers sp\u00e9cialis\u00e9, selon la d\u00e9claration.<\/p>\n<p>Dans le domaine des sciences de la vie, par exemple, Innosuisse a approuv\u00e9 un projet qui vise \u00e0 maximiser le potentiel des vaccins \u00e0 base d'ARNm-covid-19 en d\u00e9veloppant un nouveau syst\u00e8me d'administration du vaccin afin d'en am\u00e9liorer l'efficacit\u00e9, la stabilit\u00e9 et la rentabilit\u00e9. La soumission de projets d'innovation dans le cadre du programme Impulse est encore possible jusqu'\u00e0 la fin de 2022. Un montant total de 226 millions a \u00e9t\u00e9 r\u00e9serv\u00e9 pour un financement dans le cadre du programme Impulse.<\/p>\n<h2><strong>78 pr\u00e9-propositions soumises pour des projets phares<\/strong><\/h2>\n<p>L'initiative phare suscite \u00e9galement un grand int\u00e9r\u00eat, comme le souligne Innosuisse. Ce programme a \u00e9t\u00e9 lanc\u00e9 en janvier 2021 pour donner une impulsion aux innovations syst\u00e9miques face aux d\u00e9fis \u00e9conomiques et sociaux actuels de la Suisse. Dans le cadre du premier appel \u00e0 propositions, 43 pr\u00e9-propositions ont \u00e9t\u00e9 soumises pour la premi\u00e8re priorit\u00e9 th\u00e9matique \"G\u00e9rer l'acc\u00e9l\u00e9ration de la transformation num\u00e9rique induite par Covid-19\" et 35 pour la deuxi\u00e8me priorit\u00e9 th\u00e9matique \"Am\u00e9liorer la r\u00e9silience et la durabilit\u00e9 et r\u00e9duire la vuln\u00e9rabilit\u00e9 de la soci\u00e9t\u00e9, des infrastructures et des processus\". Apr\u00e8s une premi\u00e8re \u00e9valuation, le Conseil de l'innovation a recommand\u00e9 \u00e0 33 consortiums de soumettre une proposition compl\u00e8te avant le 13 ao\u00fbt 2021. La d\u00e9cision finale sera prise au d\u00e9but du mois d'octobre. Apr\u00e8s cela, les premiers flagships pourraient commencer.<\/p>\n<h2><strong>L'activit\u00e9 promotionnelle r\u00e9guli\u00e8re est en bonne voie<\/strong><\/h2>\n<p>Les affaires de financement r\u00e9gulier se poursuivent \u00e9galement \u00e0 un tr\u00e8s bon niveau au premier semestre 2021, selon Innosuisse. Les chiffres actuels sur les projets d'innovation nationaux et internationaux, le programme d'accompagnement des start-ups et l'offre de mentorat sont disponibles dans la fiche de chiffres.<\/p>\n<p><a href=\"http:\/\/www.newsd.admin.ch\/newsd\/message\/attachments\/67593.pdf\"><em>Vous trouverez ici les chiffres du financement d'Innosuisse pour le premier semestre 2021.<\/em><\/a><\/p>\n<p>&nbsp;<\/p>\n<blockquote>\n<h3>M\u00e9dicaments Covid 19 : appel d'offres ouvert<\/h3>\n<p>Le 19 juillet 2021, l'Office f\u00e9d\u00e9ral de la sant\u00e9 publique, en collaboration avec Innosuisse, a lanc\u00e9 l'appel \u00e0 propositions pour le programme f\u00e9d\u00e9ral d'encouragement de la recherche, du d\u00e9veloppement et de la production de m\u00e9dicaments Covid 19 (cf. <a href=\"http:\/\/www.innosuisse.ch\/inno\/de\/home\/foerderinitiativen\/foerdprogrammcovid-19-arzneimittel.html\">ici<\/a>). Le programme est financ\u00e9 \u00e0 hauteur de 50 millions de francs suisses et est limit\u00e9 jusqu'\u00e0 la fin de 2022. Les entreprises, universit\u00e9s et h\u00f4pitaux \u00e9ligibles peuvent soumettre leurs projets sur le site web d'Innosuisse jusqu'au 16 ao\u00fbt 2021.<\/p>\n<\/blockquote>","protected":false},"excerpt":{"rendered":"<p>Anfang 2021 hat Innosuisse zwei F\u00f6rderinitiativen neu lanciert. Annalise Eggimann, Direktorin von Innosuisse, ist zufrieden mit dem Start: \u00abDass Schweizer Unternehmen gerade auch in Krisenzeiten ihre Innovationen vorantreiben, hat uns bereits das vergangene Jahr gezeigt. Es freut mich, dass sich dieser Innovationswille auch in diesem Jahr fortsetzt\u00bb. Dies sei auch dringend n\u00f6tig, bekr\u00e4ftigt Eggimann, denn [&hellip;]<\/p>\n","protected":false},"author":35,"featured_media":14717,"comment_status":"closed","ping_status":"closed","sticky":false,"template":"","format":"standard","meta":{"_acf_changed":false,"footnotes":""},"categories":[4448],"tags":[5056,4972,5055,3399],"class_list":["post-14716","post","type-post","status-publish","format-standard","has-post-thumbnail","hentry","category-allgemein","tag-innovationskraft-schweiz","tag-foerderprogramm","tag-innosuisse","tag-innovation"],"acf":[],"yoast_head":"<!-- This site is optimized with the Yoast SEO plugin v26.2 - https:\/\/yoast.com\/wordpress\/plugins\/seo\/ -->\n<title>Innosuisse: KMU-Impulsprogramm st\u00f6sst auf grosses Echo - MQ Management und Qualit\u00e4t<\/title>\n<meta name=\"description\" content=\"Unternehmen haben Innosuisse bereits 224 Innovationsprojekte eingereicht. Das Programm l\u00e4uft noch bis Ende 2022, 226 Mio. Fr. stehen bereit.\" \/>\n<meta name=\"robots\" content=\"index, follow, max-snippet:-1, max-image-preview:large, max-video-preview:-1\" \/>\n<link rel=\"canonical\" href=\"https:\/\/www.m-q.ch\/fr\/le-programme-dimpulsion-dinnosuisse-pour-les-pme-rencontre-un-echo-favorable\/\" \/>\n<meta property=\"og:locale\" content=\"fr_FR\" \/>\n<meta property=\"og:type\" content=\"article\" \/>\n<meta property=\"og:title\" content=\"Innosuisse: KMU-Impulsprogramm st\u00f6sst auf grosses Echo - MQ Management und Qualit\u00e4t\" \/>\n<meta property=\"og:description\" content=\"Unternehmen haben Innosuisse bereits 224 Innovationsprojekte eingereicht. Das Programm l\u00e4uft noch bis Ende 2022, 226 Mio. Fr. stehen bereit.\" \/>\n<meta property=\"og:url\" content=\"https:\/\/www.m-q.ch\/fr\/le-programme-dimpulsion-dinnosuisse-pour-les-pme-rencontre-un-echo-favorable\/\" \/>\n<meta property=\"og:site_name\" content=\"MQ Management und Qualit\u00e4t\" \/>\n<meta property=\"article:publisher\" content=\"https:\/\/www.facebook.com\/ManagementUndQualitaet\" \/>\n<meta property=\"article:published_time\" content=\"2021-07-16T06:05:14+00:00\" \/>\n<meta property=\"article:modified_time\" content=\"2021-07-23T07:45:47+00:00\" \/>\n<meta property=\"og:image\" content=\"https:\/\/www.m-q.ch\/wp-content\/uploads\/2021\/07\/Depositphotos_10825515_s-2019.jpg\" \/>\n\t<meta property=\"og:image:width\" content=\"1000\" \/>\n\t<meta property=\"og:image:height\" content=\"667\" \/>\n\t<meta property=\"og:image:type\" content=\"image\/jpeg\" \/>\n<meta name=\"author\" content=\"Roger Str\u00e4ssle\" \/>\n<meta name=\"twitter:card\" content=\"summary_large_image\" \/>\n<meta name=\"twitter:label1\" content=\"\u00c9crit par\" \/>\n\t<meta name=\"twitter:data1\" content=\"Roger Str\u00e4ssle\" \/>\n\t<meta name=\"twitter:label2\" content=\"Dur\u00e9e de lecture estim\u00e9e\" \/>\n\t<meta name=\"twitter:data2\" content=\"3 minutes\" \/>\n<script type=\"application\/ld+json\" class=\"yoast-schema-graph\">{\"@context\":\"https:\/\/schema.org\",\"@graph\":[{\"@type\":\"Article\",\"@id\":\"https:\/\/www.m-q.ch\/innosuisse-impulsprogramm-fuer-kmu-stoesst-auf-gutes-echo\/#article\",\"isPartOf\":{\"@id\":\"https:\/\/www.m-q.ch\/innosuisse-impulsprogramm-fuer-kmu-stoesst-auf-gutes-echo\/\"},\"author\":{\"name\":\"Roger Str\u00e4ssle\",\"@id\":\"https:\/\/www.m-q.ch\/fr\/#\/schema\/person\/47d540e081acd98ccbeb69b55df653d7\"},\"headline\":\"Innosuisse: KMU-Impulsprogramm st\u00f6sst auf grosses Echo\",\"datePublished\":\"2021-07-16T06:05:14+00:00\",\"dateModified\":\"2021-07-23T07:45:47+00:00\",\"mainEntityOfPage\":{\"@id\":\"https:\/\/www.m-q.ch\/innosuisse-impulsprogramm-fuer-kmu-stoesst-auf-gutes-echo\/\"},\"wordCount\":638,\"publisher\":{\"@id\":\"https:\/\/www.m-q.ch\/fr\/#organization\"},\"image\":{\"@id\":\"https:\/\/www.m-q.ch\/innosuisse-impulsprogramm-fuer-kmu-stoesst-auf-gutes-echo\/#primaryimage\"},\"thumbnailUrl\":\"https:\/\/www.m-q.ch\/wp-content\/uploads\/2021\/07\/Depositphotos_10825515_s-2019.jpg\",\"keywords\":[\"\u00abInnovationskraft Schweiz\u00bb\",\"F\u00f6rderprogramm\",\"Innosuisse\",\"Innovation\"],\"articleSection\":[\"Allgemein\"],\"inLanguage\":\"fr-FR\"},{\"@type\":\"WebPage\",\"@id\":\"https:\/\/www.m-q.ch\/innosuisse-impulsprogramm-fuer-kmu-stoesst-auf-gutes-echo\/\",\"url\":\"https:\/\/www.m-q.ch\/innosuisse-impulsprogramm-fuer-kmu-stoesst-auf-gutes-echo\/\",\"name\":\"Innosuisse: KMU-Impulsprogramm st\u00f6sst auf grosses Echo - MQ Management und Qualit\u00e4t\",\"isPartOf\":{\"@id\":\"https:\/\/www.m-q.ch\/fr\/#website\"},\"primaryImageOfPage\":{\"@id\":\"https:\/\/www.m-q.ch\/innosuisse-impulsprogramm-fuer-kmu-stoesst-auf-gutes-echo\/#primaryimage\"},\"image\":{\"@id\":\"https:\/\/www.m-q.ch\/innosuisse-impulsprogramm-fuer-kmu-stoesst-auf-gutes-echo\/#primaryimage\"},\"thumbnailUrl\":\"https:\/\/www.m-q.ch\/wp-content\/uploads\/2021\/07\/Depositphotos_10825515_s-2019.jpg\",\"datePublished\":\"2021-07-16T06:05:14+00:00\",\"dateModified\":\"2021-07-23T07:45:47+00:00\",\"description\":\"Unternehmen haben Innosuisse bereits 224 Innovationsprojekte eingereicht. Das Programm l\u00e4uft noch bis Ende 2022, 226 Mio. Fr. stehen bereit.\",\"breadcrumb\":{\"@id\":\"https:\/\/www.m-q.ch\/innosuisse-impulsprogramm-fuer-kmu-stoesst-auf-gutes-echo\/#breadcrumb\"},\"inLanguage\":\"fr-FR\",\"potentialAction\":[{\"@type\":\"ReadAction\",\"target\":[\"https:\/\/www.m-q.ch\/innosuisse-impulsprogramm-fuer-kmu-stoesst-auf-gutes-echo\/\"]}]},{\"@type\":\"ImageObject\",\"inLanguage\":\"fr-FR\",\"@id\":\"https:\/\/www.m-q.ch\/innosuisse-impulsprogramm-fuer-kmu-stoesst-auf-gutes-echo\/#primaryimage\",\"url\":\"https:\/\/www.m-q.ch\/wp-content\/uploads\/2021\/07\/Depositphotos_10825515_s-2019.jpg\",\"contentUrl\":\"https:\/\/www.m-q.ch\/wp-content\/uploads\/2021\/07\/Depositphotos_10825515_s-2019.jpg\",\"width\":1000,\"height\":667,\"caption\":\"\u00a9 Depositphotos, Wavebreakmedia\"},{\"@type\":\"BreadcrumbList\",\"@id\":\"https:\/\/www.m-q.ch\/innosuisse-impulsprogramm-fuer-kmu-stoesst-auf-gutes-echo\/#breadcrumb\",\"itemListElement\":[{\"@type\":\"ListItem\",\"position\":1,\"name\":\"Allgemein\",\"item\":\"https:\/\/www.m-q.ch\/kategorie\/allgemein\/\"},{\"@type\":\"ListItem\",\"position\":2,\"name\":\"Innosuisse: KMU-Impulsprogramm st\u00f6sst auf grosses Echo\"}]},{\"@type\":\"WebSite\",\"@id\":\"https:\/\/www.m-q.ch\/fr\/#website\",\"url\":\"https:\/\/www.m-q.ch\/fr\/\",\"name\":\"MQ Management und Qualit\u00e4t\",\"description\":\"Plattform f\u00fcr integrierte Managementsysteme.\",\"publisher\":{\"@id\":\"https:\/\/www.m-q.ch\/fr\/#organization\"},\"potentialAction\":[{\"@type\":\"SearchAction\",\"target\":{\"@type\":\"EntryPoint\",\"urlTemplate\":\"https:\/\/www.m-q.ch\/fr\/?s={search_term_string}\"},\"query-input\":{\"@type\":\"PropertyValueSpecification\",\"valueRequired\":true,\"valueName\":\"search_term_string\"}}],\"inLanguage\":\"fr-FR\"},{\"@type\":\"Organization\",\"@id\":\"https:\/\/www.m-q.ch\/fr\/#organization\",\"name\":\"Galledia Fachmedien AG\",\"url\":\"https:\/\/www.m-q.ch\/fr\/\",\"logo\":{\"@type\":\"ImageObject\",\"inLanguage\":\"fr-FR\",\"@id\":\"https:\/\/www.m-q.ch\/fr\/#\/schema\/logo\/image\/\",\"url\":\"https:\/\/www.m-q.ch\/wp-content\/uploads\/2020\/12\/cropped-logo_small.png\",\"contentUrl\":\"https:\/\/www.m-q.ch\/wp-content\/uploads\/2020\/12\/cropped-logo_small.png\",\"width\":512,\"height\":512,\"caption\":\"Galledia Fachmedien AG\"},\"image\":{\"@id\":\"https:\/\/www.m-q.ch\/fr\/#\/schema\/logo\/image\/\"},\"sameAs\":[\"https:\/\/www.facebook.com\/ManagementUndQualitaet\",\"https:\/\/www.linkedin.com\/showcase\/17982321\/admin\/\"]},{\"@type\":\"Person\",\"@id\":\"https:\/\/www.m-q.ch\/fr\/#\/schema\/person\/47d540e081acd98ccbeb69b55df653d7\",\"name\":\"Roger Str\u00e4ssle\",\"image\":{\"@type\":\"ImageObject\",\"inLanguage\":\"fr-FR\",\"@id\":\"https:\/\/www.m-q.ch\/fr\/#\/schema\/person\/image\/\",\"url\":\"https:\/\/secure.gravatar.com\/avatar\/e4dde3046d8a184d2e2d27651a418883?s=96&d=mm&r=g\",\"contentUrl\":\"https:\/\/secure.gravatar.com\/avatar\/e4dde3046d8a184d2e2d27651a418883?s=96&d=mm&r=g\",\"caption\":\"Roger Str\u00e4ssle\"},\"url\":\"https:\/\/www.m-q.ch\/fr\/author\/roger-straessle\/\"}]}<\/script>\n<!-- \/ Yoast SEO plugin. -->","yoast_head_json":{"title":"Innosuisse : Le programme d'impulsion pour les PME rencontre un grand succ\u00e8s - MQ Management und Qualit\u00e4t","description":"entreprises ont d\u00e9j\u00e0 soumis 224 projets d'innovation \u00e0 Innosuisse. Le programme court jusqu'\u00e0 la fin de 2022, avec 226 millions de francs suisses disponibles.","robots":{"index":"index","follow":"follow","max-snippet":"max-snippet:-1","max-image-preview":"max-image-preview:large","max-video-preview":"max-video-preview:-1"},"canonical":"https:\/\/www.m-q.ch\/fr\/le-programme-dimpulsion-dinnosuisse-pour-les-pme-rencontre-un-echo-favorable\/","og_locale":"fr_FR","og_type":"article","og_title":"Innosuisse: KMU-Impulsprogramm st\u00f6sst auf grosses Echo - MQ Management und Qualit\u00e4t","og_description":"Unternehmen haben Innosuisse bereits 224 Innovationsprojekte eingereicht. Das Programm l\u00e4uft noch bis Ende 2022, 226 Mio. Fr. stehen bereit.","og_url":"https:\/\/www.m-q.ch\/fr\/le-programme-dimpulsion-dinnosuisse-pour-les-pme-rencontre-un-echo-favorable\/","og_site_name":"MQ Management und Qualit\u00e4t","article_publisher":"https:\/\/www.facebook.com\/ManagementUndQualitaet","article_published_time":"2021-07-16T06:05:14+00:00","article_modified_time":"2021-07-23T07:45:47+00:00","og_image":[{"width":1000,"height":667,"url":"https:\/\/www.m-q.ch\/wp-content\/uploads\/2021\/07\/Depositphotos_10825515_s-2019.jpg","type":"image\/jpeg"}],"author":"Roger Str\u00e4ssle","twitter_card":"summary_large_image","twitter_misc":{"\u00c9crit par":"Roger Str\u00e4ssle","Dur\u00e9e de lecture estim\u00e9e":"3 minutes"},"schema":{"@context":"https:\/\/schema.org","@graph":[{"@type":"Article","@id":"https:\/\/www.m-q.ch\/innosuisse-impulsprogramm-fuer-kmu-stoesst-auf-gutes-echo\/#article","isPartOf":{"@id":"https:\/\/www.m-q.ch\/innosuisse-impulsprogramm-fuer-kmu-stoesst-auf-gutes-echo\/"},"author":{"name":"Roger Str\u00e4ssle","@id":"https:\/\/www.m-q.ch\/fr\/#\/schema\/person\/47d540e081acd98ccbeb69b55df653d7"},"headline":"Innosuisse: KMU-Impulsprogramm st\u00f6sst auf grosses Echo","datePublished":"2021-07-16T06:05:14+00:00","dateModified":"2021-07-23T07:45:47+00:00","mainEntityOfPage":{"@id":"https:\/\/www.m-q.ch\/innosuisse-impulsprogramm-fuer-kmu-stoesst-auf-gutes-echo\/"},"wordCount":638,"publisher":{"@id":"https:\/\/www.m-q.ch\/fr\/#organization"},"image":{"@id":"https:\/\/www.m-q.ch\/innosuisse-impulsprogramm-fuer-kmu-stoesst-auf-gutes-echo\/#primaryimage"},"thumbnailUrl":"https:\/\/www.m-q.ch\/wp-content\/uploads\/2021\/07\/Depositphotos_10825515_s-2019.jpg","keywords":["\u00abInnovationskraft Schweiz\u00bb","F\u00f6rderprogramm","Innosuisse","Innovation"],"articleSection":["Allgemein"],"inLanguage":"fr-FR"},{"@type":"WebPage","@id":"https:\/\/www.m-q.ch\/innosuisse-impulsprogramm-fuer-kmu-stoesst-auf-gutes-echo\/","url":"https:\/\/www.m-q.ch\/innosuisse-impulsprogramm-fuer-kmu-stoesst-auf-gutes-echo\/","name":"Innosuisse : Le programme d'impulsion pour les PME rencontre un grand succ\u00e8s - MQ Management und Qualit\u00e4t","isPartOf":{"@id":"https:\/\/www.m-q.ch\/fr\/#website"},"primaryImageOfPage":{"@id":"https:\/\/www.m-q.ch\/innosuisse-impulsprogramm-fuer-kmu-stoesst-auf-gutes-echo\/#primaryimage"},"image":{"@id":"https:\/\/www.m-q.ch\/innosuisse-impulsprogramm-fuer-kmu-stoesst-auf-gutes-echo\/#primaryimage"},"thumbnailUrl":"https:\/\/www.m-q.ch\/wp-content\/uploads\/2021\/07\/Depositphotos_10825515_s-2019.jpg","datePublished":"2021-07-16T06:05:14+00:00","dateModified":"2021-07-23T07:45:47+00:00","description":"entreprises ont d\u00e9j\u00e0 soumis 224 projets d'innovation \u00e0 Innosuisse. Le programme court jusqu'\u00e0 la fin de 2022, avec 226 millions de francs suisses disponibles.","breadcrumb":{"@id":"https:\/\/www.m-q.ch\/innosuisse-impulsprogramm-fuer-kmu-stoesst-auf-gutes-echo\/#breadcrumb"},"inLanguage":"fr-FR","potentialAction":[{"@type":"ReadAction","target":["https:\/\/www.m-q.ch\/innosuisse-impulsprogramm-fuer-kmu-stoesst-auf-gutes-echo\/"]}]},{"@type":"ImageObject","inLanguage":"fr-FR","@id":"https:\/\/www.m-q.ch\/innosuisse-impulsprogramm-fuer-kmu-stoesst-auf-gutes-echo\/#primaryimage","url":"https:\/\/www.m-q.ch\/wp-content\/uploads\/2021\/07\/Depositphotos_10825515_s-2019.jpg","contentUrl":"https:\/\/www.m-q.ch\/wp-content\/uploads\/2021\/07\/Depositphotos_10825515_s-2019.jpg","width":1000,"height":667,"caption":"\u00a9 Depositphotos, Wavebreakmedia"},{"@type":"BreadcrumbList","@id":"https:\/\/www.m-q.ch\/innosuisse-impulsprogramm-fuer-kmu-stoesst-auf-gutes-echo\/#breadcrumb","itemListElement":[{"@type":"ListItem","position":1,"name":"Allgemein","item":"https:\/\/www.m-q.ch\/kategorie\/allgemein\/"},{"@type":"ListItem","position":2,"name":"Innosuisse: KMU-Impulsprogramm st\u00f6sst auf grosses Echo"}]},{"@type":"WebSite","@id":"https:\/\/www.m-q.ch\/fr\/#website","url":"https:\/\/www.m-q.ch\/fr\/","name":"Gestion et qualit\u00e9 du QM","description":"Plate-forme pour les syst\u00e8mes de gestion int\u00e9gr\u00e9e.","publisher":{"@id":"https:\/\/www.m-q.ch\/fr\/#organization"},"potentialAction":[{"@type":"SearchAction","target":{"@type":"EntryPoint","urlTemplate":"https:\/\/www.m-q.ch\/fr\/?s={search_term_string}"},"query-input":{"@type":"PropertyValueSpecification","valueRequired":true,"valueName":"search_term_string"}}],"inLanguage":"fr-FR"},{"@type":"Organization","@id":"https:\/\/www.m-q.ch\/fr\/#organization","name":"Galledia Trade Media AG","url":"https:\/\/www.m-q.ch\/fr\/","logo":{"@type":"ImageObject","inLanguage":"fr-FR","@id":"https:\/\/www.m-q.ch\/fr\/#\/schema\/logo\/image\/","url":"https:\/\/www.m-q.ch\/wp-content\/uploads\/2020\/12\/cropped-logo_small.png","contentUrl":"https:\/\/www.m-q.ch\/wp-content\/uploads\/2020\/12\/cropped-logo_small.png","width":512,"height":512,"caption":"Galledia Fachmedien AG"},"image":{"@id":"https:\/\/www.m-q.ch\/fr\/#\/schema\/logo\/image\/"},"sameAs":["https:\/\/www.facebook.com\/ManagementUndQualitaet","https:\/\/www.linkedin.com\/showcase\/17982321\/admin\/"]},{"@type":"Person","@id":"https:\/\/www.m-q.ch\/fr\/#\/schema\/person\/47d540e081acd98ccbeb69b55df653d7","name":"Roger Str\u00e4ssle","image":{"@type":"ImageObject","inLanguage":"fr-FR","@id":"https:\/\/www.m-q.ch\/fr\/#\/schema\/person\/image\/","url":"https:\/\/secure.gravatar.com\/avatar\/e4dde3046d8a184d2e2d27651a418883?s=96&d=mm&r=g","contentUrl":"https:\/\/secure.gravatar.com\/avatar\/e4dde3046d8a184d2e2d27651a418883?s=96&d=mm&r=g","caption":"Roger Str\u00e4ssle"},"url":"https:\/\/www.m-q.ch\/fr\/author\/roger-straessle\/"}]}},"_links":{"self":[{"href":"https:\/\/www.m-q.ch\/fr\/wp-json\/wp\/v2\/posts\/14716","targetHints":{"allow":["GET"]}}],"collection":[{"href":"https:\/\/www.m-q.ch\/fr\/wp-json\/wp\/v2\/posts"}],"about":[{"href":"https:\/\/www.m-q.ch\/fr\/wp-json\/wp\/v2\/types\/post"}],"author":[{"embeddable":true,"href":"https:\/\/www.m-q.ch\/fr\/wp-json\/wp\/v2\/users\/35"}],"replies":[{"embeddable":true,"href":"https:\/\/www.m-q.ch\/fr\/wp-json\/wp\/v2\/comments?post=14716"}],"version-history":[{"count":6,"href":"https:\/\/www.m-q.ch\/fr\/wp-json\/wp\/v2\/posts\/14716\/revisions"}],"predecessor-version":[{"id":14732,"href":"https:\/\/www.m-q.ch\/fr\/wp-json\/wp\/v2\/posts\/14716\/revisions\/14732"}],"wp:featuredmedia":[{"embeddable":true,"href":"https:\/\/www.m-q.ch\/fr\/wp-json\/wp\/v2\/media\/14717"}],"wp:attachment":[{"href":"https:\/\/www.m-q.ch\/fr\/wp-json\/wp\/v2\/media?parent=14716"}],"wp:term":[{"taxonomy":"category","embeddable":true,"href":"https:\/\/www.m-q.ch\/fr\/wp-json\/wp\/v2\/categories?post=14716"},{"taxonomy":"post_tag","embeddable":true,"href":"https:\/\/www.m-q.ch\/fr\/wp-json\/wp\/v2\/tags?post=14716"}],"curies":[{"name":"wp","href":"https:\/\/api.w.org\/{rel}","templated":true}]}}