{"id":14744,"date":"2021-07-20T09:42:03","date_gmt":"2021-07-20T07:42:03","guid":{"rendered":"https:\/\/www.m-q.ch\/?p=14744"},"modified":"2021-07-26T14:46:22","modified_gmt":"2021-07-26T12:46:22","slug":"meilleure-integration-du-design-industriel-dans-la-creation-de-produits","status":"publish","type":"post","link":"https:\/\/www.m-q.ch\/fr\/bessere-einbindung-des-industriedesigns-in-die-produktentstehung\/","title":{"rendered":"Une meilleure int\u00e9gration du design industriel dans la cr\u00e9ation de produits"},"content":{"rendered":"<figure id=\"attachment_14745\" aria-describedby=\"caption-attachment-14745\" style=\"width: 468px\" class=\"wp-caption alignnone\"><img loading=\"lazy\" decoding=\"async\" class=\"wp-image-14745 size-full\" src=\"https:\/\/www.m-q.ch\/wp-content\/uploads\/2021\/07\/VDI-2424_bearbeitet-1.jpg\" alt=\"Design industriel, VDI 2424, directive VDI\" width=\"468\" height=\"330\" srcset=\"https:\/\/www.m-q.ch\/wp-content\/uploads\/2021\/07\/VDI-2424_bearbeitet-1.jpg 468w, https:\/\/www.m-q.ch\/wp-content\/uploads\/2021\/07\/VDI-2424_bearbeitet-1-16x12.jpg 16w, https:\/\/www.m-q.ch\/wp-content\/uploads\/2021\/07\/VDI-2424_bearbeitet-1-248x175.jpg 248w, https:\/\/www.m-q.ch\/wp-content\/uploads\/2021\/07\/VDI-2424_bearbeitet-1-300x212.jpg 300w\" sizes=\"auto, (max-width: 468px) 100vw, 468px\" \/><figcaption id=\"caption-attachment-14745\" class=\"wp-caption-text\">Photo : Thomas Ernsting<\/figcaption><\/figure>\n<p>Le design industriel est un \u00e9l\u00e9ment important du processus de d\u00e9veloppement des produits : le design et l'ing\u00e9nierie sont id\u00e9alement \u00e9troitement li\u00e9s et conduisent \u00e0 une optimisation mutuelle, comme l'\u00e9crit le VDI, l'association des ing\u00e9nieurs allemands. Un design industriel r\u00e9ussi am\u00e9liore le produit, sa facilit\u00e9 d'utilisation et son effet positif sur le groupe d'utilisateurs.<\/p>\n<p>Avec sa nouvelle directive\u00a0<a href=\"http:\/\/www.vdi.de\/2424\">VDI\/VDID 2424<\/a> le VDI veut contribuer \u00e0 une structuration des processus et \u00e0 une professionnalisation et une meilleure int\u00e9gration du design industriel. Il pr\u00e9sente les m\u00e9thodes et les outils utilis\u00e9s en design industriel et les affecte aux phases du processus de gestion du design.<\/p>\n<p>Cette directive a \u00e9t\u00e9 \u00e9labor\u00e9e conjointement par le VDI et l'Association des designers industriels allemands (VDID) et s'adresse \u00e0 toutes les personnes impliqu\u00e9es dans les processus de d\u00e9veloppement de produits, tant sur le plan organisationnel qu'op\u00e9rationnel, mais surtout aux ing\u00e9nieurs, aux designers industriels et aux chefs de produit.<\/p>\n<h3><strong>La directive contient \u00e9galement des exemples<\/strong><\/h3>\n<p>Le contenu de la\u00a0<a href=\"http:\/\/www.vdi.de\/2424\">VDI\/VDID 2424<\/a>\u00a0et la s\u00e9quence du dessin industriel int\u00e9gr\u00e9 sont orient\u00e9s vers la\u00a0<a href=\"http:\/\/www.vdi.de\/2221-1\">VDI 2221 Fiche 1<\/a>qui cartographie le processus de d\u00e9veloppement syst\u00e9matique des produits, selon une autre d\u00e9claration. Il accompagne le processus dans toutes ses phases, de l'id\u00e9e \u00e0 la planification et \u00e0 la conception, en passant par la mise en \u0153uvre concr\u00e8te et le suivi. La directive contient \u00e9galement un exemple d'application, qui illustre clairement les phases de d\u00e9veloppement en relation avec les phases de d\u00e9veloppement du produit selon\u00a0<a href=\"http:\/\/www.vdi.de\/2221-2\">VDI 2221 Fiche 2<\/a>\u00a0ensembles.<\/p>\n<p>R\u00e9dacteur en chef du\u00a0<a href=\"http:\/\/www.vdi.de\/2424\">Ligne directrice VDI\/VDID 2424<\/a>\u00a0\"Le design industriel - la conception centr\u00e9e sur l'utilisateur dans le processus de d\u00e9veloppement du produit\" est la\u00a0<a href=\"https:\/\/www.vdi.de\/tg-fachgesellschaften\/vdi-gesellschaft-produkt-und-prozessgestaltung\">VDI Soci\u00e9t\u00e9 pour la conception de produits et de proc\u00e9d\u00e9s (GPP)<\/a>. La directive a \u00e9t\u00e9 publi\u00e9e sous forme de projet en juillet 2021 (commande via <a href=\"https:\/\/www.beuth.de\/de\/technische-regel-entwurf\/vdi-vdid-2424\/327639140\">Maison d'\u00e9dition Beuth<\/a>T\u00e9l. +49 30 2601-2260, ou en ligne \u00e0 l'adresse suivante\u00a0<a href=\"http:\/\/www.vdi.de\/2424\">www.vdi.de\/2424<\/a>\u00a0ou\u00a0<a href=\"http:\/\/www.beuth.de\/\">www.beuth.de<\/a>).<\/p>\n<p>Selon la VDI, il est possible de contribuer \u00e0 l'\u00e9laboration de la ligne directrice en soumettant des commentaires \u00e0 l'aide du site Web de la VDI.\u00a0<a href=\"https:\/\/www.vdi.de\/richtlinien\/details\/vdivdid-2424-industriedesign-nutzerzentrierte-gestaltung-im-produktentwicklungsprozess\">portail de recours \u00e9lectronique<\/a>\u00a0ou par notification \u00e9crite \u00e0 la soci\u00e9t\u00e9 \u00e9mettrice (<a href=\"mailto:gpp@vdi.de\">gpp@vdi.de<\/a>). La p\u00e9riode d'objection se termine le 31.10.2021.<\/p>\n<p>Les directives VDI peuvent \u00eatre utilis\u00e9es dans de nombreux\u00a0<a href=\"https:\/\/www.vdi.de\/technik\/richtlinien\/auslegestellen\/\">affichage public<\/a>\u00a0gratuitement.<\/p>\n<p><strong><em>Contact technique au VDI : <\/em><\/strong><em>Ing\u00e9nieur dipl\u00f4m\u00e9 Dieter Moll MBM, <a href=\"mailto:moll@vdi.de\">gpp@vdi.de<\/a><\/em><\/p>","protected":false},"excerpt":{"rendered":"<p>Industriedesign ist ein wichtiger Bestandteil des Produktentstehungsprozesses: Design und Engineering sind idealerweise eng verzahnt und f\u00fchren zu einer gegenseitigen Optimierung, wie der VDI, Verein Deutscher Ingenieure, schreibt. Ein gelungenes Industriedesign verbessere das Produkt, die Anwendbarkeit, und die positive Wirkung beim Anwenderkreis. Mit seiner neuen Richtlinie\u00a0VDI\/VDID 2424 will der VDI zu einer Strukturierung der Prozesse und [&hellip;]<\/p>\n","protected":false},"author":35,"featured_media":14745,"comment_status":"closed","ping_status":"closed","sticky":false,"template":"","format":"standard","meta":{"_acf_changed":false,"footnotes":""},"categories":[3303],"tags":[5062,5063,5065,5064],"class_list":["post-14744","post","type-post","status-publish","format-standard","has-post-thumbnail","hentry","category-qualitaetsmanagement","tag-industriedesign","tag-vdi-2424","tag-verband-deutscher-industriedesigner-vdid","tag-verein-deutscher-ingenieure"],"acf":[],"yoast_head":"<!-- This site is optimized with the Yoast SEO plugin v26.2 - https:\/\/yoast.com\/wordpress\/plugins\/seo\/ -->\n<title>Bessere Einbindung des Industriedesigns in die Produktentstehung - MQ Management und Qualit\u00e4t<\/title>\n<meta name=\"description\" content=\"Das Ziel der neuen VDI\/VDID 2424 ist eine optimale Einbindung des Industriedesigns in den Produktentwicklungsprozess.\" \/>\n<meta name=\"robots\" content=\"index, follow, max-snippet:-1, max-image-preview:large, max-video-preview:-1\" \/>\n<link rel=\"canonical\" href=\"https:\/\/www.m-q.ch\/fr\/meilleure-integration-du-design-industriel-dans-la-creation-de-produits\/\" \/>\n<meta property=\"og:locale\" content=\"fr_FR\" \/>\n<meta property=\"og:type\" content=\"article\" \/>\n<meta property=\"og:title\" content=\"Bessere Einbindung des Industriedesigns in die Produktentstehung - MQ Management und Qualit\u00e4t\" \/>\n<meta property=\"og:description\" content=\"Das Ziel der neuen VDI\/VDID 2424 ist eine optimale Einbindung des Industriedesigns in den Produktentwicklungsprozess.\" \/>\n<meta property=\"og:url\" content=\"https:\/\/www.m-q.ch\/fr\/meilleure-integration-du-design-industriel-dans-la-creation-de-produits\/\" \/>\n<meta property=\"og:site_name\" content=\"MQ Management und Qualit\u00e4t\" \/>\n<meta property=\"article:publisher\" content=\"https:\/\/www.facebook.com\/ManagementUndQualitaet\" \/>\n<meta property=\"article:published_time\" content=\"2021-07-20T07:42:03+00:00\" \/>\n<meta property=\"article:modified_time\" content=\"2021-07-26T12:46:22+00:00\" \/>\n<meta property=\"og:image\" content=\"https:\/\/www.m-q.ch\/wp-content\/uploads\/2021\/07\/VDI-2424_bearbeitet-1.jpg\" \/>\n\t<meta property=\"og:image:width\" content=\"468\" \/>\n\t<meta property=\"og:image:height\" content=\"330\" \/>\n\t<meta property=\"og:image:type\" content=\"image\/jpeg\" \/>\n<meta name=\"author\" content=\"Roger Str\u00e4ssle\" \/>\n<meta name=\"twitter:card\" content=\"summary_large_image\" \/>\n<meta name=\"twitter:label1\" content=\"\u00c9crit par\" \/>\n\t<meta name=\"twitter:data1\" content=\"Roger Str\u00e4ssle\" \/>\n\t<meta name=\"twitter:label2\" content=\"Dur\u00e9e de lecture estim\u00e9e\" \/>\n\t<meta name=\"twitter:data2\" content=\"2 minutes\" \/>\n<script type=\"application\/ld+json\" class=\"yoast-schema-graph\">{\"@context\":\"https:\/\/schema.org\",\"@graph\":[{\"@type\":\"Article\",\"@id\":\"https:\/\/www.m-q.ch\/bessere-einbindung-des-industriedesigns-in-die-produktentstehung\/#article\",\"isPartOf\":{\"@id\":\"https:\/\/www.m-q.ch\/bessere-einbindung-des-industriedesigns-in-die-produktentstehung\/\"},\"author\":{\"name\":\"Roger Str\u00e4ssle\",\"@id\":\"https:\/\/www.m-q.ch\/fr\/#\/schema\/person\/47d540e081acd98ccbeb69b55df653d7\"},\"headline\":\"Bessere Einbindung des Industriedesigns in die Produktentstehung\",\"datePublished\":\"2021-07-20T07:42:03+00:00\",\"dateModified\":\"2021-07-26T12:46:22+00:00\",\"mainEntityOfPage\":{\"@id\":\"https:\/\/www.m-q.ch\/bessere-einbindung-des-industriedesigns-in-die-produktentstehung\/\"},\"wordCount\":307,\"publisher\":{\"@id\":\"https:\/\/www.m-q.ch\/fr\/#organization\"},\"image\":{\"@id\":\"https:\/\/www.m-q.ch\/bessere-einbindung-des-industriedesigns-in-die-produktentstehung\/#primaryimage\"},\"thumbnailUrl\":\"https:\/\/www.m-q.ch\/wp-content\/uploads\/2021\/07\/VDI-2424_bearbeitet-1.jpg\",\"keywords\":[\"Industriedesign\",\"VDI 2424\",\"Verband Deutscher Industriedesigner (VDID)\",\"Verein Deutscher Ingenieure\"],\"articleSection\":[\"Qualit\u00e4tsmanagement\"],\"inLanguage\":\"fr-FR\"},{\"@type\":\"WebPage\",\"@id\":\"https:\/\/www.m-q.ch\/bessere-einbindung-des-industriedesigns-in-die-produktentstehung\/\",\"url\":\"https:\/\/www.m-q.ch\/bessere-einbindung-des-industriedesigns-in-die-produktentstehung\/\",\"name\":\"Bessere Einbindung des Industriedesigns in die Produktentstehung - MQ Management und Qualit\u00e4t\",\"isPartOf\":{\"@id\":\"https:\/\/www.m-q.ch\/fr\/#website\"},\"primaryImageOfPage\":{\"@id\":\"https:\/\/www.m-q.ch\/bessere-einbindung-des-industriedesigns-in-die-produktentstehung\/#primaryimage\"},\"image\":{\"@id\":\"https:\/\/www.m-q.ch\/bessere-einbindung-des-industriedesigns-in-die-produktentstehung\/#primaryimage\"},\"thumbnailUrl\":\"https:\/\/www.m-q.ch\/wp-content\/uploads\/2021\/07\/VDI-2424_bearbeitet-1.jpg\",\"datePublished\":\"2021-07-20T07:42:03+00:00\",\"dateModified\":\"2021-07-26T12:46:22+00:00\",\"description\":\"Das Ziel der neuen VDI\/VDID 2424 ist eine optimale Einbindung des Industriedesigns in den Produktentwicklungsprozess.\",\"breadcrumb\":{\"@id\":\"https:\/\/www.m-q.ch\/bessere-einbindung-des-industriedesigns-in-die-produktentstehung\/#breadcrumb\"},\"inLanguage\":\"fr-FR\",\"potentialAction\":[{\"@type\":\"ReadAction\",\"target\":[\"https:\/\/www.m-q.ch\/bessere-einbindung-des-industriedesigns-in-die-produktentstehung\/\"]}]},{\"@type\":\"ImageObject\",\"inLanguage\":\"fr-FR\",\"@id\":\"https:\/\/www.m-q.ch\/bessere-einbindung-des-industriedesigns-in-die-produktentstehung\/#primaryimage\",\"url\":\"https:\/\/www.m-q.ch\/wp-content\/uploads\/2021\/07\/VDI-2424_bearbeitet-1.jpg\",\"contentUrl\":\"https:\/\/www.m-q.ch\/wp-content\/uploads\/2021\/07\/VDI-2424_bearbeitet-1.jpg\",\"width\":468,\"height\":330,\"caption\":\"Foto: Thomas Ernsting\"},{\"@type\":\"BreadcrumbList\",\"@id\":\"https:\/\/www.m-q.ch\/bessere-einbindung-des-industriedesigns-in-die-produktentstehung\/#breadcrumb\",\"itemListElement\":[{\"@type\":\"ListItem\",\"position\":1,\"name\":\"Qualit\u00e4tsmanagement\",\"item\":\"https:\/\/www.m-q.ch\/kategorie\/qualitaetsmanagement\/\"},{\"@type\":\"ListItem\",\"position\":2,\"name\":\"Bessere Einbindung des Industriedesigns in die Produktentstehung\"}]},{\"@type\":\"WebSite\",\"@id\":\"https:\/\/www.m-q.ch\/fr\/#website\",\"url\":\"https:\/\/www.m-q.ch\/fr\/\",\"name\":\"MQ Management und Qualit\u00e4t\",\"description\":\"Plattform f\u00fcr integrierte Managementsysteme.\",\"publisher\":{\"@id\":\"https:\/\/www.m-q.ch\/fr\/#organization\"},\"potentialAction\":[{\"@type\":\"SearchAction\",\"target\":{\"@type\":\"EntryPoint\",\"urlTemplate\":\"https:\/\/www.m-q.ch\/fr\/?s={search_term_string}\"},\"query-input\":{\"@type\":\"PropertyValueSpecification\",\"valueRequired\":true,\"valueName\":\"search_term_string\"}}],\"inLanguage\":\"fr-FR\"},{\"@type\":\"Organization\",\"@id\":\"https:\/\/www.m-q.ch\/fr\/#organization\",\"name\":\"Galledia Fachmedien AG\",\"url\":\"https:\/\/www.m-q.ch\/fr\/\",\"logo\":{\"@type\":\"ImageObject\",\"inLanguage\":\"fr-FR\",\"@id\":\"https:\/\/www.m-q.ch\/fr\/#\/schema\/logo\/image\/\",\"url\":\"https:\/\/www.m-q.ch\/wp-content\/uploads\/2020\/12\/cropped-logo_small.png\",\"contentUrl\":\"https:\/\/www.m-q.ch\/wp-content\/uploads\/2020\/12\/cropped-logo_small.png\",\"width\":512,\"height\":512,\"caption\":\"Galledia Fachmedien AG\"},\"image\":{\"@id\":\"https:\/\/www.m-q.ch\/fr\/#\/schema\/logo\/image\/\"},\"sameAs\":[\"https:\/\/www.facebook.com\/ManagementUndQualitaet\",\"https:\/\/www.linkedin.com\/showcase\/17982321\/admin\/\"]},{\"@type\":\"Person\",\"@id\":\"https:\/\/www.m-q.ch\/fr\/#\/schema\/person\/47d540e081acd98ccbeb69b55df653d7\",\"name\":\"Roger Str\u00e4ssle\",\"image\":{\"@type\":\"ImageObject\",\"inLanguage\":\"fr-FR\",\"@id\":\"https:\/\/www.m-q.ch\/fr\/#\/schema\/person\/image\/\",\"url\":\"https:\/\/secure.gravatar.com\/avatar\/e4dde3046d8a184d2e2d27651a418883?s=96&d=mm&r=g\",\"contentUrl\":\"https:\/\/secure.gravatar.com\/avatar\/e4dde3046d8a184d2e2d27651a418883?s=96&d=mm&r=g\",\"caption\":\"Roger Str\u00e4ssle\"},\"url\":\"https:\/\/www.m-q.ch\/fr\/author\/roger-straessle\/\"}]}<\/script>\n<!-- \/ Yoast SEO plugin. -->","yoast_head_json":{"title":"Meilleure int\u00e9gration du design industriel dans la cr\u00e9ation de produits - MQ Management et Qualit\u00e9","description":"L'objectif du nouveau VDI\/VDID 2424 est d'int\u00e9grer de mani\u00e8re optimale le design industriel dans le processus de d\u00e9veloppement des produits.","robots":{"index":"index","follow":"follow","max-snippet":"max-snippet:-1","max-image-preview":"max-image-preview:large","max-video-preview":"max-video-preview:-1"},"canonical":"https:\/\/www.m-q.ch\/fr\/meilleure-integration-du-design-industriel-dans-la-creation-de-produits\/","og_locale":"fr_FR","og_type":"article","og_title":"Bessere Einbindung des Industriedesigns in die Produktentstehung - MQ Management und Qualit\u00e4t","og_description":"Das Ziel der neuen VDI\/VDID 2424 ist eine optimale Einbindung des Industriedesigns in den Produktentwicklungsprozess.","og_url":"https:\/\/www.m-q.ch\/fr\/meilleure-integration-du-design-industriel-dans-la-creation-de-produits\/","og_site_name":"MQ Management und Qualit\u00e4t","article_publisher":"https:\/\/www.facebook.com\/ManagementUndQualitaet","article_published_time":"2021-07-20T07:42:03+00:00","article_modified_time":"2021-07-26T12:46:22+00:00","og_image":[{"width":468,"height":330,"url":"https:\/\/www.m-q.ch\/wp-content\/uploads\/2021\/07\/VDI-2424_bearbeitet-1.jpg","type":"image\/jpeg"}],"author":"Roger Str\u00e4ssle","twitter_card":"summary_large_image","twitter_misc":{"\u00c9crit par":"Roger Str\u00e4ssle","Dur\u00e9e de lecture estim\u00e9e":"2 minutes"},"schema":{"@context":"https:\/\/schema.org","@graph":[{"@type":"Article","@id":"https:\/\/www.m-q.ch\/bessere-einbindung-des-industriedesigns-in-die-produktentstehung\/#article","isPartOf":{"@id":"https:\/\/www.m-q.ch\/bessere-einbindung-des-industriedesigns-in-die-produktentstehung\/"},"author":{"name":"Roger Str\u00e4ssle","@id":"https:\/\/www.m-q.ch\/fr\/#\/schema\/person\/47d540e081acd98ccbeb69b55df653d7"},"headline":"Bessere Einbindung des Industriedesigns in die Produktentstehung","datePublished":"2021-07-20T07:42:03+00:00","dateModified":"2021-07-26T12:46:22+00:00","mainEntityOfPage":{"@id":"https:\/\/www.m-q.ch\/bessere-einbindung-des-industriedesigns-in-die-produktentstehung\/"},"wordCount":307,"publisher":{"@id":"https:\/\/www.m-q.ch\/fr\/#organization"},"image":{"@id":"https:\/\/www.m-q.ch\/bessere-einbindung-des-industriedesigns-in-die-produktentstehung\/#primaryimage"},"thumbnailUrl":"https:\/\/www.m-q.ch\/wp-content\/uploads\/2021\/07\/VDI-2424_bearbeitet-1.jpg","keywords":["Industriedesign","VDI 2424","Verband Deutscher Industriedesigner (VDID)","Verein Deutscher Ingenieure"],"articleSection":["Qualit\u00e4tsmanagement"],"inLanguage":"fr-FR"},{"@type":"WebPage","@id":"https:\/\/www.m-q.ch\/bessere-einbindung-des-industriedesigns-in-die-produktentstehung\/","url":"https:\/\/www.m-q.ch\/bessere-einbindung-des-industriedesigns-in-die-produktentstehung\/","name":"Meilleure int\u00e9gration du design industriel dans la cr\u00e9ation de produits - MQ Management et Qualit\u00e9","isPartOf":{"@id":"https:\/\/www.m-q.ch\/fr\/#website"},"primaryImageOfPage":{"@id":"https:\/\/www.m-q.ch\/bessere-einbindung-des-industriedesigns-in-die-produktentstehung\/#primaryimage"},"image":{"@id":"https:\/\/www.m-q.ch\/bessere-einbindung-des-industriedesigns-in-die-produktentstehung\/#primaryimage"},"thumbnailUrl":"https:\/\/www.m-q.ch\/wp-content\/uploads\/2021\/07\/VDI-2424_bearbeitet-1.jpg","datePublished":"2021-07-20T07:42:03+00:00","dateModified":"2021-07-26T12:46:22+00:00","description":"L'objectif du nouveau VDI\/VDID 2424 est d'int\u00e9grer de mani\u00e8re optimale le design industriel dans le processus de d\u00e9veloppement des produits.","breadcrumb":{"@id":"https:\/\/www.m-q.ch\/bessere-einbindung-des-industriedesigns-in-die-produktentstehung\/#breadcrumb"},"inLanguage":"fr-FR","potentialAction":[{"@type":"ReadAction","target":["https:\/\/www.m-q.ch\/bessere-einbindung-des-industriedesigns-in-die-produktentstehung\/"]}]},{"@type":"ImageObject","inLanguage":"fr-FR","@id":"https:\/\/www.m-q.ch\/bessere-einbindung-des-industriedesigns-in-die-produktentstehung\/#primaryimage","url":"https:\/\/www.m-q.ch\/wp-content\/uploads\/2021\/07\/VDI-2424_bearbeitet-1.jpg","contentUrl":"https:\/\/www.m-q.ch\/wp-content\/uploads\/2021\/07\/VDI-2424_bearbeitet-1.jpg","width":468,"height":330,"caption":"Foto: Thomas Ernsting"},{"@type":"BreadcrumbList","@id":"https:\/\/www.m-q.ch\/bessere-einbindung-des-industriedesigns-in-die-produktentstehung\/#breadcrumb","itemListElement":[{"@type":"ListItem","position":1,"name":"Qualit\u00e4tsmanagement","item":"https:\/\/www.m-q.ch\/kategorie\/qualitaetsmanagement\/"},{"@type":"ListItem","position":2,"name":"Bessere Einbindung des Industriedesigns in die Produktentstehung"}]},{"@type":"WebSite","@id":"https:\/\/www.m-q.ch\/fr\/#website","url":"https:\/\/www.m-q.ch\/fr\/","name":"Gestion et qualit\u00e9 du QM","description":"Plate-forme pour les syst\u00e8mes de gestion int\u00e9gr\u00e9e.","publisher":{"@id":"https:\/\/www.m-q.ch\/fr\/#organization"},"potentialAction":[{"@type":"SearchAction","target":{"@type":"EntryPoint","urlTemplate":"https:\/\/www.m-q.ch\/fr\/?s={search_term_string}"},"query-input":{"@type":"PropertyValueSpecification","valueRequired":true,"valueName":"search_term_string"}}],"inLanguage":"fr-FR"},{"@type":"Organization","@id":"https:\/\/www.m-q.ch\/fr\/#organization","name":"Galledia Trade Media AG","url":"https:\/\/www.m-q.ch\/fr\/","logo":{"@type":"ImageObject","inLanguage":"fr-FR","@id":"https:\/\/www.m-q.ch\/fr\/#\/schema\/logo\/image\/","url":"https:\/\/www.m-q.ch\/wp-content\/uploads\/2020\/12\/cropped-logo_small.png","contentUrl":"https:\/\/www.m-q.ch\/wp-content\/uploads\/2020\/12\/cropped-logo_small.png","width":512,"height":512,"caption":"Galledia Fachmedien AG"},"image":{"@id":"https:\/\/www.m-q.ch\/fr\/#\/schema\/logo\/image\/"},"sameAs":["https:\/\/www.facebook.com\/ManagementUndQualitaet","https:\/\/www.linkedin.com\/showcase\/17982321\/admin\/"]},{"@type":"Person","@id":"https:\/\/www.m-q.ch\/fr\/#\/schema\/person\/47d540e081acd98ccbeb69b55df653d7","name":"Roger Str\u00e4ssle","image":{"@type":"ImageObject","inLanguage":"fr-FR","@id":"https:\/\/www.m-q.ch\/fr\/#\/schema\/person\/image\/","url":"https:\/\/secure.gravatar.com\/avatar\/e4dde3046d8a184d2e2d27651a418883?s=96&d=mm&r=g","contentUrl":"https:\/\/secure.gravatar.com\/avatar\/e4dde3046d8a184d2e2d27651a418883?s=96&d=mm&r=g","caption":"Roger Str\u00e4ssle"},"url":"https:\/\/www.m-q.ch\/fr\/author\/roger-straessle\/"}]}},"_links":{"self":[{"href":"https:\/\/www.m-q.ch\/fr\/wp-json\/wp\/v2\/posts\/14744","targetHints":{"allow":["GET"]}}],"collection":[{"href":"https:\/\/www.m-q.ch\/fr\/wp-json\/wp\/v2\/posts"}],"about":[{"href":"https:\/\/www.m-q.ch\/fr\/wp-json\/wp\/v2\/types\/post"}],"author":[{"embeddable":true,"href":"https:\/\/www.m-q.ch\/fr\/wp-json\/wp\/v2\/users\/35"}],"replies":[{"embeddable":true,"href":"https:\/\/www.m-q.ch\/fr\/wp-json\/wp\/v2\/comments?post=14744"}],"version-history":[{"count":4,"href":"https:\/\/www.m-q.ch\/fr\/wp-json\/wp\/v2\/posts\/14744\/revisions"}],"predecessor-version":[{"id":14749,"href":"https:\/\/www.m-q.ch\/fr\/wp-json\/wp\/v2\/posts\/14744\/revisions\/14749"}],"wp:featuredmedia":[{"embeddable":true,"href":"https:\/\/www.m-q.ch\/fr\/wp-json\/wp\/v2\/media\/14745"}],"wp:attachment":[{"href":"https:\/\/www.m-q.ch\/fr\/wp-json\/wp\/v2\/media?parent=14744"}],"wp:term":[{"taxonomy":"category","embeddable":true,"href":"https:\/\/www.m-q.ch\/fr\/wp-json\/wp\/v2\/categories?post=14744"},{"taxonomy":"post_tag","embeddable":true,"href":"https:\/\/www.m-q.ch\/fr\/wp-json\/wp\/v2\/tags?post=14744"}],"curies":[{"name":"wp","href":"https:\/\/api.w.org\/{rel}","templated":true}]}}