{"id":14982,"date":"2021-08-27T11:00:35","date_gmt":"2021-08-27T09:00:35","guid":{"rendered":"https:\/\/www.m-q.ch\/?p=14982"},"modified":"2021-09-01T10:26:56","modified_gmt":"2021-09-01T08:26:56","slug":"les-pme-industrielles-ont-les-meilleurs-gestionnaires-de-crise","status":"publish","type":"post","link":"https:\/\/www.m-q.ch\/fr\/industrie-kmu-haben-beste-krisen-manager\/","title":{"rendered":"Les PME industrielles ont les meilleurs gestionnaires de crise"},"content":{"rendered":"<figure id=\"attachment_14983\" aria-describedby=\"caption-attachment-14983\" style=\"width: 1000px\" class=\"wp-caption aligncenter\"><img loading=\"lazy\" decoding=\"async\" class=\"size-full wp-image-14983\" src=\"https:\/\/www.m-q.ch\/wp-content\/uploads\/2021\/08\/Depositphotos_6471430_s-2019.jpg\" alt=\"Gestionnaire de crise\" width=\"1000\" height=\"667\" srcset=\"https:\/\/www.m-q.ch\/wp-content\/uploads\/2021\/08\/Depositphotos_6471430_s-2019.jpg 1000w, https:\/\/www.m-q.ch\/wp-content\/uploads\/2021\/08\/Depositphotos_6471430_s-2019-768x512.jpg 768w, https:\/\/www.m-q.ch\/wp-content\/uploads\/2021\/08\/Depositphotos_6471430_s-2019-16x12.jpg 16w, https:\/\/www.m-q.ch\/wp-content\/uploads\/2021\/08\/Depositphotos_6471430_s-2019-262x175.jpg 262w, https:\/\/www.m-q.ch\/wp-content\/uploads\/2021\/08\/Depositphotos_6471430_s-2019-525x350.jpg 525w, https:\/\/www.m-q.ch\/wp-content\/uploads\/2021\/08\/Depositphotos_6471430_s-2019-920x614.jpg 920w, https:\/\/www.m-q.ch\/wp-content\/uploads\/2021\/08\/Depositphotos_6471430_s-2019-300x200.jpg 300w\" sizes=\"auto, (max-width: 1000px) 100vw, 1000px\" \/><figcaption id=\"caption-attachment-14983\" class=\"wp-caption-text\">\u00a9 Depositphotos, lagereek<\/figcaption><\/figure>\n<p>\"La pand\u00e9mie de Corona a montr\u00e9 \u00e0 quel point il est important d'avoir une culture de prise de d\u00e9cision rapide au niveau de la direction. Les PME allemandes sont bien plac\u00e9es \u00e0 cet \u00e9gard. Parmi les entreprises que nous avons interrog\u00e9es, 39 % se donnent un bon bulletin de notes et disent avoir une gestion exp\u00e9riment\u00e9e en mati\u00e8re de gestion de crise. Par ailleurs, 31 % d'entre eux estiment qu'ils sont plut\u00f4t exp\u00e9riment\u00e9s\", d\u00e9clare Andreas Sticher, associ\u00e9 charg\u00e9 de la restructuration \u00e0 l'Office europ\u00e9en de lutte antifraude. <a href=\"http:\/\/staufen.ag\">Staufen<\/a>.<\/p>\n<p>Mais il y a un besoin de rattrapage : Seules 47 % des entreprises interrog\u00e9es travaillent avec un processus structur\u00e9 pour mettre \u00e0 l'\u00e9preuve la viabilit\u00e9 future. Et seuls 49 % jouent r\u00e9guli\u00e8rement des sc\u00e9narios de crise et des contre-mesures possibles. \"Les entreprises doivent penser \u00e0 des sc\u00e9narios et jouer avec diff\u00e9rents m\u00e9canismes de d\u00e9fense. C'est comme au football : tout le monde sait comment tirer un corner, mais les \u00e9quipes pratiquent r\u00e9guli\u00e8rement cette situation standard\", souligne M. Sticher.<\/p>\n<p><strong>Syst\u00e8mes de gestion des risques<\/strong><\/p>\n<p>L'\u00e9tude montre que les syst\u00e8mes classiques et les chiffres cl\u00e9s dominent la d\u00e9tection pr\u00e9coce des crises. 48 % utilisent leur propre syst\u00e8me de gestion des risques, qui est la variante la plus fr\u00e9quemment utilis\u00e9e pour identifier les probl\u00e8mes potentiels avant qu'ils ne menacent l'existence de l'entreprise. Viennent ensuite les chiffres financiers cl\u00e9s (47 %) et les informations fournies par les dirigeants (44 %). \"Des outils de gestion plus modernes, tels que les radars de tendance ou les approches ax\u00e9es sur les donn\u00e9es, comme l'analyse des donn\u00e9es, sont id\u00e9aux pour \u00e9tendre, voire remplacer compl\u00e8tement, les syst\u00e8mes classiques de d\u00e9tection pr\u00e9coce des crises\", explique Sticher.<\/p>\n<p>Selon l'\u00e9tude, cependant, ces approches de l'analyse pr\u00e9dictive ne sont pas encore tr\u00e8s r\u00e9pandues. Sticher conseille de repenser la situation, car \"les nouveaux mod\u00e8les pr\u00e9dictifs permettent au management d'aligner de mani\u00e8re optimale la strat\u00e9gie d'entreprise sur la situation respective\".<\/p>\n<p><em>Source : <\/em><em>pressetext.redaktion, Florian F\u00fcgemann<\/em><\/p>","protected":false},"excerpt":{"rendered":"<p>\u00abDie Corona-Pandemie hat deutlich gemacht, wie wichtig eine schnell agierende Entscheidungskultur auf der Management-Ebene ist. Der deutsche Mittelstand ist diesbez\u00fcglich ordentlich aufgestellt. Bei den von uns befragten Unternehmen stellen sich 39 Prozent ein gutes Zeugnis aus und geben an, \u00fcber ein erfahrenes Management in Bezug auf die Bew\u00e4ltigung von Krisen zu verf\u00fcgen. Weitere 31 Prozent [&hellip;]<\/p>\n","protected":false},"author":35,"featured_media":14983,"comment_status":"closed","ping_status":"closed","sticky":false,"template":"","format":"standard","meta":{"_acf_changed":false,"footnotes":""},"categories":[4],"tags":[5112],"class_list":["post-14982","post","type-post","status-publish","format-standard","has-post-thumbnail","hentry","category-risikomanagement","tag-krisenmanager"],"acf":[],"yoast_head":"<!-- This site is optimized with the Yoast SEO plugin v26.2 - https:\/\/yoast.com\/wordpress\/plugins\/seo\/ -->\n<title>Industrie-KMU haben beste Krisen-Manager - MQ Management und Qualit\u00e4t<\/title>\n<meta name=\"description\" content=\"Laut der neuen Studie \u00abRestrukturierung 2021\u00bb verf\u00fcgt der industrielle Mittelstand in Deutschland \u00fcber die krisenerfahrensten Manager.\" \/>\n<meta name=\"robots\" content=\"index, follow, max-snippet:-1, max-image-preview:large, max-video-preview:-1\" \/>\n<link rel=\"canonical\" href=\"https:\/\/www.m-q.ch\/fr\/les-pme-industrielles-ont-les-meilleurs-gestionnaires-de-crise\/\" \/>\n<meta property=\"og:locale\" content=\"fr_FR\" \/>\n<meta property=\"og:type\" content=\"article\" \/>\n<meta property=\"og:title\" content=\"Industrie-KMU haben beste Krisen-Manager - MQ Management und Qualit\u00e4t\" \/>\n<meta property=\"og:description\" content=\"Laut der neuen Studie \u00abRestrukturierung 2021\u00bb verf\u00fcgt der industrielle Mittelstand in Deutschland \u00fcber die krisenerfahrensten Manager.\" \/>\n<meta property=\"og:url\" content=\"https:\/\/www.m-q.ch\/fr\/les-pme-industrielles-ont-les-meilleurs-gestionnaires-de-crise\/\" \/>\n<meta property=\"og:site_name\" content=\"MQ Management und Qualit\u00e4t\" \/>\n<meta property=\"article:publisher\" content=\"https:\/\/www.facebook.com\/ManagementUndQualitaet\" \/>\n<meta property=\"article:published_time\" content=\"2021-08-27T09:00:35+00:00\" \/>\n<meta property=\"article:modified_time\" content=\"2021-09-01T08:26:56+00:00\" \/>\n<meta property=\"og:image\" content=\"https:\/\/www.m-q.ch\/wp-content\/uploads\/2021\/08\/Depositphotos_6471430_s-2019.jpg\" \/>\n\t<meta property=\"og:image:width\" content=\"1000\" \/>\n\t<meta property=\"og:image:height\" content=\"667\" \/>\n\t<meta property=\"og:image:type\" content=\"image\/jpeg\" \/>\n<meta name=\"author\" content=\"Roger Str\u00e4ssle\" \/>\n<meta name=\"twitter:card\" content=\"summary_large_image\" \/>\n<meta name=\"twitter:label1\" content=\"\u00c9crit par\" \/>\n\t<meta name=\"twitter:data1\" content=\"Roger Str\u00e4ssle\" \/>\n\t<meta name=\"twitter:label2\" content=\"Dur\u00e9e de lecture estim\u00e9e\" \/>\n\t<meta name=\"twitter:data2\" content=\"1 minute\" \/>\n<script type=\"application\/ld+json\" class=\"yoast-schema-graph\">{\"@context\":\"https:\/\/schema.org\",\"@graph\":[{\"@type\":\"Article\",\"@id\":\"https:\/\/www.m-q.ch\/industrie-kmu-haben-beste-krisen-manager\/#article\",\"isPartOf\":{\"@id\":\"https:\/\/www.m-q.ch\/industrie-kmu-haben-beste-krisen-manager\/\"},\"author\":{\"name\":\"Roger Str\u00e4ssle\",\"@id\":\"https:\/\/www.m-q.ch\/fr\/#\/schema\/person\/47d540e081acd98ccbeb69b55df653d7\"},\"headline\":\"Industrie-KMU haben beste Krisen-Manager\",\"datePublished\":\"2021-08-27T09:00:35+00:00\",\"dateModified\":\"2021-09-01T08:26:56+00:00\",\"mainEntityOfPage\":{\"@id\":\"https:\/\/www.m-q.ch\/industrie-kmu-haben-beste-krisen-manager\/\"},\"wordCount\":280,\"publisher\":{\"@id\":\"https:\/\/www.m-q.ch\/fr\/#organization\"},\"image\":{\"@id\":\"https:\/\/www.m-q.ch\/industrie-kmu-haben-beste-krisen-manager\/#primaryimage\"},\"thumbnailUrl\":\"https:\/\/www.m-q.ch\/wp-content\/uploads\/2021\/08\/Depositphotos_6471430_s-2019.jpg\",\"keywords\":[\"Krisenmanager\"],\"articleSection\":[\"Risikomanagement\"],\"inLanguage\":\"fr-FR\"},{\"@type\":\"WebPage\",\"@id\":\"https:\/\/www.m-q.ch\/industrie-kmu-haben-beste-krisen-manager\/\",\"url\":\"https:\/\/www.m-q.ch\/industrie-kmu-haben-beste-krisen-manager\/\",\"name\":\"Industrie-KMU haben beste Krisen-Manager - MQ Management und Qualit\u00e4t\",\"isPartOf\":{\"@id\":\"https:\/\/www.m-q.ch\/fr\/#website\"},\"primaryImageOfPage\":{\"@id\":\"https:\/\/www.m-q.ch\/industrie-kmu-haben-beste-krisen-manager\/#primaryimage\"},\"image\":{\"@id\":\"https:\/\/www.m-q.ch\/industrie-kmu-haben-beste-krisen-manager\/#primaryimage\"},\"thumbnailUrl\":\"https:\/\/www.m-q.ch\/wp-content\/uploads\/2021\/08\/Depositphotos_6471430_s-2019.jpg\",\"datePublished\":\"2021-08-27T09:00:35+00:00\",\"dateModified\":\"2021-09-01T08:26:56+00:00\",\"description\":\"Laut der neuen Studie \u00abRestrukturierung 2021\u00bb verf\u00fcgt der industrielle Mittelstand in Deutschland \u00fcber die krisenerfahrensten Manager.\",\"breadcrumb\":{\"@id\":\"https:\/\/www.m-q.ch\/industrie-kmu-haben-beste-krisen-manager\/#breadcrumb\"},\"inLanguage\":\"fr-FR\",\"potentialAction\":[{\"@type\":\"ReadAction\",\"target\":[\"https:\/\/www.m-q.ch\/industrie-kmu-haben-beste-krisen-manager\/\"]}]},{\"@type\":\"ImageObject\",\"inLanguage\":\"fr-FR\",\"@id\":\"https:\/\/www.m-q.ch\/industrie-kmu-haben-beste-krisen-manager\/#primaryimage\",\"url\":\"https:\/\/www.m-q.ch\/wp-content\/uploads\/2021\/08\/Depositphotos_6471430_s-2019.jpg\",\"contentUrl\":\"https:\/\/www.m-q.ch\/wp-content\/uploads\/2021\/08\/Depositphotos_6471430_s-2019.jpg\",\"width\":1000,\"height\":667,\"caption\":\"\u00a9 Depositphotos, lagereek\"},{\"@type\":\"BreadcrumbList\",\"@id\":\"https:\/\/www.m-q.ch\/industrie-kmu-haben-beste-krisen-manager\/#breadcrumb\",\"itemListElement\":[{\"@type\":\"ListItem\",\"position\":1,\"name\":\"Risikomanagement\",\"item\":\"https:\/\/www.m-q.ch\/kategorie\/risikomanagement\/\"},{\"@type\":\"ListItem\",\"position\":2,\"name\":\"Industrie-KMU haben beste Krisen-Manager\"}]},{\"@type\":\"WebSite\",\"@id\":\"https:\/\/www.m-q.ch\/fr\/#website\",\"url\":\"https:\/\/www.m-q.ch\/fr\/\",\"name\":\"MQ Management und Qualit\u00e4t\",\"description\":\"Plattform f\u00fcr integrierte Managementsysteme.\",\"publisher\":{\"@id\":\"https:\/\/www.m-q.ch\/fr\/#organization\"},\"potentialAction\":[{\"@type\":\"SearchAction\",\"target\":{\"@type\":\"EntryPoint\",\"urlTemplate\":\"https:\/\/www.m-q.ch\/fr\/?s={search_term_string}\"},\"query-input\":{\"@type\":\"PropertyValueSpecification\",\"valueRequired\":true,\"valueName\":\"search_term_string\"}}],\"inLanguage\":\"fr-FR\"},{\"@type\":\"Organization\",\"@id\":\"https:\/\/www.m-q.ch\/fr\/#organization\",\"name\":\"Galledia Fachmedien AG\",\"url\":\"https:\/\/www.m-q.ch\/fr\/\",\"logo\":{\"@type\":\"ImageObject\",\"inLanguage\":\"fr-FR\",\"@id\":\"https:\/\/www.m-q.ch\/fr\/#\/schema\/logo\/image\/\",\"url\":\"https:\/\/www.m-q.ch\/wp-content\/uploads\/2020\/12\/cropped-logo_small.png\",\"contentUrl\":\"https:\/\/www.m-q.ch\/wp-content\/uploads\/2020\/12\/cropped-logo_small.png\",\"width\":512,\"height\":512,\"caption\":\"Galledia Fachmedien AG\"},\"image\":{\"@id\":\"https:\/\/www.m-q.ch\/fr\/#\/schema\/logo\/image\/\"},\"sameAs\":[\"https:\/\/www.facebook.com\/ManagementUndQualitaet\",\"https:\/\/www.linkedin.com\/showcase\/17982321\/admin\/\"]},{\"@type\":\"Person\",\"@id\":\"https:\/\/www.m-q.ch\/fr\/#\/schema\/person\/47d540e081acd98ccbeb69b55df653d7\",\"name\":\"Roger Str\u00e4ssle\",\"image\":{\"@type\":\"ImageObject\",\"inLanguage\":\"fr-FR\",\"@id\":\"https:\/\/www.m-q.ch\/fr\/#\/schema\/person\/image\/\",\"url\":\"https:\/\/secure.gravatar.com\/avatar\/e4dde3046d8a184d2e2d27651a418883?s=96&d=mm&r=g\",\"contentUrl\":\"https:\/\/secure.gravatar.com\/avatar\/e4dde3046d8a184d2e2d27651a418883?s=96&d=mm&r=g\",\"caption\":\"Roger Str\u00e4ssle\"},\"url\":\"https:\/\/www.m-q.ch\/fr\/author\/roger-straessle\/\"}]}<\/script>\n<!-- \/ Yoast SEO plugin. -->","yoast_head_json":{"title":"Les PME industrielles ont les meilleurs gestionnaires de crise - MQ Management und Qualit\u00e4t","description":"Selon la nouvelle \u00e9tude \"Restructuration 2021\", le secteur des PME industrielles en Allemagne est celui qui compte le plus de dirigeants ayant l'exp\u00e9rience de la crise.","robots":{"index":"index","follow":"follow","max-snippet":"max-snippet:-1","max-image-preview":"max-image-preview:large","max-video-preview":"max-video-preview:-1"},"canonical":"https:\/\/www.m-q.ch\/fr\/les-pme-industrielles-ont-les-meilleurs-gestionnaires-de-crise\/","og_locale":"fr_FR","og_type":"article","og_title":"Industrie-KMU haben beste Krisen-Manager - MQ Management und Qualit\u00e4t","og_description":"Laut der neuen Studie \u00abRestrukturierung 2021\u00bb verf\u00fcgt der industrielle Mittelstand in Deutschland \u00fcber die krisenerfahrensten Manager.","og_url":"https:\/\/www.m-q.ch\/fr\/les-pme-industrielles-ont-les-meilleurs-gestionnaires-de-crise\/","og_site_name":"MQ Management und Qualit\u00e4t","article_publisher":"https:\/\/www.facebook.com\/ManagementUndQualitaet","article_published_time":"2021-08-27T09:00:35+00:00","article_modified_time":"2021-09-01T08:26:56+00:00","og_image":[{"width":1000,"height":667,"url":"https:\/\/www.m-q.ch\/wp-content\/uploads\/2021\/08\/Depositphotos_6471430_s-2019.jpg","type":"image\/jpeg"}],"author":"Roger Str\u00e4ssle","twitter_card":"summary_large_image","twitter_misc":{"\u00c9crit par":"Roger Str\u00e4ssle","Dur\u00e9e de lecture estim\u00e9e":"1 minute"},"schema":{"@context":"https:\/\/schema.org","@graph":[{"@type":"Article","@id":"https:\/\/www.m-q.ch\/industrie-kmu-haben-beste-krisen-manager\/#article","isPartOf":{"@id":"https:\/\/www.m-q.ch\/industrie-kmu-haben-beste-krisen-manager\/"},"author":{"name":"Roger Str\u00e4ssle","@id":"https:\/\/www.m-q.ch\/fr\/#\/schema\/person\/47d540e081acd98ccbeb69b55df653d7"},"headline":"Industrie-KMU haben beste Krisen-Manager","datePublished":"2021-08-27T09:00:35+00:00","dateModified":"2021-09-01T08:26:56+00:00","mainEntityOfPage":{"@id":"https:\/\/www.m-q.ch\/industrie-kmu-haben-beste-krisen-manager\/"},"wordCount":280,"publisher":{"@id":"https:\/\/www.m-q.ch\/fr\/#organization"},"image":{"@id":"https:\/\/www.m-q.ch\/industrie-kmu-haben-beste-krisen-manager\/#primaryimage"},"thumbnailUrl":"https:\/\/www.m-q.ch\/wp-content\/uploads\/2021\/08\/Depositphotos_6471430_s-2019.jpg","keywords":["Krisenmanager"],"articleSection":["Risikomanagement"],"inLanguage":"fr-FR"},{"@type":"WebPage","@id":"https:\/\/www.m-q.ch\/industrie-kmu-haben-beste-krisen-manager\/","url":"https:\/\/www.m-q.ch\/industrie-kmu-haben-beste-krisen-manager\/","name":"Les PME industrielles ont les meilleurs gestionnaires de crise - MQ Management und Qualit\u00e4t","isPartOf":{"@id":"https:\/\/www.m-q.ch\/fr\/#website"},"primaryImageOfPage":{"@id":"https:\/\/www.m-q.ch\/industrie-kmu-haben-beste-krisen-manager\/#primaryimage"},"image":{"@id":"https:\/\/www.m-q.ch\/industrie-kmu-haben-beste-krisen-manager\/#primaryimage"},"thumbnailUrl":"https:\/\/www.m-q.ch\/wp-content\/uploads\/2021\/08\/Depositphotos_6471430_s-2019.jpg","datePublished":"2021-08-27T09:00:35+00:00","dateModified":"2021-09-01T08:26:56+00:00","description":"Selon la nouvelle \u00e9tude \"Restructuration 2021\", le secteur des PME industrielles en Allemagne est celui qui compte le plus de dirigeants ayant l'exp\u00e9rience de la crise.","breadcrumb":{"@id":"https:\/\/www.m-q.ch\/industrie-kmu-haben-beste-krisen-manager\/#breadcrumb"},"inLanguage":"fr-FR","potentialAction":[{"@type":"ReadAction","target":["https:\/\/www.m-q.ch\/industrie-kmu-haben-beste-krisen-manager\/"]}]},{"@type":"ImageObject","inLanguage":"fr-FR","@id":"https:\/\/www.m-q.ch\/industrie-kmu-haben-beste-krisen-manager\/#primaryimage","url":"https:\/\/www.m-q.ch\/wp-content\/uploads\/2021\/08\/Depositphotos_6471430_s-2019.jpg","contentUrl":"https:\/\/www.m-q.ch\/wp-content\/uploads\/2021\/08\/Depositphotos_6471430_s-2019.jpg","width":1000,"height":667,"caption":"\u00a9 Depositphotos, lagereek"},{"@type":"BreadcrumbList","@id":"https:\/\/www.m-q.ch\/industrie-kmu-haben-beste-krisen-manager\/#breadcrumb","itemListElement":[{"@type":"ListItem","position":1,"name":"Risikomanagement","item":"https:\/\/www.m-q.ch\/kategorie\/risikomanagement\/"},{"@type":"ListItem","position":2,"name":"Industrie-KMU haben beste Krisen-Manager"}]},{"@type":"WebSite","@id":"https:\/\/www.m-q.ch\/fr\/#website","url":"https:\/\/www.m-q.ch\/fr\/","name":"Gestion et qualit\u00e9 du QM","description":"Plate-forme pour les syst\u00e8mes de gestion int\u00e9gr\u00e9e.","publisher":{"@id":"https:\/\/www.m-q.ch\/fr\/#organization"},"potentialAction":[{"@type":"SearchAction","target":{"@type":"EntryPoint","urlTemplate":"https:\/\/www.m-q.ch\/fr\/?s={search_term_string}"},"query-input":{"@type":"PropertyValueSpecification","valueRequired":true,"valueName":"search_term_string"}}],"inLanguage":"fr-FR"},{"@type":"Organization","@id":"https:\/\/www.m-q.ch\/fr\/#organization","name":"Galledia Trade Media AG","url":"https:\/\/www.m-q.ch\/fr\/","logo":{"@type":"ImageObject","inLanguage":"fr-FR","@id":"https:\/\/www.m-q.ch\/fr\/#\/schema\/logo\/image\/","url":"https:\/\/www.m-q.ch\/wp-content\/uploads\/2020\/12\/cropped-logo_small.png","contentUrl":"https:\/\/www.m-q.ch\/wp-content\/uploads\/2020\/12\/cropped-logo_small.png","width":512,"height":512,"caption":"Galledia Fachmedien AG"},"image":{"@id":"https:\/\/www.m-q.ch\/fr\/#\/schema\/logo\/image\/"},"sameAs":["https:\/\/www.facebook.com\/ManagementUndQualitaet","https:\/\/www.linkedin.com\/showcase\/17982321\/admin\/"]},{"@type":"Person","@id":"https:\/\/www.m-q.ch\/fr\/#\/schema\/person\/47d540e081acd98ccbeb69b55df653d7","name":"Roger Str\u00e4ssle","image":{"@type":"ImageObject","inLanguage":"fr-FR","@id":"https:\/\/www.m-q.ch\/fr\/#\/schema\/person\/image\/","url":"https:\/\/secure.gravatar.com\/avatar\/e4dde3046d8a184d2e2d27651a418883?s=96&d=mm&r=g","contentUrl":"https:\/\/secure.gravatar.com\/avatar\/e4dde3046d8a184d2e2d27651a418883?s=96&d=mm&r=g","caption":"Roger Str\u00e4ssle"},"url":"https:\/\/www.m-q.ch\/fr\/author\/roger-straessle\/"}]}},"_links":{"self":[{"href":"https:\/\/www.m-q.ch\/fr\/wp-json\/wp\/v2\/posts\/14982","targetHints":{"allow":["GET"]}}],"collection":[{"href":"https:\/\/www.m-q.ch\/fr\/wp-json\/wp\/v2\/posts"}],"about":[{"href":"https:\/\/www.m-q.ch\/fr\/wp-json\/wp\/v2\/types\/post"}],"author":[{"embeddable":true,"href":"https:\/\/www.m-q.ch\/fr\/wp-json\/wp\/v2\/users\/35"}],"replies":[{"embeddable":true,"href":"https:\/\/www.m-q.ch\/fr\/wp-json\/wp\/v2\/comments?post=14982"}],"version-history":[{"count":2,"href":"https:\/\/www.m-q.ch\/fr\/wp-json\/wp\/v2\/posts\/14982\/revisions"}],"predecessor-version":[{"id":14985,"href":"https:\/\/www.m-q.ch\/fr\/wp-json\/wp\/v2\/posts\/14982\/revisions\/14985"}],"wp:featuredmedia":[{"embeddable":true,"href":"https:\/\/www.m-q.ch\/fr\/wp-json\/wp\/v2\/media\/14983"}],"wp:attachment":[{"href":"https:\/\/www.m-q.ch\/fr\/wp-json\/wp\/v2\/media?parent=14982"}],"wp:term":[{"taxonomy":"category","embeddable":true,"href":"https:\/\/www.m-q.ch\/fr\/wp-json\/wp\/v2\/categories?post=14982"},{"taxonomy":"post_tag","embeddable":true,"href":"https:\/\/www.m-q.ch\/fr\/wp-json\/wp\/v2\/tags?post=14982"}],"curies":[{"name":"wp","href":"https:\/\/api.w.org\/{rel}","templated":true}]}}