{"id":15009,"date":"2021-09-03T16:00:25","date_gmt":"2021-09-03T14:00:25","guid":{"rendered":"https:\/\/www.m-q.ch\/?p=15009"},"modified":"2021-09-10T11:05:21","modified_gmt":"2021-09-10T09:05:21","slug":"automatisation-industrielle-2","status":"publish","type":"post","link":"https:\/\/www.m-q.ch\/fr\/industrielle-automatisierung\/","title":{"rendered":"Automatisation industrielle : le Sindex prend des mesures positives"},"content":{"rendered":"<figure id=\"attachment_15011\" aria-describedby=\"caption-attachment-15011\" style=\"width: 2560px\" class=\"wp-caption aligncenter\"><img loading=\"lazy\" decoding=\"async\" class=\"wp-image-15011 size-full\" src=\"https:\/\/www.m-q.ch\/wp-content\/uploads\/2021\/09\/20210831_SIN_Di_Vm_Forum_Guy_Parmelin-15-scaled.jpg\" alt=\"Sindex\" width=\"2560\" height=\"1707\" srcset=\"https:\/\/www.m-q.ch\/wp-content\/uploads\/2021\/09\/20210831_SIN_Di_Vm_Forum_Guy_Parmelin-15-scaled.jpg 2560w, https:\/\/www.m-q.ch\/wp-content\/uploads\/2021\/09\/20210831_SIN_Di_Vm_Forum_Guy_Parmelin-15-768x512.jpg 768w, https:\/\/www.m-q.ch\/wp-content\/uploads\/2021\/09\/20210831_SIN_Di_Vm_Forum_Guy_Parmelin-15-1536x1024.jpg 1536w, https:\/\/www.m-q.ch\/wp-content\/uploads\/2021\/09\/20210831_SIN_Di_Vm_Forum_Guy_Parmelin-15-2048x1366.jpg 2048w, https:\/\/www.m-q.ch\/wp-content\/uploads\/2021\/09\/20210831_SIN_Di_Vm_Forum_Guy_Parmelin-15-16x12.jpg 16w, https:\/\/www.m-q.ch\/wp-content\/uploads\/2021\/09\/20210831_SIN_Di_Vm_Forum_Guy_Parmelin-15-262x175.jpg 262w, https:\/\/www.m-q.ch\/wp-content\/uploads\/2021\/09\/20210831_SIN_Di_Vm_Forum_Guy_Parmelin-15-525x350.jpg 525w, https:\/\/www.m-q.ch\/wp-content\/uploads\/2021\/09\/20210831_SIN_Di_Vm_Forum_Guy_Parmelin-15-1200x800.jpg 1200w, https:\/\/www.m-q.ch\/wp-content\/uploads\/2021\/09\/20210831_SIN_Di_Vm_Forum_Guy_Parmelin-15-920x613.jpg 920w, https:\/\/www.m-q.ch\/wp-content\/uploads\/2021\/09\/20210831_SIN_Di_Vm_Forum_Guy_Parmelin-15-1400x933.jpg 1400w, https:\/\/www.m-q.ch\/wp-content\/uploads\/2021\/09\/20210831_SIN_Di_Vm_Forum_Guy_Parmelin-15-300x200.jpg 300w\" sizes=\"auto, (max-width: 2560px) 100vw, 2560px\" \/><figcaption id=\"caption-attachment-15011\" class=\"wp-caption-text\">Le pr\u00e9sident Guy Parmelin a fait les honneurs du salon de l'automatisation industrielle. \u00a9 Sindex, bernexpo<\/figcaption><\/figure>\n<p>Plus de flexibilit\u00e9 pour les visiteurs, une pr\u00e9sence encore plus attractive pour les exposants : Il s'agissait de deux objectifs essentiels de la <a href=\"http:\/\/www.sindex.ch\">Sindex<\/a>qui s'est d\u00e9roul\u00e9e cette ann\u00e9e du 31 ao\u00fbt au 2 septembre, \u00e0 la fois sur le site de l'exposition \u00e0 Berne et sous forme de plateforme num\u00e9rique sur Internet. La premi\u00e8re du salon hybride leader dans le domaine de l'automatisation industrielle a \u00e9t\u00e9 un grand succ\u00e8s, \u00e9crit Bernexpo : plus de 120 exposants, 3 800 visiteurs \u00e9taient sur place pendant trois jours. L'expansion hybride a augment\u00e9 le nombre de visiteurs de 21%. \"Apr\u00e8s les mois extr\u00eamement difficiles de la pand\u00e9mie de Corona, il \u00e9tait tr\u00e8s important pour nous de pouvoir offrir \u00e0 nos partenaires, exposants et visiteurs une exp\u00e9rience globale attrayante\", d\u00e9clare David von B\u00fcren, co-directeur de l'exposition de Sindex. \"Les visiteurs ont beaucoup appr\u00e9ci\u00e9 de pouvoir enfin se rencontrer en direct et - gr\u00e2ce \u00e0 notre concept de protection complet - de mani\u00e8re simple et sans masque\", poursuit M. von B\u00fcren.<\/p>\n<h2><strong>Le pr\u00e9sident f\u00e9d\u00e9ral honore l'innovation<\/strong><\/h2>\n<p>Sindex 2021 a \u00e9t\u00e9 ouvert par une personnalit\u00e9 qui conna\u00eet l'importance de l'automatisation industrielle pour la Suisse : le pr\u00e9sident Guy Parmelin. Apr\u00e8s son allocution de bienvenue, le chef du D\u00e9partement des affaires \u00e9conomiques, de l'\u00e9ducation et de la recherche (EAER) a r\u00e9pondu aux questions de l'auditoire et a pr\u00e9sent\u00e9 les r\u00e9sultats de l'enqu\u00eate. <a href=\"https:\/\/www.swissdinno.ch\/dinno-award-2021\">Prix DINNO suisse<\/a> attribu\u00e9. Les gagnants sont : Comtac AG Cluey - Le contr\u00f4leur et moniteur configurable, LIQUIDTOOL. Gestion intelligente des lubrifiants de refroidissement et Scuola universitaria professionale della Svizzera italiana (SUPSI) - Universal Machine Automata Model 2 - Une plateforme robotique adaptable pour les op\u00e9rations de maintenance dans des environnements difficiles.<\/p>\n<p>Les laur\u00e9ats s'inscrivent donc parfaitement dans l'environnement g\u00e9n\u00e9ral du Sindex : l'industrie est confiante dans les perspectives d'avenir. Cela s'explique par la richesse des produits et services nouveaux ou perfectionn\u00e9s dans le domaine de l'automatisation industrielle que les exposants ont pu pr\u00e9senter lors du salon hybride. Sindex s'est d\u00e9roul\u00e9 sous la devise \"L'innovation dans le dialogue\" et a \u00e9t\u00e9 consacr\u00e9 en particulier aux th\u00e8mes centraux de la maintenance pr\u00e9dictive, de la cybers\u00e9curit\u00e9 et de l'intelligence artificielle.<\/p>\n<figure id=\"attachment_15014\" aria-describedby=\"caption-attachment-15014\" style=\"width: 2560px\" class=\"wp-caption alignnone\"><img loading=\"lazy\" decoding=\"async\" class=\"size-full wp-image-15014\" src=\"https:\/\/www.m-q.ch\/wp-content\/uploads\/2021\/09\/20210831_SIN_Di_Nm_Impressionen-34-7-scaled.jpg\" alt=\"Sindex\" width=\"2560\" height=\"1707\" srcset=\"https:\/\/www.m-q.ch\/wp-content\/uploads\/2021\/09\/20210831_SIN_Di_Nm_Impressionen-34-7-scaled.jpg 2560w, https:\/\/www.m-q.ch\/wp-content\/uploads\/2021\/09\/20210831_SIN_Di_Nm_Impressionen-34-7-768x512.jpg 768w, https:\/\/www.m-q.ch\/wp-content\/uploads\/2021\/09\/20210831_SIN_Di_Nm_Impressionen-34-7-1536x1024.jpg 1536w, https:\/\/www.m-q.ch\/wp-content\/uploads\/2021\/09\/20210831_SIN_Di_Nm_Impressionen-34-7-2048x1366.jpg 2048w, https:\/\/www.m-q.ch\/wp-content\/uploads\/2021\/09\/20210831_SIN_Di_Nm_Impressionen-34-7-16x12.jpg 16w, https:\/\/www.m-q.ch\/wp-content\/uploads\/2021\/09\/20210831_SIN_Di_Nm_Impressionen-34-7-262x175.jpg 262w, https:\/\/www.m-q.ch\/wp-content\/uploads\/2021\/09\/20210831_SIN_Di_Nm_Impressionen-34-7-525x350.jpg 525w, https:\/\/www.m-q.ch\/wp-content\/uploads\/2021\/09\/20210831_SIN_Di_Nm_Impressionen-34-7-1200x800.jpg 1200w, https:\/\/www.m-q.ch\/wp-content\/uploads\/2021\/09\/20210831_SIN_Di_Nm_Impressionen-34-7-920x613.jpg 920w, https:\/\/www.m-q.ch\/wp-content\/uploads\/2021\/09\/20210831_SIN_Di_Nm_Impressionen-34-7-1400x933.jpg 1400w, https:\/\/www.m-q.ch\/wp-content\/uploads\/2021\/09\/20210831_SIN_Di_Nm_Impressionen-34-7-300x200.jpg 300w\" sizes=\"auto, (max-width: 2560px) 100vw, 2560px\" \/><figcaption id=\"caption-attachment-15014\" class=\"wp-caption-text\">\u00a9 Sindex, bernexpo<\/figcaption><\/figure>\n<h2><strong>Des zones sp\u00e9ciales tr\u00e8s appr\u00e9ci\u00e9es<\/strong><\/h2>\n<p>Les tendances, les innovations et les technologies cl\u00e9s passionnantes ont caract\u00e9ris\u00e9 le salon tout autant que la zone de conf\u00e9rence, o\u00f9 des pr\u00e9sentations approfondies sur les th\u00e8mes principaux ont eu lieu. Le th\u00e8me de la cybers\u00e9curit\u00e9 a montr\u00e9 que les cyberattaques ne touchent plus seulement les grandes entreprises internationales et les organisations \u00e9tatiques, mais qu'elles constituent un probl\u00e8me d'actualit\u00e9 pour l'ensemble du secteur et pour chaque entreprise. L'intelligence artificielle n'est pas non plus un mot d'avenir mythique, mais elle est d\u00e9j\u00e0 appliqu\u00e9e dans de nombreux d\u00e9veloppements innovants. Les pr\u00e9sentations et les discussions en panel sur la maintenance pr\u00e9dictive ont soutenu de nombreux repr\u00e9sentants de l'industrie qui esp\u00e8rent atteindre une plus grande efficacit\u00e9 et efficience gr\u00e2ce \u00e0 des capteurs modernes et des logiciels intelligents. Cela am\u00e9liorera consid\u00e9rablement l'entretien automatique pr\u00e9coce et de routine des installations et des machines.<\/p>\n<p>Les zones sp\u00e9ciales ont \u00e9galement attir\u00e9 beaucoup d'attention : Le concours \"Youth Automation Challenge\" pour les jeunes et le concours pr\u00e9paratoire aux championnats professionnels \"Worldskills\" avec des pr\u00e9tendants au titre de Belgique, d'Allemagne et de Suisse.<\/p>\n<h2><strong>Divers formats interactifs<\/strong><\/h2>\n<p>La plateforme num\u00e9rique aux formats interactifs a offert aux parties int\u00e9ress\u00e9es la possibilit\u00e9 d'obtenir une vue d'ensemble actualis\u00e9e du march\u00e9 et une image des derniers d\u00e9veloppements du secteur pendant trois jours en ligne. Toutes les contributions au forum, les reportages de Sindex News TV et les reportages de fond int\u00e9ressants ont \u00e9t\u00e9 diffus\u00e9s sur la plateforme. Dans les salles de r\u00e9union virtuelles, les contenus ont \u00e9t\u00e9 sp\u00e9cifiquement approfondis et des contacts ont \u00e9t\u00e9 \u00e9tablis. Les nombreuses contributions repr\u00e9sentent une valeur durable pour l'industrie et ont \u00e9t\u00e9 vues plus de 2000 fois pendant la seule foire.<\/p>\n<p>Les responsables de Bernexpo Groupe, les organisateurs, ont tir\u00e9 un bilan positif de ces trois jours de Sindex : \" La possibilit\u00e9 de se d\u00e9placer \u00e0 nouveau sans masque dans un environnement de salon s\u00e9curis\u00e9 a \u00e9t\u00e9 appr\u00e9ci\u00e9e de tous. L'\u00e9largissement du salon \u00e0 une plateforme num\u00e9rique a \u00e9galement permis aux exposants et aux visiteurs de b\u00e9n\u00e9ficier d'une plus grande flexibilit\u00e9 en termes d'espace et de temps. Nous avons re\u00e7u beaucoup de r\u00e9actions positives jusqu'\u00e0 pr\u00e9sent\", d\u00e9clare Ren\u00e9 Westermann, co-exposant. \"Cela a donn\u00e9 aux exposants la possibilit\u00e9 d'\u00e9tendre facilement leur pr\u00e9sence dans l'espace virtuel et de rendre le contenu accessible aux participants qui n'\u00e9taient pas en mesure d'avoir une pr\u00e9sence physique.\" De m\u00eame, les visiteurs ont vu comme un avantage de pouvoir consommer des pr\u00e9sentations s\u00e9lectionn\u00e9es de Sindex pendant et aussi apr\u00e8s l'\u00e9v\u00e9nement en direct, ind\u00e9pendamment du temps et du lieu.<\/p>\n<p>\"Bernexpo r\u00e9pond ainsi aux besoins de tous les groupes cibles et \u00e9tablit de nouvelles normes pour le salon de l'avenir. Cela pourrait devenir la nouvelle norme pour les foires commerciales\", d\u00e9clare Pascal Blanc, responsable des foires commerciales.<\/p>\n<p><em>Communiqu\u00e9 de presse Bernexpo<\/em><\/p>","protected":false},"excerpt":{"rendered":"<p>Mehr Flexibilit\u00e4t f\u00fcr die Besuchenden, eine noch attraktivere Pr\u00e4senz f\u00fcr die Ausstellenden: Das waren zwei wesentliche Ziele der Sindex, die in diesem Jahr vom 31. August bis 2. September sowohl vor Ort auf dem Messegel\u00e4nde in Bern wie auch als digitale Plattform im Internet stattgefunden hat. Die Premiere der hybriden Leitmesse f\u00fcr industrielle Automatisierung sei [&hellip;]<\/p>\n","protected":false},"author":35,"featured_media":15011,"comment_status":"closed","ping_status":"closed","sticky":false,"template":"","format":"standard","meta":{"_acf_changed":false,"footnotes":""},"categories":[1],"tags":[5120],"class_list":["post-15009","post","type-post","status-publish","format-standard","has-post-thumbnail","hentry","category-unkategorisiert","tag-sindex"],"acf":[],"yoast_head":"<!-- This site is optimized with the Yoast SEO plugin v26.2 - https:\/\/yoast.com\/wordpress\/plugins\/seo\/ -->\n<title>Industrieautomation: Sindex zieht positive Bilanz - MQ Management und Qualit\u00e4t<\/title>\n<meta name=\"description\" content=\"Die Sindex, Leitmesse f\u00fcr industrielle Automatisierung, fand vom 31. August bis 2. September live in Bern statt, zugleich auch virtuell.\" \/>\n<meta name=\"robots\" content=\"index, follow, max-snippet:-1, max-image-preview:large, max-video-preview:-1\" \/>\n<link rel=\"canonical\" href=\"https:\/\/www.m-q.ch\/fr\/automatisation-industrielle\/\" \/>\n<meta property=\"og:locale\" content=\"fr_FR\" \/>\n<meta property=\"og:type\" content=\"article\" \/>\n<meta property=\"og:title\" content=\"Industrieautomation: Sindex zieht positive Bilanz - MQ Management und Qualit\u00e4t\" \/>\n<meta property=\"og:description\" content=\"Die Sindex, Leitmesse f\u00fcr industrielle Automatisierung, fand vom 31. August bis 2. September live in Bern statt, zugleich auch virtuell.\" \/>\n<meta property=\"og:url\" content=\"https:\/\/www.m-q.ch\/fr\/automatisation-industrielle\/\" \/>\n<meta property=\"og:site_name\" content=\"MQ Management und Qualit\u00e4t\" \/>\n<meta property=\"article:publisher\" content=\"https:\/\/www.facebook.com\/ManagementUndQualitaet\" \/>\n<meta property=\"article:published_time\" content=\"2021-09-03T14:00:25+00:00\" \/>\n<meta property=\"article:modified_time\" content=\"2021-09-10T09:05:21+00:00\" \/>\n<meta property=\"og:image\" content=\"https:\/\/www.m-q.ch\/wp-content\/uploads\/2021\/09\/20210831_SIN_Di_Vm_Forum_Guy_Parmelin-15-scaled.jpg\" \/>\n\t<meta property=\"og:image:width\" content=\"2560\" \/>\n\t<meta property=\"og:image:height\" content=\"1707\" \/>\n\t<meta property=\"og:image:type\" content=\"image\/jpeg\" \/>\n<meta name=\"author\" content=\"Roger Str\u00e4ssle\" \/>\n<meta name=\"twitter:card\" content=\"summary_large_image\" \/>\n<meta name=\"twitter:label1\" content=\"\u00c9crit par\" \/>\n\t<meta name=\"twitter:data1\" content=\"Roger Str\u00e4ssle\" \/>\n\t<meta name=\"twitter:label2\" content=\"Dur\u00e9e de lecture estim\u00e9e\" \/>\n\t<meta name=\"twitter:data2\" content=\"4 minutes\" \/>\n<script type=\"application\/ld+json\" class=\"yoast-schema-graph\">{\"@context\":\"https:\/\/schema.org\",\"@graph\":[{\"@type\":\"Article\",\"@id\":\"https:\/\/www.m-q.ch\/en\/industrial-automation\/#article\",\"isPartOf\":{\"@id\":\"https:\/\/www.m-q.ch\/en\/industrial-automation\/\"},\"author\":{\"name\":\"Roger Str\u00e4ssle\",\"@id\":\"https:\/\/www.m-q.ch\/fr\/#\/schema\/person\/47d540e081acd98ccbeb69b55df653d7\"},\"headline\":\"Industrieautomation: Sindex zieht positive Bilanz\",\"datePublished\":\"2021-09-03T14:00:25+00:00\",\"dateModified\":\"2021-09-10T09:05:21+00:00\",\"mainEntityOfPage\":{\"@id\":\"https:\/\/www.m-q.ch\/en\/industrial-automation\/\"},\"wordCount\":754,\"publisher\":{\"@id\":\"https:\/\/www.m-q.ch\/fr\/#organization\"},\"image\":{\"@id\":\"https:\/\/www.m-q.ch\/en\/industrial-automation\/#primaryimage\"},\"thumbnailUrl\":\"https:\/\/www.m-q.ch\/wp-content\/uploads\/2021\/09\/20210831_SIN_Di_Vm_Forum_Guy_Parmelin-15-scaled.jpg\",\"keywords\":[\"Sindex\"],\"articleSection\":[\"Unkategorisiert\"],\"inLanguage\":\"fr-FR\"},{\"@type\":\"WebPage\",\"@id\":\"https:\/\/www.m-q.ch\/en\/industrial-automation\/\",\"url\":\"https:\/\/www.m-q.ch\/en\/industrial-automation\/\",\"name\":\"Industrieautomation: Sindex zieht positive Bilanz - MQ Management und Qualit\u00e4t\",\"isPartOf\":{\"@id\":\"https:\/\/www.m-q.ch\/fr\/#website\"},\"primaryImageOfPage\":{\"@id\":\"https:\/\/www.m-q.ch\/en\/industrial-automation\/#primaryimage\"},\"image\":{\"@id\":\"https:\/\/www.m-q.ch\/en\/industrial-automation\/#primaryimage\"},\"thumbnailUrl\":\"https:\/\/www.m-q.ch\/wp-content\/uploads\/2021\/09\/20210831_SIN_Di_Vm_Forum_Guy_Parmelin-15-scaled.jpg\",\"datePublished\":\"2021-09-03T14:00:25+00:00\",\"dateModified\":\"2021-09-10T09:05:21+00:00\",\"description\":\"Die Sindex, Leitmesse f\u00fcr industrielle Automatisierung, fand vom 31. August bis 2. September live in Bern statt, zugleich auch virtuell.\",\"breadcrumb\":{\"@id\":\"https:\/\/www.m-q.ch\/en\/industrial-automation\/#breadcrumb\"},\"inLanguage\":\"fr-FR\",\"potentialAction\":[{\"@type\":\"ReadAction\",\"target\":[\"https:\/\/www.m-q.ch\/en\/industrial-automation\/\"]}]},{\"@type\":\"ImageObject\",\"inLanguage\":\"fr-FR\",\"@id\":\"https:\/\/www.m-q.ch\/en\/industrial-automation\/#primaryimage\",\"url\":\"https:\/\/www.m-q.ch\/wp-content\/uploads\/2021\/09\/20210831_SIN_Di_Vm_Forum_Guy_Parmelin-15-scaled.jpg\",\"contentUrl\":\"https:\/\/www.m-q.ch\/wp-content\/uploads\/2021\/09\/20210831_SIN_Di_Vm_Forum_Guy_Parmelin-15-scaled.jpg\",\"width\":2560,\"height\":1707,\"caption\":\"\u00a9 bernexpo\"},{\"@type\":\"BreadcrumbList\",\"@id\":\"https:\/\/www.m-q.ch\/en\/industrial-automation\/#breadcrumb\",\"itemListElement\":[{\"@type\":\"ListItem\",\"position\":1,\"name\":\"Unkategorisiert\",\"item\":\"https:\/\/www.m-q.ch\/it\/categoria\/senza-categoria\/\"},{\"@type\":\"ListItem\",\"position\":2,\"name\":\"Industrieautomation: Sindex zieht positive Bilanz\"}]},{\"@type\":\"WebSite\",\"@id\":\"https:\/\/www.m-q.ch\/fr\/#website\",\"url\":\"https:\/\/www.m-q.ch\/fr\/\",\"name\":\"MQ Management und Qualit\u00e4t\",\"description\":\"Plattform f\u00fcr integrierte Managementsysteme.\",\"publisher\":{\"@id\":\"https:\/\/www.m-q.ch\/fr\/#organization\"},\"potentialAction\":[{\"@type\":\"SearchAction\",\"target\":{\"@type\":\"EntryPoint\",\"urlTemplate\":\"https:\/\/www.m-q.ch\/fr\/?s={search_term_string}\"},\"query-input\":{\"@type\":\"PropertyValueSpecification\",\"valueRequired\":true,\"valueName\":\"search_term_string\"}}],\"inLanguage\":\"fr-FR\"},{\"@type\":\"Organization\",\"@id\":\"https:\/\/www.m-q.ch\/fr\/#organization\",\"name\":\"Galledia Fachmedien AG\",\"url\":\"https:\/\/www.m-q.ch\/fr\/\",\"logo\":{\"@type\":\"ImageObject\",\"inLanguage\":\"fr-FR\",\"@id\":\"https:\/\/www.m-q.ch\/fr\/#\/schema\/logo\/image\/\",\"url\":\"https:\/\/www.m-q.ch\/wp-content\/uploads\/2020\/12\/cropped-logo_small.png\",\"contentUrl\":\"https:\/\/www.m-q.ch\/wp-content\/uploads\/2020\/12\/cropped-logo_small.png\",\"width\":512,\"height\":512,\"caption\":\"Galledia Fachmedien AG\"},\"image\":{\"@id\":\"https:\/\/www.m-q.ch\/fr\/#\/schema\/logo\/image\/\"},\"sameAs\":[\"https:\/\/www.facebook.com\/ManagementUndQualitaet\",\"https:\/\/www.linkedin.com\/showcase\/17982321\/admin\/\"]},{\"@type\":\"Person\",\"@id\":\"https:\/\/www.m-q.ch\/fr\/#\/schema\/person\/47d540e081acd98ccbeb69b55df653d7\",\"name\":\"Roger Str\u00e4ssle\",\"image\":{\"@type\":\"ImageObject\",\"inLanguage\":\"fr-FR\",\"@id\":\"https:\/\/www.m-q.ch\/fr\/#\/schema\/person\/image\/\",\"url\":\"https:\/\/secure.gravatar.com\/avatar\/e4dde3046d8a184d2e2d27651a418883?s=96&d=mm&r=g\",\"contentUrl\":\"https:\/\/secure.gravatar.com\/avatar\/e4dde3046d8a184d2e2d27651a418883?s=96&d=mm&r=g\",\"caption\":\"Roger Str\u00e4ssle\"},\"url\":\"https:\/\/www.m-q.ch\/fr\/author\/roger-straessle\/\"}]}<\/script>\n<!-- \/ Yoast SEO plugin. -->","yoast_head_json":{"title":"Automatisation industrielle : Sindex fait un bilan positif - MQ Management und Qualit\u00e4t","description":"Sindex, le principal salon professionnel de l'automatisation industrielle, s'est d\u00e9roul\u00e9 en direct \u00e0 Berne du 31 ao\u00fbt au 2 septembre, mais aussi de mani\u00e8re virtuelle.","robots":{"index":"index","follow":"follow","max-snippet":"max-snippet:-1","max-image-preview":"max-image-preview:large","max-video-preview":"max-video-preview:-1"},"canonical":"https:\/\/www.m-q.ch\/fr\/automatisation-industrielle\/","og_locale":"fr_FR","og_type":"article","og_title":"Industrieautomation: Sindex zieht positive Bilanz - MQ Management und Qualit\u00e4t","og_description":"Die Sindex, Leitmesse f\u00fcr industrielle Automatisierung, fand vom 31. August bis 2. September live in Bern statt, zugleich auch virtuell.","og_url":"https:\/\/www.m-q.ch\/fr\/automatisation-industrielle\/","og_site_name":"MQ Management und Qualit\u00e4t","article_publisher":"https:\/\/www.facebook.com\/ManagementUndQualitaet","article_published_time":"2021-09-03T14:00:25+00:00","article_modified_time":"2021-09-10T09:05:21+00:00","og_image":[{"width":2560,"height":1707,"url":"https:\/\/www.m-q.ch\/wp-content\/uploads\/2021\/09\/20210831_SIN_Di_Vm_Forum_Guy_Parmelin-15-scaled.jpg","type":"image\/jpeg"}],"author":"Roger Str\u00e4ssle","twitter_card":"summary_large_image","twitter_misc":{"\u00c9crit par":"Roger Str\u00e4ssle","Dur\u00e9e de lecture estim\u00e9e":"4 minutes"},"schema":{"@context":"https:\/\/schema.org","@graph":[{"@type":"Article","@id":"https:\/\/www.m-q.ch\/en\/industrial-automation\/#article","isPartOf":{"@id":"https:\/\/www.m-q.ch\/en\/industrial-automation\/"},"author":{"name":"Roger Str\u00e4ssle","@id":"https:\/\/www.m-q.ch\/fr\/#\/schema\/person\/47d540e081acd98ccbeb69b55df653d7"},"headline":"Industrieautomation: Sindex zieht positive Bilanz","datePublished":"2021-09-03T14:00:25+00:00","dateModified":"2021-09-10T09:05:21+00:00","mainEntityOfPage":{"@id":"https:\/\/www.m-q.ch\/en\/industrial-automation\/"},"wordCount":754,"publisher":{"@id":"https:\/\/www.m-q.ch\/fr\/#organization"},"image":{"@id":"https:\/\/www.m-q.ch\/en\/industrial-automation\/#primaryimage"},"thumbnailUrl":"https:\/\/www.m-q.ch\/wp-content\/uploads\/2021\/09\/20210831_SIN_Di_Vm_Forum_Guy_Parmelin-15-scaled.jpg","keywords":["Sindex"],"articleSection":["Unkategorisiert"],"inLanguage":"fr-FR"},{"@type":"WebPage","@id":"https:\/\/www.m-q.ch\/en\/industrial-automation\/","url":"https:\/\/www.m-q.ch\/en\/industrial-automation\/","name":"Automatisation industrielle : Sindex fait un bilan positif - MQ Management und Qualit\u00e4t","isPartOf":{"@id":"https:\/\/www.m-q.ch\/fr\/#website"},"primaryImageOfPage":{"@id":"https:\/\/www.m-q.ch\/en\/industrial-automation\/#primaryimage"},"image":{"@id":"https:\/\/www.m-q.ch\/en\/industrial-automation\/#primaryimage"},"thumbnailUrl":"https:\/\/www.m-q.ch\/wp-content\/uploads\/2021\/09\/20210831_SIN_Di_Vm_Forum_Guy_Parmelin-15-scaled.jpg","datePublished":"2021-09-03T14:00:25+00:00","dateModified":"2021-09-10T09:05:21+00:00","description":"Sindex, le principal salon professionnel de l'automatisation industrielle, s'est d\u00e9roul\u00e9 en direct \u00e0 Berne du 31 ao\u00fbt au 2 septembre, mais aussi de mani\u00e8re virtuelle.","breadcrumb":{"@id":"https:\/\/www.m-q.ch\/en\/industrial-automation\/#breadcrumb"},"inLanguage":"fr-FR","potentialAction":[{"@type":"ReadAction","target":["https:\/\/www.m-q.ch\/en\/industrial-automation\/"]}]},{"@type":"ImageObject","inLanguage":"fr-FR","@id":"https:\/\/www.m-q.ch\/en\/industrial-automation\/#primaryimage","url":"https:\/\/www.m-q.ch\/wp-content\/uploads\/2021\/09\/20210831_SIN_Di_Vm_Forum_Guy_Parmelin-15-scaled.jpg","contentUrl":"https:\/\/www.m-q.ch\/wp-content\/uploads\/2021\/09\/20210831_SIN_Di_Vm_Forum_Guy_Parmelin-15-scaled.jpg","width":2560,"height":1707,"caption":"\u00a9 bernexpo"},{"@type":"BreadcrumbList","@id":"https:\/\/www.m-q.ch\/en\/industrial-automation\/#breadcrumb","itemListElement":[{"@type":"ListItem","position":1,"name":"Unkategorisiert","item":"https:\/\/www.m-q.ch\/it\/categoria\/senza-categoria\/"},{"@type":"ListItem","position":2,"name":"Industrieautomation: Sindex zieht positive Bilanz"}]},{"@type":"WebSite","@id":"https:\/\/www.m-q.ch\/fr\/#website","url":"https:\/\/www.m-q.ch\/fr\/","name":"Gestion et qualit\u00e9 du QM","description":"Plate-forme pour les syst\u00e8mes de gestion int\u00e9gr\u00e9e.","publisher":{"@id":"https:\/\/www.m-q.ch\/fr\/#organization"},"potentialAction":[{"@type":"SearchAction","target":{"@type":"EntryPoint","urlTemplate":"https:\/\/www.m-q.ch\/fr\/?s={search_term_string}"},"query-input":{"@type":"PropertyValueSpecification","valueRequired":true,"valueName":"search_term_string"}}],"inLanguage":"fr-FR"},{"@type":"Organization","@id":"https:\/\/www.m-q.ch\/fr\/#organization","name":"Galledia Trade Media AG","url":"https:\/\/www.m-q.ch\/fr\/","logo":{"@type":"ImageObject","inLanguage":"fr-FR","@id":"https:\/\/www.m-q.ch\/fr\/#\/schema\/logo\/image\/","url":"https:\/\/www.m-q.ch\/wp-content\/uploads\/2020\/12\/cropped-logo_small.png","contentUrl":"https:\/\/www.m-q.ch\/wp-content\/uploads\/2020\/12\/cropped-logo_small.png","width":512,"height":512,"caption":"Galledia Fachmedien AG"},"image":{"@id":"https:\/\/www.m-q.ch\/fr\/#\/schema\/logo\/image\/"},"sameAs":["https:\/\/www.facebook.com\/ManagementUndQualitaet","https:\/\/www.linkedin.com\/showcase\/17982321\/admin\/"]},{"@type":"Person","@id":"https:\/\/www.m-q.ch\/fr\/#\/schema\/person\/47d540e081acd98ccbeb69b55df653d7","name":"Roger Str\u00e4ssle","image":{"@type":"ImageObject","inLanguage":"fr-FR","@id":"https:\/\/www.m-q.ch\/fr\/#\/schema\/person\/image\/","url":"https:\/\/secure.gravatar.com\/avatar\/e4dde3046d8a184d2e2d27651a418883?s=96&d=mm&r=g","contentUrl":"https:\/\/secure.gravatar.com\/avatar\/e4dde3046d8a184d2e2d27651a418883?s=96&d=mm&r=g","caption":"Roger Str\u00e4ssle"},"url":"https:\/\/www.m-q.ch\/fr\/author\/roger-straessle\/"}]}},"_links":{"self":[{"href":"https:\/\/www.m-q.ch\/fr\/wp-json\/wp\/v2\/posts\/15009","targetHints":{"allow":["GET"]}}],"collection":[{"href":"https:\/\/www.m-q.ch\/fr\/wp-json\/wp\/v2\/posts"}],"about":[{"href":"https:\/\/www.m-q.ch\/fr\/wp-json\/wp\/v2\/types\/post"}],"author":[{"embeddable":true,"href":"https:\/\/www.m-q.ch\/fr\/wp-json\/wp\/v2\/users\/35"}],"replies":[{"embeddable":true,"href":"https:\/\/www.m-q.ch\/fr\/wp-json\/wp\/v2\/comments?post=15009"}],"version-history":[{"count":10,"href":"https:\/\/www.m-q.ch\/fr\/wp-json\/wp\/v2\/posts\/15009\/revisions"}],"predecessor-version":[{"id":15022,"href":"https:\/\/www.m-q.ch\/fr\/wp-json\/wp\/v2\/posts\/15009\/revisions\/15022"}],"wp:featuredmedia":[{"embeddable":true,"href":"https:\/\/www.m-q.ch\/fr\/wp-json\/wp\/v2\/media\/15011"}],"wp:attachment":[{"href":"https:\/\/www.m-q.ch\/fr\/wp-json\/wp\/v2\/media?parent=15009"}],"wp:term":[{"taxonomy":"category","embeddable":true,"href":"https:\/\/www.m-q.ch\/fr\/wp-json\/wp\/v2\/categories?post=15009"},{"taxonomy":"post_tag","embeddable":true,"href":"https:\/\/www.m-q.ch\/fr\/wp-json\/wp\/v2\/tags?post=15009"}],"curies":[{"name":"wp","href":"https:\/\/api.w.org\/{rel}","templated":true}]}}