{"id":15300,"date":"2021-10-22T07:24:04","date_gmt":"2021-10-22T05:24:04","guid":{"rendered":"https:\/\/www.m-q.ch\/?p=15300"},"modified":"2021-10-26T09:25:32","modified_gmt":"2021-10-26T07:25:32","slug":"iso-45003-gerer-la-charge-mentale-dans-lentreprise","status":"publish","type":"post","link":"https:\/\/www.m-q.ch\/fr\/iso-45003-psychische-belastungen-in-unternehmen-managen\/","title":{"rendered":"ISO 45003 : Gestion du stress mental dans l'entreprise"},"content":{"rendered":"<figure id=\"attachment_15301\" aria-describedby=\"caption-attachment-15301\" style=\"width: 2362px\" class=\"wp-caption alignnone\"><img loading=\"lazy\" decoding=\"async\" class=\"size-full wp-image-15301\" src=\"https:\/\/www.m-q.ch\/wp-content\/uploads\/2021\/10\/Kopfschmerzen-am-Arbeitsplatz.jpg\" alt=\"ISO 45003, stress mental\" width=\"2362\" height=\"1772\" srcset=\"https:\/\/www.m-q.ch\/wp-content\/uploads\/2021\/10\/Kopfschmerzen-am-Arbeitsplatz.jpg 2362w, https:\/\/www.m-q.ch\/wp-content\/uploads\/2021\/10\/Kopfschmerzen-am-Arbeitsplatz-768x576.jpg 768w, https:\/\/www.m-q.ch\/wp-content\/uploads\/2021\/10\/Kopfschmerzen-am-Arbeitsplatz-1536x1152.jpg 1536w, https:\/\/www.m-q.ch\/wp-content\/uploads\/2021\/10\/Kopfschmerzen-am-Arbeitsplatz-2048x1536.jpg 2048w, https:\/\/www.m-q.ch\/wp-content\/uploads\/2021\/10\/Kopfschmerzen-am-Arbeitsplatz-16x12.jpg 16w, https:\/\/www.m-q.ch\/wp-content\/uploads\/2021\/10\/Kopfschmerzen-am-Arbeitsplatz-233x175.jpg 233w, https:\/\/www.m-q.ch\/wp-content\/uploads\/2021\/10\/Kopfschmerzen-am-Arbeitsplatz-467x350.jpg 467w, https:\/\/www.m-q.ch\/wp-content\/uploads\/2021\/10\/Kopfschmerzen-am-Arbeitsplatz-1066x800.jpg 1066w, https:\/\/www.m-q.ch\/wp-content\/uploads\/2021\/10\/Kopfschmerzen-am-Arbeitsplatz-920x690.jpg 920w, https:\/\/www.m-q.ch\/wp-content\/uploads\/2021\/10\/Kopfschmerzen-am-Arbeitsplatz-1400x1050.jpg 1400w, https:\/\/www.m-q.ch\/wp-content\/uploads\/2021\/10\/Kopfschmerzen-am-Arbeitsplatz-1866x1400.jpg 1866w, https:\/\/www.m-q.ch\/wp-content\/uploads\/2021\/10\/Kopfschmerzen-am-Arbeitsplatz-300x225.jpg 300w\" sizes=\"auto, (max-width: 2362px) 100vw, 2362px\" \/><figcaption id=\"caption-attachment-15301\" class=\"wp-caption-text\">Maux de t\u00eate sur le lieu de travail. Photo : T\u00dcV Rheinland<\/figcaption><\/figure>\n<p>\"La norme ISO 45003 souligne l'importance du stress mental dans la sant\u00e9 et la s\u00e9curit\u00e9 au travail aujourd'hui. Les cons\u00e9quences telles que la diminution des performances et l'augmentation de la rotation du personnel ainsi que les longues p\u00e9riodes d'incapacit\u00e9 de travail entra\u00eenent des co\u00fbts \u00e9lev\u00e9s dans les entreprises. Il est donc important d'identifier le stress mental dans le cadre d'une \u00e9valuation des risques et de le r\u00e9duire par des mesures appropri\u00e9es. \u00c0 cette fin, le <a href=\"https:\/\/www.tuv.com\/iso45003\" target=\"_blank\" rel=\"noopener\">ISO 45003<\/a>\u00a0une ligne directrice compl\u00e8te dont nous tenons compte dans tous nos services\", explique Iris Dohmen, psychologue au T\u00dcV Rheinland, qui conseille des entreprises et des organisations de diff\u00e9rents secteurs sur des questions de psychologie du travail.<\/p>\n<h2>Responsabilit\u00e9 partag\u00e9e de tous les niveaux hi\u00e9rarchiques<\/h2>\n<p>Tous les niveaux hi\u00e9rarchiques de l'entreprise doivent collaborer \u00e0 la gestion du stress mental : La direction envoie un signal important \u00e0 tous les employ\u00e9s par son engagement clairement communiqu\u00e9 en mati\u00e8re de sant\u00e9 et de s\u00e9curit\u00e9 au travail. Il fournit \u00e9galement le cadre pour les analyses, les mesures et les \u00e9valuations et cr\u00e9e les conditions de mise en \u0153uvre en fournissant des ressources. \"La norme ISO 45003 souligne l'importance des employ\u00e9s \u00e0 toutes les \u00e9tapes du processus. Ils sont les experts de leur zone de travail : ils connaissent les risques, les effets des mesures prises et peuvent faire d'autres suggestions d'am\u00e9lioration\", explique M. Dohmen.<\/p>\n<p>La confidentialit\u00e9 et l'anonymat sont les conditions pr\u00e9alables pour que les employ\u00e9s puissent signaler des incidents et des risques ou parler des effets des dangers sur la sant\u00e9. Par cons\u00e9quent, la norme ISO 45003 exige que les donn\u00e9es soient collect\u00e9es et document\u00e9es de mani\u00e8re \u00e0 ce qu'aucune conclusion ne puisse \u00eatre tir\u00e9e sur les employ\u00e9s individuels.<\/p>\n<h2>La gestion du stress mental est un processus continu<\/h2>\n<p>Reconna\u00eetre et r\u00e9duire le stress mental est un processus qui doit \u00eatre contr\u00f4l\u00e9 en permanence par toutes les personnes concern\u00e9es : Il est important d'analyser les effets des mesures et de chercher \u00e0 les am\u00e9liorer \u00e0 nouveau. Il est donc important de fournir des informations compl\u00e8tes sur la gestion du stress mental et de communiquer r\u00e9guli\u00e8rement sur l'\u00e9tat d'avancement des mesures. \"Une bonne communication est la cl\u00e9 pour impliquer les managers et leurs \u00e9quipes dans le d\u00e9veloppement de tous les processus de gestion du stress mental\", explique M. Dohmen. Cette communication est \u00e0 plusieurs niveaux. Elle comprend, par exemple, des informations sur la mani\u00e8re dont les changements li\u00e9s au travail peuvent affecter la sant\u00e9 et le bien-\u00eatre, les attentes des employ\u00e9s et les possibilit\u00e9s de retour d'information. En collectant et en \u00e9valuant continuellement les informations sur le stress mental, on cr\u00e9e un processus continu. Ce processus d'am\u00e9lioration continue permet non seulement de r\u00e9duire le stress mental, mais aussi d'am\u00e9liorer en m\u00eame temps les performances et la productivit\u00e9 de l'entreprise.<\/p>\n<p><em>Pour plus d'informations sur de nombreux sujets li\u00e9s \u00e0 la s\u00e9curit\u00e9 au travail : <a href=\"https:\/\/www.tuv.com\/abo-psychologie\" target=\"_blank\" rel=\"noopener\">www.tuv.com\/abo-psychologie<\/a>\u00a0<\/em><\/p>\n<p><em>Source : <span class=\"author vcard\"><a title=\"Contributions de T\u00dcV Rheinland Press\" href=\"https:\/\/presse.tuv.com\/author\/tuevrheinlandpresse\/\" rel=\"author\">Presse T\u00dcV Rheinland<\/a><\/span>\u00a0<\/em><\/p>\n<p>&nbsp;<\/p>\n<p>Autres sujets MQ :<\/p>\n<ul>\n<li><a href=\"http:\/\/www.m-q.ch\/fr\/ne-pas-lesiner-au-mauvais-endroit\/\">Ne soyez pas avare au mauvais endroit.<\/a><\/li>\n<li><a href=\"http:\/\/www.m-q.ch\/fr\/la-securite-du-travail\/\">La manutention correcte des charges all\u00e8ge le budget de l'entreprise.<\/a><\/li>\n<\/ul>","protected":false},"excerpt":{"rendered":"<p>\u201eDie ISO 45003 unterstreicht die Bedeutung, die psychische Belastungen heute im Arbeits- und Gesundheitsschutz haben. Folgen wie eine verminderte Leistungsf\u00e4higkeit und eine erh\u00f6hte Fluktuation der Mitarbeiterinnen und Mitarbeiter sowie lange Arbeitsunf\u00e4higkeitszeiten verursachen in den Unternehmen hohe Kosten. Daher ist es wichtig, psychische Belastungen im Rahmen einer Gef\u00e4hrdungsbeurteilung zu ermitteln und durch geeignete Ma\u00dfnahmen zu reduzieren. [&hellip;]<\/p>\n","protected":false},"author":35,"featured_media":15301,"comment_status":"closed","ping_status":"closed","sticky":false,"template":"","format":"standard","meta":{"_acf_changed":false,"footnotes":""},"categories":[4],"tags":[5161,5162],"class_list":["post-15300","post","type-post","status-publish","format-standard","has-post-thumbnail","hentry","category-risikomanagement","tag-iso-45003","tag-psychische-belastungen"],"acf":[],"yoast_head":"<!-- This site is optimized with the Yoast SEO plugin v26.2 - https:\/\/yoast.com\/wordpress\/plugins\/seo\/ -->\n<title>ISO 45003: psychische Belastungen im Unternehmen managen - MQ Management und Qualit\u00e4t<\/title>\n<meta name=\"description\" content=\"Mit der ISO 45003 ist im Jahr 2021 die erste internationale Norm zum Management psychischer Belastungen ver\u00f6ffentlicht worden.\" \/>\n<meta name=\"robots\" content=\"index, follow, max-snippet:-1, max-image-preview:large, max-video-preview:-1\" \/>\n<link rel=\"canonical\" href=\"https:\/\/www.m-q.ch\/fr\/iso-45003-gerer-la-charge-mentale-dans-lentreprise\/\" \/>\n<meta property=\"og:locale\" content=\"fr_FR\" \/>\n<meta property=\"og:type\" content=\"article\" \/>\n<meta property=\"og:title\" content=\"ISO 45003: psychische Belastungen im Unternehmen managen - MQ Management und Qualit\u00e4t\" \/>\n<meta property=\"og:description\" content=\"Mit der ISO 45003 ist im Jahr 2021 die erste internationale Norm zum Management psychischer Belastungen ver\u00f6ffentlicht worden.\" \/>\n<meta property=\"og:url\" content=\"https:\/\/www.m-q.ch\/fr\/iso-45003-gerer-la-charge-mentale-dans-lentreprise\/\" \/>\n<meta property=\"og:site_name\" content=\"MQ Management und Qualit\u00e4t\" \/>\n<meta property=\"article:publisher\" content=\"https:\/\/www.facebook.com\/ManagementUndQualitaet\" \/>\n<meta property=\"article:published_time\" content=\"2021-10-22T05:24:04+00:00\" \/>\n<meta property=\"article:modified_time\" content=\"2021-10-26T07:25:32+00:00\" \/>\n<meta property=\"og:image\" content=\"https:\/\/www.m-q.ch\/wp-content\/uploads\/2021\/10\/Kopfschmerzen-am-Arbeitsplatz.jpg\" \/>\n\t<meta property=\"og:image:width\" content=\"2362\" \/>\n\t<meta property=\"og:image:height\" content=\"1772\" \/>\n\t<meta property=\"og:image:type\" content=\"image\/jpeg\" \/>\n<meta name=\"author\" content=\"Roger Str\u00e4ssle\" \/>\n<meta name=\"twitter:card\" content=\"summary_large_image\" \/>\n<meta name=\"twitter:label1\" content=\"\u00c9crit par\" \/>\n\t<meta name=\"twitter:data1\" content=\"Roger Str\u00e4ssle\" \/>\n\t<meta name=\"twitter:label2\" content=\"Dur\u00e9e de lecture estim\u00e9e\" \/>\n\t<meta name=\"twitter:data2\" content=\"2 minutes\" \/>\n<script type=\"application\/ld+json\" class=\"yoast-schema-graph\">{\"@context\":\"https:\/\/schema.org\",\"@graph\":[{\"@type\":\"Article\",\"@id\":\"https:\/\/www.m-q.ch\/iso-45003-psychische-belastungen-in-unternehmen-managen\/#article\",\"isPartOf\":{\"@id\":\"https:\/\/www.m-q.ch\/iso-45003-psychische-belastungen-in-unternehmen-managen\/\"},\"author\":{\"name\":\"Roger Str\u00e4ssle\",\"@id\":\"https:\/\/www.m-q.ch\/fr\/#\/schema\/person\/47d540e081acd98ccbeb69b55df653d7\"},\"headline\":\"ISO 45003: psychische Belastungen im Unternehmen managen\",\"datePublished\":\"2021-10-22T05:24:04+00:00\",\"dateModified\":\"2021-10-26T07:25:32+00:00\",\"mainEntityOfPage\":{\"@id\":\"https:\/\/www.m-q.ch\/iso-45003-psychische-belastungen-in-unternehmen-managen\/\"},\"wordCount\":456,\"publisher\":{\"@id\":\"https:\/\/www.m-q.ch\/fr\/#organization\"},\"image\":{\"@id\":\"https:\/\/www.m-q.ch\/iso-45003-psychische-belastungen-in-unternehmen-managen\/#primaryimage\"},\"thumbnailUrl\":\"https:\/\/www.m-q.ch\/wp-content\/uploads\/2021\/10\/Kopfschmerzen-am-Arbeitsplatz.jpg\",\"keywords\":[\"ISO 45003\",\"psychische Belastungen\"],\"articleSection\":[\"Risikomanagement\"],\"inLanguage\":\"fr-FR\"},{\"@type\":\"WebPage\",\"@id\":\"https:\/\/www.m-q.ch\/iso-45003-psychische-belastungen-in-unternehmen-managen\/\",\"url\":\"https:\/\/www.m-q.ch\/iso-45003-psychische-belastungen-in-unternehmen-managen\/\",\"name\":\"ISO 45003: psychische Belastungen im Unternehmen managen - MQ Management und Qualit\u00e4t\",\"isPartOf\":{\"@id\":\"https:\/\/www.m-q.ch\/fr\/#website\"},\"primaryImageOfPage\":{\"@id\":\"https:\/\/www.m-q.ch\/iso-45003-psychische-belastungen-in-unternehmen-managen\/#primaryimage\"},\"image\":{\"@id\":\"https:\/\/www.m-q.ch\/iso-45003-psychische-belastungen-in-unternehmen-managen\/#primaryimage\"},\"thumbnailUrl\":\"https:\/\/www.m-q.ch\/wp-content\/uploads\/2021\/10\/Kopfschmerzen-am-Arbeitsplatz.jpg\",\"datePublished\":\"2021-10-22T05:24:04+00:00\",\"dateModified\":\"2021-10-26T07:25:32+00:00\",\"description\":\"Mit der ISO 45003 ist im Jahr 2021 die erste internationale Norm zum Management psychischer Belastungen ver\u00f6ffentlicht worden.\",\"breadcrumb\":{\"@id\":\"https:\/\/www.m-q.ch\/iso-45003-psychische-belastungen-in-unternehmen-managen\/#breadcrumb\"},\"inLanguage\":\"fr-FR\",\"potentialAction\":[{\"@type\":\"ReadAction\",\"target\":[\"https:\/\/www.m-q.ch\/iso-45003-psychische-belastungen-in-unternehmen-managen\/\"]}]},{\"@type\":\"ImageObject\",\"inLanguage\":\"fr-FR\",\"@id\":\"https:\/\/www.m-q.ch\/iso-45003-psychische-belastungen-in-unternehmen-managen\/#primaryimage\",\"url\":\"https:\/\/www.m-q.ch\/wp-content\/uploads\/2021\/10\/Kopfschmerzen-am-Arbeitsplatz.jpg\",\"contentUrl\":\"https:\/\/www.m-q.ch\/wp-content\/uploads\/2021\/10\/Kopfschmerzen-am-Arbeitsplatz.jpg\",\"width\":2362,\"height\":1772,\"caption\":\"Kopfschmerzen am Arbeitsplatz. Foto: T\u00dcV Rheinland\"},{\"@type\":\"BreadcrumbList\",\"@id\":\"https:\/\/www.m-q.ch\/iso-45003-psychische-belastungen-in-unternehmen-managen\/#breadcrumb\",\"itemListElement\":[{\"@type\":\"ListItem\",\"position\":1,\"name\":\"Risikomanagement\",\"item\":\"https:\/\/www.m-q.ch\/kategorie\/risikomanagement\/\"},{\"@type\":\"ListItem\",\"position\":2,\"name\":\"ISO 45003: psychische Belastungen im Unternehmen managen\"}]},{\"@type\":\"WebSite\",\"@id\":\"https:\/\/www.m-q.ch\/fr\/#website\",\"url\":\"https:\/\/www.m-q.ch\/fr\/\",\"name\":\"MQ Management und Qualit\u00e4t\",\"description\":\"Plattform f\u00fcr integrierte Managementsysteme.\",\"publisher\":{\"@id\":\"https:\/\/www.m-q.ch\/fr\/#organization\"},\"potentialAction\":[{\"@type\":\"SearchAction\",\"target\":{\"@type\":\"EntryPoint\",\"urlTemplate\":\"https:\/\/www.m-q.ch\/fr\/?s={search_term_string}\"},\"query-input\":{\"@type\":\"PropertyValueSpecification\",\"valueRequired\":true,\"valueName\":\"search_term_string\"}}],\"inLanguage\":\"fr-FR\"},{\"@type\":\"Organization\",\"@id\":\"https:\/\/www.m-q.ch\/fr\/#organization\",\"name\":\"Galledia Fachmedien AG\",\"url\":\"https:\/\/www.m-q.ch\/fr\/\",\"logo\":{\"@type\":\"ImageObject\",\"inLanguage\":\"fr-FR\",\"@id\":\"https:\/\/www.m-q.ch\/fr\/#\/schema\/logo\/image\/\",\"url\":\"https:\/\/www.m-q.ch\/wp-content\/uploads\/2020\/12\/cropped-logo_small.png\",\"contentUrl\":\"https:\/\/www.m-q.ch\/wp-content\/uploads\/2020\/12\/cropped-logo_small.png\",\"width\":512,\"height\":512,\"caption\":\"Galledia Fachmedien AG\"},\"image\":{\"@id\":\"https:\/\/www.m-q.ch\/fr\/#\/schema\/logo\/image\/\"},\"sameAs\":[\"https:\/\/www.facebook.com\/ManagementUndQualitaet\",\"https:\/\/www.linkedin.com\/showcase\/17982321\/admin\/\"]},{\"@type\":\"Person\",\"@id\":\"https:\/\/www.m-q.ch\/fr\/#\/schema\/person\/47d540e081acd98ccbeb69b55df653d7\",\"name\":\"Roger Str\u00e4ssle\",\"image\":{\"@type\":\"ImageObject\",\"inLanguage\":\"fr-FR\",\"@id\":\"https:\/\/www.m-q.ch\/fr\/#\/schema\/person\/image\/\",\"url\":\"https:\/\/secure.gravatar.com\/avatar\/e4dde3046d8a184d2e2d27651a418883?s=96&d=mm&r=g\",\"contentUrl\":\"https:\/\/secure.gravatar.com\/avatar\/e4dde3046d8a184d2e2d27651a418883?s=96&d=mm&r=g\",\"caption\":\"Roger Str\u00e4ssle\"},\"url\":\"https:\/\/www.m-q.ch\/fr\/author\/roger-straessle\/\"}]}<\/script>\n<!-- \/ Yoast SEO plugin. -->","yoast_head_json":{"title":"ISO 45003 : Gestion du stress mental dans l'entreprise - MQ Management und Qualit\u00e4t","description":"Avec la norme ISO 45003, la premi\u00e8re norme internationale sur la gestion du stress mental a \u00e9t\u00e9 publi\u00e9e en 2021.","robots":{"index":"index","follow":"follow","max-snippet":"max-snippet:-1","max-image-preview":"max-image-preview:large","max-video-preview":"max-video-preview:-1"},"canonical":"https:\/\/www.m-q.ch\/fr\/iso-45003-gerer-la-charge-mentale-dans-lentreprise\/","og_locale":"fr_FR","og_type":"article","og_title":"ISO 45003: psychische Belastungen im Unternehmen managen - MQ Management und Qualit\u00e4t","og_description":"Mit der ISO 45003 ist im Jahr 2021 die erste internationale Norm zum Management psychischer Belastungen ver\u00f6ffentlicht worden.","og_url":"https:\/\/www.m-q.ch\/fr\/iso-45003-gerer-la-charge-mentale-dans-lentreprise\/","og_site_name":"MQ Management und Qualit\u00e4t","article_publisher":"https:\/\/www.facebook.com\/ManagementUndQualitaet","article_published_time":"2021-10-22T05:24:04+00:00","article_modified_time":"2021-10-26T07:25:32+00:00","og_image":[{"width":2362,"height":1772,"url":"https:\/\/www.m-q.ch\/wp-content\/uploads\/2021\/10\/Kopfschmerzen-am-Arbeitsplatz.jpg","type":"image\/jpeg"}],"author":"Roger Str\u00e4ssle","twitter_card":"summary_large_image","twitter_misc":{"\u00c9crit par":"Roger Str\u00e4ssle","Dur\u00e9e de lecture estim\u00e9e":"2 minutes"},"schema":{"@context":"https:\/\/schema.org","@graph":[{"@type":"Article","@id":"https:\/\/www.m-q.ch\/iso-45003-psychische-belastungen-in-unternehmen-managen\/#article","isPartOf":{"@id":"https:\/\/www.m-q.ch\/iso-45003-psychische-belastungen-in-unternehmen-managen\/"},"author":{"name":"Roger Str\u00e4ssle","@id":"https:\/\/www.m-q.ch\/fr\/#\/schema\/person\/47d540e081acd98ccbeb69b55df653d7"},"headline":"ISO 45003: psychische Belastungen im Unternehmen managen","datePublished":"2021-10-22T05:24:04+00:00","dateModified":"2021-10-26T07:25:32+00:00","mainEntityOfPage":{"@id":"https:\/\/www.m-q.ch\/iso-45003-psychische-belastungen-in-unternehmen-managen\/"},"wordCount":456,"publisher":{"@id":"https:\/\/www.m-q.ch\/fr\/#organization"},"image":{"@id":"https:\/\/www.m-q.ch\/iso-45003-psychische-belastungen-in-unternehmen-managen\/#primaryimage"},"thumbnailUrl":"https:\/\/www.m-q.ch\/wp-content\/uploads\/2021\/10\/Kopfschmerzen-am-Arbeitsplatz.jpg","keywords":["ISO 45003","psychische Belastungen"],"articleSection":["Risikomanagement"],"inLanguage":"fr-FR"},{"@type":"WebPage","@id":"https:\/\/www.m-q.ch\/iso-45003-psychische-belastungen-in-unternehmen-managen\/","url":"https:\/\/www.m-q.ch\/iso-45003-psychische-belastungen-in-unternehmen-managen\/","name":"ISO 45003 : Gestion du stress mental dans l'entreprise - MQ Management und Qualit\u00e4t","isPartOf":{"@id":"https:\/\/www.m-q.ch\/fr\/#website"},"primaryImageOfPage":{"@id":"https:\/\/www.m-q.ch\/iso-45003-psychische-belastungen-in-unternehmen-managen\/#primaryimage"},"image":{"@id":"https:\/\/www.m-q.ch\/iso-45003-psychische-belastungen-in-unternehmen-managen\/#primaryimage"},"thumbnailUrl":"https:\/\/www.m-q.ch\/wp-content\/uploads\/2021\/10\/Kopfschmerzen-am-Arbeitsplatz.jpg","datePublished":"2021-10-22T05:24:04+00:00","dateModified":"2021-10-26T07:25:32+00:00","description":"Avec la norme ISO 45003, la premi\u00e8re norme internationale sur la gestion du stress mental a \u00e9t\u00e9 publi\u00e9e en 2021.","breadcrumb":{"@id":"https:\/\/www.m-q.ch\/iso-45003-psychische-belastungen-in-unternehmen-managen\/#breadcrumb"},"inLanguage":"fr-FR","potentialAction":[{"@type":"ReadAction","target":["https:\/\/www.m-q.ch\/iso-45003-psychische-belastungen-in-unternehmen-managen\/"]}]},{"@type":"ImageObject","inLanguage":"fr-FR","@id":"https:\/\/www.m-q.ch\/iso-45003-psychische-belastungen-in-unternehmen-managen\/#primaryimage","url":"https:\/\/www.m-q.ch\/wp-content\/uploads\/2021\/10\/Kopfschmerzen-am-Arbeitsplatz.jpg","contentUrl":"https:\/\/www.m-q.ch\/wp-content\/uploads\/2021\/10\/Kopfschmerzen-am-Arbeitsplatz.jpg","width":2362,"height":1772,"caption":"Kopfschmerzen am Arbeitsplatz. Foto: T\u00dcV Rheinland"},{"@type":"BreadcrumbList","@id":"https:\/\/www.m-q.ch\/iso-45003-psychische-belastungen-in-unternehmen-managen\/#breadcrumb","itemListElement":[{"@type":"ListItem","position":1,"name":"Risikomanagement","item":"https:\/\/www.m-q.ch\/kategorie\/risikomanagement\/"},{"@type":"ListItem","position":2,"name":"ISO 45003: psychische Belastungen im Unternehmen managen"}]},{"@type":"WebSite","@id":"https:\/\/www.m-q.ch\/fr\/#website","url":"https:\/\/www.m-q.ch\/fr\/","name":"Gestion et qualit\u00e9 du QM","description":"Plate-forme pour les syst\u00e8mes de gestion int\u00e9gr\u00e9e.","publisher":{"@id":"https:\/\/www.m-q.ch\/fr\/#organization"},"potentialAction":[{"@type":"SearchAction","target":{"@type":"EntryPoint","urlTemplate":"https:\/\/www.m-q.ch\/fr\/?s={search_term_string}"},"query-input":{"@type":"PropertyValueSpecification","valueRequired":true,"valueName":"search_term_string"}}],"inLanguage":"fr-FR"},{"@type":"Organization","@id":"https:\/\/www.m-q.ch\/fr\/#organization","name":"Galledia Trade Media AG","url":"https:\/\/www.m-q.ch\/fr\/","logo":{"@type":"ImageObject","inLanguage":"fr-FR","@id":"https:\/\/www.m-q.ch\/fr\/#\/schema\/logo\/image\/","url":"https:\/\/www.m-q.ch\/wp-content\/uploads\/2020\/12\/cropped-logo_small.png","contentUrl":"https:\/\/www.m-q.ch\/wp-content\/uploads\/2020\/12\/cropped-logo_small.png","width":512,"height":512,"caption":"Galledia Fachmedien AG"},"image":{"@id":"https:\/\/www.m-q.ch\/fr\/#\/schema\/logo\/image\/"},"sameAs":["https:\/\/www.facebook.com\/ManagementUndQualitaet","https:\/\/www.linkedin.com\/showcase\/17982321\/admin\/"]},{"@type":"Person","@id":"https:\/\/www.m-q.ch\/fr\/#\/schema\/person\/47d540e081acd98ccbeb69b55df653d7","name":"Roger Str\u00e4ssle","image":{"@type":"ImageObject","inLanguage":"fr-FR","@id":"https:\/\/www.m-q.ch\/fr\/#\/schema\/person\/image\/","url":"https:\/\/secure.gravatar.com\/avatar\/e4dde3046d8a184d2e2d27651a418883?s=96&d=mm&r=g","contentUrl":"https:\/\/secure.gravatar.com\/avatar\/e4dde3046d8a184d2e2d27651a418883?s=96&d=mm&r=g","caption":"Roger Str\u00e4ssle"},"url":"https:\/\/www.m-q.ch\/fr\/author\/roger-straessle\/"}]}},"_links":{"self":[{"href":"https:\/\/www.m-q.ch\/fr\/wp-json\/wp\/v2\/posts\/15300","targetHints":{"allow":["GET"]}}],"collection":[{"href":"https:\/\/www.m-q.ch\/fr\/wp-json\/wp\/v2\/posts"}],"about":[{"href":"https:\/\/www.m-q.ch\/fr\/wp-json\/wp\/v2\/types\/post"}],"author":[{"embeddable":true,"href":"https:\/\/www.m-q.ch\/fr\/wp-json\/wp\/v2\/users\/35"}],"replies":[{"embeddable":true,"href":"https:\/\/www.m-q.ch\/fr\/wp-json\/wp\/v2\/comments?post=15300"}],"version-history":[{"count":3,"href":"https:\/\/www.m-q.ch\/fr\/wp-json\/wp\/v2\/posts\/15300\/revisions"}],"predecessor-version":[{"id":15304,"href":"https:\/\/www.m-q.ch\/fr\/wp-json\/wp\/v2\/posts\/15300\/revisions\/15304"}],"wp:featuredmedia":[{"embeddable":true,"href":"https:\/\/www.m-q.ch\/fr\/wp-json\/wp\/v2\/media\/15301"}],"wp:attachment":[{"href":"https:\/\/www.m-q.ch\/fr\/wp-json\/wp\/v2\/media?parent=15300"}],"wp:term":[{"taxonomy":"category","embeddable":true,"href":"https:\/\/www.m-q.ch\/fr\/wp-json\/wp\/v2\/categories?post=15300"},{"taxonomy":"post_tag","embeddable":true,"href":"https:\/\/www.m-q.ch\/fr\/wp-json\/wp\/v2\/tags?post=15300"}],"curies":[{"name":"wp","href":"https:\/\/api.w.org\/{rel}","templated":true}]}}