{"id":15309,"date":"2021-10-21T07:19:56","date_gmt":"2021-10-21T05:19:56","guid":{"rendered":"https:\/\/www.m-q.ch\/?p=15309"},"modified":"2021-10-25T09:20:21","modified_gmt":"2021-10-25T07:20:21","slug":"les-appareils-medicaux-sont-desormais-soumis-a-lordonnance-sur-le-recyclage","status":"publish","type":"post","link":"https:\/\/www.m-q.ch\/fr\/auch-medizinische-geraete-fallen-neu-unter-die-recyclingverordnung\/","title":{"rendered":"Les dispositifs m\u00e9dicaux rel\u00e8vent d\u00e9sormais de l'ordonnance sur le recyclage"},"content":{"rendered":"<figure id=\"attachment_15310\" aria-describedby=\"caption-attachment-15310\" style=\"width: 1000px\" class=\"wp-caption aligncenter\"><img loading=\"lazy\" decoding=\"async\" class=\"size-full wp-image-15310\" src=\"https:\/\/www.m-q.ch\/wp-content\/uploads\/2021\/10\/Depositphotos_149260934_S.jpg\" alt=\"VREG\" width=\"1000\" height=\"667\" srcset=\"https:\/\/www.m-q.ch\/wp-content\/uploads\/2021\/10\/Depositphotos_149260934_S.jpg 1000w, https:\/\/www.m-q.ch\/wp-content\/uploads\/2021\/10\/Depositphotos_149260934_S-768x512.jpg 768w, https:\/\/www.m-q.ch\/wp-content\/uploads\/2021\/10\/Depositphotos_149260934_S-16x12.jpg 16w, https:\/\/www.m-q.ch\/wp-content\/uploads\/2021\/10\/Depositphotos_149260934_S-262x175.jpg 262w, https:\/\/www.m-q.ch\/wp-content\/uploads\/2021\/10\/Depositphotos_149260934_S-525x350.jpg 525w, https:\/\/www.m-q.ch\/wp-content\/uploads\/2021\/10\/Depositphotos_149260934_S-920x614.jpg 920w, https:\/\/www.m-q.ch\/wp-content\/uploads\/2021\/10\/Depositphotos_149260934_S-300x200.jpg 300w\" sizes=\"auto, (max-width: 1000px) 100vw, 1000px\" \/><figcaption id=\"caption-attachment-15310\" class=\"wp-caption-text\">\u00a9 Depositphotos, Dmyrto_Z<\/figcaption><\/figure>\n<p>Gr\u00e2ce \u00e0 la collecte s\u00e9par\u00e9e et au recyclage des appareils en fin de vie, des mat\u00e9riaux pr\u00e9cieux tels que l'or, le cuivre, l'aluminium, le fer ou les composants en plastique recyclable peuvent \u00eatre r\u00e9cup\u00e9r\u00e9s gr\u00e2ce aux technologies de recyclage appropri\u00e9es. La r\u00e9vision de l'ordonnance contribue \u00e0 renforcer le recyclage des vieux appareils et donc \u00e0 boucler le cycle des ressources, \u00e9crit le Conseil f\u00e9d\u00e9ral. Avec la r\u00e9vision de la VREG, les m\u00e9taux de technologie rare tels que le n\u00e9odyme ou le tantale doivent \u00eatre r\u00e9cup\u00e9r\u00e9s si les processus n\u00e9cessaires existent, pr\u00e9cise-t-elle.<\/p>\n<h2><strong>Quelles nouvelles choses sont incluses dans le recyclage ?<\/strong><\/h2>\n<p>Le champ d'application de l'ordonnance sur la VREG doit \u00eatre \u00e9tendu \u00e0 tous les appareils \u00e9lectriques et \u00e9lectroniques \u00e0 partir du 1er janvier 2022. Selon les informations, il s'agit notamment des appareils m\u00e9dicaux, des instruments de surveillance et de contr\u00f4le, des distributeurs automatiques et des modules photovolta\u00efques, qui rel\u00e8veront \u00e0 l'avenir de la VREG. Le D\u00e9partement f\u00e9d\u00e9ral de l'environnement, des transports, de l'\u00e9nergie et de la communication (DETEC) publiera une liste des appareils concern\u00e9s, selon le communiqu\u00e9 du Conseil f\u00e9d\u00e9ral. \u00c9tant donn\u00e9 que les exigences de la VREG s'appliquent d\u00e9sormais aussi aux \u00e9quipements des v\u00e9hicules, des b\u00e2timents et des objets qui peuvent \u00eatre d\u00e9mont\u00e9s \u00e0 un co\u00fbt raisonnable, le potentiel de r\u00e9cup\u00e9ration des composants recyclables est \u00e9galement accru.<\/p>\n<p>Dans le paquet r\u00e9vis\u00e9 de r\u00e8glements, il est indiqu\u00e9 qu'une division concr\u00e8te en cat\u00e9gories d'\u00e9quipements sera d\u00e9sormais supprim\u00e9e dans la VREG. La raison invoqu\u00e9e est que, dans le cadre du processus d'\u00e9limination, les \u00e9quipements ne sont pas regroup\u00e9s en fonction des cat\u00e9gories, mais en fonction des composants et des substances qu'ils contiennent dans les diff\u00e9rents flux de traitement. Les flux de traitement visent \u00e0 concentrer les mati\u00e8res cibles - qu'il s'agisse de mati\u00e8res recyclables ou de polluants - sous une forme aussi pure que possible. Ainsi, ils peuvent \u00eatre mieux recycl\u00e9s (mati\u00e8re ou \u00e9nergie) ou \u00e9limin\u00e9s, comme le souligne l'Office f\u00e9d\u00e9ral de l'environnement.<\/p>\n<h2><strong>Solution de financement diff\u00e9r\u00e9<\/strong><\/h2>\n<p>Il est \u00e9galement annonc\u00e9 qu'en raison des discussions en cours sur l'initiative parlementaire 20.433 \" Renforcer l'\u00e9conomie circulaire suisse \", les aspects relatifs \u00e0 la future solution de financement de la collecte et de l'\u00e9limination des \u00e9quipements \u00e9lectriques et \u00e9lectroniques dans le cadre de la VREG seront report\u00e9s. D\u00e8s que les travaux du Parlement seront termin\u00e9s, l'Uvek analysera si le VREG doit \u00eatre \u00e0 nouveau r\u00e9vis\u00e9 en ce qui concerne le futur syst\u00e8me de financement, comme elle le conclut.<\/p>\n<p><em>Source : Conf\u00e9d\u00e9ration \/ rs<\/em><\/p>\n<p><em>Informations sur le VREG :<\/em><\/p>\n<ul>\n<li><a href=\"https:\/\/www.newsd.admin.ch\/newsd\/message\/attachments\/68587.pdf\">Ordonnance sur la restitution, la reprise et l'\u00e9limination des appareils \u00e9lectriques et \u00e9lectroniques (OREA)\u00a0<\/a><\/li>\n<li><a href=\"https:\/\/www.newsd.admin.ch\/newsd\/message\/attachments\/68588.pdf\">Rapport explicatif sur le VREG<\/a><\/li>\n<\/ul>","protected":false},"excerpt":{"rendered":"<p>Dank der Separatsammlung und Verwertung von Altger\u00e4ten lassen sich wertvolle Materialien wie Gold, Kupfer, Aluminium, Eisen oder verwertbare Kunststoffanteile mit den entsprechenden Verwertungstechnologien zur\u00fcckgewinnen. Die Revision der Verordnung trage dazu bei, das Recycling von Altger\u00e4ten zu st\u00e4rken und so den Ressourcenkreislauf zu schliessen, schreibt der Bundesrat. Mit der revidierten VREG \u00a0sollen neu seltene Technologiemetalle wie [&hellip;]<\/p>\n","protected":false},"author":35,"featured_media":15310,"comment_status":"closed","ping_status":"closed","sticky":false,"template":"","format":"standard","meta":{"_acf_changed":false,"footnotes":""},"categories":[4448],"tags":[5164,5163],"class_list":["post-15309","post","type-post","status-publish","format-standard","has-post-thumbnail","hentry","category-allgemein","tag-entsorgung-elektrischer-und-elektronischer-geraete","tag-vreg"],"acf":[],"yoast_head":"<!-- This site is optimized with the Yoast SEO plugin v26.2 - https:\/\/yoast.com\/wordpress\/plugins\/seo\/ -->\n<title>Medizinische Ger\u00e4te fallen neu unter die Recyclingverordnung - MQ Management und Qualit\u00e4t<\/title>\n<meta name=\"description\" content=\"Das Recycling von elektronischen Ger\u00e4ten wird ausgedehnt. Ab Januar 2022 fallen beispielsweise auch medizinische Ger\u00e4te unter die VREG.\" \/>\n<meta name=\"robots\" content=\"index, follow, max-snippet:-1, max-image-preview:large, max-video-preview:-1\" \/>\n<link rel=\"canonical\" href=\"https:\/\/www.m-q.ch\/fr\/les-appareils-medicaux-sont-desormais-soumis-a-lordonnance-sur-le-recyclage\/\" \/>\n<meta property=\"og:locale\" content=\"fr_FR\" \/>\n<meta property=\"og:type\" content=\"article\" \/>\n<meta property=\"og:title\" content=\"Medizinische Ger\u00e4te fallen neu unter die Recyclingverordnung - MQ Management und Qualit\u00e4t\" \/>\n<meta property=\"og:description\" content=\"Das Recycling von elektronischen Ger\u00e4ten wird ausgedehnt. Ab Januar 2022 fallen beispielsweise auch medizinische Ger\u00e4te unter die VREG.\" \/>\n<meta property=\"og:url\" content=\"https:\/\/www.m-q.ch\/fr\/les-appareils-medicaux-sont-desormais-soumis-a-lordonnance-sur-le-recyclage\/\" \/>\n<meta property=\"og:site_name\" content=\"MQ Management und Qualit\u00e4t\" \/>\n<meta property=\"article:publisher\" content=\"https:\/\/www.facebook.com\/ManagementUndQualitaet\" \/>\n<meta property=\"article:published_time\" content=\"2021-10-21T05:19:56+00:00\" \/>\n<meta property=\"article:modified_time\" content=\"2021-10-25T07:20:21+00:00\" \/>\n<meta property=\"og:image\" content=\"https:\/\/www.m-q.ch\/wp-content\/uploads\/2021\/10\/Depositphotos_149260934_S.jpg\" \/>\n\t<meta property=\"og:image:width\" content=\"1000\" \/>\n\t<meta property=\"og:image:height\" content=\"667\" \/>\n\t<meta property=\"og:image:type\" content=\"image\/jpeg\" \/>\n<meta name=\"author\" content=\"Roger Str\u00e4ssle\" \/>\n<meta name=\"twitter:card\" content=\"summary_large_image\" \/>\n<meta name=\"twitter:label1\" content=\"\u00c9crit par\" \/>\n\t<meta name=\"twitter:data1\" content=\"Roger Str\u00e4ssle\" \/>\n\t<meta name=\"twitter:label2\" content=\"Dur\u00e9e de lecture estim\u00e9e\" \/>\n\t<meta name=\"twitter:data2\" content=\"2 minutes\" \/>\n<script type=\"application\/ld+json\" class=\"yoast-schema-graph\">{\"@context\":\"https:\/\/schema.org\",\"@graph\":[{\"@type\":\"Article\",\"@id\":\"https:\/\/www.m-q.ch\/auch-medizinische-geraete-fallen-neu-unter-die-recyclingverordnung\/#article\",\"isPartOf\":{\"@id\":\"https:\/\/www.m-q.ch\/auch-medizinische-geraete-fallen-neu-unter-die-recyclingverordnung\/\"},\"author\":{\"name\":\"Roger Str\u00e4ssle\",\"@id\":\"https:\/\/www.m-q.ch\/fr\/#\/schema\/person\/47d540e081acd98ccbeb69b55df653d7\"},\"headline\":\"Medizinische Ger\u00e4te fallen neu unter die Recyclingverordnung\",\"datePublished\":\"2021-10-21T05:19:56+00:00\",\"dateModified\":\"2021-10-25T07:20:21+00:00\",\"mainEntityOfPage\":{\"@id\":\"https:\/\/www.m-q.ch\/auch-medizinische-geraete-fallen-neu-unter-die-recyclingverordnung\/\"},\"wordCount\":405,\"publisher\":{\"@id\":\"https:\/\/www.m-q.ch\/fr\/#organization\"},\"image\":{\"@id\":\"https:\/\/www.m-q.ch\/auch-medizinische-geraete-fallen-neu-unter-die-recyclingverordnung\/#primaryimage\"},\"thumbnailUrl\":\"https:\/\/www.m-q.ch\/wp-content\/uploads\/2021\/10\/Depositphotos_149260934_S.jpg\",\"keywords\":[\"Entsorgung elektrischer und elektronischer Ger\u00e4te\",\"VREG\"],\"articleSection\":[\"Allgemein\"],\"inLanguage\":\"fr-FR\"},{\"@type\":\"WebPage\",\"@id\":\"https:\/\/www.m-q.ch\/auch-medizinische-geraete-fallen-neu-unter-die-recyclingverordnung\/\",\"url\":\"https:\/\/www.m-q.ch\/auch-medizinische-geraete-fallen-neu-unter-die-recyclingverordnung\/\",\"name\":\"Medizinische Ger\u00e4te fallen neu unter die Recyclingverordnung - MQ Management und Qualit\u00e4t\",\"isPartOf\":{\"@id\":\"https:\/\/www.m-q.ch\/fr\/#website\"},\"primaryImageOfPage\":{\"@id\":\"https:\/\/www.m-q.ch\/auch-medizinische-geraete-fallen-neu-unter-die-recyclingverordnung\/#primaryimage\"},\"image\":{\"@id\":\"https:\/\/www.m-q.ch\/auch-medizinische-geraete-fallen-neu-unter-die-recyclingverordnung\/#primaryimage\"},\"thumbnailUrl\":\"https:\/\/www.m-q.ch\/wp-content\/uploads\/2021\/10\/Depositphotos_149260934_S.jpg\",\"datePublished\":\"2021-10-21T05:19:56+00:00\",\"dateModified\":\"2021-10-25T07:20:21+00:00\",\"description\":\"Das Recycling von elektronischen Ger\u00e4ten wird ausgedehnt. Ab Januar 2022 fallen beispielsweise auch medizinische Ger\u00e4te unter die VREG.\",\"breadcrumb\":{\"@id\":\"https:\/\/www.m-q.ch\/auch-medizinische-geraete-fallen-neu-unter-die-recyclingverordnung\/#breadcrumb\"},\"inLanguage\":\"fr-FR\",\"potentialAction\":[{\"@type\":\"ReadAction\",\"target\":[\"https:\/\/www.m-q.ch\/auch-medizinische-geraete-fallen-neu-unter-die-recyclingverordnung\/\"]}]},{\"@type\":\"ImageObject\",\"inLanguage\":\"fr-FR\",\"@id\":\"https:\/\/www.m-q.ch\/auch-medizinische-geraete-fallen-neu-unter-die-recyclingverordnung\/#primaryimage\",\"url\":\"https:\/\/www.m-q.ch\/wp-content\/uploads\/2021\/10\/Depositphotos_149260934_S.jpg\",\"contentUrl\":\"https:\/\/www.m-q.ch\/wp-content\/uploads\/2021\/10\/Depositphotos_149260934_S.jpg\",\"width\":1000,\"height\":667,\"caption\":\"\u00a9 Depositphotos, Dmyrto_Z\"},{\"@type\":\"BreadcrumbList\",\"@id\":\"https:\/\/www.m-q.ch\/auch-medizinische-geraete-fallen-neu-unter-die-recyclingverordnung\/#breadcrumb\",\"itemListElement\":[{\"@type\":\"ListItem\",\"position\":1,\"name\":\"Allgemein\",\"item\":\"https:\/\/www.m-q.ch\/kategorie\/allgemein\/\"},{\"@type\":\"ListItem\",\"position\":2,\"name\":\"Medizinische Ger\u00e4te fallen neu unter die Recyclingverordnung\"}]},{\"@type\":\"WebSite\",\"@id\":\"https:\/\/www.m-q.ch\/fr\/#website\",\"url\":\"https:\/\/www.m-q.ch\/fr\/\",\"name\":\"MQ Management und Qualit\u00e4t\",\"description\":\"Plattform f\u00fcr integrierte Managementsysteme.\",\"publisher\":{\"@id\":\"https:\/\/www.m-q.ch\/fr\/#organization\"},\"potentialAction\":[{\"@type\":\"SearchAction\",\"target\":{\"@type\":\"EntryPoint\",\"urlTemplate\":\"https:\/\/www.m-q.ch\/fr\/?s={search_term_string}\"},\"query-input\":{\"@type\":\"PropertyValueSpecification\",\"valueRequired\":true,\"valueName\":\"search_term_string\"}}],\"inLanguage\":\"fr-FR\"},{\"@type\":\"Organization\",\"@id\":\"https:\/\/www.m-q.ch\/fr\/#organization\",\"name\":\"Galledia Fachmedien AG\",\"url\":\"https:\/\/www.m-q.ch\/fr\/\",\"logo\":{\"@type\":\"ImageObject\",\"inLanguage\":\"fr-FR\",\"@id\":\"https:\/\/www.m-q.ch\/fr\/#\/schema\/logo\/image\/\",\"url\":\"https:\/\/www.m-q.ch\/wp-content\/uploads\/2020\/12\/cropped-logo_small.png\",\"contentUrl\":\"https:\/\/www.m-q.ch\/wp-content\/uploads\/2020\/12\/cropped-logo_small.png\",\"width\":512,\"height\":512,\"caption\":\"Galledia Fachmedien AG\"},\"image\":{\"@id\":\"https:\/\/www.m-q.ch\/fr\/#\/schema\/logo\/image\/\"},\"sameAs\":[\"https:\/\/www.facebook.com\/ManagementUndQualitaet\",\"https:\/\/www.linkedin.com\/showcase\/17982321\/admin\/\"]},{\"@type\":\"Person\",\"@id\":\"https:\/\/www.m-q.ch\/fr\/#\/schema\/person\/47d540e081acd98ccbeb69b55df653d7\",\"name\":\"Roger Str\u00e4ssle\",\"image\":{\"@type\":\"ImageObject\",\"inLanguage\":\"fr-FR\",\"@id\":\"https:\/\/www.m-q.ch\/fr\/#\/schema\/person\/image\/\",\"url\":\"https:\/\/secure.gravatar.com\/avatar\/e4dde3046d8a184d2e2d27651a418883?s=96&d=mm&r=g\",\"contentUrl\":\"https:\/\/secure.gravatar.com\/avatar\/e4dde3046d8a184d2e2d27651a418883?s=96&d=mm&r=g\",\"caption\":\"Roger Str\u00e4ssle\"},\"url\":\"https:\/\/www.m-q.ch\/fr\/author\/roger-straessle\/\"}]}<\/script>\n<!-- \/ Yoast SEO plugin. -->","yoast_head_json":{"title":"Les dispositifs m\u00e9dicaux rel\u00e8vent d\u00e9sormais de l'ordonnance sur le recyclage - MQ Management und Qualit\u00e4t","description":"Le recyclage des appareils \u00e9lectroniques sera \u00e9tendu. \u00c0 partir de janvier 2022, par exemple, les dispositifs m\u00e9dicaux rel\u00e8veront \u00e9galement de la VREG.","robots":{"index":"index","follow":"follow","max-snippet":"max-snippet:-1","max-image-preview":"max-image-preview:large","max-video-preview":"max-video-preview:-1"},"canonical":"https:\/\/www.m-q.ch\/fr\/les-appareils-medicaux-sont-desormais-soumis-a-lordonnance-sur-le-recyclage\/","og_locale":"fr_FR","og_type":"article","og_title":"Medizinische Ger\u00e4te fallen neu unter die Recyclingverordnung - MQ Management und Qualit\u00e4t","og_description":"Das Recycling von elektronischen Ger\u00e4ten wird ausgedehnt. Ab Januar 2022 fallen beispielsweise auch medizinische Ger\u00e4te unter die VREG.","og_url":"https:\/\/www.m-q.ch\/fr\/les-appareils-medicaux-sont-desormais-soumis-a-lordonnance-sur-le-recyclage\/","og_site_name":"MQ Management und Qualit\u00e4t","article_publisher":"https:\/\/www.facebook.com\/ManagementUndQualitaet","article_published_time":"2021-10-21T05:19:56+00:00","article_modified_time":"2021-10-25T07:20:21+00:00","og_image":[{"width":1000,"height":667,"url":"https:\/\/www.m-q.ch\/wp-content\/uploads\/2021\/10\/Depositphotos_149260934_S.jpg","type":"image\/jpeg"}],"author":"Roger Str\u00e4ssle","twitter_card":"summary_large_image","twitter_misc":{"\u00c9crit par":"Roger Str\u00e4ssle","Dur\u00e9e de lecture estim\u00e9e":"2 minutes"},"schema":{"@context":"https:\/\/schema.org","@graph":[{"@type":"Article","@id":"https:\/\/www.m-q.ch\/auch-medizinische-geraete-fallen-neu-unter-die-recyclingverordnung\/#article","isPartOf":{"@id":"https:\/\/www.m-q.ch\/auch-medizinische-geraete-fallen-neu-unter-die-recyclingverordnung\/"},"author":{"name":"Roger Str\u00e4ssle","@id":"https:\/\/www.m-q.ch\/fr\/#\/schema\/person\/47d540e081acd98ccbeb69b55df653d7"},"headline":"Medizinische Ger\u00e4te fallen neu unter die Recyclingverordnung","datePublished":"2021-10-21T05:19:56+00:00","dateModified":"2021-10-25T07:20:21+00:00","mainEntityOfPage":{"@id":"https:\/\/www.m-q.ch\/auch-medizinische-geraete-fallen-neu-unter-die-recyclingverordnung\/"},"wordCount":405,"publisher":{"@id":"https:\/\/www.m-q.ch\/fr\/#organization"},"image":{"@id":"https:\/\/www.m-q.ch\/auch-medizinische-geraete-fallen-neu-unter-die-recyclingverordnung\/#primaryimage"},"thumbnailUrl":"https:\/\/www.m-q.ch\/wp-content\/uploads\/2021\/10\/Depositphotos_149260934_S.jpg","keywords":["Entsorgung elektrischer und elektronischer Ger\u00e4te","VREG"],"articleSection":["Allgemein"],"inLanguage":"fr-FR"},{"@type":"WebPage","@id":"https:\/\/www.m-q.ch\/auch-medizinische-geraete-fallen-neu-unter-die-recyclingverordnung\/","url":"https:\/\/www.m-q.ch\/auch-medizinische-geraete-fallen-neu-unter-die-recyclingverordnung\/","name":"Les dispositifs m\u00e9dicaux rel\u00e8vent d\u00e9sormais de l'ordonnance sur le recyclage - MQ Management und Qualit\u00e4t","isPartOf":{"@id":"https:\/\/www.m-q.ch\/fr\/#website"},"primaryImageOfPage":{"@id":"https:\/\/www.m-q.ch\/auch-medizinische-geraete-fallen-neu-unter-die-recyclingverordnung\/#primaryimage"},"image":{"@id":"https:\/\/www.m-q.ch\/auch-medizinische-geraete-fallen-neu-unter-die-recyclingverordnung\/#primaryimage"},"thumbnailUrl":"https:\/\/www.m-q.ch\/wp-content\/uploads\/2021\/10\/Depositphotos_149260934_S.jpg","datePublished":"2021-10-21T05:19:56+00:00","dateModified":"2021-10-25T07:20:21+00:00","description":"Le recyclage des appareils \u00e9lectroniques sera \u00e9tendu. \u00c0 partir de janvier 2022, par exemple, les dispositifs m\u00e9dicaux rel\u00e8veront \u00e9galement de la VREG.","breadcrumb":{"@id":"https:\/\/www.m-q.ch\/auch-medizinische-geraete-fallen-neu-unter-die-recyclingverordnung\/#breadcrumb"},"inLanguage":"fr-FR","potentialAction":[{"@type":"ReadAction","target":["https:\/\/www.m-q.ch\/auch-medizinische-geraete-fallen-neu-unter-die-recyclingverordnung\/"]}]},{"@type":"ImageObject","inLanguage":"fr-FR","@id":"https:\/\/www.m-q.ch\/auch-medizinische-geraete-fallen-neu-unter-die-recyclingverordnung\/#primaryimage","url":"https:\/\/www.m-q.ch\/wp-content\/uploads\/2021\/10\/Depositphotos_149260934_S.jpg","contentUrl":"https:\/\/www.m-q.ch\/wp-content\/uploads\/2021\/10\/Depositphotos_149260934_S.jpg","width":1000,"height":667,"caption":"\u00a9 Depositphotos, Dmyrto_Z"},{"@type":"BreadcrumbList","@id":"https:\/\/www.m-q.ch\/auch-medizinische-geraete-fallen-neu-unter-die-recyclingverordnung\/#breadcrumb","itemListElement":[{"@type":"ListItem","position":1,"name":"Allgemein","item":"https:\/\/www.m-q.ch\/kategorie\/allgemein\/"},{"@type":"ListItem","position":2,"name":"Medizinische Ger\u00e4te fallen neu unter die Recyclingverordnung"}]},{"@type":"WebSite","@id":"https:\/\/www.m-q.ch\/fr\/#website","url":"https:\/\/www.m-q.ch\/fr\/","name":"Gestion et qualit\u00e9 du QM","description":"Plate-forme pour les syst\u00e8mes de gestion int\u00e9gr\u00e9e.","publisher":{"@id":"https:\/\/www.m-q.ch\/fr\/#organization"},"potentialAction":[{"@type":"SearchAction","target":{"@type":"EntryPoint","urlTemplate":"https:\/\/www.m-q.ch\/fr\/?s={search_term_string}"},"query-input":{"@type":"PropertyValueSpecification","valueRequired":true,"valueName":"search_term_string"}}],"inLanguage":"fr-FR"},{"@type":"Organization","@id":"https:\/\/www.m-q.ch\/fr\/#organization","name":"Galledia Trade Media AG","url":"https:\/\/www.m-q.ch\/fr\/","logo":{"@type":"ImageObject","inLanguage":"fr-FR","@id":"https:\/\/www.m-q.ch\/fr\/#\/schema\/logo\/image\/","url":"https:\/\/www.m-q.ch\/wp-content\/uploads\/2020\/12\/cropped-logo_small.png","contentUrl":"https:\/\/www.m-q.ch\/wp-content\/uploads\/2020\/12\/cropped-logo_small.png","width":512,"height":512,"caption":"Galledia Fachmedien AG"},"image":{"@id":"https:\/\/www.m-q.ch\/fr\/#\/schema\/logo\/image\/"},"sameAs":["https:\/\/www.facebook.com\/ManagementUndQualitaet","https:\/\/www.linkedin.com\/showcase\/17982321\/admin\/"]},{"@type":"Person","@id":"https:\/\/www.m-q.ch\/fr\/#\/schema\/person\/47d540e081acd98ccbeb69b55df653d7","name":"Roger Str\u00e4ssle","image":{"@type":"ImageObject","inLanguage":"fr-FR","@id":"https:\/\/www.m-q.ch\/fr\/#\/schema\/person\/image\/","url":"https:\/\/secure.gravatar.com\/avatar\/e4dde3046d8a184d2e2d27651a418883?s=96&d=mm&r=g","contentUrl":"https:\/\/secure.gravatar.com\/avatar\/e4dde3046d8a184d2e2d27651a418883?s=96&d=mm&r=g","caption":"Roger Str\u00e4ssle"},"url":"https:\/\/www.m-q.ch\/fr\/author\/roger-straessle\/"}]}},"_links":{"self":[{"href":"https:\/\/www.m-q.ch\/fr\/wp-json\/wp\/v2\/posts\/15309","targetHints":{"allow":["GET"]}}],"collection":[{"href":"https:\/\/www.m-q.ch\/fr\/wp-json\/wp\/v2\/posts"}],"about":[{"href":"https:\/\/www.m-q.ch\/fr\/wp-json\/wp\/v2\/types\/post"}],"author":[{"embeddable":true,"href":"https:\/\/www.m-q.ch\/fr\/wp-json\/wp\/v2\/users\/35"}],"replies":[{"embeddable":true,"href":"https:\/\/www.m-q.ch\/fr\/wp-json\/wp\/v2\/comments?post=15309"}],"version-history":[{"count":2,"href":"https:\/\/www.m-q.ch\/fr\/wp-json\/wp\/v2\/posts\/15309\/revisions"}],"predecessor-version":[{"id":15312,"href":"https:\/\/www.m-q.ch\/fr\/wp-json\/wp\/v2\/posts\/15309\/revisions\/15312"}],"wp:featuredmedia":[{"embeddable":true,"href":"https:\/\/www.m-q.ch\/fr\/wp-json\/wp\/v2\/media\/15310"}],"wp:attachment":[{"href":"https:\/\/www.m-q.ch\/fr\/wp-json\/wp\/v2\/media?parent=15309"}],"wp:term":[{"taxonomy":"category","embeddable":true,"href":"https:\/\/www.m-q.ch\/fr\/wp-json\/wp\/v2\/categories?post=15309"},{"taxonomy":"post_tag","embeddable":true,"href":"https:\/\/www.m-q.ch\/fr\/wp-json\/wp\/v2\/tags?post=15309"}],"curies":[{"name":"wp","href":"https:\/\/api.w.org\/{rel}","templated":true}]}}