{"id":15359,"date":"2021-11-03T14:00:49","date_gmt":"2021-11-03T13:00:49","guid":{"rendered":"https:\/\/www.m-q.ch\/?p=15359"},"modified":"2021-11-11T15:36:24","modified_gmt":"2021-11-11T14:36:24","slug":"le-swiss-medtech-award-ouvre-ses-portes-et-augmente-le-montant-du-prix","status":"publish","type":"post","link":"https:\/\/www.m-q.ch\/fr\/swiss-medtech-award-eroeffnet-preisgeld-erhoeht\/","title":{"rendered":"Ouverture du Swiss Medtech Award - augmentation du montant du prix"},"content":{"rendered":"<figure id=\"attachment_15360\" aria-describedby=\"caption-attachment-15360\" style=\"width: 1000px\" class=\"wp-caption aligncenter\"><img loading=\"lazy\" decoding=\"async\" class=\"size-full wp-image-15360\" src=\"https:\/\/www.m-q.ch\/wp-content\/uploads\/2021\/11\/Depositphotos_44394309_S.jpg\" alt=\"Swiss Medtech Award\" width=\"1000\" height=\"648\" srcset=\"https:\/\/www.m-q.ch\/wp-content\/uploads\/2021\/11\/Depositphotos_44394309_S.jpg 1000w, https:\/\/www.m-q.ch\/wp-content\/uploads\/2021\/11\/Depositphotos_44394309_S-768x498.jpg 768w, https:\/\/www.m-q.ch\/wp-content\/uploads\/2021\/11\/Depositphotos_44394309_S-16x10.jpg 16w, https:\/\/www.m-q.ch\/wp-content\/uploads\/2021\/11\/Depositphotos_44394309_S-270x175.jpg 270w, https:\/\/www.m-q.ch\/wp-content\/uploads\/2021\/11\/Depositphotos_44394309_S-540x350.jpg 540w, https:\/\/www.m-q.ch\/wp-content\/uploads\/2021\/11\/Depositphotos_44394309_S-920x596.jpg 920w, https:\/\/www.m-q.ch\/wp-content\/uploads\/2021\/11\/Depositphotos_44394309_S-300x194.jpg 300w\" sizes=\"auto, (max-width: 1000px) 100vw, 1000px\" \/><figcaption id=\"caption-attachment-15360\" class=\"wp-caption-text\">\u00a9 Depositphotos, imagepointfr<\/figcaption><\/figure>\n<p>&nbsp;<\/p>\n<p>Swiss Medtech appelle l'industrie suisse des technologies m\u00e9dicales \u00e0 contribuer, par des services innovants, \u00e0 l'am\u00e9lioration de la qualit\u00e9 de vie des citoyens. <a href=\"http:\/\/www.swiss-medtech.ch\/en\/swiss-medtech-award\">Prix<\/a> pour faire de la publicit\u00e9. Aux sponsors\u00a0<a href=\"https:\/\/lichtsteinerfoundation.org\/\">Fondation Lichtsteiner<\/a>,\u00a0<a href=\"https:\/\/www.straumann.com\/group\/ch\/de\/startseite.html\">Groupe Straumann<\/a>\u00a0et\u00a0<a href=\"https:\/\/www.ypsomed.com\/de\/\">Ypsomed<\/a>\u00a0sont devenues nouvelles <a href=\"https:\/\/www.sonova.com\/de\">Sonova<\/a> selon l'Association suisse de technologie m\u00e9dicale. Cela permettrait d'augmenter le montant du prix de 50 000 \u00e0 75 000 francs suisses.<\/p>\n<p>Sonova Holding AG est un groupe suisse d'entreprises actives au niveau international, sp\u00e9cialis\u00e9 dans les solutions auditives, dont le si\u00e8ge est situ\u00e9 \u00e0 St\u00e4fa. \"Nous voulons donner aux gens une qualit\u00e9 de vie. C'est notre motivation. Nous souhaitons partager cette exp\u00e9rience avec des personnes partageant les m\u00eames id\u00e9es dans le cadre de notre engagement en faveur du Swiss Medtech Award\", d\u00e9clare Andi Vonlanthen, repr\u00e9sentant du jury et vice-pr\u00e9sident du groupe Recherche et d\u00e9veloppement chez Sonova. \"Le Swiss Medtech Award gagne en importance d'ann\u00e9e en ann\u00e9e. Notre partenariat avec les quatre sponsors en est \u00e9galement la preuve. Je suis tr\u00e8s heureux de cet engagement fort envers l'industrie\", d\u00e9clare Peter Biedermann, directeur g\u00e9n\u00e9ral de Swiss Medtech.<\/p>\n<h2><strong>Quelles exigences ?<\/strong><\/h2>\n<p>Le d\u00e9lai de candidature pour le prix 2022 est fix\u00e9 au 30 janvier 2022. Outre le facteur \"Swissness\", d'autres crit\u00e8res doivent \u00eatre remplis. Par exemple, l'effet et l'avantage du produit, de la technologie ou de la proc\u00e9dure doivent \u00e9galement \u00eatre prouv\u00e9s par des \u00e9tudes r\u00e9alis\u00e9es sur des patients (<a href=\"http:\/\/www.swiss-medtech.ch\/en\/swiss-medtech-award\/application\">tous les crit\u00e8res ici<\/a>).<\/p>\n<p>Le laur\u00e9at est r\u00e9compens\u00e9 lors de la journ\u00e9e annuelle Swiss Medtech, devant plus de 600 invit\u00e9s.<\/p>","protected":false},"excerpt":{"rendered":"<p>&nbsp; Swiss Medtech fordert die Schweizer Medtech-Branche auf, sich mit innovativen Leistungen f\u00fcr den Award zu bewerben. Den Sponsoren\u00a0Lichtsteiner Stiftung,\u00a0Straumann Gruppe\u00a0und\u00a0Ypsomed\u00a0habe sich neu Sonova angeschlossen, heisst es beim Schweizer Medizintechnikverband. Damit k\u00f6nne man das Preisgeld von 50&#8217;000 auf 75&#8217;000 Franken erh\u00f6hen. Die Sonova Holding AG ist eine auf H\u00f6rl\u00f6sungen spezialisierte international t\u00e4tige Schweizer Unternehmensgruppe mit [&hellip;]<\/p>\n","protected":false},"author":35,"featured_media":15360,"comment_status":"closed","ping_status":"closed","sticky":false,"template":"","format":"standard","meta":{"_acf_changed":false,"footnotes":""},"categories":[4448],"tags":[5168],"class_list":["post-15359","post","type-post","status-publish","format-standard","has-post-thumbnail","hentry","category-allgemein","tag-swiss-medtech-award"],"acf":[],"yoast_head":"<!-- This site is optimized with the Yoast SEO plugin v26.2 - https:\/\/yoast.com\/wordpress\/plugins\/seo\/ -->\n<title>Swiss Medtech Award er\u00f6ffnet \u2013 Preisgeld erh\u00f6ht - MQ Management und Qualit\u00e4t<\/title>\n<meta name=\"description\" content=\"Bis Ende Januar k\u00f6nnen Bewerbungen f\u00fcr den Swiss Medtech Award 2022 eingereicht werden. Das Preisgeld betr\u00e4gt neu 75\u2019000 Franken.\" \/>\n<meta name=\"robots\" content=\"index, follow, max-snippet:-1, max-image-preview:large, max-video-preview:-1\" \/>\n<link rel=\"canonical\" href=\"https:\/\/www.m-q.ch\/fr\/le-swiss-medtech-award-ouvre-ses-portes-et-augmente-le-montant-du-prix\/\" \/>\n<meta property=\"og:locale\" content=\"fr_FR\" \/>\n<meta property=\"og:type\" content=\"article\" \/>\n<meta property=\"og:title\" content=\"Swiss Medtech Award er\u00f6ffnet \u2013 Preisgeld erh\u00f6ht - MQ Management und Qualit\u00e4t\" \/>\n<meta property=\"og:description\" content=\"Bis Ende Januar k\u00f6nnen Bewerbungen f\u00fcr den Swiss Medtech Award 2022 eingereicht werden. Das Preisgeld betr\u00e4gt neu 75\u2019000 Franken.\" \/>\n<meta property=\"og:url\" content=\"https:\/\/www.m-q.ch\/fr\/le-swiss-medtech-award-ouvre-ses-portes-et-augmente-le-montant-du-prix\/\" \/>\n<meta property=\"og:site_name\" content=\"MQ Management und Qualit\u00e4t\" \/>\n<meta property=\"article:publisher\" content=\"https:\/\/www.facebook.com\/ManagementUndQualitaet\" \/>\n<meta property=\"article:published_time\" content=\"2021-11-03T13:00:49+00:00\" \/>\n<meta property=\"article:modified_time\" content=\"2021-11-11T14:36:24+00:00\" \/>\n<meta property=\"og:image\" content=\"https:\/\/www.m-q.ch\/wp-content\/uploads\/2021\/11\/Depositphotos_44394309_S.jpg\" \/>\n\t<meta property=\"og:image:width\" content=\"1000\" \/>\n\t<meta property=\"og:image:height\" content=\"648\" \/>\n\t<meta property=\"og:image:type\" content=\"image\/jpeg\" \/>\n<meta name=\"author\" content=\"Roger Str\u00e4ssle\" \/>\n<meta name=\"twitter:card\" content=\"summary_large_image\" \/>\n<meta name=\"twitter:label1\" content=\"\u00c9crit par\" \/>\n\t<meta name=\"twitter:data1\" content=\"Roger Str\u00e4ssle\" \/>\n\t<meta name=\"twitter:label2\" content=\"Dur\u00e9e de lecture estim\u00e9e\" \/>\n\t<meta name=\"twitter:data2\" content=\"1 minute\" \/>\n<script type=\"application\/ld+json\" class=\"yoast-schema-graph\">{\"@context\":\"https:\/\/schema.org\",\"@graph\":[{\"@type\":\"Article\",\"@id\":\"https:\/\/www.m-q.ch\/swiss-medtech-award-eroeffnet-preisgeld-erhoeht\/#article\",\"isPartOf\":{\"@id\":\"https:\/\/www.m-q.ch\/swiss-medtech-award-eroeffnet-preisgeld-erhoeht\/\"},\"author\":{\"name\":\"Roger Str\u00e4ssle\",\"@id\":\"https:\/\/www.m-q.ch\/fr\/#\/schema\/person\/47d540e081acd98ccbeb69b55df653d7\"},\"headline\":\"Swiss Medtech Award er\u00f6ffnet \u2013 Preisgeld erh\u00f6ht\",\"datePublished\":\"2021-11-03T13:00:49+00:00\",\"dateModified\":\"2021-11-11T14:36:24+00:00\",\"mainEntityOfPage\":{\"@id\":\"https:\/\/www.m-q.ch\/swiss-medtech-award-eroeffnet-preisgeld-erhoeht\/\"},\"wordCount\":223,\"publisher\":{\"@id\":\"https:\/\/www.m-q.ch\/fr\/#organization\"},\"image\":{\"@id\":\"https:\/\/www.m-q.ch\/swiss-medtech-award-eroeffnet-preisgeld-erhoeht\/#primaryimage\"},\"thumbnailUrl\":\"https:\/\/www.m-q.ch\/wp-content\/uploads\/2021\/11\/Depositphotos_44394309_S.jpg\",\"keywords\":[\"Swiss Medtech Award\"],\"articleSection\":[\"Allgemein\"],\"inLanguage\":\"fr-FR\"},{\"@type\":\"WebPage\",\"@id\":\"https:\/\/www.m-q.ch\/swiss-medtech-award-eroeffnet-preisgeld-erhoeht\/\",\"url\":\"https:\/\/www.m-q.ch\/swiss-medtech-award-eroeffnet-preisgeld-erhoeht\/\",\"name\":\"Swiss Medtech Award er\u00f6ffnet \u2013 Preisgeld erh\u00f6ht - MQ Management und Qualit\u00e4t\",\"isPartOf\":{\"@id\":\"https:\/\/www.m-q.ch\/fr\/#website\"},\"primaryImageOfPage\":{\"@id\":\"https:\/\/www.m-q.ch\/swiss-medtech-award-eroeffnet-preisgeld-erhoeht\/#primaryimage\"},\"image\":{\"@id\":\"https:\/\/www.m-q.ch\/swiss-medtech-award-eroeffnet-preisgeld-erhoeht\/#primaryimage\"},\"thumbnailUrl\":\"https:\/\/www.m-q.ch\/wp-content\/uploads\/2021\/11\/Depositphotos_44394309_S.jpg\",\"datePublished\":\"2021-11-03T13:00:49+00:00\",\"dateModified\":\"2021-11-11T14:36:24+00:00\",\"description\":\"Bis Ende Januar k\u00f6nnen Bewerbungen f\u00fcr den Swiss Medtech Award 2022 eingereicht werden. Das Preisgeld betr\u00e4gt neu 75\u2019000 Franken.\",\"breadcrumb\":{\"@id\":\"https:\/\/www.m-q.ch\/swiss-medtech-award-eroeffnet-preisgeld-erhoeht\/#breadcrumb\"},\"inLanguage\":\"fr-FR\",\"potentialAction\":[{\"@type\":\"ReadAction\",\"target\":[\"https:\/\/www.m-q.ch\/swiss-medtech-award-eroeffnet-preisgeld-erhoeht\/\"]}]},{\"@type\":\"ImageObject\",\"inLanguage\":\"fr-FR\",\"@id\":\"https:\/\/www.m-q.ch\/swiss-medtech-award-eroeffnet-preisgeld-erhoeht\/#primaryimage\",\"url\":\"https:\/\/www.m-q.ch\/wp-content\/uploads\/2021\/11\/Depositphotos_44394309_S.jpg\",\"contentUrl\":\"https:\/\/www.m-q.ch\/wp-content\/uploads\/2021\/11\/Depositphotos_44394309_S.jpg\",\"width\":1000,\"height\":648,\"caption\":\"\u00a9 Depositphotos, imagepointfr\"},{\"@type\":\"BreadcrumbList\",\"@id\":\"https:\/\/www.m-q.ch\/swiss-medtech-award-eroeffnet-preisgeld-erhoeht\/#breadcrumb\",\"itemListElement\":[{\"@type\":\"ListItem\",\"position\":1,\"name\":\"Allgemein\",\"item\":\"https:\/\/www.m-q.ch\/kategorie\/allgemein\/\"},{\"@type\":\"ListItem\",\"position\":2,\"name\":\"Swiss Medtech Award er\u00f6ffnet \u2013 Preisgeld erh\u00f6ht\"}]},{\"@type\":\"WebSite\",\"@id\":\"https:\/\/www.m-q.ch\/fr\/#website\",\"url\":\"https:\/\/www.m-q.ch\/fr\/\",\"name\":\"MQ Management und Qualit\u00e4t\",\"description\":\"Plattform f\u00fcr integrierte Managementsysteme.\",\"publisher\":{\"@id\":\"https:\/\/www.m-q.ch\/fr\/#organization\"},\"potentialAction\":[{\"@type\":\"SearchAction\",\"target\":{\"@type\":\"EntryPoint\",\"urlTemplate\":\"https:\/\/www.m-q.ch\/fr\/?s={search_term_string}\"},\"query-input\":{\"@type\":\"PropertyValueSpecification\",\"valueRequired\":true,\"valueName\":\"search_term_string\"}}],\"inLanguage\":\"fr-FR\"},{\"@type\":\"Organization\",\"@id\":\"https:\/\/www.m-q.ch\/fr\/#organization\",\"name\":\"Galledia Fachmedien AG\",\"url\":\"https:\/\/www.m-q.ch\/fr\/\",\"logo\":{\"@type\":\"ImageObject\",\"inLanguage\":\"fr-FR\",\"@id\":\"https:\/\/www.m-q.ch\/fr\/#\/schema\/logo\/image\/\",\"url\":\"https:\/\/www.m-q.ch\/wp-content\/uploads\/2020\/12\/cropped-logo_small.png\",\"contentUrl\":\"https:\/\/www.m-q.ch\/wp-content\/uploads\/2020\/12\/cropped-logo_small.png\",\"width\":512,\"height\":512,\"caption\":\"Galledia Fachmedien AG\"},\"image\":{\"@id\":\"https:\/\/www.m-q.ch\/fr\/#\/schema\/logo\/image\/\"},\"sameAs\":[\"https:\/\/www.facebook.com\/ManagementUndQualitaet\",\"https:\/\/www.linkedin.com\/showcase\/17982321\/admin\/\"]},{\"@type\":\"Person\",\"@id\":\"https:\/\/www.m-q.ch\/fr\/#\/schema\/person\/47d540e081acd98ccbeb69b55df653d7\",\"name\":\"Roger Str\u00e4ssle\",\"image\":{\"@type\":\"ImageObject\",\"inLanguage\":\"fr-FR\",\"@id\":\"https:\/\/www.m-q.ch\/fr\/#\/schema\/person\/image\/\",\"url\":\"https:\/\/secure.gravatar.com\/avatar\/e4dde3046d8a184d2e2d27651a418883?s=96&d=mm&r=g\",\"contentUrl\":\"https:\/\/secure.gravatar.com\/avatar\/e4dde3046d8a184d2e2d27651a418883?s=96&d=mm&r=g\",\"caption\":\"Roger Str\u00e4ssle\"},\"url\":\"https:\/\/www.m-q.ch\/fr\/author\/roger-straessle\/\"}]}<\/script>\n<!-- \/ Yoast SEO plugin. -->","yoast_head_json":{"title":"Ouverture du Swiss Medtech Award - augmentation du montant du prix - MQ Management und Qualit\u00e4t","description":"Les candidatures pour le Swiss Medtech Award 2022 peuvent \u00eatre soumises jusqu'\u00e0 la fin du mois de janvier. Le montant du prix est d\u00e9sormais de 75 000 CHF.","robots":{"index":"index","follow":"follow","max-snippet":"max-snippet:-1","max-image-preview":"max-image-preview:large","max-video-preview":"max-video-preview:-1"},"canonical":"https:\/\/www.m-q.ch\/fr\/le-swiss-medtech-award-ouvre-ses-portes-et-augmente-le-montant-du-prix\/","og_locale":"fr_FR","og_type":"article","og_title":"Swiss Medtech Award er\u00f6ffnet \u2013 Preisgeld erh\u00f6ht - MQ Management und Qualit\u00e4t","og_description":"Bis Ende Januar k\u00f6nnen Bewerbungen f\u00fcr den Swiss Medtech Award 2022 eingereicht werden. Das Preisgeld betr\u00e4gt neu 75\u2019000 Franken.","og_url":"https:\/\/www.m-q.ch\/fr\/le-swiss-medtech-award-ouvre-ses-portes-et-augmente-le-montant-du-prix\/","og_site_name":"MQ Management und Qualit\u00e4t","article_publisher":"https:\/\/www.facebook.com\/ManagementUndQualitaet","article_published_time":"2021-11-03T13:00:49+00:00","article_modified_time":"2021-11-11T14:36:24+00:00","og_image":[{"width":1000,"height":648,"url":"https:\/\/www.m-q.ch\/wp-content\/uploads\/2021\/11\/Depositphotos_44394309_S.jpg","type":"image\/jpeg"}],"author":"Roger Str\u00e4ssle","twitter_card":"summary_large_image","twitter_misc":{"\u00c9crit par":"Roger Str\u00e4ssle","Dur\u00e9e de lecture estim\u00e9e":"1 minute"},"schema":{"@context":"https:\/\/schema.org","@graph":[{"@type":"Article","@id":"https:\/\/www.m-q.ch\/swiss-medtech-award-eroeffnet-preisgeld-erhoeht\/#article","isPartOf":{"@id":"https:\/\/www.m-q.ch\/swiss-medtech-award-eroeffnet-preisgeld-erhoeht\/"},"author":{"name":"Roger Str\u00e4ssle","@id":"https:\/\/www.m-q.ch\/fr\/#\/schema\/person\/47d540e081acd98ccbeb69b55df653d7"},"headline":"Swiss Medtech Award er\u00f6ffnet \u2013 Preisgeld erh\u00f6ht","datePublished":"2021-11-03T13:00:49+00:00","dateModified":"2021-11-11T14:36:24+00:00","mainEntityOfPage":{"@id":"https:\/\/www.m-q.ch\/swiss-medtech-award-eroeffnet-preisgeld-erhoeht\/"},"wordCount":223,"publisher":{"@id":"https:\/\/www.m-q.ch\/fr\/#organization"},"image":{"@id":"https:\/\/www.m-q.ch\/swiss-medtech-award-eroeffnet-preisgeld-erhoeht\/#primaryimage"},"thumbnailUrl":"https:\/\/www.m-q.ch\/wp-content\/uploads\/2021\/11\/Depositphotos_44394309_S.jpg","keywords":["Swiss Medtech Award"],"articleSection":["Allgemein"],"inLanguage":"fr-FR"},{"@type":"WebPage","@id":"https:\/\/www.m-q.ch\/swiss-medtech-award-eroeffnet-preisgeld-erhoeht\/","url":"https:\/\/www.m-q.ch\/swiss-medtech-award-eroeffnet-preisgeld-erhoeht\/","name":"Ouverture du Swiss Medtech Award - augmentation du montant du prix - MQ Management und Qualit\u00e4t","isPartOf":{"@id":"https:\/\/www.m-q.ch\/fr\/#website"},"primaryImageOfPage":{"@id":"https:\/\/www.m-q.ch\/swiss-medtech-award-eroeffnet-preisgeld-erhoeht\/#primaryimage"},"image":{"@id":"https:\/\/www.m-q.ch\/swiss-medtech-award-eroeffnet-preisgeld-erhoeht\/#primaryimage"},"thumbnailUrl":"https:\/\/www.m-q.ch\/wp-content\/uploads\/2021\/11\/Depositphotos_44394309_S.jpg","datePublished":"2021-11-03T13:00:49+00:00","dateModified":"2021-11-11T14:36:24+00:00","description":"Les candidatures pour le Swiss Medtech Award 2022 peuvent \u00eatre soumises jusqu'\u00e0 la fin du mois de janvier. Le montant du prix est d\u00e9sormais de 75 000 CHF.","breadcrumb":{"@id":"https:\/\/www.m-q.ch\/swiss-medtech-award-eroeffnet-preisgeld-erhoeht\/#breadcrumb"},"inLanguage":"fr-FR","potentialAction":[{"@type":"ReadAction","target":["https:\/\/www.m-q.ch\/swiss-medtech-award-eroeffnet-preisgeld-erhoeht\/"]}]},{"@type":"ImageObject","inLanguage":"fr-FR","@id":"https:\/\/www.m-q.ch\/swiss-medtech-award-eroeffnet-preisgeld-erhoeht\/#primaryimage","url":"https:\/\/www.m-q.ch\/wp-content\/uploads\/2021\/11\/Depositphotos_44394309_S.jpg","contentUrl":"https:\/\/www.m-q.ch\/wp-content\/uploads\/2021\/11\/Depositphotos_44394309_S.jpg","width":1000,"height":648,"caption":"\u00a9 Depositphotos, imagepointfr"},{"@type":"BreadcrumbList","@id":"https:\/\/www.m-q.ch\/swiss-medtech-award-eroeffnet-preisgeld-erhoeht\/#breadcrumb","itemListElement":[{"@type":"ListItem","position":1,"name":"Allgemein","item":"https:\/\/www.m-q.ch\/kategorie\/allgemein\/"},{"@type":"ListItem","position":2,"name":"Swiss Medtech Award er\u00f6ffnet \u2013 Preisgeld erh\u00f6ht"}]},{"@type":"WebSite","@id":"https:\/\/www.m-q.ch\/fr\/#website","url":"https:\/\/www.m-q.ch\/fr\/","name":"Gestion et qualit\u00e9 du QM","description":"Plate-forme pour les syst\u00e8mes de gestion int\u00e9gr\u00e9e.","publisher":{"@id":"https:\/\/www.m-q.ch\/fr\/#organization"},"potentialAction":[{"@type":"SearchAction","target":{"@type":"EntryPoint","urlTemplate":"https:\/\/www.m-q.ch\/fr\/?s={search_term_string}"},"query-input":{"@type":"PropertyValueSpecification","valueRequired":true,"valueName":"search_term_string"}}],"inLanguage":"fr-FR"},{"@type":"Organization","@id":"https:\/\/www.m-q.ch\/fr\/#organization","name":"Galledia Trade Media AG","url":"https:\/\/www.m-q.ch\/fr\/","logo":{"@type":"ImageObject","inLanguage":"fr-FR","@id":"https:\/\/www.m-q.ch\/fr\/#\/schema\/logo\/image\/","url":"https:\/\/www.m-q.ch\/wp-content\/uploads\/2020\/12\/cropped-logo_small.png","contentUrl":"https:\/\/www.m-q.ch\/wp-content\/uploads\/2020\/12\/cropped-logo_small.png","width":512,"height":512,"caption":"Galledia Fachmedien AG"},"image":{"@id":"https:\/\/www.m-q.ch\/fr\/#\/schema\/logo\/image\/"},"sameAs":["https:\/\/www.facebook.com\/ManagementUndQualitaet","https:\/\/www.linkedin.com\/showcase\/17982321\/admin\/"]},{"@type":"Person","@id":"https:\/\/www.m-q.ch\/fr\/#\/schema\/person\/47d540e081acd98ccbeb69b55df653d7","name":"Roger Str\u00e4ssle","image":{"@type":"ImageObject","inLanguage":"fr-FR","@id":"https:\/\/www.m-q.ch\/fr\/#\/schema\/person\/image\/","url":"https:\/\/secure.gravatar.com\/avatar\/e4dde3046d8a184d2e2d27651a418883?s=96&d=mm&r=g","contentUrl":"https:\/\/secure.gravatar.com\/avatar\/e4dde3046d8a184d2e2d27651a418883?s=96&d=mm&r=g","caption":"Roger Str\u00e4ssle"},"url":"https:\/\/www.m-q.ch\/fr\/author\/roger-straessle\/"}]}},"_links":{"self":[{"href":"https:\/\/www.m-q.ch\/fr\/wp-json\/wp\/v2\/posts\/15359","targetHints":{"allow":["GET"]}}],"collection":[{"href":"https:\/\/www.m-q.ch\/fr\/wp-json\/wp\/v2\/posts"}],"about":[{"href":"https:\/\/www.m-q.ch\/fr\/wp-json\/wp\/v2\/types\/post"}],"author":[{"embeddable":true,"href":"https:\/\/www.m-q.ch\/fr\/wp-json\/wp\/v2\/users\/35"}],"replies":[{"embeddable":true,"href":"https:\/\/www.m-q.ch\/fr\/wp-json\/wp\/v2\/comments?post=15359"}],"version-history":[{"count":3,"href":"https:\/\/www.m-q.ch\/fr\/wp-json\/wp\/v2\/posts\/15359\/revisions"}],"predecessor-version":[{"id":15363,"href":"https:\/\/www.m-q.ch\/fr\/wp-json\/wp\/v2\/posts\/15359\/revisions\/15363"}],"wp:featuredmedia":[{"embeddable":true,"href":"https:\/\/www.m-q.ch\/fr\/wp-json\/wp\/v2\/media\/15360"}],"wp:attachment":[{"href":"https:\/\/www.m-q.ch\/fr\/wp-json\/wp\/v2\/media?parent=15359"}],"wp:term":[{"taxonomy":"category","embeddable":true,"href":"https:\/\/www.m-q.ch\/fr\/wp-json\/wp\/v2\/categories?post=15359"},{"taxonomy":"post_tag","embeddable":true,"href":"https:\/\/www.m-q.ch\/fr\/wp-json\/wp\/v2\/tags?post=15359"}],"curies":[{"name":"wp","href":"https:\/\/api.w.org\/{rel}","templated":true}]}}