{"id":15365,"date":"2021-11-04T11:32:34","date_gmt":"2021-11-04T10:32:34","guid":{"rendered":"https:\/\/www.m-q.ch\/?p=15365"},"modified":"2021-11-12T14:11:57","modified_gmt":"2021-11-12T13:11:57","slug":"ch-entreprises-en-plein-essor-nouveaux-risques-a-lhorizon","status":"publish","type":"post","link":"https:\/\/www.m-q.ch\/fr\/ch-unternehmen-im-aufschwung-neue-risiken-am-horizont\/","title":{"rendered":"Les soci\u00e9t\u00e9s CH ont le vent en poupe - de nouveaux risques \u00e0 l'horizon"},"content":{"rendered":"<figure id=\"attachment_15367\" aria-describedby=\"caption-attachment-15367\" style=\"width: 1751px\" class=\"wp-caption alignnone\"><img loading=\"lazy\" decoding=\"async\" class=\"size-full wp-image-15367\" src=\"https:\/\/www.m-q.ch\/wp-content\/uploads\/2021\/11\/Abb_2.png\" alt=\"\u00c9valuation des risques\" width=\"1751\" height=\"1103\" srcset=\"https:\/\/www.m-q.ch\/wp-content\/uploads\/2021\/11\/Abb_2.png 1751w, https:\/\/www.m-q.ch\/wp-content\/uploads\/2021\/11\/Abb_2-768x484.png 768w, https:\/\/www.m-q.ch\/wp-content\/uploads\/2021\/11\/Abb_2-1536x968.png 1536w, https:\/\/www.m-q.ch\/wp-content\/uploads\/2021\/11\/Abb_2-16x10.png 16w, https:\/\/www.m-q.ch\/wp-content\/uploads\/2021\/11\/Abb_2-278x175.png 278w, https:\/\/www.m-q.ch\/wp-content\/uploads\/2021\/11\/Abb_2-556x350.png 556w, https:\/\/www.m-q.ch\/wp-content\/uploads\/2021\/11\/Abb_2-1270x800.png 1270w, https:\/\/www.m-q.ch\/wp-content\/uploads\/2021\/11\/Abb_2-920x580.png 920w, https:\/\/www.m-q.ch\/wp-content\/uploads\/2021\/11\/Abb_2-1400x882.png 1400w, https:\/\/www.m-q.ch\/wp-content\/uploads\/2021\/11\/Abb_2-300x189.png 300w\" sizes=\"auto, (max-width: 1751px) 100vw, 1751px\" \/><figcaption id=\"caption-attachment-15367\" class=\"wp-caption-text\">Comment les directeurs financiers suisses \u00e9valuent les risques pour leur entreprise. Deloitte<\/figcaption><\/figure>\n<p>La grande majorit\u00e9 (83 %) des directeurs financiers (CFO) interrog\u00e9s en Suisse sont d'accord : l'\u00e9conomie suisse continuera de cro\u00eetre au cours des douze prochains mois. Il s'agit de la troisi\u00e8me valeur la plus \u00e9lev\u00e9e depuis la premi\u00e8re enqu\u00eate de Deloitte sur les directeurs financiers, r\u00e9alis\u00e9e en 2009. 4 % seulement des directeurs financiers interrog\u00e9s s'attendent \u00e0 un ralentissement.<\/p>\n<p>\"L'\u00e9conomie suisse a souffert temporairement. Toutefois, gr\u00e2ce \u00e0 une intervention cibl\u00e9e de l'\u00c9tat et \u00e0 une structure globale robuste et \u00e0 large assise, elle sortira plus forte et plus rapidement de la pand\u00e9mie que de nombreux autres pays de l'OCDE\", d\u00e9clare Reto Savoia, CEO de Deloitte Suisse. \"C'est une nouvelle tr\u00e8s positive, \u00e0 condition que ni les d\u00e9cideurs politiques ni les entreprises ne se reposent sur leurs lauriers maintenant, mais r\u00e9pondent de mani\u00e8re coh\u00e9rente \u00e0 la nouvelle situation de risque.\"<\/p>\n<h2><strong>Les perspectives de l'entreprise sont majoritairement tr\u00e8s positives <\/strong><\/h2>\n<p>Les 114 directeurs financiers interrog\u00e9s s'attendent \u00e0 ce que leurs principaux indicateurs de performance augmentent au cours des douze prochains mois ; cela vaut pour le nombre d'employ\u00e9s, le chiffre d'affaires et les investissements. Un pourcentage \u00e9lev\u00e9 de 79 % des directeurs financiers interrog\u00e9s pr\u00e9voient une croissance des revenus au cours des 12 prochains mois et seulement 7 % pr\u00e9voient une baisse. Plus de la moiti\u00e9 des directeurs financiers (53%) pr\u00e9voient d'embaucher plus de personnes que de quitter leur entreprise au cours des douze prochains mois. Selon les directeurs financiers, les d\u00e9penses en mati\u00e8re de marketing, d'\u00e9v\u00e9nements et de voyages d'affaires devraient conna\u00eetre une augmentation particuli\u00e8rement forte. Le seul domaine o\u00f9 la proportion de directeurs financiers ayant des perspectives positives a diminu\u00e9 est le d\u00e9veloppement des marges.<\/p>\n<p>En outre, au moment de l'enqu\u00eate, en septembre 2021, 60 % des directeurs financiers ont d\u00e9clar\u00e9 que leurs revenus avaient retrouv\u00e9 ou d\u00e9pass\u00e9 les niveaux d'avant la crise, soit pr\u00e8s du double du nombre de mars (34%). Il y a un an, ce chiffre \u00e9tait de 18 %. \"De nombreuses entreprises ont en fait surmont\u00e9 la crise et ont \u00e0 nouveau suffisamment de commandes. Cependant, elles ne peuvent souvent pas les remplir compl\u00e8tement, car elles manquent de mat\u00e9riel et de personnel. En cons\u00e9quence, la pression sur les marges augmente\", explique Alessandro Miolo, Managing Partner pour Audit &amp; Assurance chez Deloitte Suisse.<\/p>\n<h2><strong>Probl\u00e8mes de livraison et p\u00e9nurie de travailleurs qualifi\u00e9s <\/strong><\/h2>\n<p>\"Les risques pour les entreprises ont chang\u00e9 plus que jamais en l'espace d'une demi-ann\u00e9e\", affirme Alessandro Miolo (voir graphique). Pour la premi\u00e8re fois, les directeurs financiers citent toutes les activit\u00e9s li\u00e9es au flux de mat\u00e9riaux et d'informations, de l'achat \u00e0 la livraison, comme le plus grand risque pour l'entreprise, \u00e9crit le cabinet d'audit et de conseil.<\/p>\n<p>Les cha\u00eenes d'approvisionnement complexes et hautement mondialis\u00e9es n'\u00e9taient pas pr\u00e9par\u00e9es \u00e0 une pand\u00e9mie mondiale ni \u00e0 la forte croissance actuelle de la demande. \"Les crises ayant un impact similaire sur le commerce mondial, comme la pand\u00e9mie de Corona, peuvent toutefois se reproduire. Avec un ratio de commerce ext\u00e9rieur deux fois sup\u00e9rieur \u00e0 la moyenne de l'OCDE, des cha\u00eenes d'approvisionnement stables et durables sont particuli\u00e8rement importantes pour la Suisse. Les d\u00e9cideurs politiques doivent donc continuer \u00e0 simplifier et \u00e0 num\u00e9riser le syst\u00e8me douanier et \u00e0 garantir le libre-\u00e9change avec des accords - et les entreprises doivent g\u00e9rer plus activement leurs fournisseurs et leur distribution et faire progresser la num\u00e9risation des r\u00e9seaux de la cha\u00eene d'approvisionnement\", poursuit M. Miolo.<\/p>\n<h2><strong>La productivit\u00e9 doit augmenter davantage<\/strong><\/h2>\n<p>Outre les pr\u00e9occupations g\u00e9n\u00e9rales relatives \u00e0 la cha\u00eene d'approvisionnement, la hausse des prix des mati\u00e8res premi\u00e8res et le manque de capacit\u00e9s de transport, la p\u00e9nurie de main-d'\u0153uvre qualifi\u00e9e est \u00e0 nouveau un probl\u00e8me majeur, a-t-il d\u00e9clar\u00e9. \"Les probl\u00e8mes li\u00e9s aux cha\u00eenes d'approvisionnement et \u00e0 la main-d'\u0153uvre qualifi\u00e9e, combin\u00e9s \u00e0 la pression sur les marges et \u00e0 la hausse de l'inflation, constituent un dangereux cocktail de risques qui n'est pas facile \u00e0 dig\u00e9rer\", explique M. Miolo.<\/p>\n<p>La p\u00e9nurie de travailleurs qualifi\u00e9s a gagn\u00e9 15 places dans l'\u00e9valuation des risques par les directeurs financiers, \u00e9crit Deloitte. Pour les entreprises ayant des plans de croissance ambitieux, il est donc crucial que les employ\u00e9s cl\u00e9s restent dans l'entreprise. \"En outre, les entreprises doivent faciliter le recrutement des meilleurs talents internationaux, car le processus d'approbation est compliqu\u00e9 et co\u00fbteux, et les dipl\u00f4m\u00e9s \u00e9trangers qui r\u00e9ussissent quittent le pays en grand nombre. Les entreprises doivent \u00e9galement continuer \u00e0 investir dans les nouvelles technologies - comme beaucoup l'ont fait avec succ\u00e8s pendant la pand\u00e9mie. Cela devrait \u00e9galement contribuer \u00e0 relancer enfin la croissance de la productivit\u00e9 et permettre une croissance durable\", explique Reto Savoia, PDG de Deloitte.<\/p>\n<p><a href=\"http:\/\/www2.deloitte.com\/content\/dam\/Deloitte\/ch\/Documents\/finance\/deloitte-ch-de-finance-cfo-survey-h2-2021.pdf\"><em>T\u00e9l\u00e9chargez l'\u00e9tude de Deloitte ici<\/em><\/a><\/p>","protected":false},"excerpt":{"rendered":"<p>Die grosse Mehrheit (83 %) der befragten Chief Financial Officer (CFO) in der Schweiz ist sich einig: Die hiesige Wirtschaft wird in den n\u00e4chsten zw\u00f6lf Monaten weiter wachsen. Das ist der dritth\u00f6chste Wert seit der ersten Durchf\u00fchrung der Deloitte CFO-Umfrage im Jahr 2009. Lediglich vier Prozent der befragten CFOs rechnen mit einem Abschwung. \u00abDie Schweizer [&hellip;]<\/p>\n","protected":false},"author":35,"featured_media":15366,"comment_status":"closed","ping_status":"closed","sticky":false,"template":"","format":"standard","meta":{"_acf_changed":false,"footnotes":""},"categories":[4],"tags":[5169],"class_list":["post-15365","post","type-post","status-publish","format-standard","has-post-thumbnail","hentry","category-risikomanagement","tag-risikoeinschaetzung"],"acf":[],"yoast_head":"<!-- This site is optimized with the Yoast SEO plugin v26.2 - https:\/\/yoast.com\/wordpress\/plugins\/seo\/ -->\n<title>CH-Unternehmen im Aufschwung \u2013 neue Risiken am Horizont - MQ Management und Qualit\u00e4t<\/title>\n<meta name=\"description\" content=\"Die Schweizer Wirtschaft nimmt gem\u00e4ss CFO-Umfrage von Deloitte weiter Fahrt auf, die Risikoeinsch\u00e4tzung ver\u00e4ndert sich jedoch stark.\" \/>\n<meta name=\"robots\" content=\"index, follow, max-snippet:-1, max-image-preview:large, max-video-preview:-1\" \/>\n<link rel=\"canonical\" href=\"https:\/\/www.m-q.ch\/fr\/ch-entreprises-en-plein-essor-nouveaux-risques-a-lhorizon\/\" \/>\n<meta property=\"og:locale\" content=\"fr_FR\" \/>\n<meta property=\"og:type\" content=\"article\" \/>\n<meta property=\"og:title\" content=\"CH-Unternehmen im Aufschwung \u2013 neue Risiken am Horizont - MQ Management und Qualit\u00e4t\" \/>\n<meta property=\"og:description\" content=\"Die Schweizer Wirtschaft nimmt gem\u00e4ss CFO-Umfrage von Deloitte weiter Fahrt auf, die Risikoeinsch\u00e4tzung ver\u00e4ndert sich jedoch stark.\" \/>\n<meta property=\"og:url\" content=\"https:\/\/www.m-q.ch\/fr\/ch-entreprises-en-plein-essor-nouveaux-risques-a-lhorizon\/\" \/>\n<meta property=\"og:site_name\" content=\"MQ Management und Qualit\u00e4t\" \/>\n<meta property=\"article:publisher\" content=\"https:\/\/www.facebook.com\/ManagementUndQualitaet\" \/>\n<meta property=\"article:published_time\" content=\"2021-11-04T10:32:34+00:00\" \/>\n<meta property=\"article:modified_time\" content=\"2021-11-12T13:11:57+00:00\" \/>\n<meta property=\"og:image\" content=\"https:\/\/www.m-q.ch\/wp-content\/uploads\/2021\/11\/Depositphotos_73187257_S.jpg\" \/>\n\t<meta property=\"og:image:width\" content=\"1000\" \/>\n\t<meta property=\"og:image:height\" content=\"667\" \/>\n\t<meta property=\"og:image:type\" content=\"image\/jpeg\" \/>\n<meta name=\"author\" content=\"Roger Str\u00e4ssle\" \/>\n<meta name=\"twitter:card\" content=\"summary_large_image\" \/>\n<meta name=\"twitter:label1\" content=\"\u00c9crit par\" \/>\n\t<meta name=\"twitter:data1\" content=\"Roger Str\u00e4ssle\" \/>\n\t<meta name=\"twitter:label2\" content=\"Dur\u00e9e de lecture estim\u00e9e\" \/>\n\t<meta name=\"twitter:data2\" content=\"3 minutes\" \/>\n<script type=\"application\/ld+json\" class=\"yoast-schema-graph\">{\"@context\":\"https:\/\/schema.org\",\"@graph\":[{\"@type\":\"Article\",\"@id\":\"https:\/\/www.m-q.ch\/ch-unternehmen-im-aufschwung-neue-risiken-am-horizont\/#article\",\"isPartOf\":{\"@id\":\"https:\/\/www.m-q.ch\/ch-unternehmen-im-aufschwung-neue-risiken-am-horizont\/\"},\"author\":{\"name\":\"Roger Str\u00e4ssle\",\"@id\":\"https:\/\/www.m-q.ch\/fr\/#\/schema\/person\/47d540e081acd98ccbeb69b55df653d7\"},\"headline\":\"CH-Unternehmen im Aufschwung \u2013 neue Risiken am Horizont\",\"datePublished\":\"2021-11-04T10:32:34+00:00\",\"dateModified\":\"2021-11-12T13:11:57+00:00\",\"mainEntityOfPage\":{\"@id\":\"https:\/\/www.m-q.ch\/ch-unternehmen-im-aufschwung-neue-risiken-am-horizont\/\"},\"wordCount\":686,\"publisher\":{\"@id\":\"https:\/\/www.m-q.ch\/fr\/#organization\"},\"image\":{\"@id\":\"https:\/\/www.m-q.ch\/ch-unternehmen-im-aufschwung-neue-risiken-am-horizont\/#primaryimage\"},\"thumbnailUrl\":\"https:\/\/www.m-q.ch\/wp-content\/uploads\/2021\/11\/Depositphotos_73187257_S.jpg\",\"keywords\":[\"Risikoeinsch\u00e4tzung\"],\"articleSection\":[\"Risikomanagement\"],\"inLanguage\":\"fr-FR\"},{\"@type\":\"WebPage\",\"@id\":\"https:\/\/www.m-q.ch\/ch-unternehmen-im-aufschwung-neue-risiken-am-horizont\/\",\"url\":\"https:\/\/www.m-q.ch\/ch-unternehmen-im-aufschwung-neue-risiken-am-horizont\/\",\"name\":\"CH-Unternehmen im Aufschwung \u2013 neue Risiken am Horizont - MQ Management und Qualit\u00e4t\",\"isPartOf\":{\"@id\":\"https:\/\/www.m-q.ch\/fr\/#website\"},\"primaryImageOfPage\":{\"@id\":\"https:\/\/www.m-q.ch\/ch-unternehmen-im-aufschwung-neue-risiken-am-horizont\/#primaryimage\"},\"image\":{\"@id\":\"https:\/\/www.m-q.ch\/ch-unternehmen-im-aufschwung-neue-risiken-am-horizont\/#primaryimage\"},\"thumbnailUrl\":\"https:\/\/www.m-q.ch\/wp-content\/uploads\/2021\/11\/Depositphotos_73187257_S.jpg\",\"datePublished\":\"2021-11-04T10:32:34+00:00\",\"dateModified\":\"2021-11-12T13:11:57+00:00\",\"description\":\"Die Schweizer Wirtschaft nimmt gem\u00e4ss CFO-Umfrage von Deloitte weiter Fahrt auf, die Risikoeinsch\u00e4tzung ver\u00e4ndert sich jedoch stark.\",\"breadcrumb\":{\"@id\":\"https:\/\/www.m-q.ch\/ch-unternehmen-im-aufschwung-neue-risiken-am-horizont\/#breadcrumb\"},\"inLanguage\":\"fr-FR\",\"potentialAction\":[{\"@type\":\"ReadAction\",\"target\":[\"https:\/\/www.m-q.ch\/ch-unternehmen-im-aufschwung-neue-risiken-am-horizont\/\"]}]},{\"@type\":\"ImageObject\",\"inLanguage\":\"fr-FR\",\"@id\":\"https:\/\/www.m-q.ch\/ch-unternehmen-im-aufschwung-neue-risiken-am-horizont\/#primaryimage\",\"url\":\"https:\/\/www.m-q.ch\/wp-content\/uploads\/2021\/11\/Depositphotos_73187257_S.jpg\",\"contentUrl\":\"https:\/\/www.m-q.ch\/wp-content\/uploads\/2021\/11\/Depositphotos_73187257_S.jpg\",\"width\":1000,\"height\":667,\"caption\":\"\u00a9 Depositphotos, Wavebreakmedia\"},{\"@type\":\"BreadcrumbList\",\"@id\":\"https:\/\/www.m-q.ch\/ch-unternehmen-im-aufschwung-neue-risiken-am-horizont\/#breadcrumb\",\"itemListElement\":[{\"@type\":\"ListItem\",\"position\":1,\"name\":\"Risikomanagement\",\"item\":\"https:\/\/www.m-q.ch\/kategorie\/risikomanagement\/\"},{\"@type\":\"ListItem\",\"position\":2,\"name\":\"CH-Unternehmen im Aufschwung \u2013 neue Risiken am Horizont\"}]},{\"@type\":\"WebSite\",\"@id\":\"https:\/\/www.m-q.ch\/fr\/#website\",\"url\":\"https:\/\/www.m-q.ch\/fr\/\",\"name\":\"MQ Management und Qualit\u00e4t\",\"description\":\"Plattform f\u00fcr integrierte Managementsysteme.\",\"publisher\":{\"@id\":\"https:\/\/www.m-q.ch\/fr\/#organization\"},\"potentialAction\":[{\"@type\":\"SearchAction\",\"target\":{\"@type\":\"EntryPoint\",\"urlTemplate\":\"https:\/\/www.m-q.ch\/fr\/?s={search_term_string}\"},\"query-input\":{\"@type\":\"PropertyValueSpecification\",\"valueRequired\":true,\"valueName\":\"search_term_string\"}}],\"inLanguage\":\"fr-FR\"},{\"@type\":\"Organization\",\"@id\":\"https:\/\/www.m-q.ch\/fr\/#organization\",\"name\":\"Galledia Fachmedien AG\",\"url\":\"https:\/\/www.m-q.ch\/fr\/\",\"logo\":{\"@type\":\"ImageObject\",\"inLanguage\":\"fr-FR\",\"@id\":\"https:\/\/www.m-q.ch\/fr\/#\/schema\/logo\/image\/\",\"url\":\"https:\/\/www.m-q.ch\/wp-content\/uploads\/2020\/12\/cropped-logo_small.png\",\"contentUrl\":\"https:\/\/www.m-q.ch\/wp-content\/uploads\/2020\/12\/cropped-logo_small.png\",\"width\":512,\"height\":512,\"caption\":\"Galledia Fachmedien AG\"},\"image\":{\"@id\":\"https:\/\/www.m-q.ch\/fr\/#\/schema\/logo\/image\/\"},\"sameAs\":[\"https:\/\/www.facebook.com\/ManagementUndQualitaet\",\"https:\/\/www.linkedin.com\/showcase\/17982321\/admin\/\"]},{\"@type\":\"Person\",\"@id\":\"https:\/\/www.m-q.ch\/fr\/#\/schema\/person\/47d540e081acd98ccbeb69b55df653d7\",\"name\":\"Roger Str\u00e4ssle\",\"image\":{\"@type\":\"ImageObject\",\"inLanguage\":\"fr-FR\",\"@id\":\"https:\/\/www.m-q.ch\/fr\/#\/schema\/person\/image\/\",\"url\":\"https:\/\/secure.gravatar.com\/avatar\/e4dde3046d8a184d2e2d27651a418883?s=96&d=mm&r=g\",\"contentUrl\":\"https:\/\/secure.gravatar.com\/avatar\/e4dde3046d8a184d2e2d27651a418883?s=96&d=mm&r=g\",\"caption\":\"Roger Str\u00e4ssle\"},\"url\":\"https:\/\/www.m-q.ch\/fr\/author\/roger-straessle\/\"}]}<\/script>\n<!-- \/ Yoast SEO plugin. -->","yoast_head_json":{"title":"Les entreprises CH ont le vent en poupe - de nouveaux risques \u00e0 l'horizon - MQ Management und Qualit\u00e4t","description":"L'\u00e9conomie suisse continue de s'acc\u00e9l\u00e9rer, selon l'enqu\u00eate de Deloitte aupr\u00e8s des directeurs financiers, mais l'\u00e9valuation des risques \u00e9volue sensiblement.","robots":{"index":"index","follow":"follow","max-snippet":"max-snippet:-1","max-image-preview":"max-image-preview:large","max-video-preview":"max-video-preview:-1"},"canonical":"https:\/\/www.m-q.ch\/fr\/ch-entreprises-en-plein-essor-nouveaux-risques-a-lhorizon\/","og_locale":"fr_FR","og_type":"article","og_title":"CH-Unternehmen im Aufschwung \u2013 neue Risiken am Horizont - MQ Management und Qualit\u00e4t","og_description":"Die Schweizer Wirtschaft nimmt gem\u00e4ss CFO-Umfrage von Deloitte weiter Fahrt auf, die Risikoeinsch\u00e4tzung ver\u00e4ndert sich jedoch stark.","og_url":"https:\/\/www.m-q.ch\/fr\/ch-entreprises-en-plein-essor-nouveaux-risques-a-lhorizon\/","og_site_name":"MQ Management und Qualit\u00e4t","article_publisher":"https:\/\/www.facebook.com\/ManagementUndQualitaet","article_published_time":"2021-11-04T10:32:34+00:00","article_modified_time":"2021-11-12T13:11:57+00:00","og_image":[{"width":1000,"height":667,"url":"https:\/\/www.m-q.ch\/wp-content\/uploads\/2021\/11\/Depositphotos_73187257_S.jpg","type":"image\/jpeg"}],"author":"Roger Str\u00e4ssle","twitter_card":"summary_large_image","twitter_misc":{"\u00c9crit par":"Roger Str\u00e4ssle","Dur\u00e9e de lecture estim\u00e9e":"3 minutes"},"schema":{"@context":"https:\/\/schema.org","@graph":[{"@type":"Article","@id":"https:\/\/www.m-q.ch\/ch-unternehmen-im-aufschwung-neue-risiken-am-horizont\/#article","isPartOf":{"@id":"https:\/\/www.m-q.ch\/ch-unternehmen-im-aufschwung-neue-risiken-am-horizont\/"},"author":{"name":"Roger Str\u00e4ssle","@id":"https:\/\/www.m-q.ch\/fr\/#\/schema\/person\/47d540e081acd98ccbeb69b55df653d7"},"headline":"CH-Unternehmen im Aufschwung \u2013 neue Risiken am Horizont","datePublished":"2021-11-04T10:32:34+00:00","dateModified":"2021-11-12T13:11:57+00:00","mainEntityOfPage":{"@id":"https:\/\/www.m-q.ch\/ch-unternehmen-im-aufschwung-neue-risiken-am-horizont\/"},"wordCount":686,"publisher":{"@id":"https:\/\/www.m-q.ch\/fr\/#organization"},"image":{"@id":"https:\/\/www.m-q.ch\/ch-unternehmen-im-aufschwung-neue-risiken-am-horizont\/#primaryimage"},"thumbnailUrl":"https:\/\/www.m-q.ch\/wp-content\/uploads\/2021\/11\/Depositphotos_73187257_S.jpg","keywords":["Risikoeinsch\u00e4tzung"],"articleSection":["Risikomanagement"],"inLanguage":"fr-FR"},{"@type":"WebPage","@id":"https:\/\/www.m-q.ch\/ch-unternehmen-im-aufschwung-neue-risiken-am-horizont\/","url":"https:\/\/www.m-q.ch\/ch-unternehmen-im-aufschwung-neue-risiken-am-horizont\/","name":"Les entreprises CH ont le vent en poupe - de nouveaux risques \u00e0 l'horizon - MQ Management und Qualit\u00e4t","isPartOf":{"@id":"https:\/\/www.m-q.ch\/fr\/#website"},"primaryImageOfPage":{"@id":"https:\/\/www.m-q.ch\/ch-unternehmen-im-aufschwung-neue-risiken-am-horizont\/#primaryimage"},"image":{"@id":"https:\/\/www.m-q.ch\/ch-unternehmen-im-aufschwung-neue-risiken-am-horizont\/#primaryimage"},"thumbnailUrl":"https:\/\/www.m-q.ch\/wp-content\/uploads\/2021\/11\/Depositphotos_73187257_S.jpg","datePublished":"2021-11-04T10:32:34+00:00","dateModified":"2021-11-12T13:11:57+00:00","description":"L'\u00e9conomie suisse continue de s'acc\u00e9l\u00e9rer, selon l'enqu\u00eate de Deloitte aupr\u00e8s des directeurs financiers, mais l'\u00e9valuation des risques \u00e9volue sensiblement.","breadcrumb":{"@id":"https:\/\/www.m-q.ch\/ch-unternehmen-im-aufschwung-neue-risiken-am-horizont\/#breadcrumb"},"inLanguage":"fr-FR","potentialAction":[{"@type":"ReadAction","target":["https:\/\/www.m-q.ch\/ch-unternehmen-im-aufschwung-neue-risiken-am-horizont\/"]}]},{"@type":"ImageObject","inLanguage":"fr-FR","@id":"https:\/\/www.m-q.ch\/ch-unternehmen-im-aufschwung-neue-risiken-am-horizont\/#primaryimage","url":"https:\/\/www.m-q.ch\/wp-content\/uploads\/2021\/11\/Depositphotos_73187257_S.jpg","contentUrl":"https:\/\/www.m-q.ch\/wp-content\/uploads\/2021\/11\/Depositphotos_73187257_S.jpg","width":1000,"height":667,"caption":"\u00a9 Depositphotos, Wavebreakmedia"},{"@type":"BreadcrumbList","@id":"https:\/\/www.m-q.ch\/ch-unternehmen-im-aufschwung-neue-risiken-am-horizont\/#breadcrumb","itemListElement":[{"@type":"ListItem","position":1,"name":"Risikomanagement","item":"https:\/\/www.m-q.ch\/kategorie\/risikomanagement\/"},{"@type":"ListItem","position":2,"name":"CH-Unternehmen im Aufschwung \u2013 neue Risiken am Horizont"}]},{"@type":"WebSite","@id":"https:\/\/www.m-q.ch\/fr\/#website","url":"https:\/\/www.m-q.ch\/fr\/","name":"Gestion et qualit\u00e9 du QM","description":"Plate-forme pour les syst\u00e8mes de gestion int\u00e9gr\u00e9e.","publisher":{"@id":"https:\/\/www.m-q.ch\/fr\/#organization"},"potentialAction":[{"@type":"SearchAction","target":{"@type":"EntryPoint","urlTemplate":"https:\/\/www.m-q.ch\/fr\/?s={search_term_string}"},"query-input":{"@type":"PropertyValueSpecification","valueRequired":true,"valueName":"search_term_string"}}],"inLanguage":"fr-FR"},{"@type":"Organization","@id":"https:\/\/www.m-q.ch\/fr\/#organization","name":"Galledia Trade Media AG","url":"https:\/\/www.m-q.ch\/fr\/","logo":{"@type":"ImageObject","inLanguage":"fr-FR","@id":"https:\/\/www.m-q.ch\/fr\/#\/schema\/logo\/image\/","url":"https:\/\/www.m-q.ch\/wp-content\/uploads\/2020\/12\/cropped-logo_small.png","contentUrl":"https:\/\/www.m-q.ch\/wp-content\/uploads\/2020\/12\/cropped-logo_small.png","width":512,"height":512,"caption":"Galledia Fachmedien AG"},"image":{"@id":"https:\/\/www.m-q.ch\/fr\/#\/schema\/logo\/image\/"},"sameAs":["https:\/\/www.facebook.com\/ManagementUndQualitaet","https:\/\/www.linkedin.com\/showcase\/17982321\/admin\/"]},{"@type":"Person","@id":"https:\/\/www.m-q.ch\/fr\/#\/schema\/person\/47d540e081acd98ccbeb69b55df653d7","name":"Roger Str\u00e4ssle","image":{"@type":"ImageObject","inLanguage":"fr-FR","@id":"https:\/\/www.m-q.ch\/fr\/#\/schema\/person\/image\/","url":"https:\/\/secure.gravatar.com\/avatar\/e4dde3046d8a184d2e2d27651a418883?s=96&d=mm&r=g","contentUrl":"https:\/\/secure.gravatar.com\/avatar\/e4dde3046d8a184d2e2d27651a418883?s=96&d=mm&r=g","caption":"Roger Str\u00e4ssle"},"url":"https:\/\/www.m-q.ch\/fr\/author\/roger-straessle\/"}]}},"_links":{"self":[{"href":"https:\/\/www.m-q.ch\/fr\/wp-json\/wp\/v2\/posts\/15365","targetHints":{"allow":["GET"]}}],"collection":[{"href":"https:\/\/www.m-q.ch\/fr\/wp-json\/wp\/v2\/posts"}],"about":[{"href":"https:\/\/www.m-q.ch\/fr\/wp-json\/wp\/v2\/types\/post"}],"author":[{"embeddable":true,"href":"https:\/\/www.m-q.ch\/fr\/wp-json\/wp\/v2\/users\/35"}],"replies":[{"embeddable":true,"href":"https:\/\/www.m-q.ch\/fr\/wp-json\/wp\/v2\/comments?post=15365"}],"version-history":[{"count":3,"href":"https:\/\/www.m-q.ch\/fr\/wp-json\/wp\/v2\/posts\/15365\/revisions"}],"predecessor-version":[{"id":15400,"href":"https:\/\/www.m-q.ch\/fr\/wp-json\/wp\/v2\/posts\/15365\/revisions\/15400"}],"wp:featuredmedia":[{"embeddable":true,"href":"https:\/\/www.m-q.ch\/fr\/wp-json\/wp\/v2\/media\/15366"}],"wp:attachment":[{"href":"https:\/\/www.m-q.ch\/fr\/wp-json\/wp\/v2\/media?parent=15365"}],"wp:term":[{"taxonomy":"category","embeddable":true,"href":"https:\/\/www.m-q.ch\/fr\/wp-json\/wp\/v2\/categories?post=15365"},{"taxonomy":"post_tag","embeddable":true,"href":"https:\/\/www.m-q.ch\/fr\/wp-json\/wp\/v2\/tags?post=15365"}],"curies":[{"name":"wp","href":"https:\/\/api.w.org\/{rel}","templated":true}]}}