{"id":15982,"date":"2022-02-18T15:37:24","date_gmt":"2022-02-18T14:37:24","guid":{"rendered":"https:\/\/www.m-q.ch\/?p=15982"},"modified":"2022-02-17T15:58:05","modified_gmt":"2022-02-17T14:58:05","slug":"supercalculateur-de-classe-exascale","status":"publish","type":"post","link":"https:\/\/www.m-q.ch\/fr\/supercomputer-der-exascale-klasse\/","title":{"rendered":"Supercalculateur de classe Exascale"},"content":{"rendered":"<figure id=\"attachment_15984\" aria-describedby=\"caption-attachment-15984\" style=\"width: 680px\" class=\"wp-caption alignnone\"><img loading=\"lazy\" decoding=\"async\" class=\"size-full wp-image-15984\" src=\"https:\/\/www.m-q.ch\/wp-content\/uploads\/2022\/02\/Supercomputer-der-Exascale-Klasse_MQ.jpg\" alt=\"\" width=\"680\" height=\"831\" srcset=\"https:\/\/www.m-q.ch\/wp-content\/uploads\/2022\/02\/Supercomputer-der-Exascale-Klasse_MQ.jpg 680w, https:\/\/www.m-q.ch\/wp-content\/uploads\/2022\/02\/Supercomputer-der-Exascale-Klasse_MQ-10x12.jpg 10w, https:\/\/www.m-q.ch\/wp-content\/uploads\/2022\/02\/Supercomputer-der-Exascale-Klasse_MQ-143x175.jpg 143w, https:\/\/www.m-q.ch\/wp-content\/uploads\/2022\/02\/Supercomputer-der-Exascale-Klasse_MQ-286x350.jpg 286w, https:\/\/www.m-q.ch\/wp-content\/uploads\/2022\/02\/Supercomputer-der-Exascale-Klasse_MQ-655x800.jpg 655w, https:\/\/www.m-q.ch\/wp-content\/uploads\/2022\/02\/Supercomputer-der-Exascale-Klasse_MQ-300x367.jpg 300w\" sizes=\"auto, (max-width: 680px) 100vw, 680px\" \/><figcaption id=\"caption-attachment-15984\" class=\"wp-caption-text\">Voici \u00e0 quoi il ressemble, le nouveau supercalculateur BullSequana XH3000. (Image : Atos)<\/figcaption><\/figure>\n<p>L'entreprise <a href=\"http:\/\/www.atos.net\">Atos<\/a> a pr\u00e9sent\u00e9 le nouveau BullSequana XH3000, un superordinateur de classe exascale. Les ordinateurs de cette taille peuvent effectuer jusqu'\u00e0 un trillion de calculs par seconde (1 ExaFlop). Cette puissance de calcul permet aux scientifiques et aux chercheurs de premier plan de r\u00e9aliser de nouvelles avanc\u00e9es dans des domaines tels que la pr\u00e9vision m\u00e9t\u00e9orologique et le changement climatique, la recherche de nouveaux m\u00e9dicaments et la recherche g\u00e9nomique. Le supercalculateur a \u00e9t\u00e9 con\u00e7u et construit par Atos dans son usine d'Angers, en France. Il s'agit du syst\u00e8me le plus efficace et le plus puissant jamais construit par ce fabricant. Selon Atos, ce d\u00e9veloppement joue un r\u00f4le cl\u00e9 dans le maintien en Europe de connaissances et de comp\u00e9tences importantes dans le domaine du calcul haute performance. Le nouveau supercalculateur joue un r\u00f4le important dans la garantie de la souverainet\u00e9 num\u00e9rique et \u00e9conomique.<\/p>\n<h2><strong>Renforcer la souverainet\u00e9 num\u00e9rique et \u00e9conomique<\/strong><\/h2>\n<p>En effet, les gouvernements, les institutions publiques et les entreprises du secteur priv\u00e9 font de la souverainet\u00e9 une priorit\u00e9 : il s'agit d'exploiter pleinement le potentiel de leurs donn\u00e9es tout en les prot\u00e9geant en toutes circonstances. Gr\u00e2ce au BullSequana XH3000 et \u00e0 son expertise, tant dans le domaine <a href=\"https:\/\/atos.net\/de\/2021\/pressemeldungen_2021_11_18\/atos-bringt-atos-onecloud-sovereign-shield-auf-den-markt\">cloud souverain<\/a> que pour la <a href=\"https:\/\/atos.net\/fr\/2021\/communiques-de-presse_2021_05_26\/n2-mondial-services-de-securite-gartner\">Cybers\u00e9curit\u00e9<\/a>Les utilisateurs de l'Internet ont d\u00e9sormais la possibilit\u00e9 de contr\u00f4ler les donn\u00e9es qu'ils g\u00e9n\u00e8rent et \u00e9changent.<\/p>\n<h2><strong>Un superordinateur pose de nouveaux jalons techniques<\/strong><\/h2>\n<p>La quantit\u00e9 et la complexit\u00e9 croissantes des donn\u00e9es ont pour cons\u00e9quence un besoin exponentiel de puissance de calcul. Il n'y a pas d'autre moyen de relever les nouveaux d\u00e9fis auxquels l'humanit\u00e9 est confront\u00e9e, comme le r\u00e9chauffement climatique et la pand\u00e9mie Covid-19. Le BullSequana XH3000 sera en mesure de fournir une puissance de calcul sans pr\u00e9c\u00e9dent : Avec jusqu'\u00e0 six fois plus de puissance par rapport \u00e0 la version pr\u00e9c\u00e9dente - et ce \u00e0 tous les niveaux de puissance, y compris la classe Exascale. Pour ce faire, une technique de calcul hybride avanc\u00e9e sera utilis\u00e9e pour combiner des CPU et des GPU avec du mat\u00e9riel d'intelligence artificielle et m\u00eame d'informatique quantique, et les utiliser dans des simulations scientifiques traditionnelles.<\/p>\n<h2>\"Technologie \"verte<\/h2>\n<p>De plus, le nouveau supercalculateur est tr\u00e8s \u00e9conome en \u00e9nergie. Une \u00e9co-conception et une architecture ax\u00e9e sur la durabilit\u00e9 y veillent, fait savoir Atos. Outre la solution brevet\u00e9e DLC (Direct Liquid Cooling), qui offre une capacit\u00e9 de refroidissement suppl\u00e9mentaire de plus de 50 % par rapport aux g\u00e9n\u00e9rations pr\u00e9c\u00e9dentes, on a surtout veill\u00e9 \u00e0 ce que le cycle de vie du produit soit enti\u00e8rement \u00e9cologique. Celui-ci va de l'approvisionnement en mati\u00e8res premi\u00e8res et de la fabrication \u00e0 l'\u00e9limination ou au recyclage, en passant par les tests et le transport.<\/p>\n<h2>Compatibilit\u00e9 garantie<\/h2>\n<p>Le BullSequana XH3000 combine les technologies les plus r\u00e9centes et les plus sophistiqu\u00e9es, les composants r\u00e9seau et les syst\u00e8mes de communication. Il est aliment\u00e9 par les architectures de processeurs et d'acc\u00e9l\u00e9rateurs CPU et GPU les plus modernes de <a href=\"https:\/\/www.amd.com\/de\/solutions\/supercomputing-and-hpc\">AMD<\/a>, <a href=\"https:\/\/www.intel.de\/content\/www\/de\/de\/homepage.html\">Intel<\/a>, <a href=\"https:\/\/www.nvidia.com\/de-de\/\">NVIDIA<\/a> sans oublier le microprocesseur europ\u00e9en de <a href=\"https:\/\/www.sipearl.com\/index.php\">SiPearl<\/a> est aliment\u00e9 par le moteur de recherche. Il dispose d'une consommation d'\u00e9nergie am\u00e9lior\u00e9e et d'une plus grande puissance de calcul, ce qui permet des simulations scientifiques plus rapides et plus efficaces \u00e0 grande \u00e9chelle.<\/p>\n<p>Gr\u00e2ce \u00e0 l'architecture OpenSequana, le syst\u00e8me est enti\u00e8rement compatible avec toutes les technologies futures de blade et d'interconnexion et peut \u00eatre facilement \u00e9tendu si n\u00e9cessaire. Gr\u00e2ce \u00e0 une approche de la s\u00e9curit\u00e9 par la conception qui combine la surveillance des vuln\u00e9rabilit\u00e9s et l'anticipation des menaces, le BullSequana XH3000 garantit une protection compl\u00e8te des donn\u00e9es.<\/p>\n<p>Le BullSequana XH3000 devrait \u00eatre disponible \u00e0 partir du 4e trimestre 2022.<\/p>\n<blockquote>\n<h2><strong>Le supercalculateur en d\u00e9tail<\/strong><\/h2>\n<\/blockquote>\n<ul>\n<li>\n<blockquote><p><strong>Des performances plus \u00e9lev\u00e9es :\u00a0<\/strong>Jusqu'\u00e0 six fois plus de puissance de calcul par m\u00b2 et meilleure puissance de calcul par m\u00b2 sur le march\u00e9<\/p><\/blockquote>\n<\/li>\n<li>\n<blockquote><p><strong>Enti\u00e8rement \u00e9volutif :<\/strong> Avec une configuration de 1PFlops jusqu'\u00e0 1 ExaFlops pour les simulations num\u00e9riques et jusqu'\u00e0 10 ExaFlops pour les applications d'IA (une fois que les processeurs de nouvelle g\u00e9n\u00e9ration seront sur le march\u00e9)<\/p><\/blockquote>\n<\/li>\n<li>\n<blockquote><p><strong>la flexibilit\u00e9 :<\/strong> Le syst\u00e8me peut int\u00e9grer les derniers processeurs d'AMD, Intel, NVIDIA ainsi que le processeur europ\u00e9en EPI pr\u00e9vu. Ceux-ci atteignent jusqu'\u00e0 1000W et plus, offrant ainsi des performances am\u00e9lior\u00e9es par rapport aux syst\u00e8mes actuels de 350W.<\/p><\/blockquote>\n<\/li>\n<li>\n<blockquote><p><strong>Pr\u00eat pour aujourd'hui et pour l'avenir :<\/strong> Prend en charge les technologies actuelles les plus exigeantes et les technologies futures (y compris les futurs processeurs qui appara\u00eetront dans les six prochaines ann\u00e9es).<\/p><\/blockquote>\n<\/li>\n<li>\n<blockquote><p><strong>Efficacit\u00e9 \u00e9nerg\u00e9tique :<\/strong> Refroidissement liquide direct (DLC) am\u00e9lior\u00e9 de 4e g\u00e9n\u00e9ration : pour suivre la consommation de la derni\u00e8re g\u00e9n\u00e9ration de CPU et de GPU, le syst\u00e8me dispose de 50 % de capacit\u00e9 de refroidissement en plus par rapport aux g\u00e9n\u00e9rations pr\u00e9c\u00e9dentes.<\/p><\/blockquote>\n<\/li>\n<li>\n<blockquote><p>Con\u00e7u pour les simulations num\u00e9riques \"traditionnelles\" et les calculs hybrides acc\u00e9l\u00e9r\u00e9s avec le HPC, l'IA et la convergence quantique.<\/p><\/blockquote>\n<\/li>\n<li>\n<blockquote><p>La premi\u00e8re g\u00e9n\u00e9ration de supercalculateurs Atos supportant une large gamme de r\u00e9seaux de communication tels que BXI, High Speed Ethernet et HDR &amp; NDR InfiniBand.<\/p><\/blockquote>\n<\/li>\n<\/ul>","protected":false},"excerpt":{"rendered":"<p>Das Unternehmen Atos hat den neuen BullSequana XH3000 vor, einen Supercomputer der Exascale-Klasse. Rechner dieser Gr\u00f6ssenordnung schaffen bis zu einer Trillion Berechnungen pro Sekunde (1 ExaFlop). Diese Rechenleistung erm\u00f6glicht\u00a0f\u00fchrenden Wissenschaftlern und Forschenden weitere Fortschritte in Bereichen wie Wettervorhersage und Klimawandel, der Erforschung neuer Medikamente und der Genomforschung. Der Supercomputer wurde von Atos entwickelt und gebaut [&hellip;]<\/p>\n","protected":false},"author":10,"featured_media":15984,"comment_status":"closed","ping_status":"closed","sticky":false,"template":"","format":"standard","meta":{"_acf_changed":false,"footnotes":""},"categories":[4448],"tags":[3372,5231,3501,3329,5232],"class_list":["post-15982","post","type-post","status-publish","format-standard","has-post-thumbnail","hentry","category-allgemein","tag-digitalisierung","tag-high-performance-computing","tag-it","tag-produkte","tag-supercomputer"],"acf":[],"yoast_head":"<!-- This site is optimized with the Yoast SEO plugin v26.2 - https:\/\/yoast.com\/wordpress\/plugins\/seo\/ -->\n<title>Supercomputer der Exascale-Klasse - MQ Management und Qualit\u00e4t<\/title>\n<meta name=\"description\" content=\"Das global t\u00e4tige IT-Unternehmen Atos stellt einen neuen hybriden Supercomputer der Exascale-Klasse vor, der Ende 2022 erh\u00e4ltlich sein wird.\" \/>\n<meta name=\"robots\" content=\"index, follow, max-snippet:-1, max-image-preview:large, max-video-preview:-1\" \/>\n<link rel=\"canonical\" href=\"https:\/\/www.m-q.ch\/fr\/supercalculateur-de-classe-exascale\/\" \/>\n<meta property=\"og:locale\" content=\"fr_FR\" \/>\n<meta property=\"og:type\" content=\"article\" \/>\n<meta property=\"og:title\" content=\"Supercomputer der Exascale-Klasse\" \/>\n<meta property=\"og:description\" content=\"Das global t\u00e4tige IT-Unternehmen Atos stellt einen neuen hybriden Supercomputer der Exascale-Klasse vor, der Ende 2022 erh\u00e4ltlich sein wird.\" \/>\n<meta property=\"og:url\" content=\"https:\/\/www.m-q.ch\/fr\/supercalculateur-de-classe-exascale\/\" \/>\n<meta property=\"og:site_name\" content=\"MQ Management und Qualit\u00e4t\" \/>\n<meta property=\"article:publisher\" content=\"https:\/\/www.facebook.com\/ManagementUndQualitaet\" \/>\n<meta property=\"article:published_time\" content=\"2022-02-18T14:37:24+00:00\" \/>\n<meta property=\"og:image\" content=\"https:\/\/www.m-q.ch\/wp-content\/uploads\/2022\/02\/Supercomputer-der-Exascale-Klasse_MQ.jpg\" \/>\n\t<meta property=\"og:image:width\" content=\"680\" \/>\n\t<meta property=\"og:image:height\" content=\"831\" \/>\n\t<meta property=\"og:image:type\" content=\"image\/jpeg\" \/>\n<meta name=\"author\" content=\"Thomas Berner\" \/>\n<meta name=\"twitter:card\" content=\"summary_large_image\" \/>\n<meta name=\"twitter:title\" content=\"#Supercomputer der #Exascale-Klasse\" \/>\n<meta name=\"twitter:description\" content=\"Das global t\u00e4tige IT-Unternehmen #Atos stellt einen neuen hybriden #Supercomputer der #Exascale-Klasse vor, der Ende 2022 erh\u00e4ltlich sein wird.\" \/>\n<meta name=\"twitter:image\" content=\"https:\/\/www.m-q.ch\/wp-content\/uploads\/2022\/02\/Supercomputer-der-Exascale-Klasse_MQ.jpg\" \/>\n<meta name=\"twitter:label1\" content=\"\u00c9crit par\" \/>\n\t<meta name=\"twitter:data1\" content=\"Thomas Berner\" \/>\n\t<meta name=\"twitter:label2\" content=\"Dur\u00e9e de lecture estim\u00e9e\" \/>\n\t<meta name=\"twitter:data2\" content=\"4 minutes\" \/>\n<script type=\"application\/ld+json\" class=\"yoast-schema-graph\">{\"@context\":\"https:\/\/schema.org\",\"@graph\":[{\"@type\":\"Article\",\"@id\":\"https:\/\/www.m-q.ch\/supercomputer-der-exascale-klasse\/#article\",\"isPartOf\":{\"@id\":\"https:\/\/www.m-q.ch\/supercomputer-der-exascale-klasse\/\"},\"author\":{\"name\":\"Thomas Berner\",\"@id\":\"https:\/\/www.m-q.ch\/fr\/#\/schema\/person\/a8711938b1cfb3f056dec70eaa0b42ab\"},\"headline\":\"Supercomputer der Exascale-Klasse\",\"datePublished\":\"2022-02-18T14:37:24+00:00\",\"mainEntityOfPage\":{\"@id\":\"https:\/\/www.m-q.ch\/supercomputer-der-exascale-klasse\/\"},\"wordCount\":727,\"publisher\":{\"@id\":\"https:\/\/www.m-q.ch\/fr\/#organization\"},\"image\":{\"@id\":\"https:\/\/www.m-q.ch\/supercomputer-der-exascale-klasse\/#primaryimage\"},\"thumbnailUrl\":\"https:\/\/www.m-q.ch\/wp-content\/uploads\/2022\/02\/Supercomputer-der-Exascale-Klasse_MQ.jpg\",\"keywords\":[\"Digitalisierung\",\"High Performance Computing\",\"IT\",\"Produkte\",\"Supercomputer\"],\"articleSection\":[\"Allgemein\"],\"inLanguage\":\"fr-FR\"},{\"@type\":\"WebPage\",\"@id\":\"https:\/\/www.m-q.ch\/supercomputer-der-exascale-klasse\/\",\"url\":\"https:\/\/www.m-q.ch\/supercomputer-der-exascale-klasse\/\",\"name\":\"Supercomputer der Exascale-Klasse - MQ Management und Qualit\u00e4t\",\"isPartOf\":{\"@id\":\"https:\/\/www.m-q.ch\/fr\/#website\"},\"primaryImageOfPage\":{\"@id\":\"https:\/\/www.m-q.ch\/supercomputer-der-exascale-klasse\/#primaryimage\"},\"image\":{\"@id\":\"https:\/\/www.m-q.ch\/supercomputer-der-exascale-klasse\/#primaryimage\"},\"thumbnailUrl\":\"https:\/\/www.m-q.ch\/wp-content\/uploads\/2022\/02\/Supercomputer-der-Exascale-Klasse_MQ.jpg\",\"datePublished\":\"2022-02-18T14:37:24+00:00\",\"description\":\"Das global t\u00e4tige IT-Unternehmen Atos stellt einen neuen hybriden Supercomputer der Exascale-Klasse vor, der Ende 2022 erh\u00e4ltlich sein wird.\",\"breadcrumb\":{\"@id\":\"https:\/\/www.m-q.ch\/supercomputer-der-exascale-klasse\/#breadcrumb\"},\"inLanguage\":\"fr-FR\",\"potentialAction\":[{\"@type\":\"ReadAction\",\"target\":[\"https:\/\/www.m-q.ch\/supercomputer-der-exascale-klasse\/\"]}]},{\"@type\":\"ImageObject\",\"inLanguage\":\"fr-FR\",\"@id\":\"https:\/\/www.m-q.ch\/supercomputer-der-exascale-klasse\/#primaryimage\",\"url\":\"https:\/\/www.m-q.ch\/wp-content\/uploads\/2022\/02\/Supercomputer-der-Exascale-Klasse_MQ.jpg\",\"contentUrl\":\"https:\/\/www.m-q.ch\/wp-content\/uploads\/2022\/02\/Supercomputer-der-Exascale-Klasse_MQ.jpg\",\"width\":680,\"height\":831,\"caption\":\"So sieht er aus, der neue Supercomputer BullSequana XH3000. (Bild: Atos)\"},{\"@type\":\"BreadcrumbList\",\"@id\":\"https:\/\/www.m-q.ch\/supercomputer-der-exascale-klasse\/#breadcrumb\",\"itemListElement\":[{\"@type\":\"ListItem\",\"position\":1,\"name\":\"Allgemein\",\"item\":\"https:\/\/www.m-q.ch\/kategorie\/allgemein\/\"},{\"@type\":\"ListItem\",\"position\":2,\"name\":\"Supercomputer der Exascale-Klasse\"}]},{\"@type\":\"WebSite\",\"@id\":\"https:\/\/www.m-q.ch\/fr\/#website\",\"url\":\"https:\/\/www.m-q.ch\/fr\/\",\"name\":\"MQ Management und Qualit\u00e4t\",\"description\":\"Plattform f\u00fcr integrierte Managementsysteme.\",\"publisher\":{\"@id\":\"https:\/\/www.m-q.ch\/fr\/#organization\"},\"potentialAction\":[{\"@type\":\"SearchAction\",\"target\":{\"@type\":\"EntryPoint\",\"urlTemplate\":\"https:\/\/www.m-q.ch\/fr\/?s={search_term_string}\"},\"query-input\":{\"@type\":\"PropertyValueSpecification\",\"valueRequired\":true,\"valueName\":\"search_term_string\"}}],\"inLanguage\":\"fr-FR\"},{\"@type\":\"Organization\",\"@id\":\"https:\/\/www.m-q.ch\/fr\/#organization\",\"name\":\"Galledia Fachmedien AG\",\"url\":\"https:\/\/www.m-q.ch\/fr\/\",\"logo\":{\"@type\":\"ImageObject\",\"inLanguage\":\"fr-FR\",\"@id\":\"https:\/\/www.m-q.ch\/fr\/#\/schema\/logo\/image\/\",\"url\":\"https:\/\/www.m-q.ch\/wp-content\/uploads\/2020\/12\/cropped-logo_small.png\",\"contentUrl\":\"https:\/\/www.m-q.ch\/wp-content\/uploads\/2020\/12\/cropped-logo_small.png\",\"width\":512,\"height\":512,\"caption\":\"Galledia Fachmedien AG\"},\"image\":{\"@id\":\"https:\/\/www.m-q.ch\/fr\/#\/schema\/logo\/image\/\"},\"sameAs\":[\"https:\/\/www.facebook.com\/ManagementUndQualitaet\",\"https:\/\/www.linkedin.com\/showcase\/17982321\/admin\/\"]},{\"@type\":\"Person\",\"@id\":\"https:\/\/www.m-q.ch\/fr\/#\/schema\/person\/a8711938b1cfb3f056dec70eaa0b42ab\",\"name\":\"Thomas Berner\",\"image\":{\"@type\":\"ImageObject\",\"inLanguage\":\"fr-FR\",\"@id\":\"https:\/\/www.m-q.ch\/fr\/#\/schema\/person\/image\/\",\"url\":\"https:\/\/secure.gravatar.com\/avatar\/faea7857408f70478f976d576da10f96?s=96&d=mm&r=g\",\"contentUrl\":\"https:\/\/secure.gravatar.com\/avatar\/faea7857408f70478f976d576da10f96?s=96&d=mm&r=g\",\"caption\":\"Thomas Berner\"},\"url\":\"https:\/\/www.m-q.ch\/fr\/author\/thomas-berner\/\"}]}<\/script>\n<!-- \/ Yoast SEO plugin. -->","yoast_head_json":{"title":"Supercalculateur de classe Exascale - Gestion et qualit\u00e9 MQ","description":"La soci\u00e9t\u00e9 informatique mondiale Atos pr\u00e9sente un nouveau supercalculateur hybride de classe Exascale, qui sera disponible fin 2022.","robots":{"index":"index","follow":"follow","max-snippet":"max-snippet:-1","max-image-preview":"max-image-preview:large","max-video-preview":"max-video-preview:-1"},"canonical":"https:\/\/www.m-q.ch\/fr\/supercalculateur-de-classe-exascale\/","og_locale":"fr_FR","og_type":"article","og_title":"Supercomputer der Exascale-Klasse","og_description":"Das global t\u00e4tige IT-Unternehmen Atos stellt einen neuen hybriden Supercomputer der Exascale-Klasse vor, der Ende 2022 erh\u00e4ltlich sein wird.","og_url":"https:\/\/www.m-q.ch\/fr\/supercalculateur-de-classe-exascale\/","og_site_name":"MQ Management und Qualit\u00e4t","article_publisher":"https:\/\/www.facebook.com\/ManagementUndQualitaet","article_published_time":"2022-02-18T14:37:24+00:00","og_image":[{"width":680,"height":831,"url":"https:\/\/www.m-q.ch\/wp-content\/uploads\/2022\/02\/Supercomputer-der-Exascale-Klasse_MQ.jpg","type":"image\/jpeg"}],"author":"Thomas Berner","twitter_card":"summary_large_image","twitter_title":"#Supercomputer der #Exascale-Klasse","twitter_description":"Das global t\u00e4tige IT-Unternehmen #Atos stellt einen neuen hybriden #Supercomputer der #Exascale-Klasse vor, der Ende 2022 erh\u00e4ltlich sein wird.","twitter_image":"https:\/\/www.m-q.ch\/wp-content\/uploads\/2022\/02\/Supercomputer-der-Exascale-Klasse_MQ.jpg","twitter_misc":{"\u00c9crit par":"Thomas Berner","Dur\u00e9e de lecture estim\u00e9e":"4 minutes"},"schema":{"@context":"https:\/\/schema.org","@graph":[{"@type":"Article","@id":"https:\/\/www.m-q.ch\/supercomputer-der-exascale-klasse\/#article","isPartOf":{"@id":"https:\/\/www.m-q.ch\/supercomputer-der-exascale-klasse\/"},"author":{"name":"Thomas Berner","@id":"https:\/\/www.m-q.ch\/fr\/#\/schema\/person\/a8711938b1cfb3f056dec70eaa0b42ab"},"headline":"Supercomputer der Exascale-Klasse","datePublished":"2022-02-18T14:37:24+00:00","mainEntityOfPage":{"@id":"https:\/\/www.m-q.ch\/supercomputer-der-exascale-klasse\/"},"wordCount":727,"publisher":{"@id":"https:\/\/www.m-q.ch\/fr\/#organization"},"image":{"@id":"https:\/\/www.m-q.ch\/supercomputer-der-exascale-klasse\/#primaryimage"},"thumbnailUrl":"https:\/\/www.m-q.ch\/wp-content\/uploads\/2022\/02\/Supercomputer-der-Exascale-Klasse_MQ.jpg","keywords":["Digitalisierung","High Performance Computing","IT","Produkte","Supercomputer"],"articleSection":["Allgemein"],"inLanguage":"fr-FR"},{"@type":"WebPage","@id":"https:\/\/www.m-q.ch\/supercomputer-der-exascale-klasse\/","url":"https:\/\/www.m-q.ch\/supercomputer-der-exascale-klasse\/","name":"Supercalculateur de classe Exascale - Gestion et qualit\u00e9 MQ","isPartOf":{"@id":"https:\/\/www.m-q.ch\/fr\/#website"},"primaryImageOfPage":{"@id":"https:\/\/www.m-q.ch\/supercomputer-der-exascale-klasse\/#primaryimage"},"image":{"@id":"https:\/\/www.m-q.ch\/supercomputer-der-exascale-klasse\/#primaryimage"},"thumbnailUrl":"https:\/\/www.m-q.ch\/wp-content\/uploads\/2022\/02\/Supercomputer-der-Exascale-Klasse_MQ.jpg","datePublished":"2022-02-18T14:37:24+00:00","description":"La soci\u00e9t\u00e9 informatique mondiale Atos pr\u00e9sente un nouveau supercalculateur hybride de classe Exascale, qui sera disponible fin 2022.","breadcrumb":{"@id":"https:\/\/www.m-q.ch\/supercomputer-der-exascale-klasse\/#breadcrumb"},"inLanguage":"fr-FR","potentialAction":[{"@type":"ReadAction","target":["https:\/\/www.m-q.ch\/supercomputer-der-exascale-klasse\/"]}]},{"@type":"ImageObject","inLanguage":"fr-FR","@id":"https:\/\/www.m-q.ch\/supercomputer-der-exascale-klasse\/#primaryimage","url":"https:\/\/www.m-q.ch\/wp-content\/uploads\/2022\/02\/Supercomputer-der-Exascale-Klasse_MQ.jpg","contentUrl":"https:\/\/www.m-q.ch\/wp-content\/uploads\/2022\/02\/Supercomputer-der-Exascale-Klasse_MQ.jpg","width":680,"height":831,"caption":"So sieht er aus, der neue Supercomputer BullSequana XH3000. (Bild: Atos)"},{"@type":"BreadcrumbList","@id":"https:\/\/www.m-q.ch\/supercomputer-der-exascale-klasse\/#breadcrumb","itemListElement":[{"@type":"ListItem","position":1,"name":"Allgemein","item":"https:\/\/www.m-q.ch\/kategorie\/allgemein\/"},{"@type":"ListItem","position":2,"name":"Supercomputer der Exascale-Klasse"}]},{"@type":"WebSite","@id":"https:\/\/www.m-q.ch\/fr\/#website","url":"https:\/\/www.m-q.ch\/fr\/","name":"Gestion et qualit\u00e9 du QM","description":"Plate-forme pour les syst\u00e8mes de gestion int\u00e9gr\u00e9e.","publisher":{"@id":"https:\/\/www.m-q.ch\/fr\/#organization"},"potentialAction":[{"@type":"SearchAction","target":{"@type":"EntryPoint","urlTemplate":"https:\/\/www.m-q.ch\/fr\/?s={search_term_string}"},"query-input":{"@type":"PropertyValueSpecification","valueRequired":true,"valueName":"search_term_string"}}],"inLanguage":"fr-FR"},{"@type":"Organization","@id":"https:\/\/www.m-q.ch\/fr\/#organization","name":"Galledia Trade Media AG","url":"https:\/\/www.m-q.ch\/fr\/","logo":{"@type":"ImageObject","inLanguage":"fr-FR","@id":"https:\/\/www.m-q.ch\/fr\/#\/schema\/logo\/image\/","url":"https:\/\/www.m-q.ch\/wp-content\/uploads\/2020\/12\/cropped-logo_small.png","contentUrl":"https:\/\/www.m-q.ch\/wp-content\/uploads\/2020\/12\/cropped-logo_small.png","width":512,"height":512,"caption":"Galledia Fachmedien AG"},"image":{"@id":"https:\/\/www.m-q.ch\/fr\/#\/schema\/logo\/image\/"},"sameAs":["https:\/\/www.facebook.com\/ManagementUndQualitaet","https:\/\/www.linkedin.com\/showcase\/17982321\/admin\/"]},{"@type":"Person","@id":"https:\/\/www.m-q.ch\/fr\/#\/schema\/person\/a8711938b1cfb3f056dec70eaa0b42ab","name":"Thomas Berner","image":{"@type":"ImageObject","inLanguage":"fr-FR","@id":"https:\/\/www.m-q.ch\/fr\/#\/schema\/person\/image\/","url":"https:\/\/secure.gravatar.com\/avatar\/faea7857408f70478f976d576da10f96?s=96&d=mm&r=g","contentUrl":"https:\/\/secure.gravatar.com\/avatar\/faea7857408f70478f976d576da10f96?s=96&d=mm&r=g","caption":"Thomas Berner"},"url":"https:\/\/www.m-q.ch\/fr\/author\/thomas-berner\/"}]}},"_links":{"self":[{"href":"https:\/\/www.m-q.ch\/fr\/wp-json\/wp\/v2\/posts\/15982","targetHints":{"allow":["GET"]}}],"collection":[{"href":"https:\/\/www.m-q.ch\/fr\/wp-json\/wp\/v2\/posts"}],"about":[{"href":"https:\/\/www.m-q.ch\/fr\/wp-json\/wp\/v2\/types\/post"}],"author":[{"embeddable":true,"href":"https:\/\/www.m-q.ch\/fr\/wp-json\/wp\/v2\/users\/10"}],"replies":[{"embeddable":true,"href":"https:\/\/www.m-q.ch\/fr\/wp-json\/wp\/v2\/comments?post=15982"}],"version-history":[{"count":3,"href":"https:\/\/www.m-q.ch\/fr\/wp-json\/wp\/v2\/posts\/15982\/revisions"}],"predecessor-version":[{"id":15986,"href":"https:\/\/www.m-q.ch\/fr\/wp-json\/wp\/v2\/posts\/15982\/revisions\/15986"}],"wp:featuredmedia":[{"embeddable":true,"href":"https:\/\/www.m-q.ch\/fr\/wp-json\/wp\/v2\/media\/15984"}],"wp:attachment":[{"href":"https:\/\/www.m-q.ch\/fr\/wp-json\/wp\/v2\/media?parent=15982"}],"wp:term":[{"taxonomy":"category","embeddable":true,"href":"https:\/\/www.m-q.ch\/fr\/wp-json\/wp\/v2\/categories?post=15982"},{"taxonomy":"post_tag","embeddable":true,"href":"https:\/\/www.m-q.ch\/fr\/wp-json\/wp\/v2\/tags?post=15982"}],"curies":[{"name":"wp","href":"https:\/\/api.w.org\/{rel}","templated":true}]}}