{"id":16065,"date":"2022-03-15T09:05:16","date_gmt":"2022-03-15T08:05:16","guid":{"rendered":"https:\/\/www.m-q.ch\/?p=16065"},"modified":"2022-03-21T08:20:44","modified_gmt":"2022-03-21T07:20:44","slug":"la-technologie-du-cloud-et-les-fabricants-suisses-sur-lefficacite-et-bien-plus-encore","status":"publish","type":"post","link":"https:\/\/www.m-q.ch\/fr\/cloud-technologie-und-schweizer-hersteller-ueber-effizienz-und-viel-mehr\/","title":{"rendered":"Technologie cloud et fabricants suisses : sur l'efficacit\u00e9 et bien plus encore"},"content":{"rendered":"<figure id=\"attachment_16066\" aria-describedby=\"caption-attachment-16066\" style=\"width: 680px\" class=\"wp-caption alignnone\"><img loading=\"lazy\" decoding=\"async\" class=\"size-full wp-image-16066\" src=\"https:\/\/www.m-q.ch\/wp-content\/uploads\/2022\/03\/Cloud-Technologie-und-Schweizer-Hersteller-ueber-Effizienz-und-viel-mehr_MQ.jpg\" alt=\"\" width=\"680\" height=\"243\" srcset=\"https:\/\/www.m-q.ch\/wp-content\/uploads\/2022\/03\/Cloud-Technologie-und-Schweizer-Hersteller-ueber-Effizienz-und-viel-mehr_MQ.jpg 680w, https:\/\/www.m-q.ch\/wp-content\/uploads\/2022\/03\/Cloud-Technologie-und-Schweizer-Hersteller-ueber-Effizienz-und-viel-mehr_MQ-18x6.jpg 18w, https:\/\/www.m-q.ch\/wp-content\/uploads\/2022\/03\/Cloud-Technologie-und-Schweizer-Hersteller-ueber-Effizienz-und-viel-mehr_MQ-375x134.jpg 375w, https:\/\/www.m-q.ch\/wp-content\/uploads\/2022\/03\/Cloud-Technologie-und-Schweizer-Hersteller-ueber-Effizienz-und-viel-mehr_MQ-300x107.jpg 300w\" sizes=\"auto, (max-width: 680px) 100vw, 680px\" \/><figcaption id=\"caption-attachment-16066\" class=\"wp-caption-text\">Les ann\u00e9es 2020 pourraient \u00eatre la d\u00e9cennie de la perc\u00e9e d\u00e9finitive de la technologie cloud dans l'industrie manufacturi\u00e8re. (Image : Pixabay.com)<\/figcaption><\/figure>\n<p>Ces derni\u00e8res ann\u00e9es, les fabricants se sont pench\u00e9s sur leurs donn\u00e9es et ont introduit des capteurs, des architectures et des applications IoT afin de mieux comprendre leurs processus et de les optimiser en termes d'efficacit\u00e9. Mais l'accent mis sur l'efficacit\u00e9 a fait que certaines entreprises de fabrication ne voient plus l'arbre qui cache la for\u00eat lorsqu'il s'agit de transformation num\u00e9rique. Une \u00e9tude de McKinsey a r\u00e9v\u00e9l\u00e9 que <a href=\"https:\/\/www.mckinsey.com\/business-functions\/operations\/our-insights\/industry-40-reimagining-manufacturing-operations-after-covid-19\">70 % des initiatives de transformation num\u00e9rique<\/a> n'atteignent pas leurs objectifs. Toutefois, les pionniers du secteur voient d\u00e9j\u00e0 au-del\u00e0 de l'efficacit\u00e9. Les ann\u00e9es 2020 seront la d\u00e9cennie au cours de laquelle des approches plus m\u00fbres et plus pr\u00e9cises de la transformation num\u00e9rique dans le secteur de la fabrication se d\u00e9velopperont. Les fabricants deviendront plus efficaces et utiliseront la technologie du cloud de mani\u00e8re strat\u00e9gique afin d'obtenir de meilleurs r\u00e9sultats commerciaux.<\/p>\n<h2>Les donn\u00e9es nourrissent les nouveaux mod\u00e8les<\/h2>\n<p>Dans le pass\u00e9, une vente \u00e9tait consid\u00e9r\u00e9e comme la fin du processus de vente. Un client d\u00e9cidait d'acheter, recevait le produit et, s'il en \u00e9tait satisfait, l'implication du fabricant \u00e9tait termin\u00e9e. Cependant, les fabricants consid\u00e8rent de plus en plus la maintenance continue et les autres services comme une partie rentable du processus de vente.<\/p>\n<p>Nous voyons maintenant de nouvelles approches aller au-del\u00e0 d'une seule interaction transactionnelle avec les clients et utiliser les donn\u00e9es pour combiner la vente et les services. Le r\u00e9sultat est la transition vers un mod\u00e8le o\u00f9 l'on paie pour l'utilisation, puis vers un mod\u00e8le o\u00f9 l'on paie pour le r\u00e9sultat, bas\u00e9 sur la fourniture d'un service - par exemple la connectivit\u00e9 en tant que service. Sur la base de l'utilisation des clients, les fabricants peuvent proposer des services personnalis\u00e9s. L'IdO permet donc de pr\u00e9dire et d'automatiser la maintenance, et donc de cr\u00e9er une valeur ajout\u00e9e efficace et durable.<\/p>\n<p>Ces mod\u00e8les devraient \u00eatre soutenus par des plateformes en nuage qui permettent aux fabricants de mettre en r\u00e9seau leurs op\u00e9rations, de g\u00e9rer les donn\u00e9es et d'introduire des solutions d'apprentissage automatique, d'intelligence artificielle et d'analyse. Une suite d'applications en nuage leur permet en outre d'innover en permanence et de d\u00e9velopper de nouvelles fonctionnalit\u00e9s. Les fabricants peuvent \u00e9galement utiliser la technologie et les solutions en nuage pour obtenir une vue unique de leurs clients, ce qui est essentiel pour des relations continues bas\u00e9es sur le service.<\/p>\n<h2>L'\u00e9conomie circulaire est l'avenir<\/h2>\n<p>Je pense \u00e9galement que l'\u00e9conomie circulaire jouera un r\u00f4le central dans les nouveaux mod\u00e8les qui seront mis en place. Actuellement, l'\u00e9conomie mondiale <a href=\"https:\/\/www.circularity-gap.world\/2021\">seulement \u00e0 8,6 % circulaire<\/a>alors que 100 milliards de tonnes de mat\u00e9riaux sont produits chaque ann\u00e9e. Cette approche lin\u00e9aire des produits nous am\u00e8nera \u00e0 produire 65 milliards de tonnes de gaz \u00e0 effet de serre en 2030. Les fabricants joueront un r\u00f4le cl\u00e9 dans l'ach\u00e8vement de l'\u00e9conomie circulaire, en r\u00e9duisant \u00e0 la fois les d\u00e9chets et les \u00e9missions.<\/p>\n<p>Pour les fabricants, l'\u00e9conomie circulaire peut \u00eatre tout, des services apr\u00e8s-vente tout au long du cycle de vie d'une machine aux lignes de v\u00eatements qui utilisent des fibres recycl\u00e9es et des plateformes de revente pour r\u00e9duire les d\u00e9chets dans l'industrie de la mode. Une fois que le cycle de vie complet d'un produit rel\u00e8ve de la responsabilit\u00e9 d'un fabricant, celui-ci a besoin d'outils d'analyse pour d\u00e9terminer quand et comment il doit \u00eatre entretenu ou r\u00e9utilis\u00e9.<\/p>\n<h2>Gr\u00e2ce \u00e0 la technologie cloud : les fabricants peuvent prosp\u00e9rer<\/h2>\n<p>La Suisse, sa technologie \u00e9mergente et sa stabilit\u00e9 politique et \u00e9conomique offrent aux entreprises mondiales un lieu s\u00fbr pour d\u00e9velopper leurs processus de fabrication num\u00e9rique et de cha\u00eene d'approvisionnement. Le FM Global Resilience Index 2020, qui donne un aper\u00e7u aux entreprises qui doivent choisir des installations, d\u00e9velopper des cha\u00eenes d'approvisionnement ou p\u00e9n\u00e9trer de nouveaux march\u00e9s, a class\u00e9 la Suisse en deuxi\u00e8me position parmi les \u00e9conomies les plus r\u00e9silientes au monde. Cependant, les fabricants sont soumis \u00e0 des pressions consid\u00e9rables et la priorit\u00e9 est donn\u00e9e \u00e0 la r\u00e9duction des co\u00fbts et \u00e0 l'am\u00e9lioration de l'efficacit\u00e9.<\/p>\n<p>C'est aussi la raison pour laquelle ils se tournent vers la technologie du cloud pour am\u00e9liorer l'efficacit\u00e9 de leurs op\u00e9rations. En 2021, McKinsey a constat\u00e9 que <a href=\"https:\/\/www.mckinsey.com\/industries\/automotive-and-assembly\/our-insights\/clearing-the-air-on-cloud-how-industrial-companies-can-capture-cloud-technologys-full-business-value\">64 % des entreprises industrielles utilisent activement le cloud<\/a>Bien que 50 % estiment que la technologie cloud est plus complexe qu'initialement pr\u00e9vu. Plut\u00f4t que d'essayer de \"faire bouillir l'oc\u00e9an\" en relevant un \u00e9norme d\u00e9fi d'un coup, le plus efficace pour les fabricants serait d'utiliser le cloud pour tester rapidement de nouvelles solutions et de nouveaux services, puis de les \u00e9tendre si n\u00e9cessaire.<\/p>\n<p>Siemens travaille par exemple en collaboration avec Oracle sur une solution de traitement tr\u00e8s performante qui aidera les fournisseurs d'\u00e9nergie \u00e0 mieux g\u00e9rer les vastes exigences de traitement des donn\u00e9es. Il s'agit d'utiliser l'Oracle Cloud Infrastructure (OCI) pour interroger et traiter les valeurs de mesure des compteurs intelligents \u00e0 des intervalles de 30 minutes dans les foyers et les petits sites non r\u00e9sidentiels, afin de faciliter la transition vers le r\u00e9seau \u00e9lectrique intelligent. Jusqu'\u00e0 pr\u00e9sent, des tests de volume et de performance ont \u00e9t\u00e9 r\u00e9alis\u00e9s avec succ\u00e8s sur 1,5 million de compteurs. Cependant, l'application Siemens et OCI peuvent \u00e9voluer bien au-del\u00e0, \u00e0 mesure que le secteur passe \u00e0 une architecture bas\u00e9e sur des \u00e9v\u00e9nements.<\/p>\n<p>Le fabricant suisse de roues en acier, Alcar Ruote, est un autre exemple, car il devait s'appuyer sur la technologie pour continuer \u00e0 produire avec la qualit\u00e9 suisse tout en restant comp\u00e9titif sur le march\u00e9 mondial. L'entreprise a choisi les applications Oracle Supply Chain Management and Manufacturing et Oracle Fusion Cloud ERP pour g\u00e9rer sa planification, son approvisionnement, sa fabrication et sa distribution, tout en am\u00e9liorant la transparence dans ces domaines.<\/p>\n<h2>Formation \u00e0 la transformation num\u00e9rique<\/h2>\n<p>Nous ne devons cependant pas oublier qu'en plus de l'adoption de nouvelles technologies, les comp\u00e9tences num\u00e9riques des entreprises d\u00e9pendent des bonnes comp\u00e9tences. Les fabricants doivent s'assurer que leurs employ\u00e9s sont form\u00e9s \u00e0 la mani\u00e8re la plus efficace d'utiliser les nouvelles solutions et les aider en leur proposant des formations de recyclage si n\u00e9cessaire. Pour s'assurer que les avantages de la technologie cloud sont pleinement exploit\u00e9s, cela doit se faire dans toute l'entreprise.<\/p>\n<p>Les solutions num\u00e9riques sont \u00e9galement au c\u0153ur de ce processus de formation des employ\u00e9s. Le Digital Capability Center Venice, une coentreprise entre McKinsey et Confindustria qui utilise Oracle Fusion Cloud Applications, a \u00e9t\u00e9 r\u00e9cemment cr\u00e9\u00e9 pour fournir aux fabricants une exp\u00e9rience pratique de la transformation op\u00e9rationnelle. Gr\u00e2ce \u00e0 des simulations r\u00e9alistes, les stagiaires peuvent explorer le prototypage rapide et tester des solutions modulaires afin d'acqu\u00e9rir une exp\u00e9rience pratique. De cette mani\u00e8re, ils apprennent comment les possibilit\u00e9s num\u00e9riques peuvent augmenter la productivit\u00e9 et la collaboration et am\u00e9liorer la s\u00e9curit\u00e9 dans l'usine et le back-office.<\/p>\n<h2>Technologie cloud : efficacit\u00e9 et plus<\/h2>\n<p>Les fabricants ont la possibilit\u00e9 non seulement d'am\u00e9liorer progressivement l'efficacit\u00e9 de leurs op\u00e9rations, mais aussi de modifier leurs mod\u00e8les d'exploitation. De cette mani\u00e8re, ils peuvent obtenir des r\u00e9sultats positifs \u00e0 long terme pour leurs clients tout en int\u00e9grant dans leur approche l'\u00e9conomie circulaire et la productivit\u00e9 des ressources dont ils ont tant besoin.<\/p>\n<p>Pour atteindre cet objectif, elles doivent se procurer les outils n\u00e9cessaires pour tester, it\u00e9rer et faire \u00e9voluer rapidement de nouvelles solutions. De m\u00eame, ils doivent soutenir leurs collaborateurs sur cette voie de la transformation num\u00e9rique avec les solutions de formation les plus r\u00e9centes. S'ils le font correctement, le r\u00e9sultat sera une am\u00e9lioration de l'efficacit\u00e9 et de l'efficience.<\/p>\n<p><strong><em>Auteur :<\/em><\/strong><br \/>\n<em>Billy Kneub\u00fchl est Country Manager <a href=\"https:\/\/www.oracle.com\/ch-de\/index.html\">Oracle Suisse<\/a><\/em><\/p>","protected":false},"excerpt":{"rendered":"<p>Die Hersteller haben sich in den letzten Jahren mit ihren Daten auseinandergesetzt und mit IoT-Sensoren, -Architekturen und -Anwendungen eingef\u00fchrt, um ihre Prozesse besser zu verstehen und sie im Hinblick auf Effizienz zu optimieren. Doch der Fokus auf Effizienz hat dazu gef\u00fchrt, dass einige Fertigungsunternehmen den Wald vor lauter B\u00e4umen nicht mehr sehen, wenn es um [&hellip;]<\/p>\n","protected":false},"author":10,"featured_media":16066,"comment_status":"closed","ping_status":"closed","sticky":false,"template":"","format":"standard","meta":{"_acf_changed":false,"footnotes":""},"categories":[5],"tags":[3328,3372,3360],"class_list":["post-16065","post","type-post","status-publish","format-standard","has-post-thumbnail","hentry","category-business_excellence","tag-business-excellence","tag-digitalisierung","tag-management-und-unternehmensfuehrung"],"acf":[],"yoast_head":"<!-- This site is optimized with the Yoast SEO plugin v26.2 - https:\/\/yoast.com\/wordpress\/plugins\/seo\/ -->\n<title>Cloud-Technologie und Schweizer Hersteller: \u00fcber Effizienz und viel mehr - MQ Management und Qualit\u00e4t<\/title>\n<meta name=\"description\" content=\"Jede Initiative muss sowohl strategisch ausgerichtet als auch auf Effizienz hin optimiert sein. Cloud-Technologie ebnet den Weg dazu.\" \/>\n<meta name=\"robots\" content=\"index, follow, max-snippet:-1, max-image-preview:large, max-video-preview:-1\" \/>\n<link rel=\"canonical\" href=\"https:\/\/www.m-q.ch\/fr\/la-technologie-du-cloud-et-les-fabricants-suisses-sur-lefficacite-et-bien-plus-encore\/\" \/>\n<meta property=\"og:locale\" content=\"fr_FR\" \/>\n<meta property=\"og:type\" content=\"article\" \/>\n<meta property=\"og:title\" content=\"Cloud-Technologie und Schweizer Hersteller: \u00fcber Effizienz und viel mehr\" \/>\n<meta property=\"og:description\" content=\"Jede Initiative muss sowohl strategisch ausgerichtet als auch auf Effizienz hin optimiert sein. Cloud-Technologie ebnet den Weg dazu.\" \/>\n<meta property=\"og:url\" content=\"https:\/\/www.m-q.ch\/fr\/la-technologie-du-cloud-et-les-fabricants-suisses-sur-lefficacite-et-bien-plus-encore\/\" \/>\n<meta property=\"og:site_name\" content=\"MQ Management und Qualit\u00e4t\" \/>\n<meta property=\"article:publisher\" content=\"https:\/\/www.facebook.com\/ManagementUndQualitaet\" \/>\n<meta property=\"article:published_time\" content=\"2022-03-15T08:05:16+00:00\" \/>\n<meta property=\"article:modified_time\" content=\"2022-03-21T07:20:44+00:00\" \/>\n<meta property=\"og:image\" content=\"https:\/\/www.m-q.ch\/wp-content\/uploads\/2022\/03\/Cloud-Technologie-und-Schweizer-Hersteller-ueber-Effizienz-und-viel-mehr_MQ.jpg\" \/>\n\t<meta property=\"og:image:width\" content=\"680\" \/>\n\t<meta property=\"og:image:height\" content=\"243\" \/>\n\t<meta property=\"og:image:type\" content=\"image\/jpeg\" \/>\n<meta name=\"author\" content=\"Thomas Berner\" \/>\n<meta name=\"twitter:card\" content=\"summary_large_image\" \/>\n<meta name=\"twitter:title\" content=\"#Cloud-Technologie und Schweizer #Hersteller: \u00fcber #Effizienz und viel mehr\" \/>\n<meta name=\"twitter:description\" content=\"Jede #Initiative muss sowohl strategisch ausgerichtet als auch auf #Effizienz hin optimiert sein. #Cloud-Technologie ebnet den Weg dazu.\" \/>\n<meta name=\"twitter:image\" content=\"https:\/\/www.m-q.ch\/wp-content\/uploads\/2022\/03\/Cloud-Technologie-und-Schweizer-Hersteller-ueber-Effizienz-und-viel-mehr_MQ.jpg\" \/>\n<meta name=\"twitter:label1\" content=\"\u00c9crit par\" \/>\n\t<meta name=\"twitter:data1\" content=\"Thomas Berner\" \/>\n\t<meta name=\"twitter:label2\" content=\"Dur\u00e9e de lecture estim\u00e9e\" \/>\n\t<meta name=\"twitter:data2\" content=\"6 minutes\" \/>\n<script type=\"application\/ld+json\" class=\"yoast-schema-graph\">{\"@context\":\"https:\/\/schema.org\",\"@graph\":[{\"@type\":\"Article\",\"@id\":\"https:\/\/www.m-q.ch\/cloud-technologie-und-schweizer-hersteller-ueber-effizienz-und-viel-mehr\/#article\",\"isPartOf\":{\"@id\":\"https:\/\/www.m-q.ch\/cloud-technologie-und-schweizer-hersteller-ueber-effizienz-und-viel-mehr\/\"},\"author\":{\"name\":\"Thomas Berner\",\"@id\":\"https:\/\/www.m-q.ch\/fr\/#\/schema\/person\/a8711938b1cfb3f056dec70eaa0b42ab\"},\"headline\":\"Cloud-Technologie und Schweizer Hersteller: \u00fcber Effizienz und viel mehr\",\"datePublished\":\"2022-03-15T08:05:16+00:00\",\"dateModified\":\"2022-03-21T07:20:44+00:00\",\"mainEntityOfPage\":{\"@id\":\"https:\/\/www.m-q.ch\/cloud-technologie-und-schweizer-hersteller-ueber-effizienz-und-viel-mehr\/\"},\"wordCount\":1170,\"publisher\":{\"@id\":\"https:\/\/www.m-q.ch\/fr\/#organization\"},\"image\":{\"@id\":\"https:\/\/www.m-q.ch\/cloud-technologie-und-schweizer-hersteller-ueber-effizienz-und-viel-mehr\/#primaryimage\"},\"thumbnailUrl\":\"https:\/\/www.m-q.ch\/wp-content\/uploads\/2022\/03\/Cloud-Technologie-und-Schweizer-Hersteller-ueber-Effizienz-und-viel-mehr_MQ.jpg\",\"keywords\":[\"Business Excellence\",\"Digitalisierung\",\"Management und Unternehmensf\u00fchrung\"],\"articleSection\":[\"Business Excellence\"],\"inLanguage\":\"fr-FR\"},{\"@type\":\"WebPage\",\"@id\":\"https:\/\/www.m-q.ch\/cloud-technologie-und-schweizer-hersteller-ueber-effizienz-und-viel-mehr\/\",\"url\":\"https:\/\/www.m-q.ch\/cloud-technologie-und-schweizer-hersteller-ueber-effizienz-und-viel-mehr\/\",\"name\":\"Cloud-Technologie und Schweizer Hersteller: \u00fcber Effizienz und viel mehr - MQ Management und Qualit\u00e4t\",\"isPartOf\":{\"@id\":\"https:\/\/www.m-q.ch\/fr\/#website\"},\"primaryImageOfPage\":{\"@id\":\"https:\/\/www.m-q.ch\/cloud-technologie-und-schweizer-hersteller-ueber-effizienz-und-viel-mehr\/#primaryimage\"},\"image\":{\"@id\":\"https:\/\/www.m-q.ch\/cloud-technologie-und-schweizer-hersteller-ueber-effizienz-und-viel-mehr\/#primaryimage\"},\"thumbnailUrl\":\"https:\/\/www.m-q.ch\/wp-content\/uploads\/2022\/03\/Cloud-Technologie-und-Schweizer-Hersteller-ueber-Effizienz-und-viel-mehr_MQ.jpg\",\"datePublished\":\"2022-03-15T08:05:16+00:00\",\"dateModified\":\"2022-03-21T07:20:44+00:00\",\"description\":\"Jede Initiative muss sowohl strategisch ausgerichtet als auch auf Effizienz hin optimiert sein. Cloud-Technologie ebnet den Weg dazu.\",\"breadcrumb\":{\"@id\":\"https:\/\/www.m-q.ch\/cloud-technologie-und-schweizer-hersteller-ueber-effizienz-und-viel-mehr\/#breadcrumb\"},\"inLanguage\":\"fr-FR\",\"potentialAction\":[{\"@type\":\"ReadAction\",\"target\":[\"https:\/\/www.m-q.ch\/cloud-technologie-und-schweizer-hersteller-ueber-effizienz-und-viel-mehr\/\"]}]},{\"@type\":\"ImageObject\",\"inLanguage\":\"fr-FR\",\"@id\":\"https:\/\/www.m-q.ch\/cloud-technologie-und-schweizer-hersteller-ueber-effizienz-und-viel-mehr\/#primaryimage\",\"url\":\"https:\/\/www.m-q.ch\/wp-content\/uploads\/2022\/03\/Cloud-Technologie-und-Schweizer-Hersteller-ueber-Effizienz-und-viel-mehr_MQ.jpg\",\"contentUrl\":\"https:\/\/www.m-q.ch\/wp-content\/uploads\/2022\/03\/Cloud-Technologie-und-Schweizer-Hersteller-ueber-Effizienz-und-viel-mehr_MQ.jpg\",\"width\":680,\"height\":243,\"caption\":\"Die 2020er-Jahr k\u00f6nnten das Jahrzehnt f\u00fcr den endg\u00fcltigen Durchbruch der Cloud-Technologie werden. (Bild: Pixabay.com)\"},{\"@type\":\"BreadcrumbList\",\"@id\":\"https:\/\/www.m-q.ch\/cloud-technologie-und-schweizer-hersteller-ueber-effizienz-und-viel-mehr\/#breadcrumb\",\"itemListElement\":[{\"@type\":\"ListItem\",\"position\":1,\"name\":\"Business Excellence\",\"item\":\"https:\/\/www.m-q.ch\/kategorie\/business_excellence\/\"},{\"@type\":\"ListItem\",\"position\":2,\"name\":\"Cloud-Technologie und Schweizer Hersteller: \u00fcber Effizienz und viel mehr\"}]},{\"@type\":\"WebSite\",\"@id\":\"https:\/\/www.m-q.ch\/fr\/#website\",\"url\":\"https:\/\/www.m-q.ch\/fr\/\",\"name\":\"MQ Management und Qualit\u00e4t\",\"description\":\"Plattform f\u00fcr integrierte Managementsysteme.\",\"publisher\":{\"@id\":\"https:\/\/www.m-q.ch\/fr\/#organization\"},\"potentialAction\":[{\"@type\":\"SearchAction\",\"target\":{\"@type\":\"EntryPoint\",\"urlTemplate\":\"https:\/\/www.m-q.ch\/fr\/?s={search_term_string}\"},\"query-input\":{\"@type\":\"PropertyValueSpecification\",\"valueRequired\":true,\"valueName\":\"search_term_string\"}}],\"inLanguage\":\"fr-FR\"},{\"@type\":\"Organization\",\"@id\":\"https:\/\/www.m-q.ch\/fr\/#organization\",\"name\":\"Galledia Fachmedien AG\",\"url\":\"https:\/\/www.m-q.ch\/fr\/\",\"logo\":{\"@type\":\"ImageObject\",\"inLanguage\":\"fr-FR\",\"@id\":\"https:\/\/www.m-q.ch\/fr\/#\/schema\/logo\/image\/\",\"url\":\"https:\/\/www.m-q.ch\/wp-content\/uploads\/2020\/12\/cropped-logo_small.png\",\"contentUrl\":\"https:\/\/www.m-q.ch\/wp-content\/uploads\/2020\/12\/cropped-logo_small.png\",\"width\":512,\"height\":512,\"caption\":\"Galledia Fachmedien AG\"},\"image\":{\"@id\":\"https:\/\/www.m-q.ch\/fr\/#\/schema\/logo\/image\/\"},\"sameAs\":[\"https:\/\/www.facebook.com\/ManagementUndQualitaet\",\"https:\/\/www.linkedin.com\/showcase\/17982321\/admin\/\"]},{\"@type\":\"Person\",\"@id\":\"https:\/\/www.m-q.ch\/fr\/#\/schema\/person\/a8711938b1cfb3f056dec70eaa0b42ab\",\"name\":\"Thomas Berner\",\"image\":{\"@type\":\"ImageObject\",\"inLanguage\":\"fr-FR\",\"@id\":\"https:\/\/www.m-q.ch\/fr\/#\/schema\/person\/image\/\",\"url\":\"https:\/\/secure.gravatar.com\/avatar\/faea7857408f70478f976d576da10f96?s=96&d=mm&r=g\",\"contentUrl\":\"https:\/\/secure.gravatar.com\/avatar\/faea7857408f70478f976d576da10f96?s=96&d=mm&r=g\",\"caption\":\"Thomas Berner\"},\"url\":\"https:\/\/www.m-q.ch\/fr\/author\/thomas-berner\/\"}]}<\/script>\n<!-- \/ Yoast SEO plugin. -->","yoast_head_json":{"title":"Technologie cloud et fabricants suisses : sur l'efficacit\u00e9 et bien plus encore - MQ Management et qualit\u00e9","description":"Toute initiative doit \u00eatre \u00e0 la fois strat\u00e9gique et optimis\u00e9e en termes d'efficacit\u00e9. La technologie cloud ouvre la voie \u00e0 cela.","robots":{"index":"index","follow":"follow","max-snippet":"max-snippet:-1","max-image-preview":"max-image-preview:large","max-video-preview":"max-video-preview:-1"},"canonical":"https:\/\/www.m-q.ch\/fr\/la-technologie-du-cloud-et-les-fabricants-suisses-sur-lefficacite-et-bien-plus-encore\/","og_locale":"fr_FR","og_type":"article","og_title":"Cloud-Technologie und Schweizer Hersteller: \u00fcber Effizienz und viel mehr","og_description":"Jede Initiative muss sowohl strategisch ausgerichtet als auch auf Effizienz hin optimiert sein. Cloud-Technologie ebnet den Weg dazu.","og_url":"https:\/\/www.m-q.ch\/fr\/la-technologie-du-cloud-et-les-fabricants-suisses-sur-lefficacite-et-bien-plus-encore\/","og_site_name":"MQ Management und Qualit\u00e4t","article_publisher":"https:\/\/www.facebook.com\/ManagementUndQualitaet","article_published_time":"2022-03-15T08:05:16+00:00","article_modified_time":"2022-03-21T07:20:44+00:00","og_image":[{"width":680,"height":243,"url":"https:\/\/www.m-q.ch\/wp-content\/uploads\/2022\/03\/Cloud-Technologie-und-Schweizer-Hersteller-ueber-Effizienz-und-viel-mehr_MQ.jpg","type":"image\/jpeg"}],"author":"Thomas Berner","twitter_card":"summary_large_image","twitter_title":"#Cloud-Technologie und Schweizer #Hersteller: \u00fcber #Effizienz und viel mehr","twitter_description":"Jede #Initiative muss sowohl strategisch ausgerichtet als auch auf #Effizienz hin optimiert sein. #Cloud-Technologie ebnet den Weg dazu.","twitter_image":"https:\/\/www.m-q.ch\/wp-content\/uploads\/2022\/03\/Cloud-Technologie-und-Schweizer-Hersteller-ueber-Effizienz-und-viel-mehr_MQ.jpg","twitter_misc":{"\u00c9crit par":"Thomas Berner","Dur\u00e9e de lecture estim\u00e9e":"6 minutes"},"schema":{"@context":"https:\/\/schema.org","@graph":[{"@type":"Article","@id":"https:\/\/www.m-q.ch\/cloud-technologie-und-schweizer-hersteller-ueber-effizienz-und-viel-mehr\/#article","isPartOf":{"@id":"https:\/\/www.m-q.ch\/cloud-technologie-und-schweizer-hersteller-ueber-effizienz-und-viel-mehr\/"},"author":{"name":"Thomas Berner","@id":"https:\/\/www.m-q.ch\/fr\/#\/schema\/person\/a8711938b1cfb3f056dec70eaa0b42ab"},"headline":"Cloud-Technologie und Schweizer Hersteller: \u00fcber Effizienz und viel mehr","datePublished":"2022-03-15T08:05:16+00:00","dateModified":"2022-03-21T07:20:44+00:00","mainEntityOfPage":{"@id":"https:\/\/www.m-q.ch\/cloud-technologie-und-schweizer-hersteller-ueber-effizienz-und-viel-mehr\/"},"wordCount":1170,"publisher":{"@id":"https:\/\/www.m-q.ch\/fr\/#organization"},"image":{"@id":"https:\/\/www.m-q.ch\/cloud-technologie-und-schweizer-hersteller-ueber-effizienz-und-viel-mehr\/#primaryimage"},"thumbnailUrl":"https:\/\/www.m-q.ch\/wp-content\/uploads\/2022\/03\/Cloud-Technologie-und-Schweizer-Hersteller-ueber-Effizienz-und-viel-mehr_MQ.jpg","keywords":["Business Excellence","Digitalisierung","Management und Unternehmensf\u00fchrung"],"articleSection":["Business Excellence"],"inLanguage":"fr-FR"},{"@type":"WebPage","@id":"https:\/\/www.m-q.ch\/cloud-technologie-und-schweizer-hersteller-ueber-effizienz-und-viel-mehr\/","url":"https:\/\/www.m-q.ch\/cloud-technologie-und-schweizer-hersteller-ueber-effizienz-und-viel-mehr\/","name":"Technologie cloud et fabricants suisses : sur l'efficacit\u00e9 et bien plus encore - MQ Management et qualit\u00e9","isPartOf":{"@id":"https:\/\/www.m-q.ch\/fr\/#website"},"primaryImageOfPage":{"@id":"https:\/\/www.m-q.ch\/cloud-technologie-und-schweizer-hersteller-ueber-effizienz-und-viel-mehr\/#primaryimage"},"image":{"@id":"https:\/\/www.m-q.ch\/cloud-technologie-und-schweizer-hersteller-ueber-effizienz-und-viel-mehr\/#primaryimage"},"thumbnailUrl":"https:\/\/www.m-q.ch\/wp-content\/uploads\/2022\/03\/Cloud-Technologie-und-Schweizer-Hersteller-ueber-Effizienz-und-viel-mehr_MQ.jpg","datePublished":"2022-03-15T08:05:16+00:00","dateModified":"2022-03-21T07:20:44+00:00","description":"Toute initiative doit \u00eatre \u00e0 la fois strat\u00e9gique et optimis\u00e9e en termes d'efficacit\u00e9. La technologie cloud ouvre la voie \u00e0 cela.","breadcrumb":{"@id":"https:\/\/www.m-q.ch\/cloud-technologie-und-schweizer-hersteller-ueber-effizienz-und-viel-mehr\/#breadcrumb"},"inLanguage":"fr-FR","potentialAction":[{"@type":"ReadAction","target":["https:\/\/www.m-q.ch\/cloud-technologie-und-schweizer-hersteller-ueber-effizienz-und-viel-mehr\/"]}]},{"@type":"ImageObject","inLanguage":"fr-FR","@id":"https:\/\/www.m-q.ch\/cloud-technologie-und-schweizer-hersteller-ueber-effizienz-und-viel-mehr\/#primaryimage","url":"https:\/\/www.m-q.ch\/wp-content\/uploads\/2022\/03\/Cloud-Technologie-und-Schweizer-Hersteller-ueber-Effizienz-und-viel-mehr_MQ.jpg","contentUrl":"https:\/\/www.m-q.ch\/wp-content\/uploads\/2022\/03\/Cloud-Technologie-und-Schweizer-Hersteller-ueber-Effizienz-und-viel-mehr_MQ.jpg","width":680,"height":243,"caption":"Die 2020er-Jahr k\u00f6nnten das Jahrzehnt f\u00fcr den endg\u00fcltigen Durchbruch der Cloud-Technologie werden. (Bild: Pixabay.com)"},{"@type":"BreadcrumbList","@id":"https:\/\/www.m-q.ch\/cloud-technologie-und-schweizer-hersteller-ueber-effizienz-und-viel-mehr\/#breadcrumb","itemListElement":[{"@type":"ListItem","position":1,"name":"Business Excellence","item":"https:\/\/www.m-q.ch\/kategorie\/business_excellence\/"},{"@type":"ListItem","position":2,"name":"Cloud-Technologie und Schweizer Hersteller: \u00fcber Effizienz und viel mehr"}]},{"@type":"WebSite","@id":"https:\/\/www.m-q.ch\/fr\/#website","url":"https:\/\/www.m-q.ch\/fr\/","name":"Gestion et qualit\u00e9 du QM","description":"Plate-forme pour les syst\u00e8mes de gestion int\u00e9gr\u00e9e.","publisher":{"@id":"https:\/\/www.m-q.ch\/fr\/#organization"},"potentialAction":[{"@type":"SearchAction","target":{"@type":"EntryPoint","urlTemplate":"https:\/\/www.m-q.ch\/fr\/?s={search_term_string}"},"query-input":{"@type":"PropertyValueSpecification","valueRequired":true,"valueName":"search_term_string"}}],"inLanguage":"fr-FR"},{"@type":"Organization","@id":"https:\/\/www.m-q.ch\/fr\/#organization","name":"Galledia Trade Media AG","url":"https:\/\/www.m-q.ch\/fr\/","logo":{"@type":"ImageObject","inLanguage":"fr-FR","@id":"https:\/\/www.m-q.ch\/fr\/#\/schema\/logo\/image\/","url":"https:\/\/www.m-q.ch\/wp-content\/uploads\/2020\/12\/cropped-logo_small.png","contentUrl":"https:\/\/www.m-q.ch\/wp-content\/uploads\/2020\/12\/cropped-logo_small.png","width":512,"height":512,"caption":"Galledia Fachmedien AG"},"image":{"@id":"https:\/\/www.m-q.ch\/fr\/#\/schema\/logo\/image\/"},"sameAs":["https:\/\/www.facebook.com\/ManagementUndQualitaet","https:\/\/www.linkedin.com\/showcase\/17982321\/admin\/"]},{"@type":"Person","@id":"https:\/\/www.m-q.ch\/fr\/#\/schema\/person\/a8711938b1cfb3f056dec70eaa0b42ab","name":"Thomas Berner","image":{"@type":"ImageObject","inLanguage":"fr-FR","@id":"https:\/\/www.m-q.ch\/fr\/#\/schema\/person\/image\/","url":"https:\/\/secure.gravatar.com\/avatar\/faea7857408f70478f976d576da10f96?s=96&d=mm&r=g","contentUrl":"https:\/\/secure.gravatar.com\/avatar\/faea7857408f70478f976d576da10f96?s=96&d=mm&r=g","caption":"Thomas Berner"},"url":"https:\/\/www.m-q.ch\/fr\/author\/thomas-berner\/"}]}},"_links":{"self":[{"href":"https:\/\/www.m-q.ch\/fr\/wp-json\/wp\/v2\/posts\/16065","targetHints":{"allow":["GET"]}}],"collection":[{"href":"https:\/\/www.m-q.ch\/fr\/wp-json\/wp\/v2\/posts"}],"about":[{"href":"https:\/\/www.m-q.ch\/fr\/wp-json\/wp\/v2\/types\/post"}],"author":[{"embeddable":true,"href":"https:\/\/www.m-q.ch\/fr\/wp-json\/wp\/v2\/users\/10"}],"replies":[{"embeddable":true,"href":"https:\/\/www.m-q.ch\/fr\/wp-json\/wp\/v2\/comments?post=16065"}],"version-history":[{"count":1,"href":"https:\/\/www.m-q.ch\/fr\/wp-json\/wp\/v2\/posts\/16065\/revisions"}],"predecessor-version":[{"id":16067,"href":"https:\/\/www.m-q.ch\/fr\/wp-json\/wp\/v2\/posts\/16065\/revisions\/16067"}],"wp:featuredmedia":[{"embeddable":true,"href":"https:\/\/www.m-q.ch\/fr\/wp-json\/wp\/v2\/media\/16066"}],"wp:attachment":[{"href":"https:\/\/www.m-q.ch\/fr\/wp-json\/wp\/v2\/media?parent=16065"}],"wp:term":[{"taxonomy":"category","embeddable":true,"href":"https:\/\/www.m-q.ch\/fr\/wp-json\/wp\/v2\/categories?post=16065"},{"taxonomy":"post_tag","embeddable":true,"href":"https:\/\/www.m-q.ch\/fr\/wp-json\/wp\/v2\/tags?post=16065"}],"curies":[{"name":"wp","href":"https:\/\/api.w.org\/{rel}","templated":true}]}}